{"id":15109,"date":"2020-01-17T13:49:57","date_gmt":"2020-01-17T12:49:57","guid":{"rendered":"http:\/\/turcon.es\/components\/com_wordpress\/wp\/?option=com_wordpress&amp;p=14522"},"modified":"2020-01-17T13:49:57","modified_gmt":"2020-01-17T12:49:57","slug":"es-el-momento-de-acabar-con-los-envases-de-un-solo-uso","status":"publish","type":"post","link":"https:\/\/turcon.es\/wp\/es-el-momento-de-acabar-con-los-envases-de-un-solo-uso\/","title":{"rendered":"Es el momento de acabar con los envases de un solo uso"},"content":{"rendered":"\n<h1 class=\"wp-block-heading\"><\/h1>\n\n\n\n<p>17\/01\/2020&nbsp;|&nbsp;<a href=\"https:\/\/www.ecologistasenaccion.org\/portasda\/s-area-tag\/\">\u00c1rea, portada<\/a>,&nbsp;<a href=\"https:\/\/www.ecologistasenaccion.org\/areas\/residuos\/\">Residuos<\/a><\/p>\n\n\n\n<ul class=\"wp-block-list\"><li><strong>La Alianza Residuo Cero&nbsp;<a href=\"https:\/\/www.ecologistasenaccion.org\/124851\/es-el-momento-de-acabar-con-los-envases-de-un-solo-uso\/#easy-footnote-bottom-1-124851\"><sup>1<\/sup><\/a>&nbsp;ha impulsado un manifiesto secundado por organizaciones nacionales e internacionales para pedir la implantaci\u00f3n definitiva de un Sistema de Dep\u00f3sito, Devoluci\u00f3n y Retorno (SDDR) para envases de bebidas en Espa\u00f1a y solventar as\u00ed el vertido diario de millones de botellas y latas.<\/strong><\/li><li><strong>Las organizaciones piden al nuevo Gobierno un sistema de dep\u00f3sito que apueste por un objetivo de reutilizaci\u00f3n de envases del 70&nbsp;% en 2025, con la opci\u00f3n de ampliar esta pr\u00e1ctica a otro tipo de materiales como tazas o envases de alimentos.<\/strong><\/li><li><strong>El SDDR es una medida que ya se lleva a cabo con \u00e9xito en muchos pa\u00edses europeos y que equivale a la pr\u00e1ctica llevada a cabo en Espa\u00f1a hasta los 80 de \u2018devolver el casco de las botellas\u2019.<\/strong><\/li><li><strong>Esta medida podr\u00eda reducir hasta un 40 % la basura que llega hoy hasta nuestros mares.<\/strong><\/li><\/ul>\n\n\n\n<figure class=\"wp-block-embed-wordpress wp-block-embed is-type-wp-embed is-provider-ecologistas-en-accion\"><div class=\"wp-block-embed__wrapper\">\n<blockquote class=\"wp-embedded-content\" data-secret=\"zF8NKY7mpa\"><a href=\"https:\/\/www.ecologistasenaccion.org\/124851\/es-el-momento-de-acabar-con-los-envases-de-un-solo-uso\/\">Es el momento de acabar con los envases de un solo uso<\/a><\/blockquote><iframe class=\"wp-embedded-content\" sandbox=\"allow-scripts\" security=\"restricted\" style=\"position: absolute; visibility: hidden;\" title=\"\u00abEs el momento de acabar con los envases de un solo uso\u00bb \u2014 Ecologistas en Acci\u00f3n\" src=\"https:\/\/www.ecologistasenaccion.org\/124851\/es-el-momento-de-acabar-con-los-envases-de-un-solo-uso\/embed\/#?secret=J5saNeaEN2#?secret=zF8NKY7mpa\" data-secret=\"zF8NKY7mpa\" width=\"600\" height=\"338\" frameborder=\"0\" marginwidth=\"0\" marginheight=\"0\" scrolling=\"no\"><\/iframe>\n<\/div><\/figure>\n","protected":false},"excerpt":{"rendered":"<p>17\/01\/2020&nbsp;|&nbsp;\u00c1rea, portada,&nbsp;Residuos La Alianza Residuo Cero&nbsp;1&nbsp;ha impulsado un manifiesto secundado por organizaciones nacionales e internacionales para pedir la implantaci\u00f3n definitiva de un Sistema de Dep\u00f3sito, Devoluci\u00f3n y Retorno (SDDR) para envases de bebidas en Espa\u00f1a y solventar as\u00ed el vertido diario de millones de botellas y latas. Las organizaciones piden al nuevo Gobierno un sistema [&hellip;]<\/p>\n","protected":false},"author":2,"featured_media":0,"comment_status":"open","ping_status":"open","sticky":false,"template":"","format":"standard","meta":{"footnotes":""},"categories":[6,8,22,24],"tags":[],"class_list":["post-15109","post","type-post","status-publish","format-standard","hentry","category-actividades-turcon","category-administracion-publica","category-concienciacion","category-consumismo"],"yoast_head":"<!-- This site is optimized with the Yoast SEO plugin v26.3 - https:\/\/yoast.com\/wordpress\/plugins\/seo\/ -->\n<title>Es el momento de acabar con los envases de un solo uso - Colectivo Ecologista Turcon<\/title>\n<meta name=\"robots\" content=\"index, follow, max-snippet:-1, max-image-preview:large, max-video-preview:-1\" \/>\n<link rel=\"canonical\" href=\"https:\/\/turcon.es\/wp\/es-el-momento-de-acabar-con-los-envases-de-un-solo-uso\/\" \/>\n<meta property=\"og:locale\" content=\"es_ES\" \/>\n<meta property=\"og:type\" content=\"article\" \/>\n<meta property=\"og:title\" content=\"Es el momento de acabar con los envases de un solo uso - Colectivo Ecologista Turcon\" \/>\n<meta property=\"og:description\" content=\"17\/01\/2020&nbsp;|&nbsp;\u00c1rea, portada,&nbsp;Residuos La Alianza Residuo Cero&nbsp;1&nbsp;ha impulsado un manifiesto secundado por organizaciones nacionales e internacionales para pedir la implantaci\u00f3n definitiva de un Sistema de Dep\u00f3sito, Devoluci\u00f3n y Retorno (SDDR) para envases de bebidas en Espa\u00f1a y solventar as\u00ed el vertido diario de millones de botellas y latas. Las organizaciones piden al nuevo Gobierno un sistema [&hellip;]\" \/>\n<meta property=\"og:url\" content=\"https:\/\/turcon.es\/wp\/es-el-momento-de-acabar-con-los-envases-de-un-solo-uso\/\" \/>\n<meta property=\"og:site_name\" content=\"Colectivo Ecologista Turcon\" \/>\n<meta property=\"article:published_time\" content=\"2020-01-17T12:49:57+00:00\" \/>\n<meta name=\"author\" content=\"Laura Fernandez\" \/>\n<meta name=\"twitter:card\" content=\"summary_large_image\" \/>\n<meta name=\"twitter:label1\" content=\"Escrito por\" \/>\n\t<meta name=\"twitter:data1\" content=\"Laura Fernandez\" \/>\n\t<meta name=\"twitter:label2\" content=\"Tiempo de lectura\" \/>\n\t<meta name=\"twitter:data2\" content=\"1 minuto\" \/>\n<script type=\"application\/ld+json\" class=\"yoast-schema-graph\">{\"@context\":\"https:\/\/schema.org\",\"@graph\":[{\"@type\":\"Article\",\"@id\":\"https:\/\/turcon.es\/wp\/es-el-momento-de-acabar-con-los-envases-de-un-solo-uso\/#article\",\"isPartOf\":{\"@id\":\"https:\/\/turcon.es\/wp\/es-el-momento-de-acabar-con-los-envases-de-un-solo-uso\/\"},\"author\":{\"name\":\"Laura Fernandez\",\"@id\":\"https:\/\/turcon.es\/wp\/#\/schema\/person\/a1f3ba727ce031d9da17684affe85edd\"},\"headline\":\"Es el momento de acabar con los envases de un solo uso\",\"datePublished\":\"2020-01-17T12:49:57+00:00\",\"mainEntityOfPage\":{\"@id\":\"https:\/\/turcon.es\/wp\/es-el-momento-de-acabar-con-los-envases-de-un-solo-uso\/\"},\"wordCount\":174,\"commentCount\":0,\"publisher\":{\"@id\":\"https:\/\/turcon.es\/wp\/#organization\"},\"articleSection\":[\"#Actividades Turc\u00f3n#\",\"Administraci\u00f3n p\u00fablica\",\"Concienciaci\u00f3n\",\"Consumismo\"],\"inLanguage\":\"es\",\"potentialAction\":[{\"@type\":\"CommentAction\",\"name\":\"Comment\",\"target\":[\"https:\/\/turcon.es\/wp\/es-el-momento-de-acabar-con-los-envases-de-un-solo-uso\/#respond\"]}]},{\"@type\":\"WebPage\",\"@id\":\"https:\/\/turcon.es\/wp\/es-el-momento-de-acabar-con-los-envases-de-un-solo-uso\/\",\"url\":\"https:\/\/turcon.es\/wp\/es-el-momento-de-acabar-con-los-envases-de-un-solo-uso\/\",\"name\":\"Es el momento de acabar con los envases de un solo uso - Colectivo Ecologista Turcon\",\"isPartOf\":{\"@id\":\"https:\/\/turcon.es\/wp\/#website\"},\"datePublished\":\"2020-01-17T12:49:57+00:00\",\"breadcrumb\":{\"@id\":\"https:\/\/turcon.es\/wp\/es-el-momento-de-acabar-con-los-envases-de-un-solo-uso\/#breadcrumb\"},\"inLanguage\":\"es\",\"potentialAction\":[{\"@type\":\"ReadAction\",\"target\":[\"https:\/\/turcon.es\/wp\/es-el-momento-de-acabar-con-los-envases-de-un-solo-uso\/\"]}]},{\"@type\":\"BreadcrumbList\",\"@id\":\"https:\/\/turcon.es\/wp\/es-el-momento-de-acabar-con-los-envases-de-un-solo-uso\/#breadcrumb\",\"itemListElement\":[{\"@type\":\"ListItem\",\"position\":1,\"name\":\"Portada\",\"item\":\"https:\/\/turcon.es\/wp\/\"},{\"@type\":\"ListItem\",\"position\":2,\"name\":\"Es el momento de acabar con los envases de un solo uso\"}]},{\"@type\":\"WebSite\",\"@id\":\"https:\/\/turcon.es\/wp\/#website\",\"url\":\"https:\/\/turcon.es\/wp\/\",\"name\":\"Colectivo Ecologista Turcon\",\"description\":\"\",\"publisher\":{\"@id\":\"https:\/\/turcon.es\/wp\/#organization\"},\"potentialAction\":[{\"@type\":\"SearchAction\",\"target\":{\"@type\":\"EntryPoint\",\"urlTemplate\":\"https:\/\/turcon.es\/wp\/?s={search_term_string}\"},\"query-input\":{\"@type\":\"PropertyValueSpecification\",\"valueRequired\":true,\"valueName\":\"search_term_string\"}}],\"inLanguage\":\"es\"},{\"@type\":\"Organization\",\"@id\":\"https:\/\/turcon.es\/wp\/#organization\",\"name\":\"Colectivo Ecologista Turcon\",\"url\":\"https:\/\/turcon.es\/wp\/\",\"logo\":{\"@type\":\"ImageObject\",\"inLanguage\":\"es\",\"@id\":\"https:\/\/turcon.es\/wp\/#\/schema\/logo\/image\/\",\"url\":\"https:\/\/turcon.es\/wp\/wp-content\/uploads\/2025\/03\/logo-verde.svg\",\"contentUrl\":\"https:\/\/turcon.es\/wp\/wp-content\/uploads\/2025\/03\/logo-verde.svg\",\"width\":813,\"height\":813,\"caption\":\"Colectivo Ecologista Turcon\"},\"image\":{\"@id\":\"https:\/\/turcon.es\/wp\/#\/schema\/logo\/image\/\"}},{\"@type\":\"Person\",\"@id\":\"https:\/\/turcon.es\/wp\/#\/schema\/person\/a1f3ba727ce031d9da17684affe85edd\",\"name\":\"Laura Fernandez\",\"image\":{\"@type\":\"ImageObject\",\"inLanguage\":\"es\",\"@id\":\"https:\/\/turcon.es\/wp\/#\/schema\/person\/image\/\",\"url\":\"https:\/\/secure.gravatar.com\/avatar\/360749af9549af22e54582d50231ae56e854210ae2368797ba242f445a9852e8?s=96&d=mm&r=g\",\"contentUrl\":\"https:\/\/secure.gravatar.com\/avatar\/360749af9549af22e54582d50231ae56e854210ae2368797ba242f445a9852e8?s=96&d=mm&r=g\",\"caption\":\"Laura Fernandez\"},\"url\":\"https:\/\/turcon.es\/wp\/author\/admturcon\/\"}]}<\/script>\n<!-- \/ Yoast SEO plugin. -->","yoast_head_json":{"title":"Es el momento de acabar con los envases de un solo uso - Colectivo Ecologista Turcon","robots":{"index":"index","follow":"follow","max-snippet":"max-snippet:-1","max-image-preview":"max-image-preview:large","max-video-preview":"max-video-preview:-1"},"canonical":"https:\/\/turcon.es\/wp\/es-el-momento-de-acabar-con-los-envases-de-un-solo-uso\/","og_locale":"es_ES","og_type":"article","og_title":"Es el momento de acabar con los envases de un solo uso - Colectivo Ecologista Turcon","og_description":"17\/01\/2020&nbsp;|&nbsp;\u00c1rea, portada,&nbsp;Residuos La Alianza Residuo Cero&nbsp;1&nbsp;ha impulsado un manifiesto secundado por organizaciones nacionales e internacionales para pedir la implantaci\u00f3n definitiva de un Sistema de Dep\u00f3sito, Devoluci\u00f3n y Retorno (SDDR) para envases de bebidas en Espa\u00f1a y solventar as\u00ed el vertido diario de millones de botellas y latas. Las organizaciones piden al nuevo Gobierno un sistema [&hellip;]","og_url":"https:\/\/turcon.es\/wp\/es-el-momento-de-acabar-con-los-envases-de-un-solo-uso\/","og_site_name":"Colectivo Ecologista Turcon","article_published_time":"2020-01-17T12:49:57+00:00","author":"Laura Fernandez","twitter_card":"summary_large_image","twitter_misc":{"Escrito por":"Laura Fernandez","Tiempo de lectura":"1 minuto"},"schema":{"@context":"https:\/\/schema.org","@graph":[{"@type":"Article","@id":"https:\/\/turcon.es\/wp\/es-el-momento-de-acabar-con-los-envases-de-un-solo-uso\/#article","isPartOf":{"@id":"https:\/\/turcon.es\/wp\/es-el-momento-de-acabar-con-los-envases-de-un-solo-uso\/"},"author":{"name":"Laura Fernandez","@id":"https:\/\/turcon.es\/wp\/#\/schema\/person\/a1f3ba727ce031d9da17684affe85edd"},"headline":"Es el momento de acabar con los envases de un solo uso","datePublished":"2020-01-17T12:49:57+00:00","mainEntityOfPage":{"@id":"https:\/\/turcon.es\/wp\/es-el-momento-de-acabar-con-los-envases-de-un-solo-uso\/"},"wordCount":174,"commentCount":0,"publisher":{"@id":"https:\/\/turcon.es\/wp\/#organization"},"articleSection":["#Actividades Turc\u00f3n#","Administraci\u00f3n p\u00fablica","Concienciaci\u00f3n","Consumismo"],"inLanguage":"es","potentialAction":[{"@type":"CommentAction","name":"Comment","target":["https:\/\/turcon.es\/wp\/es-el-momento-de-acabar-con-los-envases-de-un-solo-uso\/#respond"]}]},{"@type":"WebPage","@id":"https:\/\/turcon.es\/wp\/es-el-momento-de-acabar-con-los-envases-de-un-solo-uso\/","url":"https:\/\/turcon.es\/wp\/es-el-momento-de-acabar-con-los-envases-de-un-solo-uso\/","name":"Es el momento de acabar con los envases de un solo uso - Colectivo Ecologista Turcon","isPartOf":{"@id":"https:\/\/turcon.es\/wp\/#website"},"datePublished":"2020-01-17T12:49:57+00:00","breadcrumb":{"@id":"https:\/\/turcon.es\/wp\/es-el-momento-de-acabar-con-los-envases-de-un-solo-uso\/#breadcrumb"},"inLanguage":"es","potentialAction":[{"@type":"ReadAction","target":["https:\/\/turcon.es\/wp\/es-el-momento-de-acabar-con-los-envases-de-un-solo-uso\/"]}]},{"@type":"BreadcrumbList","@id":"https:\/\/turcon.es\/wp\/es-el-momento-de-acabar-con-los-envases-de-un-solo-uso\/#breadcrumb","itemListElement":[{"@type":"ListItem","position":1,"name":"Portada","item":"https:\/\/turcon.es\/wp\/"},{"@type":"ListItem","position":2,"name":"Es el momento de acabar con los envases de un solo uso"}]},{"@type":"WebSite","@id":"https:\/\/turcon.es\/wp\/#website","url":"https:\/\/turcon.es\/wp\/","name":"Colectivo Ecologista Turcon","description":"","publisher":{"@id":"https:\/\/turcon.es\/wp\/#organization"},"potentialAction":[{"@type":"SearchAction","target":{"@type":"EntryPoint","urlTemplate":"https:\/\/turcon.es\/wp\/?s={search_term_string}"},"query-input":{"@type":"PropertyValueSpecification","valueRequired":true,"valueName":"search_term_string"}}],"inLanguage":"es"},{"@type":"Organization","@id":"https:\/\/turcon.es\/wp\/#organization","name":"Colectivo Ecologista Turcon","url":"https:\/\/turcon.es\/wp\/","logo":{"@type":"ImageObject","inLanguage":"es","@id":"https:\/\/turcon.es\/wp\/#\/schema\/logo\/image\/","url":"https:\/\/turcon.es\/wp\/wp-content\/uploads\/2025\/03\/logo-verde.svg","contentUrl":"https:\/\/turcon.es\/wp\/wp-content\/uploads\/2025\/03\/logo-verde.svg","width":813,"height":813,"caption":"Colectivo Ecologista Turcon"},"image":{"@id":"https:\/\/turcon.es\/wp\/#\/schema\/logo\/image\/"}},{"@type":"Person","@id":"https:\/\/turcon.es\/wp\/#\/schema\/person\/a1f3ba727ce031d9da17684affe85edd","name":"Laura Fernandez","image":{"@type":"ImageObject","inLanguage":"es","@id":"https:\/\/turcon.es\/wp\/#\/schema\/person\/image\/","url":"https:\/\/secure.gravatar.com\/avatar\/360749af9549af22e54582d50231ae56e854210ae2368797ba242f445a9852e8?s=96&d=mm&r=g","contentUrl":"https:\/\/secure.gravatar.com\/avatar\/360749af9549af22e54582d50231ae56e854210ae2368797ba242f445a9852e8?s=96&d=mm&r=g","caption":"Laura Fernandez"},"url":"https:\/\/turcon.es\/wp\/author\/admturcon\/"}]}},"_links":{"self":[{"href":"https:\/\/turcon.es\/wp\/wp-json\/wp\/v2\/posts\/15109","targetHints":{"allow":["GET"]}}],"collection":[{"href":"https:\/\/turcon.es\/wp\/wp-json\/wp\/v2\/posts"}],"about":[{"href":"https:\/\/turcon.es\/wp\/wp-json\/wp\/v2\/types\/post"}],"author":[{"embeddable":true,"href":"https:\/\/turcon.es\/wp\/wp-json\/wp\/v2\/users\/2"}],"replies":[{"embeddable":true,"href":"https:\/\/turcon.es\/wp\/wp-json\/wp\/v2\/comments?post=15109"}],"version-history":[{"count":0,"href":"https:\/\/turcon.es\/wp\/wp-json\/wp\/v2\/posts\/15109\/revisions"}],"wp:attachment":[{"href":"https:\/\/turcon.es\/wp\/wp-json\/wp\/v2\/media?parent=15109"}],"wp:term":[{"taxonomy":"category","embeddable":true,"href":"https:\/\/turcon.es\/wp\/wp-json\/wp\/v2\/categories?post=15109"},{"taxonomy":"post_tag","embeddable":true,"href":"https:\/\/turcon.es\/wp\/wp-json\/wp\/v2\/tags?post=15109"}],"curies":[{"name":"wp","href":"https:\/\/api.w.org\/{rel}","templated":true}]}}