{"id":15141,"date":"2019-06-12T02:34:34","date_gmt":"2019-06-12T01:34:34","guid":{"rendered":"http:\/\/turcon.es\/components\/com_wordpress\/wp\/?option=com_wordpress&amp;p=14335"},"modified":"2019-06-12T02:34:34","modified_gmt":"2019-06-12T01:34:34","slug":"ruta-de-senderismo-los-olivos-a-la-sombra-de-todo","status":"publish","type":"post","link":"https:\/\/turcon.es\/wp\/ruta-de-senderismo-los-olivos-a-la-sombra-de-todo\/","title":{"rendered":"Ruta de senderismo: Los Olivos, a la sombra de todo."},"content":{"rendered":"\n<p>La pr\u00e1ctica del senderismo nos permite\ndescubrir lugares que resulta imposible ver desde la carretera. Hay que dejar\nel coche y avanzar a pie para internarnos en la naturaleza buc\u00f3lica y agreste. &nbsp;A nuestro ritmo escapamos de lo cotidiano y\npracticamos un ejercicio f\u00edsico que tiene beneficios no solo para nuestro\ncuerpo, sino tambi\u00e9n para nuestra mente.&nbsp;\n<\/p>\n\n\n\n<p><strong>Palmerales\njunto a viejos olivos.<\/strong><\/p>\n\n\n\n<div class=\"wp-block-image\"><figure class=\"alignright\"><img decoding=\"async\" src=\"http:\/\/turcon.es\/components\/com_wordpress\/wp\/wp-content\/uploads\/2019\/06\/red_P1350737.jpg\" alt=\"\" \/><\/figure><\/div>\n\n\n\n<p>Caminar un par de horas a la sombra de enormes\nolivos y palmeras es una oportunidad irrepetible. La ruta que te proponemos\neste domingo, es una escapada a un lugar exuberante, verde y entretenido. Es cercano,\nah\u00ed al lado en el Para\u00edso Rural de la Villa de Santa Br\u00edgida. Pero a la vez,\nnotar\u00e1s la sensaci\u00f3n del aventurero perdido en una selva donde los arboles no\nte dejan ver el bosque.<\/p>\n\n\n\n<p><strong>Tasaute\no Sataute.<\/strong><\/p>\n\n\n\n<p>La Villa de Santa Br\u00edgida es un municipio de 18.9732\nhabitantes (2011). Un para\u00edso rural donde el visitante podr\u00e1 comprobar los\ncontrastes de un paisaje salpicado de agricultura, volcanes, zonas modernas y\nresidenciales, todo ello aderezado con una exuberante naturaleza que se refugia\nen los rincones m\u00e1s remotos del municipio.<\/p>\n\n\n\n<p>El nombre primitivo de la Villa, era Tasaute o\nSataute que signific\u00f3 en el\n mundo aborigen peque\u00f1o palmeral. Despu\u00e9s de la conquista el\nmunicipio fue conocido como El Lugar de la Vega, ocupando la cuenca media del\nGuiniguada. Era uno de los pueblos m\u00e1s extensos de la Isla. \u00danico y amplio\nmunicipio compuesto por La Vega de Abajo (Santa Br\u00edgida), La Vega de En medio\n(El Madro\u00f1al) y la Vega de Arriba (San Mateo). Todos estos nombres evocan\nabundancia de agua, tierras f\u00e9rtiles y producci\u00f3n agr\u00edcola. <\/p>\n\n\n\n<p><strong>El\npatronazgo a la imagen de Santa Br\u00edgida.<\/strong><\/p>\n\n\n\n<p>Aparece desde la apertura de la iglesia en\n1525, una santa del norte de Europa, posiblemente irlandesa o sueca. Esta\ndevoci\u00f3n fue introducida, probablemente por las familias irlandesas que, en\naquellos a\u00f1os, se refugiaban en Gran Canaria huyendo de la persecuci\u00f3n\nreligiosa de la Reina\n Isabel I de Inglaterra.<\/p>\n\n\n\n<p>Si quieres venir con nosotros, realiza\ninscripci\u00f3n en el email: <a href=\"mailto:turconsenderismo@gmail.com\">turconsenderismo@gmail.com<\/a><\/p>\n\n\n\n<p><strong>RUTA\nDOMINGO, D\u00cdA 16 DE JUNIO.<\/strong><\/p>\n\n\n\n<p>Horas de salida guagua<\/p>\n\n\n\n<p>9:30 h. Parque Franchy Roca de Telde<\/p>\n\n\n\n<p>10:00 h. zona tierra-circo de La Feria, en Las\nPalmas de GC.<\/p>\n\n\n\n<p>Recorrido: 5-6 km.<\/p>\n\n\n\n<p>Nivel ruta: una bota-bajo<\/p>\n","protected":false},"excerpt":{"rendered":"<p>La pr\u00e1ctica del senderismo nos permite descubrir lugares que resulta imposible ver desde la carretera. Hay que dejar el coche y avanzar a pie para internarnos en la naturaleza buc\u00f3lica y agreste. &nbsp;A nuestro ritmo escapamos de lo cotidiano y practicamos un ejercicio f\u00edsico que tiene beneficios no solo para nuestro cuerpo, sino tambi\u00e9n para [&hellip;]<\/p>\n","protected":false},"author":2,"featured_media":0,"comment_status":"open","ping_status":"open","sticky":false,"template":"","format":"standard","meta":{"footnotes":""},"categories":[6,37,38,41,45,46,49,57,58,60],"tags":[],"class_list":["post-15141","post","type-post","status-publish","format-standard","hentry","category-actividades-turcon","category-espacios-naturales","category-fauna","category-gran-canaria","category-ninos","category-notas-de-prensa-de-turcon","category-patrimonio-historico","category-senderismo","category-sociedad-y-derechos","category-telde-gran-canaria"],"yoast_head":"<!-- This site is optimized with the Yoast SEO plugin v26.3 - https:\/\/yoast.com\/wordpress\/plugins\/seo\/ -->\n<title>Ruta de senderismo: Los Olivos, a la sombra de todo. - Colectivo Ecologista Turcon<\/title>\n<meta name=\"robots\" content=\"index, follow, max-snippet:-1, max-image-preview:large, max-video-preview:-1\" \/>\n<link rel=\"canonical\" href=\"https:\/\/turcon.es\/wp\/ruta-de-senderismo-los-olivos-a-la-sombra-de-todo\/\" \/>\n<meta property=\"og:locale\" content=\"es_ES\" \/>\n<meta property=\"og:type\" content=\"article\" \/>\n<meta property=\"og:title\" content=\"Ruta de senderismo: Los Olivos, a la sombra de todo. - Colectivo Ecologista Turcon\" \/>\n<meta property=\"og:description\" content=\"La pr\u00e1ctica del senderismo nos permite descubrir lugares que resulta imposible ver desde la carretera. Hay que dejar el coche y avanzar a pie para internarnos en la naturaleza buc\u00f3lica y agreste. &nbsp;A nuestro ritmo escapamos de lo cotidiano y practicamos un ejercicio f\u00edsico que tiene beneficios no solo para nuestro cuerpo, sino tambi\u00e9n para [&hellip;]\" \/>\n<meta property=\"og:url\" content=\"https:\/\/turcon.es\/wp\/ruta-de-senderismo-los-olivos-a-la-sombra-de-todo\/\" \/>\n<meta property=\"og:site_name\" content=\"Colectivo Ecologista Turcon\" \/>\n<meta property=\"article:published_time\" content=\"2019-06-12T01:34:34+00:00\" \/>\n<meta property=\"og:image\" content=\"http:\/\/turcon.es\/components\/com_wordpress\/wp\/wp-content\/uploads\/2019\/06\/red_P1350737.jpg\" \/>\n<meta name=\"author\" content=\"Laura Fernandez\" \/>\n<meta name=\"twitter:card\" content=\"summary_large_image\" \/>\n<meta name=\"twitter:label1\" content=\"Escrito por\" \/>\n\t<meta name=\"twitter:data1\" content=\"Laura Fernandez\" \/>\n\t<meta name=\"twitter:label2\" content=\"Tiempo de lectura\" \/>\n\t<meta name=\"twitter:data2\" content=\"2 minutos\" \/>\n<script type=\"application\/ld+json\" class=\"yoast-schema-graph\">{\"@context\":\"https:\/\/schema.org\",\"@graph\":[{\"@type\":\"Article\",\"@id\":\"https:\/\/turcon.es\/wp\/ruta-de-senderismo-los-olivos-a-la-sombra-de-todo\/#article\",\"isPartOf\":{\"@id\":\"https:\/\/turcon.es\/wp\/ruta-de-senderismo-los-olivos-a-la-sombra-de-todo\/\"},\"author\":{\"name\":\"Laura Fernandez\",\"@id\":\"https:\/\/turcon.es\/wp\/#\/schema\/person\/a1f3ba727ce031d9da17684affe85edd\"},\"headline\":\"Ruta de senderismo: Los Olivos, a la sombra de todo.\",\"datePublished\":\"2019-06-12T01:34:34+00:00\",\"mainEntityOfPage\":{\"@id\":\"https:\/\/turcon.es\/wp\/ruta-de-senderismo-los-olivos-a-la-sombra-de-todo\/\"},\"wordCount\":409,\"commentCount\":0,\"publisher\":{\"@id\":\"https:\/\/turcon.es\/wp\/#organization\"},\"image\":{\"@id\":\"https:\/\/turcon.es\/wp\/ruta-de-senderismo-los-olivos-a-la-sombra-de-todo\/#primaryimage\"},\"thumbnailUrl\":\"http:\/\/turcon.es\/components\/com_wordpress\/wp\/wp-content\/uploads\/2019\/06\/red_P1350737.jpg\",\"articleSection\":[\"#Actividades Turc\u00f3n#\",\"Espacios Naturales\",\"Fauna\",\"Gran Canaria\",\"Ni\u00f1os\",\"Notas de prensa de Turc\u00f3n\",\"Patrimonio hist\u00f3rico\",\"Senderismo\",\"Sociedad y derechos\",\"Telde (Gran Canaria)\"],\"inLanguage\":\"es\",\"potentialAction\":[{\"@type\":\"CommentAction\",\"name\":\"Comment\",\"target\":[\"https:\/\/turcon.es\/wp\/ruta-de-senderismo-los-olivos-a-la-sombra-de-todo\/#respond\"]}]},{\"@type\":\"WebPage\",\"@id\":\"https:\/\/turcon.es\/wp\/ruta-de-senderismo-los-olivos-a-la-sombra-de-todo\/\",\"url\":\"https:\/\/turcon.es\/wp\/ruta-de-senderismo-los-olivos-a-la-sombra-de-todo\/\",\"name\":\"Ruta de senderismo: Los Olivos, a la sombra de todo. - Colectivo Ecologista Turcon\",\"isPartOf\":{\"@id\":\"https:\/\/turcon.es\/wp\/#website\"},\"primaryImageOfPage\":{\"@id\":\"https:\/\/turcon.es\/wp\/ruta-de-senderismo-los-olivos-a-la-sombra-de-todo\/#primaryimage\"},\"image\":{\"@id\":\"https:\/\/turcon.es\/wp\/ruta-de-senderismo-los-olivos-a-la-sombra-de-todo\/#primaryimage\"},\"thumbnailUrl\":\"http:\/\/turcon.es\/components\/com_wordpress\/wp\/wp-content\/uploads\/2019\/06\/red_P1350737.jpg\",\"datePublished\":\"2019-06-12T01:34:34+00:00\",\"breadcrumb\":{\"@id\":\"https:\/\/turcon.es\/wp\/ruta-de-senderismo-los-olivos-a-la-sombra-de-todo\/#breadcrumb\"},\"inLanguage\":\"es\",\"potentialAction\":[{\"@type\":\"ReadAction\",\"target\":[\"https:\/\/turcon.es\/wp\/ruta-de-senderismo-los-olivos-a-la-sombra-de-todo\/\"]}]},{\"@type\":\"ImageObject\",\"inLanguage\":\"es\",\"@id\":\"https:\/\/turcon.es\/wp\/ruta-de-senderismo-los-olivos-a-la-sombra-de-todo\/#primaryimage\",\"url\":\"http:\/\/turcon.es\/components\/com_wordpress\/wp\/wp-content\/uploads\/2019\/06\/red_P1350737.jpg\",\"contentUrl\":\"http:\/\/turcon.es\/components\/com_wordpress\/wp\/wp-content\/uploads\/2019\/06\/red_P1350737.jpg\"},{\"@type\":\"BreadcrumbList\",\"@id\":\"https:\/\/turcon.es\/wp\/ruta-de-senderismo-los-olivos-a-la-sombra-de-todo\/#breadcrumb\",\"itemListElement\":[{\"@type\":\"ListItem\",\"position\":1,\"name\":\"Portada\",\"item\":\"https:\/\/turcon.es\/wp\/\"},{\"@type\":\"ListItem\",\"position\":2,\"name\":\"Ruta de senderismo: Los Olivos, a la sombra de todo.\"}]},{\"@type\":\"WebSite\",\"@id\":\"https:\/\/turcon.es\/wp\/#website\",\"url\":\"https:\/\/turcon.es\/wp\/\",\"name\":\"Colectivo Ecologista Turcon\",\"description\":\"\",\"publisher\":{\"@id\":\"https:\/\/turcon.es\/wp\/#organization\"},\"potentialAction\":[{\"@type\":\"SearchAction\",\"target\":{\"@type\":\"EntryPoint\",\"urlTemplate\":\"https:\/\/turcon.es\/wp\/?s={search_term_string}\"},\"query-input\":{\"@type\":\"PropertyValueSpecification\",\"valueRequired\":true,\"valueName\":\"search_term_string\"}}],\"inLanguage\":\"es\"},{\"@type\":\"Organization\",\"@id\":\"https:\/\/turcon.es\/wp\/#organization\",\"name\":\"Colectivo Ecologista Turcon\",\"url\":\"https:\/\/turcon.es\/wp\/\",\"logo\":{\"@type\":\"ImageObject\",\"inLanguage\":\"es\",\"@id\":\"https:\/\/turcon.es\/wp\/#\/schema\/logo\/image\/\",\"url\":\"https:\/\/turcon.es\/wp\/wp-content\/uploads\/2025\/03\/logo-verde.svg\",\"contentUrl\":\"https:\/\/turcon.es\/wp\/wp-content\/uploads\/2025\/03\/logo-verde.svg\",\"width\":813,\"height\":813,\"caption\":\"Colectivo Ecologista Turcon\"},\"image\":{\"@id\":\"https:\/\/turcon.es\/wp\/#\/schema\/logo\/image\/\"}},{\"@type\":\"Person\",\"@id\":\"https:\/\/turcon.es\/wp\/#\/schema\/person\/a1f3ba727ce031d9da17684affe85edd\",\"name\":\"Laura Fernandez\",\"image\":{\"@type\":\"ImageObject\",\"inLanguage\":\"es\",\"@id\":\"https:\/\/turcon.es\/wp\/#\/schema\/person\/image\/\",\"url\":\"https:\/\/secure.gravatar.com\/avatar\/360749af9549af22e54582d50231ae56e854210ae2368797ba242f445a9852e8?s=96&d=mm&r=g\",\"contentUrl\":\"https:\/\/secure.gravatar.com\/avatar\/360749af9549af22e54582d50231ae56e854210ae2368797ba242f445a9852e8?s=96&d=mm&r=g\",\"caption\":\"Laura Fernandez\"},\"url\":\"https:\/\/turcon.es\/wp\/author\/admturcon\/\"}]}<\/script>\n<!-- \/ Yoast SEO plugin. -->","yoast_head_json":{"title":"Ruta de senderismo: Los Olivos, a la sombra de todo. - Colectivo Ecologista Turcon","robots":{"index":"index","follow":"follow","max-snippet":"max-snippet:-1","max-image-preview":"max-image-preview:large","max-video-preview":"max-video-preview:-1"},"canonical":"https:\/\/turcon.es\/wp\/ruta-de-senderismo-los-olivos-a-la-sombra-de-todo\/","og_locale":"es_ES","og_type":"article","og_title":"Ruta de senderismo: Los Olivos, a la sombra de todo. - Colectivo Ecologista Turcon","og_description":"La pr\u00e1ctica del senderismo nos permite descubrir lugares que resulta imposible ver desde la carretera. Hay que dejar el coche y avanzar a pie para internarnos en la naturaleza buc\u00f3lica y agreste. &nbsp;A nuestro ritmo escapamos de lo cotidiano y practicamos un ejercicio f\u00edsico que tiene beneficios no solo para nuestro cuerpo, sino tambi\u00e9n para [&hellip;]","og_url":"https:\/\/turcon.es\/wp\/ruta-de-senderismo-los-olivos-a-la-sombra-de-todo\/","og_site_name":"Colectivo Ecologista Turcon","article_published_time":"2019-06-12T01:34:34+00:00","og_image":[{"url":"http:\/\/turcon.es\/components\/com_wordpress\/wp\/wp-content\/uploads\/2019\/06\/red_P1350737.jpg","type":"","width":"","height":""}],"author":"Laura Fernandez","twitter_card":"summary_large_image","twitter_misc":{"Escrito por":"Laura Fernandez","Tiempo de lectura":"2 minutos"},"schema":{"@context":"https:\/\/schema.org","@graph":[{"@type":"Article","@id":"https:\/\/turcon.es\/wp\/ruta-de-senderismo-los-olivos-a-la-sombra-de-todo\/#article","isPartOf":{"@id":"https:\/\/turcon.es\/wp\/ruta-de-senderismo-los-olivos-a-la-sombra-de-todo\/"},"author":{"name":"Laura Fernandez","@id":"https:\/\/turcon.es\/wp\/#\/schema\/person\/a1f3ba727ce031d9da17684affe85edd"},"headline":"Ruta de senderismo: Los Olivos, a la sombra de todo.","datePublished":"2019-06-12T01:34:34+00:00","mainEntityOfPage":{"@id":"https:\/\/turcon.es\/wp\/ruta-de-senderismo-los-olivos-a-la-sombra-de-todo\/"},"wordCount":409,"commentCount":0,"publisher":{"@id":"https:\/\/turcon.es\/wp\/#organization"},"image":{"@id":"https:\/\/turcon.es\/wp\/ruta-de-senderismo-los-olivos-a-la-sombra-de-todo\/#primaryimage"},"thumbnailUrl":"http:\/\/turcon.es\/components\/com_wordpress\/wp\/wp-content\/uploads\/2019\/06\/red_P1350737.jpg","articleSection":["#Actividades Turc\u00f3n#","Espacios Naturales","Fauna","Gran Canaria","Ni\u00f1os","Notas de prensa de Turc\u00f3n","Patrimonio hist\u00f3rico","Senderismo","Sociedad y derechos","Telde (Gran Canaria)"],"inLanguage":"es","potentialAction":[{"@type":"CommentAction","name":"Comment","target":["https:\/\/turcon.es\/wp\/ruta-de-senderismo-los-olivos-a-la-sombra-de-todo\/#respond"]}]},{"@type":"WebPage","@id":"https:\/\/turcon.es\/wp\/ruta-de-senderismo-los-olivos-a-la-sombra-de-todo\/","url":"https:\/\/turcon.es\/wp\/ruta-de-senderismo-los-olivos-a-la-sombra-de-todo\/","name":"Ruta de senderismo: Los Olivos, a la sombra de todo. - Colectivo Ecologista Turcon","isPartOf":{"@id":"https:\/\/turcon.es\/wp\/#website"},"primaryImageOfPage":{"@id":"https:\/\/turcon.es\/wp\/ruta-de-senderismo-los-olivos-a-la-sombra-de-todo\/#primaryimage"},"image":{"@id":"https:\/\/turcon.es\/wp\/ruta-de-senderismo-los-olivos-a-la-sombra-de-todo\/#primaryimage"},"thumbnailUrl":"http:\/\/turcon.es\/components\/com_wordpress\/wp\/wp-content\/uploads\/2019\/06\/red_P1350737.jpg","datePublished":"2019-06-12T01:34:34+00:00","breadcrumb":{"@id":"https:\/\/turcon.es\/wp\/ruta-de-senderismo-los-olivos-a-la-sombra-de-todo\/#breadcrumb"},"inLanguage":"es","potentialAction":[{"@type":"ReadAction","target":["https:\/\/turcon.es\/wp\/ruta-de-senderismo-los-olivos-a-la-sombra-de-todo\/"]}]},{"@type":"ImageObject","inLanguage":"es","@id":"https:\/\/turcon.es\/wp\/ruta-de-senderismo-los-olivos-a-la-sombra-de-todo\/#primaryimage","url":"http:\/\/turcon.es\/components\/com_wordpress\/wp\/wp-content\/uploads\/2019\/06\/red_P1350737.jpg","contentUrl":"http:\/\/turcon.es\/components\/com_wordpress\/wp\/wp-content\/uploads\/2019\/06\/red_P1350737.jpg"},{"@type":"BreadcrumbList","@id":"https:\/\/turcon.es\/wp\/ruta-de-senderismo-los-olivos-a-la-sombra-de-todo\/#breadcrumb","itemListElement":[{"@type":"ListItem","position":1,"name":"Portada","item":"https:\/\/turcon.es\/wp\/"},{"@type":"ListItem","position":2,"name":"Ruta de senderismo: Los Olivos, a la sombra de todo."}]},{"@type":"WebSite","@id":"https:\/\/turcon.es\/wp\/#website","url":"https:\/\/turcon.es\/wp\/","name":"Colectivo Ecologista Turcon","description":"","publisher":{"@id":"https:\/\/turcon.es\/wp\/#organization"},"potentialAction":[{"@type":"SearchAction","target":{"@type":"EntryPoint","urlTemplate":"https:\/\/turcon.es\/wp\/?s={search_term_string}"},"query-input":{"@type":"PropertyValueSpecification","valueRequired":true,"valueName":"search_term_string"}}],"inLanguage":"es"},{"@type":"Organization","@id":"https:\/\/turcon.es\/wp\/#organization","name":"Colectivo Ecologista Turcon","url":"https:\/\/turcon.es\/wp\/","logo":{"@type":"ImageObject","inLanguage":"es","@id":"https:\/\/turcon.es\/wp\/#\/schema\/logo\/image\/","url":"https:\/\/turcon.es\/wp\/wp-content\/uploads\/2025\/03\/logo-verde.svg","contentUrl":"https:\/\/turcon.es\/wp\/wp-content\/uploads\/2025\/03\/logo-verde.svg","width":813,"height":813,"caption":"Colectivo Ecologista Turcon"},"image":{"@id":"https:\/\/turcon.es\/wp\/#\/schema\/logo\/image\/"}},{"@type":"Person","@id":"https:\/\/turcon.es\/wp\/#\/schema\/person\/a1f3ba727ce031d9da17684affe85edd","name":"Laura Fernandez","image":{"@type":"ImageObject","inLanguage":"es","@id":"https:\/\/turcon.es\/wp\/#\/schema\/person\/image\/","url":"https:\/\/secure.gravatar.com\/avatar\/360749af9549af22e54582d50231ae56e854210ae2368797ba242f445a9852e8?s=96&d=mm&r=g","contentUrl":"https:\/\/secure.gravatar.com\/avatar\/360749af9549af22e54582d50231ae56e854210ae2368797ba242f445a9852e8?s=96&d=mm&r=g","caption":"Laura Fernandez"},"url":"https:\/\/turcon.es\/wp\/author\/admturcon\/"}]}},"_links":{"self":[{"href":"https:\/\/turcon.es\/wp\/wp-json\/wp\/v2\/posts\/15141","targetHints":{"allow":["GET"]}}],"collection":[{"href":"https:\/\/turcon.es\/wp\/wp-json\/wp\/v2\/posts"}],"about":[{"href":"https:\/\/turcon.es\/wp\/wp-json\/wp\/v2\/types\/post"}],"author":[{"embeddable":true,"href":"https:\/\/turcon.es\/wp\/wp-json\/wp\/v2\/users\/2"}],"replies":[{"embeddable":true,"href":"https:\/\/turcon.es\/wp\/wp-json\/wp\/v2\/comments?post=15141"}],"version-history":[{"count":0,"href":"https:\/\/turcon.es\/wp\/wp-json\/wp\/v2\/posts\/15141\/revisions"}],"wp:attachment":[{"href":"https:\/\/turcon.es\/wp\/wp-json\/wp\/v2\/media?parent=15141"}],"wp:term":[{"taxonomy":"category","embeddable":true,"href":"https:\/\/turcon.es\/wp\/wp-json\/wp\/v2\/categories?post=15141"},{"taxonomy":"post_tag","embeddable":true,"href":"https:\/\/turcon.es\/wp\/wp-json\/wp\/v2\/tags?post=15141"}],"curies":[{"name":"wp","href":"https:\/\/api.w.org\/{rel}","templated":true}]}}