{"id":15200,"date":"2022-06-29T18:01:56","date_gmt":"2022-06-29T18:01:56","guid":{"rendered":"https:\/\/turcon.wordpress.com\/?p=15200"},"modified":"2022-06-29T18:01:56","modified_gmt":"2022-06-29T18:01:56","slug":"razones-para-una-sentencia-del-tribunal-supremo-que-pone-las-cosas-en-su-sitio-el-veril","status":"publish","type":"post","link":"https:\/\/turcon.es\/wp\/razones-para-una-sentencia-del-tribunal-supremo-que-pone-las-cosas-en-su-sitio-el-veril\/","title":{"rendered":"Razones para una sentencia del Tribunal Supremo que pone las cosas en su sitio. El Veril"},"content":{"rendered":"\n<p class=\"has-blue-color has-text-color has-background has-medium-font-size\" style=\"background-color:#28d923;\"><strong>El suelo de dominio p\u00fablico de El Veril, no admite desnaturalizar el marco legislativo.<\/strong><\/p>\n\n\n\n<figure class=\"wp-block-image aligncenter size-large\"><a href=\"https:\/\/turcon.es\/wp\/wp-content\/uploads\/2017\/11\/19665493_118358028780476_210999969492281044_n.jpg\"><img decoding=\"async\" src=\"https:\/\/turcon.es\/wp\/wp-content\/uploads\/2017\/11\/19665493_118358028780476_210999969492281044_n.jpg?w=200\" alt=\"\" class=\"wp-image-12735\" \/><\/a><\/figure>\n\n\n\n<p class=\"has-text-align-justify\" style=\"font-size:15px;\">El Colectivo Turc\u00f3n-Ecologistas en Acci\u00f3n, miembro de la Federaci\u00f3n Ben Magec \u2013 Ecologistas en Acci\u00f3n, a su vez se form\u00f3 en el a\u00f1o 2015 una Plataforma Ciudadana El Veril est\u00e1 Vivo; denunciante personado en los diferentes procedimientos administrativos y jur\u00eddicos manifiesta con esta nota de prensa que \u201cla nulidad del Plan de Modernizaci\u00f3n, Mejora e incremento de la Competitividad en el \u00e1mbito de El Veril, municipio de San Bartolom\u00e9 de Tirajana, aprobado mediante Decreto 373\/2015, de 7 de diciembre, de la Consejer\u00eda de Pol\u00edtica Territorial, Sostenibilidad y Seguridad del Gobierno de Canarias (en adelante PMM),\u00a0 ha sido una decisi\u00f3n estrictamente jur\u00eddica, y a tenor de lo conocido hasta el momento, respetuosa con el ordenamiento legal, estimando una acci\u00f3n popular en la que se han puesto de manifiesto muchas irregularidades, aunque solo una de ellas ha bastado para declarar la nulidad\u201d.<\/p>\n\n\n\n<p class=\"has-text-align-justify\">Para los ecologistas de Turc\u00f3n, \u201csi se tienen en cuenta todas las denuncias que el Proyecto y el Plan est\u00e1n recibiendo desde su concesi\u00f3n no hay m\u00e1s remedio que concluir que se trata de una decisi\u00f3n pol\u00edtica en la que se comprometieron las autoridades p\u00fablicas con la empresa privada a hacer posible la construcci\u00f3n del parque acu\u00e1tico con car\u00e1cter previo a que la empresa destinara recursos a este proyecto. Las \u00faltimas noticias aparecidas en prensa son una prueba irrefutable de que se insiste en retorcer la legislaci\u00f3n para llevar a cabo una actuaci\u00f3n sin cumplir con los requisitos legales\u201d, dando una situaci\u00f3n de preponderancia a los intereses privados sobre los leg\u00edtimos provechos y r\u00e9ditos p\u00fablicos de las parcelas en cuesti\u00f3n.<\/p>\n\n\n\n<figure class=\"wp-block-image aligncenter size-large is-resized\"><a href=\"https:\/\/turcon.es\/wp\/wp-content\/uploads\/2022\/06\/el-veril-esta-vivo-1.jpeg\"><img fetchpriority=\"high\" decoding=\"async\" src=\"https:\/\/turcon.es\/wp\/wp-content\/uploads\/2022\/06\/el-veril-esta-vivo-1.jpeg?w=960\" alt=\"\" class=\"wp-image-15204\" width=\"541\" height=\"360\" srcset=\"https:\/\/turcon.es\/wp\/wp-content\/uploads\/2022\/06\/el-veril-esta-vivo-1.jpeg 960w, https:\/\/turcon.es\/wp\/wp-content\/uploads\/2022\/06\/el-veril-esta-vivo-1-300x200.jpeg 300w, https:\/\/turcon.es\/wp\/wp-content\/uploads\/2022\/06\/el-veril-esta-vivo-1-768x512.jpeg 768w\" sizes=\"(max-width: 541px) 100vw, 541px\" \/><\/a><\/figure>\n\n\n\n<p class=\"has-text-align-justify\">Que la empresa promotora de un parque acu\u00e1tico NO SEA propietaria del terreno es algo que vicia desde el origen todo este procedimiento ya que se hace creer que la empresa privada es due\u00f1a de lo que verdaderamente no es por mucho que hayan dedicado recursos a una adquisici\u00f3n que es sencillamente imposible. La complicidad de las autoridades p\u00fablicas con responsabilidad en este asunto como lo es, principalmente, el Consejo Insular de Aguas conlleva que nos encontremos con un atentado pol\u00edtico, jur\u00eddico, y medioambiental, inaceptable desde cualquier punto de vista, entrando en una dejaci\u00f3n de la defensa de recursos que tendr\u00edan que mejorar las rentas ciudadanas a aportar por este proyecto.<\/p>\n\n\n\n<p class=\"has-text-align-justify\">La Administraci\u00f3n p\u00fablica ha venido presentando este proyecto como si de un propietario \u00fanico se tratara lo que no es cierto, no solo por la propiedad del Estado (terrenos p\u00fablicos de todos los canarios y canarias) de la parte m\u00e1s importante del terreno cuyo t\u00edtulo de propiedad le viene determinado por el correspondiente expediente de deslinde que tuvo que defenderse con \u00e9xito contra otros propietarios que defend\u00edan mejor derecho.<\/p>\n\n\n\n<p class=\"has-text-align-justify\">De manera inaceptable, desde cualquier punto de vista, resulta que el Registrador de la Propiedad ha practicado inscripciones contradictorias sobre la propiedad del terreno que en ning\u00fan caso deber\u00edan existir puesto que el \u00fanico propietario de una gran parte del terreno es el Estado y la inscripci\u00f3n doble y contradictoria es una anomal\u00eda frente a la que el Consejo Insular de Aguas no ha ejercitado ninguna acci\u00f3n de las que le corresponden para que el Registro de la Propiedad se\u00f1ale la verdadera y \u00fanica propiedad del terreno, de una manera intencionada, o no, se contribuye de esta manera a una ceremonia de la confusi\u00f3n que a cada paso que se da empantana a\u00fan m\u00e1s el poder avanzar en la ejecuci\u00f3n del proyecto .<\/p>\n\n\n\n<p class=\"has-text-align-justify\">La raz\u00f3n por la que primero, el Tribunal Superior de Justicia de las Islas Canarias y despu\u00e9s el Tribunal Supremo, han declarado la nulidad del preceptivo PMM es un ejemplo de lo que va a suceder en cualquier caso porque todo este proyecto, modificando la planificaci\u00f3n de este terreno; malempleando cerca de 5.000.000 euros con la abolici\u00f3n del correspondiente planeamiento; modificaci\u00f3n del PTE del tren, etc., deber\u00eda hacer reflexionar a todas las autoridades involucradas en que el proyecto y la construcci\u00f3n del parque acu\u00e1tico, es una iniciativa privada que podr\u00eda contar con apoyos de alg\u00fan sector econ\u00f3mico de la isla, pero no atropellando derechos econ\u00f3micos, medioambientales, arqueol\u00f3gicos y patrimoniales y en definitiva \u201cforzando\u201d la legalidad en beneficio de una empresa. Se engrosa de esta manera una cuenta de modificaciones de planeamientos que en \u00faltima instancia no se a\u00f1aden a la cuenta del promotor sino a administraciones p\u00fablicas que tendr\u00e1n que pagar dicho desaguisado, pagando los proyectos previstos y los cambios en los mismos si los hubiera o archivando en un caj\u00f3n las realizaciones programadas.<\/p>\n\n\n\n<p class=\"has-text-align-justify\">Un ejemplo m\u00e1s de la p\u00e9sima e ilegal ejecuci\u00f3n de todo este proyecto fue lo \u201cacordado\u201d (aunque no tenga soporte legal alguno) para la reforma de la rotonda PB-3 de acceso al parque acu\u00e1tico (enlace con la GC-500), con un coste de 347.000 euros, as\u00ed como, la sustituci\u00f3n de un tramo de tuber\u00eda de saneamiento con un coste de 1,43 millones, que fueron ejecutados con la correspondiente licencia otorgada por la Junta de Gobierno Local, y que los ecologistas advertimos de su dudosa legalidad. Aunque estas obras dieron lugar a una investigaci\u00f3n de la Fiscal\u00eda y a la apertura de unas diligencias procesales (148\/2018) y a una sentencia dictada el 15 de marzo de 2021 por el Juzgado Contencioso-Administrativo n\u00famero 6 de Las Palmas de Gran Canaria en la que se decidi\u00f3, judicialmente como decimos, que los costes de esas obras correspond\u00edan a la entidad privada pues as\u00ed constaba en el PMM ahora anulado. Pues bien, el tema solo ser\u00eda anecd\u00f3tico si no fuera porque el gasto est\u00e1 hecho con fondos del FDCAN, a trav\u00e9s del Consorcio Maspalomas-Costa Canarias, detray\u00e9ndose de otras necesidades b\u00e1sicas y servicios p\u00fablicos prioritarios, desmejorando de esta manera inversiones m\u00e1s necesarias y de mayor valor social.<\/p>\n\n\n\n<p class=\"has-text-align-justify\">El proyecto quiz\u00e1s podr\u00eda ser de inter\u00e9s para parte del sector tur\u00edstico de la isla como complemento de oferta, aunque por la ubicaci\u00f3n propuesta pueda afectar, a la larga, a la imagen tur\u00edstica de todo el destino y est\u00e9 sometido a riesgos clim\u00e1ticos al ocupar dominio p\u00fablico hidr\u00e1ulico. Pero lo que s\u00ed que no tiene sentido es toda su tramitaci\u00f3n en la que se han despreciado y conculcado principios tan b\u00e1sicos como la concurrencia, puesto que la desestimaci\u00f3n de otras alternativas se llev\u00f3 a cabo sin una explicaci\u00f3n administrativa coherente con la situaci\u00f3n del barranco de El Veril. Las sentencias desestimatorias, el debate abierto sobre los procedimientos empleados y la situaci\u00f3n de encontrarse otra vez el proyecto en la casilla de salida demuestran los m\u00faltiples errores en la tramitaci\u00f3n.<\/p>\n\n\n\n<p class=\"has-text-align-justify\">Para concluir, el Colectivo Turc\u00f3n-Ecologistas en Acci\u00f3n garante de los diferentes procedimientos administrativos y jur\u00eddicos de este sector urban\u00edstico, seguir\u00e1 muy de cerca todos los movimientos municipales, ejerciendo las acciones que en todo momento correspondan, ya que, seg\u00fan su opini\u00f3n, con esa sentencia firme del Tribunal Supremo, la Junta de Gobierno Local de San Bartolom\u00e9 de Tirajana, debe archivar el \u00faltimo procedimiento.<\/p>\n","protected":false},"excerpt":{"rendered":"<p>El suelo de dominio p\u00fablico de El Veril, no admite desnaturalizar el marco legislativo. El Colectivo Turc\u00f3n-Ecologistas en Acci\u00f3n, miembro de la Federaci\u00f3n Ben Magec \u2013 Ecologistas en Acci\u00f3n, a su vez se form\u00f3 en el a\u00f1o 2015 una Plataforma Ciudadana El Veril est\u00e1 Vivo; denunciante personado en los diferentes procedimientos administrativos y jur\u00eddicos manifiesta [&hellip;]<\/p>\n","protected":false},"author":2,"featured_media":12735,"comment_status":"open","ping_status":"open","sticky":false,"template":"","format":"standard","meta":{"footnotes":""},"categories":[8,41,46],"tags":[655,1552],"class_list":["post-15200","post","type-post","status-publish","format-standard","has-post-thumbnail","hentry","category-administracion-publica","category-gran-canaria","category-notas-de-prensa-de-turcon","tag-el-veril","tag-sentencia-supremo"],"yoast_head":"<!-- This site is optimized with the Yoast SEO plugin v26.3 - https:\/\/yoast.com\/wordpress\/plugins\/seo\/ -->\n<title>Razones para una sentencia del Tribunal Supremo que pone las cosas en su sitio. El Veril - Colectivo Ecologista Turcon<\/title>\n<meta name=\"robots\" content=\"index, follow, max-snippet:-1, max-image-preview:large, max-video-preview:-1\" \/>\n<link rel=\"canonical\" href=\"https:\/\/turcon.es\/wp\/razones-para-una-sentencia-del-tribunal-supremo-que-pone-las-cosas-en-su-sitio-el-veril\/\" \/>\n<meta property=\"og:locale\" content=\"es_ES\" \/>\n<meta property=\"og:type\" content=\"article\" \/>\n<meta property=\"og:title\" content=\"Razones para una sentencia del Tribunal Supremo que pone las cosas en su sitio. El Veril - Colectivo Ecologista Turcon\" \/>\n<meta property=\"og:description\" content=\"El suelo de dominio p\u00fablico de El Veril, no admite desnaturalizar el marco legislativo. El Colectivo Turc\u00f3n-Ecologistas en Acci\u00f3n, miembro de la Federaci\u00f3n Ben Magec \u2013 Ecologistas en Acci\u00f3n, a su vez se form\u00f3 en el a\u00f1o 2015 una Plataforma Ciudadana El Veril est\u00e1 Vivo; denunciante personado en los diferentes procedimientos administrativos y jur\u00eddicos manifiesta [&hellip;]\" \/>\n<meta property=\"og:url\" content=\"https:\/\/turcon.es\/wp\/razones-para-una-sentencia-del-tribunal-supremo-que-pone-las-cosas-en-su-sitio-el-veril\/\" \/>\n<meta property=\"og:site_name\" content=\"Colectivo Ecologista Turcon\" \/>\n<meta property=\"article:published_time\" content=\"2022-06-29T18:01:56+00:00\" \/>\n<meta property=\"og:image\" content=\"https:\/\/turcon.es\/wp\/wp-content\/uploads\/2008\/12\/logoturcon-2.gif\" \/>\n\t<meta property=\"og:image:width\" content=\"160\" \/>\n\t<meta property=\"og:image:height\" content=\"57\" \/>\n\t<meta property=\"og:image:type\" content=\"image\/gif\" \/>\n<meta name=\"author\" content=\"Laura Fernandez\" \/>\n<meta name=\"twitter:card\" content=\"summary_large_image\" \/>\n<meta name=\"twitter:label1\" content=\"Escrito por\" \/>\n\t<meta name=\"twitter:data1\" content=\"Laura Fernandez\" \/>\n\t<meta name=\"twitter:label2\" content=\"Tiempo de lectura\" \/>\n\t<meta name=\"twitter:data2\" content=\"6 minutos\" \/>\n<script type=\"application\/ld+json\" class=\"yoast-schema-graph\">{\"@context\":\"https:\/\/schema.org\",\"@graph\":[{\"@type\":\"Article\",\"@id\":\"https:\/\/turcon.es\/wp\/razones-para-una-sentencia-del-tribunal-supremo-que-pone-las-cosas-en-su-sitio-el-veril\/#article\",\"isPartOf\":{\"@id\":\"https:\/\/turcon.es\/wp\/razones-para-una-sentencia-del-tribunal-supremo-que-pone-las-cosas-en-su-sitio-el-veril\/\"},\"author\":{\"name\":\"Laura Fernandez\",\"@id\":\"https:\/\/turcon.es\/wp\/#\/schema\/person\/a1f3ba727ce031d9da17684affe85edd\"},\"headline\":\"Razones para una sentencia del Tribunal Supremo que pone las cosas en su sitio. El Veril\",\"datePublished\":\"2022-06-29T18:01:56+00:00\",\"mainEntityOfPage\":{\"@id\":\"https:\/\/turcon.es\/wp\/razones-para-una-sentencia-del-tribunal-supremo-que-pone-las-cosas-en-su-sitio-el-veril\/\"},\"wordCount\":1257,\"commentCount\":1,\"publisher\":{\"@id\":\"https:\/\/turcon.es\/wp\/#organization\"},\"image\":{\"@id\":\"https:\/\/turcon.es\/wp\/razones-para-una-sentencia-del-tribunal-supremo-que-pone-las-cosas-en-su-sitio-el-veril\/#primaryimage\"},\"thumbnailUrl\":\"https:\/\/turcon.es\/wp\/wp-content\/uploads\/2008\/12\/logoturcon-2.gif\",\"keywords\":[\"El Veril\",\"Sentencia Supremo\"],\"articleSection\":[\"Administraci\u00f3n p\u00fablica\",\"Gran Canaria\",\"Notas de prensa de Turc\u00f3n\"],\"inLanguage\":\"es\",\"potentialAction\":[{\"@type\":\"CommentAction\",\"name\":\"Comment\",\"target\":[\"https:\/\/turcon.es\/wp\/razones-para-una-sentencia-del-tribunal-supremo-que-pone-las-cosas-en-su-sitio-el-veril\/#respond\"]}]},{\"@type\":\"WebPage\",\"@id\":\"https:\/\/turcon.es\/wp\/razones-para-una-sentencia-del-tribunal-supremo-que-pone-las-cosas-en-su-sitio-el-veril\/\",\"url\":\"https:\/\/turcon.es\/wp\/razones-para-una-sentencia-del-tribunal-supremo-que-pone-las-cosas-en-su-sitio-el-veril\/\",\"name\":\"Razones para una sentencia del Tribunal Supremo que pone las cosas en su sitio. El Veril - Colectivo Ecologista Turcon\",\"isPartOf\":{\"@id\":\"https:\/\/turcon.es\/wp\/#website\"},\"primaryImageOfPage\":{\"@id\":\"https:\/\/turcon.es\/wp\/razones-para-una-sentencia-del-tribunal-supremo-que-pone-las-cosas-en-su-sitio-el-veril\/#primaryimage\"},\"image\":{\"@id\":\"https:\/\/turcon.es\/wp\/razones-para-una-sentencia-del-tribunal-supremo-que-pone-las-cosas-en-su-sitio-el-veril\/#primaryimage\"},\"thumbnailUrl\":\"https:\/\/turcon.es\/wp\/wp-content\/uploads\/2008\/12\/logoturcon-2.gif\",\"datePublished\":\"2022-06-29T18:01:56+00:00\",\"breadcrumb\":{\"@id\":\"https:\/\/turcon.es\/wp\/razones-para-una-sentencia-del-tribunal-supremo-que-pone-las-cosas-en-su-sitio-el-veril\/#breadcrumb\"},\"inLanguage\":\"es\",\"potentialAction\":[{\"@type\":\"ReadAction\",\"target\":[\"https:\/\/turcon.es\/wp\/razones-para-una-sentencia-del-tribunal-supremo-que-pone-las-cosas-en-su-sitio-el-veril\/\"]}]},{\"@type\":\"ImageObject\",\"inLanguage\":\"es\",\"@id\":\"https:\/\/turcon.es\/wp\/razones-para-una-sentencia-del-tribunal-supremo-que-pone-las-cosas-en-su-sitio-el-veril\/#primaryimage\",\"url\":\"https:\/\/turcon.es\/wp\/wp-content\/uploads\/2008\/12\/logoturcon-2.gif\",\"contentUrl\":\"https:\/\/turcon.es\/wp\/wp-content\/uploads\/2008\/12\/logoturcon-2.gif\",\"width\":160,\"height\":57},{\"@type\":\"BreadcrumbList\",\"@id\":\"https:\/\/turcon.es\/wp\/razones-para-una-sentencia-del-tribunal-supremo-que-pone-las-cosas-en-su-sitio-el-veril\/#breadcrumb\",\"itemListElement\":[{\"@type\":\"ListItem\",\"position\":1,\"name\":\"Portada\",\"item\":\"https:\/\/turcon.es\/wp\/\"},{\"@type\":\"ListItem\",\"position\":2,\"name\":\"Razones para una sentencia del Tribunal Supremo que pone las cosas en su sitio. El Veril\"}]},{\"@type\":\"WebSite\",\"@id\":\"https:\/\/turcon.es\/wp\/#website\",\"url\":\"https:\/\/turcon.es\/wp\/\",\"name\":\"Colectivo Ecologista Turcon\",\"description\":\"\",\"publisher\":{\"@id\":\"https:\/\/turcon.es\/wp\/#organization\"},\"potentialAction\":[{\"@type\":\"SearchAction\",\"target\":{\"@type\":\"EntryPoint\",\"urlTemplate\":\"https:\/\/turcon.es\/wp\/?s={search_term_string}\"},\"query-input\":{\"@type\":\"PropertyValueSpecification\",\"valueRequired\":true,\"valueName\":\"search_term_string\"}}],\"inLanguage\":\"es\"},{\"@type\":\"Organization\",\"@id\":\"https:\/\/turcon.es\/wp\/#organization\",\"name\":\"Colectivo Ecologista Turcon\",\"url\":\"https:\/\/turcon.es\/wp\/\",\"logo\":{\"@type\":\"ImageObject\",\"inLanguage\":\"es\",\"@id\":\"https:\/\/turcon.es\/wp\/#\/schema\/logo\/image\/\",\"url\":\"https:\/\/turcon.es\/wp\/wp-content\/uploads\/2025\/03\/logo-verde.svg\",\"contentUrl\":\"https:\/\/turcon.es\/wp\/wp-content\/uploads\/2025\/03\/logo-verde.svg\",\"width\":813,\"height\":813,\"caption\":\"Colectivo Ecologista Turcon\"},\"image\":{\"@id\":\"https:\/\/turcon.es\/wp\/#\/schema\/logo\/image\/\"}},{\"@type\":\"Person\",\"@id\":\"https:\/\/turcon.es\/wp\/#\/schema\/person\/a1f3ba727ce031d9da17684affe85edd\",\"name\":\"Laura Fernandez\",\"image\":{\"@type\":\"ImageObject\",\"inLanguage\":\"es\",\"@id\":\"https:\/\/turcon.es\/wp\/#\/schema\/person\/image\/\",\"url\":\"https:\/\/secure.gravatar.com\/avatar\/360749af9549af22e54582d50231ae56e854210ae2368797ba242f445a9852e8?s=96&d=mm&r=g\",\"contentUrl\":\"https:\/\/secure.gravatar.com\/avatar\/360749af9549af22e54582d50231ae56e854210ae2368797ba242f445a9852e8?s=96&d=mm&r=g\",\"caption\":\"Laura Fernandez\"},\"url\":\"https:\/\/turcon.es\/wp\/author\/admturcon\/\"}]}<\/script>\n<!-- \/ Yoast SEO plugin. -->","yoast_head_json":{"title":"Razones para una sentencia del Tribunal Supremo que pone las cosas en su sitio. El Veril - Colectivo Ecologista Turcon","robots":{"index":"index","follow":"follow","max-snippet":"max-snippet:-1","max-image-preview":"max-image-preview:large","max-video-preview":"max-video-preview:-1"},"canonical":"https:\/\/turcon.es\/wp\/razones-para-una-sentencia-del-tribunal-supremo-que-pone-las-cosas-en-su-sitio-el-veril\/","og_locale":"es_ES","og_type":"article","og_title":"Razones para una sentencia del Tribunal Supremo que pone las cosas en su sitio. El Veril - Colectivo Ecologista Turcon","og_description":"El suelo de dominio p\u00fablico de El Veril, no admite desnaturalizar el marco legislativo. El Colectivo Turc\u00f3n-Ecologistas en Acci\u00f3n, miembro de la Federaci\u00f3n Ben Magec \u2013 Ecologistas en Acci\u00f3n, a su vez se form\u00f3 en el a\u00f1o 2015 una Plataforma Ciudadana El Veril est\u00e1 Vivo; denunciante personado en los diferentes procedimientos administrativos y jur\u00eddicos manifiesta [&hellip;]","og_url":"https:\/\/turcon.es\/wp\/razones-para-una-sentencia-del-tribunal-supremo-que-pone-las-cosas-en-su-sitio-el-veril\/","og_site_name":"Colectivo Ecologista Turcon","article_published_time":"2022-06-29T18:01:56+00:00","og_image":[{"width":160,"height":57,"url":"https:\/\/turcon.es\/wp\/wp-content\/uploads\/2008\/12\/logoturcon-2.gif","type":"image\/gif"}],"author":"Laura Fernandez","twitter_card":"summary_large_image","twitter_misc":{"Escrito por":"Laura Fernandez","Tiempo de lectura":"6 minutos"},"schema":{"@context":"https:\/\/schema.org","@graph":[{"@type":"Article","@id":"https:\/\/turcon.es\/wp\/razones-para-una-sentencia-del-tribunal-supremo-que-pone-las-cosas-en-su-sitio-el-veril\/#article","isPartOf":{"@id":"https:\/\/turcon.es\/wp\/razones-para-una-sentencia-del-tribunal-supremo-que-pone-las-cosas-en-su-sitio-el-veril\/"},"author":{"name":"Laura Fernandez","@id":"https:\/\/turcon.es\/wp\/#\/schema\/person\/a1f3ba727ce031d9da17684affe85edd"},"headline":"Razones para una sentencia del Tribunal Supremo que pone las cosas en su sitio. El Veril","datePublished":"2022-06-29T18:01:56+00:00","mainEntityOfPage":{"@id":"https:\/\/turcon.es\/wp\/razones-para-una-sentencia-del-tribunal-supremo-que-pone-las-cosas-en-su-sitio-el-veril\/"},"wordCount":1257,"commentCount":1,"publisher":{"@id":"https:\/\/turcon.es\/wp\/#organization"},"image":{"@id":"https:\/\/turcon.es\/wp\/razones-para-una-sentencia-del-tribunal-supremo-que-pone-las-cosas-en-su-sitio-el-veril\/#primaryimage"},"thumbnailUrl":"https:\/\/turcon.es\/wp\/wp-content\/uploads\/2008\/12\/logoturcon-2.gif","keywords":["El Veril","Sentencia Supremo"],"articleSection":["Administraci\u00f3n p\u00fablica","Gran Canaria","Notas de prensa de Turc\u00f3n"],"inLanguage":"es","potentialAction":[{"@type":"CommentAction","name":"Comment","target":["https:\/\/turcon.es\/wp\/razones-para-una-sentencia-del-tribunal-supremo-que-pone-las-cosas-en-su-sitio-el-veril\/#respond"]}]},{"@type":"WebPage","@id":"https:\/\/turcon.es\/wp\/razones-para-una-sentencia-del-tribunal-supremo-que-pone-las-cosas-en-su-sitio-el-veril\/","url":"https:\/\/turcon.es\/wp\/razones-para-una-sentencia-del-tribunal-supremo-que-pone-las-cosas-en-su-sitio-el-veril\/","name":"Razones para una sentencia del Tribunal Supremo que pone las cosas en su sitio. El Veril - Colectivo Ecologista Turcon","isPartOf":{"@id":"https:\/\/turcon.es\/wp\/#website"},"primaryImageOfPage":{"@id":"https:\/\/turcon.es\/wp\/razones-para-una-sentencia-del-tribunal-supremo-que-pone-las-cosas-en-su-sitio-el-veril\/#primaryimage"},"image":{"@id":"https:\/\/turcon.es\/wp\/razones-para-una-sentencia-del-tribunal-supremo-que-pone-las-cosas-en-su-sitio-el-veril\/#primaryimage"},"thumbnailUrl":"https:\/\/turcon.es\/wp\/wp-content\/uploads\/2008\/12\/logoturcon-2.gif","datePublished":"2022-06-29T18:01:56+00:00","breadcrumb":{"@id":"https:\/\/turcon.es\/wp\/razones-para-una-sentencia-del-tribunal-supremo-que-pone-las-cosas-en-su-sitio-el-veril\/#breadcrumb"},"inLanguage":"es","potentialAction":[{"@type":"ReadAction","target":["https:\/\/turcon.es\/wp\/razones-para-una-sentencia-del-tribunal-supremo-que-pone-las-cosas-en-su-sitio-el-veril\/"]}]},{"@type":"ImageObject","inLanguage":"es","@id":"https:\/\/turcon.es\/wp\/razones-para-una-sentencia-del-tribunal-supremo-que-pone-las-cosas-en-su-sitio-el-veril\/#primaryimage","url":"https:\/\/turcon.es\/wp\/wp-content\/uploads\/2008\/12\/logoturcon-2.gif","contentUrl":"https:\/\/turcon.es\/wp\/wp-content\/uploads\/2008\/12\/logoturcon-2.gif","width":160,"height":57},{"@type":"BreadcrumbList","@id":"https:\/\/turcon.es\/wp\/razones-para-una-sentencia-del-tribunal-supremo-que-pone-las-cosas-en-su-sitio-el-veril\/#breadcrumb","itemListElement":[{"@type":"ListItem","position":1,"name":"Portada","item":"https:\/\/turcon.es\/wp\/"},{"@type":"ListItem","position":2,"name":"Razones para una sentencia del Tribunal Supremo que pone las cosas en su sitio. El Veril"}]},{"@type":"WebSite","@id":"https:\/\/turcon.es\/wp\/#website","url":"https:\/\/turcon.es\/wp\/","name":"Colectivo Ecologista Turcon","description":"","publisher":{"@id":"https:\/\/turcon.es\/wp\/#organization"},"potentialAction":[{"@type":"SearchAction","target":{"@type":"EntryPoint","urlTemplate":"https:\/\/turcon.es\/wp\/?s={search_term_string}"},"query-input":{"@type":"PropertyValueSpecification","valueRequired":true,"valueName":"search_term_string"}}],"inLanguage":"es"},{"@type":"Organization","@id":"https:\/\/turcon.es\/wp\/#organization","name":"Colectivo Ecologista Turcon","url":"https:\/\/turcon.es\/wp\/","logo":{"@type":"ImageObject","inLanguage":"es","@id":"https:\/\/turcon.es\/wp\/#\/schema\/logo\/image\/","url":"https:\/\/turcon.es\/wp\/wp-content\/uploads\/2025\/03\/logo-verde.svg","contentUrl":"https:\/\/turcon.es\/wp\/wp-content\/uploads\/2025\/03\/logo-verde.svg","width":813,"height":813,"caption":"Colectivo Ecologista Turcon"},"image":{"@id":"https:\/\/turcon.es\/wp\/#\/schema\/logo\/image\/"}},{"@type":"Person","@id":"https:\/\/turcon.es\/wp\/#\/schema\/person\/a1f3ba727ce031d9da17684affe85edd","name":"Laura Fernandez","image":{"@type":"ImageObject","inLanguage":"es","@id":"https:\/\/turcon.es\/wp\/#\/schema\/person\/image\/","url":"https:\/\/secure.gravatar.com\/avatar\/360749af9549af22e54582d50231ae56e854210ae2368797ba242f445a9852e8?s=96&d=mm&r=g","contentUrl":"https:\/\/secure.gravatar.com\/avatar\/360749af9549af22e54582d50231ae56e854210ae2368797ba242f445a9852e8?s=96&d=mm&r=g","caption":"Laura Fernandez"},"url":"https:\/\/turcon.es\/wp\/author\/admturcon\/"}]}},"_links":{"self":[{"href":"https:\/\/turcon.es\/wp\/wp-json\/wp\/v2\/posts\/15200","targetHints":{"allow":["GET"]}}],"collection":[{"href":"https:\/\/turcon.es\/wp\/wp-json\/wp\/v2\/posts"}],"about":[{"href":"https:\/\/turcon.es\/wp\/wp-json\/wp\/v2\/types\/post"}],"author":[{"embeddable":true,"href":"https:\/\/turcon.es\/wp\/wp-json\/wp\/v2\/users\/2"}],"replies":[{"embeddable":true,"href":"https:\/\/turcon.es\/wp\/wp-json\/wp\/v2\/comments?post=15200"}],"version-history":[{"count":0,"href":"https:\/\/turcon.es\/wp\/wp-json\/wp\/v2\/posts\/15200\/revisions"}],"wp:featuredmedia":[{"embeddable":true,"href":"https:\/\/turcon.es\/wp\/wp-json\/wp\/v2\/media\/12735"}],"wp:attachment":[{"href":"https:\/\/turcon.es\/wp\/wp-json\/wp\/v2\/media?parent=15200"}],"wp:term":[{"taxonomy":"category","embeddable":true,"href":"https:\/\/turcon.es\/wp\/wp-json\/wp\/v2\/categories?post=15200"},{"taxonomy":"post_tag","embeddable":true,"href":"https:\/\/turcon.es\/wp\/wp-json\/wp\/v2\/tags?post=15200"}],"curies":[{"name":"wp","href":"https:\/\/api.w.org\/{rel}","templated":true}]}}