{"id":15615,"date":"2023-01-19T22:31:35","date_gmt":"2023-01-19T22:31:35","guid":{"rendered":"https:\/\/turcon.wordpress.com\/?p=15615"},"modified":"2023-01-19T22:31:35","modified_gmt":"2023-01-19T22:31:35","slug":"la-alcaldesa-y-turcon-ecologistas-en-accion-dialogan-sobre-el-camino-hacia-la-sostenibilidad-en-telde","status":"publish","type":"post","link":"https:\/\/turcon.es\/wp\/la-alcaldesa-y-turcon-ecologistas-en-accion-dialogan-sobre-el-camino-hacia-la-sostenibilidad-en-telde\/","title":{"rendered":"La alcaldesa y Turc\u00f3n Ecologistas en Acci\u00f3n dialogan sobre el camino hacia la sostenibilidad en Telde"},"content":{"rendered":"\n<p class=\"has-black-color has-text-color has-background\" style=\"background-color:#1df099;font-size:30px\">Comunicado de prensa<\/p>\n\n\n\n<p class=\"has-text-align-justify has-blue-color has-text-color has-medium-font-size\"><strong>Las problem\u00e1ticas vinculadas a la movilidad urbana e insular, las energ\u00edas renovables y la ampliaci\u00f3n del aeropuerto fueron algunos de los temas abordados durante el encuentro<\/strong><\/p>\n\n\n\n<p class=\"has-text-align-justify has-blue-color has-text-color has-medium-font-size\"><strong>Carmen Hern\u00e1ndez y el concejal de Medioambiente, \u00c1lvaro Monz\u00f3n, se reunieron con la presidenta y varios miembros de este colectivo hist\u00f3rico del municipio en su sede<\/strong><\/p>\n\n\n\n<p class=\"has-text-align-justify\">La alcaldesa de Telde, Carmen Hern\u00e1ndez, visit\u00f3 este mi\u00e9rcoles la sede de Turc\u00f3n-Ecologistas en Acci\u00f3n junto al concejal de Medioambiente, \u00c1lvaro Monz\u00f3n, que forma parte tambi\u00e9n de este colectivo, la presidenta, Consuelo Jorges, y otros miembros, para intercambiar impresiones acerca de c\u00f3mo seguir avanzando en materia medioambiental en nuestro municipio y en la isla.<\/p>\n\n\n\n<figure class=\"wp-block-gallery has-nested-images columns-default is-cropped wp-block-gallery-1 is-layout-flex wp-block-gallery-is-layout-flex\">\n<figure class=\"wp-block-image size-large\"><a href=\"https:\/\/turcon.es\/wp\/wp-content\/uploads\/2023\/01\/whatsapp-image-2023-01-19-at-19.36.02.jpeg\"><img decoding=\"async\" data-id=\"15621\" src=\"https:\/\/turcon.es\/wp\/wp-content\/uploads\/2023\/01\/whatsapp-image-2023-01-19-at-19.36.02.jpeg?w=1024\" alt=\"\" class=\"wp-image-15621\" \/><\/a><\/figure>\n\n\n\n<figure class=\"wp-block-image size-large\"><a href=\"https:\/\/turcon.es\/wp\/wp-content\/uploads\/2023\/01\/whatsapp-image-2023-01-19-at-19.36.01-1.jpeg\"><img decoding=\"async\" data-id=\"15618\" src=\"https:\/\/turcon.es\/wp\/wp-content\/uploads\/2023\/01\/whatsapp-image-2023-01-19-at-19.36.01-1.jpeg?w=1024\" alt=\"\" class=\"wp-image-15618\" \/><\/a><\/figure>\n\n\n\n<figure class=\"wp-block-image size-large\"><a href=\"https:\/\/turcon.es\/wp\/wp-content\/uploads\/2023\/01\/whatsapp-image-2023-01-19-at-19.36.00-1.jpeg\"><img decoding=\"async\" data-id=\"15620\" src=\"https:\/\/turcon.es\/wp\/wp-content\/uploads\/2023\/01\/whatsapp-image-2023-01-19-at-19.36.00-1.jpeg?w=1024\" alt=\"\" class=\"wp-image-15620\" \/><\/a><\/figure>\n\n\n\n<figure class=\"wp-block-image size-large\"><a href=\"https:\/\/turcon.es\/wp\/wp-content\/uploads\/2023\/01\/whatsapp-image-2023-01-19-at-19.36.01.jpeg\"><img decoding=\"async\" data-id=\"15619\" src=\"https:\/\/turcon.es\/wp\/wp-content\/uploads\/2023\/01\/whatsapp-image-2023-01-19-at-19.36.01.jpeg?w=1024\" alt=\"\" class=\"wp-image-15619\" \/><\/a><\/figure>\n<\/figure>\n\n\n\n<p class=\"has-text-align-justify\">La regidora municipal alab\u00f3 el compromiso de las personas que a lo largo de m\u00e1s de 40 a\u00f1os han trabajado para proteger el medioambiente y crear conciencia entre la ciudadan\u00eda, y destac\u00f3 \u201cla importancia de la colaboraci\u00f3n entre las administraciones con entidades como esta para garantizar el respeto al entorno y aumentar la calidad de vida\u201d.<\/p>\n\n\n\n<p class=\"has-text-align-justify\">Durante el encuentro se abordaron varios asuntos relacionados con la movilidad urbana y sus posibles alternativas, los posicionamientos ante los proyectos de construcci\u00f3n del tren y la tangencial, y la apuesta por un nuevo modelo econ\u00f3mico ante la perspectiva de urgencia clim\u00e1tica de acuerdo a la nueva normativa aprobada en los \u00faltimos a\u00f1os, entre otros.<\/p>\n\n\n\n<p class=\"has-text-align-justify\">La presidenta del colectivo ecologista, Consuelo Jorges, solicit\u00f3 \u201ccolaboraci\u00f3n institucional para salvaguardar el territorio frente a la proliferaci\u00f3n sin control en los parques e\u00f3licos y fotovoltaicos en cualquier tipo de suelo\u201d. En ese sentido, el colectivo asevera que apuesta \u201cpor la implantaci\u00f3n de las energ\u00edas renovables, pero de forma ordenada y sin afectar espacios del valor ecol\u00f3gico y potencial agr\u00edcola\u201d. Cabe recordar que en sus alegaciones al Plan de Transici\u00f3n Energ\u00e9tica de Canarias 2030 \u201cla implantaci\u00f3n de energ\u00edas renovables en Canarias deben estar asociadas a los propios demandantes de energ\u00eda el\u00e9ctrica e integrarse en las zonas urbanas y urbanizables, ocupando prioritariamente cubiertas de edificios p\u00fablicos y privados, naves industriales, y otros espacios, y ordenar la introducci\u00f3n de la energ\u00eda e\u00f3lica en cotas bajas, evitando las median\u00edas del municipio, asoci\u00e1ndolas en la medida de lo posible a las demandas de energ\u00eda como se est\u00e1 realizando en el parque empresarial de El Goro\u201d.<\/p>\n\n\n\n<p class=\"has-text-align-justify\">La tercera pista del aeropuerto fue otro de los asuntos tratados en el encuentro, quedando patente que el Gobierno local y Turc\u00f3n-Ecologistas en Acci\u00f3n coinciden en que en la coyuntura actual no se justifica la proyectada ampliaci\u00f3n y se hace precisa la anulaci\u00f3n de este trazado del Plan Director.<\/p>\n\n\n\n<p class=\"has-text-align-justify\">En este punto los ecologistas a\u00f1aden que se trata de un proyecto \u201cque genera un desarrollo insostenible y conlleva limitaciones de las servidumbres aeron\u00e1uticas, por lo que debe estudiarse v\u00edas para ampliar la operativa de los aviones en las pistas actuales sin necesidad de la construcci\u00f3n de una nueva\u201d.<\/p>\n\n\n\n<p class=\"has-text-align-justify\">Consuelo Jorges agradeci\u00f3 la visita de la regidora municipal y valor\u00f3 \u201cmuy positivamente el talante receptivo y cercano ante los distintos temas abordados\u201d.<\/p>\n","protected":false},"excerpt":{"rendered":"<p>Comunicado de prensa Las problem\u00e1ticas vinculadas a la movilidad urbana e insular, las energ\u00edas renovables y la ampliaci\u00f3n del aeropuerto fueron algunos de los temas abordados durante el encuentro Carmen Hern\u00e1ndez y el concejal de Medioambiente, \u00c1lvaro Monz\u00f3n, se reunieron con la presidenta y varios miembros de este colectivo hist\u00f3rico del municipio en su sede [&hellip;]<\/p>\n","protected":false},"author":2,"featured_media":0,"comment_status":"open","ping_status":"open","sticky":false,"template":"","format":"standard","meta":{"footnotes":""},"categories":[8,46,60],"tags":[144,668],"class_list":["post-15615","post","type-post","status-publish","format-standard","hentry","category-administracion-publica","category-notas-de-prensa-de-turcon","category-telde-gran-canaria","tag-alcaldesa-de-telde","tag-encuentro"],"yoast_head":"<!-- This site is optimized with the Yoast SEO plugin v26.3 - https:\/\/yoast.com\/wordpress\/plugins\/seo\/ -->\n<title>La alcaldesa y Turc\u00f3n Ecologistas en Acci\u00f3n dialogan sobre el camino hacia la sostenibilidad en Telde - Colectivo Ecologista Turcon<\/title>\n<meta name=\"robots\" content=\"index, follow, max-snippet:-1, max-image-preview:large, max-video-preview:-1\" \/>\n<link rel=\"canonical\" href=\"https:\/\/turcon.es\/wp\/la-alcaldesa-y-turcon-ecologistas-en-accion-dialogan-sobre-el-camino-hacia-la-sostenibilidad-en-telde\/\" \/>\n<meta property=\"og:locale\" content=\"es_ES\" \/>\n<meta property=\"og:type\" content=\"article\" \/>\n<meta property=\"og:title\" content=\"La alcaldesa y Turc\u00f3n Ecologistas en Acci\u00f3n dialogan sobre el camino hacia la sostenibilidad en Telde - Colectivo Ecologista Turcon\" \/>\n<meta property=\"og:description\" content=\"Comunicado de prensa Las problem\u00e1ticas vinculadas a la movilidad urbana e insular, las energ\u00edas renovables y la ampliaci\u00f3n del aeropuerto fueron algunos de los temas abordados durante el encuentro Carmen Hern\u00e1ndez y el concejal de Medioambiente, \u00c1lvaro Monz\u00f3n, se reunieron con la presidenta y varios miembros de este colectivo hist\u00f3rico del municipio en su sede [&hellip;]\" \/>\n<meta property=\"og:url\" content=\"https:\/\/turcon.es\/wp\/la-alcaldesa-y-turcon-ecologistas-en-accion-dialogan-sobre-el-camino-hacia-la-sostenibilidad-en-telde\/\" \/>\n<meta property=\"og:site_name\" content=\"Colectivo Ecologista Turcon\" \/>\n<meta property=\"article:published_time\" content=\"2023-01-19T22:31:35+00:00\" \/>\n<meta property=\"og:image\" content=\"https:\/\/turcon.es\/wp\/wp-content\/uploads\/2023\/01\/whatsapp-image-2023-01-19-at-19.36.02-1.jpeg\" \/>\n\t<meta property=\"og:image:width\" content=\"2016\" \/>\n\t<meta property=\"og:image:height\" content=\"1134\" \/>\n\t<meta property=\"og:image:type\" content=\"image\/jpeg\" \/>\n<meta name=\"author\" content=\"Laura Fernandez\" \/>\n<meta name=\"twitter:card\" content=\"summary_large_image\" \/>\n<meta name=\"twitter:label1\" content=\"Escrito por\" \/>\n\t<meta name=\"twitter:data1\" content=\"Laura Fernandez\" \/>\n\t<meta name=\"twitter:label2\" content=\"Tiempo de lectura\" \/>\n\t<meta name=\"twitter:data2\" content=\"3 minutos\" \/>\n<script type=\"application\/ld+json\" class=\"yoast-schema-graph\">{\"@context\":\"https:\/\/schema.org\",\"@graph\":[{\"@type\":\"Article\",\"@id\":\"https:\/\/turcon.es\/wp\/la-alcaldesa-y-turcon-ecologistas-en-accion-dialogan-sobre-el-camino-hacia-la-sostenibilidad-en-telde\/#article\",\"isPartOf\":{\"@id\":\"https:\/\/turcon.es\/wp\/la-alcaldesa-y-turcon-ecologistas-en-accion-dialogan-sobre-el-camino-hacia-la-sostenibilidad-en-telde\/\"},\"author\":{\"name\":\"Laura Fernandez\",\"@id\":\"https:\/\/turcon.es\/wp\/#\/schema\/person\/a1f3ba727ce031d9da17684affe85edd\"},\"headline\":\"La alcaldesa y Turc\u00f3n Ecologistas en Acci\u00f3n dialogan sobre el camino hacia la sostenibilidad en Telde\",\"datePublished\":\"2023-01-19T22:31:35+00:00\",\"mainEntityOfPage\":{\"@id\":\"https:\/\/turcon.es\/wp\/la-alcaldesa-y-turcon-ecologistas-en-accion-dialogan-sobre-el-camino-hacia-la-sostenibilidad-en-telde\/\"},\"wordCount\":557,\"commentCount\":0,\"publisher\":{\"@id\":\"https:\/\/turcon.es\/wp\/#organization\"},\"image\":{\"@id\":\"https:\/\/turcon.es\/wp\/la-alcaldesa-y-turcon-ecologistas-en-accion-dialogan-sobre-el-camino-hacia-la-sostenibilidad-en-telde\/#primaryimage\"},\"thumbnailUrl\":\"https:\/\/turcon.es\/wp\/wp-content\/uploads\/2023\/01\/whatsapp-image-2023-01-19-at-19.36.02.jpeg?w=1024\",\"keywords\":[\"Alcaldesa de Telde\",\"encuentro\"],\"articleSection\":[\"Administraci\u00f3n p\u00fablica\",\"Notas de prensa de Turc\u00f3n\",\"Telde (Gran Canaria)\"],\"inLanguage\":\"es\",\"potentialAction\":[{\"@type\":\"CommentAction\",\"name\":\"Comment\",\"target\":[\"https:\/\/turcon.es\/wp\/la-alcaldesa-y-turcon-ecologistas-en-accion-dialogan-sobre-el-camino-hacia-la-sostenibilidad-en-telde\/#respond\"]}]},{\"@type\":\"WebPage\",\"@id\":\"https:\/\/turcon.es\/wp\/la-alcaldesa-y-turcon-ecologistas-en-accion-dialogan-sobre-el-camino-hacia-la-sostenibilidad-en-telde\/\",\"url\":\"https:\/\/turcon.es\/wp\/la-alcaldesa-y-turcon-ecologistas-en-accion-dialogan-sobre-el-camino-hacia-la-sostenibilidad-en-telde\/\",\"name\":\"La alcaldesa y Turc\u00f3n Ecologistas en Acci\u00f3n dialogan sobre el camino hacia la sostenibilidad en Telde - Colectivo Ecologista Turcon\",\"isPartOf\":{\"@id\":\"https:\/\/turcon.es\/wp\/#website\"},\"primaryImageOfPage\":{\"@id\":\"https:\/\/turcon.es\/wp\/la-alcaldesa-y-turcon-ecologistas-en-accion-dialogan-sobre-el-camino-hacia-la-sostenibilidad-en-telde\/#primaryimage\"},\"image\":{\"@id\":\"https:\/\/turcon.es\/wp\/la-alcaldesa-y-turcon-ecologistas-en-accion-dialogan-sobre-el-camino-hacia-la-sostenibilidad-en-telde\/#primaryimage\"},\"thumbnailUrl\":\"https:\/\/turcon.es\/wp\/wp-content\/uploads\/2023\/01\/whatsapp-image-2023-01-19-at-19.36.02.jpeg?w=1024\",\"datePublished\":\"2023-01-19T22:31:35+00:00\",\"breadcrumb\":{\"@id\":\"https:\/\/turcon.es\/wp\/la-alcaldesa-y-turcon-ecologistas-en-accion-dialogan-sobre-el-camino-hacia-la-sostenibilidad-en-telde\/#breadcrumb\"},\"inLanguage\":\"es\",\"potentialAction\":[{\"@type\":\"ReadAction\",\"target\":[\"https:\/\/turcon.es\/wp\/la-alcaldesa-y-turcon-ecologistas-en-accion-dialogan-sobre-el-camino-hacia-la-sostenibilidad-en-telde\/\"]}]},{\"@type\":\"ImageObject\",\"inLanguage\":\"es\",\"@id\":\"https:\/\/turcon.es\/wp\/la-alcaldesa-y-turcon-ecologistas-en-accion-dialogan-sobre-el-camino-hacia-la-sostenibilidad-en-telde\/#primaryimage\",\"url\":\"https:\/\/turcon.es\/wp\/wp-content\/uploads\/2023\/01\/whatsapp-image-2023-01-19-at-19.36.02.jpeg?w=1024\",\"contentUrl\":\"https:\/\/turcon.es\/wp\/wp-content\/uploads\/2023\/01\/whatsapp-image-2023-01-19-at-19.36.02.jpeg?w=1024\"},{\"@type\":\"BreadcrumbList\",\"@id\":\"https:\/\/turcon.es\/wp\/la-alcaldesa-y-turcon-ecologistas-en-accion-dialogan-sobre-el-camino-hacia-la-sostenibilidad-en-telde\/#breadcrumb\",\"itemListElement\":[{\"@type\":\"ListItem\",\"position\":1,\"name\":\"Portada\",\"item\":\"https:\/\/turcon.es\/wp\/\"},{\"@type\":\"ListItem\",\"position\":2,\"name\":\"La alcaldesa y Turc\u00f3n Ecologistas en Acci\u00f3n dialogan sobre el camino hacia la sostenibilidad en Telde\"}]},{\"@type\":\"WebSite\",\"@id\":\"https:\/\/turcon.es\/wp\/#website\",\"url\":\"https:\/\/turcon.es\/wp\/\",\"name\":\"Colectivo Ecologista Turcon\",\"description\":\"\",\"publisher\":{\"@id\":\"https:\/\/turcon.es\/wp\/#organization\"},\"potentialAction\":[{\"@type\":\"SearchAction\",\"target\":{\"@type\":\"EntryPoint\",\"urlTemplate\":\"https:\/\/turcon.es\/wp\/?s={search_term_string}\"},\"query-input\":{\"@type\":\"PropertyValueSpecification\",\"valueRequired\":true,\"valueName\":\"search_term_string\"}}],\"inLanguage\":\"es\"},{\"@type\":\"Organization\",\"@id\":\"https:\/\/turcon.es\/wp\/#organization\",\"name\":\"Colectivo Ecologista Turcon\",\"url\":\"https:\/\/turcon.es\/wp\/\",\"logo\":{\"@type\":\"ImageObject\",\"inLanguage\":\"es\",\"@id\":\"https:\/\/turcon.es\/wp\/#\/schema\/logo\/image\/\",\"url\":\"https:\/\/turcon.es\/wp\/wp-content\/uploads\/2025\/03\/logo-verde.svg\",\"contentUrl\":\"https:\/\/turcon.es\/wp\/wp-content\/uploads\/2025\/03\/logo-verde.svg\",\"width\":813,\"height\":813,\"caption\":\"Colectivo Ecologista Turcon\"},\"image\":{\"@id\":\"https:\/\/turcon.es\/wp\/#\/schema\/logo\/image\/\"}},{\"@type\":\"Person\",\"@id\":\"https:\/\/turcon.es\/wp\/#\/schema\/person\/a1f3ba727ce031d9da17684affe85edd\",\"name\":\"Laura Fernandez\",\"image\":{\"@type\":\"ImageObject\",\"inLanguage\":\"es\",\"@id\":\"https:\/\/turcon.es\/wp\/#\/schema\/person\/image\/\",\"url\":\"https:\/\/secure.gravatar.com\/avatar\/360749af9549af22e54582d50231ae56e854210ae2368797ba242f445a9852e8?s=96&d=mm&r=g\",\"contentUrl\":\"https:\/\/secure.gravatar.com\/avatar\/360749af9549af22e54582d50231ae56e854210ae2368797ba242f445a9852e8?s=96&d=mm&r=g\",\"caption\":\"Laura Fernandez\"},\"url\":\"https:\/\/turcon.es\/wp\/author\/admturcon\/\"}]}<\/script>\n<!-- \/ Yoast SEO plugin. -->","yoast_head_json":{"title":"La alcaldesa y Turc\u00f3n Ecologistas en Acci\u00f3n dialogan sobre el camino hacia la sostenibilidad en Telde - Colectivo Ecologista Turcon","robots":{"index":"index","follow":"follow","max-snippet":"max-snippet:-1","max-image-preview":"max-image-preview:large","max-video-preview":"max-video-preview:-1"},"canonical":"https:\/\/turcon.es\/wp\/la-alcaldesa-y-turcon-ecologistas-en-accion-dialogan-sobre-el-camino-hacia-la-sostenibilidad-en-telde\/","og_locale":"es_ES","og_type":"article","og_title":"La alcaldesa y Turc\u00f3n Ecologistas en Acci\u00f3n dialogan sobre el camino hacia la sostenibilidad en Telde - Colectivo Ecologista Turcon","og_description":"Comunicado de prensa Las problem\u00e1ticas vinculadas a la movilidad urbana e insular, las energ\u00edas renovables y la ampliaci\u00f3n del aeropuerto fueron algunos de los temas abordados durante el encuentro Carmen Hern\u00e1ndez y el concejal de Medioambiente, \u00c1lvaro Monz\u00f3n, se reunieron con la presidenta y varios miembros de este colectivo hist\u00f3rico del municipio en su sede [&hellip;]","og_url":"https:\/\/turcon.es\/wp\/la-alcaldesa-y-turcon-ecologistas-en-accion-dialogan-sobre-el-camino-hacia-la-sostenibilidad-en-telde\/","og_site_name":"Colectivo Ecologista Turcon","article_published_time":"2023-01-19T22:31:35+00:00","og_image":[{"width":2016,"height":1134,"url":"https:\/\/turcon.es\/wp\/wp-content\/uploads\/2023\/01\/whatsapp-image-2023-01-19-at-19.36.02-1.jpeg","type":"image\/jpeg"}],"author":"Laura Fernandez","twitter_card":"summary_large_image","twitter_misc":{"Escrito por":"Laura Fernandez","Tiempo de lectura":"3 minutos"},"schema":{"@context":"https:\/\/schema.org","@graph":[{"@type":"Article","@id":"https:\/\/turcon.es\/wp\/la-alcaldesa-y-turcon-ecologistas-en-accion-dialogan-sobre-el-camino-hacia-la-sostenibilidad-en-telde\/#article","isPartOf":{"@id":"https:\/\/turcon.es\/wp\/la-alcaldesa-y-turcon-ecologistas-en-accion-dialogan-sobre-el-camino-hacia-la-sostenibilidad-en-telde\/"},"author":{"name":"Laura Fernandez","@id":"https:\/\/turcon.es\/wp\/#\/schema\/person\/a1f3ba727ce031d9da17684affe85edd"},"headline":"La alcaldesa y Turc\u00f3n Ecologistas en Acci\u00f3n dialogan sobre el camino hacia la sostenibilidad en Telde","datePublished":"2023-01-19T22:31:35+00:00","mainEntityOfPage":{"@id":"https:\/\/turcon.es\/wp\/la-alcaldesa-y-turcon-ecologistas-en-accion-dialogan-sobre-el-camino-hacia-la-sostenibilidad-en-telde\/"},"wordCount":557,"commentCount":0,"publisher":{"@id":"https:\/\/turcon.es\/wp\/#organization"},"image":{"@id":"https:\/\/turcon.es\/wp\/la-alcaldesa-y-turcon-ecologistas-en-accion-dialogan-sobre-el-camino-hacia-la-sostenibilidad-en-telde\/#primaryimage"},"thumbnailUrl":"https:\/\/turcon.es\/wp\/wp-content\/uploads\/2023\/01\/whatsapp-image-2023-01-19-at-19.36.02.jpeg?w=1024","keywords":["Alcaldesa de Telde","encuentro"],"articleSection":["Administraci\u00f3n p\u00fablica","Notas de prensa de Turc\u00f3n","Telde (Gran Canaria)"],"inLanguage":"es","potentialAction":[{"@type":"CommentAction","name":"Comment","target":["https:\/\/turcon.es\/wp\/la-alcaldesa-y-turcon-ecologistas-en-accion-dialogan-sobre-el-camino-hacia-la-sostenibilidad-en-telde\/#respond"]}]},{"@type":"WebPage","@id":"https:\/\/turcon.es\/wp\/la-alcaldesa-y-turcon-ecologistas-en-accion-dialogan-sobre-el-camino-hacia-la-sostenibilidad-en-telde\/","url":"https:\/\/turcon.es\/wp\/la-alcaldesa-y-turcon-ecologistas-en-accion-dialogan-sobre-el-camino-hacia-la-sostenibilidad-en-telde\/","name":"La alcaldesa y Turc\u00f3n Ecologistas en Acci\u00f3n dialogan sobre el camino hacia la sostenibilidad en Telde - Colectivo Ecologista Turcon","isPartOf":{"@id":"https:\/\/turcon.es\/wp\/#website"},"primaryImageOfPage":{"@id":"https:\/\/turcon.es\/wp\/la-alcaldesa-y-turcon-ecologistas-en-accion-dialogan-sobre-el-camino-hacia-la-sostenibilidad-en-telde\/#primaryimage"},"image":{"@id":"https:\/\/turcon.es\/wp\/la-alcaldesa-y-turcon-ecologistas-en-accion-dialogan-sobre-el-camino-hacia-la-sostenibilidad-en-telde\/#primaryimage"},"thumbnailUrl":"https:\/\/turcon.es\/wp\/wp-content\/uploads\/2023\/01\/whatsapp-image-2023-01-19-at-19.36.02.jpeg?w=1024","datePublished":"2023-01-19T22:31:35+00:00","breadcrumb":{"@id":"https:\/\/turcon.es\/wp\/la-alcaldesa-y-turcon-ecologistas-en-accion-dialogan-sobre-el-camino-hacia-la-sostenibilidad-en-telde\/#breadcrumb"},"inLanguage":"es","potentialAction":[{"@type":"ReadAction","target":["https:\/\/turcon.es\/wp\/la-alcaldesa-y-turcon-ecologistas-en-accion-dialogan-sobre-el-camino-hacia-la-sostenibilidad-en-telde\/"]}]},{"@type":"ImageObject","inLanguage":"es","@id":"https:\/\/turcon.es\/wp\/la-alcaldesa-y-turcon-ecologistas-en-accion-dialogan-sobre-el-camino-hacia-la-sostenibilidad-en-telde\/#primaryimage","url":"https:\/\/turcon.es\/wp\/wp-content\/uploads\/2023\/01\/whatsapp-image-2023-01-19-at-19.36.02.jpeg?w=1024","contentUrl":"https:\/\/turcon.es\/wp\/wp-content\/uploads\/2023\/01\/whatsapp-image-2023-01-19-at-19.36.02.jpeg?w=1024"},{"@type":"BreadcrumbList","@id":"https:\/\/turcon.es\/wp\/la-alcaldesa-y-turcon-ecologistas-en-accion-dialogan-sobre-el-camino-hacia-la-sostenibilidad-en-telde\/#breadcrumb","itemListElement":[{"@type":"ListItem","position":1,"name":"Portada","item":"https:\/\/turcon.es\/wp\/"},{"@type":"ListItem","position":2,"name":"La alcaldesa y Turc\u00f3n Ecologistas en Acci\u00f3n dialogan sobre el camino hacia la sostenibilidad en Telde"}]},{"@type":"WebSite","@id":"https:\/\/turcon.es\/wp\/#website","url":"https:\/\/turcon.es\/wp\/","name":"Colectivo Ecologista Turcon","description":"","publisher":{"@id":"https:\/\/turcon.es\/wp\/#organization"},"potentialAction":[{"@type":"SearchAction","target":{"@type":"EntryPoint","urlTemplate":"https:\/\/turcon.es\/wp\/?s={search_term_string}"},"query-input":{"@type":"PropertyValueSpecification","valueRequired":true,"valueName":"search_term_string"}}],"inLanguage":"es"},{"@type":"Organization","@id":"https:\/\/turcon.es\/wp\/#organization","name":"Colectivo Ecologista Turcon","url":"https:\/\/turcon.es\/wp\/","logo":{"@type":"ImageObject","inLanguage":"es","@id":"https:\/\/turcon.es\/wp\/#\/schema\/logo\/image\/","url":"https:\/\/turcon.es\/wp\/wp-content\/uploads\/2025\/03\/logo-verde.svg","contentUrl":"https:\/\/turcon.es\/wp\/wp-content\/uploads\/2025\/03\/logo-verde.svg","width":813,"height":813,"caption":"Colectivo Ecologista Turcon"},"image":{"@id":"https:\/\/turcon.es\/wp\/#\/schema\/logo\/image\/"}},{"@type":"Person","@id":"https:\/\/turcon.es\/wp\/#\/schema\/person\/a1f3ba727ce031d9da17684affe85edd","name":"Laura Fernandez","image":{"@type":"ImageObject","inLanguage":"es","@id":"https:\/\/turcon.es\/wp\/#\/schema\/person\/image\/","url":"https:\/\/secure.gravatar.com\/avatar\/360749af9549af22e54582d50231ae56e854210ae2368797ba242f445a9852e8?s=96&d=mm&r=g","contentUrl":"https:\/\/secure.gravatar.com\/avatar\/360749af9549af22e54582d50231ae56e854210ae2368797ba242f445a9852e8?s=96&d=mm&r=g","caption":"Laura Fernandez"},"url":"https:\/\/turcon.es\/wp\/author\/admturcon\/"}]}},"_links":{"self":[{"href":"https:\/\/turcon.es\/wp\/wp-json\/wp\/v2\/posts\/15615","targetHints":{"allow":["GET"]}}],"collection":[{"href":"https:\/\/turcon.es\/wp\/wp-json\/wp\/v2\/posts"}],"about":[{"href":"https:\/\/turcon.es\/wp\/wp-json\/wp\/v2\/types\/post"}],"author":[{"embeddable":true,"href":"https:\/\/turcon.es\/wp\/wp-json\/wp\/v2\/users\/2"}],"replies":[{"embeddable":true,"href":"https:\/\/turcon.es\/wp\/wp-json\/wp\/v2\/comments?post=15615"}],"version-history":[{"count":0,"href":"https:\/\/turcon.es\/wp\/wp-json\/wp\/v2\/posts\/15615\/revisions"}],"wp:attachment":[{"href":"https:\/\/turcon.es\/wp\/wp-json\/wp\/v2\/media?parent=15615"}],"wp:term":[{"taxonomy":"category","embeddable":true,"href":"https:\/\/turcon.es\/wp\/wp-json\/wp\/v2\/categories?post=15615"},{"taxonomy":"post_tag","embeddable":true,"href":"https:\/\/turcon.es\/wp\/wp-json\/wp\/v2\/tags?post=15615"}],"curies":[{"name":"wp","href":"https:\/\/api.w.org\/{rel}","templated":true}]}}