{"id":15856,"date":"2023-04-24T18:22:11","date_gmt":"2023-04-24T18:22:11","guid":{"rendered":"https:\/\/turcon.wordpress.com\/?p=15856"},"modified":"2023-04-24T18:22:11","modified_gmt":"2023-04-24T18:22:11","slug":"ben-magec-exige-medidas-para-la-desturisficacion-de-canarias","status":"publish","type":"post","link":"https:\/\/turcon.es\/wp\/ben-magec-exige-medidas-para-la-desturisficacion-de-canarias\/","title":{"rendered":"Ben Magec exige medidas para la desturisficaci\u00f3n de Canarias"},"content":{"rendered":"\n<p class=\"has-text-align-justify has-blue-color has-text-color\" style=\"font-size:18px\"><strong>Frente a la actual crisis ecol\u00f3gica y social, l@s ecologistas exigen medidas encaminadas hac\u00eda la desturificaci\u00f3n del archipi\u00e9lago y el decrecimiento de la actividad tur\u00edstica.<\/strong><\/p>\n\n\n\n<p class=\"has-text-align-justify has-blue-color has-text-color\" style=\"font-size:16px\"><strong>Con motivo del D\u00eda de La Tierra, cientos de personas se manifiestan en la capital grancanaria, bajo el lema \u201cCanarias tiene un L\u00edmite\u201d, para exigir la Moratoria Tur\u00edstica y la Ecotasa en Canarias.<\/strong><\/p>\n\n\n\n<figure class=\"wp-block-gallery has-nested-images columns-default is-cropped wp-block-gallery-1 is-layout-flex wp-block-gallery-is-layout-flex\">\n<figure class=\"wp-block-image size-large\"><a href=\"https:\/\/turcon.es\/wp\/wp-content\/uploads\/2023\/04\/manifestacion-canarias-tiene-un-limite-1.jpg\"><img decoding=\"async\" data-id=\"15861\" src=\"https:\/\/turcon.es\/wp\/wp-content\/uploads\/2023\/04\/manifestacion-canarias-tiene-un-limite-1.jpg?w=1024\" alt=\"\" class=\"wp-image-15861\" \/><\/a><\/figure>\n\n\n\n<figure class=\"wp-block-image size-large\"><a href=\"https:\/\/turcon.es\/wp\/wp-content\/uploads\/2023\/04\/manifestacion-canarias-tiene-un-limite-2.jpg\"><img decoding=\"async\" data-id=\"15860\" src=\"https:\/\/turcon.es\/wp\/wp-content\/uploads\/2023\/04\/manifestacion-canarias-tiene-un-limite-2.jpg?w=640\" alt=\"\" class=\"wp-image-15860\" \/><\/a><\/figure>\n\n\n\n<figure class=\"wp-block-image size-large\"><a href=\"https:\/\/turcon.es\/wp\/wp-content\/uploads\/2023\/04\/manifestacion-canarias-tiene-un-limite-3.jpg\"><img decoding=\"async\" data-id=\"15859\" src=\"https:\/\/turcon.es\/wp\/wp-content\/uploads\/2023\/04\/manifestacion-canarias-tiene-un-limite-3.jpg?w=640\" alt=\"\" class=\"wp-image-15859\" \/><\/a><\/figure>\n\n\n\n<figure class=\"wp-block-image size-large\"><a href=\"https:\/\/turcon.es\/wp\/wp-content\/uploads\/2023\/04\/manifestacion-canarias-tiene-un-limite-4.jpg\"><img decoding=\"async\" data-id=\"15862\" src=\"https:\/\/turcon.es\/wp\/wp-content\/uploads\/2023\/04\/manifestacion-canarias-tiene-un-limite-4.jpg?w=1024\" alt=\"\" class=\"wp-image-15862\" \/><\/a><\/figure>\n<\/figure>\n\n\n\n<p class=\"has-text-align-justify has-blue-color has-text-color\" style=\"font-size:16px\"><strong>Ben Magec-Ecologistas en Acci\u00f3n critica las pol\u00edticas irresponsables de las diferentes administraciones canarias apostando por el crecimiento tur\u00edstico en el actual contexto de crisis ecol\u00f3gica y social.<\/strong><\/p>\n\n\n\n<p class=\"has-text-align-justify\">El monocultivo del turismo implantado en Canarias, lejos de traer riqueza y bienestar para el conjunto de la poblaci\u00f3n, es una actividad econ\u00f3mica que concentra la riqueza cada vez en menos y m\u00e1s opulentas manos, a la vez que perpet\u00faa las elevadas cifras de exclusi\u00f3n social, pobreza y vulnerabilidad que siempre han caracterizado a las Islas y que son la otra cara de la misma moneda. La \u201cindustria sin chimeneas\u201d ha crecido en Canarias a expensas de la depredaci\u00f3n y mercantilizaci\u00f3n de nuestro territorio y de la expulsi\u00f3n de la poblaci\u00f3n del disfrute de determinados espacios de socializaci\u00f3n.<\/p>\n\n\n\n<p class=\"has-text-align-justify\">Nos encontramos en la actualidad en una contradicci\u00f3n por la que, si el turismo crece y mejoran m\u00ednimamente las cifras de empleo, precario y de baja cualificaci\u00f3n, empeoran brutalmente nuestros indicadores ambientales y nuestra calidad de vida como habitantes de estas islas, cada vez m\u00e1s saturadas. El crecimiento exponencial y sin medida de la llegada de turistas a Canarias est\u00e1 tensionando la convivencia dentro y fuera de los n\u00facleos tradicionalmente tur\u00edsticos, agravando la desigualdad y los problemas de acceso a derechos fundamentales, lo que demuestra que hemos sobrepasado ya el c\u00e9nit de nuestra capacidad de carga y acogida.<\/p>\n\n\n\n<p class=\"has-text-align-justify\">La creciente turistificaci\u00f3n de nuestro territorio est\u00e1 abarcando ya zonas urbanas y rurales y la gentrificaci\u00f3n que genera dicha actividad est\u00e1 imposibilitando el acceso a la vivienda para una gran cantidad de personas con sueldos y vidas precarias. La subida del precio de los alquileres y el alcance internacional que est\u00e1n teniendo las operaciones inmobiliarias, est\u00e1n poniendo nuestros inmuebles en manos de fondos de inversi\u00f3n y de poblaci\u00f3n extranjera de alto poder adquisitivo. La explotaci\u00f3n de las viviendas para alquiler vacacional las detrae de la oferta residencial y expulsa a la poblaci\u00f3n con arraigo de sus pueblos y barrios.<\/p>\n\n\n\n<p class=\"has-text-align-justify\">Las mismas administraciones y representantes p\u00fablicos que han determinado que en los suelos categorizados como tur\u00edsticos no se permita el uso residencial, dicen no poder regular la oferta de vivienda tur\u00edstica en zona urbana o la venta de inmuebles, pues esto vulnerar\u00eda las sacrosantas leyes del libre mercado, la propiedad o la libre circulaci\u00f3n de personas, que s\u00f3lo es libre&nbsp; y sagrada en funci\u00f3n del nivel de renta. Sobre los suelos que a\u00fan no est\u00e1n construidos, independientemente de su calidad ambiental o de su peso simb\u00f3lico para el ideario colectivo, pesa la amenaza de la creaci\u00f3n de hoteles, villas de lujo o campos de golf, muchas veces avalados por la declaraci\u00f3n de \u201cInter\u00e9s Insular\u201d, subterfugio que con la aprobaci\u00f3n de la ley del suelo permite disfrazar proyectos dirigidos al lucro privado de inversiones buenas para el conjunto de la ciudadan\u00eda.<\/p>\n\n\n\n<p class=\"has-text-align-justify\">Hace d\u00e9cadas que el <strong>movimiento ecologista canario<\/strong> viene denunciando el expolio de nuestros espacios naturales para ponerlos al servicio de la industria tur\u00edstica. La creciente y masiva llegada de turistas est\u00e1 copando hasta el hartazgo todos nuestros recursos naturales, infraestructuras y servicios. Nuestros ecosistemas y espacios de inter\u00e9s ecol\u00f3gico y paisaj\u00edstico se est\u00e1n convirtiendo en lugares no solo m\u00e1s amenazados desde el punto de vista ambiental, sino tambi\u00e9n en los que ya no es agradable estar. Y nos quedamos sin nuestros refugios y tambi\u00e9n sin nuestros s\u00edmbolos, que se convierten en productos est\u00e1ndar de consumo masivo.<\/p>\n\n\n\n<p class=\"has-text-align-justify\">Las ecologistas se\u00f1alan a la actividad tur\u00edstica, vinculada al sector de la construcci\u00f3n, como la causa fundamental de buena parte de los problemas ambientales que este archipi\u00e9lago padece y de las emisiones de gases de efecto invernadero atribuidas a Canarias, asociadas al transporte y demanda de energ\u00eda. El metabolismo de la actividad tur\u00edstica en Canarias es altamente intensivo en el requerimiento de grandes cantidades de materiales y energ\u00eda que no disponemos, y a su vez genera ingentes cantidades de residuos y contaminantes que nuestro territorio es incapaz de asimilar. La huella ecol\u00f3gica de Canarias es un territorio 27 veces superior, lo que quiere decir que necesitamos un territorio 27 veces mayor para satisfacer todas las demandas del modelo econ\u00f3mico y de consumo del archipi\u00e9lago. Lo que lo convierte en un modelo totalmente insostenible y cortoplacista abocado al colapso.<\/p>\n\n\n\n<p class=\"has-text-align-justify\">La organizaci\u00f3n ecologista exige que, desde las instituciones p\u00fablicas, se tomen las medidas necesarias para paliar la gentrificaci\u00f3n que sus pol\u00edticas neoliberales han favorecido, para caminar hacia un modelo fiscal m\u00e1s redistributivo, que reparta la riqueza, que no privatice los beneficios mientras se socializan las p\u00e9rdidas, que apueste por la desturistificaci\u00f3n y que implante tambi\u00e9n una ecotasa finalista dirigida a mitigar los impactos ambientales que esta actividad produce. Pero sobre todo, que recupere la moratoria tur\u00edstica y que en la situaci\u00f3n de emergencia clim\u00e1tica y de colapso de nuestros h\u00e1bitats naturales no permita consumir ni un cent\u00edmetro m\u00e1s de suelo para ponerlo al servicio de la industria tur\u00edstica y de otros fines especulativos.<\/p>\n\n\n\n<p class=\"has-text-align-justify\">Exigimos a la clase pol\u00edtica que dejen de plegarse ante los intereses de los grandes empresarios de la industria tur\u00edstica y que tome medidas contundentes que establezca l\u00edmites y regule la actividad tur\u00edstica y a su vez ponga al servicio de las mayor\u00edas sociales el beneficio que genera. Ha llegado el momento de las apuestas decididas por el decrecimiento tur\u00edstico y por reestructurar nuestra econom\u00eda, desde la justicia social y ambiental, poniendo la vida en el centro, garantizando el bienestar de las generaciones venideras en un contexto de alarmante emergencia clim\u00e1tica.<\/p>\n\n\n\n<p class=\"has-blue-color has-text-color has-background has-medium-font-size\" style=\"background:linear-gradient(135deg,rgb(252,185,0) 51%,rgb(255,105,0) 100%)\">Manifiesto le\u00eddo en la manifestaci\u00f3n<\/p>\n\n\n\n<div data-wp-interactive=\"core\/file\" class=\"wp-block-file\"><object data-wp-bind--hidden=\"!state.hasPdfPreview\" hidden class=\"wp-block-file__embed\" data=\"https:\/\/turcon.es\/wp\/wp-content\/uploads\/2023\/04\/manifiesto-canarias-tiene-un-limite1.pdf\" type=\"application\/pdf\" style=\"width:100%;height:600px\" aria-label=\"Incrustado de manifiesto-canarias-tiene-un-limite1.\"><\/object><a id=\"wp-block-file--media-614f810a-073c-47d2-a6d6-9db658e014dd\" href=\"https:\/\/turcon.es\/wp\/wp-content\/uploads\/2023\/04\/manifiesto-canarias-tiene-un-limite1.pdf\">manifiesto-canarias-tiene-un-limite1<\/a><a href=\"https:\/\/turcon.es\/wp\/wp-content\/uploads\/2023\/04\/manifiesto-canarias-tiene-un-limite1.pdf\" class=\"wp-block-file__button wp-element-button\" download aria-describedby=\"wp-block-file--media-614f810a-073c-47d2-a6d6-9db658e014dd\">Descarga<\/a><\/div>\n","protected":false},"excerpt":{"rendered":"<p>Frente a la actual crisis ecol\u00f3gica y social, l@s ecologistas exigen medidas encaminadas hac\u00eda la desturificaci\u00f3n del archipi\u00e9lago y el decrecimiento de la actividad tur\u00edstica. Con motivo del D\u00eda de La Tierra, cientos de personas se manifiestan en la capital grancanaria, bajo el lema \u201cCanarias tiene un L\u00edmite\u201d, para exigir la Moratoria Tur\u00edstica y la [&hellip;]<\/p>\n","protected":false},"author":2,"featured_media":0,"comment_status":"open","ping_status":"open","sticky":false,"template":"","format":"standard","meta":{"footnotes":""},"categories":[18,55,58],"tags":[344,629,1086],"class_list":["post-15856","post","type-post","status-publish","format-standard","hentry","category-canarias","category-recursos-naturales","category-sociedad-y-derechos","tag-canarias-tine-un-limite","tag-ecotasa-ya","tag-manifestacion"],"yoast_head":"<!-- This site is optimized with the Yoast SEO plugin v26.3 - https:\/\/yoast.com\/wordpress\/plugins\/seo\/ -->\n<title>Ben Magec exige medidas para la desturisficaci\u00f3n de Canarias - Colectivo Ecologista Turcon<\/title>\n<meta name=\"robots\" content=\"index, follow, max-snippet:-1, max-image-preview:large, max-video-preview:-1\" \/>\n<link rel=\"canonical\" href=\"https:\/\/turcon.es\/wp\/ben-magec-exige-medidas-para-la-desturisficacion-de-canarias\/\" \/>\n<meta property=\"og:locale\" content=\"es_ES\" \/>\n<meta property=\"og:type\" content=\"article\" \/>\n<meta property=\"og:title\" content=\"Ben Magec exige medidas para la desturisficaci\u00f3n de Canarias - Colectivo Ecologista Turcon\" \/>\n<meta property=\"og:description\" content=\"Frente a la actual crisis ecol\u00f3gica y social, l@s ecologistas exigen medidas encaminadas hac\u00eda la desturificaci\u00f3n del archipi\u00e9lago y el decrecimiento de la actividad tur\u00edstica. Con motivo del D\u00eda de La Tierra, cientos de personas se manifiestan en la capital grancanaria, bajo el lema \u201cCanarias tiene un L\u00edmite\u201d, para exigir la Moratoria Tur\u00edstica y la [&hellip;]\" \/>\n<meta property=\"og:url\" content=\"https:\/\/turcon.es\/wp\/ben-magec-exige-medidas-para-la-desturisficacion-de-canarias\/\" \/>\n<meta property=\"og:site_name\" content=\"Colectivo Ecologista Turcon\" \/>\n<meta property=\"article:published_time\" content=\"2023-04-24T18:22:11+00:00\" \/>\n<meta property=\"og:image\" content=\"https:\/\/turcon.es\/wp\/wp-content\/uploads\/2023\/04\/manifestacion-canarias-tiene-un-limite-1-1.jpg\" \/>\n\t<meta property=\"og:image:width\" content=\"1920\" \/>\n\t<meta property=\"og:image:height\" content=\"1080\" \/>\n\t<meta property=\"og:image:type\" content=\"image\/jpeg\" \/>\n<meta name=\"author\" content=\"Laura Fernandez\" \/>\n<meta name=\"twitter:card\" content=\"summary_large_image\" \/>\n<meta name=\"twitter:label1\" content=\"Escrito por\" \/>\n\t<meta name=\"twitter:data1\" content=\"Laura Fernandez\" \/>\n\t<meta name=\"twitter:label2\" content=\"Tiempo de lectura\" \/>\n\t<meta name=\"twitter:data2\" content=\"5 minutos\" \/>\n<script type=\"application\/ld+json\" class=\"yoast-schema-graph\">{\"@context\":\"https:\/\/schema.org\",\"@graph\":[{\"@type\":\"Article\",\"@id\":\"https:\/\/turcon.es\/wp\/ben-magec-exige-medidas-para-la-desturisficacion-de-canarias\/#article\",\"isPartOf\":{\"@id\":\"https:\/\/turcon.es\/wp\/ben-magec-exige-medidas-para-la-desturisficacion-de-canarias\/\"},\"author\":{\"name\":\"Laura Fernandez\",\"@id\":\"https:\/\/turcon.es\/wp\/#\/schema\/person\/a1f3ba727ce031d9da17684affe85edd\"},\"headline\":\"Ben Magec exige medidas para la desturisficaci\u00f3n de Canarias\",\"datePublished\":\"2023-04-24T18:22:11+00:00\",\"mainEntityOfPage\":{\"@id\":\"https:\/\/turcon.es\/wp\/ben-magec-exige-medidas-para-la-desturisficacion-de-canarias\/\"},\"wordCount\":1073,\"commentCount\":0,\"publisher\":{\"@id\":\"https:\/\/turcon.es\/wp\/#organization\"},\"image\":{\"@id\":\"https:\/\/turcon.es\/wp\/ben-magec-exige-medidas-para-la-desturisficacion-de-canarias\/#primaryimage\"},\"thumbnailUrl\":\"https:\/\/turcon.es\/wp\/wp-content\/uploads\/2023\/04\/manifestacion-canarias-tiene-un-limite-1.jpg?w=1024\",\"keywords\":[\"Canarias tine un limite\",\"Ecotasa Ya\",\"manifestaci\u00f3n\"],\"articleSection\":[\"Canarias\",\"Recursos naturales\",\"Sociedad y derechos\"],\"inLanguage\":\"es\",\"potentialAction\":[{\"@type\":\"CommentAction\",\"name\":\"Comment\",\"target\":[\"https:\/\/turcon.es\/wp\/ben-magec-exige-medidas-para-la-desturisficacion-de-canarias\/#respond\"]}]},{\"@type\":\"WebPage\",\"@id\":\"https:\/\/turcon.es\/wp\/ben-magec-exige-medidas-para-la-desturisficacion-de-canarias\/\",\"url\":\"https:\/\/turcon.es\/wp\/ben-magec-exige-medidas-para-la-desturisficacion-de-canarias\/\",\"name\":\"Ben Magec exige medidas para la desturisficaci\u00f3n de Canarias - Colectivo Ecologista Turcon\",\"isPartOf\":{\"@id\":\"https:\/\/turcon.es\/wp\/#website\"},\"primaryImageOfPage\":{\"@id\":\"https:\/\/turcon.es\/wp\/ben-magec-exige-medidas-para-la-desturisficacion-de-canarias\/#primaryimage\"},\"image\":{\"@id\":\"https:\/\/turcon.es\/wp\/ben-magec-exige-medidas-para-la-desturisficacion-de-canarias\/#primaryimage\"},\"thumbnailUrl\":\"https:\/\/turcon.es\/wp\/wp-content\/uploads\/2023\/04\/manifestacion-canarias-tiene-un-limite-1.jpg?w=1024\",\"datePublished\":\"2023-04-24T18:22:11+00:00\",\"breadcrumb\":{\"@id\":\"https:\/\/turcon.es\/wp\/ben-magec-exige-medidas-para-la-desturisficacion-de-canarias\/#breadcrumb\"},\"inLanguage\":\"es\",\"potentialAction\":[{\"@type\":\"ReadAction\",\"target\":[\"https:\/\/turcon.es\/wp\/ben-magec-exige-medidas-para-la-desturisficacion-de-canarias\/\"]}]},{\"@type\":\"ImageObject\",\"inLanguage\":\"es\",\"@id\":\"https:\/\/turcon.es\/wp\/ben-magec-exige-medidas-para-la-desturisficacion-de-canarias\/#primaryimage\",\"url\":\"https:\/\/turcon.es\/wp\/wp-content\/uploads\/2023\/04\/manifestacion-canarias-tiene-un-limite-1.jpg?w=1024\",\"contentUrl\":\"https:\/\/turcon.es\/wp\/wp-content\/uploads\/2023\/04\/manifestacion-canarias-tiene-un-limite-1.jpg?w=1024\"},{\"@type\":\"BreadcrumbList\",\"@id\":\"https:\/\/turcon.es\/wp\/ben-magec-exige-medidas-para-la-desturisficacion-de-canarias\/#breadcrumb\",\"itemListElement\":[{\"@type\":\"ListItem\",\"position\":1,\"name\":\"Portada\",\"item\":\"https:\/\/turcon.es\/wp\/\"},{\"@type\":\"ListItem\",\"position\":2,\"name\":\"Ben Magec exige medidas para la desturisficaci\u00f3n de Canarias\"}]},{\"@type\":\"WebSite\",\"@id\":\"https:\/\/turcon.es\/wp\/#website\",\"url\":\"https:\/\/turcon.es\/wp\/\",\"name\":\"Colectivo Ecologista Turcon\",\"description\":\"\",\"publisher\":{\"@id\":\"https:\/\/turcon.es\/wp\/#organization\"},\"potentialAction\":[{\"@type\":\"SearchAction\",\"target\":{\"@type\":\"EntryPoint\",\"urlTemplate\":\"https:\/\/turcon.es\/wp\/?s={search_term_string}\"},\"query-input\":{\"@type\":\"PropertyValueSpecification\",\"valueRequired\":true,\"valueName\":\"search_term_string\"}}],\"inLanguage\":\"es\"},{\"@type\":\"Organization\",\"@id\":\"https:\/\/turcon.es\/wp\/#organization\",\"name\":\"Colectivo Ecologista Turcon\",\"url\":\"https:\/\/turcon.es\/wp\/\",\"logo\":{\"@type\":\"ImageObject\",\"inLanguage\":\"es\",\"@id\":\"https:\/\/turcon.es\/wp\/#\/schema\/logo\/image\/\",\"url\":\"https:\/\/turcon.es\/wp\/wp-content\/uploads\/2025\/03\/logo-verde.svg\",\"contentUrl\":\"https:\/\/turcon.es\/wp\/wp-content\/uploads\/2025\/03\/logo-verde.svg\",\"width\":813,\"height\":813,\"caption\":\"Colectivo Ecologista Turcon\"},\"image\":{\"@id\":\"https:\/\/turcon.es\/wp\/#\/schema\/logo\/image\/\"}},{\"@type\":\"Person\",\"@id\":\"https:\/\/turcon.es\/wp\/#\/schema\/person\/a1f3ba727ce031d9da17684affe85edd\",\"name\":\"Laura Fernandez\",\"image\":{\"@type\":\"ImageObject\",\"inLanguage\":\"es\",\"@id\":\"https:\/\/turcon.es\/wp\/#\/schema\/person\/image\/\",\"url\":\"https:\/\/secure.gravatar.com\/avatar\/360749af9549af22e54582d50231ae56e854210ae2368797ba242f445a9852e8?s=96&d=mm&r=g\",\"contentUrl\":\"https:\/\/secure.gravatar.com\/avatar\/360749af9549af22e54582d50231ae56e854210ae2368797ba242f445a9852e8?s=96&d=mm&r=g\",\"caption\":\"Laura Fernandez\"},\"url\":\"https:\/\/turcon.es\/wp\/author\/admturcon\/\"}]}<\/script>\n<!-- \/ Yoast SEO plugin. -->","yoast_head_json":{"title":"Ben Magec exige medidas para la desturisficaci\u00f3n de Canarias - Colectivo Ecologista Turcon","robots":{"index":"index","follow":"follow","max-snippet":"max-snippet:-1","max-image-preview":"max-image-preview:large","max-video-preview":"max-video-preview:-1"},"canonical":"https:\/\/turcon.es\/wp\/ben-magec-exige-medidas-para-la-desturisficacion-de-canarias\/","og_locale":"es_ES","og_type":"article","og_title":"Ben Magec exige medidas para la desturisficaci\u00f3n de Canarias - Colectivo Ecologista Turcon","og_description":"Frente a la actual crisis ecol\u00f3gica y social, l@s ecologistas exigen medidas encaminadas hac\u00eda la desturificaci\u00f3n del archipi\u00e9lago y el decrecimiento de la actividad tur\u00edstica. Con motivo del D\u00eda de La Tierra, cientos de personas se manifiestan en la capital grancanaria, bajo el lema \u201cCanarias tiene un L\u00edmite\u201d, para exigir la Moratoria Tur\u00edstica y la [&hellip;]","og_url":"https:\/\/turcon.es\/wp\/ben-magec-exige-medidas-para-la-desturisficacion-de-canarias\/","og_site_name":"Colectivo Ecologista Turcon","article_published_time":"2023-04-24T18:22:11+00:00","og_image":[{"width":1920,"height":1080,"url":"https:\/\/turcon.es\/wp\/wp-content\/uploads\/2023\/04\/manifestacion-canarias-tiene-un-limite-1-1.jpg","type":"image\/jpeg"}],"author":"Laura Fernandez","twitter_card":"summary_large_image","twitter_misc":{"Escrito por":"Laura Fernandez","Tiempo de lectura":"5 minutos"},"schema":{"@context":"https:\/\/schema.org","@graph":[{"@type":"Article","@id":"https:\/\/turcon.es\/wp\/ben-magec-exige-medidas-para-la-desturisficacion-de-canarias\/#article","isPartOf":{"@id":"https:\/\/turcon.es\/wp\/ben-magec-exige-medidas-para-la-desturisficacion-de-canarias\/"},"author":{"name":"Laura Fernandez","@id":"https:\/\/turcon.es\/wp\/#\/schema\/person\/a1f3ba727ce031d9da17684affe85edd"},"headline":"Ben Magec exige medidas para la desturisficaci\u00f3n de Canarias","datePublished":"2023-04-24T18:22:11+00:00","mainEntityOfPage":{"@id":"https:\/\/turcon.es\/wp\/ben-magec-exige-medidas-para-la-desturisficacion-de-canarias\/"},"wordCount":1073,"commentCount":0,"publisher":{"@id":"https:\/\/turcon.es\/wp\/#organization"},"image":{"@id":"https:\/\/turcon.es\/wp\/ben-magec-exige-medidas-para-la-desturisficacion-de-canarias\/#primaryimage"},"thumbnailUrl":"https:\/\/turcon.es\/wp\/wp-content\/uploads\/2023\/04\/manifestacion-canarias-tiene-un-limite-1.jpg?w=1024","keywords":["Canarias tine un limite","Ecotasa Ya","manifestaci\u00f3n"],"articleSection":["Canarias","Recursos naturales","Sociedad y derechos"],"inLanguage":"es","potentialAction":[{"@type":"CommentAction","name":"Comment","target":["https:\/\/turcon.es\/wp\/ben-magec-exige-medidas-para-la-desturisficacion-de-canarias\/#respond"]}]},{"@type":"WebPage","@id":"https:\/\/turcon.es\/wp\/ben-magec-exige-medidas-para-la-desturisficacion-de-canarias\/","url":"https:\/\/turcon.es\/wp\/ben-magec-exige-medidas-para-la-desturisficacion-de-canarias\/","name":"Ben Magec exige medidas para la desturisficaci\u00f3n de Canarias - Colectivo Ecologista Turcon","isPartOf":{"@id":"https:\/\/turcon.es\/wp\/#website"},"primaryImageOfPage":{"@id":"https:\/\/turcon.es\/wp\/ben-magec-exige-medidas-para-la-desturisficacion-de-canarias\/#primaryimage"},"image":{"@id":"https:\/\/turcon.es\/wp\/ben-magec-exige-medidas-para-la-desturisficacion-de-canarias\/#primaryimage"},"thumbnailUrl":"https:\/\/turcon.es\/wp\/wp-content\/uploads\/2023\/04\/manifestacion-canarias-tiene-un-limite-1.jpg?w=1024","datePublished":"2023-04-24T18:22:11+00:00","breadcrumb":{"@id":"https:\/\/turcon.es\/wp\/ben-magec-exige-medidas-para-la-desturisficacion-de-canarias\/#breadcrumb"},"inLanguage":"es","potentialAction":[{"@type":"ReadAction","target":["https:\/\/turcon.es\/wp\/ben-magec-exige-medidas-para-la-desturisficacion-de-canarias\/"]}]},{"@type":"ImageObject","inLanguage":"es","@id":"https:\/\/turcon.es\/wp\/ben-magec-exige-medidas-para-la-desturisficacion-de-canarias\/#primaryimage","url":"https:\/\/turcon.es\/wp\/wp-content\/uploads\/2023\/04\/manifestacion-canarias-tiene-un-limite-1.jpg?w=1024","contentUrl":"https:\/\/turcon.es\/wp\/wp-content\/uploads\/2023\/04\/manifestacion-canarias-tiene-un-limite-1.jpg?w=1024"},{"@type":"BreadcrumbList","@id":"https:\/\/turcon.es\/wp\/ben-magec-exige-medidas-para-la-desturisficacion-de-canarias\/#breadcrumb","itemListElement":[{"@type":"ListItem","position":1,"name":"Portada","item":"https:\/\/turcon.es\/wp\/"},{"@type":"ListItem","position":2,"name":"Ben Magec exige medidas para la desturisficaci\u00f3n de Canarias"}]},{"@type":"WebSite","@id":"https:\/\/turcon.es\/wp\/#website","url":"https:\/\/turcon.es\/wp\/","name":"Colectivo Ecologista Turcon","description":"","publisher":{"@id":"https:\/\/turcon.es\/wp\/#organization"},"potentialAction":[{"@type":"SearchAction","target":{"@type":"EntryPoint","urlTemplate":"https:\/\/turcon.es\/wp\/?s={search_term_string}"},"query-input":{"@type":"PropertyValueSpecification","valueRequired":true,"valueName":"search_term_string"}}],"inLanguage":"es"},{"@type":"Organization","@id":"https:\/\/turcon.es\/wp\/#organization","name":"Colectivo Ecologista Turcon","url":"https:\/\/turcon.es\/wp\/","logo":{"@type":"ImageObject","inLanguage":"es","@id":"https:\/\/turcon.es\/wp\/#\/schema\/logo\/image\/","url":"https:\/\/turcon.es\/wp\/wp-content\/uploads\/2025\/03\/logo-verde.svg","contentUrl":"https:\/\/turcon.es\/wp\/wp-content\/uploads\/2025\/03\/logo-verde.svg","width":813,"height":813,"caption":"Colectivo Ecologista Turcon"},"image":{"@id":"https:\/\/turcon.es\/wp\/#\/schema\/logo\/image\/"}},{"@type":"Person","@id":"https:\/\/turcon.es\/wp\/#\/schema\/person\/a1f3ba727ce031d9da17684affe85edd","name":"Laura Fernandez","image":{"@type":"ImageObject","inLanguage":"es","@id":"https:\/\/turcon.es\/wp\/#\/schema\/person\/image\/","url":"https:\/\/secure.gravatar.com\/avatar\/360749af9549af22e54582d50231ae56e854210ae2368797ba242f445a9852e8?s=96&d=mm&r=g","contentUrl":"https:\/\/secure.gravatar.com\/avatar\/360749af9549af22e54582d50231ae56e854210ae2368797ba242f445a9852e8?s=96&d=mm&r=g","caption":"Laura Fernandez"},"url":"https:\/\/turcon.es\/wp\/author\/admturcon\/"}]}},"_links":{"self":[{"href":"https:\/\/turcon.es\/wp\/wp-json\/wp\/v2\/posts\/15856","targetHints":{"allow":["GET"]}}],"collection":[{"href":"https:\/\/turcon.es\/wp\/wp-json\/wp\/v2\/posts"}],"about":[{"href":"https:\/\/turcon.es\/wp\/wp-json\/wp\/v2\/types\/post"}],"author":[{"embeddable":true,"href":"https:\/\/turcon.es\/wp\/wp-json\/wp\/v2\/users\/2"}],"replies":[{"embeddable":true,"href":"https:\/\/turcon.es\/wp\/wp-json\/wp\/v2\/comments?post=15856"}],"version-history":[{"count":0,"href":"https:\/\/turcon.es\/wp\/wp-json\/wp\/v2\/posts\/15856\/revisions"}],"wp:attachment":[{"href":"https:\/\/turcon.es\/wp\/wp-json\/wp\/v2\/media?parent=15856"}],"wp:term":[{"taxonomy":"category","embeddable":true,"href":"https:\/\/turcon.es\/wp\/wp-json\/wp\/v2\/categories?post=15856"},{"taxonomy":"post_tag","embeddable":true,"href":"https:\/\/turcon.es\/wp\/wp-json\/wp\/v2\/tags?post=15856"}],"curies":[{"name":"wp","href":"https:\/\/api.w.org\/{rel}","templated":true}]}}