{"id":16547,"date":"2024-01-14T20:19:53","date_gmt":"2024-01-14T20:19:53","guid":{"rendered":"https:\/\/turcon.wordpress.com\/?p=16547"},"modified":"2024-01-14T20:19:53","modified_gmt":"2024-01-14T20:19:53","slug":"turcon-ecologistas-en-accion-anuncia-las-terceras-jornadas-de-los-ingenios-azucareros-investigacion-participacion-y-valores-a-preservar-los-picachos-30-aniversario-1994-2024","status":"publish","type":"post","link":"https:\/\/turcon.es\/wp\/turcon-ecologistas-en-accion-anuncia-las-terceras-jornadas-de-los-ingenios-azucareros-investigacion-participacion-y-valores-a-preservar-los-picachos-30-aniversario-1994-2024\/","title":{"rendered":"Turc\u00f3n-Ecologistas en Acci\u00f3n anuncia las Terceras Jornadas de los Ingenios Azucareros: Investigaci\u00f3n, participaci\u00f3n y valores a preservar. Los Picachos: 30 Aniversario (1994-2024)"},"content":{"rendered":"\n<p class=\"has-background\" style=\"background:radial-gradient(rgb(238,238,238) 76%,rgb(169,184,195) 100%);font-size:13px\"><strong><u>COMUNICADO DE PRENSA DE LA JUNTA DIRECTIVA DE TURC\u00d3N ECOLOGISTAS EN ACCI\u00d3N<\/u><\/strong><\/p>\n\n\n\n<div class=\"wp-block-cover\"><span aria-hidden=\"true\" class=\"wp-block-cover__background has-background-dim\"><\/span><img fetchpriority=\"high\" decoding=\"async\" width=\"957\" height=\"674\" class=\"wp-block-cover__image-background wp-image-16555\" alt=\"\" src=\"https:\/\/turcon.es\/wp\/wp-content\/uploads\/2024\/01\/ashampoo_snap_domingo-14-de-enero-de-2024_20h08m00s_001_.jpg?w=957\" data-object-fit=\"cover\" srcset=\"https:\/\/turcon.es\/wp\/wp-content\/uploads\/2024\/01\/ashampoo_snap_domingo-14-de-enero-de-2024_20h08m00s_001_.jpg 957w, https:\/\/turcon.es\/wp\/wp-content\/uploads\/2024\/01\/ashampoo_snap_domingo-14-de-enero-de-2024_20h08m00s_001_-300x211.jpg 300w, https:\/\/turcon.es\/wp\/wp-content\/uploads\/2024\/01\/ashampoo_snap_domingo-14-de-enero-de-2024_20h08m00s_001_-768x541.jpg 768w\" sizes=\"(max-width: 957px) 100vw, 957px\" \/><div class=\"wp-block-cover__inner-container is-layout-flow wp-block-cover-is-layout-flow\">\n<p class=\"has-text-align-justify\" style=\"font-size:18px\"><strong>Como todos los a\u00f1os el Colectivo Turc\u00f3n-Ecologistas en Acci\u00f3n organiza en el mes de febrero las actividades relacionadas con Los Picachos de Telde. Este a\u00f1o, adem\u00e1s de la visita a las ruinas del antiguo ingenio azucarero, ha preparado un programa de charlas divulgativas que se desarrollaran en la Casa Museo Le\u00f3n y Castillo, los d\u00edas 14 y 16 de febrero de 2024. Todas las actividades est\u00e1n abiertas al p\u00fablico y ser\u00e1n de manera gratuita.<\/strong><\/p>\n\n\n\n<p class=\"has-text-align-justify\" style=\"font-size:18px\"><strong>Este a\u00f1o se cumple justamente 30 a\u00f1os de la ca\u00edda de una las pilastras del ingenio azucarero y motivo por el cual, Turc\u00f3n-Ecologistas en Acci\u00f3n, recuerda que hoy m\u00e1s que nunca ponemos en valor el rico y variado patrimonio cultural que la actividad gener\u00f3 alrededor de nuestra ciudad.<\/strong><\/p>\n\n\n\n<p class=\"has-text-align-justify\" style=\"font-size:18px\"><strong>El programa de actividades preparado para esta ocasi\u00f3n comienza con un recorrido por los hitos hist\u00f3ricos del az\u00facar en Telde<\/strong>.<\/p>\n<\/div><\/div>\n\n\n\n<p class=\"has-text-align-center has-black-color has-text-color has-background has-link-color wp-elements-eb3495cee9a4aa26bd2de76f46d01cf3\" style=\"background:linear-gradient(0deg,rgb(252,185,0) 64%,rgb(255,105,0) 100%);font-size:17px\">Pulsa sobre el enlace activo para descargar el programa de las Terceras Jornadas de los Ingenios Azucareros. Investigaci\u00f3n, participaci\u00f3n y valores a conservar.<\/p>\n\n\n\n<div data-wp-interactive=\"core\/file\" class=\"wp-block-file\"><object data-wp-bind--hidden=\"!state.hasPdfPreview\" hidden class=\"wp-block-file__embed\" data=\"https:\/\/turcon.es\/wp\/wp-content\/uploads\/2024\/01\/campana-turcon_picacho.pdf\" type=\"application\/pdf\" style=\"width:100%;height:600px\" aria-label=\"Incrustado de campana-turcon_picacho.\"><\/object><a id=\"wp-block-file--media-a247125c-f1f3-4693-8ff2-96eae03cdd88\" href=\"https:\/\/turcon.es\/wp\/wp-content\/uploads\/2024\/01\/campana-turcon_picacho.pdf\">campana-turcon_picacho<\/a><a href=\"https:\/\/turcon.es\/wp\/wp-content\/uploads\/2024\/01\/campana-turcon_picacho.pdf\" class=\"wp-block-file__button wp-element-button\" download aria-describedby=\"wp-block-file--media-a247125c-f1f3-4693-8ff2-96eae03cdd88\">Descarga<\/a><\/div>\n\n\n\n<p class=\"has-background\" style=\"background:linear-gradient(180deg,rgb(238,238,238) 72%,rgb(169,184,195) 100%);font-size:18px\"><strong><u>S\u00e1bado, d\u00eda 10 de febrero:<\/u><\/strong><\/p>\n\n\n\n<p class=\"has-text-align-justify\"><strong>9:30h.<\/strong>\u2002Visita a Los Picachos y construcciones de Telde vinculadas con el cultivo de la ca\u00f1a de az\u00facar. Inicio en el Ingenio Azucarero de Telde. Valent\u00edn Barroso (Los Picachos y las investigaciones realizadas).<\/p>\n\n\n\n<p class=\"has-text-align-justify\">Exteriores guiados por arque\u00f3logos del Colectivo Turc\u00f3n. Finalizaci\u00f3n de la ruta en el retablo de la Iglesia de San Juan, Bas\u00edlica Menor de Telde: retablo g\u00f3tico flamenco de la Bas\u00edlica de Telde. Desde hace unas semanas, Iv\u00e1n Arencibia acomete labores de conservaci\u00f3n y mantenimiento en esta pieza excepcional del siglo XVI del altar mayor del templo.<\/p>\n\n\n\n<p>Ruta familiar. Nivel BAJO.<\/p>\n\n\n\n<p>Actividad gratuita.<\/p>\n\n\n\n<p class=\"has-background\" style=\"background:linear-gradient(180deg,rgb(238,238,238) 61%,rgb(169,184,195) 100%);font-size:18px\">Nos volvemos a encontrar el <strong><u>Mi\u00e9rcoles, d\u00eda 14 de febrero.<\/u><\/strong><\/p>\n\n\n\n<p><strong>18:00<\/strong>\u00a0\u00a0 Presentaci\u00f3n de las Jornadas, por la presidenta de Turc\u00f3n, D\u00f1a. Consuelo Jorges L\u00f3pez.<\/p>\n\n\n\n<p><strong>18:10<\/strong>\u00a0\u00a0 Interviene Director General de Patrimonio Cultural del Gobierno de Canarias.<\/p>\n\n\n\n<p><strong>18:20<\/strong>\u00a0\u00a0 Interviene representaci\u00f3n del Cabildo de Gran Canaria.\u00a0\u00a0\u00a0\u00a0\u00a0<\/p>\n\n\n\n<p><strong>18:30<\/strong>\u00a0\u00a0 Interviene representaci\u00f3n del Ayuntamiento de Telde.\u00a0\u00a0\u00a0\u00a0\u00a0\u00a0\u00a0<\/p>\n\n\n\n<p class=\"has-text-align-justify\"><strong>18:40<\/strong>\u00a0\u00a0 Intervenci\u00f3n del Profesor de la ULPGC, Doctor en Historia Moderna, Don Manuel Lobo Cabrera sobre <strong>\u201cLas Haciendas Azucareras en Canarias\u201d.<\/strong><\/p>\n\n\n\n<p class=\"has-background\" style=\"background:linear-gradient(180deg,rgb(238,238,238) 52%,rgb(169,184,195) 100%);font-size:18px\"><strong><u>Y finalmente, el Viernes, d\u00eda 16 de febrero.<\/u><\/strong><\/p>\n\n\n\n<p class=\"has-text-align-justify\"><strong>18:00<\/strong>\u00a0\u00a0 Intervenci\u00f3n del Ilmo. Sr. Don Antonio Mar\u00eda Gonz\u00e1lez Padr\u00f3n, Cronista Oficial de la ciudad de Telde, sobre <strong>\u201cEl patrimonio art\u00edstico teldense como resultado del comercio del az\u00facar\u201d.<\/strong><\/p>\n\n\n\n<p class=\"has-text-align-justify\"><strong>19:00<\/strong>\u00a0\u00a0 <strong><em>In Memoria<\/em>m.\u2002Recuerdo de la Profesora de la ULPGC, Dra. D\u00f1a. Benedicta Rivero Su\u00e1rez,<\/strong> Doctora en Historia Medieval, que falleci\u00f3 en Telde, el a\u00f1o 2023. A modo de semblanza y puesta en valor del trabajo realizado por la profesora sobre el az\u00facar en Canarias, hablar\u00e1 el Profesor Honor\u00edfico de la ULPGC, Dr. Don Vicente Su\u00e1rez Grim\u00f3n.<\/p>\n\n\n\n<p class=\"has-text-align-justify\"><strong>Estas Jornadas se celebran en el sal\u00f3n de actos de la Casa Museo Le\u00f3n y Castillo. Espacio con aforo limitado<\/strong><\/p>\n\n\n\n<p>Estas jornadas son Organizadas por el Colectivo Turc\u00f3n-Ecologistas en Acci\u00f3n y cuentan con la colaboraci\u00f3n de la Casa Museo Le\u00f3n y Castillo de Telde, el Gobierno de Canarias (Direcci\u00f3n General de Patrimonio Cultural), la Consejer\u00eda de Participaci\u00f3n Ciudadana del Cabildo de Gran Canaria y el Ayuntamiento de Telde.<\/p>\n\n\n\n<p class=\"has-background\" style=\"background:linear-gradient(0deg,rgb(255,245,203) 0%,rgb(182,227,212) 50%,rgb(51,167,181) 100%);font-size:18px\"><strong><u>M\u00e1s informaci\u00f3n sobre LOS PICACHOS DE TELDE<\/u><\/strong><\/p>\n\n\n\n<p class=\"has-text-align-justify\">Todos los meses de febrero, el Colectivo Turc\u00f3n Ecologistas en Acci\u00f3n, toma el compromiso de recordar y hacer sentir la historia, a la vez que modelar con sus acciones todo un hito de participaci\u00f3n, v\u00ednculo y contrato con el legado arqueol\u00f3gico y patrimonial de Telde y de Canarias en general.<\/p>\n\n\n\n<p class=\"has-text-align-justify\">Han pasado 30 a\u00f1os desde la noche del 14 de febrero de 1994 cuando cay\u00f3 una de las pilastras del antiguo Ingenio Azucarero de Los Picachos de Telde. M\u00faltiples fueron la puesta en escena para mentalizar y crear un estado de opini\u00f3n activo y de defensa de este bien patrimonial. Las administraciones se unieron y llegaron a un compromiso con la ciudadan\u00eda y con el patrimonio hist\u00f3rico de Canarias, haciendo valer ahora m\u00e1s que nunca, el lema de <strong><em>\u201ctodo lo que vale la pena hacerlo solos, se enriquece haci\u00e9ndolo juntos\u201d.<\/em><\/strong><\/p>\n\n\n\n<p class=\"has-background\" style=\"background:linear-gradient(180deg,rgb(255,245,203) 0%,rgb(182,227,212) 50%,rgb(51,167,181) 100%);font-size:18px\"><strong><u>Los Picachos y la globalizaci\u00f3n del \u201coro blanco\u201d.<\/u><\/strong><\/p>\n\n\n\n<p class=\"has-text-align-justify\">El az\u00facar para Canarias en los siglos XV, XVI y ya en menor medida en el primer cuarto del XVII supuso el aut\u00e9ntico motor econ\u00f3mico de la Isla, marcando su desarrollo, adem\u00e1s de las que ven\u00edan dadas por la pertenencia a estamentos militares, de la administraci\u00f3n o religiosos, las diferencias sociales del momento. Tambi\u00e9n los ingenios tanto con sus plantaciones, como sus n\u00facleos fabriles y de poblaci\u00f3n y sobre todo con la extracci\u00f3n permanente y continua de madera de los bosques isle\u00f1os supusieron un fen\u00f3meno de transformaci\u00f3n paisaj\u00edstica de gran importancia que sin duda marc\u00f3 la fisonom\u00eda de la Isla en los siglos venideros.<\/p>\n\n\n\n<p class=\"has-text-align-justify\">Los ingenios azucareros pronto se convertir\u00e1n en importantes emporios econ\u00f3micos a los que se les asocian no s\u00f3lo las infraestructuras necesarias para la producci\u00f3n de az\u00facar (plantaciones, molino, salas de calderas, salas de purgado, etc.), sino que se ir\u00e1 creando un verdadero ente aut\u00f3nomo en el que se construyen las viviendas para alojar a los trabajadores del ingenio (especialistas, artesanos, asalariados, esclavos, etc.), hornos de pan, etc.<\/p>\n\n\n\n<p class=\"has-text-align-justify\">La exportaci\u00f3n de az\u00facar permiti\u00f3 el despegue econ\u00f3mico del archipi\u00e9lago marcando el desarrollo de los principales n\u00facleos poblacionales de las islas productoras, hasta que la competencia de las producciones americanas provoca la crisis y declive del az\u00facar en el archipi\u00e9lago, obligando a la reconversi\u00f3n de la producci\u00f3n agr\u00edcola canaria hacia la producci\u00f3n de vino.<\/p>\n\n\n\n<p class=\"has-text-align-justify\">La expansi\u00f3n atl\u00e1ntica del cultivo de ca\u00f1a de az\u00facar culmina con su traslado a Am\u00e9rica, donde vivir\u00e1 su apogeo y m\u00e1xima expansi\u00f3n agr\u00edcola en las colonias espa\u00f1olas, pero, sobre todo, en las portuguesas, principalmente en Brasil, que constituye en la actualidad, el principal productor de az\u00facar en el mundo.<\/p>\n\n\n\n<p class=\"has-text-align-justify\">En las primeras \u201cJornadas de los Ingenios Azucareros: Investigaci\u00f3n, participaci\u00f3n y valores a preservar, presentaci\u00f3n p\u00fablica de los resultados de la intervenci\u00f3n arqueol\u00f3gica realizada en 2021\u201d, ciclo organizado por Turc\u00f3n Ecologistas en Acci\u00f3n, el arque\u00f3logo Valent\u00edn Barroso confirm\u00f3 la existencia, relaci\u00f3n, causa y efecto, de que las pilastras de Los Picachos coincid\u00edan con un Ingenio Azucarero, por si hab\u00eda dudas. Descubri\u00f3 la recuperaci\u00f3n de fragmentos de recipientes cer\u00e1micos variados y la zona del hueco de la rueda del molino, posible sala de molienda. Recre\u00f3 con las modernas t\u00e9cnicas (dibujos y maquetas) lo que pudo ser la industria del az\u00facar en Telde, el Ingenio Azucarero de Los Picachos.<\/p>\n\n\n\n<p class=\"has-text-align-justify\">A lo largo de estas jornadas, se ha hablado, por ejemplo, de la llegada en el primer tercio del siglo XVI, de tres retablos flamencos de primera categor\u00eda a Telde, vinculados a la familia Garc\u00eda del Castillo, propietarios de ingenios azucareros.<\/p>\n\n\n\n<p class=\"has-text-align-justify\">Las ruinas de Los Picachos todav\u00eda no han escrito su \u00faltima p\u00e1gina. Lo cierto es que el ingenio y el az\u00facar permiti\u00f3 trazar una l\u00ednea tangencial atl\u00e1ntica, una ruta econ\u00f3mica, social y cultural, entre Europa, Madeira, Canarias y el Nuevo Mundo.<\/p>\n\n\n\n<p class=\"has-text-align-justify\">Todas estas investigaciones y su posterior divulgaci\u00f3n, nos ayudar\u00e1n a comprender mejor todo aquel complejo industrial del oro blanco que globaliz\u00f3 la realidad de Telde y su conexi\u00f3n con el mundo del siglo XVI.<\/p>\n","protected":false},"excerpt":{"rendered":"<p>COMUNICADO DE PRENSA DE LA JUNTA DIRECTIVA DE TURC\u00d3N ECOLOGISTAS EN ACCI\u00d3N Pulsa sobre el enlace activo para descargar el programa de las Terceras Jornadas de los Ingenios Azucareros. Investigaci\u00f3n, participaci\u00f3n y valores a conservar. S\u00e1bado, d\u00eda 10 de febrero: 9:30h.\u2002Visita a Los Picachos y construcciones de Telde vinculadas con el cultivo de la ca\u00f1a [&hellip;]<\/p>\n","protected":false},"author":2,"featured_media":0,"comment_status":"open","ping_status":"open","sticky":false,"template":"","format":"standard","meta":{"footnotes":""},"categories":[13,46,49,60],"tags":[923,1631],"class_list":["post-16547","post","type-post","status-publish","format-standard","hentry","category-arqueologia","category-notas-de-prensa-de-turcon","category-patrimonio-historico","category-telde-gran-canaria","tag-ingenio-azucarero-de-los-picachos-telde","tag-terceras-jornadas-de-los-ingenios-azucareros-investigacion"],"yoast_head":"<!-- This site is optimized with the Yoast SEO plugin v26.3 - https:\/\/yoast.com\/wordpress\/plugins\/seo\/ -->\n<title>Turc\u00f3n-Ecologistas en Acci\u00f3n anuncia las Terceras Jornadas de los Ingenios Azucareros: Investigaci\u00f3n, participaci\u00f3n y valores a preservar. Los Picachos: 30 Aniversario (1994-2024) - Colectivo Ecologista Turcon<\/title>\n<meta name=\"robots\" content=\"index, follow, max-snippet:-1, max-image-preview:large, max-video-preview:-1\" \/>\n<link rel=\"canonical\" href=\"https:\/\/turcon.es\/wp\/turcon-ecologistas-en-accion-anuncia-las-terceras-jornadas-de-los-ingenios-azucareros-investigacion-participacion-y-valores-a-preservar-los-picachos-30-aniversario-1994-2024\/\" \/>\n<meta property=\"og:locale\" content=\"es_ES\" \/>\n<meta property=\"og:type\" content=\"article\" \/>\n<meta property=\"og:title\" content=\"Turc\u00f3n-Ecologistas en Acci\u00f3n anuncia las Terceras Jornadas de los Ingenios Azucareros: Investigaci\u00f3n, participaci\u00f3n y valores a preservar. Los Picachos: 30 Aniversario (1994-2024) - Colectivo Ecologista Turcon\" \/>\n<meta property=\"og:description\" content=\"COMUNICADO DE PRENSA DE LA JUNTA DIRECTIVA DE TURC\u00d3N ECOLOGISTAS EN ACCI\u00d3N Pulsa sobre el enlace activo para descargar el programa de las Terceras Jornadas de los Ingenios Azucareros. Investigaci\u00f3n, participaci\u00f3n y valores a conservar. S\u00e1bado, d\u00eda 10 de febrero: 9:30h.\u2002Visita a Los Picachos y construcciones de Telde vinculadas con el cultivo de la ca\u00f1a [&hellip;]\" \/>\n<meta property=\"og:url\" content=\"https:\/\/turcon.es\/wp\/turcon-ecologistas-en-accion-anuncia-las-terceras-jornadas-de-los-ingenios-azucareros-investigacion-participacion-y-valores-a-preservar-los-picachos-30-aniversario-1994-2024\/\" \/>\n<meta property=\"og:site_name\" content=\"Colectivo Ecologista Turcon\" \/>\n<meta property=\"article:published_time\" content=\"2024-01-14T20:19:53+00:00\" \/>\n<meta property=\"og:image\" content=\"https:\/\/turcon.es\/wp\/wp-content\/uploads\/2024\/01\/ashampoo_snap_domingo-14-de-enero-de-2024_20h08m00s_001_.jpg\" \/>\n\t<meta property=\"og:image:width\" content=\"957\" \/>\n\t<meta property=\"og:image:height\" content=\"674\" \/>\n\t<meta property=\"og:image:type\" content=\"image\/jpeg\" \/>\n<meta name=\"author\" content=\"Laura Fernandez\" \/>\n<meta name=\"twitter:card\" content=\"summary_large_image\" \/>\n<meta name=\"twitter:label1\" content=\"Escrito por\" \/>\n\t<meta name=\"twitter:data1\" content=\"Laura Fernandez\" \/>\n\t<meta name=\"twitter:label2\" content=\"Tiempo de lectura\" \/>\n\t<meta name=\"twitter:data2\" content=\"6 minutos\" \/>\n<script type=\"application\/ld+json\" class=\"yoast-schema-graph\">{\"@context\":\"https:\/\/schema.org\",\"@graph\":[{\"@type\":\"Article\",\"@id\":\"https:\/\/turcon.es\/wp\/turcon-ecologistas-en-accion-anuncia-las-terceras-jornadas-de-los-ingenios-azucareros-investigacion-participacion-y-valores-a-preservar-los-picachos-30-aniversario-1994-2024\/#article\",\"isPartOf\":{\"@id\":\"https:\/\/turcon.es\/wp\/turcon-ecologistas-en-accion-anuncia-las-terceras-jornadas-de-los-ingenios-azucareros-investigacion-participacion-y-valores-a-preservar-los-picachos-30-aniversario-1994-2024\/\"},\"author\":{\"name\":\"Laura Fernandez\",\"@id\":\"https:\/\/turcon.es\/wp\/#\/schema\/person\/a1f3ba727ce031d9da17684affe85edd\"},\"headline\":\"Turc\u00f3n-Ecologistas en Acci\u00f3n anuncia las Terceras Jornadas de los Ingenios Azucareros: Investigaci\u00f3n, participaci\u00f3n y valores a preservar. Los Picachos: 30 Aniversario (1994-2024)\",\"datePublished\":\"2024-01-14T20:19:53+00:00\",\"mainEntityOfPage\":{\"@id\":\"https:\/\/turcon.es\/wp\/turcon-ecologistas-en-accion-anuncia-las-terceras-jornadas-de-los-ingenios-azucareros-investigacion-participacion-y-valores-a-preservar-los-picachos-30-aniversario-1994-2024\/\"},\"wordCount\":1323,\"commentCount\":0,\"publisher\":{\"@id\":\"https:\/\/turcon.es\/wp\/#organization\"},\"image\":{\"@id\":\"https:\/\/turcon.es\/wp\/turcon-ecologistas-en-accion-anuncia-las-terceras-jornadas-de-los-ingenios-azucareros-investigacion-participacion-y-valores-a-preservar-los-picachos-30-aniversario-1994-2024\/#primaryimage\"},\"thumbnailUrl\":\"https:\/\/turcon.es\/wp\/wp-content\/uploads\/2024\/01\/ashampoo_snap_domingo-14-de-enero-de-2024_20h08m00s_001_.jpg?w=957\",\"keywords\":[\"Ingenio azucarero de los Picachos (Telde)\",\"Terceras Jornadas de los Ingenios Azucareros. Investigaci\u00f3n\"],\"articleSection\":[\"Arqueolog\u00eda\",\"Notas de prensa de Turc\u00f3n\",\"Patrimonio hist\u00f3rico\",\"Telde (Gran Canaria)\"],\"inLanguage\":\"es\",\"potentialAction\":[{\"@type\":\"CommentAction\",\"name\":\"Comment\",\"target\":[\"https:\/\/turcon.es\/wp\/turcon-ecologistas-en-accion-anuncia-las-terceras-jornadas-de-los-ingenios-azucareros-investigacion-participacion-y-valores-a-preservar-los-picachos-30-aniversario-1994-2024\/#respond\"]}]},{\"@type\":\"WebPage\",\"@id\":\"https:\/\/turcon.es\/wp\/turcon-ecologistas-en-accion-anuncia-las-terceras-jornadas-de-los-ingenios-azucareros-investigacion-participacion-y-valores-a-preservar-los-picachos-30-aniversario-1994-2024\/\",\"url\":\"https:\/\/turcon.es\/wp\/turcon-ecologistas-en-accion-anuncia-las-terceras-jornadas-de-los-ingenios-azucareros-investigacion-participacion-y-valores-a-preservar-los-picachos-30-aniversario-1994-2024\/\",\"name\":\"Turc\u00f3n-Ecologistas en Acci\u00f3n anuncia las Terceras Jornadas de los Ingenios Azucareros: Investigaci\u00f3n, participaci\u00f3n y valores a preservar. Los Picachos: 30 Aniversario (1994-2024) - Colectivo Ecologista Turcon\",\"isPartOf\":{\"@id\":\"https:\/\/turcon.es\/wp\/#website\"},\"primaryImageOfPage\":{\"@id\":\"https:\/\/turcon.es\/wp\/turcon-ecologistas-en-accion-anuncia-las-terceras-jornadas-de-los-ingenios-azucareros-investigacion-participacion-y-valores-a-preservar-los-picachos-30-aniversario-1994-2024\/#primaryimage\"},\"image\":{\"@id\":\"https:\/\/turcon.es\/wp\/turcon-ecologistas-en-accion-anuncia-las-terceras-jornadas-de-los-ingenios-azucareros-investigacion-participacion-y-valores-a-preservar-los-picachos-30-aniversario-1994-2024\/#primaryimage\"},\"thumbnailUrl\":\"https:\/\/turcon.es\/wp\/wp-content\/uploads\/2024\/01\/ashampoo_snap_domingo-14-de-enero-de-2024_20h08m00s_001_.jpg?w=957\",\"datePublished\":\"2024-01-14T20:19:53+00:00\",\"breadcrumb\":{\"@id\":\"https:\/\/turcon.es\/wp\/turcon-ecologistas-en-accion-anuncia-las-terceras-jornadas-de-los-ingenios-azucareros-investigacion-participacion-y-valores-a-preservar-los-picachos-30-aniversario-1994-2024\/#breadcrumb\"},\"inLanguage\":\"es\",\"potentialAction\":[{\"@type\":\"ReadAction\",\"target\":[\"https:\/\/turcon.es\/wp\/turcon-ecologistas-en-accion-anuncia-las-terceras-jornadas-de-los-ingenios-azucareros-investigacion-participacion-y-valores-a-preservar-los-picachos-30-aniversario-1994-2024\/\"]}]},{\"@type\":\"ImageObject\",\"inLanguage\":\"es\",\"@id\":\"https:\/\/turcon.es\/wp\/turcon-ecologistas-en-accion-anuncia-las-terceras-jornadas-de-los-ingenios-azucareros-investigacion-participacion-y-valores-a-preservar-los-picachos-30-aniversario-1994-2024\/#primaryimage\",\"url\":\"https:\/\/turcon.es\/wp\/wp-content\/uploads\/2024\/01\/ashampoo_snap_domingo-14-de-enero-de-2024_20h08m00s_001_.jpg?w=957\",\"contentUrl\":\"https:\/\/turcon.es\/wp\/wp-content\/uploads\/2024\/01\/ashampoo_snap_domingo-14-de-enero-de-2024_20h08m00s_001_.jpg?w=957\"},{\"@type\":\"BreadcrumbList\",\"@id\":\"https:\/\/turcon.es\/wp\/turcon-ecologistas-en-accion-anuncia-las-terceras-jornadas-de-los-ingenios-azucareros-investigacion-participacion-y-valores-a-preservar-los-picachos-30-aniversario-1994-2024\/#breadcrumb\",\"itemListElement\":[{\"@type\":\"ListItem\",\"position\":1,\"name\":\"Portada\",\"item\":\"https:\/\/turcon.es\/wp\/\"},{\"@type\":\"ListItem\",\"position\":2,\"name\":\"Turc\u00f3n-Ecologistas en Acci\u00f3n anuncia las Terceras Jornadas de los Ingenios Azucareros: Investigaci\u00f3n, participaci\u00f3n y valores a preservar. Los Picachos: 30 Aniversario (1994-2024)\"}]},{\"@type\":\"WebSite\",\"@id\":\"https:\/\/turcon.es\/wp\/#website\",\"url\":\"https:\/\/turcon.es\/wp\/\",\"name\":\"Colectivo Ecologista Turcon\",\"description\":\"\",\"publisher\":{\"@id\":\"https:\/\/turcon.es\/wp\/#organization\"},\"potentialAction\":[{\"@type\":\"SearchAction\",\"target\":{\"@type\":\"EntryPoint\",\"urlTemplate\":\"https:\/\/turcon.es\/wp\/?s={search_term_string}\"},\"query-input\":{\"@type\":\"PropertyValueSpecification\",\"valueRequired\":true,\"valueName\":\"search_term_string\"}}],\"inLanguage\":\"es\"},{\"@type\":\"Organization\",\"@id\":\"https:\/\/turcon.es\/wp\/#organization\",\"name\":\"Colectivo Ecologista Turcon\",\"url\":\"https:\/\/turcon.es\/wp\/\",\"logo\":{\"@type\":\"ImageObject\",\"inLanguage\":\"es\",\"@id\":\"https:\/\/turcon.es\/wp\/#\/schema\/logo\/image\/\",\"url\":\"https:\/\/turcon.es\/wp\/wp-content\/uploads\/2025\/03\/logo-verde.svg\",\"contentUrl\":\"https:\/\/turcon.es\/wp\/wp-content\/uploads\/2025\/03\/logo-verde.svg\",\"width\":813,\"height\":813,\"caption\":\"Colectivo Ecologista Turcon\"},\"image\":{\"@id\":\"https:\/\/turcon.es\/wp\/#\/schema\/logo\/image\/\"}},{\"@type\":\"Person\",\"@id\":\"https:\/\/turcon.es\/wp\/#\/schema\/person\/a1f3ba727ce031d9da17684affe85edd\",\"name\":\"Laura Fernandez\",\"image\":{\"@type\":\"ImageObject\",\"inLanguage\":\"es\",\"@id\":\"https:\/\/turcon.es\/wp\/#\/schema\/person\/image\/\",\"url\":\"https:\/\/secure.gravatar.com\/avatar\/360749af9549af22e54582d50231ae56e854210ae2368797ba242f445a9852e8?s=96&d=mm&r=g\",\"contentUrl\":\"https:\/\/secure.gravatar.com\/avatar\/360749af9549af22e54582d50231ae56e854210ae2368797ba242f445a9852e8?s=96&d=mm&r=g\",\"caption\":\"Laura Fernandez\"},\"url\":\"https:\/\/turcon.es\/wp\/author\/admturcon\/\"}]}<\/script>\n<!-- \/ Yoast SEO plugin. -->","yoast_head_json":{"title":"Turc\u00f3n-Ecologistas en Acci\u00f3n anuncia las Terceras Jornadas de los Ingenios Azucareros: Investigaci\u00f3n, participaci\u00f3n y valores a preservar. Los Picachos: 30 Aniversario (1994-2024) - Colectivo Ecologista Turcon","robots":{"index":"index","follow":"follow","max-snippet":"max-snippet:-1","max-image-preview":"max-image-preview:large","max-video-preview":"max-video-preview:-1"},"canonical":"https:\/\/turcon.es\/wp\/turcon-ecologistas-en-accion-anuncia-las-terceras-jornadas-de-los-ingenios-azucareros-investigacion-participacion-y-valores-a-preservar-los-picachos-30-aniversario-1994-2024\/","og_locale":"es_ES","og_type":"article","og_title":"Turc\u00f3n-Ecologistas en Acci\u00f3n anuncia las Terceras Jornadas de los Ingenios Azucareros: Investigaci\u00f3n, participaci\u00f3n y valores a preservar. Los Picachos: 30 Aniversario (1994-2024) - Colectivo Ecologista Turcon","og_description":"COMUNICADO DE PRENSA DE LA JUNTA DIRECTIVA DE TURC\u00d3N ECOLOGISTAS EN ACCI\u00d3N Pulsa sobre el enlace activo para descargar el programa de las Terceras Jornadas de los Ingenios Azucareros. Investigaci\u00f3n, participaci\u00f3n y valores a conservar. S\u00e1bado, d\u00eda 10 de febrero: 9:30h.\u2002Visita a Los Picachos y construcciones de Telde vinculadas con el cultivo de la ca\u00f1a [&hellip;]","og_url":"https:\/\/turcon.es\/wp\/turcon-ecologistas-en-accion-anuncia-las-terceras-jornadas-de-los-ingenios-azucareros-investigacion-participacion-y-valores-a-preservar-los-picachos-30-aniversario-1994-2024\/","og_site_name":"Colectivo Ecologista Turcon","article_published_time":"2024-01-14T20:19:53+00:00","og_image":[{"width":957,"height":674,"url":"https:\/\/turcon.es\/wp\/wp-content\/uploads\/2024\/01\/ashampoo_snap_domingo-14-de-enero-de-2024_20h08m00s_001_.jpg","type":"image\/jpeg"}],"author":"Laura Fernandez","twitter_card":"summary_large_image","twitter_misc":{"Escrito por":"Laura Fernandez","Tiempo de lectura":"6 minutos"},"schema":{"@context":"https:\/\/schema.org","@graph":[{"@type":"Article","@id":"https:\/\/turcon.es\/wp\/turcon-ecologistas-en-accion-anuncia-las-terceras-jornadas-de-los-ingenios-azucareros-investigacion-participacion-y-valores-a-preservar-los-picachos-30-aniversario-1994-2024\/#article","isPartOf":{"@id":"https:\/\/turcon.es\/wp\/turcon-ecologistas-en-accion-anuncia-las-terceras-jornadas-de-los-ingenios-azucareros-investigacion-participacion-y-valores-a-preservar-los-picachos-30-aniversario-1994-2024\/"},"author":{"name":"Laura Fernandez","@id":"https:\/\/turcon.es\/wp\/#\/schema\/person\/a1f3ba727ce031d9da17684affe85edd"},"headline":"Turc\u00f3n-Ecologistas en Acci\u00f3n anuncia las Terceras Jornadas de los Ingenios Azucareros: Investigaci\u00f3n, participaci\u00f3n y valores a preservar. Los Picachos: 30 Aniversario (1994-2024)","datePublished":"2024-01-14T20:19:53+00:00","mainEntityOfPage":{"@id":"https:\/\/turcon.es\/wp\/turcon-ecologistas-en-accion-anuncia-las-terceras-jornadas-de-los-ingenios-azucareros-investigacion-participacion-y-valores-a-preservar-los-picachos-30-aniversario-1994-2024\/"},"wordCount":1323,"commentCount":0,"publisher":{"@id":"https:\/\/turcon.es\/wp\/#organization"},"image":{"@id":"https:\/\/turcon.es\/wp\/turcon-ecologistas-en-accion-anuncia-las-terceras-jornadas-de-los-ingenios-azucareros-investigacion-participacion-y-valores-a-preservar-los-picachos-30-aniversario-1994-2024\/#primaryimage"},"thumbnailUrl":"https:\/\/turcon.es\/wp\/wp-content\/uploads\/2024\/01\/ashampoo_snap_domingo-14-de-enero-de-2024_20h08m00s_001_.jpg?w=957","keywords":["Ingenio azucarero de los Picachos (Telde)","Terceras Jornadas de los Ingenios Azucareros. Investigaci\u00f3n"],"articleSection":["Arqueolog\u00eda","Notas de prensa de Turc\u00f3n","Patrimonio hist\u00f3rico","Telde (Gran Canaria)"],"inLanguage":"es","potentialAction":[{"@type":"CommentAction","name":"Comment","target":["https:\/\/turcon.es\/wp\/turcon-ecologistas-en-accion-anuncia-las-terceras-jornadas-de-los-ingenios-azucareros-investigacion-participacion-y-valores-a-preservar-los-picachos-30-aniversario-1994-2024\/#respond"]}]},{"@type":"WebPage","@id":"https:\/\/turcon.es\/wp\/turcon-ecologistas-en-accion-anuncia-las-terceras-jornadas-de-los-ingenios-azucareros-investigacion-participacion-y-valores-a-preservar-los-picachos-30-aniversario-1994-2024\/","url":"https:\/\/turcon.es\/wp\/turcon-ecologistas-en-accion-anuncia-las-terceras-jornadas-de-los-ingenios-azucareros-investigacion-participacion-y-valores-a-preservar-los-picachos-30-aniversario-1994-2024\/","name":"Turc\u00f3n-Ecologistas en Acci\u00f3n anuncia las Terceras Jornadas de los Ingenios Azucareros: Investigaci\u00f3n, participaci\u00f3n y valores a preservar. Los Picachos: 30 Aniversario (1994-2024) - Colectivo Ecologista Turcon","isPartOf":{"@id":"https:\/\/turcon.es\/wp\/#website"},"primaryImageOfPage":{"@id":"https:\/\/turcon.es\/wp\/turcon-ecologistas-en-accion-anuncia-las-terceras-jornadas-de-los-ingenios-azucareros-investigacion-participacion-y-valores-a-preservar-los-picachos-30-aniversario-1994-2024\/#primaryimage"},"image":{"@id":"https:\/\/turcon.es\/wp\/turcon-ecologistas-en-accion-anuncia-las-terceras-jornadas-de-los-ingenios-azucareros-investigacion-participacion-y-valores-a-preservar-los-picachos-30-aniversario-1994-2024\/#primaryimage"},"thumbnailUrl":"https:\/\/turcon.es\/wp\/wp-content\/uploads\/2024\/01\/ashampoo_snap_domingo-14-de-enero-de-2024_20h08m00s_001_.jpg?w=957","datePublished":"2024-01-14T20:19:53+00:00","breadcrumb":{"@id":"https:\/\/turcon.es\/wp\/turcon-ecologistas-en-accion-anuncia-las-terceras-jornadas-de-los-ingenios-azucareros-investigacion-participacion-y-valores-a-preservar-los-picachos-30-aniversario-1994-2024\/#breadcrumb"},"inLanguage":"es","potentialAction":[{"@type":"ReadAction","target":["https:\/\/turcon.es\/wp\/turcon-ecologistas-en-accion-anuncia-las-terceras-jornadas-de-los-ingenios-azucareros-investigacion-participacion-y-valores-a-preservar-los-picachos-30-aniversario-1994-2024\/"]}]},{"@type":"ImageObject","inLanguage":"es","@id":"https:\/\/turcon.es\/wp\/turcon-ecologistas-en-accion-anuncia-las-terceras-jornadas-de-los-ingenios-azucareros-investigacion-participacion-y-valores-a-preservar-los-picachos-30-aniversario-1994-2024\/#primaryimage","url":"https:\/\/turcon.es\/wp\/wp-content\/uploads\/2024\/01\/ashampoo_snap_domingo-14-de-enero-de-2024_20h08m00s_001_.jpg?w=957","contentUrl":"https:\/\/turcon.es\/wp\/wp-content\/uploads\/2024\/01\/ashampoo_snap_domingo-14-de-enero-de-2024_20h08m00s_001_.jpg?w=957"},{"@type":"BreadcrumbList","@id":"https:\/\/turcon.es\/wp\/turcon-ecologistas-en-accion-anuncia-las-terceras-jornadas-de-los-ingenios-azucareros-investigacion-participacion-y-valores-a-preservar-los-picachos-30-aniversario-1994-2024\/#breadcrumb","itemListElement":[{"@type":"ListItem","position":1,"name":"Portada","item":"https:\/\/turcon.es\/wp\/"},{"@type":"ListItem","position":2,"name":"Turc\u00f3n-Ecologistas en Acci\u00f3n anuncia las Terceras Jornadas de los Ingenios Azucareros: Investigaci\u00f3n, participaci\u00f3n y valores a preservar. Los Picachos: 30 Aniversario (1994-2024)"}]},{"@type":"WebSite","@id":"https:\/\/turcon.es\/wp\/#website","url":"https:\/\/turcon.es\/wp\/","name":"Colectivo Ecologista Turcon","description":"","publisher":{"@id":"https:\/\/turcon.es\/wp\/#organization"},"potentialAction":[{"@type":"SearchAction","target":{"@type":"EntryPoint","urlTemplate":"https:\/\/turcon.es\/wp\/?s={search_term_string}"},"query-input":{"@type":"PropertyValueSpecification","valueRequired":true,"valueName":"search_term_string"}}],"inLanguage":"es"},{"@type":"Organization","@id":"https:\/\/turcon.es\/wp\/#organization","name":"Colectivo Ecologista Turcon","url":"https:\/\/turcon.es\/wp\/","logo":{"@type":"ImageObject","inLanguage":"es","@id":"https:\/\/turcon.es\/wp\/#\/schema\/logo\/image\/","url":"https:\/\/turcon.es\/wp\/wp-content\/uploads\/2025\/03\/logo-verde.svg","contentUrl":"https:\/\/turcon.es\/wp\/wp-content\/uploads\/2025\/03\/logo-verde.svg","width":813,"height":813,"caption":"Colectivo Ecologista Turcon"},"image":{"@id":"https:\/\/turcon.es\/wp\/#\/schema\/logo\/image\/"}},{"@type":"Person","@id":"https:\/\/turcon.es\/wp\/#\/schema\/person\/a1f3ba727ce031d9da17684affe85edd","name":"Laura Fernandez","image":{"@type":"ImageObject","inLanguage":"es","@id":"https:\/\/turcon.es\/wp\/#\/schema\/person\/image\/","url":"https:\/\/secure.gravatar.com\/avatar\/360749af9549af22e54582d50231ae56e854210ae2368797ba242f445a9852e8?s=96&d=mm&r=g","contentUrl":"https:\/\/secure.gravatar.com\/avatar\/360749af9549af22e54582d50231ae56e854210ae2368797ba242f445a9852e8?s=96&d=mm&r=g","caption":"Laura Fernandez"},"url":"https:\/\/turcon.es\/wp\/author\/admturcon\/"}]}},"_links":{"self":[{"href":"https:\/\/turcon.es\/wp\/wp-json\/wp\/v2\/posts\/16547","targetHints":{"allow":["GET"]}}],"collection":[{"href":"https:\/\/turcon.es\/wp\/wp-json\/wp\/v2\/posts"}],"about":[{"href":"https:\/\/turcon.es\/wp\/wp-json\/wp\/v2\/types\/post"}],"author":[{"embeddable":true,"href":"https:\/\/turcon.es\/wp\/wp-json\/wp\/v2\/users\/2"}],"replies":[{"embeddable":true,"href":"https:\/\/turcon.es\/wp\/wp-json\/wp\/v2\/comments?post=16547"}],"version-history":[{"count":0,"href":"https:\/\/turcon.es\/wp\/wp-json\/wp\/v2\/posts\/16547\/revisions"}],"wp:attachment":[{"href":"https:\/\/turcon.es\/wp\/wp-json\/wp\/v2\/media?parent=16547"}],"wp:term":[{"taxonomy":"category","embeddable":true,"href":"https:\/\/turcon.es\/wp\/wp-json\/wp\/v2\/categories?post=16547"},{"taxonomy":"post_tag","embeddable":true,"href":"https:\/\/turcon.es\/wp\/wp-json\/wp\/v2\/tags?post=16547"}],"curies":[{"name":"wp","href":"https:\/\/api.w.org\/{rel}","templated":true}]}}