{"id":16659,"date":"2024-02-21T22:18:59","date_gmt":"2024-02-21T22:18:59","guid":{"rendered":"https:\/\/turcon.wordpress.com\/?p=16659"},"modified":"2024-02-21T22:18:59","modified_gmt":"2024-02-21T22:18:59","slug":"videos-con-el-contenido-integro-de-las-iii-jornadas-de-los-ingenios-azucareros-investigacion-participacion-y-valores-a-preservar-30-aniversario","status":"publish","type":"post","link":"https:\/\/turcon.es\/wp\/videos-con-el-contenido-integro-de-las-iii-jornadas-de-los-ingenios-azucareros-investigacion-participacion-y-valores-a-preservar-30-aniversario\/","title":{"rendered":"Videos con el contenido \u00edntegro de las III Jornadas de los Ingenios Azucareros: Investigaci\u00f3n, participaci\u00f3n y valores a preservar, 30 Aniversario"},"content":{"rendered":"\n<p class=\"has-text-align-justify has-black-color has-text-color has-background has-link-color wp-elements-278f851323c02020d15aeb08780c6c58\" style=\"background:linear-gradient(135deg,rgb(252,185,0) 100%,rgb(255,105,0) 100%)\">Enlace a videos con el contenido \u00edntegro de las Terceras Jornadas celebrada el mi\u00e9rcoles 14 y viernes 16 de febrero de 2024 en la Casa-Museo Le\u00f3n y Castillo, organizada por el Colectivo Turc\u00f3n Ecologistas en Acci\u00f3n, en el marco del compromiso de recordar y hacer part\u00edcipe a la sociedad la importancia del legado arqueol\u00f3gico y patrimonial de Telde y de Canarias en general, entorno a los restos del ingenio azucarero de \u00abLos Picachos\u00bb.<\/p>\n\n\n\n<p class=\"has-black-color has-very-light-gray-to-cyan-bluish-gray-gradient-background has-text-color has-background has-link-color wp-elements-ce8ec9f8f9f4aca955c28a3a13629103\" style=\"font-size:16px\"><strong><u>S\u00e1bado, d\u00eda 10 de febrero:<\/u><\/strong><\/p>\n\n\n\n<p class=\"has-text-align-justify\">Visita a Los Picachos y construcciones de Telde vinculadas con el cultivo de la ca\u00f1a de az\u00facar. Inicio en el Ingenio Azucarero de Telde. Valent\u00edn Barroso (Los Picachos y las investigaciones realizadas). Exteriores guiados por arque\u00f3logos del Colectivo Turc\u00f3n. Finalizaci\u00f3n de la ruta en el retablo de la Iglesia de San Juan, Bas\u00edlica Menor de Telde: retablo g\u00f3tico flamenco de la Bas\u00edlica de Telde. Desde hace unas semanas, Iv\u00e1n Arencibia acomete labores de conservaci\u00f3n y mantenimiento en esta pieza excepcional del siglo XVI del altar mayor del templo. <strong>Material fotogr\u00e1fico en la redes sociales de Turc\u00f3n<\/strong><\/p>\n\n\n\n<p class=\"has-black-color has-text-color has-background has-link-color wp-elements-f61dd3b8802ccd99432733b07d8dca1c\" style=\"background:linear-gradient(135deg,rgb(252,185,0) 0%,rgb(255,105,0) 0%);font-size:16px\">Sesiones de las jornadas celebradas en la Casa Museo Le\u00f3n y Castillo de Telde<\/p>\n\n\n\n<p class=\"has-very-light-gray-to-cyan-bluish-gray-gradient-background has-background\" style=\"font-size:16px\"> <strong><u>Mi\u00e9rcoles, d\u00eda 14 de febrero.<\/u><\/strong><\/p>\n\n\n\n<p>18:00&nbsp;&nbsp; Presentaci\u00f3n de las Jornadas, presidenta de Turc\u00f3n, D\u00f1a. Consuelo Jorges L\u00f3pez.<\/p>\n\n\n\n<p>18:10&nbsp;&nbsp; Interviene Director General de Patrimonio Cultural del Gobierno de Canarias.<\/p>\n\n\n\n<p>18:20&nbsp;&nbsp; Interviene representaci\u00f3n del Cabildo de Gran Canaria.&nbsp;&nbsp;&nbsp;&nbsp;&nbsp;<\/p>\n\n\n\n<p>18:30&nbsp;&nbsp; Interviene representaci\u00f3n del Ayuntamiento de Telde.&nbsp;&nbsp;&nbsp;&nbsp;&nbsp;&nbsp;&nbsp;<\/p>\n\n\n\n<p class=\"has-text-align-justify\">18:40&nbsp;&nbsp; Intervenci\u00f3n del Profesor de la ULPGC, Doctor en Historia Moderna, Don Manuel Lobo Cabrera sobre \u201cLas Haciendas Azucareras en Canarias\u201d.<\/p>\n\n\n\n<figure class=\"wp-block-embed is-type-video is-provider-youtube wp-block-embed-youtube wp-embed-aspect-16-9 wp-has-aspect-ratio\"><div class=\"wp-block-embed__wrapper\">\n<iframe title=\"III Jornadas ingenios azucareros: Investigaci\u00f3n, participaci\u00f3n y valores a preservar 30 Aniversario.\" width=\"800\" height=\"450\" src=\"https:\/\/www.youtube.com\/embed\/LAs6P2t14pM?start=237&#038;feature=oembed\" frameborder=\"0\" allow=\"accelerometer; autoplay; clipboard-write; encrypted-media; gyroscope; picture-in-picture; web-share\" referrerpolicy=\"strict-origin-when-cross-origin\" allowfullscreen><\/iframe>\n<\/div><\/figure>\n\n\n\n<p class=\"has-black-color has-very-light-gray-to-cyan-bluish-gray-gradient-background has-text-color has-background has-link-color wp-elements-f964ca099cb91c2d6e2e4fcc4a40d62c\" style=\"font-size:16px\"><strong><u>Viernes, d\u00eda 16 de febrero.<\/u><\/strong><\/p>\n\n\n\n<p class=\"has-text-align-justify\">18:00&nbsp;&nbsp; Intervenci\u00f3n del Ilmo. Sr. Don Antonio Mar\u00eda Gonz\u00e1lez Padr\u00f3n, Cronista Oficial de la ciudad de Telde, sobre \u201cEl patrimonio art\u00edstico teldense como resultado del comercio del az\u00facar\u201d.<\/p>\n\n\n\n<p class=\"has-text-align-justify\">19:00&nbsp;&nbsp; <em>In Memoria<\/em>m.&nbsp;&nbsp; Recuerdo de la Profesora de la ULPGC, Dra. D\u00f1a. Benedicta Rivero Su\u00e1rez, Doctora en Historia Medieval, que falleci\u00f3 en Telde, el a\u00f1o 2023. A modo de semblanza y puesta en valor del trabajo realizado por la profesora sobre el az\u00facar en Canarias, hablar\u00e1 el Profesor Honor\u00edfico de la ULPGC, Dr. Don Vicente Su\u00e1rez Grim\u00f3n.<\/p>\n\n\n\n<figure class=\"wp-block-embed is-type-video is-provider-youtube wp-block-embed-youtube wp-embed-aspect-16-9 wp-has-aspect-ratio\"><div class=\"wp-block-embed__wrapper\">\n<iframe title=\"III Jornadas ingenios azucareros: Investigaci\u00f3n, participaci\u00f3n y valores a preservar 30 Aniversario.\" width=\"800\" height=\"450\" src=\"https:\/\/www.youtube.com\/embed\/omX876zXjio?feature=oembed\" frameborder=\"0\" allow=\"accelerometer; autoplay; clipboard-write; encrypted-media; gyroscope; picture-in-picture; web-share\" referrerpolicy=\"strict-origin-when-cross-origin\" allowfullscreen><\/iframe>\n<\/div><\/figure>\n\n\n\n<p>Estas jornadas son Organizadas por el Colectivo Turc\u00f3n-Ecologistas en Acci\u00f3n y cuentan con la colaboraci\u00f3n de la Casa Museo Le\u00f3n y Castillo de Telde, el Gobierno de Canarias (Direcci\u00f3n General de Patrimonio Cultural) y la Consejer\u00eda de Participaci\u00f3n Ciudadana del Cabildo de Gran Canaria y el Ayuntamiento de Telde.<\/p>\n","protected":false},"excerpt":{"rendered":"<p>Enlace a videos con el contenido \u00edntegro de las Terceras Jornadas celebrada el mi\u00e9rcoles 14 y viernes 16 de febrero de 2024 en la Casa-Museo Le\u00f3n y Castillo, organizada por el Colectivo Turc\u00f3n Ecologistas en Acci\u00f3n, en el marco del compromiso de recordar y hacer part\u00edcipe a la sociedad la importancia del legado arqueol\u00f3gico y [&hellip;]<\/p>\n","protected":false},"author":2,"featured_media":0,"comment_status":"open","ping_status":"open","sticky":false,"template":"","format":"standard","meta":{"footnotes":""},"categories":[13,28,49,60],"tags":[925,966,1631,1728],"class_list":["post-16659","post","type-post","status-publish","format-standard","hentry","category-arqueologia","category-cursos-congresos-y-encuentros","category-patrimonio-historico","category-telde-gran-canaria","tag-ingenios-azucareros","tag-jornadas-los-picachos","tag-terceras-jornadas-de-los-ingenios-azucareros-investigacion","tag-videos"],"yoast_head":"<!-- This site is optimized with the Yoast SEO plugin v26.3 - https:\/\/yoast.com\/wordpress\/plugins\/seo\/ -->\n<title>Videos con el contenido \u00edntegro de las III Jornadas de los Ingenios Azucareros: Investigaci\u00f3n, participaci\u00f3n y valores a preservar, 30 Aniversario - Colectivo Ecologista Turcon<\/title>\n<meta name=\"robots\" content=\"index, follow, max-snippet:-1, max-image-preview:large, max-video-preview:-1\" \/>\n<link rel=\"canonical\" href=\"https:\/\/turcon.es\/wp\/videos-con-el-contenido-integro-de-las-iii-jornadas-de-los-ingenios-azucareros-investigacion-participacion-y-valores-a-preservar-30-aniversario\/\" \/>\n<meta property=\"og:locale\" content=\"es_ES\" \/>\n<meta property=\"og:type\" content=\"article\" \/>\n<meta property=\"og:title\" content=\"Videos con el contenido \u00edntegro de las III Jornadas de los Ingenios Azucareros: Investigaci\u00f3n, participaci\u00f3n y valores a preservar, 30 Aniversario - Colectivo Ecologista Turcon\" \/>\n<meta property=\"og:description\" content=\"Enlace a videos con el contenido \u00edntegro de las Terceras Jornadas celebrada el mi\u00e9rcoles 14 y viernes 16 de febrero de 2024 en la Casa-Museo Le\u00f3n y Castillo, organizada por el Colectivo Turc\u00f3n Ecologistas en Acci\u00f3n, en el marco del compromiso de recordar y hacer part\u00edcipe a la sociedad la importancia del legado arqueol\u00f3gico y [&hellip;]\" \/>\n<meta property=\"og:url\" content=\"https:\/\/turcon.es\/wp\/videos-con-el-contenido-integro-de-las-iii-jornadas-de-los-ingenios-azucareros-investigacion-participacion-y-valores-a-preservar-30-aniversario\/\" \/>\n<meta property=\"og:site_name\" content=\"Colectivo Ecologista Turcon\" \/>\n<meta property=\"article:published_time\" content=\"2024-02-21T22:18:59+00:00\" \/>\n<meta name=\"author\" content=\"Laura Fernandez\" \/>\n<meta name=\"twitter:card\" content=\"summary_large_image\" \/>\n<meta name=\"twitter:label1\" content=\"Escrito por\" \/>\n\t<meta name=\"twitter:data1\" content=\"Laura Fernandez\" \/>\n\t<meta name=\"twitter:label2\" content=\"Tiempo de lectura\" \/>\n\t<meta name=\"twitter:data2\" content=\"2 minutos\" \/>\n<script type=\"application\/ld+json\" class=\"yoast-schema-graph\">{\"@context\":\"https:\/\/schema.org\",\"@graph\":[{\"@type\":\"Article\",\"@id\":\"https:\/\/turcon.es\/wp\/videos-con-el-contenido-integro-de-las-iii-jornadas-de-los-ingenios-azucareros-investigacion-participacion-y-valores-a-preservar-30-aniversario\/#article\",\"isPartOf\":{\"@id\":\"https:\/\/turcon.es\/wp\/videos-con-el-contenido-integro-de-las-iii-jornadas-de-los-ingenios-azucareros-investigacion-participacion-y-valores-a-preservar-30-aniversario\/\"},\"author\":{\"name\":\"Laura Fernandez\",\"@id\":\"https:\/\/turcon.es\/wp\/#\/schema\/person\/a1f3ba727ce031d9da17684affe85edd\"},\"headline\":\"Videos con el contenido \u00edntegro de las III Jornadas de los Ingenios Azucareros: Investigaci\u00f3n, participaci\u00f3n y valores a preservar, 30 Aniversario\",\"datePublished\":\"2024-02-21T22:18:59+00:00\",\"mainEntityOfPage\":{\"@id\":\"https:\/\/turcon.es\/wp\/videos-con-el-contenido-integro-de-las-iii-jornadas-de-los-ingenios-azucareros-investigacion-participacion-y-valores-a-preservar-30-aniversario\/\"},\"wordCount\":500,\"commentCount\":0,\"publisher\":{\"@id\":\"https:\/\/turcon.es\/wp\/#organization\"},\"keywords\":[\"Ingenios azucareros\",\"Jornadas Los Picachos\",\"Terceras Jornadas de los Ingenios Azucareros. Investigaci\u00f3n\",\"Videos\"],\"articleSection\":[\"Arqueolog\u00eda\",\"Cursos, congresos y encuentros\",\"Patrimonio hist\u00f3rico\",\"Telde (Gran Canaria)\"],\"inLanguage\":\"es\",\"potentialAction\":[{\"@type\":\"CommentAction\",\"name\":\"Comment\",\"target\":[\"https:\/\/turcon.es\/wp\/videos-con-el-contenido-integro-de-las-iii-jornadas-de-los-ingenios-azucareros-investigacion-participacion-y-valores-a-preservar-30-aniversario\/#respond\"]}]},{\"@type\":\"WebPage\",\"@id\":\"https:\/\/turcon.es\/wp\/videos-con-el-contenido-integro-de-las-iii-jornadas-de-los-ingenios-azucareros-investigacion-participacion-y-valores-a-preservar-30-aniversario\/\",\"url\":\"https:\/\/turcon.es\/wp\/videos-con-el-contenido-integro-de-las-iii-jornadas-de-los-ingenios-azucareros-investigacion-participacion-y-valores-a-preservar-30-aniversario\/\",\"name\":\"Videos con el contenido \u00edntegro de las III Jornadas de los Ingenios Azucareros: Investigaci\u00f3n, participaci\u00f3n y valores a preservar, 30 Aniversario - Colectivo Ecologista Turcon\",\"isPartOf\":{\"@id\":\"https:\/\/turcon.es\/wp\/#website\"},\"datePublished\":\"2024-02-21T22:18:59+00:00\",\"breadcrumb\":{\"@id\":\"https:\/\/turcon.es\/wp\/videos-con-el-contenido-integro-de-las-iii-jornadas-de-los-ingenios-azucareros-investigacion-participacion-y-valores-a-preservar-30-aniversario\/#breadcrumb\"},\"inLanguage\":\"es\",\"potentialAction\":[{\"@type\":\"ReadAction\",\"target\":[\"https:\/\/turcon.es\/wp\/videos-con-el-contenido-integro-de-las-iii-jornadas-de-los-ingenios-azucareros-investigacion-participacion-y-valores-a-preservar-30-aniversario\/\"]}]},{\"@type\":\"BreadcrumbList\",\"@id\":\"https:\/\/turcon.es\/wp\/videos-con-el-contenido-integro-de-las-iii-jornadas-de-los-ingenios-azucareros-investigacion-participacion-y-valores-a-preservar-30-aniversario\/#breadcrumb\",\"itemListElement\":[{\"@type\":\"ListItem\",\"position\":1,\"name\":\"Portada\",\"item\":\"https:\/\/turcon.es\/wp\/\"},{\"@type\":\"ListItem\",\"position\":2,\"name\":\"Videos con el contenido \u00edntegro de las III Jornadas de los Ingenios Azucareros: Investigaci\u00f3n, participaci\u00f3n y valores a preservar, 30 Aniversario\"}]},{\"@type\":\"WebSite\",\"@id\":\"https:\/\/turcon.es\/wp\/#website\",\"url\":\"https:\/\/turcon.es\/wp\/\",\"name\":\"Colectivo Ecologista Turcon\",\"description\":\"\",\"publisher\":{\"@id\":\"https:\/\/turcon.es\/wp\/#organization\"},\"potentialAction\":[{\"@type\":\"SearchAction\",\"target\":{\"@type\":\"EntryPoint\",\"urlTemplate\":\"https:\/\/turcon.es\/wp\/?s={search_term_string}\"},\"query-input\":{\"@type\":\"PropertyValueSpecification\",\"valueRequired\":true,\"valueName\":\"search_term_string\"}}],\"inLanguage\":\"es\"},{\"@type\":\"Organization\",\"@id\":\"https:\/\/turcon.es\/wp\/#organization\",\"name\":\"Colectivo Ecologista Turcon\",\"url\":\"https:\/\/turcon.es\/wp\/\",\"logo\":{\"@type\":\"ImageObject\",\"inLanguage\":\"es\",\"@id\":\"https:\/\/turcon.es\/wp\/#\/schema\/logo\/image\/\",\"url\":\"https:\/\/turcon.es\/wp\/wp-content\/uploads\/2025\/03\/logo-verde.svg\",\"contentUrl\":\"https:\/\/turcon.es\/wp\/wp-content\/uploads\/2025\/03\/logo-verde.svg\",\"width\":813,\"height\":813,\"caption\":\"Colectivo Ecologista Turcon\"},\"image\":{\"@id\":\"https:\/\/turcon.es\/wp\/#\/schema\/logo\/image\/\"}},{\"@type\":\"Person\",\"@id\":\"https:\/\/turcon.es\/wp\/#\/schema\/person\/a1f3ba727ce031d9da17684affe85edd\",\"name\":\"Laura Fernandez\",\"image\":{\"@type\":\"ImageObject\",\"inLanguage\":\"es\",\"@id\":\"https:\/\/turcon.es\/wp\/#\/schema\/person\/image\/\",\"url\":\"https:\/\/secure.gravatar.com\/avatar\/360749af9549af22e54582d50231ae56e854210ae2368797ba242f445a9852e8?s=96&d=mm&r=g\",\"contentUrl\":\"https:\/\/secure.gravatar.com\/avatar\/360749af9549af22e54582d50231ae56e854210ae2368797ba242f445a9852e8?s=96&d=mm&r=g\",\"caption\":\"Laura Fernandez\"},\"url\":\"https:\/\/turcon.es\/wp\/author\/admturcon\/\"}]}<\/script>\n<!-- \/ Yoast SEO plugin. -->","yoast_head_json":{"title":"Videos con el contenido \u00edntegro de las III Jornadas de los Ingenios Azucareros: Investigaci\u00f3n, participaci\u00f3n y valores a preservar, 30 Aniversario - Colectivo Ecologista Turcon","robots":{"index":"index","follow":"follow","max-snippet":"max-snippet:-1","max-image-preview":"max-image-preview:large","max-video-preview":"max-video-preview:-1"},"canonical":"https:\/\/turcon.es\/wp\/videos-con-el-contenido-integro-de-las-iii-jornadas-de-los-ingenios-azucareros-investigacion-participacion-y-valores-a-preservar-30-aniversario\/","og_locale":"es_ES","og_type":"article","og_title":"Videos con el contenido \u00edntegro de las III Jornadas de los Ingenios Azucareros: Investigaci\u00f3n, participaci\u00f3n y valores a preservar, 30 Aniversario - Colectivo Ecologista Turcon","og_description":"Enlace a videos con el contenido \u00edntegro de las Terceras Jornadas celebrada el mi\u00e9rcoles 14 y viernes 16 de febrero de 2024 en la Casa-Museo Le\u00f3n y Castillo, organizada por el Colectivo Turc\u00f3n Ecologistas en Acci\u00f3n, en el marco del compromiso de recordar y hacer part\u00edcipe a la sociedad la importancia del legado arqueol\u00f3gico y [&hellip;]","og_url":"https:\/\/turcon.es\/wp\/videos-con-el-contenido-integro-de-las-iii-jornadas-de-los-ingenios-azucareros-investigacion-participacion-y-valores-a-preservar-30-aniversario\/","og_site_name":"Colectivo Ecologista Turcon","article_published_time":"2024-02-21T22:18:59+00:00","author":"Laura Fernandez","twitter_card":"summary_large_image","twitter_misc":{"Escrito por":"Laura Fernandez","Tiempo de lectura":"2 minutos"},"schema":{"@context":"https:\/\/schema.org","@graph":[{"@type":"Article","@id":"https:\/\/turcon.es\/wp\/videos-con-el-contenido-integro-de-las-iii-jornadas-de-los-ingenios-azucareros-investigacion-participacion-y-valores-a-preservar-30-aniversario\/#article","isPartOf":{"@id":"https:\/\/turcon.es\/wp\/videos-con-el-contenido-integro-de-las-iii-jornadas-de-los-ingenios-azucareros-investigacion-participacion-y-valores-a-preservar-30-aniversario\/"},"author":{"name":"Laura Fernandez","@id":"https:\/\/turcon.es\/wp\/#\/schema\/person\/a1f3ba727ce031d9da17684affe85edd"},"headline":"Videos con el contenido \u00edntegro de las III Jornadas de los Ingenios Azucareros: Investigaci\u00f3n, participaci\u00f3n y valores a preservar, 30 Aniversario","datePublished":"2024-02-21T22:18:59+00:00","mainEntityOfPage":{"@id":"https:\/\/turcon.es\/wp\/videos-con-el-contenido-integro-de-las-iii-jornadas-de-los-ingenios-azucareros-investigacion-participacion-y-valores-a-preservar-30-aniversario\/"},"wordCount":500,"commentCount":0,"publisher":{"@id":"https:\/\/turcon.es\/wp\/#organization"},"keywords":["Ingenios azucareros","Jornadas Los Picachos","Terceras Jornadas de los Ingenios Azucareros. Investigaci\u00f3n","Videos"],"articleSection":["Arqueolog\u00eda","Cursos, congresos y encuentros","Patrimonio hist\u00f3rico","Telde (Gran Canaria)"],"inLanguage":"es","potentialAction":[{"@type":"CommentAction","name":"Comment","target":["https:\/\/turcon.es\/wp\/videos-con-el-contenido-integro-de-las-iii-jornadas-de-los-ingenios-azucareros-investigacion-participacion-y-valores-a-preservar-30-aniversario\/#respond"]}]},{"@type":"WebPage","@id":"https:\/\/turcon.es\/wp\/videos-con-el-contenido-integro-de-las-iii-jornadas-de-los-ingenios-azucareros-investigacion-participacion-y-valores-a-preservar-30-aniversario\/","url":"https:\/\/turcon.es\/wp\/videos-con-el-contenido-integro-de-las-iii-jornadas-de-los-ingenios-azucareros-investigacion-participacion-y-valores-a-preservar-30-aniversario\/","name":"Videos con el contenido \u00edntegro de las III Jornadas de los Ingenios Azucareros: Investigaci\u00f3n, participaci\u00f3n y valores a preservar, 30 Aniversario - Colectivo Ecologista Turcon","isPartOf":{"@id":"https:\/\/turcon.es\/wp\/#website"},"datePublished":"2024-02-21T22:18:59+00:00","breadcrumb":{"@id":"https:\/\/turcon.es\/wp\/videos-con-el-contenido-integro-de-las-iii-jornadas-de-los-ingenios-azucareros-investigacion-participacion-y-valores-a-preservar-30-aniversario\/#breadcrumb"},"inLanguage":"es","potentialAction":[{"@type":"ReadAction","target":["https:\/\/turcon.es\/wp\/videos-con-el-contenido-integro-de-las-iii-jornadas-de-los-ingenios-azucareros-investigacion-participacion-y-valores-a-preservar-30-aniversario\/"]}]},{"@type":"BreadcrumbList","@id":"https:\/\/turcon.es\/wp\/videos-con-el-contenido-integro-de-las-iii-jornadas-de-los-ingenios-azucareros-investigacion-participacion-y-valores-a-preservar-30-aniversario\/#breadcrumb","itemListElement":[{"@type":"ListItem","position":1,"name":"Portada","item":"https:\/\/turcon.es\/wp\/"},{"@type":"ListItem","position":2,"name":"Videos con el contenido \u00edntegro de las III Jornadas de los Ingenios Azucareros: Investigaci\u00f3n, participaci\u00f3n y valores a preservar, 30 Aniversario"}]},{"@type":"WebSite","@id":"https:\/\/turcon.es\/wp\/#website","url":"https:\/\/turcon.es\/wp\/","name":"Colectivo Ecologista Turcon","description":"","publisher":{"@id":"https:\/\/turcon.es\/wp\/#organization"},"potentialAction":[{"@type":"SearchAction","target":{"@type":"EntryPoint","urlTemplate":"https:\/\/turcon.es\/wp\/?s={search_term_string}"},"query-input":{"@type":"PropertyValueSpecification","valueRequired":true,"valueName":"search_term_string"}}],"inLanguage":"es"},{"@type":"Organization","@id":"https:\/\/turcon.es\/wp\/#organization","name":"Colectivo Ecologista Turcon","url":"https:\/\/turcon.es\/wp\/","logo":{"@type":"ImageObject","inLanguage":"es","@id":"https:\/\/turcon.es\/wp\/#\/schema\/logo\/image\/","url":"https:\/\/turcon.es\/wp\/wp-content\/uploads\/2025\/03\/logo-verde.svg","contentUrl":"https:\/\/turcon.es\/wp\/wp-content\/uploads\/2025\/03\/logo-verde.svg","width":813,"height":813,"caption":"Colectivo Ecologista Turcon"},"image":{"@id":"https:\/\/turcon.es\/wp\/#\/schema\/logo\/image\/"}},{"@type":"Person","@id":"https:\/\/turcon.es\/wp\/#\/schema\/person\/a1f3ba727ce031d9da17684affe85edd","name":"Laura Fernandez","image":{"@type":"ImageObject","inLanguage":"es","@id":"https:\/\/turcon.es\/wp\/#\/schema\/person\/image\/","url":"https:\/\/secure.gravatar.com\/avatar\/360749af9549af22e54582d50231ae56e854210ae2368797ba242f445a9852e8?s=96&d=mm&r=g","contentUrl":"https:\/\/secure.gravatar.com\/avatar\/360749af9549af22e54582d50231ae56e854210ae2368797ba242f445a9852e8?s=96&d=mm&r=g","caption":"Laura Fernandez"},"url":"https:\/\/turcon.es\/wp\/author\/admturcon\/"}]}},"_links":{"self":[{"href":"https:\/\/turcon.es\/wp\/wp-json\/wp\/v2\/posts\/16659","targetHints":{"allow":["GET"]}}],"collection":[{"href":"https:\/\/turcon.es\/wp\/wp-json\/wp\/v2\/posts"}],"about":[{"href":"https:\/\/turcon.es\/wp\/wp-json\/wp\/v2\/types\/post"}],"author":[{"embeddable":true,"href":"https:\/\/turcon.es\/wp\/wp-json\/wp\/v2\/users\/2"}],"replies":[{"embeddable":true,"href":"https:\/\/turcon.es\/wp\/wp-json\/wp\/v2\/comments?post=16659"}],"version-history":[{"count":0,"href":"https:\/\/turcon.es\/wp\/wp-json\/wp\/v2\/posts\/16659\/revisions"}],"wp:attachment":[{"href":"https:\/\/turcon.es\/wp\/wp-json\/wp\/v2\/media?parent=16659"}],"wp:term":[{"taxonomy":"category","embeddable":true,"href":"https:\/\/turcon.es\/wp\/wp-json\/wp\/v2\/categories?post=16659"},{"taxonomy":"post_tag","embeddable":true,"href":"https:\/\/turcon.es\/wp\/wp-json\/wp\/v2\/tags?post=16659"}],"curies":[{"name":"wp","href":"https:\/\/api.w.org\/{rel}","templated":true}]}}