{"id":20416,"date":"2025-04-28T21:27:04","date_gmt":"2025-04-28T21:27:04","guid":{"rendered":"https:\/\/turcon.es\/wp\/?p=20416"},"modified":"2025-04-28T21:32:28","modified_gmt":"2025-04-28T21:32:28","slug":"turcon-visita-la-caldera-de-tejeda","status":"publish","type":"post","link":"https:\/\/turcon.es\/wp\/turcon-visita-la-caldera-de-tejeda\/","title":{"rendered":"Turc\u00f3n visita la Caldera de Tejeda"},"content":{"rendered":"\n<p class=\"has-black-color has-text-color has-background has-link-color wp-elements-c6b3f49b4b8f9c2897e92de09f4acca9\" style=\"background:radial-gradient(rgb(202,248,128) 100%,rgb(113,206,126) 100%);font-size:18px\">El programa de visitas culturales de Turc\u00f3n-EeA, 2025, llev\u00f3 a la asociaci\u00f3n con sus m\u00e1s de una treintena de participantes a conocer los valores hist\u00f3ricos y etnogr\u00e1ficos del Paisaje Cultural de Risco Ca\u00eddo y los Espacios Sagrados de Monta\u00f1a de Gran Canaria.<\/p>\n\n\n\n<p>Fue una actividad muy centrada en el proyecto de las JORNADAS DE PUESTA EN VALOR DEL PATRIMONIO CULTURAL INMATERIAL: CRUCES DEL CAMINO QUE GUARDAN HISTORIAS, en el \u00e1mbito del PAISAJE CULTURAL DE RISCO CA\u00cdDO Y LAS MONTA\u00d1AS SAGRADAS y de la RESERVA DE LA BIOSFERA DE GRAN CANARIA.<\/p>\n\n\n\n<figure class=\"wp-block-gallery has-nested-images columns-default is-cropped wp-block-gallery-1 is-layout-flex wp-block-gallery-is-layout-flex\">\n<figure class=\"wp-block-image size-large\"><img fetchpriority=\"high\" decoding=\"async\" width=\"640\" height=\"480\" data-id=\"20419\" src=\"https:\/\/turcon.es\/wp\/wp-content\/uploads\/2025\/04\/Ruta-Caldera-de-Tejeda-1-1.jpg\" alt=\"\" class=\"wp-image-20419\" srcset=\"https:\/\/turcon.es\/wp\/wp-content\/uploads\/2025\/04\/Ruta-Caldera-de-Tejeda-1-1.jpg 640w, https:\/\/turcon.es\/wp\/wp-content\/uploads\/2025\/04\/Ruta-Caldera-de-Tejeda-1-1-300x225.jpg 300w\" sizes=\"(max-width: 640px) 100vw, 640px\" \/><\/figure>\n\n\n\n<figure class=\"wp-block-image size-large\"><img decoding=\"async\" width=\"360\" height=\"480\" data-id=\"20420\" src=\"https:\/\/turcon.es\/wp\/wp-content\/uploads\/2025\/04\/Ruta-Caldera-de-Tejeda-2-1.jpg\" alt=\"\" class=\"wp-image-20420\" srcset=\"https:\/\/turcon.es\/wp\/wp-content\/uploads\/2025\/04\/Ruta-Caldera-de-Tejeda-2-1.jpg 360w, https:\/\/turcon.es\/wp\/wp-content\/uploads\/2025\/04\/Ruta-Caldera-de-Tejeda-2-1-225x300.jpg 225w\" sizes=\"(max-width: 360px) 100vw, 360px\" \/><\/figure>\n\n\n\n<figure class=\"wp-block-image size-large\"><img decoding=\"async\" width=\"360\" height=\"480\" data-id=\"20418\" src=\"https:\/\/turcon.es\/wp\/wp-content\/uploads\/2025\/04\/Ruta-Caldera-de-Tejeda-3-1.jpg\" alt=\"\" class=\"wp-image-20418\" srcset=\"https:\/\/turcon.es\/wp\/wp-content\/uploads\/2025\/04\/Ruta-Caldera-de-Tejeda-3-1.jpg 360w, https:\/\/turcon.es\/wp\/wp-content\/uploads\/2025\/04\/Ruta-Caldera-de-Tejeda-3-1-225x300.jpg 225w\" sizes=\"(max-width: 360px) 100vw, 360px\" \/><\/figure>\n\n\n\n<figure class=\"wp-block-image size-large\"><img loading=\"lazy\" decoding=\"async\" width=\"640\" height=\"395\" data-id=\"20421\" src=\"https:\/\/turcon.es\/wp\/wp-content\/uploads\/2025\/04\/Ruta-Caldera-de-Tejeda-4.jpg\" alt=\"\" class=\"wp-image-20421\" srcset=\"https:\/\/turcon.es\/wp\/wp-content\/uploads\/2025\/04\/Ruta-Caldera-de-Tejeda-4.jpg 640w, https:\/\/turcon.es\/wp\/wp-content\/uploads\/2025\/04\/Ruta-Caldera-de-Tejeda-4-300x185.jpg 300w\" sizes=\"(max-width: 640px) 100vw, 640px\" \/><\/figure>\n\n\n\n<figure class=\"wp-block-image size-large\"><img loading=\"lazy\" decoding=\"async\" width=\"640\" height=\"360\" data-id=\"20423\" src=\"https:\/\/turcon.es\/wp\/wp-content\/uploads\/2025\/04\/Ruta-Caldera-de-Tejeda-5.jpg\" alt=\"\" class=\"wp-image-20423\" srcset=\"https:\/\/turcon.es\/wp\/wp-content\/uploads\/2025\/04\/Ruta-Caldera-de-Tejeda-5.jpg 640w, https:\/\/turcon.es\/wp\/wp-content\/uploads\/2025\/04\/Ruta-Caldera-de-Tejeda-5-300x169.jpg 300w\" sizes=\"(max-width: 640px) 100vw, 640px\" \/><\/figure>\n\n\n\n<figure class=\"wp-block-image size-large\"><img loading=\"lazy\" decoding=\"async\" width=\"640\" height=\"360\" data-id=\"20425\" src=\"https:\/\/turcon.es\/wp\/wp-content\/uploads\/2025\/04\/Ruta-Caldera-de-Tejeda-6.jpg\" alt=\"\" class=\"wp-image-20425\" srcset=\"https:\/\/turcon.es\/wp\/wp-content\/uploads\/2025\/04\/Ruta-Caldera-de-Tejeda-6.jpg 640w, https:\/\/turcon.es\/wp\/wp-content\/uploads\/2025\/04\/Ruta-Caldera-de-Tejeda-6-300x169.jpg 300w\" sizes=\"(max-width: 640px) 100vw, 640px\" \/><\/figure>\n\n\n\n<figure class=\"wp-block-image size-large\"><img loading=\"lazy\" decoding=\"async\" width=\"640\" height=\"480\" data-id=\"20422\" src=\"https:\/\/turcon.es\/wp\/wp-content\/uploads\/2025\/04\/Ruta-Caldera-de-Tejeda-7.jpg\" alt=\"\" class=\"wp-image-20422\" srcset=\"https:\/\/turcon.es\/wp\/wp-content\/uploads\/2025\/04\/Ruta-Caldera-de-Tejeda-7.jpg 640w, https:\/\/turcon.es\/wp\/wp-content\/uploads\/2025\/04\/Ruta-Caldera-de-Tejeda-7-300x225.jpg 300w\" sizes=\"(max-width: 640px) 100vw, 640px\" \/><\/figure>\n\n\n\n<figure class=\"wp-block-image size-large\"><img loading=\"lazy\" decoding=\"async\" width=\"360\" height=\"480\" data-id=\"20424\" src=\"https:\/\/turcon.es\/wp\/wp-content\/uploads\/2025\/04\/Ruta-Caldera-de-Tejeda-8.jpg\" alt=\"\" class=\"wp-image-20424\" srcset=\"https:\/\/turcon.es\/wp\/wp-content\/uploads\/2025\/04\/Ruta-Caldera-de-Tejeda-8.jpg 360w, https:\/\/turcon.es\/wp\/wp-content\/uploads\/2025\/04\/Ruta-Caldera-de-Tejeda-8-225x300.jpg 225w\" sizes=\"(max-width: 360px) 100vw, 360px\" \/><\/figure>\n\n\n\n<figure class=\"wp-block-image size-large\"><img loading=\"lazy\" decoding=\"async\" width=\"640\" height=\"317\" data-id=\"20426\" src=\"https:\/\/turcon.es\/wp\/wp-content\/uploads\/2025\/04\/Ruta-Caldera-de-Tejeda-9.jpg\" alt=\"\" class=\"wp-image-20426\" srcset=\"https:\/\/turcon.es\/wp\/wp-content\/uploads\/2025\/04\/Ruta-Caldera-de-Tejeda-9.jpg 640w, https:\/\/turcon.es\/wp\/wp-content\/uploads\/2025\/04\/Ruta-Caldera-de-Tejeda-9-300x149.jpg 300w\" sizes=\"(max-width: 640px) 100vw, 640px\" \/><\/figure>\n\n\n\n<figure class=\"wp-block-image size-large\"><img loading=\"lazy\" decoding=\"async\" width=\"640\" height=\"360\" data-id=\"20427\" src=\"https:\/\/turcon.es\/wp\/wp-content\/uploads\/2025\/04\/Ruta-Caldera-de-Tejeda-10.jpg\" alt=\"\" class=\"wp-image-20427\" srcset=\"https:\/\/turcon.es\/wp\/wp-content\/uploads\/2025\/04\/Ruta-Caldera-de-Tejeda-10.jpg 640w, https:\/\/turcon.es\/wp\/wp-content\/uploads\/2025\/04\/Ruta-Caldera-de-Tejeda-10-300x169.jpg 300w\" sizes=\"(max-width: 640px) 100vw, 640px\" \/><\/figure>\n<\/figure>\n\n\n\n<p>Todos los participantes conocieron las historias y relatos a cerca de la Cruz del Carpio, la cruz de la Casa Blanca una vivienda con referencias desde el a\u00f1o 1720 al menos donde existe una traza epigr\u00e1fica de una cruz protectora como la identifica el gallego Rodr\u00edguez Castelao, experto en cruces de piedra (cruceiros) en referencia a las desavenencias entre dos familias enfrentadas. La Cruz cuya primera referencia se sit\u00faa a mediados del siglo XVII (1651) con el deslinde de venta de tierras a Ant\u00f3n P\u00e9rez, labrador de Tejeda. En octubre de 1914, Antonio Quintana Trujillo y Juan Hern\u00e1ndez se dirigen por escrito al obispo \u00c1ngel Marquina y Corrales solicitando la restauraci\u00f3n de la cruz ancestral de Timagada por su deterioro, adem\u00e1s de pedirle permiso para festejar la nueva cruz con la celebraci\u00f3n de una misa de campa\u00f1a. Contaban con el benepl\u00e1cito del p\u00e1rroco de Tejeda, Rafael Hern\u00e1ndez Guerra. En 1915, un a\u00f1o despu\u00e9s de la petici\u00f3n, colocaron la cruz, como promesa de la familia de Juan Le\u00f3n Navarro que cada 7 de mayo celebraban una misa de difuntos. Su base conserva una inscripci\u00f3n epigr\u00e1fica que alude al a\u00f1o y a sus restauradores con siglas.<\/p>\n\n\n\n<p>La ruta finaliz\u00f3 en el lugar conocido como Casas de La Huerta, donde tambi\u00e9n existe una cruz en referencia a los fallecidos de las lluvias torrenciales del a\u00f1o 1946.<\/p>\n\n\n\n<p>Esta actividad cuenta con la colaboraci\u00f3n de la Consejer\u00eda de Participaci\u00f3n Ciudadana del Cabildo de Gran Canaria, de la Direcci\u00f3n General de Cultura y Patrimonio Cultural del Gobierno de Canarias. Consejer\u00eda de Universidades, Ciencia e Innovaci\u00f3n y Cultura y del Instituto de Patrimonio de la Humanidad y Reserva Biosfera del Cabildo de Gran Canaria.<\/p>\n","protected":false},"excerpt":{"rendered":"<p>El programa de visitas culturales de Turc\u00f3n-EeA, 2025, llev\u00f3 a la asociaci\u00f3n con sus m\u00e1s de una treintena de participantes a conocer los valores hist\u00f3ricos y etnogr\u00e1ficos del Paisaje Cultural de Risco Ca\u00eddo y los Espacios Sagrados de Monta\u00f1a de Gran Canaria. Fue una actividad muy centrada en el proyecto de las JORNADAS DE PUESTA [&hellip;]<\/p>\n","protected":false},"author":3,"featured_media":20423,"comment_status":"open","ping_status":"open","sticky":false,"template":"","format":"standard","meta":{"footnotes":""},"categories":[37,41,57],"tags":[1774,1781],"class_list":["post-20416","post","type-post","status-publish","format-standard","has-post-thumbnail","hentry","category-espacios-naturales","category-gran-canaria","category-senderismo","tag-caldera-de-tejeda","tag-ruta-cruces-del-camino"],"yoast_head":"<!-- This site is optimized with the Yoast SEO plugin v26.3 - https:\/\/yoast.com\/wordpress\/plugins\/seo\/ -->\n<title>Turc\u00f3n visita la Caldera de Tejeda - Colectivo Ecologista Turcon<\/title>\n<meta name=\"robots\" content=\"index, follow, max-snippet:-1, max-image-preview:large, max-video-preview:-1\" \/>\n<link rel=\"canonical\" href=\"https:\/\/turcon.es\/wp\/turcon-visita-la-caldera-de-tejeda\/\" \/>\n<meta property=\"og:locale\" content=\"es_ES\" \/>\n<meta property=\"og:type\" content=\"article\" \/>\n<meta property=\"og:title\" content=\"Turc\u00f3n visita la Caldera de Tejeda - Colectivo Ecologista Turcon\" \/>\n<meta property=\"og:description\" content=\"El programa de visitas culturales de Turc\u00f3n-EeA, 2025, llev\u00f3 a la asociaci\u00f3n con sus m\u00e1s de una treintena de participantes a conocer los valores hist\u00f3ricos y etnogr\u00e1ficos del Paisaje Cultural de Risco Ca\u00eddo y los Espacios Sagrados de Monta\u00f1a de Gran Canaria. Fue una actividad muy centrada en el proyecto de las JORNADAS DE PUESTA [&hellip;]\" \/>\n<meta property=\"og:url\" content=\"https:\/\/turcon.es\/wp\/turcon-visita-la-caldera-de-tejeda\/\" \/>\n<meta property=\"og:site_name\" content=\"Colectivo Ecologista Turcon\" \/>\n<meta property=\"article:published_time\" content=\"2025-04-28T21:27:04+00:00\" \/>\n<meta property=\"article:modified_time\" content=\"2025-04-28T21:32:28+00:00\" \/>\n<meta property=\"og:image\" content=\"https:\/\/turcon.es\/wp\/wp-content\/uploads\/2025\/04\/Ruta-Caldera-de-Tejeda-5.jpg\" \/>\n\t<meta property=\"og:image:width\" content=\"640\" \/>\n\t<meta property=\"og:image:height\" content=\"360\" \/>\n\t<meta property=\"og:image:type\" content=\"image\/jpeg\" \/>\n<meta name=\"author\" content=\"Juan Jim\u00e9nez Alem\u00e1n\" \/>\n<meta name=\"twitter:card\" content=\"summary_large_image\" \/>\n<meta name=\"twitter:label1\" content=\"Escrito por\" \/>\n\t<meta name=\"twitter:data1\" content=\"Juan Jim\u00e9nez Alem\u00e1n\" \/>\n\t<meta name=\"twitter:label2\" content=\"Tiempo de lectura\" \/>\n\t<meta name=\"twitter:data2\" content=\"4 minutos\" \/>\n<script type=\"application\/ld+json\" class=\"yoast-schema-graph\">{\"@context\":\"https:\/\/schema.org\",\"@graph\":[{\"@type\":\"Article\",\"@id\":\"https:\/\/turcon.es\/wp\/turcon-visita-la-caldera-de-tejeda\/#article\",\"isPartOf\":{\"@id\":\"https:\/\/turcon.es\/wp\/turcon-visita-la-caldera-de-tejeda\/\"},\"author\":{\"name\":\"Juan Jim\u00e9nez Alem\u00e1n\",\"@id\":\"https:\/\/turcon.es\/wp\/#\/schema\/person\/b1f85a9d52ef8e031aa668001b1d37ae\"},\"headline\":\"Turc\u00f3n visita la Caldera de Tejeda\",\"datePublished\":\"2025-04-28T21:27:04+00:00\",\"dateModified\":\"2025-04-28T21:32:28+00:00\",\"mainEntityOfPage\":{\"@id\":\"https:\/\/turcon.es\/wp\/turcon-visita-la-caldera-de-tejeda\/\"},\"wordCount\":405,\"commentCount\":0,\"publisher\":{\"@id\":\"https:\/\/turcon.es\/wp\/#organization\"},\"image\":{\"@id\":\"https:\/\/turcon.es\/wp\/turcon-visita-la-caldera-de-tejeda\/#primaryimage\"},\"thumbnailUrl\":\"https:\/\/turcon.es\/wp\/wp-content\/uploads\/2025\/04\/Ruta-Caldera-de-Tejeda-5.jpg\",\"keywords\":[\"Caldera de Tejeda\",\"Ruta Cruces del Camino\"],\"articleSection\":[\"Espacios Naturales\",\"Gran Canaria\",\"Senderismo\"],\"inLanguage\":\"es\",\"potentialAction\":[{\"@type\":\"CommentAction\",\"name\":\"Comment\",\"target\":[\"https:\/\/turcon.es\/wp\/turcon-visita-la-caldera-de-tejeda\/#respond\"]}]},{\"@type\":\"WebPage\",\"@id\":\"https:\/\/turcon.es\/wp\/turcon-visita-la-caldera-de-tejeda\/\",\"url\":\"https:\/\/turcon.es\/wp\/turcon-visita-la-caldera-de-tejeda\/\",\"name\":\"Turc\u00f3n visita la Caldera de Tejeda - Colectivo Ecologista Turcon\",\"isPartOf\":{\"@id\":\"https:\/\/turcon.es\/wp\/#website\"},\"primaryImageOfPage\":{\"@id\":\"https:\/\/turcon.es\/wp\/turcon-visita-la-caldera-de-tejeda\/#primaryimage\"},\"image\":{\"@id\":\"https:\/\/turcon.es\/wp\/turcon-visita-la-caldera-de-tejeda\/#primaryimage\"},\"thumbnailUrl\":\"https:\/\/turcon.es\/wp\/wp-content\/uploads\/2025\/04\/Ruta-Caldera-de-Tejeda-5.jpg\",\"datePublished\":\"2025-04-28T21:27:04+00:00\",\"dateModified\":\"2025-04-28T21:32:28+00:00\",\"breadcrumb\":{\"@id\":\"https:\/\/turcon.es\/wp\/turcon-visita-la-caldera-de-tejeda\/#breadcrumb\"},\"inLanguage\":\"es\",\"potentialAction\":[{\"@type\":\"ReadAction\",\"target\":[\"https:\/\/turcon.es\/wp\/turcon-visita-la-caldera-de-tejeda\/\"]}]},{\"@type\":\"ImageObject\",\"inLanguage\":\"es\",\"@id\":\"https:\/\/turcon.es\/wp\/turcon-visita-la-caldera-de-tejeda\/#primaryimage\",\"url\":\"https:\/\/turcon.es\/wp\/wp-content\/uploads\/2025\/04\/Ruta-Caldera-de-Tejeda-5.jpg\",\"contentUrl\":\"https:\/\/turcon.es\/wp\/wp-content\/uploads\/2025\/04\/Ruta-Caldera-de-Tejeda-5.jpg\",\"width\":640,\"height\":360},{\"@type\":\"BreadcrumbList\",\"@id\":\"https:\/\/turcon.es\/wp\/turcon-visita-la-caldera-de-tejeda\/#breadcrumb\",\"itemListElement\":[{\"@type\":\"ListItem\",\"position\":1,\"name\":\"Portada\",\"item\":\"https:\/\/turcon.es\/wp\/\"},{\"@type\":\"ListItem\",\"position\":2,\"name\":\"Turc\u00f3n visita la Caldera de Tejeda\"}]},{\"@type\":\"WebSite\",\"@id\":\"https:\/\/turcon.es\/wp\/#website\",\"url\":\"https:\/\/turcon.es\/wp\/\",\"name\":\"Colectivo Ecologista Turcon\",\"description\":\"\",\"publisher\":{\"@id\":\"https:\/\/turcon.es\/wp\/#organization\"},\"potentialAction\":[{\"@type\":\"SearchAction\",\"target\":{\"@type\":\"EntryPoint\",\"urlTemplate\":\"https:\/\/turcon.es\/wp\/?s={search_term_string}\"},\"query-input\":{\"@type\":\"PropertyValueSpecification\",\"valueRequired\":true,\"valueName\":\"search_term_string\"}}],\"inLanguage\":\"es\"},{\"@type\":\"Organization\",\"@id\":\"https:\/\/turcon.es\/wp\/#organization\",\"name\":\"Colectivo Ecologista Turcon\",\"url\":\"https:\/\/turcon.es\/wp\/\",\"logo\":{\"@type\":\"ImageObject\",\"inLanguage\":\"es\",\"@id\":\"https:\/\/turcon.es\/wp\/#\/schema\/logo\/image\/\",\"url\":\"https:\/\/turcon.es\/wp\/wp-content\/uploads\/2025\/03\/logo-verde.svg\",\"contentUrl\":\"https:\/\/turcon.es\/wp\/wp-content\/uploads\/2025\/03\/logo-verde.svg\",\"width\":813,\"height\":813,\"caption\":\"Colectivo Ecologista Turcon\"},\"image\":{\"@id\":\"https:\/\/turcon.es\/wp\/#\/schema\/logo\/image\/\"}},{\"@type\":\"Person\",\"@id\":\"https:\/\/turcon.es\/wp\/#\/schema\/person\/b1f85a9d52ef8e031aa668001b1d37ae\",\"name\":\"Juan Jim\u00e9nez Alem\u00e1n\",\"image\":{\"@type\":\"ImageObject\",\"inLanguage\":\"es\",\"@id\":\"https:\/\/turcon.es\/wp\/#\/schema\/person\/image\/\",\"url\":\"https:\/\/secure.gravatar.com\/avatar\/ce17a8ba8080dac3d130b7a06e441d2157d9eb1ea35925cb0e020ee8d22a7129?s=96&d=mm&r=g\",\"contentUrl\":\"https:\/\/secure.gravatar.com\/avatar\/ce17a8ba8080dac3d130b7a06e441d2157d9eb1ea35925cb0e020ee8d22a7129?s=96&d=mm&r=g\",\"caption\":\"Juan Jim\u00e9nez Alem\u00e1n\"},\"url\":\"https:\/\/turcon.es\/wp\/author\/juanja\/\"}]}<\/script>\n<!-- \/ Yoast SEO plugin. -->","yoast_head_json":{"title":"Turc\u00f3n visita la Caldera de Tejeda - Colectivo Ecologista Turcon","robots":{"index":"index","follow":"follow","max-snippet":"max-snippet:-1","max-image-preview":"max-image-preview:large","max-video-preview":"max-video-preview:-1"},"canonical":"https:\/\/turcon.es\/wp\/turcon-visita-la-caldera-de-tejeda\/","og_locale":"es_ES","og_type":"article","og_title":"Turc\u00f3n visita la Caldera de Tejeda - Colectivo Ecologista Turcon","og_description":"El programa de visitas culturales de Turc\u00f3n-EeA, 2025, llev\u00f3 a la asociaci\u00f3n con sus m\u00e1s de una treintena de participantes a conocer los valores hist\u00f3ricos y etnogr\u00e1ficos del Paisaje Cultural de Risco Ca\u00eddo y los Espacios Sagrados de Monta\u00f1a de Gran Canaria. Fue una actividad muy centrada en el proyecto de las JORNADAS DE PUESTA [&hellip;]","og_url":"https:\/\/turcon.es\/wp\/turcon-visita-la-caldera-de-tejeda\/","og_site_name":"Colectivo Ecologista Turcon","article_published_time":"2025-04-28T21:27:04+00:00","article_modified_time":"2025-04-28T21:32:28+00:00","og_image":[{"width":640,"height":360,"url":"https:\/\/turcon.es\/wp\/wp-content\/uploads\/2025\/04\/Ruta-Caldera-de-Tejeda-5.jpg","type":"image\/jpeg"}],"author":"Juan Jim\u00e9nez Alem\u00e1n","twitter_card":"summary_large_image","twitter_misc":{"Escrito por":"Juan Jim\u00e9nez Alem\u00e1n","Tiempo de lectura":"4 minutos"},"schema":{"@context":"https:\/\/schema.org","@graph":[{"@type":"Article","@id":"https:\/\/turcon.es\/wp\/turcon-visita-la-caldera-de-tejeda\/#article","isPartOf":{"@id":"https:\/\/turcon.es\/wp\/turcon-visita-la-caldera-de-tejeda\/"},"author":{"name":"Juan Jim\u00e9nez Alem\u00e1n","@id":"https:\/\/turcon.es\/wp\/#\/schema\/person\/b1f85a9d52ef8e031aa668001b1d37ae"},"headline":"Turc\u00f3n visita la Caldera de Tejeda","datePublished":"2025-04-28T21:27:04+00:00","dateModified":"2025-04-28T21:32:28+00:00","mainEntityOfPage":{"@id":"https:\/\/turcon.es\/wp\/turcon-visita-la-caldera-de-tejeda\/"},"wordCount":405,"commentCount":0,"publisher":{"@id":"https:\/\/turcon.es\/wp\/#organization"},"image":{"@id":"https:\/\/turcon.es\/wp\/turcon-visita-la-caldera-de-tejeda\/#primaryimage"},"thumbnailUrl":"https:\/\/turcon.es\/wp\/wp-content\/uploads\/2025\/04\/Ruta-Caldera-de-Tejeda-5.jpg","keywords":["Caldera de Tejeda","Ruta Cruces del Camino"],"articleSection":["Espacios Naturales","Gran Canaria","Senderismo"],"inLanguage":"es","potentialAction":[{"@type":"CommentAction","name":"Comment","target":["https:\/\/turcon.es\/wp\/turcon-visita-la-caldera-de-tejeda\/#respond"]}]},{"@type":"WebPage","@id":"https:\/\/turcon.es\/wp\/turcon-visita-la-caldera-de-tejeda\/","url":"https:\/\/turcon.es\/wp\/turcon-visita-la-caldera-de-tejeda\/","name":"Turc\u00f3n visita la Caldera de Tejeda - Colectivo Ecologista Turcon","isPartOf":{"@id":"https:\/\/turcon.es\/wp\/#website"},"primaryImageOfPage":{"@id":"https:\/\/turcon.es\/wp\/turcon-visita-la-caldera-de-tejeda\/#primaryimage"},"image":{"@id":"https:\/\/turcon.es\/wp\/turcon-visita-la-caldera-de-tejeda\/#primaryimage"},"thumbnailUrl":"https:\/\/turcon.es\/wp\/wp-content\/uploads\/2025\/04\/Ruta-Caldera-de-Tejeda-5.jpg","datePublished":"2025-04-28T21:27:04+00:00","dateModified":"2025-04-28T21:32:28+00:00","breadcrumb":{"@id":"https:\/\/turcon.es\/wp\/turcon-visita-la-caldera-de-tejeda\/#breadcrumb"},"inLanguage":"es","potentialAction":[{"@type":"ReadAction","target":["https:\/\/turcon.es\/wp\/turcon-visita-la-caldera-de-tejeda\/"]}]},{"@type":"ImageObject","inLanguage":"es","@id":"https:\/\/turcon.es\/wp\/turcon-visita-la-caldera-de-tejeda\/#primaryimage","url":"https:\/\/turcon.es\/wp\/wp-content\/uploads\/2025\/04\/Ruta-Caldera-de-Tejeda-5.jpg","contentUrl":"https:\/\/turcon.es\/wp\/wp-content\/uploads\/2025\/04\/Ruta-Caldera-de-Tejeda-5.jpg","width":640,"height":360},{"@type":"BreadcrumbList","@id":"https:\/\/turcon.es\/wp\/turcon-visita-la-caldera-de-tejeda\/#breadcrumb","itemListElement":[{"@type":"ListItem","position":1,"name":"Portada","item":"https:\/\/turcon.es\/wp\/"},{"@type":"ListItem","position":2,"name":"Turc\u00f3n visita la Caldera de Tejeda"}]},{"@type":"WebSite","@id":"https:\/\/turcon.es\/wp\/#website","url":"https:\/\/turcon.es\/wp\/","name":"Colectivo Ecologista Turcon","description":"","publisher":{"@id":"https:\/\/turcon.es\/wp\/#organization"},"potentialAction":[{"@type":"SearchAction","target":{"@type":"EntryPoint","urlTemplate":"https:\/\/turcon.es\/wp\/?s={search_term_string}"},"query-input":{"@type":"PropertyValueSpecification","valueRequired":true,"valueName":"search_term_string"}}],"inLanguage":"es"},{"@type":"Organization","@id":"https:\/\/turcon.es\/wp\/#organization","name":"Colectivo Ecologista Turcon","url":"https:\/\/turcon.es\/wp\/","logo":{"@type":"ImageObject","inLanguage":"es","@id":"https:\/\/turcon.es\/wp\/#\/schema\/logo\/image\/","url":"https:\/\/turcon.es\/wp\/wp-content\/uploads\/2025\/03\/logo-verde.svg","contentUrl":"https:\/\/turcon.es\/wp\/wp-content\/uploads\/2025\/03\/logo-verde.svg","width":813,"height":813,"caption":"Colectivo Ecologista Turcon"},"image":{"@id":"https:\/\/turcon.es\/wp\/#\/schema\/logo\/image\/"}},{"@type":"Person","@id":"https:\/\/turcon.es\/wp\/#\/schema\/person\/b1f85a9d52ef8e031aa668001b1d37ae","name":"Juan Jim\u00e9nez Alem\u00e1n","image":{"@type":"ImageObject","inLanguage":"es","@id":"https:\/\/turcon.es\/wp\/#\/schema\/person\/image\/","url":"https:\/\/secure.gravatar.com\/avatar\/ce17a8ba8080dac3d130b7a06e441d2157d9eb1ea35925cb0e020ee8d22a7129?s=96&d=mm&r=g","contentUrl":"https:\/\/secure.gravatar.com\/avatar\/ce17a8ba8080dac3d130b7a06e441d2157d9eb1ea35925cb0e020ee8d22a7129?s=96&d=mm&r=g","caption":"Juan Jim\u00e9nez Alem\u00e1n"},"url":"https:\/\/turcon.es\/wp\/author\/juanja\/"}]}},"_links":{"self":[{"href":"https:\/\/turcon.es\/wp\/wp-json\/wp\/v2\/posts\/20416","targetHints":{"allow":["GET"]}}],"collection":[{"href":"https:\/\/turcon.es\/wp\/wp-json\/wp\/v2\/posts"}],"about":[{"href":"https:\/\/turcon.es\/wp\/wp-json\/wp\/v2\/types\/post"}],"author":[{"embeddable":true,"href":"https:\/\/turcon.es\/wp\/wp-json\/wp\/v2\/users\/3"}],"replies":[{"embeddable":true,"href":"https:\/\/turcon.es\/wp\/wp-json\/wp\/v2\/comments?post=20416"}],"version-history":[{"count":2,"href":"https:\/\/turcon.es\/wp\/wp-json\/wp\/v2\/posts\/20416\/revisions"}],"predecessor-version":[{"id":20428,"href":"https:\/\/turcon.es\/wp\/wp-json\/wp\/v2\/posts\/20416\/revisions\/20428"}],"wp:featuredmedia":[{"embeddable":true,"href":"https:\/\/turcon.es\/wp\/wp-json\/wp\/v2\/media\/20423"}],"wp:attachment":[{"href":"https:\/\/turcon.es\/wp\/wp-json\/wp\/v2\/media?parent=20416"}],"wp:term":[{"taxonomy":"category","embeddable":true,"href":"https:\/\/turcon.es\/wp\/wp-json\/wp\/v2\/categories?post=20416"},{"taxonomy":"post_tag","embeddable":true,"href":"https:\/\/turcon.es\/wp\/wp-json\/wp\/v2\/tags?post=20416"}],"curies":[{"name":"wp","href":"https:\/\/api.w.org\/{rel}","templated":true}]}}