{"id":20607,"date":"2025-06-08T21:14:44","date_gmt":"2025-06-08T21:14:44","guid":{"rendered":"https:\/\/turcon.es\/wp\/?p=20607"},"modified":"2025-06-08T21:14:46","modified_gmt":"2025-06-08T21:14:46","slug":"aider-gran-canaria-acbc-y-turcon-visitan-el-campo-de-volcanes-de-rosiana-y-conocen-la-propuesta-de-espacio-protegido-para-dicho-lugar","status":"publish","type":"post","link":"https:\/\/turcon.es\/wp\/aider-gran-canaria-acbc-y-turcon-visitan-el-campo-de-volcanes-de-rosiana-y-conocen-la-propuesta-de-espacio-protegido-para-dicho-lugar\/","title":{"rendered":"AIDER Gran Canaria, ACBC y Turc\u00f3n visitan el Campo de Volcanes de Rosiana y conocen la propuesta de espacio protegido para dicho lugar\u00a0"},"content":{"rendered":"\n<p class=\"has-black-color has-text-color has-background has-link-color has-medium-font-size wp-elements-cb8840f90dc497bffa9c5baec330e705\" style=\"background:radial-gradient(rgb(202,248,128) 100%,rgb(113,206,126) 100%)\">AIDER GRAN CANARIA, (Asociaci\u00f3n Insular de Desarrollo Insular) visita el Campo de Volcanes de Rosiana para conocer la propuesta de un nuevo Espacio Natural Protegido en Gran Canaria.<\/p>\n\n\n\n<p class=\"has-black-color has-text-color has-background has-link-color has-medium-font-size wp-elements-df5170071b9757ce8bb29033dde022da\" style=\"background:radial-gradient(rgb(202,248,128) 100%,rgb(113,206,126) 100%)\">La ruta que tuvo un recorrido aproximado de 7 km, cont\u00f3 con la colaboraci\u00f3n de los monitores de Turc\u00f3n-Ecologistas en Acci\u00f3n y de la Asociaci\u00f3n por la Conservaci\u00f3n de la Biodiversidad Canaria (ACBC).<\/p>\n\n\n\n<p>M\u00e1s de cuarenta personas participaron en la caminata organizada por AIDER con motivo de la celebraci\u00f3n de la semana del D\u00eda Mundial del Medio Ambiente y D\u00eda Mundial de los Oc\u00e9anos.<\/p>\n\n\n\n<p>El itinerario seguido comenz\u00f3 en el Lomo de La Palma visitando el Lomo de las Piedras, el caser\u00edo de Rosiana, el bosque de acebuchal, el Cortijo y finalmente, la Monta\u00f1a del Plato y Los Corrales (punto m\u00e1s alto de la ruta, 612 m.a.); &nbsp;regresando al punto inicial por el sendero, S-34, que desciende por la Ca\u00f1ada de La Palma.<\/p>\n\n\n\n<figure class=\"wp-block-gallery has-nested-images columns-default is-cropped wp-block-gallery-1 is-layout-flex wp-block-gallery-is-layout-flex\">\n<figure class=\"wp-block-image size-large\"><img fetchpriority=\"high\" decoding=\"async\" width=\"1024\" height=\"771\" data-id=\"20615\" src=\"https:\/\/turcon.es\/wp\/wp-content\/uploads\/2025\/06\/Visita-Rosiana7-1024x771.jpg\" alt=\"\" class=\"wp-image-20615\" srcset=\"https:\/\/turcon.es\/wp\/wp-content\/uploads\/2025\/06\/Visita-Rosiana7-1024x771.jpg 1024w, https:\/\/turcon.es\/wp\/wp-content\/uploads\/2025\/06\/Visita-Rosiana7-300x226.jpg 300w, https:\/\/turcon.es\/wp\/wp-content\/uploads\/2025\/06\/Visita-Rosiana7-768x578.jpg 768w, https:\/\/turcon.es\/wp\/wp-content\/uploads\/2025\/06\/Visita-Rosiana7.jpg 1140w\" sizes=\"(max-width: 1024px) 100vw, 1024px\" \/><\/figure>\n\n\n\n<figure class=\"wp-block-image size-large\"><img decoding=\"async\" width=\"1024\" height=\"775\" data-id=\"20612\" src=\"https:\/\/turcon.es\/wp\/wp-content\/uploads\/2025\/06\/Visita-Rosiana5-1024x775.jpg\" alt=\"\" class=\"wp-image-20612\" srcset=\"https:\/\/turcon.es\/wp\/wp-content\/uploads\/2025\/06\/Visita-Rosiana5-1024x775.jpg 1024w, https:\/\/turcon.es\/wp\/wp-content\/uploads\/2025\/06\/Visita-Rosiana5-300x227.jpg 300w, https:\/\/turcon.es\/wp\/wp-content\/uploads\/2025\/06\/Visita-Rosiana5-768x581.jpg 768w, https:\/\/turcon.es\/wp\/wp-content\/uploads\/2025\/06\/Visita-Rosiana5.jpg 1138w\" sizes=\"(max-width: 1024px) 100vw, 1024px\" \/><\/figure>\n\n\n\n<figure class=\"wp-block-image size-large\"><img decoding=\"async\" width=\"1024\" height=\"770\" data-id=\"20611\" src=\"https:\/\/turcon.es\/wp\/wp-content\/uploads\/2025\/06\/Visita-Rosina3-1024x770.jpg\" alt=\"\" class=\"wp-image-20611\" srcset=\"https:\/\/turcon.es\/wp\/wp-content\/uploads\/2025\/06\/Visita-Rosina3-1024x770.jpg 1024w, https:\/\/turcon.es\/wp\/wp-content\/uploads\/2025\/06\/Visita-Rosina3-300x225.jpg 300w, https:\/\/turcon.es\/wp\/wp-content\/uploads\/2025\/06\/Visita-Rosina3-768x577.jpg 768w, https:\/\/turcon.es\/wp\/wp-content\/uploads\/2025\/06\/Visita-Rosina3.jpg 1147w\" sizes=\"(max-width: 1024px) 100vw, 1024px\" \/><\/figure>\n\n\n\n<figure class=\"wp-block-image size-large\"><img loading=\"lazy\" decoding=\"async\" width=\"1024\" height=\"764\" data-id=\"20613\" src=\"https:\/\/turcon.es\/wp\/wp-content\/uploads\/2025\/06\/Visita-Rosiana2-1024x764.jpg\" alt=\"\" class=\"wp-image-20613\" srcset=\"https:\/\/turcon.es\/wp\/wp-content\/uploads\/2025\/06\/Visita-Rosiana2-1024x764.jpg 1024w, https:\/\/turcon.es\/wp\/wp-content\/uploads\/2025\/06\/Visita-Rosiana2-300x224.jpg 300w, https:\/\/turcon.es\/wp\/wp-content\/uploads\/2025\/06\/Visita-Rosiana2-768x573.jpg 768w, https:\/\/turcon.es\/wp\/wp-content\/uploads\/2025\/06\/Visita-Rosiana2.jpg 1143w\" sizes=\"(max-width: 1024px) 100vw, 1024px\" \/><\/figure>\n\n\n\n<figure class=\"wp-block-image size-large\"><img loading=\"lazy\" decoding=\"async\" width=\"1024\" height=\"767\" data-id=\"20609\" src=\"https:\/\/turcon.es\/wp\/wp-content\/uploads\/2025\/06\/Visita-Rosiana4-1024x767.jpg\" alt=\"\" class=\"wp-image-20609\" srcset=\"https:\/\/turcon.es\/wp\/wp-content\/uploads\/2025\/06\/Visita-Rosiana4-1024x767.jpg 1024w, https:\/\/turcon.es\/wp\/wp-content\/uploads\/2025\/06\/Visita-Rosiana4-300x225.jpg 300w, https:\/\/turcon.es\/wp\/wp-content\/uploads\/2025\/06\/Visita-Rosiana4-768x575.jpg 768w, https:\/\/turcon.es\/wp\/wp-content\/uploads\/2025\/06\/Visita-Rosiana4.jpg 1151w\" sizes=\"(max-width: 1024px) 100vw, 1024px\" \/><\/figure>\n\n\n\n<figure class=\"wp-block-image size-large\"><img loading=\"lazy\" decoding=\"async\" width=\"634\" height=\"860\" data-id=\"20610\" src=\"https:\/\/turcon.es\/wp\/wp-content\/uploads\/2025\/06\/Visita-Rosiana6.jpg\" alt=\"\" class=\"wp-image-20610\" srcset=\"https:\/\/turcon.es\/wp\/wp-content\/uploads\/2025\/06\/Visita-Rosiana6.jpg 634w, https:\/\/turcon.es\/wp\/wp-content\/uploads\/2025\/06\/Visita-Rosiana6-221x300.jpg 221w\" sizes=\"(max-width: 634px) 100vw, 634px\" \/><\/figure>\n\n\n\n<figure class=\"wp-block-image size-large\"><img loading=\"lazy\" decoding=\"async\" width=\"1024\" height=\"685\" data-id=\"20608\" src=\"https:\/\/turcon.es\/wp\/wp-content\/uploads\/2025\/06\/Visita-Rosiana8-1024x685.jpg\" alt=\"\" class=\"wp-image-20608\" srcset=\"https:\/\/turcon.es\/wp\/wp-content\/uploads\/2025\/06\/Visita-Rosiana8-1024x685.jpg 1024w, https:\/\/turcon.es\/wp\/wp-content\/uploads\/2025\/06\/Visita-Rosiana8-300x201.jpg 300w, https:\/\/turcon.es\/wp\/wp-content\/uploads\/2025\/06\/Visita-Rosiana8-768x513.jpg 768w, https:\/\/turcon.es\/wp\/wp-content\/uploads\/2025\/06\/Visita-Rosiana8.jpg 1071w\" sizes=\"(max-width: 1024px) 100vw, 1024px\" \/><\/figure>\n\n\n\n<figure class=\"wp-block-image size-large\"><img loading=\"lazy\" decoding=\"async\" width=\"1024\" height=\"578\" data-id=\"20614\" src=\"https:\/\/turcon.es\/wp\/wp-content\/uploads\/2025\/06\/Visita-Rosiana1-1024x578.jpg\" alt=\"\" class=\"wp-image-20614\" srcset=\"https:\/\/turcon.es\/wp\/wp-content\/uploads\/2025\/06\/Visita-Rosiana1-1024x578.jpg 1024w, https:\/\/turcon.es\/wp\/wp-content\/uploads\/2025\/06\/Visita-Rosiana1-300x169.jpg 300w, https:\/\/turcon.es\/wp\/wp-content\/uploads\/2025\/06\/Visita-Rosiana1-768x433.jpg 768w, https:\/\/turcon.es\/wp\/wp-content\/uploads\/2025\/06\/Visita-Rosiana1.jpg 1528w\" sizes=\"(max-width: 1024px) 100vw, 1024px\" \/><\/figure>\n<\/figure>\n\n\n\n<p><strong><u>Jornadas D\u00eda Mundial del Medio Ambiente en Telde<\/u><\/strong><\/p>\n\n\n\n<p>Educaci\u00f3n, concienciaci\u00f3n y activismo. Turc\u00f3n-Ecologistas en Acci\u00f3n a lo largo de esta semana ha querido recordar con la acci\u00f3n y la educaci\u00f3n ambiental que la primera semana de junio, de todos los a\u00f1os, debemos reflexionar sobre los graves problemas del Planeta. La ONU se\u00f1al\u00f3 el lema de este a\u00f1o para poner fin a la contaminaci\u00f3n pl\u00e1stica.<\/p>\n\n\n\n<p>Estas jornadas que organiz\u00f3 el Colectivo Turc\u00f3n-Ecologistas en Acci\u00f3n, contaron con la colaboraci\u00f3n del C\u00edrculo Cultural de Telde, el Gobierno de Canarias (Direcci\u00f3n General Cultura y Patrimonio Cultural) y la Consejer\u00eda de Participaci\u00f3n Ciudadana del Cabildo de Gran Canaria.<\/p>\n\n\n\n<p><strong><u>AIDER en los volcanes de pel\u00edcula<\/u><\/strong><strong><u><\/u><\/strong><\/p>\n\n\n\n<p>Rosiana, propuesto para Espacio Natural Protegido, tiene un enorme Patrimonio Cultural. El n\u00facleo de este espacio lo constituye el conjunto de volcanes que bordean la cabecera del Barranco de Silva y el antiguo caser\u00edo de Rosiana, es decir, las monta\u00f1as de La Santidad, la propia de Rosiana, La Caldereta, Las Triguerillas, El Melosal, Juan Tello, Aguilar o del \u00c1guila, T\u00edo Pino y El Gallego.<\/p>\n\n\n\n<p>El cineasta teldense, Armando Ravelo en su pel\u00edcula \u201cLa piel del volc\u00e1n\u201d sugiere la figura de un volc\u00e1n. Se trata del Melosal, una monta\u00f1a de unos 571 metros de altitud, entre el barranco de Silva y del Draguillo. Un edificio crat\u00e9rico que forma parte de un paisaje exclusivo.<\/p>\n\n\n\n<p>La zona visitada tiene muchos elementos naturales (volcanes, coladas, pic\u00f3n, bloques err\u00e1ticos, &#8230;) como rurales (caser\u00edos, estanques, corrales, muros y bancales, parcelas agrarias de secano, &#8230;), ambos con elevado grado de especificidad.<\/p>\n\n\n\n<p>Dichas construcciones poseen, por tanto, unos significativos valores etnogr\u00e1ficos e hist\u00f3ricos, como prueba de un esfuerzo continuado, sufrido y silencioso, por parte de generaciones de agricultores isle\u00f1os.<\/p>\n","protected":false},"excerpt":{"rendered":"<p>AIDER GRAN CANARIA, (Asociaci\u00f3n Insular de Desarrollo Insular) visita el Campo de Volcanes de Rosiana para conocer la propuesta de un nuevo Espacio Natural Protegido en Gran Canaria. La ruta que tuvo un recorrido aproximado de 7 km, cont\u00f3 con la colaboraci\u00f3n de los monitores de Turc\u00f3n-Ecologistas en Acci\u00f3n y de la Asociaci\u00f3n por la [&hellip;]<\/p>\n","protected":false},"author":3,"featured_media":20608,"comment_status":"open","ping_status":"open","sticky":false,"template":"","format":"standard","meta":{"footnotes":""},"categories":[22,37,46,57],"tags":[1819,1818,337],"class_list":["post-20607","post","type-post","status-publish","format-standard","has-post-thumbnail","hentry","category-concienciacion","category-espacios-naturales","category-notas-de-prensa-de-turcon","category-senderismo","tag-acbc","tag-aider","tag-campo-de-volcanes-de-rosiana"],"yoast_head":"<!-- This site is optimized with the Yoast SEO plugin v26.3 - https:\/\/yoast.com\/wordpress\/plugins\/seo\/ -->\n<title>AIDER Gran Canaria, ACBC y Turc\u00f3n visitan el Campo de Volcanes de Rosiana y conocen la propuesta de espacio protegido para dicho lugar\u00a0 - Colectivo Ecologista Turcon<\/title>\n<meta name=\"robots\" content=\"index, follow, max-snippet:-1, max-image-preview:large, max-video-preview:-1\" \/>\n<link rel=\"canonical\" href=\"https:\/\/turcon.es\/wp\/aider-gran-canaria-acbc-y-turcon-visitan-el-campo-de-volcanes-de-rosiana-y-conocen-la-propuesta-de-espacio-protegido-para-dicho-lugar\/\" \/>\n<meta property=\"og:locale\" content=\"es_ES\" \/>\n<meta property=\"og:type\" content=\"article\" \/>\n<meta property=\"og:title\" content=\"AIDER Gran Canaria, ACBC y Turc\u00f3n visitan el Campo de Volcanes de Rosiana y conocen la propuesta de espacio protegido para dicho lugar\u00a0 - Colectivo Ecologista Turcon\" \/>\n<meta property=\"og:description\" content=\"AIDER GRAN CANARIA, (Asociaci\u00f3n Insular de Desarrollo Insular) visita el Campo de Volcanes de Rosiana para conocer la propuesta de un nuevo Espacio Natural Protegido en Gran Canaria. La ruta que tuvo un recorrido aproximado de 7 km, cont\u00f3 con la colaboraci\u00f3n de los monitores de Turc\u00f3n-Ecologistas en Acci\u00f3n y de la Asociaci\u00f3n por la [&hellip;]\" \/>\n<meta property=\"og:url\" content=\"https:\/\/turcon.es\/wp\/aider-gran-canaria-acbc-y-turcon-visitan-el-campo-de-volcanes-de-rosiana-y-conocen-la-propuesta-de-espacio-protegido-para-dicho-lugar\/\" \/>\n<meta property=\"og:site_name\" content=\"Colectivo Ecologista Turcon\" \/>\n<meta property=\"article:published_time\" content=\"2025-06-08T21:14:44+00:00\" \/>\n<meta property=\"article:modified_time\" content=\"2025-06-08T21:14:46+00:00\" \/>\n<meta property=\"og:image\" content=\"https:\/\/turcon.es\/wp\/wp-content\/uploads\/2025\/06\/Visita-Rosiana8.jpg\" \/>\n\t<meta property=\"og:image:width\" content=\"1071\" \/>\n\t<meta property=\"og:image:height\" content=\"716\" \/>\n\t<meta property=\"og:image:type\" content=\"image\/jpeg\" \/>\n<meta name=\"author\" content=\"Juan Jim\u00e9nez Alem\u00e1n\" \/>\n<meta name=\"twitter:card\" content=\"summary_large_image\" \/>\n<meta name=\"twitter:label1\" content=\"Escrito por\" \/>\n\t<meta name=\"twitter:data1\" content=\"Juan Jim\u00e9nez Alem\u00e1n\" \/>\n\t<meta name=\"twitter:label2\" content=\"Tiempo de lectura\" \/>\n\t<meta name=\"twitter:data2\" content=\"4 minutos\" \/>\n<script type=\"application\/ld+json\" class=\"yoast-schema-graph\">{\"@context\":\"https:\/\/schema.org\",\"@graph\":[{\"@type\":\"Article\",\"@id\":\"https:\/\/turcon.es\/wp\/aider-gran-canaria-acbc-y-turcon-visitan-el-campo-de-volcanes-de-rosiana-y-conocen-la-propuesta-de-espacio-protegido-para-dicho-lugar\/#article\",\"isPartOf\":{\"@id\":\"https:\/\/turcon.es\/wp\/aider-gran-canaria-acbc-y-turcon-visitan-el-campo-de-volcanes-de-rosiana-y-conocen-la-propuesta-de-espacio-protegido-para-dicho-lugar\/\"},\"author\":{\"name\":\"Juan Jim\u00e9nez Alem\u00e1n\",\"@id\":\"https:\/\/turcon.es\/wp\/#\/schema\/person\/b1f85a9d52ef8e031aa668001b1d37ae\"},\"headline\":\"AIDER Gran Canaria, ACBC y Turc\u00f3n visitan el Campo de Volcanes de Rosiana y conocen la propuesta de espacio protegido para dicho lugar\u00a0\",\"datePublished\":\"2025-06-08T21:14:44+00:00\",\"dateModified\":\"2025-06-08T21:14:46+00:00\",\"mainEntityOfPage\":{\"@id\":\"https:\/\/turcon.es\/wp\/aider-gran-canaria-acbc-y-turcon-visitan-el-campo-de-volcanes-de-rosiana-y-conocen-la-propuesta-de-espacio-protegido-para-dicho-lugar\/\"},\"wordCount\":502,\"commentCount\":0,\"publisher\":{\"@id\":\"https:\/\/turcon.es\/wp\/#organization\"},\"image\":{\"@id\":\"https:\/\/turcon.es\/wp\/aider-gran-canaria-acbc-y-turcon-visitan-el-campo-de-volcanes-de-rosiana-y-conocen-la-propuesta-de-espacio-protegido-para-dicho-lugar\/#primaryimage\"},\"thumbnailUrl\":\"https:\/\/turcon.es\/wp\/wp-content\/uploads\/2025\/06\/Visita-Rosiana8.jpg\",\"keywords\":[\"ACBC\",\"AIDER\",\"Campo de Volcanes de Rosiana\"],\"articleSection\":[\"Concienciaci\u00f3n\",\"Espacios Naturales\",\"Notas de prensa de Turc\u00f3n\",\"Senderismo\"],\"inLanguage\":\"es\",\"potentialAction\":[{\"@type\":\"CommentAction\",\"name\":\"Comment\",\"target\":[\"https:\/\/turcon.es\/wp\/aider-gran-canaria-acbc-y-turcon-visitan-el-campo-de-volcanes-de-rosiana-y-conocen-la-propuesta-de-espacio-protegido-para-dicho-lugar\/#respond\"]}]},{\"@type\":\"WebPage\",\"@id\":\"https:\/\/turcon.es\/wp\/aider-gran-canaria-acbc-y-turcon-visitan-el-campo-de-volcanes-de-rosiana-y-conocen-la-propuesta-de-espacio-protegido-para-dicho-lugar\/\",\"url\":\"https:\/\/turcon.es\/wp\/aider-gran-canaria-acbc-y-turcon-visitan-el-campo-de-volcanes-de-rosiana-y-conocen-la-propuesta-de-espacio-protegido-para-dicho-lugar\/\",\"name\":\"AIDER Gran Canaria, ACBC y Turc\u00f3n visitan el Campo de Volcanes de Rosiana y conocen la propuesta de espacio protegido para dicho lugar\u00a0 - Colectivo Ecologista Turcon\",\"isPartOf\":{\"@id\":\"https:\/\/turcon.es\/wp\/#website\"},\"primaryImageOfPage\":{\"@id\":\"https:\/\/turcon.es\/wp\/aider-gran-canaria-acbc-y-turcon-visitan-el-campo-de-volcanes-de-rosiana-y-conocen-la-propuesta-de-espacio-protegido-para-dicho-lugar\/#primaryimage\"},\"image\":{\"@id\":\"https:\/\/turcon.es\/wp\/aider-gran-canaria-acbc-y-turcon-visitan-el-campo-de-volcanes-de-rosiana-y-conocen-la-propuesta-de-espacio-protegido-para-dicho-lugar\/#primaryimage\"},\"thumbnailUrl\":\"https:\/\/turcon.es\/wp\/wp-content\/uploads\/2025\/06\/Visita-Rosiana8.jpg\",\"datePublished\":\"2025-06-08T21:14:44+00:00\",\"dateModified\":\"2025-06-08T21:14:46+00:00\",\"breadcrumb\":{\"@id\":\"https:\/\/turcon.es\/wp\/aider-gran-canaria-acbc-y-turcon-visitan-el-campo-de-volcanes-de-rosiana-y-conocen-la-propuesta-de-espacio-protegido-para-dicho-lugar\/#breadcrumb\"},\"inLanguage\":\"es\",\"potentialAction\":[{\"@type\":\"ReadAction\",\"target\":[\"https:\/\/turcon.es\/wp\/aider-gran-canaria-acbc-y-turcon-visitan-el-campo-de-volcanes-de-rosiana-y-conocen-la-propuesta-de-espacio-protegido-para-dicho-lugar\/\"]}]},{\"@type\":\"ImageObject\",\"inLanguage\":\"es\",\"@id\":\"https:\/\/turcon.es\/wp\/aider-gran-canaria-acbc-y-turcon-visitan-el-campo-de-volcanes-de-rosiana-y-conocen-la-propuesta-de-espacio-protegido-para-dicho-lugar\/#primaryimage\",\"url\":\"https:\/\/turcon.es\/wp\/wp-content\/uploads\/2025\/06\/Visita-Rosiana8.jpg\",\"contentUrl\":\"https:\/\/turcon.es\/wp\/wp-content\/uploads\/2025\/06\/Visita-Rosiana8.jpg\",\"width\":1071,\"height\":716},{\"@type\":\"BreadcrumbList\",\"@id\":\"https:\/\/turcon.es\/wp\/aider-gran-canaria-acbc-y-turcon-visitan-el-campo-de-volcanes-de-rosiana-y-conocen-la-propuesta-de-espacio-protegido-para-dicho-lugar\/#breadcrumb\",\"itemListElement\":[{\"@type\":\"ListItem\",\"position\":1,\"name\":\"Portada\",\"item\":\"https:\/\/turcon.es\/wp\/\"},{\"@type\":\"ListItem\",\"position\":2,\"name\":\"AIDER Gran Canaria, ACBC y Turc\u00f3n visitan el Campo de Volcanes de Rosiana y conocen la propuesta de espacio protegido para dicho lugar\u00a0\"}]},{\"@type\":\"WebSite\",\"@id\":\"https:\/\/turcon.es\/wp\/#website\",\"url\":\"https:\/\/turcon.es\/wp\/\",\"name\":\"Colectivo Ecologista Turcon\",\"description\":\"\",\"publisher\":{\"@id\":\"https:\/\/turcon.es\/wp\/#organization\"},\"potentialAction\":[{\"@type\":\"SearchAction\",\"target\":{\"@type\":\"EntryPoint\",\"urlTemplate\":\"https:\/\/turcon.es\/wp\/?s={search_term_string}\"},\"query-input\":{\"@type\":\"PropertyValueSpecification\",\"valueRequired\":true,\"valueName\":\"search_term_string\"}}],\"inLanguage\":\"es\"},{\"@type\":\"Organization\",\"@id\":\"https:\/\/turcon.es\/wp\/#organization\",\"name\":\"Colectivo Ecologista Turcon\",\"url\":\"https:\/\/turcon.es\/wp\/\",\"logo\":{\"@type\":\"ImageObject\",\"inLanguage\":\"es\",\"@id\":\"https:\/\/turcon.es\/wp\/#\/schema\/logo\/image\/\",\"url\":\"https:\/\/turcon.es\/wp\/wp-content\/uploads\/2025\/03\/logo-verde.svg\",\"contentUrl\":\"https:\/\/turcon.es\/wp\/wp-content\/uploads\/2025\/03\/logo-verde.svg\",\"width\":813,\"height\":813,\"caption\":\"Colectivo Ecologista Turcon\"},\"image\":{\"@id\":\"https:\/\/turcon.es\/wp\/#\/schema\/logo\/image\/\"}},{\"@type\":\"Person\",\"@id\":\"https:\/\/turcon.es\/wp\/#\/schema\/person\/b1f85a9d52ef8e031aa668001b1d37ae\",\"name\":\"Juan Jim\u00e9nez Alem\u00e1n\",\"image\":{\"@type\":\"ImageObject\",\"inLanguage\":\"es\",\"@id\":\"https:\/\/turcon.es\/wp\/#\/schema\/person\/image\/\",\"url\":\"https:\/\/secure.gravatar.com\/avatar\/ce17a8ba8080dac3d130b7a06e441d2157d9eb1ea35925cb0e020ee8d22a7129?s=96&d=mm&r=g\",\"contentUrl\":\"https:\/\/secure.gravatar.com\/avatar\/ce17a8ba8080dac3d130b7a06e441d2157d9eb1ea35925cb0e020ee8d22a7129?s=96&d=mm&r=g\",\"caption\":\"Juan Jim\u00e9nez Alem\u00e1n\"},\"url\":\"https:\/\/turcon.es\/wp\/author\/juanja\/\"}]}<\/script>\n<!-- \/ Yoast SEO plugin. -->","yoast_head_json":{"title":"AIDER Gran Canaria, ACBC y Turc\u00f3n visitan el Campo de Volcanes de Rosiana y conocen la propuesta de espacio protegido para dicho lugar\u00a0 - Colectivo Ecologista Turcon","robots":{"index":"index","follow":"follow","max-snippet":"max-snippet:-1","max-image-preview":"max-image-preview:large","max-video-preview":"max-video-preview:-1"},"canonical":"https:\/\/turcon.es\/wp\/aider-gran-canaria-acbc-y-turcon-visitan-el-campo-de-volcanes-de-rosiana-y-conocen-la-propuesta-de-espacio-protegido-para-dicho-lugar\/","og_locale":"es_ES","og_type":"article","og_title":"AIDER Gran Canaria, ACBC y Turc\u00f3n visitan el Campo de Volcanes de Rosiana y conocen la propuesta de espacio protegido para dicho lugar\u00a0 - Colectivo Ecologista Turcon","og_description":"AIDER GRAN CANARIA, (Asociaci\u00f3n Insular de Desarrollo Insular) visita el Campo de Volcanes de Rosiana para conocer la propuesta de un nuevo Espacio Natural Protegido en Gran Canaria. La ruta que tuvo un recorrido aproximado de 7 km, cont\u00f3 con la colaboraci\u00f3n de los monitores de Turc\u00f3n-Ecologistas en Acci\u00f3n y de la Asociaci\u00f3n por la [&hellip;]","og_url":"https:\/\/turcon.es\/wp\/aider-gran-canaria-acbc-y-turcon-visitan-el-campo-de-volcanes-de-rosiana-y-conocen-la-propuesta-de-espacio-protegido-para-dicho-lugar\/","og_site_name":"Colectivo Ecologista Turcon","article_published_time":"2025-06-08T21:14:44+00:00","article_modified_time":"2025-06-08T21:14:46+00:00","og_image":[{"width":1071,"height":716,"url":"https:\/\/turcon.es\/wp\/wp-content\/uploads\/2025\/06\/Visita-Rosiana8.jpg","type":"image\/jpeg"}],"author":"Juan Jim\u00e9nez Alem\u00e1n","twitter_card":"summary_large_image","twitter_misc":{"Escrito por":"Juan Jim\u00e9nez Alem\u00e1n","Tiempo de lectura":"4 minutos"},"schema":{"@context":"https:\/\/schema.org","@graph":[{"@type":"Article","@id":"https:\/\/turcon.es\/wp\/aider-gran-canaria-acbc-y-turcon-visitan-el-campo-de-volcanes-de-rosiana-y-conocen-la-propuesta-de-espacio-protegido-para-dicho-lugar\/#article","isPartOf":{"@id":"https:\/\/turcon.es\/wp\/aider-gran-canaria-acbc-y-turcon-visitan-el-campo-de-volcanes-de-rosiana-y-conocen-la-propuesta-de-espacio-protegido-para-dicho-lugar\/"},"author":{"name":"Juan Jim\u00e9nez Alem\u00e1n","@id":"https:\/\/turcon.es\/wp\/#\/schema\/person\/b1f85a9d52ef8e031aa668001b1d37ae"},"headline":"AIDER Gran Canaria, ACBC y Turc\u00f3n visitan el Campo de Volcanes de Rosiana y conocen la propuesta de espacio protegido para dicho lugar\u00a0","datePublished":"2025-06-08T21:14:44+00:00","dateModified":"2025-06-08T21:14:46+00:00","mainEntityOfPage":{"@id":"https:\/\/turcon.es\/wp\/aider-gran-canaria-acbc-y-turcon-visitan-el-campo-de-volcanes-de-rosiana-y-conocen-la-propuesta-de-espacio-protegido-para-dicho-lugar\/"},"wordCount":502,"commentCount":0,"publisher":{"@id":"https:\/\/turcon.es\/wp\/#organization"},"image":{"@id":"https:\/\/turcon.es\/wp\/aider-gran-canaria-acbc-y-turcon-visitan-el-campo-de-volcanes-de-rosiana-y-conocen-la-propuesta-de-espacio-protegido-para-dicho-lugar\/#primaryimage"},"thumbnailUrl":"https:\/\/turcon.es\/wp\/wp-content\/uploads\/2025\/06\/Visita-Rosiana8.jpg","keywords":["ACBC","AIDER","Campo de Volcanes de Rosiana"],"articleSection":["Concienciaci\u00f3n","Espacios Naturales","Notas de prensa de Turc\u00f3n","Senderismo"],"inLanguage":"es","potentialAction":[{"@type":"CommentAction","name":"Comment","target":["https:\/\/turcon.es\/wp\/aider-gran-canaria-acbc-y-turcon-visitan-el-campo-de-volcanes-de-rosiana-y-conocen-la-propuesta-de-espacio-protegido-para-dicho-lugar\/#respond"]}]},{"@type":"WebPage","@id":"https:\/\/turcon.es\/wp\/aider-gran-canaria-acbc-y-turcon-visitan-el-campo-de-volcanes-de-rosiana-y-conocen-la-propuesta-de-espacio-protegido-para-dicho-lugar\/","url":"https:\/\/turcon.es\/wp\/aider-gran-canaria-acbc-y-turcon-visitan-el-campo-de-volcanes-de-rosiana-y-conocen-la-propuesta-de-espacio-protegido-para-dicho-lugar\/","name":"AIDER Gran Canaria, ACBC y Turc\u00f3n visitan el Campo de Volcanes de Rosiana y conocen la propuesta de espacio protegido para dicho lugar\u00a0 - Colectivo Ecologista Turcon","isPartOf":{"@id":"https:\/\/turcon.es\/wp\/#website"},"primaryImageOfPage":{"@id":"https:\/\/turcon.es\/wp\/aider-gran-canaria-acbc-y-turcon-visitan-el-campo-de-volcanes-de-rosiana-y-conocen-la-propuesta-de-espacio-protegido-para-dicho-lugar\/#primaryimage"},"image":{"@id":"https:\/\/turcon.es\/wp\/aider-gran-canaria-acbc-y-turcon-visitan-el-campo-de-volcanes-de-rosiana-y-conocen-la-propuesta-de-espacio-protegido-para-dicho-lugar\/#primaryimage"},"thumbnailUrl":"https:\/\/turcon.es\/wp\/wp-content\/uploads\/2025\/06\/Visita-Rosiana8.jpg","datePublished":"2025-06-08T21:14:44+00:00","dateModified":"2025-06-08T21:14:46+00:00","breadcrumb":{"@id":"https:\/\/turcon.es\/wp\/aider-gran-canaria-acbc-y-turcon-visitan-el-campo-de-volcanes-de-rosiana-y-conocen-la-propuesta-de-espacio-protegido-para-dicho-lugar\/#breadcrumb"},"inLanguage":"es","potentialAction":[{"@type":"ReadAction","target":["https:\/\/turcon.es\/wp\/aider-gran-canaria-acbc-y-turcon-visitan-el-campo-de-volcanes-de-rosiana-y-conocen-la-propuesta-de-espacio-protegido-para-dicho-lugar\/"]}]},{"@type":"ImageObject","inLanguage":"es","@id":"https:\/\/turcon.es\/wp\/aider-gran-canaria-acbc-y-turcon-visitan-el-campo-de-volcanes-de-rosiana-y-conocen-la-propuesta-de-espacio-protegido-para-dicho-lugar\/#primaryimage","url":"https:\/\/turcon.es\/wp\/wp-content\/uploads\/2025\/06\/Visita-Rosiana8.jpg","contentUrl":"https:\/\/turcon.es\/wp\/wp-content\/uploads\/2025\/06\/Visita-Rosiana8.jpg","width":1071,"height":716},{"@type":"BreadcrumbList","@id":"https:\/\/turcon.es\/wp\/aider-gran-canaria-acbc-y-turcon-visitan-el-campo-de-volcanes-de-rosiana-y-conocen-la-propuesta-de-espacio-protegido-para-dicho-lugar\/#breadcrumb","itemListElement":[{"@type":"ListItem","position":1,"name":"Portada","item":"https:\/\/turcon.es\/wp\/"},{"@type":"ListItem","position":2,"name":"AIDER Gran Canaria, ACBC y Turc\u00f3n visitan el Campo de Volcanes de Rosiana y conocen la propuesta de espacio protegido para dicho lugar\u00a0"}]},{"@type":"WebSite","@id":"https:\/\/turcon.es\/wp\/#website","url":"https:\/\/turcon.es\/wp\/","name":"Colectivo Ecologista Turcon","description":"","publisher":{"@id":"https:\/\/turcon.es\/wp\/#organization"},"potentialAction":[{"@type":"SearchAction","target":{"@type":"EntryPoint","urlTemplate":"https:\/\/turcon.es\/wp\/?s={search_term_string}"},"query-input":{"@type":"PropertyValueSpecification","valueRequired":true,"valueName":"search_term_string"}}],"inLanguage":"es"},{"@type":"Organization","@id":"https:\/\/turcon.es\/wp\/#organization","name":"Colectivo Ecologista Turcon","url":"https:\/\/turcon.es\/wp\/","logo":{"@type":"ImageObject","inLanguage":"es","@id":"https:\/\/turcon.es\/wp\/#\/schema\/logo\/image\/","url":"https:\/\/turcon.es\/wp\/wp-content\/uploads\/2025\/03\/logo-verde.svg","contentUrl":"https:\/\/turcon.es\/wp\/wp-content\/uploads\/2025\/03\/logo-verde.svg","width":813,"height":813,"caption":"Colectivo Ecologista Turcon"},"image":{"@id":"https:\/\/turcon.es\/wp\/#\/schema\/logo\/image\/"}},{"@type":"Person","@id":"https:\/\/turcon.es\/wp\/#\/schema\/person\/b1f85a9d52ef8e031aa668001b1d37ae","name":"Juan Jim\u00e9nez Alem\u00e1n","image":{"@type":"ImageObject","inLanguage":"es","@id":"https:\/\/turcon.es\/wp\/#\/schema\/person\/image\/","url":"https:\/\/secure.gravatar.com\/avatar\/ce17a8ba8080dac3d130b7a06e441d2157d9eb1ea35925cb0e020ee8d22a7129?s=96&d=mm&r=g","contentUrl":"https:\/\/secure.gravatar.com\/avatar\/ce17a8ba8080dac3d130b7a06e441d2157d9eb1ea35925cb0e020ee8d22a7129?s=96&d=mm&r=g","caption":"Juan Jim\u00e9nez Alem\u00e1n"},"url":"https:\/\/turcon.es\/wp\/author\/juanja\/"}]}},"_links":{"self":[{"href":"https:\/\/turcon.es\/wp\/wp-json\/wp\/v2\/posts\/20607","targetHints":{"allow":["GET"]}}],"collection":[{"href":"https:\/\/turcon.es\/wp\/wp-json\/wp\/v2\/posts"}],"about":[{"href":"https:\/\/turcon.es\/wp\/wp-json\/wp\/v2\/types\/post"}],"author":[{"embeddable":true,"href":"https:\/\/turcon.es\/wp\/wp-json\/wp\/v2\/users\/3"}],"replies":[{"embeddable":true,"href":"https:\/\/turcon.es\/wp\/wp-json\/wp\/v2\/comments?post=20607"}],"version-history":[{"count":1,"href":"https:\/\/turcon.es\/wp\/wp-json\/wp\/v2\/posts\/20607\/revisions"}],"predecessor-version":[{"id":20616,"href":"https:\/\/turcon.es\/wp\/wp-json\/wp\/v2\/posts\/20607\/revisions\/20616"}],"wp:featuredmedia":[{"embeddable":true,"href":"https:\/\/turcon.es\/wp\/wp-json\/wp\/v2\/media\/20608"}],"wp:attachment":[{"href":"https:\/\/turcon.es\/wp\/wp-json\/wp\/v2\/media?parent=20607"}],"wp:term":[{"taxonomy":"category","embeddable":true,"href":"https:\/\/turcon.es\/wp\/wp-json\/wp\/v2\/categories?post=20607"},{"taxonomy":"post_tag","embeddable":true,"href":"https:\/\/turcon.es\/wp\/wp-json\/wp\/v2\/tags?post=20607"}],"curies":[{"name":"wp","href":"https:\/\/api.w.org\/{rel}","templated":true}]}}