{"id":20781,"date":"2025-07-25T12:45:34","date_gmt":"2025-07-25T12:45:34","guid":{"rendered":"https:\/\/turcon.es\/wp\/?p=20781"},"modified":"2025-07-25T12:45:36","modified_gmt":"2025-07-25T12:45:36","slug":"demolicion-parcial-del-hotel-tres-islas-un-parche-estetico-que-perpetua-la-ilegalidad-y-el-expolio-del-litoral","status":"publish","type":"post","link":"https:\/\/turcon.es\/wp\/demolicion-parcial-del-hotel-tres-islas-un-parche-estetico-que-perpetua-la-ilegalidad-y-el-expolio-del-litoral\/","title":{"rendered":"Demolici\u00f3n parcial del Hotel Tres Islas: un parche est\u00e9tico que perpet\u00faa la ilegalidad y el expolio del litoral"},"content":{"rendered":"\n<p class=\"has-black-color has-text-color has-background has-link-color wp-elements-31df53ae0d57a397dc8169e8a58c3667\" style=\"background:radial-gradient(rgb(202,248,128) 100%,rgb(113,206,126) 100%);font-size:18px\">Desde <strong>Turc\u00f3n &#8211; Ecologistas en Acci\u00f3n<\/strong> valoramos con escepticismo y preocupaci\u00f3n la noticia de que la empresa RIU ha iniciado la demolici\u00f3n de varias dependencias del Hotel Tres Islas, en cumplimiento del requerimiento del Ministerio para la Transici\u00f3n Ecol\u00f3gica. Este anuncio no puede entenderse como una reparaci\u00f3n del da\u00f1o causado al dominio p\u00fablico mar\u00edtimo-terrestre, sino m\u00e1s bien como un <strong>lavado de imagen<\/strong> que intenta evitar lo inevitable: <strong>la caducidad total de la concesi\u00f3n y la demolici\u00f3n integral del complejo hotelero<\/strong>, que ocupa desde hace d\u00e9cadas una zona de alt\u00edsimo valor ecol\u00f3gico dentro del Parque Natural de las Dunas de Corralejo y la ZEC \u201cCorralejo\u201d (Red Natura 2000).<\/p>\n\n\n\n<p class=\"has-background\" style=\"background:radial-gradient(rgb(238,238,238) 100%,rgb(169,184,195) 100%);font-size:18px\"><strong>Una concesi\u00f3n que debe ser extinguida por completo<\/strong><\/p>\n\n\n\n<p>El expediente de caducidad CNC12\/06\/35\/0002, ha sido dejado caducar por la propia Administraci\u00f3n sin resoluci\u00f3n firme, a pesar de las graves infracciones cometidas por la empresa y del incumplimiento sistem\u00e1tico de las condiciones de la concesi\u00f3n. No obstante, la legislaci\u00f3n de Costas permite abrir un nuevo procedimiento cuando persisten los motivos que van en contra del inter\u00e9s general, como es el caso.<\/p>\n\n\n\n<figure class=\"wp-block-gallery has-nested-images columns-default is-cropped wp-block-gallery-1 is-layout-flex wp-block-gallery-is-layout-flex\">\n<figure class=\"wp-block-image size-medium\"><img fetchpriority=\"high\" decoding=\"async\" width=\"208\" height=\"300\" data-id=\"20713\" src=\"https:\/\/turcon.es\/wp\/wp-content\/uploads\/2025\/07\/Dunas-de-Corralejo-2-208x300.jpg\" alt=\"\" class=\"wp-image-20713\" srcset=\"https:\/\/turcon.es\/wp\/wp-content\/uploads\/2025\/07\/Dunas-de-Corralejo-2-208x300.jpg 208w, https:\/\/turcon.es\/wp\/wp-content\/uploads\/2025\/07\/Dunas-de-Corralejo-2-711x1024.jpg 711w, https:\/\/turcon.es\/wp\/wp-content\/uploads\/2025\/07\/Dunas-de-Corralejo-2.jpg 719w\" sizes=\"(max-width: 208px) 100vw, 208px\" \/><\/figure>\n\n\n\n<figure class=\"wp-block-image size-large\"><img decoding=\"async\" width=\"916\" height=\"643\" data-id=\"20461\" src=\"https:\/\/turcon.es\/wp\/wp-content\/uploads\/2025\/05\/Dunas-de-Corralejo-comunicado-3.jpg\" alt=\"\" class=\"wp-image-20461\" srcset=\"https:\/\/turcon.es\/wp\/wp-content\/uploads\/2025\/05\/Dunas-de-Corralejo-comunicado-3.jpg 916w, https:\/\/turcon.es\/wp\/wp-content\/uploads\/2025\/05\/Dunas-de-Corralejo-comunicado-3-300x211.jpg 300w, https:\/\/turcon.es\/wp\/wp-content\/uploads\/2025\/05\/Dunas-de-Corralejo-comunicado-3-768x539.jpg 768w\" sizes=\"(max-width: 916px) 100vw, 916px\" \/><\/figure>\n\n\n\n<figure class=\"wp-block-image size-large\"><img decoding=\"async\" width=\"550\" height=\"309\" data-id=\"20460\" src=\"https:\/\/turcon.es\/wp\/wp-content\/uploads\/2025\/05\/Dunas-de-Corralejo-comunicado-1.jpg\" alt=\"\" class=\"wp-image-20460\" srcset=\"https:\/\/turcon.es\/wp\/wp-content\/uploads\/2025\/05\/Dunas-de-Corralejo-comunicado-1.jpg 550w, https:\/\/turcon.es\/wp\/wp-content\/uploads\/2025\/05\/Dunas-de-Corralejo-comunicado-1-300x169.jpg 300w\" sizes=\"(max-width: 550px) 100vw, 550px\" \/><\/figure>\n\n\n\n<figure class=\"wp-block-image size-large\"><img loading=\"lazy\" decoding=\"async\" width=\"1024\" height=\"671\" data-id=\"20462\" src=\"https:\/\/turcon.es\/wp\/wp-content\/uploads\/2025\/05\/Dunas-de-Corralejo-comunicado-2-1024x671.jpg\" alt=\"\" class=\"wp-image-20462\" srcset=\"https:\/\/turcon.es\/wp\/wp-content\/uploads\/2025\/05\/Dunas-de-Corralejo-comunicado-2-1024x671.jpg 1024w, https:\/\/turcon.es\/wp\/wp-content\/uploads\/2025\/05\/Dunas-de-Corralejo-comunicado-2-300x197.jpg 300w, https:\/\/turcon.es\/wp\/wp-content\/uploads\/2025\/05\/Dunas-de-Corralejo-comunicado-2-768x503.jpg 768w, https:\/\/turcon.es\/wp\/wp-content\/uploads\/2025\/05\/Dunas-de-Corralejo-comunicado-2.jpg 1071w\" sizes=\"(max-width: 1024px) 100vw, 1024px\" \/><\/figure>\n<\/figure>\n\n\n\n<p>Hasta ahora no s\u00f3lo se ha incumplido con la ejecuci\u00f3n de <strong>obras ilegales<\/strong> que han aumentado la superficie, volumen y n\u00famero de habitaciones del hotel, que ahora despu\u00e9s de numerosos a\u00f1os y dilaciones se pretende subsanar.<\/p>\n\n\n\n<p>Tambi\u00e9n est\u00e1n, la instalaci\u00f3n no autorizada de nuevas infraestructuras como una <strong>planta desalinizadora y una depuradora defectuosa<\/strong>, con vertidos al mar, o la construcci\u00f3n de piscinas, jacuzzis, spa, techados y accesos contrarios al proyecto original.<\/p>\n\n\n\n<p>Todo ello vulnera de forma flagrante la normativa ambiental y de costas, afectando negativamente al fr\u00e1gil ecosistema dunar, como han demostrado informes cient\u00edficos de la Universidad de La Laguna, la ULPGC y el propio Plan Rector de Uso y Gesti\u00f3n del Parque Natural de Corralejo.<\/p>\n\n\n\n<p class=\"has-black-color has-text-color has-background has-link-color wp-elements-6948ed24a2c509c2f85f188d584a5677\" style=\"background:linear-gradient(135deg,rgb(238,238,238) 100%,rgb(169,184,195) 100%);font-size:18px\"><strong>La ocupaci\u00f3n del litoral no es un derecho adquirido<\/strong><\/p>\n\n\n\n<p>La presencia del Hotel Tres Islas \u2014y tambi\u00e9n del Hotel Oliva Beach\u2014 en suelo de dominio p\u00fablico mar\u00edtimo-terrestre <strong>responde a privilegios heredados del franquismo<\/strong>, cuando las leyes no proteg\u00edan el inter\u00e9s general. Hoy, el mantenimiento de esta situaci\u00f3n <strong>es insostenible jur\u00eddica, ambiental y socialmente<\/strong>.<\/p>\n\n\n\n<p>Recordamos que el art\u00edculo 132 de la Constituci\u00f3n Espa\u00f1ola establece la <strong>obligaci\u00f3n de proteger el dominio p\u00fablico<\/strong>, y que el uso privativo del litoral debe ser <strong>excepcional, temporal y justificado por inter\u00e9s p\u00fablico<\/strong>, algo que en este caso no se cumple.<\/p>\n\n\n\n<p class=\"has-black-color has-text-color has-background has-link-color wp-elements-33d90ff5e85570fdd6d4f8580c6e492e\" style=\"background:radial-gradient(rgb(238,238,238) 98%,rgb(169,184,195) 100%);font-size:18px\"><strong>Denunciamos la campa\u00f1a de presi\u00f3n del Gobierno de Canarias a favor de RIU<\/strong><\/p>\n\n\n\n<p>Nos preocupa profundamente la campa\u00f1a orquestada por el Gobierno de Canarias, partidos pol\u00edticos y organizaciones empresariales en defensa de los intereses de RIU. Esta actitud representa una grave <strong>deslealtad institucional<\/strong>, al cuestionar competencias estatales y amenazar con llevar el caso al Tribunal Constitucional con el \u00fanico fin de bloquear la restituci\u00f3n del litoral.<\/p>\n\n\n\n<p>El Ejecutivo canario no puede convertirse en un <strong>lobby tur\u00edstico<\/strong> m\u00e1s. El traspaso de competencias de Costas no puede suponer carta blanca para legalizar lo ilegal ni para amparar el deterioro ambiental a cambio de r\u00e9dito econ\u00f3mico o electoral.<\/p>\n\n\n\n<p class=\"has-background\" style=\"border-top-left-radius:80px;border-top-right-radius:100px;border-bottom-left-radius:200px;border-bottom-right-radius:200px;background:radial-gradient(rgb(238,238,238) 100%,rgb(169,184,195) 100%);margin-top:0;margin-right:0;margin-bottom:0;margin-left:0;font-size:18px\"><strong>Exigimos:<\/strong><\/p>\n\n\n\n<ul class=\"wp-block-list\">\n<li>La <strong>inmediata reapertura del expediente de caducidad<\/strong> de la concesi\u00f3n del Hotel Tres Islas.<\/li>\n\n\n\n<li>La <strong>demolici\u00f3n completa del establecimiento<\/strong> y la <strong>restauraci\u00f3n ecol\u00f3gica del entorno dunar<\/strong>.<\/li>\n\n\n\n<li>Que se depuren responsabilidades administrativas por la inacci\u00f3n que ha permitido esta situaci\u00f3n durante a\u00f1os.<\/li>\n\n\n\n<li>Que el Estado no ceda ante presiones pol\u00edticas ni empresariales y act\u00fae con firmeza en defensa del patrimonio com\u00fan.<\/li>\n<\/ul>\n\n\n\n<hr class=\"wp-block-separator has-alpha-channel-opacity\"\/>\n\n\n\n<div class=\"wp-block-group is-layout-constrained wp-block-group-is-layout-constrained\">\n<p class=\"has-text-align-center\" style=\"font-size:18px\"><strong>\u00a1Ni un metro m\u00e1s de costa para la especulaci\u00f3n!<\/strong><\/p>\n\n\n\n<p class=\"has-text-align-center\"><strong>El dominio p\u00fablico es de todas y todos.<\/strong><\/p>\n<\/div>\n\n\n\n<p class=\"has-text-align-center\"><strong>Dunas libres, costa viva.<\/strong><\/p>\n\n\n\n<hr class=\"wp-block-separator has-alpha-channel-opacity\"\/>\n","protected":false},"excerpt":{"rendered":"<p>Desde Turc\u00f3n &#8211; Ecologistas en Acci\u00f3n valoramos con escepticismo y preocupaci\u00f3n la noticia de que la empresa RIU ha iniciado la demolici\u00f3n de varias dependencias del Hotel Tres Islas, en cumplimiento del requerimiento del Ministerio para la Transici\u00f3n Ecol\u00f3gica. Este anuncio no puede entenderse como una reparaci\u00f3n del da\u00f1o causado al dominio p\u00fablico mar\u00edtimo-terrestre, sino [&hellip;]<\/p>\n","protected":false},"author":3,"featured_media":20462,"comment_status":"open","ping_status":"open","sticky":false,"template":"","format":"standard","meta":{"footnotes":""},"categories":[8,18,37,46],"tags":[1788,1840,1839],"class_list":["post-20781","post","type-post","status-publish","format-standard","has-post-thumbnail","hentry","category-administracion-publica","category-canarias","category-espacios-naturales","category-notas-de-prensa-de-turcon","tag-dunas-de-corralejo","tag-expolio-litoral","tag-hoteles-riu"],"yoast_head":"<!-- This site is optimized with the Yoast SEO plugin v26.3 - https:\/\/yoast.com\/wordpress\/plugins\/seo\/ -->\n<title>Demolici\u00f3n parcial del Hotel Tres Islas: un parche est\u00e9tico que perpet\u00faa la ilegalidad y el expolio del litoral - Colectivo Ecologista Turcon<\/title>\n<meta name=\"robots\" content=\"index, follow, max-snippet:-1, max-image-preview:large, max-video-preview:-1\" \/>\n<link rel=\"canonical\" href=\"https:\/\/turcon.es\/wp\/demolicion-parcial-del-hotel-tres-islas-un-parche-estetico-que-perpetua-la-ilegalidad-y-el-expolio-del-litoral\/\" \/>\n<meta property=\"og:locale\" content=\"es_ES\" \/>\n<meta property=\"og:type\" content=\"article\" \/>\n<meta property=\"og:title\" content=\"Demolici\u00f3n parcial del Hotel Tres Islas: un parche est\u00e9tico que perpet\u00faa la ilegalidad y el expolio del litoral - Colectivo Ecologista Turcon\" \/>\n<meta property=\"og:description\" content=\"Desde Turc\u00f3n &#8211; Ecologistas en Acci\u00f3n valoramos con escepticismo y preocupaci\u00f3n la noticia de que la empresa RIU ha iniciado la demolici\u00f3n de varias dependencias del Hotel Tres Islas, en cumplimiento del requerimiento del Ministerio para la Transici\u00f3n Ecol\u00f3gica. Este anuncio no puede entenderse como una reparaci\u00f3n del da\u00f1o causado al dominio p\u00fablico mar\u00edtimo-terrestre, sino [&hellip;]\" \/>\n<meta property=\"og:url\" content=\"https:\/\/turcon.es\/wp\/demolicion-parcial-del-hotel-tres-islas-un-parche-estetico-que-perpetua-la-ilegalidad-y-el-expolio-del-litoral\/\" \/>\n<meta property=\"og:site_name\" content=\"Colectivo Ecologista Turcon\" \/>\n<meta property=\"article:published_time\" content=\"2025-07-25T12:45:34+00:00\" \/>\n<meta property=\"article:modified_time\" content=\"2025-07-25T12:45:36+00:00\" \/>\n<meta property=\"og:image\" content=\"https:\/\/turcon.es\/wp\/wp-content\/uploads\/2025\/05\/Dunas-de-Corralejo-comunicado-2.jpg\" \/>\n\t<meta property=\"og:image:width\" content=\"1071\" \/>\n\t<meta property=\"og:image:height\" content=\"702\" \/>\n\t<meta property=\"og:image:type\" content=\"image\/jpeg\" \/>\n<meta name=\"author\" content=\"Juan Jim\u00e9nez Alem\u00e1n\" \/>\n<meta name=\"twitter:card\" content=\"summary_large_image\" \/>\n<meta name=\"twitter:label1\" content=\"Escrito por\" \/>\n\t<meta name=\"twitter:data1\" content=\"Juan Jim\u00e9nez Alem\u00e1n\" \/>\n\t<meta name=\"twitter:label2\" content=\"Tiempo de lectura\" \/>\n\t<meta name=\"twitter:data2\" content=\"4 minutos\" \/>\n<script type=\"application\/ld+json\" class=\"yoast-schema-graph\">{\"@context\":\"https:\/\/schema.org\",\"@graph\":[{\"@type\":\"Article\",\"@id\":\"https:\/\/turcon.es\/wp\/demolicion-parcial-del-hotel-tres-islas-un-parche-estetico-que-perpetua-la-ilegalidad-y-el-expolio-del-litoral\/#article\",\"isPartOf\":{\"@id\":\"https:\/\/turcon.es\/wp\/demolicion-parcial-del-hotel-tres-islas-un-parche-estetico-que-perpetua-la-ilegalidad-y-el-expolio-del-litoral\/\"},\"author\":{\"name\":\"Juan Jim\u00e9nez Alem\u00e1n\",\"@id\":\"https:\/\/turcon.es\/wp\/#\/schema\/person\/b1f85a9d52ef8e031aa668001b1d37ae\"},\"headline\":\"Demolici\u00f3n parcial del Hotel Tres Islas: un parche est\u00e9tico que perpet\u00faa la ilegalidad y el expolio del litoral\",\"datePublished\":\"2025-07-25T12:45:34+00:00\",\"dateModified\":\"2025-07-25T12:45:36+00:00\",\"mainEntityOfPage\":{\"@id\":\"https:\/\/turcon.es\/wp\/demolicion-parcial-del-hotel-tres-islas-un-parche-estetico-que-perpetua-la-ilegalidad-y-el-expolio-del-litoral\/\"},\"wordCount\":665,\"commentCount\":0,\"publisher\":{\"@id\":\"https:\/\/turcon.es\/wp\/#organization\"},\"image\":{\"@id\":\"https:\/\/turcon.es\/wp\/demolicion-parcial-del-hotel-tres-islas-un-parche-estetico-que-perpetua-la-ilegalidad-y-el-expolio-del-litoral\/#primaryimage\"},\"thumbnailUrl\":\"https:\/\/turcon.es\/wp\/wp-content\/uploads\/2025\/05\/Dunas-de-Corralejo-comunicado-2.jpg\",\"keywords\":[\"Dunas de Corralejo\",\"Expolio litoral\",\"Hoteles RIU\"],\"articleSection\":[\"Administraci\u00f3n p\u00fablica\",\"Canarias\",\"Espacios Naturales\",\"Notas de prensa de Turc\u00f3n\"],\"inLanguage\":\"es\",\"potentialAction\":[{\"@type\":\"CommentAction\",\"name\":\"Comment\",\"target\":[\"https:\/\/turcon.es\/wp\/demolicion-parcial-del-hotel-tres-islas-un-parche-estetico-que-perpetua-la-ilegalidad-y-el-expolio-del-litoral\/#respond\"]}]},{\"@type\":\"WebPage\",\"@id\":\"https:\/\/turcon.es\/wp\/demolicion-parcial-del-hotel-tres-islas-un-parche-estetico-que-perpetua-la-ilegalidad-y-el-expolio-del-litoral\/\",\"url\":\"https:\/\/turcon.es\/wp\/demolicion-parcial-del-hotel-tres-islas-un-parche-estetico-que-perpetua-la-ilegalidad-y-el-expolio-del-litoral\/\",\"name\":\"Demolici\u00f3n parcial del Hotel Tres Islas: un parche est\u00e9tico que perpet\u00faa la ilegalidad y el expolio del litoral - Colectivo Ecologista Turcon\",\"isPartOf\":{\"@id\":\"https:\/\/turcon.es\/wp\/#website\"},\"primaryImageOfPage\":{\"@id\":\"https:\/\/turcon.es\/wp\/demolicion-parcial-del-hotel-tres-islas-un-parche-estetico-que-perpetua-la-ilegalidad-y-el-expolio-del-litoral\/#primaryimage\"},\"image\":{\"@id\":\"https:\/\/turcon.es\/wp\/demolicion-parcial-del-hotel-tres-islas-un-parche-estetico-que-perpetua-la-ilegalidad-y-el-expolio-del-litoral\/#primaryimage\"},\"thumbnailUrl\":\"https:\/\/turcon.es\/wp\/wp-content\/uploads\/2025\/05\/Dunas-de-Corralejo-comunicado-2.jpg\",\"datePublished\":\"2025-07-25T12:45:34+00:00\",\"dateModified\":\"2025-07-25T12:45:36+00:00\",\"breadcrumb\":{\"@id\":\"https:\/\/turcon.es\/wp\/demolicion-parcial-del-hotel-tres-islas-un-parche-estetico-que-perpetua-la-ilegalidad-y-el-expolio-del-litoral\/#breadcrumb\"},\"inLanguage\":\"es\",\"potentialAction\":[{\"@type\":\"ReadAction\",\"target\":[\"https:\/\/turcon.es\/wp\/demolicion-parcial-del-hotel-tres-islas-un-parche-estetico-que-perpetua-la-ilegalidad-y-el-expolio-del-litoral\/\"]}]},{\"@type\":\"ImageObject\",\"inLanguage\":\"es\",\"@id\":\"https:\/\/turcon.es\/wp\/demolicion-parcial-del-hotel-tres-islas-un-parche-estetico-que-perpetua-la-ilegalidad-y-el-expolio-del-litoral\/#primaryimage\",\"url\":\"https:\/\/turcon.es\/wp\/wp-content\/uploads\/2025\/05\/Dunas-de-Corralejo-comunicado-2.jpg\",\"contentUrl\":\"https:\/\/turcon.es\/wp\/wp-content\/uploads\/2025\/05\/Dunas-de-Corralejo-comunicado-2.jpg\",\"width\":1071,\"height\":702},{\"@type\":\"BreadcrumbList\",\"@id\":\"https:\/\/turcon.es\/wp\/demolicion-parcial-del-hotel-tres-islas-un-parche-estetico-que-perpetua-la-ilegalidad-y-el-expolio-del-litoral\/#breadcrumb\",\"itemListElement\":[{\"@type\":\"ListItem\",\"position\":1,\"name\":\"Portada\",\"item\":\"https:\/\/turcon.es\/wp\/\"},{\"@type\":\"ListItem\",\"position\":2,\"name\":\"Demolici\u00f3n parcial del Hotel Tres Islas: un parche est\u00e9tico que perpet\u00faa la ilegalidad y el expolio del litoral\"}]},{\"@type\":\"WebSite\",\"@id\":\"https:\/\/turcon.es\/wp\/#website\",\"url\":\"https:\/\/turcon.es\/wp\/\",\"name\":\"Colectivo Ecologista Turcon\",\"description\":\"\",\"publisher\":{\"@id\":\"https:\/\/turcon.es\/wp\/#organization\"},\"potentialAction\":[{\"@type\":\"SearchAction\",\"target\":{\"@type\":\"EntryPoint\",\"urlTemplate\":\"https:\/\/turcon.es\/wp\/?s={search_term_string}\"},\"query-input\":{\"@type\":\"PropertyValueSpecification\",\"valueRequired\":true,\"valueName\":\"search_term_string\"}}],\"inLanguage\":\"es\"},{\"@type\":\"Organization\",\"@id\":\"https:\/\/turcon.es\/wp\/#organization\",\"name\":\"Colectivo Ecologista Turcon\",\"url\":\"https:\/\/turcon.es\/wp\/\",\"logo\":{\"@type\":\"ImageObject\",\"inLanguage\":\"es\",\"@id\":\"https:\/\/turcon.es\/wp\/#\/schema\/logo\/image\/\",\"url\":\"https:\/\/turcon.es\/wp\/wp-content\/uploads\/2025\/03\/logo-verde.svg\",\"contentUrl\":\"https:\/\/turcon.es\/wp\/wp-content\/uploads\/2025\/03\/logo-verde.svg\",\"width\":813,\"height\":813,\"caption\":\"Colectivo Ecologista Turcon\"},\"image\":{\"@id\":\"https:\/\/turcon.es\/wp\/#\/schema\/logo\/image\/\"}},{\"@type\":\"Person\",\"@id\":\"https:\/\/turcon.es\/wp\/#\/schema\/person\/b1f85a9d52ef8e031aa668001b1d37ae\",\"name\":\"Juan Jim\u00e9nez Alem\u00e1n\",\"image\":{\"@type\":\"ImageObject\",\"inLanguage\":\"es\",\"@id\":\"https:\/\/turcon.es\/wp\/#\/schema\/person\/image\/\",\"url\":\"https:\/\/secure.gravatar.com\/avatar\/ce17a8ba8080dac3d130b7a06e441d2157d9eb1ea35925cb0e020ee8d22a7129?s=96&d=mm&r=g\",\"contentUrl\":\"https:\/\/secure.gravatar.com\/avatar\/ce17a8ba8080dac3d130b7a06e441d2157d9eb1ea35925cb0e020ee8d22a7129?s=96&d=mm&r=g\",\"caption\":\"Juan Jim\u00e9nez Alem\u00e1n\"},\"url\":\"https:\/\/turcon.es\/wp\/author\/juanja\/\"}]}<\/script>\n<!-- \/ Yoast SEO plugin. -->","yoast_head_json":{"title":"Demolici\u00f3n parcial del Hotel Tres Islas: un parche est\u00e9tico que perpet\u00faa la ilegalidad y el expolio del litoral - Colectivo Ecologista Turcon","robots":{"index":"index","follow":"follow","max-snippet":"max-snippet:-1","max-image-preview":"max-image-preview:large","max-video-preview":"max-video-preview:-1"},"canonical":"https:\/\/turcon.es\/wp\/demolicion-parcial-del-hotel-tres-islas-un-parche-estetico-que-perpetua-la-ilegalidad-y-el-expolio-del-litoral\/","og_locale":"es_ES","og_type":"article","og_title":"Demolici\u00f3n parcial del Hotel Tres Islas: un parche est\u00e9tico que perpet\u00faa la ilegalidad y el expolio del litoral - Colectivo Ecologista Turcon","og_description":"Desde Turc\u00f3n &#8211; Ecologistas en Acci\u00f3n valoramos con escepticismo y preocupaci\u00f3n la noticia de que la empresa RIU ha iniciado la demolici\u00f3n de varias dependencias del Hotel Tres Islas, en cumplimiento del requerimiento del Ministerio para la Transici\u00f3n Ecol\u00f3gica. Este anuncio no puede entenderse como una reparaci\u00f3n del da\u00f1o causado al dominio p\u00fablico mar\u00edtimo-terrestre, sino [&hellip;]","og_url":"https:\/\/turcon.es\/wp\/demolicion-parcial-del-hotel-tres-islas-un-parche-estetico-que-perpetua-la-ilegalidad-y-el-expolio-del-litoral\/","og_site_name":"Colectivo Ecologista Turcon","article_published_time":"2025-07-25T12:45:34+00:00","article_modified_time":"2025-07-25T12:45:36+00:00","og_image":[{"width":1071,"height":702,"url":"https:\/\/turcon.es\/wp\/wp-content\/uploads\/2025\/05\/Dunas-de-Corralejo-comunicado-2.jpg","type":"image\/jpeg"}],"author":"Juan Jim\u00e9nez Alem\u00e1n","twitter_card":"summary_large_image","twitter_misc":{"Escrito por":"Juan Jim\u00e9nez Alem\u00e1n","Tiempo de lectura":"4 minutos"},"schema":{"@context":"https:\/\/schema.org","@graph":[{"@type":"Article","@id":"https:\/\/turcon.es\/wp\/demolicion-parcial-del-hotel-tres-islas-un-parche-estetico-que-perpetua-la-ilegalidad-y-el-expolio-del-litoral\/#article","isPartOf":{"@id":"https:\/\/turcon.es\/wp\/demolicion-parcial-del-hotel-tres-islas-un-parche-estetico-que-perpetua-la-ilegalidad-y-el-expolio-del-litoral\/"},"author":{"name":"Juan Jim\u00e9nez Alem\u00e1n","@id":"https:\/\/turcon.es\/wp\/#\/schema\/person\/b1f85a9d52ef8e031aa668001b1d37ae"},"headline":"Demolici\u00f3n parcial del Hotel Tres Islas: un parche est\u00e9tico que perpet\u00faa la ilegalidad y el expolio del litoral","datePublished":"2025-07-25T12:45:34+00:00","dateModified":"2025-07-25T12:45:36+00:00","mainEntityOfPage":{"@id":"https:\/\/turcon.es\/wp\/demolicion-parcial-del-hotel-tres-islas-un-parche-estetico-que-perpetua-la-ilegalidad-y-el-expolio-del-litoral\/"},"wordCount":665,"commentCount":0,"publisher":{"@id":"https:\/\/turcon.es\/wp\/#organization"},"image":{"@id":"https:\/\/turcon.es\/wp\/demolicion-parcial-del-hotel-tres-islas-un-parche-estetico-que-perpetua-la-ilegalidad-y-el-expolio-del-litoral\/#primaryimage"},"thumbnailUrl":"https:\/\/turcon.es\/wp\/wp-content\/uploads\/2025\/05\/Dunas-de-Corralejo-comunicado-2.jpg","keywords":["Dunas de Corralejo","Expolio litoral","Hoteles RIU"],"articleSection":["Administraci\u00f3n p\u00fablica","Canarias","Espacios Naturales","Notas de prensa de Turc\u00f3n"],"inLanguage":"es","potentialAction":[{"@type":"CommentAction","name":"Comment","target":["https:\/\/turcon.es\/wp\/demolicion-parcial-del-hotel-tres-islas-un-parche-estetico-que-perpetua-la-ilegalidad-y-el-expolio-del-litoral\/#respond"]}]},{"@type":"WebPage","@id":"https:\/\/turcon.es\/wp\/demolicion-parcial-del-hotel-tres-islas-un-parche-estetico-que-perpetua-la-ilegalidad-y-el-expolio-del-litoral\/","url":"https:\/\/turcon.es\/wp\/demolicion-parcial-del-hotel-tres-islas-un-parche-estetico-que-perpetua-la-ilegalidad-y-el-expolio-del-litoral\/","name":"Demolici\u00f3n parcial del Hotel Tres Islas: un parche est\u00e9tico que perpet\u00faa la ilegalidad y el expolio del litoral - Colectivo Ecologista Turcon","isPartOf":{"@id":"https:\/\/turcon.es\/wp\/#website"},"primaryImageOfPage":{"@id":"https:\/\/turcon.es\/wp\/demolicion-parcial-del-hotel-tres-islas-un-parche-estetico-que-perpetua-la-ilegalidad-y-el-expolio-del-litoral\/#primaryimage"},"image":{"@id":"https:\/\/turcon.es\/wp\/demolicion-parcial-del-hotel-tres-islas-un-parche-estetico-que-perpetua-la-ilegalidad-y-el-expolio-del-litoral\/#primaryimage"},"thumbnailUrl":"https:\/\/turcon.es\/wp\/wp-content\/uploads\/2025\/05\/Dunas-de-Corralejo-comunicado-2.jpg","datePublished":"2025-07-25T12:45:34+00:00","dateModified":"2025-07-25T12:45:36+00:00","breadcrumb":{"@id":"https:\/\/turcon.es\/wp\/demolicion-parcial-del-hotel-tres-islas-un-parche-estetico-que-perpetua-la-ilegalidad-y-el-expolio-del-litoral\/#breadcrumb"},"inLanguage":"es","potentialAction":[{"@type":"ReadAction","target":["https:\/\/turcon.es\/wp\/demolicion-parcial-del-hotel-tres-islas-un-parche-estetico-que-perpetua-la-ilegalidad-y-el-expolio-del-litoral\/"]}]},{"@type":"ImageObject","inLanguage":"es","@id":"https:\/\/turcon.es\/wp\/demolicion-parcial-del-hotel-tres-islas-un-parche-estetico-que-perpetua-la-ilegalidad-y-el-expolio-del-litoral\/#primaryimage","url":"https:\/\/turcon.es\/wp\/wp-content\/uploads\/2025\/05\/Dunas-de-Corralejo-comunicado-2.jpg","contentUrl":"https:\/\/turcon.es\/wp\/wp-content\/uploads\/2025\/05\/Dunas-de-Corralejo-comunicado-2.jpg","width":1071,"height":702},{"@type":"BreadcrumbList","@id":"https:\/\/turcon.es\/wp\/demolicion-parcial-del-hotel-tres-islas-un-parche-estetico-que-perpetua-la-ilegalidad-y-el-expolio-del-litoral\/#breadcrumb","itemListElement":[{"@type":"ListItem","position":1,"name":"Portada","item":"https:\/\/turcon.es\/wp\/"},{"@type":"ListItem","position":2,"name":"Demolici\u00f3n parcial del Hotel Tres Islas: un parche est\u00e9tico que perpet\u00faa la ilegalidad y el expolio del litoral"}]},{"@type":"WebSite","@id":"https:\/\/turcon.es\/wp\/#website","url":"https:\/\/turcon.es\/wp\/","name":"Colectivo Ecologista Turcon","description":"","publisher":{"@id":"https:\/\/turcon.es\/wp\/#organization"},"potentialAction":[{"@type":"SearchAction","target":{"@type":"EntryPoint","urlTemplate":"https:\/\/turcon.es\/wp\/?s={search_term_string}"},"query-input":{"@type":"PropertyValueSpecification","valueRequired":true,"valueName":"search_term_string"}}],"inLanguage":"es"},{"@type":"Organization","@id":"https:\/\/turcon.es\/wp\/#organization","name":"Colectivo Ecologista Turcon","url":"https:\/\/turcon.es\/wp\/","logo":{"@type":"ImageObject","inLanguage":"es","@id":"https:\/\/turcon.es\/wp\/#\/schema\/logo\/image\/","url":"https:\/\/turcon.es\/wp\/wp-content\/uploads\/2025\/03\/logo-verde.svg","contentUrl":"https:\/\/turcon.es\/wp\/wp-content\/uploads\/2025\/03\/logo-verde.svg","width":813,"height":813,"caption":"Colectivo Ecologista Turcon"},"image":{"@id":"https:\/\/turcon.es\/wp\/#\/schema\/logo\/image\/"}},{"@type":"Person","@id":"https:\/\/turcon.es\/wp\/#\/schema\/person\/b1f85a9d52ef8e031aa668001b1d37ae","name":"Juan Jim\u00e9nez Alem\u00e1n","image":{"@type":"ImageObject","inLanguage":"es","@id":"https:\/\/turcon.es\/wp\/#\/schema\/person\/image\/","url":"https:\/\/secure.gravatar.com\/avatar\/ce17a8ba8080dac3d130b7a06e441d2157d9eb1ea35925cb0e020ee8d22a7129?s=96&d=mm&r=g","contentUrl":"https:\/\/secure.gravatar.com\/avatar\/ce17a8ba8080dac3d130b7a06e441d2157d9eb1ea35925cb0e020ee8d22a7129?s=96&d=mm&r=g","caption":"Juan Jim\u00e9nez Alem\u00e1n"},"url":"https:\/\/turcon.es\/wp\/author\/juanja\/"}]}},"_links":{"self":[{"href":"https:\/\/turcon.es\/wp\/wp-json\/wp\/v2\/posts\/20781","targetHints":{"allow":["GET"]}}],"collection":[{"href":"https:\/\/turcon.es\/wp\/wp-json\/wp\/v2\/posts"}],"about":[{"href":"https:\/\/turcon.es\/wp\/wp-json\/wp\/v2\/types\/post"}],"author":[{"embeddable":true,"href":"https:\/\/turcon.es\/wp\/wp-json\/wp\/v2\/users\/3"}],"replies":[{"embeddable":true,"href":"https:\/\/turcon.es\/wp\/wp-json\/wp\/v2\/comments?post=20781"}],"version-history":[{"count":1,"href":"https:\/\/turcon.es\/wp\/wp-json\/wp\/v2\/posts\/20781\/revisions"}],"predecessor-version":[{"id":20782,"href":"https:\/\/turcon.es\/wp\/wp-json\/wp\/v2\/posts\/20781\/revisions\/20782"}],"wp:featuredmedia":[{"embeddable":true,"href":"https:\/\/turcon.es\/wp\/wp-json\/wp\/v2\/media\/20462"}],"wp:attachment":[{"href":"https:\/\/turcon.es\/wp\/wp-json\/wp\/v2\/media?parent=20781"}],"wp:term":[{"taxonomy":"category","embeddable":true,"href":"https:\/\/turcon.es\/wp\/wp-json\/wp\/v2\/categories?post=20781"},{"taxonomy":"post_tag","embeddable":true,"href":"https:\/\/turcon.es\/wp\/wp-json\/wp\/v2\/tags?post=20781"}],"curies":[{"name":"wp","href":"https:\/\/api.w.org\/{rel}","templated":true}]}}