{"id":20794,"date":"2025-07-29T18:57:18","date_gmt":"2025-07-29T18:57:18","guid":{"rendered":"https:\/\/turcon.es\/wp\/?p=20794"},"modified":"2025-07-29T18:57:20","modified_gmt":"2025-07-29T18:57:20","slug":"turcon-lamenta-la-muerte-de-la-palmera-trasplantada-en-el-calero-alto-y-la-poca-sensibilidad-institucional-y-empresarial-en-los-hechos","status":"publish","type":"post","link":"https:\/\/turcon.es\/wp\/turcon-lamenta-la-muerte-de-la-palmera-trasplantada-en-el-calero-alto-y-la-poca-sensibilidad-institucional-y-empresarial-en-los-hechos\/","title":{"rendered":"Turc\u00f3n lamenta la muerte de la palmera trasplantada en el Calero Alto y la poca sensibilidad institucional y empresarial en los hechos\u00a0"},"content":{"rendered":"\n<p class=\"has-background\" style=\"background:radial-gradient(rgb(202,248,128) 100%,rgb(113,206,126) 100%);font-size:18px\"><strong>Lo denunci\u00e1bamos a todas las autoridades locales e insulares el mes de abril de 2024. Fue un atropello innecesario. La palmera sana y ubicada junto al antiguo pilar de agua del Calero Alto de Telde, fue trasplantada por capricho, sin las medidas preventivas necesarias y sin los cuidados necesarios. Un a\u00f1o despu\u00e9s la palmera est\u00e1 totalmente muerta y seca como muestran las fotos de este mes de julio de 2025.<\/strong><strong><\/strong><\/p>\n\n\n\n<p>La impunidad de la acci\u00f3n y <strong>la falta de mantenimiento, inter\u00e9s, cuidados y sensibilidad<\/strong> han retratado al inconsciente autor de los hechos y autoridades pertinentes al ser tolerante con estas acciones contra el patrimonio natural de Telde.<\/p>\n\n\n\n<figure class=\"wp-block-gallery has-nested-images columns-2 is-cropped wp-block-gallery-1 is-layout-flex wp-block-gallery-is-layout-flex\">\n<figure class=\"wp-block-image size-large\"><img fetchpriority=\"high\" decoding=\"async\" width=\"1024\" height=\"768\" data-id=\"20795\" src=\"https:\/\/turcon.es\/wp\/wp-content\/uploads\/2025\/07\/Atropello-palmera-Calero-Alto-1-1024x768.jpg\" alt=\"\" class=\"wp-image-20795\" srcset=\"https:\/\/turcon.es\/wp\/wp-content\/uploads\/2025\/07\/Atropello-palmera-Calero-Alto-1-1024x768.jpg 1024w, https:\/\/turcon.es\/wp\/wp-content\/uploads\/2025\/07\/Atropello-palmera-Calero-Alto-1-300x225.jpg 300w, https:\/\/turcon.es\/wp\/wp-content\/uploads\/2025\/07\/Atropello-palmera-Calero-Alto-1-768x576.jpg 768w, https:\/\/turcon.es\/wp\/wp-content\/uploads\/2025\/07\/Atropello-palmera-Calero-Alto-1-1536x1152.jpg 1536w, https:\/\/turcon.es\/wp\/wp-content\/uploads\/2025\/07\/Atropello-palmera-Calero-Alto-1.jpg 1600w\" sizes=\"(max-width: 1024px) 100vw, 1024px\" \/><\/figure>\n\n\n\n<figure class=\"wp-block-image size-large\"><img decoding=\"async\" width=\"1024\" height=\"768\" data-id=\"20797\" src=\"https:\/\/turcon.es\/wp\/wp-content\/uploads\/2025\/07\/Atropello-palmera-Calero-Alto-3-1024x768.jpg\" alt=\"\" class=\"wp-image-20797\" srcset=\"https:\/\/turcon.es\/wp\/wp-content\/uploads\/2025\/07\/Atropello-palmera-Calero-Alto-3-1024x768.jpg 1024w, https:\/\/turcon.es\/wp\/wp-content\/uploads\/2025\/07\/Atropello-palmera-Calero-Alto-3-300x225.jpg 300w, https:\/\/turcon.es\/wp\/wp-content\/uploads\/2025\/07\/Atropello-palmera-Calero-Alto-3-768x576.jpg 768w, https:\/\/turcon.es\/wp\/wp-content\/uploads\/2025\/07\/Atropello-palmera-Calero-Alto-3-1536x1152.jpg 1536w, https:\/\/turcon.es\/wp\/wp-content\/uploads\/2025\/07\/Atropello-palmera-Calero-Alto-3.jpg 1600w\" sizes=\"(max-width: 1024px) 100vw, 1024px\" \/><\/figure>\n\n\n\n<figure class=\"wp-block-image size-large\"><img decoding=\"async\" width=\"1024\" height=\"768\" data-id=\"20796\" src=\"https:\/\/turcon.es\/wp\/wp-content\/uploads\/2025\/07\/Atropello-palmera-Calero-Alto-2-1024x768.jpg\" alt=\"\" class=\"wp-image-20796\" srcset=\"https:\/\/turcon.es\/wp\/wp-content\/uploads\/2025\/07\/Atropello-palmera-Calero-Alto-2-1024x768.jpg 1024w, https:\/\/turcon.es\/wp\/wp-content\/uploads\/2025\/07\/Atropello-palmera-Calero-Alto-2-300x225.jpg 300w, https:\/\/turcon.es\/wp\/wp-content\/uploads\/2025\/07\/Atropello-palmera-Calero-Alto-2-768x576.jpg 768w, https:\/\/turcon.es\/wp\/wp-content\/uploads\/2025\/07\/Atropello-palmera-Calero-Alto-2-1536x1152.jpg 1536w, https:\/\/turcon.es\/wp\/wp-content\/uploads\/2025\/07\/Atropello-palmera-Calero-Alto-2.jpg 1600w\" sizes=\"(max-width: 1024px) 100vw, 1024px\" \/><\/figure>\n<\/figure>\n\n\n\n<p>Ni siquiera han tenido el detalle de aplicar una mano de pintura al hist\u00f3rico pilar de agua, observador desconsolado de todo el atropello producido para construir un aparcamiento de coches, vallado perimetral, instalaci\u00f3n de luminarias solares, vertido de grava en el suelo, para facilitar el tr\u00e1nsito de veh\u00edculos en ese trozo de terreno potencialmente agr\u00edcola.<\/p>\n\n\n\n<p>Todo ello se produce en una <strong>parcela de suelo no consolidado por la urbanizaci\u00f3n<\/strong>. Esta pieza de suelo, <strong>est\u00e1 afectada por el \u00c1mbito de Unidad de Actuaci\u00f3n, UA-El Calero Alto-6, de 4.658 m2<\/strong>, de superficie, de acuerdo al <strong>PGOU vigente del a\u00f1o 2002<\/strong>. Como quiera que no se ha desarrollado esta Unidad de Actuaci\u00f3n, se desconoce s\u00ed la parcela usada, ser\u00e1 zona verde, equipamiento social, etc. Por lo que, a nuestro parecer, se est\u00e1 <strong>adelantando el propietario a la urbanizaci\u00f3n reglada del sector<\/strong>, mediante actos consumados de consolidaci\u00f3n <strong>sin los permisos habilitantes<\/strong> y contaminando unos suelos cuyo futuro ser\u00e1 incierto.<\/p>\n\n\n\n<p>Repudiamos este tipo de actos donde, como siempre, prima el inter\u00e9s de un particular frente al bien com\u00fan, a los intereses de la colectividad.<\/p>\n","protected":false},"excerpt":{"rendered":"<p>Lo denunci\u00e1bamos a todas las autoridades locales e insulares el mes de abril de 2024. Fue un atropello innecesario. La palmera sana y ubicada junto al antiguo pilar de agua del Calero Alto de Telde, fue trasplantada por capricho, sin las medidas preventivas necesarias y sin los cuidados necesarios. Un a\u00f1o despu\u00e9s la palmera est\u00e1 [&hellip;]<\/p>\n","protected":false},"author":3,"featured_media":20798,"comment_status":"open","ping_status":"open","sticky":false,"template":"","format":"standard","meta":{"footnotes":""},"categories":[46,60,65],"tags":[1841,1842],"class_list":["post-20794","post","type-post","status-publish","format-standard","has-post-thumbnail","hentry","category-notas-de-prensa-de-turcon","category-telde-gran-canaria","category-urbanismo","tag-atropello-palmera-calero-alto","tag-palmericidio"],"yoast_head":"<!-- This site is optimized with the Yoast SEO plugin v26.3 - https:\/\/yoast.com\/wordpress\/plugins\/seo\/ -->\n<title>Turc\u00f3n lamenta la muerte de la palmera trasplantada en el Calero Alto y la poca sensibilidad institucional y empresarial en los hechos\u00a0 - Colectivo Ecologista Turcon<\/title>\n<meta name=\"robots\" content=\"index, follow, max-snippet:-1, max-image-preview:large, max-video-preview:-1\" \/>\n<link rel=\"canonical\" href=\"https:\/\/turcon.es\/wp\/turcon-lamenta-la-muerte-de-la-palmera-trasplantada-en-el-calero-alto-y-la-poca-sensibilidad-institucional-y-empresarial-en-los-hechos\/\" \/>\n<meta property=\"og:locale\" content=\"es_ES\" \/>\n<meta property=\"og:type\" content=\"article\" \/>\n<meta property=\"og:title\" content=\"Turc\u00f3n lamenta la muerte de la palmera trasplantada en el Calero Alto y la poca sensibilidad institucional y empresarial en los hechos\u00a0 - Colectivo Ecologista Turcon\" \/>\n<meta property=\"og:description\" content=\"Lo denunci\u00e1bamos a todas las autoridades locales e insulares el mes de abril de 2024. Fue un atropello innecesario. La palmera sana y ubicada junto al antiguo pilar de agua del Calero Alto de Telde, fue trasplantada por capricho, sin las medidas preventivas necesarias y sin los cuidados necesarios. Un a\u00f1o despu\u00e9s la palmera est\u00e1 [&hellip;]\" \/>\n<meta property=\"og:url\" content=\"https:\/\/turcon.es\/wp\/turcon-lamenta-la-muerte-de-la-palmera-trasplantada-en-el-calero-alto-y-la-poca-sensibilidad-institucional-y-empresarial-en-los-hechos\/\" \/>\n<meta property=\"og:site_name\" content=\"Colectivo Ecologista Turcon\" \/>\n<meta property=\"article:published_time\" content=\"2025-07-29T18:57:18+00:00\" \/>\n<meta property=\"article:modified_time\" content=\"2025-07-29T18:57:20+00:00\" \/>\n<meta property=\"og:image\" content=\"https:\/\/turcon.es\/wp\/wp-content\/uploads\/2025\/07\/Collage-palmera-Calero-Alto.jpg\" \/>\n\t<meta property=\"og:image:width\" content=\"817\" \/>\n\t<meta property=\"og:image:height\" content=\"803\" \/>\n\t<meta property=\"og:image:type\" content=\"image\/jpeg\" \/>\n<meta name=\"author\" content=\"Juan Jim\u00e9nez Alem\u00e1n\" \/>\n<meta name=\"twitter:card\" content=\"summary_large_image\" \/>\n<meta name=\"twitter:label1\" content=\"Escrito por\" \/>\n\t<meta name=\"twitter:data1\" content=\"Juan Jim\u00e9nez Alem\u00e1n\" \/>\n\t<meta name=\"twitter:label2\" content=\"Tiempo de lectura\" \/>\n\t<meta name=\"twitter:data2\" content=\"3 minutos\" \/>\n<script type=\"application\/ld+json\" class=\"yoast-schema-graph\">{\"@context\":\"https:\/\/schema.org\",\"@graph\":[{\"@type\":\"Article\",\"@id\":\"https:\/\/turcon.es\/wp\/turcon-lamenta-la-muerte-de-la-palmera-trasplantada-en-el-calero-alto-y-la-poca-sensibilidad-institucional-y-empresarial-en-los-hechos\/#article\",\"isPartOf\":{\"@id\":\"https:\/\/turcon.es\/wp\/turcon-lamenta-la-muerte-de-la-palmera-trasplantada-en-el-calero-alto-y-la-poca-sensibilidad-institucional-y-empresarial-en-los-hechos\/\"},\"author\":{\"name\":\"Juan Jim\u00e9nez Alem\u00e1n\",\"@id\":\"https:\/\/turcon.es\/wp\/#\/schema\/person\/b1f85a9d52ef8e031aa668001b1d37ae\"},\"headline\":\"Turc\u00f3n lamenta la muerte de la palmera trasplantada en el Calero Alto y la poca sensibilidad institucional y empresarial en los hechos\u00a0\",\"datePublished\":\"2025-07-29T18:57:18+00:00\",\"dateModified\":\"2025-07-29T18:57:20+00:00\",\"mainEntityOfPage\":{\"@id\":\"https:\/\/turcon.es\/wp\/turcon-lamenta-la-muerte-de-la-palmera-trasplantada-en-el-calero-alto-y-la-poca-sensibilidad-institucional-y-empresarial-en-los-hechos\/\"},\"wordCount\":323,\"commentCount\":0,\"publisher\":{\"@id\":\"https:\/\/turcon.es\/wp\/#organization\"},\"image\":{\"@id\":\"https:\/\/turcon.es\/wp\/turcon-lamenta-la-muerte-de-la-palmera-trasplantada-en-el-calero-alto-y-la-poca-sensibilidad-institucional-y-empresarial-en-los-hechos\/#primaryimage\"},\"thumbnailUrl\":\"https:\/\/turcon.es\/wp\/wp-content\/uploads\/2025\/07\/Collage-palmera-Calero-Alto.jpg\",\"keywords\":[\"Atropello palmera Calero Alto\",\"Palmericidio\"],\"articleSection\":[\"Notas de prensa de Turc\u00f3n\",\"Telde (Gran Canaria)\",\"Urbanismo\"],\"inLanguage\":\"es\",\"potentialAction\":[{\"@type\":\"CommentAction\",\"name\":\"Comment\",\"target\":[\"https:\/\/turcon.es\/wp\/turcon-lamenta-la-muerte-de-la-palmera-trasplantada-en-el-calero-alto-y-la-poca-sensibilidad-institucional-y-empresarial-en-los-hechos\/#respond\"]}]},{\"@type\":\"WebPage\",\"@id\":\"https:\/\/turcon.es\/wp\/turcon-lamenta-la-muerte-de-la-palmera-trasplantada-en-el-calero-alto-y-la-poca-sensibilidad-institucional-y-empresarial-en-los-hechos\/\",\"url\":\"https:\/\/turcon.es\/wp\/turcon-lamenta-la-muerte-de-la-palmera-trasplantada-en-el-calero-alto-y-la-poca-sensibilidad-institucional-y-empresarial-en-los-hechos\/\",\"name\":\"Turc\u00f3n lamenta la muerte de la palmera trasplantada en el Calero Alto y la poca sensibilidad institucional y empresarial en los hechos\u00a0 - Colectivo Ecologista Turcon\",\"isPartOf\":{\"@id\":\"https:\/\/turcon.es\/wp\/#website\"},\"primaryImageOfPage\":{\"@id\":\"https:\/\/turcon.es\/wp\/turcon-lamenta-la-muerte-de-la-palmera-trasplantada-en-el-calero-alto-y-la-poca-sensibilidad-institucional-y-empresarial-en-los-hechos\/#primaryimage\"},\"image\":{\"@id\":\"https:\/\/turcon.es\/wp\/turcon-lamenta-la-muerte-de-la-palmera-trasplantada-en-el-calero-alto-y-la-poca-sensibilidad-institucional-y-empresarial-en-los-hechos\/#primaryimage\"},\"thumbnailUrl\":\"https:\/\/turcon.es\/wp\/wp-content\/uploads\/2025\/07\/Collage-palmera-Calero-Alto.jpg\",\"datePublished\":\"2025-07-29T18:57:18+00:00\",\"dateModified\":\"2025-07-29T18:57:20+00:00\",\"breadcrumb\":{\"@id\":\"https:\/\/turcon.es\/wp\/turcon-lamenta-la-muerte-de-la-palmera-trasplantada-en-el-calero-alto-y-la-poca-sensibilidad-institucional-y-empresarial-en-los-hechos\/#breadcrumb\"},\"inLanguage\":\"es\",\"potentialAction\":[{\"@type\":\"ReadAction\",\"target\":[\"https:\/\/turcon.es\/wp\/turcon-lamenta-la-muerte-de-la-palmera-trasplantada-en-el-calero-alto-y-la-poca-sensibilidad-institucional-y-empresarial-en-los-hechos\/\"]}]},{\"@type\":\"ImageObject\",\"inLanguage\":\"es\",\"@id\":\"https:\/\/turcon.es\/wp\/turcon-lamenta-la-muerte-de-la-palmera-trasplantada-en-el-calero-alto-y-la-poca-sensibilidad-institucional-y-empresarial-en-los-hechos\/#primaryimage\",\"url\":\"https:\/\/turcon.es\/wp\/wp-content\/uploads\/2025\/07\/Collage-palmera-Calero-Alto.jpg\",\"contentUrl\":\"https:\/\/turcon.es\/wp\/wp-content\/uploads\/2025\/07\/Collage-palmera-Calero-Alto.jpg\",\"width\":817,\"height\":803},{\"@type\":\"BreadcrumbList\",\"@id\":\"https:\/\/turcon.es\/wp\/turcon-lamenta-la-muerte-de-la-palmera-trasplantada-en-el-calero-alto-y-la-poca-sensibilidad-institucional-y-empresarial-en-los-hechos\/#breadcrumb\",\"itemListElement\":[{\"@type\":\"ListItem\",\"position\":1,\"name\":\"Portada\",\"item\":\"https:\/\/turcon.es\/wp\/\"},{\"@type\":\"ListItem\",\"position\":2,\"name\":\"Turc\u00f3n lamenta la muerte de la palmera trasplantada en el Calero Alto y la poca sensibilidad institucional y empresarial en los hechos\u00a0\"}]},{\"@type\":\"WebSite\",\"@id\":\"https:\/\/turcon.es\/wp\/#website\",\"url\":\"https:\/\/turcon.es\/wp\/\",\"name\":\"Colectivo Ecologista Turcon\",\"description\":\"\",\"publisher\":{\"@id\":\"https:\/\/turcon.es\/wp\/#organization\"},\"potentialAction\":[{\"@type\":\"SearchAction\",\"target\":{\"@type\":\"EntryPoint\",\"urlTemplate\":\"https:\/\/turcon.es\/wp\/?s={search_term_string}\"},\"query-input\":{\"@type\":\"PropertyValueSpecification\",\"valueRequired\":true,\"valueName\":\"search_term_string\"}}],\"inLanguage\":\"es\"},{\"@type\":\"Organization\",\"@id\":\"https:\/\/turcon.es\/wp\/#organization\",\"name\":\"Colectivo Ecologista Turcon\",\"url\":\"https:\/\/turcon.es\/wp\/\",\"logo\":{\"@type\":\"ImageObject\",\"inLanguage\":\"es\",\"@id\":\"https:\/\/turcon.es\/wp\/#\/schema\/logo\/image\/\",\"url\":\"https:\/\/turcon.es\/wp\/wp-content\/uploads\/2025\/03\/logo-verde.svg\",\"contentUrl\":\"https:\/\/turcon.es\/wp\/wp-content\/uploads\/2025\/03\/logo-verde.svg\",\"width\":813,\"height\":813,\"caption\":\"Colectivo Ecologista Turcon\"},\"image\":{\"@id\":\"https:\/\/turcon.es\/wp\/#\/schema\/logo\/image\/\"}},{\"@type\":\"Person\",\"@id\":\"https:\/\/turcon.es\/wp\/#\/schema\/person\/b1f85a9d52ef8e031aa668001b1d37ae\",\"name\":\"Juan Jim\u00e9nez Alem\u00e1n\",\"image\":{\"@type\":\"ImageObject\",\"inLanguage\":\"es\",\"@id\":\"https:\/\/turcon.es\/wp\/#\/schema\/person\/image\/\",\"url\":\"https:\/\/secure.gravatar.com\/avatar\/ce17a8ba8080dac3d130b7a06e441d2157d9eb1ea35925cb0e020ee8d22a7129?s=96&d=mm&r=g\",\"contentUrl\":\"https:\/\/secure.gravatar.com\/avatar\/ce17a8ba8080dac3d130b7a06e441d2157d9eb1ea35925cb0e020ee8d22a7129?s=96&d=mm&r=g\",\"caption\":\"Juan Jim\u00e9nez Alem\u00e1n\"},\"url\":\"https:\/\/turcon.es\/wp\/author\/juanja\/\"}]}<\/script>\n<!-- \/ Yoast SEO plugin. -->","yoast_head_json":{"title":"Turc\u00f3n lamenta la muerte de la palmera trasplantada en el Calero Alto y la poca sensibilidad institucional y empresarial en los hechos\u00a0 - Colectivo Ecologista Turcon","robots":{"index":"index","follow":"follow","max-snippet":"max-snippet:-1","max-image-preview":"max-image-preview:large","max-video-preview":"max-video-preview:-1"},"canonical":"https:\/\/turcon.es\/wp\/turcon-lamenta-la-muerte-de-la-palmera-trasplantada-en-el-calero-alto-y-la-poca-sensibilidad-institucional-y-empresarial-en-los-hechos\/","og_locale":"es_ES","og_type":"article","og_title":"Turc\u00f3n lamenta la muerte de la palmera trasplantada en el Calero Alto y la poca sensibilidad institucional y empresarial en los hechos\u00a0 - Colectivo Ecologista Turcon","og_description":"Lo denunci\u00e1bamos a todas las autoridades locales e insulares el mes de abril de 2024. Fue un atropello innecesario. La palmera sana y ubicada junto al antiguo pilar de agua del Calero Alto de Telde, fue trasplantada por capricho, sin las medidas preventivas necesarias y sin los cuidados necesarios. Un a\u00f1o despu\u00e9s la palmera est\u00e1 [&hellip;]","og_url":"https:\/\/turcon.es\/wp\/turcon-lamenta-la-muerte-de-la-palmera-trasplantada-en-el-calero-alto-y-la-poca-sensibilidad-institucional-y-empresarial-en-los-hechos\/","og_site_name":"Colectivo Ecologista Turcon","article_published_time":"2025-07-29T18:57:18+00:00","article_modified_time":"2025-07-29T18:57:20+00:00","og_image":[{"width":817,"height":803,"url":"https:\/\/turcon.es\/wp\/wp-content\/uploads\/2025\/07\/Collage-palmera-Calero-Alto.jpg","type":"image\/jpeg"}],"author":"Juan Jim\u00e9nez Alem\u00e1n","twitter_card":"summary_large_image","twitter_misc":{"Escrito por":"Juan Jim\u00e9nez Alem\u00e1n","Tiempo de lectura":"3 minutos"},"schema":{"@context":"https:\/\/schema.org","@graph":[{"@type":"Article","@id":"https:\/\/turcon.es\/wp\/turcon-lamenta-la-muerte-de-la-palmera-trasplantada-en-el-calero-alto-y-la-poca-sensibilidad-institucional-y-empresarial-en-los-hechos\/#article","isPartOf":{"@id":"https:\/\/turcon.es\/wp\/turcon-lamenta-la-muerte-de-la-palmera-trasplantada-en-el-calero-alto-y-la-poca-sensibilidad-institucional-y-empresarial-en-los-hechos\/"},"author":{"name":"Juan Jim\u00e9nez Alem\u00e1n","@id":"https:\/\/turcon.es\/wp\/#\/schema\/person\/b1f85a9d52ef8e031aa668001b1d37ae"},"headline":"Turc\u00f3n lamenta la muerte de la palmera trasplantada en el Calero Alto y la poca sensibilidad institucional y empresarial en los hechos\u00a0","datePublished":"2025-07-29T18:57:18+00:00","dateModified":"2025-07-29T18:57:20+00:00","mainEntityOfPage":{"@id":"https:\/\/turcon.es\/wp\/turcon-lamenta-la-muerte-de-la-palmera-trasplantada-en-el-calero-alto-y-la-poca-sensibilidad-institucional-y-empresarial-en-los-hechos\/"},"wordCount":323,"commentCount":0,"publisher":{"@id":"https:\/\/turcon.es\/wp\/#organization"},"image":{"@id":"https:\/\/turcon.es\/wp\/turcon-lamenta-la-muerte-de-la-palmera-trasplantada-en-el-calero-alto-y-la-poca-sensibilidad-institucional-y-empresarial-en-los-hechos\/#primaryimage"},"thumbnailUrl":"https:\/\/turcon.es\/wp\/wp-content\/uploads\/2025\/07\/Collage-palmera-Calero-Alto.jpg","keywords":["Atropello palmera Calero Alto","Palmericidio"],"articleSection":["Notas de prensa de Turc\u00f3n","Telde (Gran Canaria)","Urbanismo"],"inLanguage":"es","potentialAction":[{"@type":"CommentAction","name":"Comment","target":["https:\/\/turcon.es\/wp\/turcon-lamenta-la-muerte-de-la-palmera-trasplantada-en-el-calero-alto-y-la-poca-sensibilidad-institucional-y-empresarial-en-los-hechos\/#respond"]}]},{"@type":"WebPage","@id":"https:\/\/turcon.es\/wp\/turcon-lamenta-la-muerte-de-la-palmera-trasplantada-en-el-calero-alto-y-la-poca-sensibilidad-institucional-y-empresarial-en-los-hechos\/","url":"https:\/\/turcon.es\/wp\/turcon-lamenta-la-muerte-de-la-palmera-trasplantada-en-el-calero-alto-y-la-poca-sensibilidad-institucional-y-empresarial-en-los-hechos\/","name":"Turc\u00f3n lamenta la muerte de la palmera trasplantada en el Calero Alto y la poca sensibilidad institucional y empresarial en los hechos\u00a0 - Colectivo Ecologista Turcon","isPartOf":{"@id":"https:\/\/turcon.es\/wp\/#website"},"primaryImageOfPage":{"@id":"https:\/\/turcon.es\/wp\/turcon-lamenta-la-muerte-de-la-palmera-trasplantada-en-el-calero-alto-y-la-poca-sensibilidad-institucional-y-empresarial-en-los-hechos\/#primaryimage"},"image":{"@id":"https:\/\/turcon.es\/wp\/turcon-lamenta-la-muerte-de-la-palmera-trasplantada-en-el-calero-alto-y-la-poca-sensibilidad-institucional-y-empresarial-en-los-hechos\/#primaryimage"},"thumbnailUrl":"https:\/\/turcon.es\/wp\/wp-content\/uploads\/2025\/07\/Collage-palmera-Calero-Alto.jpg","datePublished":"2025-07-29T18:57:18+00:00","dateModified":"2025-07-29T18:57:20+00:00","breadcrumb":{"@id":"https:\/\/turcon.es\/wp\/turcon-lamenta-la-muerte-de-la-palmera-trasplantada-en-el-calero-alto-y-la-poca-sensibilidad-institucional-y-empresarial-en-los-hechos\/#breadcrumb"},"inLanguage":"es","potentialAction":[{"@type":"ReadAction","target":["https:\/\/turcon.es\/wp\/turcon-lamenta-la-muerte-de-la-palmera-trasplantada-en-el-calero-alto-y-la-poca-sensibilidad-institucional-y-empresarial-en-los-hechos\/"]}]},{"@type":"ImageObject","inLanguage":"es","@id":"https:\/\/turcon.es\/wp\/turcon-lamenta-la-muerte-de-la-palmera-trasplantada-en-el-calero-alto-y-la-poca-sensibilidad-institucional-y-empresarial-en-los-hechos\/#primaryimage","url":"https:\/\/turcon.es\/wp\/wp-content\/uploads\/2025\/07\/Collage-palmera-Calero-Alto.jpg","contentUrl":"https:\/\/turcon.es\/wp\/wp-content\/uploads\/2025\/07\/Collage-palmera-Calero-Alto.jpg","width":817,"height":803},{"@type":"BreadcrumbList","@id":"https:\/\/turcon.es\/wp\/turcon-lamenta-la-muerte-de-la-palmera-trasplantada-en-el-calero-alto-y-la-poca-sensibilidad-institucional-y-empresarial-en-los-hechos\/#breadcrumb","itemListElement":[{"@type":"ListItem","position":1,"name":"Portada","item":"https:\/\/turcon.es\/wp\/"},{"@type":"ListItem","position":2,"name":"Turc\u00f3n lamenta la muerte de la palmera trasplantada en el Calero Alto y la poca sensibilidad institucional y empresarial en los hechos\u00a0"}]},{"@type":"WebSite","@id":"https:\/\/turcon.es\/wp\/#website","url":"https:\/\/turcon.es\/wp\/","name":"Colectivo Ecologista Turcon","description":"","publisher":{"@id":"https:\/\/turcon.es\/wp\/#organization"},"potentialAction":[{"@type":"SearchAction","target":{"@type":"EntryPoint","urlTemplate":"https:\/\/turcon.es\/wp\/?s={search_term_string}"},"query-input":{"@type":"PropertyValueSpecification","valueRequired":true,"valueName":"search_term_string"}}],"inLanguage":"es"},{"@type":"Organization","@id":"https:\/\/turcon.es\/wp\/#organization","name":"Colectivo Ecologista Turcon","url":"https:\/\/turcon.es\/wp\/","logo":{"@type":"ImageObject","inLanguage":"es","@id":"https:\/\/turcon.es\/wp\/#\/schema\/logo\/image\/","url":"https:\/\/turcon.es\/wp\/wp-content\/uploads\/2025\/03\/logo-verde.svg","contentUrl":"https:\/\/turcon.es\/wp\/wp-content\/uploads\/2025\/03\/logo-verde.svg","width":813,"height":813,"caption":"Colectivo Ecologista Turcon"},"image":{"@id":"https:\/\/turcon.es\/wp\/#\/schema\/logo\/image\/"}},{"@type":"Person","@id":"https:\/\/turcon.es\/wp\/#\/schema\/person\/b1f85a9d52ef8e031aa668001b1d37ae","name":"Juan Jim\u00e9nez Alem\u00e1n","image":{"@type":"ImageObject","inLanguage":"es","@id":"https:\/\/turcon.es\/wp\/#\/schema\/person\/image\/","url":"https:\/\/secure.gravatar.com\/avatar\/ce17a8ba8080dac3d130b7a06e441d2157d9eb1ea35925cb0e020ee8d22a7129?s=96&d=mm&r=g","contentUrl":"https:\/\/secure.gravatar.com\/avatar\/ce17a8ba8080dac3d130b7a06e441d2157d9eb1ea35925cb0e020ee8d22a7129?s=96&d=mm&r=g","caption":"Juan Jim\u00e9nez Alem\u00e1n"},"url":"https:\/\/turcon.es\/wp\/author\/juanja\/"}]}},"_links":{"self":[{"href":"https:\/\/turcon.es\/wp\/wp-json\/wp\/v2\/posts\/20794","targetHints":{"allow":["GET"]}}],"collection":[{"href":"https:\/\/turcon.es\/wp\/wp-json\/wp\/v2\/posts"}],"about":[{"href":"https:\/\/turcon.es\/wp\/wp-json\/wp\/v2\/types\/post"}],"author":[{"embeddable":true,"href":"https:\/\/turcon.es\/wp\/wp-json\/wp\/v2\/users\/3"}],"replies":[{"embeddable":true,"href":"https:\/\/turcon.es\/wp\/wp-json\/wp\/v2\/comments?post=20794"}],"version-history":[{"count":1,"href":"https:\/\/turcon.es\/wp\/wp-json\/wp\/v2\/posts\/20794\/revisions"}],"predecessor-version":[{"id":20799,"href":"https:\/\/turcon.es\/wp\/wp-json\/wp\/v2\/posts\/20794\/revisions\/20799"}],"wp:featuredmedia":[{"embeddable":true,"href":"https:\/\/turcon.es\/wp\/wp-json\/wp\/v2\/media\/20798"}],"wp:attachment":[{"href":"https:\/\/turcon.es\/wp\/wp-json\/wp\/v2\/media?parent=20794"}],"wp:term":[{"taxonomy":"category","embeddable":true,"href":"https:\/\/turcon.es\/wp\/wp-json\/wp\/v2\/categories?post=20794"},{"taxonomy":"post_tag","embeddable":true,"href":"https:\/\/turcon.es\/wp\/wp-json\/wp\/v2\/tags?post=20794"}],"curies":[{"name":"wp","href":"https:\/\/api.w.org\/{rel}","templated":true}]}}