{"id":21289,"date":"2025-10-26T18:43:08","date_gmt":"2025-10-26T18:43:08","guid":{"rendered":"https:\/\/turcon.es\/wp\/?p=21289"},"modified":"2025-10-26T18:43:11","modified_gmt":"2025-10-26T18:43:11","slug":"reactivando-las-comunidades-energeticas-en-telde","status":"publish","type":"post","link":"https:\/\/turcon.es\/wp\/reactivando-las-comunidades-energeticas-en-telde\/","title":{"rendered":"Reactivando las comunidades energ\u00e9ticas en Telde"},"content":{"rendered":"\n<p class=\"has-black-color has-text-color has-background has-link-color wp-elements-9457afe52037305ca8d609217b40d10b\" style=\"background:radial-gradient(rgb(202,248,128) 100%,rgb(113,206,126) 100%);font-size:16px\">Charla organizada por Turc\u00f3n-EeA, en la sede del C\u00edrculo Cultural de Telde. El Profesor de la ULPGC y Director Insular de Energ\u00eda y Clima, Alexis Lozano Medina, comparti\u00f3 de una manera muy did\u00e1ctica toda la nueva pol\u00edtica sobre las comunidades energ\u00e9ticas y la facilitaci\u00f3n del uso compartido de la energ\u00eda renovable entre vecinos, peque\u00f1as empresas y administraciones, lo que disminuye la dependencia de combustibles f\u00f3siles y abaratar la factura el\u00e9ctrica. La distribuci\u00f3n de la energ\u00eda generada se realiza mediante coeficientes de reparto acordados entre los participantes, sin necesidad de estar en el mismo edificio, y en un peque\u00f1o radio entre la instalaci\u00f3n fotovoltaica y los consumidores.<strong><\/strong><\/p>\n\n\n\n<p>Consuelo Jorges, presidenta de Turc\u00f3n, en la presentaci\u00f3n del acto, explic\u00f3 la posici\u00f3n frente a proyectos de ocupaci\u00f3n del suelo, en lo que se considera un modelo de <strong>\u201ctransici\u00f3n energ\u00e9tica errado\u201d.<\/strong><\/p>\n\n\n\n<p>Puso como ejemplo, los proyectos de Planta de Propano de Salinetas, en un suelo r\u00fastico, donde se quiere construir una planta de generaci\u00f3n de emergencia de unos 18 MW.<\/p>\n\n\n\n<figure class=\"wp-block-gallery has-nested-images columns-default is-cropped wp-block-gallery-1 is-layout-flex wp-block-gallery-is-layout-flex\">\n<figure class=\"wp-block-image size-large\"><img fetchpriority=\"high\" decoding=\"async\" width=\"1024\" height=\"576\" data-id=\"21290\" src=\"https:\/\/turcon.es\/wp\/wp-content\/uploads\/2025\/10\/Charla-comunidades-energeticas-1-1024x576.jpeg\" alt=\"\" class=\"wp-image-21290\" srcset=\"https:\/\/turcon.es\/wp\/wp-content\/uploads\/2025\/10\/Charla-comunidades-energeticas-1-1024x576.jpeg 1024w, https:\/\/turcon.es\/wp\/wp-content\/uploads\/2025\/10\/Charla-comunidades-energeticas-1-300x169.jpeg 300w, https:\/\/turcon.es\/wp\/wp-content\/uploads\/2025\/10\/Charla-comunidades-energeticas-1-768x432.jpeg 768w, https:\/\/turcon.es\/wp\/wp-content\/uploads\/2025\/10\/Charla-comunidades-energeticas-1-1536x864.jpeg 1536w, https:\/\/turcon.es\/wp\/wp-content\/uploads\/2025\/10\/Charla-comunidades-energeticas-1.jpeg 2040w\" sizes=\"(max-width: 1024px) 100vw, 1024px\" \/><\/figure>\n\n\n\n<figure class=\"wp-block-image size-large\"><img decoding=\"async\" width=\"768\" height=\"1024\" data-id=\"21291\" src=\"https:\/\/turcon.es\/wp\/wp-content\/uploads\/2025\/10\/Charla-comunidades-energeticas-2-768x1024.jpeg\" alt=\"\" class=\"wp-image-21291\" srcset=\"https:\/\/turcon.es\/wp\/wp-content\/uploads\/2025\/10\/Charla-comunidades-energeticas-2-768x1024.jpeg 768w, https:\/\/turcon.es\/wp\/wp-content\/uploads\/2025\/10\/Charla-comunidades-energeticas-2-225x300.jpeg 225w, https:\/\/turcon.es\/wp\/wp-content\/uploads\/2025\/10\/Charla-comunidades-energeticas-2-1152x1536.jpeg 1152w, https:\/\/turcon.es\/wp\/wp-content\/uploads\/2025\/10\/Charla-comunidades-energeticas-2.jpeg 1530w\" sizes=\"(max-width: 768px) 100vw, 768px\" \/><\/figure>\n<\/figure>\n\n\n\n<p>A la vez hizo menci\u00f3n a la construcci\u00f3n de una macroinstalaci\u00f3n solar promovida por la mercantil F\u00e9liz Santiago Meli\u00e1n S.L., bajo la denominaci\u00f3n de \u201cPlanta Solar fotovoltaica La Herradura \u2013 FSM Energ\u00eda, e infraestructuras de evacuaci\u00f3n\u201d, compartiendo ubicaci\u00f3n con los suelos contiguos a la Ermita de San Jos\u00e9 de Las Longueras y los restos del ingenio azucarero del mismo nombre, uno de los m\u00e1s antiguos de Canarias, ocupando una superficie real de 5,5 hect\u00e1reas en Suelo R\u00fastico de Protecci\u00f3n Agraria seg\u00fan el Plan General de Telde.<\/p>\n\n\n\n<p>Y el tercer ejemplo, es la informaci\u00f3n p\u00fablica de la Planta Fotovoltaica \u201cAguadulce\u201d, promovida por la multinacional ENEL y que pretende adquirir derechos expropiatorios sobre terrenos de numerosos particulares, del Ayuntamiento de Telde y del Cabildo de Gran Canaria, para ocupar y vallar m\u00e1s de 12 hect\u00e1reas de suelo r\u00fastico de protecci\u00f3n agr\u00edcola en la zona de Jerez, aqu\u00ed en Telde. El proyecto contempla la instalaci\u00f3n de m\u00e1s de 18.000 paneles solares y 11 contenedores de bater\u00edas de litio, adem\u00e1s de la construcci\u00f3n de una nueva l\u00ednea el\u00e9ctrica de 20 kV y 3,5 km de longitud para conectar con la subestaci\u00f3n el\u00e9ctrica de Telde en Lomo Bristol. Lo que ayer fueron suelos de cultivos agr\u00edcolas de exportaci\u00f3n, hoy reciben la implantaci\u00f3n de una macro instalaci\u00f3n de placas fotovoltaicas sobre suelo, expulsando a las personas del territorio.<\/p>\n\n\n\n<p class=\"has-background\" style=\"background:radial-gradient(rgb(238,238,238) 100%,rgb(169,184,195) 100%);font-size:18px\"><strong><u>Ventajas de las comunidades energ\u00e9ticas<\/u><\/strong><strong><\/strong><\/p>\n\n\n\n<p>El modelo de comunidades energ\u00e9ticas ofrece una serie de ventajas tanto para los participantes como para el entorno. En primer lugar, promueve un enfoque colaborativo en el que los vecinos comparten la energ\u00eda generada, lo que resulta en ahorros significativos en las facturas de electricidad para las familias. Esta reducci\u00f3n de costos es particularmente beneficiosa en una regi\u00f3n insular como Canarias, donde los precios de la energ\u00eda suelen ser m\u00e1s altos debido a la dependencia de fuentes externas de combustible.<\/p>\n\n\n\n<p>\u201cLas comunidades energ\u00e9ticas ya constituidas necesitan seguir creciendo, y las que est\u00e1n en fase de creaci\u00f3n requieren nuevas ubicaciones para desarrollar sus plantas fotovoltaicas. Por ello, se hace un llamamiento a la ciudadan\u00eda, comunidades de propietarios y empresas para que cedan en r\u00e9gimen de alquiler las cubiertas de sus inmuebles a cualquiera de las cuatro comunidades energ\u00e9ticas actuales o a las que est\u00e1n en desarrollo. Este gesto permitir\u00e1 aumentar el n\u00famero de instalaciones renovables en la isla, aprovechando espacios ya urbanizados y avanzando hacia una Gran Canaria m\u00e1s sostenible y autosuficiente\u201d, ha declarado el director insular de Energ\u00eda y Clima.<\/p>\n\n\n\n<p>Esta nueva actividad de Turc\u00f3n cont\u00f3 con la colaboraci\u00f3n del C\u00edrculo Cultural de Telde, el Cabildo Insular de Gran Canaria-Participa Gran Canaria y la Direcci\u00f3n General de Patrimonio Cultural del Gobierno de Canarias.<\/p>\n","protected":false},"excerpt":{"rendered":"<p>Charla organizada por Turc\u00f3n-EeA, en la sede del C\u00edrculo Cultural de Telde. El Profesor de la ULPGC y Director Insular de Energ\u00eda y Clima, Alexis Lozano Medina, comparti\u00f3 de una manera muy did\u00e1ctica toda la nueva pol\u00edtica sobre las comunidades energ\u00e9ticas y la facilitaci\u00f3n del uso compartido de la energ\u00eda renovable entre vecinos, peque\u00f1as empresas [&hellip;]<\/p>\n","protected":false},"author":3,"featured_media":21290,"comment_status":"open","ping_status":"open","sticky":false,"template":"","format":"standard","meta":{"footnotes":""},"categories":[35,41,58],"tags":[1870,694],"class_list":["post-21289","post","type-post","status-publish","format-standard","has-post-thumbnail","hentry","category-energias-renovables","category-gran-canaria","category-sociedad-y-derechos","tag-comunidades-energeticas","tag-energias-renovables"],"yoast_head":"<!-- This site is optimized with the Yoast SEO plugin v26.3 - https:\/\/yoast.com\/wordpress\/plugins\/seo\/ -->\n<title>Reactivando las comunidades energ\u00e9ticas en Telde - Colectivo Ecologista Turcon<\/title>\n<meta name=\"robots\" content=\"index, follow, max-snippet:-1, max-image-preview:large, max-video-preview:-1\" \/>\n<link rel=\"canonical\" href=\"https:\/\/turcon.es\/wp\/reactivando-las-comunidades-energeticas-en-telde\/\" \/>\n<meta property=\"og:locale\" content=\"es_ES\" \/>\n<meta property=\"og:type\" content=\"article\" \/>\n<meta property=\"og:title\" content=\"Reactivando las comunidades energ\u00e9ticas en Telde - Colectivo Ecologista Turcon\" \/>\n<meta property=\"og:description\" content=\"Charla organizada por Turc\u00f3n-EeA, en la sede del C\u00edrculo Cultural de Telde. El Profesor de la ULPGC y Director Insular de Energ\u00eda y Clima, Alexis Lozano Medina, comparti\u00f3 de una manera muy did\u00e1ctica toda la nueva pol\u00edtica sobre las comunidades energ\u00e9ticas y la facilitaci\u00f3n del uso compartido de la energ\u00eda renovable entre vecinos, peque\u00f1as empresas [&hellip;]\" \/>\n<meta property=\"og:url\" content=\"https:\/\/turcon.es\/wp\/reactivando-las-comunidades-energeticas-en-telde\/\" \/>\n<meta property=\"og:site_name\" content=\"Colectivo Ecologista Turcon\" \/>\n<meta property=\"article:published_time\" content=\"2025-10-26T18:43:08+00:00\" \/>\n<meta property=\"article:modified_time\" content=\"2025-10-26T18:43:11+00:00\" \/>\n<meta property=\"og:image\" content=\"https:\/\/turcon.es\/wp\/wp-content\/uploads\/2025\/10\/Charla-comunidades-energeticas-1.jpeg\" \/>\n\t<meta property=\"og:image:width\" content=\"2040\" \/>\n\t<meta property=\"og:image:height\" content=\"1148\" \/>\n\t<meta property=\"og:image:type\" content=\"image\/jpeg\" \/>\n<meta name=\"author\" content=\"Juan Jim\u00e9nez Alem\u00e1n\" \/>\n<meta name=\"twitter:card\" content=\"summary_large_image\" \/>\n<meta name=\"twitter:label1\" content=\"Escrito por\" \/>\n\t<meta name=\"twitter:data1\" content=\"Juan Jim\u00e9nez Alem\u00e1n\" \/>\n\t<meta name=\"twitter:label2\" content=\"Tiempo de lectura\" \/>\n\t<meta name=\"twitter:data2\" content=\"4 minutos\" \/>\n<script type=\"application\/ld+json\" class=\"yoast-schema-graph\">{\"@context\":\"https:\/\/schema.org\",\"@graph\":[{\"@type\":\"Article\",\"@id\":\"https:\/\/turcon.es\/wp\/reactivando-las-comunidades-energeticas-en-telde\/#article\",\"isPartOf\":{\"@id\":\"https:\/\/turcon.es\/wp\/reactivando-las-comunidades-energeticas-en-telde\/\"},\"author\":{\"name\":\"Juan Jim\u00e9nez Alem\u00e1n\",\"@id\":\"https:\/\/turcon.es\/wp\/#\/schema\/person\/b1f85a9d52ef8e031aa668001b1d37ae\"},\"headline\":\"Reactivando las comunidades energ\u00e9ticas en Telde\",\"datePublished\":\"2025-10-26T18:43:08+00:00\",\"dateModified\":\"2025-10-26T18:43:11+00:00\",\"mainEntityOfPage\":{\"@id\":\"https:\/\/turcon.es\/wp\/reactivando-las-comunidades-energeticas-en-telde\/\"},\"wordCount\":684,\"commentCount\":0,\"publisher\":{\"@id\":\"https:\/\/turcon.es\/wp\/#organization\"},\"image\":{\"@id\":\"https:\/\/turcon.es\/wp\/reactivando-las-comunidades-energeticas-en-telde\/#primaryimage\"},\"thumbnailUrl\":\"https:\/\/turcon.es\/wp\/wp-content\/uploads\/2025\/10\/Charla-comunidades-energeticas-1.jpeg\",\"keywords\":[\"Comunidades energ\u00e9ticas\",\"Energ\u00edas renovables\"],\"articleSection\":[\"Energ\u00edas renovables\",\"Gran Canaria\",\"Sociedad y derechos\"],\"inLanguage\":\"es\",\"potentialAction\":[{\"@type\":\"CommentAction\",\"name\":\"Comment\",\"target\":[\"https:\/\/turcon.es\/wp\/reactivando-las-comunidades-energeticas-en-telde\/#respond\"]}]},{\"@type\":\"WebPage\",\"@id\":\"https:\/\/turcon.es\/wp\/reactivando-las-comunidades-energeticas-en-telde\/\",\"url\":\"https:\/\/turcon.es\/wp\/reactivando-las-comunidades-energeticas-en-telde\/\",\"name\":\"Reactivando las comunidades energ\u00e9ticas en Telde - Colectivo Ecologista Turcon\",\"isPartOf\":{\"@id\":\"https:\/\/turcon.es\/wp\/#website\"},\"primaryImageOfPage\":{\"@id\":\"https:\/\/turcon.es\/wp\/reactivando-las-comunidades-energeticas-en-telde\/#primaryimage\"},\"image\":{\"@id\":\"https:\/\/turcon.es\/wp\/reactivando-las-comunidades-energeticas-en-telde\/#primaryimage\"},\"thumbnailUrl\":\"https:\/\/turcon.es\/wp\/wp-content\/uploads\/2025\/10\/Charla-comunidades-energeticas-1.jpeg\",\"datePublished\":\"2025-10-26T18:43:08+00:00\",\"dateModified\":\"2025-10-26T18:43:11+00:00\",\"breadcrumb\":{\"@id\":\"https:\/\/turcon.es\/wp\/reactivando-las-comunidades-energeticas-en-telde\/#breadcrumb\"},\"inLanguage\":\"es\",\"potentialAction\":[{\"@type\":\"ReadAction\",\"target\":[\"https:\/\/turcon.es\/wp\/reactivando-las-comunidades-energeticas-en-telde\/\"]}]},{\"@type\":\"ImageObject\",\"inLanguage\":\"es\",\"@id\":\"https:\/\/turcon.es\/wp\/reactivando-las-comunidades-energeticas-en-telde\/#primaryimage\",\"url\":\"https:\/\/turcon.es\/wp\/wp-content\/uploads\/2025\/10\/Charla-comunidades-energeticas-1.jpeg\",\"contentUrl\":\"https:\/\/turcon.es\/wp\/wp-content\/uploads\/2025\/10\/Charla-comunidades-energeticas-1.jpeg\",\"width\":2040,\"height\":1148},{\"@type\":\"BreadcrumbList\",\"@id\":\"https:\/\/turcon.es\/wp\/reactivando-las-comunidades-energeticas-en-telde\/#breadcrumb\",\"itemListElement\":[{\"@type\":\"ListItem\",\"position\":1,\"name\":\"Portada\",\"item\":\"https:\/\/turcon.es\/wp\/\"},{\"@type\":\"ListItem\",\"position\":2,\"name\":\"Reactivando las comunidades energ\u00e9ticas en Telde\"}]},{\"@type\":\"WebSite\",\"@id\":\"https:\/\/turcon.es\/wp\/#website\",\"url\":\"https:\/\/turcon.es\/wp\/\",\"name\":\"Colectivo Ecologista Turcon\",\"description\":\"\",\"publisher\":{\"@id\":\"https:\/\/turcon.es\/wp\/#organization\"},\"potentialAction\":[{\"@type\":\"SearchAction\",\"target\":{\"@type\":\"EntryPoint\",\"urlTemplate\":\"https:\/\/turcon.es\/wp\/?s={search_term_string}\"},\"query-input\":{\"@type\":\"PropertyValueSpecification\",\"valueRequired\":true,\"valueName\":\"search_term_string\"}}],\"inLanguage\":\"es\"},{\"@type\":\"Organization\",\"@id\":\"https:\/\/turcon.es\/wp\/#organization\",\"name\":\"Colectivo Ecologista Turcon\",\"url\":\"https:\/\/turcon.es\/wp\/\",\"logo\":{\"@type\":\"ImageObject\",\"inLanguage\":\"es\",\"@id\":\"https:\/\/turcon.es\/wp\/#\/schema\/logo\/image\/\",\"url\":\"https:\/\/turcon.es\/wp\/wp-content\/uploads\/2025\/03\/logo-verde.svg\",\"contentUrl\":\"https:\/\/turcon.es\/wp\/wp-content\/uploads\/2025\/03\/logo-verde.svg\",\"width\":813,\"height\":813,\"caption\":\"Colectivo Ecologista Turcon\"},\"image\":{\"@id\":\"https:\/\/turcon.es\/wp\/#\/schema\/logo\/image\/\"}},{\"@type\":\"Person\",\"@id\":\"https:\/\/turcon.es\/wp\/#\/schema\/person\/b1f85a9d52ef8e031aa668001b1d37ae\",\"name\":\"Juan Jim\u00e9nez Alem\u00e1n\",\"image\":{\"@type\":\"ImageObject\",\"inLanguage\":\"es\",\"@id\":\"https:\/\/turcon.es\/wp\/#\/schema\/person\/image\/\",\"url\":\"https:\/\/secure.gravatar.com\/avatar\/ce17a8ba8080dac3d130b7a06e441d2157d9eb1ea35925cb0e020ee8d22a7129?s=96&d=mm&r=g\",\"contentUrl\":\"https:\/\/secure.gravatar.com\/avatar\/ce17a8ba8080dac3d130b7a06e441d2157d9eb1ea35925cb0e020ee8d22a7129?s=96&d=mm&r=g\",\"caption\":\"Juan Jim\u00e9nez Alem\u00e1n\"},\"url\":\"https:\/\/turcon.es\/wp\/author\/juanja\/\"}]}<\/script>\n<!-- \/ Yoast SEO plugin. -->","yoast_head_json":{"title":"Reactivando las comunidades energ\u00e9ticas en Telde - Colectivo Ecologista Turcon","robots":{"index":"index","follow":"follow","max-snippet":"max-snippet:-1","max-image-preview":"max-image-preview:large","max-video-preview":"max-video-preview:-1"},"canonical":"https:\/\/turcon.es\/wp\/reactivando-las-comunidades-energeticas-en-telde\/","og_locale":"es_ES","og_type":"article","og_title":"Reactivando las comunidades energ\u00e9ticas en Telde - Colectivo Ecologista Turcon","og_description":"Charla organizada por Turc\u00f3n-EeA, en la sede del C\u00edrculo Cultural de Telde. El Profesor de la ULPGC y Director Insular de Energ\u00eda y Clima, Alexis Lozano Medina, comparti\u00f3 de una manera muy did\u00e1ctica toda la nueva pol\u00edtica sobre las comunidades energ\u00e9ticas y la facilitaci\u00f3n del uso compartido de la energ\u00eda renovable entre vecinos, peque\u00f1as empresas [&hellip;]","og_url":"https:\/\/turcon.es\/wp\/reactivando-las-comunidades-energeticas-en-telde\/","og_site_name":"Colectivo Ecologista Turcon","article_published_time":"2025-10-26T18:43:08+00:00","article_modified_time":"2025-10-26T18:43:11+00:00","og_image":[{"width":2040,"height":1148,"url":"https:\/\/turcon.es\/wp\/wp-content\/uploads\/2025\/10\/Charla-comunidades-energeticas-1.jpeg","type":"image\/jpeg"}],"author":"Juan Jim\u00e9nez Alem\u00e1n","twitter_card":"summary_large_image","twitter_misc":{"Escrito por":"Juan Jim\u00e9nez Alem\u00e1n","Tiempo de lectura":"4 minutos"},"schema":{"@context":"https:\/\/schema.org","@graph":[{"@type":"Article","@id":"https:\/\/turcon.es\/wp\/reactivando-las-comunidades-energeticas-en-telde\/#article","isPartOf":{"@id":"https:\/\/turcon.es\/wp\/reactivando-las-comunidades-energeticas-en-telde\/"},"author":{"name":"Juan Jim\u00e9nez Alem\u00e1n","@id":"https:\/\/turcon.es\/wp\/#\/schema\/person\/b1f85a9d52ef8e031aa668001b1d37ae"},"headline":"Reactivando las comunidades energ\u00e9ticas en Telde","datePublished":"2025-10-26T18:43:08+00:00","dateModified":"2025-10-26T18:43:11+00:00","mainEntityOfPage":{"@id":"https:\/\/turcon.es\/wp\/reactivando-las-comunidades-energeticas-en-telde\/"},"wordCount":684,"commentCount":0,"publisher":{"@id":"https:\/\/turcon.es\/wp\/#organization"},"image":{"@id":"https:\/\/turcon.es\/wp\/reactivando-las-comunidades-energeticas-en-telde\/#primaryimage"},"thumbnailUrl":"https:\/\/turcon.es\/wp\/wp-content\/uploads\/2025\/10\/Charla-comunidades-energeticas-1.jpeg","keywords":["Comunidades energ\u00e9ticas","Energ\u00edas renovables"],"articleSection":["Energ\u00edas renovables","Gran Canaria","Sociedad y derechos"],"inLanguage":"es","potentialAction":[{"@type":"CommentAction","name":"Comment","target":["https:\/\/turcon.es\/wp\/reactivando-las-comunidades-energeticas-en-telde\/#respond"]}]},{"@type":"WebPage","@id":"https:\/\/turcon.es\/wp\/reactivando-las-comunidades-energeticas-en-telde\/","url":"https:\/\/turcon.es\/wp\/reactivando-las-comunidades-energeticas-en-telde\/","name":"Reactivando las comunidades energ\u00e9ticas en Telde - Colectivo Ecologista Turcon","isPartOf":{"@id":"https:\/\/turcon.es\/wp\/#website"},"primaryImageOfPage":{"@id":"https:\/\/turcon.es\/wp\/reactivando-las-comunidades-energeticas-en-telde\/#primaryimage"},"image":{"@id":"https:\/\/turcon.es\/wp\/reactivando-las-comunidades-energeticas-en-telde\/#primaryimage"},"thumbnailUrl":"https:\/\/turcon.es\/wp\/wp-content\/uploads\/2025\/10\/Charla-comunidades-energeticas-1.jpeg","datePublished":"2025-10-26T18:43:08+00:00","dateModified":"2025-10-26T18:43:11+00:00","breadcrumb":{"@id":"https:\/\/turcon.es\/wp\/reactivando-las-comunidades-energeticas-en-telde\/#breadcrumb"},"inLanguage":"es","potentialAction":[{"@type":"ReadAction","target":["https:\/\/turcon.es\/wp\/reactivando-las-comunidades-energeticas-en-telde\/"]}]},{"@type":"ImageObject","inLanguage":"es","@id":"https:\/\/turcon.es\/wp\/reactivando-las-comunidades-energeticas-en-telde\/#primaryimage","url":"https:\/\/turcon.es\/wp\/wp-content\/uploads\/2025\/10\/Charla-comunidades-energeticas-1.jpeg","contentUrl":"https:\/\/turcon.es\/wp\/wp-content\/uploads\/2025\/10\/Charla-comunidades-energeticas-1.jpeg","width":2040,"height":1148},{"@type":"BreadcrumbList","@id":"https:\/\/turcon.es\/wp\/reactivando-las-comunidades-energeticas-en-telde\/#breadcrumb","itemListElement":[{"@type":"ListItem","position":1,"name":"Portada","item":"https:\/\/turcon.es\/wp\/"},{"@type":"ListItem","position":2,"name":"Reactivando las comunidades energ\u00e9ticas en Telde"}]},{"@type":"WebSite","@id":"https:\/\/turcon.es\/wp\/#website","url":"https:\/\/turcon.es\/wp\/","name":"Colectivo Ecologista Turcon","description":"","publisher":{"@id":"https:\/\/turcon.es\/wp\/#organization"},"potentialAction":[{"@type":"SearchAction","target":{"@type":"EntryPoint","urlTemplate":"https:\/\/turcon.es\/wp\/?s={search_term_string}"},"query-input":{"@type":"PropertyValueSpecification","valueRequired":true,"valueName":"search_term_string"}}],"inLanguage":"es"},{"@type":"Organization","@id":"https:\/\/turcon.es\/wp\/#organization","name":"Colectivo Ecologista Turcon","url":"https:\/\/turcon.es\/wp\/","logo":{"@type":"ImageObject","inLanguage":"es","@id":"https:\/\/turcon.es\/wp\/#\/schema\/logo\/image\/","url":"https:\/\/turcon.es\/wp\/wp-content\/uploads\/2025\/03\/logo-verde.svg","contentUrl":"https:\/\/turcon.es\/wp\/wp-content\/uploads\/2025\/03\/logo-verde.svg","width":813,"height":813,"caption":"Colectivo Ecologista Turcon"},"image":{"@id":"https:\/\/turcon.es\/wp\/#\/schema\/logo\/image\/"}},{"@type":"Person","@id":"https:\/\/turcon.es\/wp\/#\/schema\/person\/b1f85a9d52ef8e031aa668001b1d37ae","name":"Juan Jim\u00e9nez Alem\u00e1n","image":{"@type":"ImageObject","inLanguage":"es","@id":"https:\/\/turcon.es\/wp\/#\/schema\/person\/image\/","url":"https:\/\/secure.gravatar.com\/avatar\/ce17a8ba8080dac3d130b7a06e441d2157d9eb1ea35925cb0e020ee8d22a7129?s=96&d=mm&r=g","contentUrl":"https:\/\/secure.gravatar.com\/avatar\/ce17a8ba8080dac3d130b7a06e441d2157d9eb1ea35925cb0e020ee8d22a7129?s=96&d=mm&r=g","caption":"Juan Jim\u00e9nez Alem\u00e1n"},"url":"https:\/\/turcon.es\/wp\/author\/juanja\/"}]}},"_links":{"self":[{"href":"https:\/\/turcon.es\/wp\/wp-json\/wp\/v2\/posts\/21289","targetHints":{"allow":["GET"]}}],"collection":[{"href":"https:\/\/turcon.es\/wp\/wp-json\/wp\/v2\/posts"}],"about":[{"href":"https:\/\/turcon.es\/wp\/wp-json\/wp\/v2\/types\/post"}],"author":[{"embeddable":true,"href":"https:\/\/turcon.es\/wp\/wp-json\/wp\/v2\/users\/3"}],"replies":[{"embeddable":true,"href":"https:\/\/turcon.es\/wp\/wp-json\/wp\/v2\/comments?post=21289"}],"version-history":[{"count":2,"href":"https:\/\/turcon.es\/wp\/wp-json\/wp\/v2\/posts\/21289\/revisions"}],"predecessor-version":[{"id":21293,"href":"https:\/\/turcon.es\/wp\/wp-json\/wp\/v2\/posts\/21289\/revisions\/21293"}],"wp:featuredmedia":[{"embeddable":true,"href":"https:\/\/turcon.es\/wp\/wp-json\/wp\/v2\/media\/21290"}],"wp:attachment":[{"href":"https:\/\/turcon.es\/wp\/wp-json\/wp\/v2\/media?parent=21289"}],"wp:term":[{"taxonomy":"category","embeddable":true,"href":"https:\/\/turcon.es\/wp\/wp-json\/wp\/v2\/categories?post=21289"},{"taxonomy":"post_tag","embeddable":true,"href":"https:\/\/turcon.es\/wp\/wp-json\/wp\/v2\/tags?post=21289"}],"curies":[{"name":"wp","href":"https:\/\/api.w.org\/{rel}","templated":true}]}}