{"id":2502,"date":"2009-09-01T21:40:45","date_gmt":"2009-09-01T21:40:45","guid":{"rendered":"http:\/\/turcon.wordpress.com\/?p=2502"},"modified":"2009-09-01T21:40:45","modified_gmt":"2009-09-01T21:40:45","slug":"las-bombillas-de-mas-de-100-vatios-desaparecen-hoy","status":"publish","type":"post","link":"https:\/\/turcon.es\/wp\/las-bombillas-de-mas-de-100-vatios-desaparecen-hoy\/","title":{"rendered":"Las bombillas de m\u00e1s de 100 vatios desaparecen hoy"},"content":{"rendered":"<p style=\"text-align:right;\">Una bombilla tradicional de las que ya no se podr\u00e1 comprar. | foto Afp<\/p>\n<p><img fetchpriority=\"high\" decoding=\"async\" class=\"alignright size-full wp-image-2503\" title=\"1251461345_1\" src=\"http:\/\/turcon.es\/wp\/wp-content\/uploads\/2009\/09\/1251461345_1.jpg\" alt=\"1251461345_1\" width=\"310\" height=\"201\" \/>En 2012 se habr\u00e1n eliminado todas las bombillas incandescentes<\/p>\n<p>Este tipo de bombillas gasta entre 4 y 5 veces m\u00e1s energ\u00eda que las modernas<\/p>\n<p>Efe | Bruselas<\/p>\n<p>Las bombillas incandescentes de m\u00e1s de 100 vatios desaparecer\u00e1n del mercado de la Uni\u00f3n Europea (UE) a partir del pr\u00f3ximo martes, 01 de septiembre de 2009, lo que supondr\u00e1 el primer paso hacia la eliminaci\u00f3n total en 2012 de las l\u00e1mparas incandescentes y de bajo rendimiento.<\/p>\n<p>En septiembre de 2010, desaparecer\u00e1n del mercado las bombillas de m\u00e1s de 75 vatios y, un a\u00f1o despu\u00e9s, se retirar\u00e1n las que superen los 60 vatios para finalmente eliminar todos los tipos en 2012, tal y como aprob\u00f3 la UE el pasado diciembre.<\/p>\n<p><!--more-->\u00a0<\/p>\n<p>Dentro del sistema de clasificaci\u00f3n energ\u00e9tica de la UE, que ordena los electrodom\u00e9sticos desde la clase menos eficiente (G) hasta la A, las bombillas que se empezar\u00e1n a retirar el martes pertenecen al grupo E, mientras que las l\u00e1mparas fluorescentes, consideradas como las m\u00e1s eficientes, se clasifican con la A.<\/p>\n<p>\u00a0<\/p>\n<p>Seg\u00fan los datos de la Comisi\u00f3n Europea, las bombillas incandescentes gastan entre cuatro y cinco veces m\u00e1s energ\u00eda que las de nueva generaci\u00f3n.<\/p>\n<p>\u00a0<\/p>\n<p>Por ello, la sustituci\u00f3n permitir\u00e1 un ahorro anual de hasta 50 euros por hogar, lo que equivale a un total de entre 5.000 y 10.000 millones de euros en toda la UE.<\/p>\n<p>\u00a0<\/p>\n<p>La UE calcula que el cambio total hacia dispositivos de iluminaci\u00f3n eficientes supondr\u00e1 un ahorro de casi 40 teravatios\/hora (equivalente al consumo de Ruman\u00eda o a once millones de hogares europeos) y un recorte de 15 millones de toneladas de emisiones de di\u00f3xido de carbono (CO2).<\/p>\n<p>\u00a0<\/p>\n<p>Los consumidores podr\u00e1n elegir a partir de ahora entre las bombillas fluorescentes compactas de larga duraci\u00f3n (que ahorran un 75%) o las hal\u00f3genas, equivalentes a las incandescentes en la calidad de iluminaci\u00f3n y que ahorran entre un 25 y un 50%.<\/p>\n<p>\u00a0<\/p>\n<p>La diferencia de precio es importante, ya que una bombilla \u00abtradicional\u00bb cuesta unos 60 c\u00e9ntimos de euro, mientras que el coste de las eficientes oscila entre 2 y 10 euros, aunque permiten ahorrar m\u00e1s energ\u00eda y tienen una mayor vida \u00fatil.<\/p>\n<p>\u00a0<\/p>\n<p>Junto al incremento del coste, la posibilidad de que las bombillas fluorescentes puedan tener riesgos para la salud fue otro de los aspectos m\u00e1s pol\u00e9micos.<\/p>\n<p>\u00a0<\/p>\n<p>En esta l\u00ednea, la asociaci\u00f3n de consumidores para la estandarizaci\u00f3n de la legislaci\u00f3n europea (ANEC) celebr\u00f3 la nueva medida, pero lament\u00f3 que se haya obviado a las personas que por razones de salud deben utilizar l\u00e1mparas incandescentes.<\/p>\n<p>\u00a0<\/p>\n<p>Pese a las quejas, la UE neg\u00f3 repetidamente que los fluorescentes puedan tener repercusiones negativas sobre la salud.<\/p>\n<p>\u00a0<\/p>\n<p>Seg\u00fan un documento de trabajo del Ejecutivo comunitario, las l\u00e1mparas fluorescentes compactas contienen peque\u00f1as cantidades de mercurio y emiten luz ultravioleta que, en determinadas circunstancias, podr\u00edan afectar a personas con ciertas dolencias.<\/p>\n<p>\u00a0<\/p>\n<p>Sin embargo, tambi\u00e9n subraya que todos los estudios demuestran que el uso \u00abnormal\u00bb de este tipo de bombillas no implica efectos negativos sobre la salud.<\/p>\n<p>\u00a0<\/p>\n<p>No obstante, ANEC reclam\u00f3 \u00abmedidas inmediatas\u00bb para que las personas sensibles a los nuevos dispositivos puedan seguir adquiriendo bombillas incandescentes.<\/p>\n<p>\u00a0<\/p>\n<p>Junto a los consumidores, la agrupaci\u00f3n de organizaciones no gubernamentales \u00abCoolproducts for a Cool Planet\u00bb -que promueve un consumo respetuoso con el medio ambiente- pidi\u00f3 hoy a la UE que se comprometa a reducir el contenido t\u00f3xico y las radiaciones electromagn\u00e9ticas de las bombillas alternativas.<\/p>\n<p>\u00a0<\/p>\n<p>Por su parte, la asociaci\u00f3n ecologista WWF tambi\u00e9n celebr\u00f3 hoy el fin de las viejas bombillas, pero pidi\u00f3 que se retiren otros dispositivos poco eficientes como las hal\u00f3genas que s\u00f3lo permiten un ahorro de entre un 25 y un 50%.<\/p>\n","protected":false},"excerpt":{"rendered":"<p>Una bombilla tradicional de las que ya no se podr\u00e1 comprar. | foto Afp En 2012 se habr\u00e1n eliminado todas las bombillas incandescentes Este tipo de bombillas gasta entre 4 y 5 veces m\u00e1s energ\u00eda que las modernas Efe | Bruselas Las bombillas incandescentes de m\u00e1s de 100 vatios desaparecer\u00e1n del mercado de la Uni\u00f3n [&hellip;]<\/p>\n","protected":false},"author":2,"featured_media":0,"comment_status":"open","ping_status":"open","sticky":false,"template":"","format":"standard","meta":{"footnotes":""},"categories":[17,34,35],"tags":[],"class_list":["post-2502","post","type-post","status-publish","format-standard","hentry","category-cambio-climatico","category-energia","category-energias-renovables"],"yoast_head":"<!-- This site is optimized with the Yoast SEO plugin v26.3 - https:\/\/yoast.com\/wordpress\/plugins\/seo\/ -->\n<title>Las bombillas de m\u00e1s de 100 vatios desaparecen hoy - Colectivo Ecologista Turcon<\/title>\n<meta name=\"robots\" content=\"index, follow, max-snippet:-1, max-image-preview:large, max-video-preview:-1\" \/>\n<link rel=\"canonical\" href=\"https:\/\/turcon.es\/wp\/las-bombillas-de-mas-de-100-vatios-desaparecen-hoy\/\" \/>\n<meta property=\"og:locale\" content=\"es_ES\" \/>\n<meta property=\"og:type\" content=\"article\" \/>\n<meta property=\"og:title\" content=\"Las bombillas de m\u00e1s de 100 vatios desaparecen hoy - Colectivo Ecologista Turcon\" \/>\n<meta property=\"og:description\" content=\"Una bombilla tradicional de las que ya no se podr\u00e1 comprar. | foto Afp En 2012 se habr\u00e1n eliminado todas las bombillas incandescentes Este tipo de bombillas gasta entre 4 y 5 veces m\u00e1s energ\u00eda que las modernas Efe | Bruselas Las bombillas incandescentes de m\u00e1s de 100 vatios desaparecer\u00e1n del mercado de la Uni\u00f3n [&hellip;]\" \/>\n<meta property=\"og:url\" content=\"https:\/\/turcon.es\/wp\/las-bombillas-de-mas-de-100-vatios-desaparecen-hoy\/\" \/>\n<meta property=\"og:site_name\" content=\"Colectivo Ecologista Turcon\" \/>\n<meta property=\"article:published_time\" content=\"2009-09-01T21:40:45+00:00\" \/>\n<meta name=\"author\" content=\"Laura Fernandez\" \/>\n<meta name=\"twitter:card\" content=\"summary_large_image\" \/>\n<meta name=\"twitter:label1\" content=\"Escrito por\" \/>\n\t<meta name=\"twitter:data1\" content=\"Laura Fernandez\" \/>\n\t<meta name=\"twitter:label2\" content=\"Tiempo de lectura\" \/>\n\t<meta name=\"twitter:data2\" content=\"3 minutos\" \/>\n<script type=\"application\/ld+json\" class=\"yoast-schema-graph\">{\"@context\":\"https:\/\/schema.org\",\"@graph\":[{\"@type\":\"Article\",\"@id\":\"https:\/\/turcon.es\/wp\/las-bombillas-de-mas-de-100-vatios-desaparecen-hoy\/#article\",\"isPartOf\":{\"@id\":\"https:\/\/turcon.es\/wp\/las-bombillas-de-mas-de-100-vatios-desaparecen-hoy\/\"},\"author\":{\"name\":\"Laura Fernandez\",\"@id\":\"https:\/\/turcon.es\/wp\/#\/schema\/person\/a1f3ba727ce031d9da17684affe85edd\"},\"headline\":\"Las bombillas de m\u00e1s de 100 vatios desaparecen hoy\",\"datePublished\":\"2009-09-01T21:40:45+00:00\",\"mainEntityOfPage\":{\"@id\":\"https:\/\/turcon.es\/wp\/las-bombillas-de-mas-de-100-vatios-desaparecen-hoy\/\"},\"wordCount\":644,\"commentCount\":0,\"publisher\":{\"@id\":\"https:\/\/turcon.es\/wp\/#organization\"},\"image\":{\"@id\":\"https:\/\/turcon.es\/wp\/las-bombillas-de-mas-de-100-vatios-desaparecen-hoy\/#primaryimage\"},\"thumbnailUrl\":\"http:\/\/turcon.es\/wp\/wp-content\/uploads\/2009\/09\/1251461345_1.jpg\",\"articleSection\":[\"Cambio clim\u00e1tico\",\"Energ\u00eda\",\"Energ\u00edas renovables\"],\"inLanguage\":\"es\",\"potentialAction\":[{\"@type\":\"CommentAction\",\"name\":\"Comment\",\"target\":[\"https:\/\/turcon.es\/wp\/las-bombillas-de-mas-de-100-vatios-desaparecen-hoy\/#respond\"]}]},{\"@type\":\"WebPage\",\"@id\":\"https:\/\/turcon.es\/wp\/las-bombillas-de-mas-de-100-vatios-desaparecen-hoy\/\",\"url\":\"https:\/\/turcon.es\/wp\/las-bombillas-de-mas-de-100-vatios-desaparecen-hoy\/\",\"name\":\"Las bombillas de m\u00e1s de 100 vatios desaparecen hoy - Colectivo Ecologista Turcon\",\"isPartOf\":{\"@id\":\"https:\/\/turcon.es\/wp\/#website\"},\"primaryImageOfPage\":{\"@id\":\"https:\/\/turcon.es\/wp\/las-bombillas-de-mas-de-100-vatios-desaparecen-hoy\/#primaryimage\"},\"image\":{\"@id\":\"https:\/\/turcon.es\/wp\/las-bombillas-de-mas-de-100-vatios-desaparecen-hoy\/#primaryimage\"},\"thumbnailUrl\":\"http:\/\/turcon.es\/wp\/wp-content\/uploads\/2009\/09\/1251461345_1.jpg\",\"datePublished\":\"2009-09-01T21:40:45+00:00\",\"breadcrumb\":{\"@id\":\"https:\/\/turcon.es\/wp\/las-bombillas-de-mas-de-100-vatios-desaparecen-hoy\/#breadcrumb\"},\"inLanguage\":\"es\",\"potentialAction\":[{\"@type\":\"ReadAction\",\"target\":[\"https:\/\/turcon.es\/wp\/las-bombillas-de-mas-de-100-vatios-desaparecen-hoy\/\"]}]},{\"@type\":\"ImageObject\",\"inLanguage\":\"es\",\"@id\":\"https:\/\/turcon.es\/wp\/las-bombillas-de-mas-de-100-vatios-desaparecen-hoy\/#primaryimage\",\"url\":\"http:\/\/turcon.es\/wp\/wp-content\/uploads\/2009\/09\/1251461345_1.jpg\",\"contentUrl\":\"http:\/\/turcon.es\/wp\/wp-content\/uploads\/2009\/09\/1251461345_1.jpg\"},{\"@type\":\"BreadcrumbList\",\"@id\":\"https:\/\/turcon.es\/wp\/las-bombillas-de-mas-de-100-vatios-desaparecen-hoy\/#breadcrumb\",\"itemListElement\":[{\"@type\":\"ListItem\",\"position\":1,\"name\":\"Portada\",\"item\":\"https:\/\/turcon.es\/wp\/\"},{\"@type\":\"ListItem\",\"position\":2,\"name\":\"Las bombillas de m\u00e1s de 100 vatios desaparecen hoy\"}]},{\"@type\":\"WebSite\",\"@id\":\"https:\/\/turcon.es\/wp\/#website\",\"url\":\"https:\/\/turcon.es\/wp\/\",\"name\":\"Colectivo Ecologista Turcon\",\"description\":\"\",\"publisher\":{\"@id\":\"https:\/\/turcon.es\/wp\/#organization\"},\"potentialAction\":[{\"@type\":\"SearchAction\",\"target\":{\"@type\":\"EntryPoint\",\"urlTemplate\":\"https:\/\/turcon.es\/wp\/?s={search_term_string}\"},\"query-input\":{\"@type\":\"PropertyValueSpecification\",\"valueRequired\":true,\"valueName\":\"search_term_string\"}}],\"inLanguage\":\"es\"},{\"@type\":\"Organization\",\"@id\":\"https:\/\/turcon.es\/wp\/#organization\",\"name\":\"Colectivo Ecologista Turcon\",\"url\":\"https:\/\/turcon.es\/wp\/\",\"logo\":{\"@type\":\"ImageObject\",\"inLanguage\":\"es\",\"@id\":\"https:\/\/turcon.es\/wp\/#\/schema\/logo\/image\/\",\"url\":\"https:\/\/turcon.es\/wp\/wp-content\/uploads\/2025\/03\/logo-verde.svg\",\"contentUrl\":\"https:\/\/turcon.es\/wp\/wp-content\/uploads\/2025\/03\/logo-verde.svg\",\"width\":813,\"height\":813,\"caption\":\"Colectivo Ecologista Turcon\"},\"image\":{\"@id\":\"https:\/\/turcon.es\/wp\/#\/schema\/logo\/image\/\"}},{\"@type\":\"Person\",\"@id\":\"https:\/\/turcon.es\/wp\/#\/schema\/person\/a1f3ba727ce031d9da17684affe85edd\",\"name\":\"Laura Fernandez\",\"image\":{\"@type\":\"ImageObject\",\"inLanguage\":\"es\",\"@id\":\"https:\/\/turcon.es\/wp\/#\/schema\/person\/image\/\",\"url\":\"https:\/\/secure.gravatar.com\/avatar\/360749af9549af22e54582d50231ae56e854210ae2368797ba242f445a9852e8?s=96&d=mm&r=g\",\"contentUrl\":\"https:\/\/secure.gravatar.com\/avatar\/360749af9549af22e54582d50231ae56e854210ae2368797ba242f445a9852e8?s=96&d=mm&r=g\",\"caption\":\"Laura Fernandez\"},\"url\":\"https:\/\/turcon.es\/wp\/author\/admturcon\/\"}]}<\/script>\n<!-- \/ Yoast SEO plugin. -->","yoast_head_json":{"title":"Las bombillas de m\u00e1s de 100 vatios desaparecen hoy - Colectivo Ecologista Turcon","robots":{"index":"index","follow":"follow","max-snippet":"max-snippet:-1","max-image-preview":"max-image-preview:large","max-video-preview":"max-video-preview:-1"},"canonical":"https:\/\/turcon.es\/wp\/las-bombillas-de-mas-de-100-vatios-desaparecen-hoy\/","og_locale":"es_ES","og_type":"article","og_title":"Las bombillas de m\u00e1s de 100 vatios desaparecen hoy - Colectivo Ecologista Turcon","og_description":"Una bombilla tradicional de las que ya no se podr\u00e1 comprar. | foto Afp En 2012 se habr\u00e1n eliminado todas las bombillas incandescentes Este tipo de bombillas gasta entre 4 y 5 veces m\u00e1s energ\u00eda que las modernas Efe | Bruselas Las bombillas incandescentes de m\u00e1s de 100 vatios desaparecer\u00e1n del mercado de la Uni\u00f3n [&hellip;]","og_url":"https:\/\/turcon.es\/wp\/las-bombillas-de-mas-de-100-vatios-desaparecen-hoy\/","og_site_name":"Colectivo Ecologista Turcon","article_published_time":"2009-09-01T21:40:45+00:00","author":"Laura Fernandez","twitter_card":"summary_large_image","twitter_misc":{"Escrito por":"Laura Fernandez","Tiempo de lectura":"3 minutos"},"schema":{"@context":"https:\/\/schema.org","@graph":[{"@type":"Article","@id":"https:\/\/turcon.es\/wp\/las-bombillas-de-mas-de-100-vatios-desaparecen-hoy\/#article","isPartOf":{"@id":"https:\/\/turcon.es\/wp\/las-bombillas-de-mas-de-100-vatios-desaparecen-hoy\/"},"author":{"name":"Laura Fernandez","@id":"https:\/\/turcon.es\/wp\/#\/schema\/person\/a1f3ba727ce031d9da17684affe85edd"},"headline":"Las bombillas de m\u00e1s de 100 vatios desaparecen hoy","datePublished":"2009-09-01T21:40:45+00:00","mainEntityOfPage":{"@id":"https:\/\/turcon.es\/wp\/las-bombillas-de-mas-de-100-vatios-desaparecen-hoy\/"},"wordCount":644,"commentCount":0,"publisher":{"@id":"https:\/\/turcon.es\/wp\/#organization"},"image":{"@id":"https:\/\/turcon.es\/wp\/las-bombillas-de-mas-de-100-vatios-desaparecen-hoy\/#primaryimage"},"thumbnailUrl":"http:\/\/turcon.es\/wp\/wp-content\/uploads\/2009\/09\/1251461345_1.jpg","articleSection":["Cambio clim\u00e1tico","Energ\u00eda","Energ\u00edas renovables"],"inLanguage":"es","potentialAction":[{"@type":"CommentAction","name":"Comment","target":["https:\/\/turcon.es\/wp\/las-bombillas-de-mas-de-100-vatios-desaparecen-hoy\/#respond"]}]},{"@type":"WebPage","@id":"https:\/\/turcon.es\/wp\/las-bombillas-de-mas-de-100-vatios-desaparecen-hoy\/","url":"https:\/\/turcon.es\/wp\/las-bombillas-de-mas-de-100-vatios-desaparecen-hoy\/","name":"Las bombillas de m\u00e1s de 100 vatios desaparecen hoy - Colectivo Ecologista Turcon","isPartOf":{"@id":"https:\/\/turcon.es\/wp\/#website"},"primaryImageOfPage":{"@id":"https:\/\/turcon.es\/wp\/las-bombillas-de-mas-de-100-vatios-desaparecen-hoy\/#primaryimage"},"image":{"@id":"https:\/\/turcon.es\/wp\/las-bombillas-de-mas-de-100-vatios-desaparecen-hoy\/#primaryimage"},"thumbnailUrl":"http:\/\/turcon.es\/wp\/wp-content\/uploads\/2009\/09\/1251461345_1.jpg","datePublished":"2009-09-01T21:40:45+00:00","breadcrumb":{"@id":"https:\/\/turcon.es\/wp\/las-bombillas-de-mas-de-100-vatios-desaparecen-hoy\/#breadcrumb"},"inLanguage":"es","potentialAction":[{"@type":"ReadAction","target":["https:\/\/turcon.es\/wp\/las-bombillas-de-mas-de-100-vatios-desaparecen-hoy\/"]}]},{"@type":"ImageObject","inLanguage":"es","@id":"https:\/\/turcon.es\/wp\/las-bombillas-de-mas-de-100-vatios-desaparecen-hoy\/#primaryimage","url":"http:\/\/turcon.es\/wp\/wp-content\/uploads\/2009\/09\/1251461345_1.jpg","contentUrl":"http:\/\/turcon.es\/wp\/wp-content\/uploads\/2009\/09\/1251461345_1.jpg"},{"@type":"BreadcrumbList","@id":"https:\/\/turcon.es\/wp\/las-bombillas-de-mas-de-100-vatios-desaparecen-hoy\/#breadcrumb","itemListElement":[{"@type":"ListItem","position":1,"name":"Portada","item":"https:\/\/turcon.es\/wp\/"},{"@type":"ListItem","position":2,"name":"Las bombillas de m\u00e1s de 100 vatios desaparecen hoy"}]},{"@type":"WebSite","@id":"https:\/\/turcon.es\/wp\/#website","url":"https:\/\/turcon.es\/wp\/","name":"Colectivo Ecologista Turcon","description":"","publisher":{"@id":"https:\/\/turcon.es\/wp\/#organization"},"potentialAction":[{"@type":"SearchAction","target":{"@type":"EntryPoint","urlTemplate":"https:\/\/turcon.es\/wp\/?s={search_term_string}"},"query-input":{"@type":"PropertyValueSpecification","valueRequired":true,"valueName":"search_term_string"}}],"inLanguage":"es"},{"@type":"Organization","@id":"https:\/\/turcon.es\/wp\/#organization","name":"Colectivo Ecologista Turcon","url":"https:\/\/turcon.es\/wp\/","logo":{"@type":"ImageObject","inLanguage":"es","@id":"https:\/\/turcon.es\/wp\/#\/schema\/logo\/image\/","url":"https:\/\/turcon.es\/wp\/wp-content\/uploads\/2025\/03\/logo-verde.svg","contentUrl":"https:\/\/turcon.es\/wp\/wp-content\/uploads\/2025\/03\/logo-verde.svg","width":813,"height":813,"caption":"Colectivo Ecologista Turcon"},"image":{"@id":"https:\/\/turcon.es\/wp\/#\/schema\/logo\/image\/"}},{"@type":"Person","@id":"https:\/\/turcon.es\/wp\/#\/schema\/person\/a1f3ba727ce031d9da17684affe85edd","name":"Laura Fernandez","image":{"@type":"ImageObject","inLanguage":"es","@id":"https:\/\/turcon.es\/wp\/#\/schema\/person\/image\/","url":"https:\/\/secure.gravatar.com\/avatar\/360749af9549af22e54582d50231ae56e854210ae2368797ba242f445a9852e8?s=96&d=mm&r=g","contentUrl":"https:\/\/secure.gravatar.com\/avatar\/360749af9549af22e54582d50231ae56e854210ae2368797ba242f445a9852e8?s=96&d=mm&r=g","caption":"Laura Fernandez"},"url":"https:\/\/turcon.es\/wp\/author\/admturcon\/"}]}},"_links":{"self":[{"href":"https:\/\/turcon.es\/wp\/wp-json\/wp\/v2\/posts\/2502","targetHints":{"allow":["GET"]}}],"collection":[{"href":"https:\/\/turcon.es\/wp\/wp-json\/wp\/v2\/posts"}],"about":[{"href":"https:\/\/turcon.es\/wp\/wp-json\/wp\/v2\/types\/post"}],"author":[{"embeddable":true,"href":"https:\/\/turcon.es\/wp\/wp-json\/wp\/v2\/users\/2"}],"replies":[{"embeddable":true,"href":"https:\/\/turcon.es\/wp\/wp-json\/wp\/v2\/comments?post=2502"}],"version-history":[{"count":0,"href":"https:\/\/turcon.es\/wp\/wp-json\/wp\/v2\/posts\/2502\/revisions"}],"wp:attachment":[{"href":"https:\/\/turcon.es\/wp\/wp-json\/wp\/v2\/media?parent=2502"}],"wp:term":[{"taxonomy":"category","embeddable":true,"href":"https:\/\/turcon.es\/wp\/wp-json\/wp\/v2\/categories?post=2502"},{"taxonomy":"post_tag","embeddable":true,"href":"https:\/\/turcon.es\/wp\/wp-json\/wp\/v2\/tags?post=2502"}],"curies":[{"name":"wp","href":"https:\/\/api.w.org\/{rel}","templated":true}]}}