{"id":2989,"date":"2009-11-04T22:43:12","date_gmt":"2009-11-04T22:43:12","guid":{"rendered":"http:\/\/turcon.wordpress.com\/?p=2989"},"modified":"2009-11-04T22:43:12","modified_gmt":"2009-11-04T22:43:12","slug":"contaminacion-marina-y-traslado-de-jaulas-en-la-selva","status":"publish","type":"post","link":"https:\/\/turcon.es\/wp\/contaminacion-marina-y-traslado-de-jaulas-en-la-selva\/","title":{"rendered":"Contaminaci\u00f3n marina y traslado de jaulas en La Selva"},"content":{"rendered":"<p style=\"text-align:justify;\"><img decoding=\"async\" class=\"alignleft\" title=\"mundo radio\" src=\"http:\/\/1.bp.blogspot.com\/_CAKNXtuGz_k\/SFRTV1fX19I\/AAAAAAAABD8\/-Cx1XXDtiXE\/s400\/Radio+Streaming.jpg\" alt=\"\" width=\"140\" height=\"140\" \/>La Selva de Doramas se situ\u00f3 en esta ocasi\u00f3n en el an\u00e1lisis de la contaminaci\u00f3n marina de Salinetas y Melenara, el porqu\u00e9 de la misma y de las posibilidades de traslado de las jaulas marinas. Para ello nos acompa\u00f1\u00f3 en los estudios de Radio Cibelio Bego\u00f1a Ruiz, \u00a0una de las afectadas y miembro de la plataforma que pretende sensibilizar a la ciudadan\u00eda sobre este tema.\u00a0 La oportunidad de hablar y debatir sobre este asunto es de plena actualidad pues es un tema que ha estado en los medios en semanas anteriores y es previsible que contin\u00fae est\u00e1ndolo<\/p>\n<p style=\"text-align:justify;\">Se complet\u00f3 esta edici\u00f3n con varias \u00abnoticias verdes\u00bb que fueron debidamente analizadas por los contertulios del programa y como siempre el esperado expediente X con la resoluci\u00f3n de la inc\u00f3gnita al finalizar nuestro magaz\u00edn ecol\u00f3gico y natural.<\/p>\n<p style=\"text-align:justify;\"><span style=\"color:#ff0000;\">Para escuchar este pograma pulsa sobre el enlace que tienes debajo.<\/span><\/p>\n\n","protected":false},"excerpt":{"rendered":"<p>La Selva de Doramas se situ\u00f3 en esta ocasi\u00f3n en el an\u00e1lisis de la contaminaci\u00f3n marina de Salinetas y Melenara del porque de la misma y de las posibilidades de traslado de las jaulas marinas<\/p>\n","protected":false},"author":2,"featured_media":0,"comment_status":"open","ping_status":"open","sticky":false,"template":"","format":"standard","meta":{"footnotes":""},"categories":[25,69,47,51,54,60],"tags":[481],"class_list":["post-2989","post","type-post","status-publish","format-standard","hentry","category-contaminacion-y-toxicos","category-movimiento-ciudadano","category-oceanos","category-radio-la-selva-de-doramas","category-recomendamos-para-leer-ver-y-escuchar","category-telde-gran-canaria","tag-contaminacion-marina"],"yoast_head":"<!-- This site is optimized with the Yoast SEO plugin v26.3 - https:\/\/yoast.com\/wordpress\/plugins\/seo\/ -->\n<title>Contaminaci\u00f3n marina y traslado de jaulas en La Selva - Colectivo Ecologista Turcon<\/title>\n<meta name=\"robots\" content=\"index, follow, max-snippet:-1, max-image-preview:large, max-video-preview:-1\" \/>\n<link rel=\"canonical\" href=\"https:\/\/turcon.es\/wp\/contaminacion-marina-y-traslado-de-jaulas-en-la-selva\/\" \/>\n<meta property=\"og:locale\" content=\"es_ES\" \/>\n<meta property=\"og:type\" content=\"article\" \/>\n<meta property=\"og:title\" content=\"Contaminaci\u00f3n marina y traslado de jaulas en La Selva - Colectivo Ecologista Turcon\" \/>\n<meta property=\"og:description\" content=\"La Selva de Doramas se situ\u00f3 en esta ocasi\u00f3n en el an\u00e1lisis de la contaminaci\u00f3n marina de Salinetas y Melenara del porque de la misma y de las posibilidades de traslado de las jaulas marinas\" \/>\n<meta property=\"og:url\" content=\"https:\/\/turcon.es\/wp\/contaminacion-marina-y-traslado-de-jaulas-en-la-selva\/\" \/>\n<meta property=\"og:site_name\" content=\"Colectivo Ecologista Turcon\" \/>\n<meta property=\"article:published_time\" content=\"2009-11-04T22:43:12+00:00\" \/>\n<meta property=\"og:image\" content=\"http:\/\/1.bp.blogspot.com\/_CAKNXtuGz_k\/SFRTV1fX19I\/AAAAAAAABD8\/-Cx1XXDtiXE\/s400\/Radio+Streaming.jpg\" \/>\n<meta name=\"author\" content=\"Laura Fernandez\" \/>\n<meta name=\"twitter:card\" content=\"summary_large_image\" \/>\n<meta name=\"twitter:label1\" content=\"Escrito por\" \/>\n\t<meta name=\"twitter:data1\" content=\"Laura Fernandez\" \/>\n\t<meta name=\"twitter:label2\" content=\"Tiempo de lectura\" \/>\n\t<meta name=\"twitter:data2\" content=\"1 minuto\" \/>\n<script type=\"application\/ld+json\" class=\"yoast-schema-graph\">{\"@context\":\"https:\/\/schema.org\",\"@graph\":[{\"@type\":\"Article\",\"@id\":\"https:\/\/turcon.es\/wp\/contaminacion-marina-y-traslado-de-jaulas-en-la-selva\/#article\",\"isPartOf\":{\"@id\":\"https:\/\/turcon.es\/wp\/contaminacion-marina-y-traslado-de-jaulas-en-la-selva\/\"},\"author\":{\"name\":\"Laura Fernandez\",\"@id\":\"https:\/\/turcon.es\/wp\/#\/schema\/person\/a1f3ba727ce031d9da17684affe85edd\"},\"headline\":\"Contaminaci\u00f3n marina y traslado de jaulas en La Selva\",\"datePublished\":\"2009-11-04T22:43:12+00:00\",\"mainEntityOfPage\":{\"@id\":\"https:\/\/turcon.es\/wp\/contaminacion-marina-y-traslado-de-jaulas-en-la-selva\/\"},\"wordCount\":175,\"commentCount\":0,\"publisher\":{\"@id\":\"https:\/\/turcon.es\/wp\/#organization\"},\"image\":{\"@id\":\"https:\/\/turcon.es\/wp\/contaminacion-marina-y-traslado-de-jaulas-en-la-selva\/#primaryimage\"},\"thumbnailUrl\":\"http:\/\/1.bp.blogspot.com\/_CAKNXtuGz_k\/SFRTV1fX19I\/AAAAAAAABD8\/-Cx1XXDtiXE\/s400\/Radio+Streaming.jpg\",\"keywords\":[\"contaminaci\u00f3n marina\"],\"articleSection\":[\"Contaminaci\u00f3n y t\u00f3xicos\",\"Movimiento ciudadano\",\"Oc\u00e9anos\",\"Radio La selva de Doramas\",\"Recomendamos para leer, ver y escuchar...\",\"Telde (Gran Canaria)\"],\"inLanguage\":\"es\",\"potentialAction\":[{\"@type\":\"CommentAction\",\"name\":\"Comment\",\"target\":[\"https:\/\/turcon.es\/wp\/contaminacion-marina-y-traslado-de-jaulas-en-la-selva\/#respond\"]}]},{\"@type\":\"WebPage\",\"@id\":\"https:\/\/turcon.es\/wp\/contaminacion-marina-y-traslado-de-jaulas-en-la-selva\/\",\"url\":\"https:\/\/turcon.es\/wp\/contaminacion-marina-y-traslado-de-jaulas-en-la-selva\/\",\"name\":\"Contaminaci\u00f3n marina y traslado de jaulas en La Selva - Colectivo Ecologista Turcon\",\"isPartOf\":{\"@id\":\"https:\/\/turcon.es\/wp\/#website\"},\"primaryImageOfPage\":{\"@id\":\"https:\/\/turcon.es\/wp\/contaminacion-marina-y-traslado-de-jaulas-en-la-selva\/#primaryimage\"},\"image\":{\"@id\":\"https:\/\/turcon.es\/wp\/contaminacion-marina-y-traslado-de-jaulas-en-la-selva\/#primaryimage\"},\"thumbnailUrl\":\"http:\/\/1.bp.blogspot.com\/_CAKNXtuGz_k\/SFRTV1fX19I\/AAAAAAAABD8\/-Cx1XXDtiXE\/s400\/Radio+Streaming.jpg\",\"datePublished\":\"2009-11-04T22:43:12+00:00\",\"breadcrumb\":{\"@id\":\"https:\/\/turcon.es\/wp\/contaminacion-marina-y-traslado-de-jaulas-en-la-selva\/#breadcrumb\"},\"inLanguage\":\"es\",\"potentialAction\":[{\"@type\":\"ReadAction\",\"target\":[\"https:\/\/turcon.es\/wp\/contaminacion-marina-y-traslado-de-jaulas-en-la-selva\/\"]}]},{\"@type\":\"ImageObject\",\"inLanguage\":\"es\",\"@id\":\"https:\/\/turcon.es\/wp\/contaminacion-marina-y-traslado-de-jaulas-en-la-selva\/#primaryimage\",\"url\":\"http:\/\/1.bp.blogspot.com\/_CAKNXtuGz_k\/SFRTV1fX19I\/AAAAAAAABD8\/-Cx1XXDtiXE\/s400\/Radio+Streaming.jpg\",\"contentUrl\":\"http:\/\/1.bp.blogspot.com\/_CAKNXtuGz_k\/SFRTV1fX19I\/AAAAAAAABD8\/-Cx1XXDtiXE\/s400\/Radio+Streaming.jpg\"},{\"@type\":\"BreadcrumbList\",\"@id\":\"https:\/\/turcon.es\/wp\/contaminacion-marina-y-traslado-de-jaulas-en-la-selva\/#breadcrumb\",\"itemListElement\":[{\"@type\":\"ListItem\",\"position\":1,\"name\":\"Portada\",\"item\":\"https:\/\/turcon.es\/wp\/\"},{\"@type\":\"ListItem\",\"position\":2,\"name\":\"Contaminaci\u00f3n marina y traslado de jaulas en La Selva\"}]},{\"@type\":\"WebSite\",\"@id\":\"https:\/\/turcon.es\/wp\/#website\",\"url\":\"https:\/\/turcon.es\/wp\/\",\"name\":\"Colectivo Ecologista Turcon\",\"description\":\"\",\"publisher\":{\"@id\":\"https:\/\/turcon.es\/wp\/#organization\"},\"potentialAction\":[{\"@type\":\"SearchAction\",\"target\":{\"@type\":\"EntryPoint\",\"urlTemplate\":\"https:\/\/turcon.es\/wp\/?s={search_term_string}\"},\"query-input\":{\"@type\":\"PropertyValueSpecification\",\"valueRequired\":true,\"valueName\":\"search_term_string\"}}],\"inLanguage\":\"es\"},{\"@type\":\"Organization\",\"@id\":\"https:\/\/turcon.es\/wp\/#organization\",\"name\":\"Colectivo Ecologista Turcon\",\"url\":\"https:\/\/turcon.es\/wp\/\",\"logo\":{\"@type\":\"ImageObject\",\"inLanguage\":\"es\",\"@id\":\"https:\/\/turcon.es\/wp\/#\/schema\/logo\/image\/\",\"url\":\"https:\/\/turcon.es\/wp\/wp-content\/uploads\/2025\/03\/logo-verde.svg\",\"contentUrl\":\"https:\/\/turcon.es\/wp\/wp-content\/uploads\/2025\/03\/logo-verde.svg\",\"width\":813,\"height\":813,\"caption\":\"Colectivo Ecologista Turcon\"},\"image\":{\"@id\":\"https:\/\/turcon.es\/wp\/#\/schema\/logo\/image\/\"}},{\"@type\":\"Person\",\"@id\":\"https:\/\/turcon.es\/wp\/#\/schema\/person\/a1f3ba727ce031d9da17684affe85edd\",\"name\":\"Laura Fernandez\",\"image\":{\"@type\":\"ImageObject\",\"inLanguage\":\"es\",\"@id\":\"https:\/\/turcon.es\/wp\/#\/schema\/person\/image\/\",\"url\":\"https:\/\/secure.gravatar.com\/avatar\/360749af9549af22e54582d50231ae56e854210ae2368797ba242f445a9852e8?s=96&d=mm&r=g\",\"contentUrl\":\"https:\/\/secure.gravatar.com\/avatar\/360749af9549af22e54582d50231ae56e854210ae2368797ba242f445a9852e8?s=96&d=mm&r=g\",\"caption\":\"Laura Fernandez\"},\"url\":\"https:\/\/turcon.es\/wp\/author\/admturcon\/\"}]}<\/script>\n<!-- \/ Yoast SEO plugin. -->","yoast_head_json":{"title":"Contaminaci\u00f3n marina y traslado de jaulas en La Selva - Colectivo Ecologista Turcon","robots":{"index":"index","follow":"follow","max-snippet":"max-snippet:-1","max-image-preview":"max-image-preview:large","max-video-preview":"max-video-preview:-1"},"canonical":"https:\/\/turcon.es\/wp\/contaminacion-marina-y-traslado-de-jaulas-en-la-selva\/","og_locale":"es_ES","og_type":"article","og_title":"Contaminaci\u00f3n marina y traslado de jaulas en La Selva - Colectivo Ecologista Turcon","og_description":"La Selva de Doramas se situ\u00f3 en esta ocasi\u00f3n en el an\u00e1lisis de la contaminaci\u00f3n marina de Salinetas y Melenara del porque de la misma y de las posibilidades de traslado de las jaulas marinas","og_url":"https:\/\/turcon.es\/wp\/contaminacion-marina-y-traslado-de-jaulas-en-la-selva\/","og_site_name":"Colectivo Ecologista Turcon","article_published_time":"2009-11-04T22:43:12+00:00","og_image":[{"url":"http:\/\/1.bp.blogspot.com\/_CAKNXtuGz_k\/SFRTV1fX19I\/AAAAAAAABD8\/-Cx1XXDtiXE\/s400\/Radio+Streaming.jpg","type":"","width":"","height":""}],"author":"Laura Fernandez","twitter_card":"summary_large_image","twitter_misc":{"Escrito por":"Laura Fernandez","Tiempo de lectura":"1 minuto"},"schema":{"@context":"https:\/\/schema.org","@graph":[{"@type":"Article","@id":"https:\/\/turcon.es\/wp\/contaminacion-marina-y-traslado-de-jaulas-en-la-selva\/#article","isPartOf":{"@id":"https:\/\/turcon.es\/wp\/contaminacion-marina-y-traslado-de-jaulas-en-la-selva\/"},"author":{"name":"Laura Fernandez","@id":"https:\/\/turcon.es\/wp\/#\/schema\/person\/a1f3ba727ce031d9da17684affe85edd"},"headline":"Contaminaci\u00f3n marina y traslado de jaulas en La Selva","datePublished":"2009-11-04T22:43:12+00:00","mainEntityOfPage":{"@id":"https:\/\/turcon.es\/wp\/contaminacion-marina-y-traslado-de-jaulas-en-la-selva\/"},"wordCount":175,"commentCount":0,"publisher":{"@id":"https:\/\/turcon.es\/wp\/#organization"},"image":{"@id":"https:\/\/turcon.es\/wp\/contaminacion-marina-y-traslado-de-jaulas-en-la-selva\/#primaryimage"},"thumbnailUrl":"http:\/\/1.bp.blogspot.com\/_CAKNXtuGz_k\/SFRTV1fX19I\/AAAAAAAABD8\/-Cx1XXDtiXE\/s400\/Radio+Streaming.jpg","keywords":["contaminaci\u00f3n marina"],"articleSection":["Contaminaci\u00f3n y t\u00f3xicos","Movimiento ciudadano","Oc\u00e9anos","Radio La selva de Doramas","Recomendamos para leer, ver y escuchar...","Telde (Gran Canaria)"],"inLanguage":"es","potentialAction":[{"@type":"CommentAction","name":"Comment","target":["https:\/\/turcon.es\/wp\/contaminacion-marina-y-traslado-de-jaulas-en-la-selva\/#respond"]}]},{"@type":"WebPage","@id":"https:\/\/turcon.es\/wp\/contaminacion-marina-y-traslado-de-jaulas-en-la-selva\/","url":"https:\/\/turcon.es\/wp\/contaminacion-marina-y-traslado-de-jaulas-en-la-selva\/","name":"Contaminaci\u00f3n marina y traslado de jaulas en La Selva - Colectivo Ecologista Turcon","isPartOf":{"@id":"https:\/\/turcon.es\/wp\/#website"},"primaryImageOfPage":{"@id":"https:\/\/turcon.es\/wp\/contaminacion-marina-y-traslado-de-jaulas-en-la-selva\/#primaryimage"},"image":{"@id":"https:\/\/turcon.es\/wp\/contaminacion-marina-y-traslado-de-jaulas-en-la-selva\/#primaryimage"},"thumbnailUrl":"http:\/\/1.bp.blogspot.com\/_CAKNXtuGz_k\/SFRTV1fX19I\/AAAAAAAABD8\/-Cx1XXDtiXE\/s400\/Radio+Streaming.jpg","datePublished":"2009-11-04T22:43:12+00:00","breadcrumb":{"@id":"https:\/\/turcon.es\/wp\/contaminacion-marina-y-traslado-de-jaulas-en-la-selva\/#breadcrumb"},"inLanguage":"es","potentialAction":[{"@type":"ReadAction","target":["https:\/\/turcon.es\/wp\/contaminacion-marina-y-traslado-de-jaulas-en-la-selva\/"]}]},{"@type":"ImageObject","inLanguage":"es","@id":"https:\/\/turcon.es\/wp\/contaminacion-marina-y-traslado-de-jaulas-en-la-selva\/#primaryimage","url":"http:\/\/1.bp.blogspot.com\/_CAKNXtuGz_k\/SFRTV1fX19I\/AAAAAAAABD8\/-Cx1XXDtiXE\/s400\/Radio+Streaming.jpg","contentUrl":"http:\/\/1.bp.blogspot.com\/_CAKNXtuGz_k\/SFRTV1fX19I\/AAAAAAAABD8\/-Cx1XXDtiXE\/s400\/Radio+Streaming.jpg"},{"@type":"BreadcrumbList","@id":"https:\/\/turcon.es\/wp\/contaminacion-marina-y-traslado-de-jaulas-en-la-selva\/#breadcrumb","itemListElement":[{"@type":"ListItem","position":1,"name":"Portada","item":"https:\/\/turcon.es\/wp\/"},{"@type":"ListItem","position":2,"name":"Contaminaci\u00f3n marina y traslado de jaulas en La Selva"}]},{"@type":"WebSite","@id":"https:\/\/turcon.es\/wp\/#website","url":"https:\/\/turcon.es\/wp\/","name":"Colectivo Ecologista Turcon","description":"","publisher":{"@id":"https:\/\/turcon.es\/wp\/#organization"},"potentialAction":[{"@type":"SearchAction","target":{"@type":"EntryPoint","urlTemplate":"https:\/\/turcon.es\/wp\/?s={search_term_string}"},"query-input":{"@type":"PropertyValueSpecification","valueRequired":true,"valueName":"search_term_string"}}],"inLanguage":"es"},{"@type":"Organization","@id":"https:\/\/turcon.es\/wp\/#organization","name":"Colectivo Ecologista Turcon","url":"https:\/\/turcon.es\/wp\/","logo":{"@type":"ImageObject","inLanguage":"es","@id":"https:\/\/turcon.es\/wp\/#\/schema\/logo\/image\/","url":"https:\/\/turcon.es\/wp\/wp-content\/uploads\/2025\/03\/logo-verde.svg","contentUrl":"https:\/\/turcon.es\/wp\/wp-content\/uploads\/2025\/03\/logo-verde.svg","width":813,"height":813,"caption":"Colectivo Ecologista Turcon"},"image":{"@id":"https:\/\/turcon.es\/wp\/#\/schema\/logo\/image\/"}},{"@type":"Person","@id":"https:\/\/turcon.es\/wp\/#\/schema\/person\/a1f3ba727ce031d9da17684affe85edd","name":"Laura Fernandez","image":{"@type":"ImageObject","inLanguage":"es","@id":"https:\/\/turcon.es\/wp\/#\/schema\/person\/image\/","url":"https:\/\/secure.gravatar.com\/avatar\/360749af9549af22e54582d50231ae56e854210ae2368797ba242f445a9852e8?s=96&d=mm&r=g","contentUrl":"https:\/\/secure.gravatar.com\/avatar\/360749af9549af22e54582d50231ae56e854210ae2368797ba242f445a9852e8?s=96&d=mm&r=g","caption":"Laura Fernandez"},"url":"https:\/\/turcon.es\/wp\/author\/admturcon\/"}]}},"_links":{"self":[{"href":"https:\/\/turcon.es\/wp\/wp-json\/wp\/v2\/posts\/2989","targetHints":{"allow":["GET"]}}],"collection":[{"href":"https:\/\/turcon.es\/wp\/wp-json\/wp\/v2\/posts"}],"about":[{"href":"https:\/\/turcon.es\/wp\/wp-json\/wp\/v2\/types\/post"}],"author":[{"embeddable":true,"href":"https:\/\/turcon.es\/wp\/wp-json\/wp\/v2\/users\/2"}],"replies":[{"embeddable":true,"href":"https:\/\/turcon.es\/wp\/wp-json\/wp\/v2\/comments?post=2989"}],"version-history":[{"count":0,"href":"https:\/\/turcon.es\/wp\/wp-json\/wp\/v2\/posts\/2989\/revisions"}],"wp:attachment":[{"href":"https:\/\/turcon.es\/wp\/wp-json\/wp\/v2\/media?parent=2989"}],"wp:term":[{"taxonomy":"category","embeddable":true,"href":"https:\/\/turcon.es\/wp\/wp-json\/wp\/v2\/categories?post=2989"},{"taxonomy":"post_tag","embeddable":true,"href":"https:\/\/turcon.es\/wp\/wp-json\/wp\/v2\/tags?post=2989"}],"curies":[{"name":"wp","href":"https:\/\/api.w.org\/{rel}","templated":true}]}}