{"id":3106,"date":"2009-11-22T08:00:22","date_gmt":"2009-11-22T08:00:22","guid":{"rendered":"http:\/\/turcon.wordpress.com\/?p=3106"},"modified":"2009-11-22T08:00:22","modified_gmt":"2009-11-22T08:00:22","slug":"sebastian-deja-greenpeace","status":"publish","type":"post","link":"https:\/\/turcon.es\/wp\/sebastian-deja-greenpeace\/","title":{"rendered":"Sebasti\u00e1n deja Greenpeace"},"content":{"rendered":"<p>El MINISTRO DE INDUSTRIA, Miguel Sebasti\u00e1n, deja Greenpeace tras 25 a\u00f1os de militancia. Se da de baja por los ataques de la ONG a su pol\u00edtica energ\u00e9tica<a href=\"http:\/\/turcon.es\/wp\/wp-content\/uploads\/2009\/11\/1258356769_0.jpg\"><img fetchpriority=\"high\" decoding=\"async\" class=\"alignright size-full wp-image-3107\" title=\"DEBATE PRESUPUESTOS GENERALES DEL ESTADO DE 2010\" src=\"http:\/\/turcon.es\/wp\/wp-content\/uploads\/2009\/11\/1258356769_0.jpg\" alt=\"\" width=\"230\" height=\"345\" \/><\/a><\/p>\n<p>Baltasar Monta\u00f1o. Efe. El Mundo.es<\/p>\n<p>Madrid.- En 1985, un ciudadano de a pie llamado Miguel Sebasti\u00e1n decidi\u00f3 hacerse socio de Greenpeace tras el hundimiento en el Oc\u00e9ano Pac\u00edfico del Rainbow Warrior. Los servicios secretos de Fran\u00e7ois Mitterrand impidieron que el barco llegara a las aguas territoriales francesas para protestar por las pruebas nucleares en el atol\u00f3n de Mururoa.<\/p>\n<p>Desde ese a\u00f1o, el ahora ministro de Industria, entonces militante del Partido Socialista Popular de Enrique Tierno Galv\u00e1n, ha venido pagando religiosamente su cuota de socio a la organizaci\u00f3n ecologista internacional. Hasta que hace un par de meses decidi\u00f3, tras 25 a\u00f1os como afiliado, romper radicalmente con Greenpeace.<!--more--><\/p>\n<p>La causa es la campa\u00f1a de desprestigio personal y profesional emprendida por la organizaci\u00f3n ecologista contra el ministro antes del verano pasado. En los meses previos a que Jos\u00e9 Luis Rodr\u00edguez Zapatero impusiera el cierre de la central nuclear de Garo\u00f1a en 2013, Sebasti\u00e1n defendi\u00f3 esta fuente de energ\u00eda como una de las que debe componer el mix para garantizar el suministro energ\u00e9tico en Espa\u00f1a en el presente y en el futuro.<\/p>\n<p>Greenpeace abri\u00f3 fuego contra el ministro, al que acus\u00f3 de estar vendido a las compa\u00f1\u00edas el\u00e9ctricas y de haber \u00abpactado con el Consejo de Seguridad Nuclear (CSN)\u00bb la prolongaci\u00f3n del permiso de operaci\u00f3n de la central por otros 10 a\u00f1os m\u00e1s. Desde la organizaci\u00f3n ecologista se apunt\u00f3 a Sebasti\u00e1n como el miembro d\u00edscolo del Gobierno y se le acus\u00f3 de no luchar contra el cambio clim\u00e1tico por defender una energ\u00eda \u00absucia y contaminante\u00bb.<\/p>\n<p>La revista interna que Greenpeace env\u00eda a sus socios se preguntaba, en su edici\u00f3n del segundo trimestre, \u00abqu\u00e9 hace un ministro de Industria pronuclear en un Ejecutivo que tiene el compromiso de cerrar centrales nucleares?\u00bb.<\/p>\n<p>Ante esta situaci\u00f3n, el ministro llam\u00f3 en septiembre pasado, como ciudadano raso, al tel\u00e9fono de atenci\u00f3n al socio de Greenpeace y, con su nombre y DNI, se dio de baja. Fue preguntado por la operadora sobre las causas de su renuncia y Sebasti\u00e1n contest\u00f3 que se deb\u00eda a su absoluto desacuerdo con la estrategia de descalificaci\u00f3n permanente de la organizaci\u00f3n contra la pol\u00edtica energ\u00e9tica del Gobierno y, en especial, del Ministerio de Industria.<\/p>\n<p>Este oto\u00f1o, la guerra de Greenpeace contra Sebasti\u00e1n se ha recrudecido despu\u00e9s de que el Gobierno haya acordado con las compa\u00f1\u00edas el\u00e9ctricas y las empresas del carb\u00f3n la pol\u00edtica de subvenciones a esta materia prima nacional hasta 2012.<\/p>\n<p>Greenpeace se ha opuesto a este planteamiento y desde su web ha emprendido una campa\u00f1a para invitar a todos los ciberactivistas del clima a enviar una carta est\u00e1ndar, ya redactada, al ministro Sebasti\u00e1n para que retire su plan de apoyo al carb\u00f3n nacional.<\/p>\n<p>La carta protesta contra el ministro ha disparado las consultas recibidas por Industria al respecto, seg\u00fan los datos facilitados por el Ministerio. De las 5.180 entradas registradas en la web de Industria y en su tel\u00e9fono de atenci\u00f3n ciudadana para realizar consultas y emitir opiniones, casi la mitad, unas 2.395, est\u00e1n dedicadas a la pol\u00edtica del Gobierno sobre el carb\u00f3n y contra el cambio clim\u00e1tico. Muy de lejos, aparecen las consultas sobre el Plan Vive y el Plan 2000E, con 583 entradas.<\/p>\n<p>&nbsp;<\/p>\n","protected":false},"excerpt":{"rendered":"<p>El MINISTRO DE INDUSTRIA, Miguel Sebasti\u00e1n, deja Greenpeace tras 25 a\u00f1os de militancia. Se da de baja por los ataques de la ONG a su pol\u00edtica energ\u00e9tica Baltasar Monta\u00f1o. Efe. El Mundo.es Madrid.- En 1985, un ciudadano de a pie llamado Miguel Sebasti\u00e1n decidi\u00f3 hacerse socio de Greenpeace tras el hundimiento en el Oc\u00e9ano Pac\u00edfico [&hellip;]<\/p>\n","protected":false},"author":2,"featured_media":0,"comment_status":"open","ping_status":"open","sticky":false,"template":"","format":"standard","meta":{"footnotes":""},"categories":[17,34,35,36,58],"tags":[],"class_list":["post-3106","post","type-post","status-publish","format-standard","hentry","category-cambio-climatico","category-energia","category-energias-renovables","category-espana","category-sociedad-y-derechos"],"yoast_head":"<!-- This site is optimized with the Yoast SEO plugin v26.3 - https:\/\/yoast.com\/wordpress\/plugins\/seo\/ -->\n<title>Sebasti\u00e1n deja Greenpeace - Colectivo Ecologista Turcon<\/title>\n<meta name=\"robots\" content=\"index, follow, max-snippet:-1, max-image-preview:large, max-video-preview:-1\" \/>\n<link rel=\"canonical\" href=\"https:\/\/turcon.es\/wp\/sebastian-deja-greenpeace\/\" \/>\n<meta property=\"og:locale\" content=\"es_ES\" \/>\n<meta property=\"og:type\" content=\"article\" \/>\n<meta property=\"og:title\" content=\"Sebasti\u00e1n deja Greenpeace - Colectivo Ecologista Turcon\" \/>\n<meta property=\"og:description\" content=\"El MINISTRO DE INDUSTRIA, Miguel Sebasti\u00e1n, deja Greenpeace tras 25 a\u00f1os de militancia. Se da de baja por los ataques de la ONG a su pol\u00edtica energ\u00e9tica Baltasar Monta\u00f1o. Efe. El Mundo.es Madrid.- En 1985, un ciudadano de a pie llamado Miguel Sebasti\u00e1n decidi\u00f3 hacerse socio de Greenpeace tras el hundimiento en el Oc\u00e9ano Pac\u00edfico [&hellip;]\" \/>\n<meta property=\"og:url\" content=\"https:\/\/turcon.es\/wp\/sebastian-deja-greenpeace\/\" \/>\n<meta property=\"og:site_name\" content=\"Colectivo Ecologista Turcon\" \/>\n<meta property=\"article:published_time\" content=\"2009-11-22T08:00:22+00:00\" \/>\n<meta property=\"og:image\" content=\"https:\/\/turcon.es\/wp\/wp-content\/uploads\/2009\/11\/1258356769_0-1.jpg\" \/>\n\t<meta property=\"og:image:width\" content=\"230\" \/>\n\t<meta property=\"og:image:height\" content=\"345\" \/>\n\t<meta property=\"og:image:type\" content=\"image\/jpeg\" \/>\n<meta name=\"author\" content=\"Laura Fernandez\" \/>\n<meta name=\"twitter:card\" content=\"summary_large_image\" \/>\n<meta name=\"twitter:label1\" content=\"Escrito por\" \/>\n\t<meta name=\"twitter:data1\" content=\"Laura Fernandez\" \/>\n\t<meta name=\"twitter:label2\" content=\"Tiempo de lectura\" \/>\n\t<meta name=\"twitter:data2\" content=\"3 minutos\" \/>\n<script type=\"application\/ld+json\" class=\"yoast-schema-graph\">{\"@context\":\"https:\/\/schema.org\",\"@graph\":[{\"@type\":\"Article\",\"@id\":\"https:\/\/turcon.es\/wp\/sebastian-deja-greenpeace\/#article\",\"isPartOf\":{\"@id\":\"https:\/\/turcon.es\/wp\/sebastian-deja-greenpeace\/\"},\"author\":{\"name\":\"Laura Fernandez\",\"@id\":\"https:\/\/turcon.es\/wp\/#\/schema\/person\/a1f3ba727ce031d9da17684affe85edd\"},\"headline\":\"Sebasti\u00e1n deja Greenpeace\",\"datePublished\":\"2009-11-22T08:00:22+00:00\",\"mainEntityOfPage\":{\"@id\":\"https:\/\/turcon.es\/wp\/sebastian-deja-greenpeace\/\"},\"wordCount\":609,\"commentCount\":0,\"publisher\":{\"@id\":\"https:\/\/turcon.es\/wp\/#organization\"},\"image\":{\"@id\":\"https:\/\/turcon.es\/wp\/sebastian-deja-greenpeace\/#primaryimage\"},\"thumbnailUrl\":\"http:\/\/turcon.es\/wp\/wp-content\/uploads\/2009\/11\/1258356769_0.jpg\",\"articleSection\":[\"Cambio clim\u00e1tico\",\"Energ\u00eda\",\"Energ\u00edas renovables\",\"Espa\u00f1a\",\"Sociedad y derechos\"],\"inLanguage\":\"es\",\"potentialAction\":[{\"@type\":\"CommentAction\",\"name\":\"Comment\",\"target\":[\"https:\/\/turcon.es\/wp\/sebastian-deja-greenpeace\/#respond\"]}]},{\"@type\":\"WebPage\",\"@id\":\"https:\/\/turcon.es\/wp\/sebastian-deja-greenpeace\/\",\"url\":\"https:\/\/turcon.es\/wp\/sebastian-deja-greenpeace\/\",\"name\":\"Sebasti\u00e1n deja Greenpeace - Colectivo Ecologista Turcon\",\"isPartOf\":{\"@id\":\"https:\/\/turcon.es\/wp\/#website\"},\"primaryImageOfPage\":{\"@id\":\"https:\/\/turcon.es\/wp\/sebastian-deja-greenpeace\/#primaryimage\"},\"image\":{\"@id\":\"https:\/\/turcon.es\/wp\/sebastian-deja-greenpeace\/#primaryimage\"},\"thumbnailUrl\":\"http:\/\/turcon.es\/wp\/wp-content\/uploads\/2009\/11\/1258356769_0.jpg\",\"datePublished\":\"2009-11-22T08:00:22+00:00\",\"breadcrumb\":{\"@id\":\"https:\/\/turcon.es\/wp\/sebastian-deja-greenpeace\/#breadcrumb\"},\"inLanguage\":\"es\",\"potentialAction\":[{\"@type\":\"ReadAction\",\"target\":[\"https:\/\/turcon.es\/wp\/sebastian-deja-greenpeace\/\"]}]},{\"@type\":\"ImageObject\",\"inLanguage\":\"es\",\"@id\":\"https:\/\/turcon.es\/wp\/sebastian-deja-greenpeace\/#primaryimage\",\"url\":\"http:\/\/turcon.es\/wp\/wp-content\/uploads\/2009\/11\/1258356769_0.jpg\",\"contentUrl\":\"http:\/\/turcon.es\/wp\/wp-content\/uploads\/2009\/11\/1258356769_0.jpg\"},{\"@type\":\"BreadcrumbList\",\"@id\":\"https:\/\/turcon.es\/wp\/sebastian-deja-greenpeace\/#breadcrumb\",\"itemListElement\":[{\"@type\":\"ListItem\",\"position\":1,\"name\":\"Portada\",\"item\":\"https:\/\/turcon.es\/wp\/\"},{\"@type\":\"ListItem\",\"position\":2,\"name\":\"Sebasti\u00e1n deja Greenpeace\"}]},{\"@type\":\"WebSite\",\"@id\":\"https:\/\/turcon.es\/wp\/#website\",\"url\":\"https:\/\/turcon.es\/wp\/\",\"name\":\"Colectivo Ecologista Turcon\",\"description\":\"\",\"publisher\":{\"@id\":\"https:\/\/turcon.es\/wp\/#organization\"},\"potentialAction\":[{\"@type\":\"SearchAction\",\"target\":{\"@type\":\"EntryPoint\",\"urlTemplate\":\"https:\/\/turcon.es\/wp\/?s={search_term_string}\"},\"query-input\":{\"@type\":\"PropertyValueSpecification\",\"valueRequired\":true,\"valueName\":\"search_term_string\"}}],\"inLanguage\":\"es\"},{\"@type\":\"Organization\",\"@id\":\"https:\/\/turcon.es\/wp\/#organization\",\"name\":\"Colectivo Ecologista Turcon\",\"url\":\"https:\/\/turcon.es\/wp\/\",\"logo\":{\"@type\":\"ImageObject\",\"inLanguage\":\"es\",\"@id\":\"https:\/\/turcon.es\/wp\/#\/schema\/logo\/image\/\",\"url\":\"https:\/\/turcon.es\/wp\/wp-content\/uploads\/2025\/03\/logo-verde.svg\",\"contentUrl\":\"https:\/\/turcon.es\/wp\/wp-content\/uploads\/2025\/03\/logo-verde.svg\",\"width\":813,\"height\":813,\"caption\":\"Colectivo Ecologista Turcon\"},\"image\":{\"@id\":\"https:\/\/turcon.es\/wp\/#\/schema\/logo\/image\/\"}},{\"@type\":\"Person\",\"@id\":\"https:\/\/turcon.es\/wp\/#\/schema\/person\/a1f3ba727ce031d9da17684affe85edd\",\"name\":\"Laura Fernandez\",\"image\":{\"@type\":\"ImageObject\",\"inLanguage\":\"es\",\"@id\":\"https:\/\/turcon.es\/wp\/#\/schema\/person\/image\/\",\"url\":\"https:\/\/secure.gravatar.com\/avatar\/360749af9549af22e54582d50231ae56e854210ae2368797ba242f445a9852e8?s=96&d=mm&r=g\",\"contentUrl\":\"https:\/\/secure.gravatar.com\/avatar\/360749af9549af22e54582d50231ae56e854210ae2368797ba242f445a9852e8?s=96&d=mm&r=g\",\"caption\":\"Laura Fernandez\"},\"url\":\"https:\/\/turcon.es\/wp\/author\/admturcon\/\"}]}<\/script>\n<!-- \/ Yoast SEO plugin. -->","yoast_head_json":{"title":"Sebasti\u00e1n deja Greenpeace - Colectivo Ecologista Turcon","robots":{"index":"index","follow":"follow","max-snippet":"max-snippet:-1","max-image-preview":"max-image-preview:large","max-video-preview":"max-video-preview:-1"},"canonical":"https:\/\/turcon.es\/wp\/sebastian-deja-greenpeace\/","og_locale":"es_ES","og_type":"article","og_title":"Sebasti\u00e1n deja Greenpeace - Colectivo Ecologista Turcon","og_description":"El MINISTRO DE INDUSTRIA, Miguel Sebasti\u00e1n, deja Greenpeace tras 25 a\u00f1os de militancia. Se da de baja por los ataques de la ONG a su pol\u00edtica energ\u00e9tica Baltasar Monta\u00f1o. Efe. El Mundo.es Madrid.- En 1985, un ciudadano de a pie llamado Miguel Sebasti\u00e1n decidi\u00f3 hacerse socio de Greenpeace tras el hundimiento en el Oc\u00e9ano Pac\u00edfico [&hellip;]","og_url":"https:\/\/turcon.es\/wp\/sebastian-deja-greenpeace\/","og_site_name":"Colectivo Ecologista Turcon","article_published_time":"2009-11-22T08:00:22+00:00","og_image":[{"width":230,"height":345,"url":"https:\/\/turcon.es\/wp\/wp-content\/uploads\/2009\/11\/1258356769_0-1.jpg","type":"image\/jpeg"}],"author":"Laura Fernandez","twitter_card":"summary_large_image","twitter_misc":{"Escrito por":"Laura Fernandez","Tiempo de lectura":"3 minutos"},"schema":{"@context":"https:\/\/schema.org","@graph":[{"@type":"Article","@id":"https:\/\/turcon.es\/wp\/sebastian-deja-greenpeace\/#article","isPartOf":{"@id":"https:\/\/turcon.es\/wp\/sebastian-deja-greenpeace\/"},"author":{"name":"Laura Fernandez","@id":"https:\/\/turcon.es\/wp\/#\/schema\/person\/a1f3ba727ce031d9da17684affe85edd"},"headline":"Sebasti\u00e1n deja Greenpeace","datePublished":"2009-11-22T08:00:22+00:00","mainEntityOfPage":{"@id":"https:\/\/turcon.es\/wp\/sebastian-deja-greenpeace\/"},"wordCount":609,"commentCount":0,"publisher":{"@id":"https:\/\/turcon.es\/wp\/#organization"},"image":{"@id":"https:\/\/turcon.es\/wp\/sebastian-deja-greenpeace\/#primaryimage"},"thumbnailUrl":"http:\/\/turcon.es\/wp\/wp-content\/uploads\/2009\/11\/1258356769_0.jpg","articleSection":["Cambio clim\u00e1tico","Energ\u00eda","Energ\u00edas renovables","Espa\u00f1a","Sociedad y derechos"],"inLanguage":"es","potentialAction":[{"@type":"CommentAction","name":"Comment","target":["https:\/\/turcon.es\/wp\/sebastian-deja-greenpeace\/#respond"]}]},{"@type":"WebPage","@id":"https:\/\/turcon.es\/wp\/sebastian-deja-greenpeace\/","url":"https:\/\/turcon.es\/wp\/sebastian-deja-greenpeace\/","name":"Sebasti\u00e1n deja Greenpeace - Colectivo Ecologista Turcon","isPartOf":{"@id":"https:\/\/turcon.es\/wp\/#website"},"primaryImageOfPage":{"@id":"https:\/\/turcon.es\/wp\/sebastian-deja-greenpeace\/#primaryimage"},"image":{"@id":"https:\/\/turcon.es\/wp\/sebastian-deja-greenpeace\/#primaryimage"},"thumbnailUrl":"http:\/\/turcon.es\/wp\/wp-content\/uploads\/2009\/11\/1258356769_0.jpg","datePublished":"2009-11-22T08:00:22+00:00","breadcrumb":{"@id":"https:\/\/turcon.es\/wp\/sebastian-deja-greenpeace\/#breadcrumb"},"inLanguage":"es","potentialAction":[{"@type":"ReadAction","target":["https:\/\/turcon.es\/wp\/sebastian-deja-greenpeace\/"]}]},{"@type":"ImageObject","inLanguage":"es","@id":"https:\/\/turcon.es\/wp\/sebastian-deja-greenpeace\/#primaryimage","url":"http:\/\/turcon.es\/wp\/wp-content\/uploads\/2009\/11\/1258356769_0.jpg","contentUrl":"http:\/\/turcon.es\/wp\/wp-content\/uploads\/2009\/11\/1258356769_0.jpg"},{"@type":"BreadcrumbList","@id":"https:\/\/turcon.es\/wp\/sebastian-deja-greenpeace\/#breadcrumb","itemListElement":[{"@type":"ListItem","position":1,"name":"Portada","item":"https:\/\/turcon.es\/wp\/"},{"@type":"ListItem","position":2,"name":"Sebasti\u00e1n deja Greenpeace"}]},{"@type":"WebSite","@id":"https:\/\/turcon.es\/wp\/#website","url":"https:\/\/turcon.es\/wp\/","name":"Colectivo Ecologista Turcon","description":"","publisher":{"@id":"https:\/\/turcon.es\/wp\/#organization"},"potentialAction":[{"@type":"SearchAction","target":{"@type":"EntryPoint","urlTemplate":"https:\/\/turcon.es\/wp\/?s={search_term_string}"},"query-input":{"@type":"PropertyValueSpecification","valueRequired":true,"valueName":"search_term_string"}}],"inLanguage":"es"},{"@type":"Organization","@id":"https:\/\/turcon.es\/wp\/#organization","name":"Colectivo Ecologista Turcon","url":"https:\/\/turcon.es\/wp\/","logo":{"@type":"ImageObject","inLanguage":"es","@id":"https:\/\/turcon.es\/wp\/#\/schema\/logo\/image\/","url":"https:\/\/turcon.es\/wp\/wp-content\/uploads\/2025\/03\/logo-verde.svg","contentUrl":"https:\/\/turcon.es\/wp\/wp-content\/uploads\/2025\/03\/logo-verde.svg","width":813,"height":813,"caption":"Colectivo Ecologista Turcon"},"image":{"@id":"https:\/\/turcon.es\/wp\/#\/schema\/logo\/image\/"}},{"@type":"Person","@id":"https:\/\/turcon.es\/wp\/#\/schema\/person\/a1f3ba727ce031d9da17684affe85edd","name":"Laura Fernandez","image":{"@type":"ImageObject","inLanguage":"es","@id":"https:\/\/turcon.es\/wp\/#\/schema\/person\/image\/","url":"https:\/\/secure.gravatar.com\/avatar\/360749af9549af22e54582d50231ae56e854210ae2368797ba242f445a9852e8?s=96&d=mm&r=g","contentUrl":"https:\/\/secure.gravatar.com\/avatar\/360749af9549af22e54582d50231ae56e854210ae2368797ba242f445a9852e8?s=96&d=mm&r=g","caption":"Laura Fernandez"},"url":"https:\/\/turcon.es\/wp\/author\/admturcon\/"}]}},"_links":{"self":[{"href":"https:\/\/turcon.es\/wp\/wp-json\/wp\/v2\/posts\/3106","targetHints":{"allow":["GET"]}}],"collection":[{"href":"https:\/\/turcon.es\/wp\/wp-json\/wp\/v2\/posts"}],"about":[{"href":"https:\/\/turcon.es\/wp\/wp-json\/wp\/v2\/types\/post"}],"author":[{"embeddable":true,"href":"https:\/\/turcon.es\/wp\/wp-json\/wp\/v2\/users\/2"}],"replies":[{"embeddable":true,"href":"https:\/\/turcon.es\/wp\/wp-json\/wp\/v2\/comments?post=3106"}],"version-history":[{"count":0,"href":"https:\/\/turcon.es\/wp\/wp-json\/wp\/v2\/posts\/3106\/revisions"}],"wp:attachment":[{"href":"https:\/\/turcon.es\/wp\/wp-json\/wp\/v2\/media?parent=3106"}],"wp:term":[{"taxonomy":"category","embeddable":true,"href":"https:\/\/turcon.es\/wp\/wp-json\/wp\/v2\/categories?post=3106"},{"taxonomy":"post_tag","embeddable":true,"href":"https:\/\/turcon.es\/wp\/wp-json\/wp\/v2\/tags?post=3106"}],"curies":[{"name":"wp","href":"https:\/\/api.w.org\/{rel}","templated":true}]}}