{"id":3158,"date":"2009-11-24T15:48:08","date_gmt":"2009-11-24T15:48:08","guid":{"rendered":"http:\/\/turcon.wordpress.com\/?p=3158"},"modified":"2009-11-24T15:48:08","modified_gmt":"2009-11-24T15:48:08","slug":"s-c-de-tenerife-cadena-humana-contra-el-nuevo-catalogo-de-especies-protegidas-2","status":"publish","type":"post","link":"https:\/\/turcon.es\/wp\/s-c-de-tenerife-cadena-humana-contra-el-nuevo-catalogo-de-especies-protegidas-2\/","title":{"rendered":"S. C. de Tenerife: Cadena humana contra el nuevo Cat\u00e1logo de Especies Protegidas"},"content":{"rendered":"<table style=\"text-align:justify;height:26px;\" border=\"0\" cellspacing=\"2\" cellpadding=\"2\" width=\"19\">\n<tbody>\n<tr>\n<td valign=\"top\"><\/td>\n<\/tr>\n<\/tbody>\n<\/table>\n<p style=\"text-align:justify;\"><img decoding=\"async\" src=\"\/DOCUME%7E1\/Juan\/CONFIG%7E1\/Temp\/moz-screenshot.jpg\" alt=\"\" \/><strong><a href=\"http:\/\/turcon.es\/wp\/wp-content\/uploads\/2009\/11\/cartel_28_n_web1.jpg\"><img decoding=\"async\" class=\"alignleft size-medium wp-image-3160\" title=\"Cartel_28_N_web\" src=\"http:\/\/turcon.es\/wp\/wp-content\/uploads\/2009\/11\/cartel_28_n_web1.jpg?w=212\" alt=\"\" width=\"186\" height=\"265\" \/><\/a>Las organizaciones ecologistas WWF, Ecologistas en Acci\u00f3n, Greenpeace, SEO\/BirdLife, ATAN, Amigos de la Tierra y Ben Magec-Ecologistas en Acci\u00f3n de Canarias<\/strong><\/p>\n<p style=\"text-align:justify;\">Nos hemos unido en una importante campa\u00f1a de la que emana la convocatoria de una Gran Cadena Humana, prevista para el d\u00eda 28 de noviembre.<\/p>\n<p style=\"text-align:justify;\"><strong>La extraordinaria riqueza que caracteriza el patrimonio natural de Canarias<\/strong><\/p>\n<p style=\"text-align:justify;\">El archipi\u00e9lago canario concentra una gran variedad de especies, muchas de ellas exclusivas y en peligro de extinci\u00f3n. M\u00e1s de la mitad de la flora end\u00e9mica y cerca del 40% de la fauna invertebrada terrestre que existe en Espa\u00f1a se encuentra en Canarias. Por otro lado, Canarias es el archipi\u00e9lago m\u00e1s rico en endemismos de toda la Macaronesia, y uno de los m\u00e1s importantes del mundo en diversidad bot\u00e1nica.<\/p>\n<p style=\"text-align:justify;\"><strong>Necesidad de protecci\u00f3n: el Cat\u00e1logo de Especies Amenazadas de Canarias<\/strong><\/p>\n<p style=\"text-align:justify;\">Gracias al esfuerzo de t\u00e9cnicos y cient\u00edficos, se public\u00f3 en el a\u00f1o 2001 un cat\u00e1logo con 450 especies amenazadas, muchas de ellas plantas y animales tan emblem\u00e1ticos como el pinz\u00f3n azul, los lagartos gigantes de El Hierro, La Gomera y Tenerife, el drago, el guirre, el tajinaste picante, la malva de risco encarnada, el halc\u00f3n tagarote, la tortuga boba, la seba (formando sebadales), las palomas rabiche y turqu\u00e9, el tamboril espinoso y un largo etc\u00e9tera. Su utilidad reside en la obligaci\u00f3n de realizar actuaciones concretas para la conservaci\u00f3n de toda esta biodiversidad \u00fanica en el mundo.<\/p>\n<p style=\"text-align:justify;\"><strong>No a la nueva propuesta de Cat\u00e1logo de Especies Protegidas<\/strong><\/p>\n<p>[youtube=http:\/\/www.youtube.com\/watch?v=q61dS-UYeuI&amp;hl=es_ES&amp;fs=1&amp;]<\/p>\n<p style=\"text-align:justify;\">El grupo parlamentario CC present\u00f3 en el Parlamento el d\u00eda 22 de octubre de 2009 una proposici\u00f3n de Ley para crear un nuevo Cat\u00e1logo Canario de Especies Protegidas, fundamentada en el excesivo grado de protecci\u00f3n del Cat\u00e1logo de 2001. Y por eso proponen cambiarlo de la siguiente forma:<\/p>\n<p style=\"text-align:justify;\"><strong>226<\/strong> especies protegidas en 2001 se eliminan del cat\u00e1logo.<br \/>\nA <strong>131<\/strong> especies protegidas se les rebaja el grado de protecci\u00f3n, incluyendo las que entran en una nueva categor\u00eda, \u201cDe inter\u00e9s para los ecosistemas canarios\u201d, y aquellas que estaban incluidas en la vieja categor\u00eda \u201cSensible a la alteraci\u00f3n de su h\u00e1bitat\u201d, que desaparece en la nueva propuesta.<br \/>\n<strong>94<\/strong> especies pasan a estar protegidas de una forma perversa: s\u00f3lo se proteger\u00e1 a la planta o el animal que est\u00e9 dentro de un espacio protegido pero si pisa, crece, nada o vuela fuera de estos lugares, deja de estar protegido. Adem\u00e1s, se podr\u00e1n desproteger en estos espacios por inter\u00e9s general, si afectan a un proyecto o una infraestructura.<\/p>\n<p style=\"text-align:justify;\"><strong>GRAN CADENA HUMANA: 28 DE NOVIEMBRE DE 2009, A LAS 12:00 HORAS, PLAZA DEL PRINCIPE, SANTA CRUZ DE TENERIFE<\/strong><\/p>\n<p style=\"text-align:justify;\"><a href=\"http:\/\/2.bp.blogspot.com\/_7FIYwTb_J6c\/SwBpdFeDzyI\/AAAAAAAAEBk\/PUMlt54detc\/s1600-h\/cadenahumana28n2009baja.jpg\"><\/a><\/p>\n<ul style=\"text-align:justify;\">\n<li> La realidad es que la mayor\u00eda de las especies canarias est\u00e1n igual o peor que en 2001, y sin embargo, de un total de 450 especies, el nuevo cat\u00e1logo desfavorece a 341.<\/li>\n<li> El nuevo cat\u00e1logo de CC se fundamenta en despejar los impedimentos para la construcci\u00f3n de grandes infraestructuras innecesarias: puerto de Granadilla, puerto de Gu\u00eda de Isora, puertos deportivos, anillo insular de autov\u00edas, v\u00eda exterior, anillo insular ferroviario, campos de golf, etc., todo ello a costa de la desprotecci\u00f3n de las especies canarias amenazadas.<\/li>\n<li> El Parlamento de Canarias est\u00e1 tramitando a toda prisa este desprop\u00f3sito, con el visto bueno de CC y PP y la ineficaz oposici\u00f3n del PSOE. La Proposici\u00f3n de Ley se pretende aprobar ilegalmente de espaldas a la participaci\u00f3n de la ciudadan\u00eda, y lo m\u00e1s lamentable es que ni siquiera se ha contado con la opini\u00f3n de la comunidad cient\u00edfica, que es la que conoce el estado real de las especies amenazadas.<\/li>\n<\/ul>\n<p style=\"text-align:justify;\"><strong>\u00a1NO LO PERMITAS!<\/strong><\/p>\n<p style=\"text-align:justify;\"><strong>POR UN PARLAMENTO QUE PROTEJA EL MEDIO AMBIENTE<\/strong><\/p>\n<p style=\"text-align:justify;\"><strong>NO AL NUEVO CAT\u00c1LOGO DE ESPECIES AMENAZADAS<\/strong><\/p>\n<p style=\"text-align:justify;\"><strong>\u00a1NOS VEMOS EL 28-N EN LA CADENA HUMANA!<\/strong><\/p>\n","protected":false},"excerpt":{"rendered":"<p>Las organizaciones ecologistas WWF, Ecologistas en Acci\u00f3n, Greenpeace, SEO\/BirdLife, ATAN, Amigos de la Tierra y Ben Magec-Ecologistas en Acci\u00f3n de Canarias Nos hemos unido en una importante campa\u00f1a de la que emana la convocatoria de una Gran Cadena Humana, prevista para el d\u00eda 28 de noviembre. La extraordinaria riqueza que caracteriza el patrimonio natural de [&hellip;]<\/p>\n","protected":false},"author":2,"featured_media":0,"comment_status":"open","ping_status":"open","sticky":false,"template":"","format":"standard","meta":{"footnotes":""},"categories":[8,18,22,37,39,40,69,54,55,58],"tags":[1181],"class_list":["post-3158","post","type-post","status-publish","format-standard","hentry","category-administracion-publica","category-canarias","category-concienciacion","category-espacios-naturales","category-fauna-y-flora","category-gobierno","category-movimiento-ciudadano","category-recomendamos-para-leer-ver-y-escuchar","category-recursos-naturales","category-sociedad-y-derechos","tag-no-al-catalogo"],"yoast_head":"<!-- This site is optimized with the Yoast SEO plugin v26.3 - https:\/\/yoast.com\/wordpress\/plugins\/seo\/ -->\n<title>S. C. de Tenerife: Cadena humana contra el nuevo Cat\u00e1logo de Especies Protegidas - Colectivo Ecologista Turcon<\/title>\n<meta name=\"robots\" content=\"index, follow, max-snippet:-1, max-image-preview:large, max-video-preview:-1\" \/>\n<link rel=\"canonical\" href=\"https:\/\/turcon.es\/wp\/s-c-de-tenerife-cadena-humana-contra-el-nuevo-catalogo-de-especies-protegidas-2\/\" \/>\n<meta property=\"og:locale\" content=\"es_ES\" \/>\n<meta property=\"og:type\" content=\"article\" \/>\n<meta property=\"og:title\" content=\"S. C. de Tenerife: Cadena humana contra el nuevo Cat\u00e1logo de Especies Protegidas - Colectivo Ecologista Turcon\" \/>\n<meta property=\"og:description\" content=\"Las organizaciones ecologistas WWF, Ecologistas en Acci\u00f3n, Greenpeace, SEO\/BirdLife, ATAN, Amigos de la Tierra y Ben Magec-Ecologistas en Acci\u00f3n de Canarias Nos hemos unido en una importante campa\u00f1a de la que emana la convocatoria de una Gran Cadena Humana, prevista para el d\u00eda 28 de noviembre. La extraordinaria riqueza que caracteriza el patrimonio natural de [&hellip;]\" \/>\n<meta property=\"og:url\" content=\"https:\/\/turcon.es\/wp\/s-c-de-tenerife-cadena-humana-contra-el-nuevo-catalogo-de-especies-protegidas-2\/\" \/>\n<meta property=\"og:site_name\" content=\"Colectivo Ecologista Turcon\" \/>\n<meta property=\"article:published_time\" content=\"2009-11-24T15:48:08+00:00\" \/>\n<meta property=\"og:image\" content=\"http:\/\/turcon.es\/wp\/wp-content\/uploads\/2009\/11\/cartel_28_n_web1.jpg?w=212\" \/>\n<meta name=\"author\" content=\"Laura Fernandez\" \/>\n<meta name=\"twitter:card\" content=\"summary_large_image\" \/>\n<meta name=\"twitter:label1\" content=\"Escrito por\" \/>\n\t<meta name=\"twitter:data1\" content=\"Laura Fernandez\" \/>\n\t<meta name=\"twitter:label2\" content=\"Tiempo de lectura\" \/>\n\t<meta name=\"twitter:data2\" content=\"3 minutos\" \/>\n<script type=\"application\/ld+json\" class=\"yoast-schema-graph\">{\"@context\":\"https:\/\/schema.org\",\"@graph\":[{\"@type\":\"Article\",\"@id\":\"https:\/\/turcon.es\/wp\/s-c-de-tenerife-cadena-humana-contra-el-nuevo-catalogo-de-especies-protegidas-2\/#article\",\"isPartOf\":{\"@id\":\"https:\/\/turcon.es\/wp\/s-c-de-tenerife-cadena-humana-contra-el-nuevo-catalogo-de-especies-protegidas-2\/\"},\"author\":{\"name\":\"Laura Fernandez\",\"@id\":\"https:\/\/turcon.es\/wp\/#\/schema\/person\/a1f3ba727ce031d9da17684affe85edd\"},\"headline\":\"S. C. de Tenerife: Cadena humana contra el nuevo Cat\u00e1logo de Especies Protegidas\",\"datePublished\":\"2009-11-24T15:48:08+00:00\",\"mainEntityOfPage\":{\"@id\":\"https:\/\/turcon.es\/wp\/s-c-de-tenerife-cadena-humana-contra-el-nuevo-catalogo-de-especies-protegidas-2\/\"},\"wordCount\":679,\"commentCount\":0,\"publisher\":{\"@id\":\"https:\/\/turcon.es\/wp\/#organization\"},\"image\":{\"@id\":\"https:\/\/turcon.es\/wp\/s-c-de-tenerife-cadena-humana-contra-el-nuevo-catalogo-de-especies-protegidas-2\/#primaryimage\"},\"thumbnailUrl\":\"http:\/\/turcon.es\/wp\/wp-content\/uploads\/2009\/11\/cartel_28_n_web1.jpg?w=212\",\"keywords\":[\"No al catalogo\"],\"articleSection\":[\"Administraci\u00f3n p\u00fablica\",\"Canarias\",\"Concienciaci\u00f3n\",\"Espacios Naturales\",\"Fauna y flora\",\"Gobierno\",\"Movimiento ciudadano\",\"Recomendamos para leer, ver y escuchar...\",\"Recursos naturales\",\"Sociedad y derechos\"],\"inLanguage\":\"es\",\"potentialAction\":[{\"@type\":\"CommentAction\",\"name\":\"Comment\",\"target\":[\"https:\/\/turcon.es\/wp\/s-c-de-tenerife-cadena-humana-contra-el-nuevo-catalogo-de-especies-protegidas-2\/#respond\"]}]},{\"@type\":\"WebPage\",\"@id\":\"https:\/\/turcon.es\/wp\/s-c-de-tenerife-cadena-humana-contra-el-nuevo-catalogo-de-especies-protegidas-2\/\",\"url\":\"https:\/\/turcon.es\/wp\/s-c-de-tenerife-cadena-humana-contra-el-nuevo-catalogo-de-especies-protegidas-2\/\",\"name\":\"S. C. de Tenerife: Cadena humana contra el nuevo Cat\u00e1logo de Especies Protegidas - Colectivo Ecologista Turcon\",\"isPartOf\":{\"@id\":\"https:\/\/turcon.es\/wp\/#website\"},\"primaryImageOfPage\":{\"@id\":\"https:\/\/turcon.es\/wp\/s-c-de-tenerife-cadena-humana-contra-el-nuevo-catalogo-de-especies-protegidas-2\/#primaryimage\"},\"image\":{\"@id\":\"https:\/\/turcon.es\/wp\/s-c-de-tenerife-cadena-humana-contra-el-nuevo-catalogo-de-especies-protegidas-2\/#primaryimage\"},\"thumbnailUrl\":\"http:\/\/turcon.es\/wp\/wp-content\/uploads\/2009\/11\/cartel_28_n_web1.jpg?w=212\",\"datePublished\":\"2009-11-24T15:48:08+00:00\",\"breadcrumb\":{\"@id\":\"https:\/\/turcon.es\/wp\/s-c-de-tenerife-cadena-humana-contra-el-nuevo-catalogo-de-especies-protegidas-2\/#breadcrumb\"},\"inLanguage\":\"es\",\"potentialAction\":[{\"@type\":\"ReadAction\",\"target\":[\"https:\/\/turcon.es\/wp\/s-c-de-tenerife-cadena-humana-contra-el-nuevo-catalogo-de-especies-protegidas-2\/\"]}]},{\"@type\":\"ImageObject\",\"inLanguage\":\"es\",\"@id\":\"https:\/\/turcon.es\/wp\/s-c-de-tenerife-cadena-humana-contra-el-nuevo-catalogo-de-especies-protegidas-2\/#primaryimage\",\"url\":\"http:\/\/turcon.es\/wp\/wp-content\/uploads\/2009\/11\/cartel_28_n_web1.jpg?w=212\",\"contentUrl\":\"http:\/\/turcon.es\/wp\/wp-content\/uploads\/2009\/11\/cartel_28_n_web1.jpg?w=212\"},{\"@type\":\"BreadcrumbList\",\"@id\":\"https:\/\/turcon.es\/wp\/s-c-de-tenerife-cadena-humana-contra-el-nuevo-catalogo-de-especies-protegidas-2\/#breadcrumb\",\"itemListElement\":[{\"@type\":\"ListItem\",\"position\":1,\"name\":\"Portada\",\"item\":\"https:\/\/turcon.es\/wp\/\"},{\"@type\":\"ListItem\",\"position\":2,\"name\":\"S. C. de Tenerife: Cadena humana contra el nuevo Cat\u00e1logo de Especies Protegidas\"}]},{\"@type\":\"WebSite\",\"@id\":\"https:\/\/turcon.es\/wp\/#website\",\"url\":\"https:\/\/turcon.es\/wp\/\",\"name\":\"Colectivo Ecologista Turcon\",\"description\":\"\",\"publisher\":{\"@id\":\"https:\/\/turcon.es\/wp\/#organization\"},\"potentialAction\":[{\"@type\":\"SearchAction\",\"target\":{\"@type\":\"EntryPoint\",\"urlTemplate\":\"https:\/\/turcon.es\/wp\/?s={search_term_string}\"},\"query-input\":{\"@type\":\"PropertyValueSpecification\",\"valueRequired\":true,\"valueName\":\"search_term_string\"}}],\"inLanguage\":\"es\"},{\"@type\":\"Organization\",\"@id\":\"https:\/\/turcon.es\/wp\/#organization\",\"name\":\"Colectivo Ecologista Turcon\",\"url\":\"https:\/\/turcon.es\/wp\/\",\"logo\":{\"@type\":\"ImageObject\",\"inLanguage\":\"es\",\"@id\":\"https:\/\/turcon.es\/wp\/#\/schema\/logo\/image\/\",\"url\":\"https:\/\/turcon.es\/wp\/wp-content\/uploads\/2025\/03\/logo-verde.svg\",\"contentUrl\":\"https:\/\/turcon.es\/wp\/wp-content\/uploads\/2025\/03\/logo-verde.svg\",\"width\":813,\"height\":813,\"caption\":\"Colectivo Ecologista Turcon\"},\"image\":{\"@id\":\"https:\/\/turcon.es\/wp\/#\/schema\/logo\/image\/\"}},{\"@type\":\"Person\",\"@id\":\"https:\/\/turcon.es\/wp\/#\/schema\/person\/a1f3ba727ce031d9da17684affe85edd\",\"name\":\"Laura Fernandez\",\"image\":{\"@type\":\"ImageObject\",\"inLanguage\":\"es\",\"@id\":\"https:\/\/turcon.es\/wp\/#\/schema\/person\/image\/\",\"url\":\"https:\/\/secure.gravatar.com\/avatar\/360749af9549af22e54582d50231ae56e854210ae2368797ba242f445a9852e8?s=96&d=mm&r=g\",\"contentUrl\":\"https:\/\/secure.gravatar.com\/avatar\/360749af9549af22e54582d50231ae56e854210ae2368797ba242f445a9852e8?s=96&d=mm&r=g\",\"caption\":\"Laura Fernandez\"},\"url\":\"https:\/\/turcon.es\/wp\/author\/admturcon\/\"}]}<\/script>\n<!-- \/ Yoast SEO plugin. -->","yoast_head_json":{"title":"S. C. de Tenerife: Cadena humana contra el nuevo Cat\u00e1logo de Especies Protegidas - Colectivo Ecologista Turcon","robots":{"index":"index","follow":"follow","max-snippet":"max-snippet:-1","max-image-preview":"max-image-preview:large","max-video-preview":"max-video-preview:-1"},"canonical":"https:\/\/turcon.es\/wp\/s-c-de-tenerife-cadena-humana-contra-el-nuevo-catalogo-de-especies-protegidas-2\/","og_locale":"es_ES","og_type":"article","og_title":"S. C. de Tenerife: Cadena humana contra el nuevo Cat\u00e1logo de Especies Protegidas - Colectivo Ecologista Turcon","og_description":"Las organizaciones ecologistas WWF, Ecologistas en Acci\u00f3n, Greenpeace, SEO\/BirdLife, ATAN, Amigos de la Tierra y Ben Magec-Ecologistas en Acci\u00f3n de Canarias Nos hemos unido en una importante campa\u00f1a de la que emana la convocatoria de una Gran Cadena Humana, prevista para el d\u00eda 28 de noviembre. La extraordinaria riqueza que caracteriza el patrimonio natural de [&hellip;]","og_url":"https:\/\/turcon.es\/wp\/s-c-de-tenerife-cadena-humana-contra-el-nuevo-catalogo-de-especies-protegidas-2\/","og_site_name":"Colectivo Ecologista Turcon","article_published_time":"2009-11-24T15:48:08+00:00","og_image":[{"url":"http:\/\/turcon.es\/wp\/wp-content\/uploads\/2009\/11\/cartel_28_n_web1.jpg?w=212","type":"","width":"","height":""}],"author":"Laura Fernandez","twitter_card":"summary_large_image","twitter_misc":{"Escrito por":"Laura Fernandez","Tiempo de lectura":"3 minutos"},"schema":{"@context":"https:\/\/schema.org","@graph":[{"@type":"Article","@id":"https:\/\/turcon.es\/wp\/s-c-de-tenerife-cadena-humana-contra-el-nuevo-catalogo-de-especies-protegidas-2\/#article","isPartOf":{"@id":"https:\/\/turcon.es\/wp\/s-c-de-tenerife-cadena-humana-contra-el-nuevo-catalogo-de-especies-protegidas-2\/"},"author":{"name":"Laura Fernandez","@id":"https:\/\/turcon.es\/wp\/#\/schema\/person\/a1f3ba727ce031d9da17684affe85edd"},"headline":"S. C. de Tenerife: Cadena humana contra el nuevo Cat\u00e1logo de Especies Protegidas","datePublished":"2009-11-24T15:48:08+00:00","mainEntityOfPage":{"@id":"https:\/\/turcon.es\/wp\/s-c-de-tenerife-cadena-humana-contra-el-nuevo-catalogo-de-especies-protegidas-2\/"},"wordCount":679,"commentCount":0,"publisher":{"@id":"https:\/\/turcon.es\/wp\/#organization"},"image":{"@id":"https:\/\/turcon.es\/wp\/s-c-de-tenerife-cadena-humana-contra-el-nuevo-catalogo-de-especies-protegidas-2\/#primaryimage"},"thumbnailUrl":"http:\/\/turcon.es\/wp\/wp-content\/uploads\/2009\/11\/cartel_28_n_web1.jpg?w=212","keywords":["No al catalogo"],"articleSection":["Administraci\u00f3n p\u00fablica","Canarias","Concienciaci\u00f3n","Espacios Naturales","Fauna y flora","Gobierno","Movimiento ciudadano","Recomendamos para leer, ver y escuchar...","Recursos naturales","Sociedad y derechos"],"inLanguage":"es","potentialAction":[{"@type":"CommentAction","name":"Comment","target":["https:\/\/turcon.es\/wp\/s-c-de-tenerife-cadena-humana-contra-el-nuevo-catalogo-de-especies-protegidas-2\/#respond"]}]},{"@type":"WebPage","@id":"https:\/\/turcon.es\/wp\/s-c-de-tenerife-cadena-humana-contra-el-nuevo-catalogo-de-especies-protegidas-2\/","url":"https:\/\/turcon.es\/wp\/s-c-de-tenerife-cadena-humana-contra-el-nuevo-catalogo-de-especies-protegidas-2\/","name":"S. C. de Tenerife: Cadena humana contra el nuevo Cat\u00e1logo de Especies Protegidas - Colectivo Ecologista Turcon","isPartOf":{"@id":"https:\/\/turcon.es\/wp\/#website"},"primaryImageOfPage":{"@id":"https:\/\/turcon.es\/wp\/s-c-de-tenerife-cadena-humana-contra-el-nuevo-catalogo-de-especies-protegidas-2\/#primaryimage"},"image":{"@id":"https:\/\/turcon.es\/wp\/s-c-de-tenerife-cadena-humana-contra-el-nuevo-catalogo-de-especies-protegidas-2\/#primaryimage"},"thumbnailUrl":"http:\/\/turcon.es\/wp\/wp-content\/uploads\/2009\/11\/cartel_28_n_web1.jpg?w=212","datePublished":"2009-11-24T15:48:08+00:00","breadcrumb":{"@id":"https:\/\/turcon.es\/wp\/s-c-de-tenerife-cadena-humana-contra-el-nuevo-catalogo-de-especies-protegidas-2\/#breadcrumb"},"inLanguage":"es","potentialAction":[{"@type":"ReadAction","target":["https:\/\/turcon.es\/wp\/s-c-de-tenerife-cadena-humana-contra-el-nuevo-catalogo-de-especies-protegidas-2\/"]}]},{"@type":"ImageObject","inLanguage":"es","@id":"https:\/\/turcon.es\/wp\/s-c-de-tenerife-cadena-humana-contra-el-nuevo-catalogo-de-especies-protegidas-2\/#primaryimage","url":"http:\/\/turcon.es\/wp\/wp-content\/uploads\/2009\/11\/cartel_28_n_web1.jpg?w=212","contentUrl":"http:\/\/turcon.es\/wp\/wp-content\/uploads\/2009\/11\/cartel_28_n_web1.jpg?w=212"},{"@type":"BreadcrumbList","@id":"https:\/\/turcon.es\/wp\/s-c-de-tenerife-cadena-humana-contra-el-nuevo-catalogo-de-especies-protegidas-2\/#breadcrumb","itemListElement":[{"@type":"ListItem","position":1,"name":"Portada","item":"https:\/\/turcon.es\/wp\/"},{"@type":"ListItem","position":2,"name":"S. C. de Tenerife: Cadena humana contra el nuevo Cat\u00e1logo de Especies Protegidas"}]},{"@type":"WebSite","@id":"https:\/\/turcon.es\/wp\/#website","url":"https:\/\/turcon.es\/wp\/","name":"Colectivo Ecologista Turcon","description":"","publisher":{"@id":"https:\/\/turcon.es\/wp\/#organization"},"potentialAction":[{"@type":"SearchAction","target":{"@type":"EntryPoint","urlTemplate":"https:\/\/turcon.es\/wp\/?s={search_term_string}"},"query-input":{"@type":"PropertyValueSpecification","valueRequired":true,"valueName":"search_term_string"}}],"inLanguage":"es"},{"@type":"Organization","@id":"https:\/\/turcon.es\/wp\/#organization","name":"Colectivo Ecologista Turcon","url":"https:\/\/turcon.es\/wp\/","logo":{"@type":"ImageObject","inLanguage":"es","@id":"https:\/\/turcon.es\/wp\/#\/schema\/logo\/image\/","url":"https:\/\/turcon.es\/wp\/wp-content\/uploads\/2025\/03\/logo-verde.svg","contentUrl":"https:\/\/turcon.es\/wp\/wp-content\/uploads\/2025\/03\/logo-verde.svg","width":813,"height":813,"caption":"Colectivo Ecologista Turcon"},"image":{"@id":"https:\/\/turcon.es\/wp\/#\/schema\/logo\/image\/"}},{"@type":"Person","@id":"https:\/\/turcon.es\/wp\/#\/schema\/person\/a1f3ba727ce031d9da17684affe85edd","name":"Laura Fernandez","image":{"@type":"ImageObject","inLanguage":"es","@id":"https:\/\/turcon.es\/wp\/#\/schema\/person\/image\/","url":"https:\/\/secure.gravatar.com\/avatar\/360749af9549af22e54582d50231ae56e854210ae2368797ba242f445a9852e8?s=96&d=mm&r=g","contentUrl":"https:\/\/secure.gravatar.com\/avatar\/360749af9549af22e54582d50231ae56e854210ae2368797ba242f445a9852e8?s=96&d=mm&r=g","caption":"Laura Fernandez"},"url":"https:\/\/turcon.es\/wp\/author\/admturcon\/"}]}},"_links":{"self":[{"href":"https:\/\/turcon.es\/wp\/wp-json\/wp\/v2\/posts\/3158","targetHints":{"allow":["GET"]}}],"collection":[{"href":"https:\/\/turcon.es\/wp\/wp-json\/wp\/v2\/posts"}],"about":[{"href":"https:\/\/turcon.es\/wp\/wp-json\/wp\/v2\/types\/post"}],"author":[{"embeddable":true,"href":"https:\/\/turcon.es\/wp\/wp-json\/wp\/v2\/users\/2"}],"replies":[{"embeddable":true,"href":"https:\/\/turcon.es\/wp\/wp-json\/wp\/v2\/comments?post=3158"}],"version-history":[{"count":0,"href":"https:\/\/turcon.es\/wp\/wp-json\/wp\/v2\/posts\/3158\/revisions"}],"wp:attachment":[{"href":"https:\/\/turcon.es\/wp\/wp-json\/wp\/v2\/media?parent=3158"}],"wp:term":[{"taxonomy":"category","embeddable":true,"href":"https:\/\/turcon.es\/wp\/wp-json\/wp\/v2\/categories?post=3158"},{"taxonomy":"post_tag","embeddable":true,"href":"https:\/\/turcon.es\/wp\/wp-json\/wp\/v2\/tags?post=3158"}],"curies":[{"name":"wp","href":"https:\/\/api.w.org\/{rel}","templated":true}]}}