{"id":3572,"date":"2010-01-21T16:22:00","date_gmt":"2010-01-21T16:22:00","guid":{"rendered":"http:\/\/turcon.wordpress.com\/?p=3572"},"modified":"2010-01-21T16:22:00","modified_gmt":"2010-01-21T16:22:00","slug":"el-poder-ciudadano","status":"publish","type":"post","link":"https:\/\/turcon.es\/wp\/el-poder-ciudadano\/","title":{"rendered":"El poder ciudadano"},"content":{"rendered":"<div id=\"firma\">ANTONIO MORALES M\u00c9NDEZ<\/div>\n<div>Alcalde de Ag\u00fcimes (Gran Canaria)<\/div>\n<div id=\"texto\">\n<p><a href=\"http:\/\/turcon.es\/wp\/wp-content\/uploads\/2010\/01\/poderciudadano.jpg\"><img decoding=\"async\" class=\"size-full wp-image-3573 alignright\" title=\"poderciudadano\" src=\"http:\/\/turcon.es\/wp\/wp-content\/uploads\/2010\/01\/poderciudadano.jpg\" alt=\"\" width=\"226\" height=\"106\" \/><\/a>Muy <strong><\/strong>pocos son los que se atreven a cuestionar en estos momentos que la Cumbre de Copenhague fue un aut\u00e9ntico fiasco. La verdad es que durante las \u00faltimas semanas se ha escrito mucho sobre este tema y, aunque todo va tan deprisa que ya este asunto parece borrado de los medios de comunicaci\u00f3n y del sentir colectivo, no pretendo con este texto volver a profundizar en el an\u00e1lisis del fracaso del encuentro, sino en insistir en subrayar la importancia de los movimientos ciudadanos para avanzar en la b\u00fasqueda de respuestas globales a la grave crisis que esta matando a la Tierra.<\/p>\n<\/div>\n<p>Desde los a\u00f1os sesenta hasta la actualidad, debido en gran medida a la presi\u00f3n de la ciudadan\u00eda sobre los gobiernos y los partidos pol\u00edticos, se han ido sucediendo una serie de hitos, que han aportado distintas soluciones al desarrollismo y sus consecuencias. Aunque en Europa desde la d\u00e9cada anterior se empez\u00f3 a debatir acerca del binomio desarrollo y medio ambiente, fue en la Conferencia de Estocolmo de 1972 cuando se discuti\u00f3 por primera vez el impacto de las actividades humanas sobre el medio, con el antecedente del estudio del Club de Roma, <em>Los l\u00edmites del crecimiento<\/em>, donde se hablaba ya claramente de los recursos finitos del Planeta. Por esas mismas fechas se cre\u00f3 el Programa de Naciones Unidas para el Medioambiente.<\/p>\n<p>El deterioro del Planeta a causa del desarrollo incontrolado, el agotamiento de los recursos y las diferencias socioecon\u00f3micas entre los pa\u00edses, llev\u00f3 a la ONU en 1983 a poner en marcha la Comisi\u00f3n Brundtland, que en su informe <em>Nuestro futuro com\u00fan<\/em> acu\u00f1\u00f3 el t\u00e9rmino \u201cdesarrollo sostenible\u201d al constatar que la satisfacci\u00f3n de las necesidades presentes no deben comprometer los medios necesarios para la supervivencia de las generaciones futuras.<\/p>\n<p><!--more-->En 1991 el Club de Roma vuelve a insistir en sus advertencias sobre el deterioro medioambiental en un nuevo informe demoledor que sirve de p\u00f3rtico a la Cumbre de R\u00edo, celebrada en 1992, que contar\u00eda con la presencia de 180 pa\u00edses y de la que surgir\u00eda la Agenda 21 y su marco de seguimiento. En 1997, la ONU convoc\u00f3 la Cumbre de Kyoto, con el objetivo central de poner freno a los gases de efecto invernadero, pero fue boicoteada por EEUU, Rusia, China y Australia, los mayores emisores. La carta de Aalborg nace m\u00e1s tarde para profundizar en estos compromisos y en el a\u00f1o 2000 la ONU aprueba la Declaraci\u00f3n del Milenio, con ocho objetivos b\u00e1sicos para el 2015: erradicaci\u00f3n de la pobreza y el hambre; eliminaci\u00f3n de las desigualdades entre sexos; una educaci\u00f3n para todos; reducci\u00f3n en dos terceras partes de la mortalidad infantil; combatir las enfermedades asociadas a la pobreza; fomentar alianzas entre los pueblos para el desarrollo y garantizar la sostenibilidad medioambiental\u2026<\/p>\n<p>En el a\u00f1o 2006 el Informe Stern habla de que vamos contra reloj, que nos quedan apenas minutos, y que es m\u00e1s barato producir cambios que mantener el nivel de despilfarro. La Cumbre de Bali de 2007 sigue haciendo una llamada a la lucha contra el cambio clim\u00e1tico y la \u00faltima que acabamos de dejar, la de Copenhague con su caudal de frustraciones, de la mano de los mismos protagonistas y de algunos emergentes que se apuntan al carro del mercado sin frenos, ya la conocemos todos.<\/p>\n<p>Desde luego los incumplimientos con lo acordado durante todos estos a\u00f1os han sido flagrantes y el desprecio a las mayor\u00edas ha sido exhibido como el mayor de los ultrajes. Mientras el deterioro del Planeta avanza a un ritmo inexorable y las diferencias entre los pueblos de la Tierra se hacen a\u00fan mayores, en medio de una crisis econ\u00f3mica, clim\u00e1tica, alimentaria y de valores, el sistema neoliberal imperante a nivel planetario no se rinde y convierte estos encuentros en peligrosas mascaradas, en los que da lo mismo que los protagonistas se llamen Obama o Bush; en los que da igual lo que diga la ONU, porque por encima est\u00e1 el G-8 de turno, el G-20 o el G-2 de EEUU y China que lo va a controlar todo, sin el m\u00e1s m\u00ednimo pudor, en los pr\u00f3ximos a\u00f1os; en los que les trae al pairo el aumento constante de las temperaturas -ya nos estamos acercando peligrosamente a la emisi\u00f3n de 400 ppm- y que los estudios vaticinen que habr\u00e1 25 millones m\u00e1s de ni\u00f1os desnutridos por el calentamiento; que el Global Footprint Network acabe de denunciar que la Humanidad vive sobre una gran burbuja, la de los recursos, y que necesitamos un planeta y medio para mantener el nivel de consumo actual, sin que esto frene a los negacionistas ultraconservadores, muchos de ellos pagados por las grandes petroleras, como sucede con el ex presidente Aznar, en continuas campa\u00f1as contra las renovables y el cambio clim\u00e1tico.<\/p>\n<p>Pero no ser\u00eda justo decir que todo esto no ha servido para nada. Sin duda durante todos estos a\u00f1os se ha ido tejiendo una red ciudadana mundial -hombres y mujeres de a pi\u00e9, comunidades cient\u00edficas, organizaciones no gubernamentales, etc. -que ha presionado hasta el infinito para crear conciencia y obligar a los gobiernos de turno a reunirse, a cumplir algunas cosas, la mayor\u00eda de las veces a rega\u00f1adientes y otras como reclamo electoral. Por eso, del fracaso de Copenhague no podemos decir que no sirvi\u00f3 para nada, porque la gran repercusi\u00f3n medi\u00e1tica ha contribuido a aumentar la concienciaci\u00f3n sobre la realidad pol\u00edtica, social y econ\u00f3mica que estamos viviendo y porque deposita as\u00ed grandes esperanzas en que los movimientos ciudadanistas vayan ocupando la calle, la pol\u00edtica y las instituciones.<\/p>\n<p>Y eso lo sabe perfectamente el neoliberalismo y sus analistas y por ello la escenificaci\u00f3n internacional de la detenci\u00f3n del director de Greenpeace Espa\u00f1a, una gran advertencia medi\u00e1tica de poder y de control. Y es que se puede incumplir Kyoto y poner al planeta la borde del caos; se pueden saltar a la torera los acuerdos internacionales y pasarse las decisiones de la ONU por el arco del triunfo -para eso no existe justicia internacional- pero no faltaba m\u00e1s que unos pobres indocumentados exhiban sus verg\u00fcenzas en una pancarta subversiva. Se trata de algo muy grave, grav\u00edsimo. Hasta ah\u00ed podr\u00edamos llegar.<\/p>\n","protected":false},"excerpt":{"rendered":"<p>ANTONIO MORALES M\u00c9NDEZ Alcalde de Ag\u00fcimes (Gran Canaria) Muy pocos son los que se atreven a cuestionar en estos momentos que la Cumbre de Copenhague fue un aut\u00e9ntico fiasco. La verdad es que durante las \u00faltimas semanas se ha escrito mucho sobre este tema y, aunque todo va tan deprisa que ya este asunto parece [&hellip;]<\/p>\n","protected":false},"author":2,"featured_media":0,"comment_status":"open","ping_status":"open","sticky":false,"template":"","format":"standard","meta":{"footnotes":""},"categories":[22,69,58],"tags":[487,613,1114,1569],"class_list":["post-3572","post","type-post","status-publish","format-standard","hentry","category-concienciacion","category-movimiento-ciudadano","category-sociedad-y-derechos","tag-copenhague","tag-ecologia","tag-medioambiente","tag-sociedad-civil"],"yoast_head":"<!-- This site is optimized with the Yoast SEO plugin v26.3 - https:\/\/yoast.com\/wordpress\/plugins\/seo\/ -->\n<title>El poder ciudadano - Colectivo Ecologista Turcon<\/title>\n<meta name=\"robots\" content=\"index, follow, max-snippet:-1, max-image-preview:large, max-video-preview:-1\" \/>\n<link rel=\"canonical\" href=\"https:\/\/turcon.es\/wp\/el-poder-ciudadano\/\" \/>\n<meta property=\"og:locale\" content=\"es_ES\" \/>\n<meta property=\"og:type\" content=\"article\" \/>\n<meta property=\"og:title\" content=\"El poder ciudadano - Colectivo Ecologista Turcon\" \/>\n<meta property=\"og:description\" content=\"ANTONIO MORALES M\u00c9NDEZ Alcalde de Ag\u00fcimes (Gran Canaria) Muy pocos son los que se atreven a cuestionar en estos momentos que la Cumbre de Copenhague fue un aut\u00e9ntico fiasco. La verdad es que durante las \u00faltimas semanas se ha escrito mucho sobre este tema y, aunque todo va tan deprisa que ya este asunto parece [&hellip;]\" \/>\n<meta property=\"og:url\" content=\"https:\/\/turcon.es\/wp\/el-poder-ciudadano\/\" \/>\n<meta property=\"og:site_name\" content=\"Colectivo Ecologista Turcon\" \/>\n<meta property=\"article:published_time\" content=\"2010-01-21T16:22:00+00:00\" \/>\n<meta property=\"og:image\" content=\"https:\/\/turcon.es\/wp\/wp-content\/uploads\/2010\/01\/poderciudadano-1.jpg\" \/>\n\t<meta property=\"og:image:width\" content=\"226\" \/>\n\t<meta property=\"og:image:height\" content=\"106\" \/>\n\t<meta property=\"og:image:type\" content=\"image\/jpeg\" \/>\n<meta name=\"author\" content=\"Laura Fernandez\" \/>\n<meta name=\"twitter:card\" content=\"summary_large_image\" \/>\n<meta name=\"twitter:label1\" content=\"Escrito por\" \/>\n\t<meta name=\"twitter:data1\" content=\"Laura Fernandez\" \/>\n\t<meta name=\"twitter:label2\" content=\"Tiempo de lectura\" \/>\n\t<meta name=\"twitter:data2\" content=\"5 minutos\" \/>\n<script type=\"application\/ld+json\" class=\"yoast-schema-graph\">{\"@context\":\"https:\/\/schema.org\",\"@graph\":[{\"@type\":\"Article\",\"@id\":\"https:\/\/turcon.es\/wp\/el-poder-ciudadano\/#article\",\"isPartOf\":{\"@id\":\"https:\/\/turcon.es\/wp\/el-poder-ciudadano\/\"},\"author\":{\"name\":\"Laura Fernandez\",\"@id\":\"https:\/\/turcon.es\/wp\/#\/schema\/person\/a1f3ba727ce031d9da17684affe85edd\"},\"headline\":\"El poder ciudadano\",\"datePublished\":\"2010-01-21T16:22:00+00:00\",\"mainEntityOfPage\":{\"@id\":\"https:\/\/turcon.es\/wp\/el-poder-ciudadano\/\"},\"wordCount\":1079,\"commentCount\":0,\"publisher\":{\"@id\":\"https:\/\/turcon.es\/wp\/#organization\"},\"image\":{\"@id\":\"https:\/\/turcon.es\/wp\/el-poder-ciudadano\/#primaryimage\"},\"thumbnailUrl\":\"http:\/\/turcon.es\/wp\/wp-content\/uploads\/2010\/01\/poderciudadano.jpg\",\"keywords\":[\"Copenhague\",\"Ecolog\u00eda\",\"Medioambiente\",\"Sociedad civil\"],\"articleSection\":[\"Concienciaci\u00f3n\",\"Movimiento ciudadano\",\"Sociedad y derechos\"],\"inLanguage\":\"es\",\"potentialAction\":[{\"@type\":\"CommentAction\",\"name\":\"Comment\",\"target\":[\"https:\/\/turcon.es\/wp\/el-poder-ciudadano\/#respond\"]}]},{\"@type\":\"WebPage\",\"@id\":\"https:\/\/turcon.es\/wp\/el-poder-ciudadano\/\",\"url\":\"https:\/\/turcon.es\/wp\/el-poder-ciudadano\/\",\"name\":\"El poder ciudadano - Colectivo Ecologista Turcon\",\"isPartOf\":{\"@id\":\"https:\/\/turcon.es\/wp\/#website\"},\"primaryImageOfPage\":{\"@id\":\"https:\/\/turcon.es\/wp\/el-poder-ciudadano\/#primaryimage\"},\"image\":{\"@id\":\"https:\/\/turcon.es\/wp\/el-poder-ciudadano\/#primaryimage\"},\"thumbnailUrl\":\"http:\/\/turcon.es\/wp\/wp-content\/uploads\/2010\/01\/poderciudadano.jpg\",\"datePublished\":\"2010-01-21T16:22:00+00:00\",\"breadcrumb\":{\"@id\":\"https:\/\/turcon.es\/wp\/el-poder-ciudadano\/#breadcrumb\"},\"inLanguage\":\"es\",\"potentialAction\":[{\"@type\":\"ReadAction\",\"target\":[\"https:\/\/turcon.es\/wp\/el-poder-ciudadano\/\"]}]},{\"@type\":\"ImageObject\",\"inLanguage\":\"es\",\"@id\":\"https:\/\/turcon.es\/wp\/el-poder-ciudadano\/#primaryimage\",\"url\":\"http:\/\/turcon.es\/wp\/wp-content\/uploads\/2010\/01\/poderciudadano.jpg\",\"contentUrl\":\"http:\/\/turcon.es\/wp\/wp-content\/uploads\/2010\/01\/poderciudadano.jpg\"},{\"@type\":\"BreadcrumbList\",\"@id\":\"https:\/\/turcon.es\/wp\/el-poder-ciudadano\/#breadcrumb\",\"itemListElement\":[{\"@type\":\"ListItem\",\"position\":1,\"name\":\"Portada\",\"item\":\"https:\/\/turcon.es\/wp\/\"},{\"@type\":\"ListItem\",\"position\":2,\"name\":\"El poder ciudadano\"}]},{\"@type\":\"WebSite\",\"@id\":\"https:\/\/turcon.es\/wp\/#website\",\"url\":\"https:\/\/turcon.es\/wp\/\",\"name\":\"Colectivo Ecologista Turcon\",\"description\":\"\",\"publisher\":{\"@id\":\"https:\/\/turcon.es\/wp\/#organization\"},\"potentialAction\":[{\"@type\":\"SearchAction\",\"target\":{\"@type\":\"EntryPoint\",\"urlTemplate\":\"https:\/\/turcon.es\/wp\/?s={search_term_string}\"},\"query-input\":{\"@type\":\"PropertyValueSpecification\",\"valueRequired\":true,\"valueName\":\"search_term_string\"}}],\"inLanguage\":\"es\"},{\"@type\":\"Organization\",\"@id\":\"https:\/\/turcon.es\/wp\/#organization\",\"name\":\"Colectivo Ecologista Turcon\",\"url\":\"https:\/\/turcon.es\/wp\/\",\"logo\":{\"@type\":\"ImageObject\",\"inLanguage\":\"es\",\"@id\":\"https:\/\/turcon.es\/wp\/#\/schema\/logo\/image\/\",\"url\":\"https:\/\/turcon.es\/wp\/wp-content\/uploads\/2025\/03\/logo-verde.svg\",\"contentUrl\":\"https:\/\/turcon.es\/wp\/wp-content\/uploads\/2025\/03\/logo-verde.svg\",\"width\":813,\"height\":813,\"caption\":\"Colectivo Ecologista Turcon\"},\"image\":{\"@id\":\"https:\/\/turcon.es\/wp\/#\/schema\/logo\/image\/\"}},{\"@type\":\"Person\",\"@id\":\"https:\/\/turcon.es\/wp\/#\/schema\/person\/a1f3ba727ce031d9da17684affe85edd\",\"name\":\"Laura Fernandez\",\"image\":{\"@type\":\"ImageObject\",\"inLanguage\":\"es\",\"@id\":\"https:\/\/turcon.es\/wp\/#\/schema\/person\/image\/\",\"url\":\"https:\/\/secure.gravatar.com\/avatar\/360749af9549af22e54582d50231ae56e854210ae2368797ba242f445a9852e8?s=96&d=mm&r=g\",\"contentUrl\":\"https:\/\/secure.gravatar.com\/avatar\/360749af9549af22e54582d50231ae56e854210ae2368797ba242f445a9852e8?s=96&d=mm&r=g\",\"caption\":\"Laura Fernandez\"},\"url\":\"https:\/\/turcon.es\/wp\/author\/admturcon\/\"}]}<\/script>\n<!-- \/ Yoast SEO plugin. -->","yoast_head_json":{"title":"El poder ciudadano - Colectivo Ecologista Turcon","robots":{"index":"index","follow":"follow","max-snippet":"max-snippet:-1","max-image-preview":"max-image-preview:large","max-video-preview":"max-video-preview:-1"},"canonical":"https:\/\/turcon.es\/wp\/el-poder-ciudadano\/","og_locale":"es_ES","og_type":"article","og_title":"El poder ciudadano - Colectivo Ecologista Turcon","og_description":"ANTONIO MORALES M\u00c9NDEZ Alcalde de Ag\u00fcimes (Gran Canaria) Muy pocos son los que se atreven a cuestionar en estos momentos que la Cumbre de Copenhague fue un aut\u00e9ntico fiasco. La verdad es que durante las \u00faltimas semanas se ha escrito mucho sobre este tema y, aunque todo va tan deprisa que ya este asunto parece [&hellip;]","og_url":"https:\/\/turcon.es\/wp\/el-poder-ciudadano\/","og_site_name":"Colectivo Ecologista Turcon","article_published_time":"2010-01-21T16:22:00+00:00","og_image":[{"width":226,"height":106,"url":"https:\/\/turcon.es\/wp\/wp-content\/uploads\/2010\/01\/poderciudadano-1.jpg","type":"image\/jpeg"}],"author":"Laura Fernandez","twitter_card":"summary_large_image","twitter_misc":{"Escrito por":"Laura Fernandez","Tiempo de lectura":"5 minutos"},"schema":{"@context":"https:\/\/schema.org","@graph":[{"@type":"Article","@id":"https:\/\/turcon.es\/wp\/el-poder-ciudadano\/#article","isPartOf":{"@id":"https:\/\/turcon.es\/wp\/el-poder-ciudadano\/"},"author":{"name":"Laura Fernandez","@id":"https:\/\/turcon.es\/wp\/#\/schema\/person\/a1f3ba727ce031d9da17684affe85edd"},"headline":"El poder ciudadano","datePublished":"2010-01-21T16:22:00+00:00","mainEntityOfPage":{"@id":"https:\/\/turcon.es\/wp\/el-poder-ciudadano\/"},"wordCount":1079,"commentCount":0,"publisher":{"@id":"https:\/\/turcon.es\/wp\/#organization"},"image":{"@id":"https:\/\/turcon.es\/wp\/el-poder-ciudadano\/#primaryimage"},"thumbnailUrl":"http:\/\/turcon.es\/wp\/wp-content\/uploads\/2010\/01\/poderciudadano.jpg","keywords":["Copenhague","Ecolog\u00eda","Medioambiente","Sociedad civil"],"articleSection":["Concienciaci\u00f3n","Movimiento ciudadano","Sociedad y derechos"],"inLanguage":"es","potentialAction":[{"@type":"CommentAction","name":"Comment","target":["https:\/\/turcon.es\/wp\/el-poder-ciudadano\/#respond"]}]},{"@type":"WebPage","@id":"https:\/\/turcon.es\/wp\/el-poder-ciudadano\/","url":"https:\/\/turcon.es\/wp\/el-poder-ciudadano\/","name":"El poder ciudadano - Colectivo Ecologista Turcon","isPartOf":{"@id":"https:\/\/turcon.es\/wp\/#website"},"primaryImageOfPage":{"@id":"https:\/\/turcon.es\/wp\/el-poder-ciudadano\/#primaryimage"},"image":{"@id":"https:\/\/turcon.es\/wp\/el-poder-ciudadano\/#primaryimage"},"thumbnailUrl":"http:\/\/turcon.es\/wp\/wp-content\/uploads\/2010\/01\/poderciudadano.jpg","datePublished":"2010-01-21T16:22:00+00:00","breadcrumb":{"@id":"https:\/\/turcon.es\/wp\/el-poder-ciudadano\/#breadcrumb"},"inLanguage":"es","potentialAction":[{"@type":"ReadAction","target":["https:\/\/turcon.es\/wp\/el-poder-ciudadano\/"]}]},{"@type":"ImageObject","inLanguage":"es","@id":"https:\/\/turcon.es\/wp\/el-poder-ciudadano\/#primaryimage","url":"http:\/\/turcon.es\/wp\/wp-content\/uploads\/2010\/01\/poderciudadano.jpg","contentUrl":"http:\/\/turcon.es\/wp\/wp-content\/uploads\/2010\/01\/poderciudadano.jpg"},{"@type":"BreadcrumbList","@id":"https:\/\/turcon.es\/wp\/el-poder-ciudadano\/#breadcrumb","itemListElement":[{"@type":"ListItem","position":1,"name":"Portada","item":"https:\/\/turcon.es\/wp\/"},{"@type":"ListItem","position":2,"name":"El poder ciudadano"}]},{"@type":"WebSite","@id":"https:\/\/turcon.es\/wp\/#website","url":"https:\/\/turcon.es\/wp\/","name":"Colectivo Ecologista Turcon","description":"","publisher":{"@id":"https:\/\/turcon.es\/wp\/#organization"},"potentialAction":[{"@type":"SearchAction","target":{"@type":"EntryPoint","urlTemplate":"https:\/\/turcon.es\/wp\/?s={search_term_string}"},"query-input":{"@type":"PropertyValueSpecification","valueRequired":true,"valueName":"search_term_string"}}],"inLanguage":"es"},{"@type":"Organization","@id":"https:\/\/turcon.es\/wp\/#organization","name":"Colectivo Ecologista Turcon","url":"https:\/\/turcon.es\/wp\/","logo":{"@type":"ImageObject","inLanguage":"es","@id":"https:\/\/turcon.es\/wp\/#\/schema\/logo\/image\/","url":"https:\/\/turcon.es\/wp\/wp-content\/uploads\/2025\/03\/logo-verde.svg","contentUrl":"https:\/\/turcon.es\/wp\/wp-content\/uploads\/2025\/03\/logo-verde.svg","width":813,"height":813,"caption":"Colectivo Ecologista Turcon"},"image":{"@id":"https:\/\/turcon.es\/wp\/#\/schema\/logo\/image\/"}},{"@type":"Person","@id":"https:\/\/turcon.es\/wp\/#\/schema\/person\/a1f3ba727ce031d9da17684affe85edd","name":"Laura Fernandez","image":{"@type":"ImageObject","inLanguage":"es","@id":"https:\/\/turcon.es\/wp\/#\/schema\/person\/image\/","url":"https:\/\/secure.gravatar.com\/avatar\/360749af9549af22e54582d50231ae56e854210ae2368797ba242f445a9852e8?s=96&d=mm&r=g","contentUrl":"https:\/\/secure.gravatar.com\/avatar\/360749af9549af22e54582d50231ae56e854210ae2368797ba242f445a9852e8?s=96&d=mm&r=g","caption":"Laura Fernandez"},"url":"https:\/\/turcon.es\/wp\/author\/admturcon\/"}]}},"_links":{"self":[{"href":"https:\/\/turcon.es\/wp\/wp-json\/wp\/v2\/posts\/3572","targetHints":{"allow":["GET"]}}],"collection":[{"href":"https:\/\/turcon.es\/wp\/wp-json\/wp\/v2\/posts"}],"about":[{"href":"https:\/\/turcon.es\/wp\/wp-json\/wp\/v2\/types\/post"}],"author":[{"embeddable":true,"href":"https:\/\/turcon.es\/wp\/wp-json\/wp\/v2\/users\/2"}],"replies":[{"embeddable":true,"href":"https:\/\/turcon.es\/wp\/wp-json\/wp\/v2\/comments?post=3572"}],"version-history":[{"count":0,"href":"https:\/\/turcon.es\/wp\/wp-json\/wp\/v2\/posts\/3572\/revisions"}],"wp:attachment":[{"href":"https:\/\/turcon.es\/wp\/wp-json\/wp\/v2\/media?parent=3572"}],"wp:term":[{"taxonomy":"category","embeddable":true,"href":"https:\/\/turcon.es\/wp\/wp-json\/wp\/v2\/categories?post=3572"},{"taxonomy":"post_tag","embeddable":true,"href":"https:\/\/turcon.es\/wp\/wp-json\/wp\/v2\/tags?post=3572"}],"curies":[{"name":"wp","href":"https:\/\/api.w.org\/{rel}","templated":true}]}}