{"id":3882,"date":"2010-03-21T21:38:15","date_gmt":"2010-03-21T21:38:15","guid":{"rendered":"http:\/\/turcon.wordpress.com\/?p=3882"},"modified":"2010-03-21T21:38:15","modified_gmt":"2010-03-21T21:38:15","slug":"3882-2","status":"publish","type":"post","link":"https:\/\/turcon.es\/wp\/3882-2\/","title":{"rendered":"Lo que contamina un coche el\u00e9ctrico"},"content":{"rendered":"<p><strong>Clemente Alvarez<\/strong><\/p>\n<p><em>El Pa\u00eds<\/em>. EcoLab, laboratorio ambiental, 10 de marzo 2010<\/p>\n<p style=\"text-align:left;\"><a href=\"http:\/\/turcon.es\/wp\/wp-content\/uploads\/2010\/03\/coche-electrico.jpg\"><img fetchpriority=\"high\" decoding=\"async\" class=\"size-full wp-image-3883 aligncenter\" title=\"coche-electrico\" src=\"http:\/\/turcon.es\/wp\/wp-content\/uploads\/2010\/03\/coche-electrico.jpg\" alt=\"\" width=\"468\" height=\"312\" \/><\/a><br \/>\nUno no piensa en ello cuando est\u00e1  llenando el <strong>dep\u00f3sito de la gasolina<\/strong> y observa c\u00f3mo  cambian a toda prisa los n\u00fameros en el surtidor, pero nuestro coche de  motor de combusti\u00f3n interna es una m\u00e1quina muy poco eficiente. De toda  la energ\u00eda metida en el autom\u00f3vil en forma de carburante, en realidad <strong>s\u00f3lo  se aprovecha para el movimiento de las ruedas un 25%<\/strong>. El  restante 75% se pierde en los rozamientos dentro del motor o por las  caracter\u00edsticas termodin\u00e1micas del motor de explosi\u00f3n. Y luego est\u00e1 el  problema de las emisiones de CO<sub>2<\/sub> , que no dejan de subir en  el sector del transporte, el de la contaminaci\u00f3n del aire, el del ruido\u2026<\/p>\n<p>\u00bfQu\u00e9 pasa con el coche el\u00e9ctrico del que tanto se habla? Abramos el  cap\u00f3 de estos veh\u00edculos y hagamos una <strong>inspecci\u00f3n ambiental<\/strong> de los motores el\u00e9ctricos.<\/p>\n<p><strong>La eficiencia del motor el\u00e9ctrico<\/strong><\/p>\n<p>Como explican en el art\u00edculo <a href=\"http:\/\/www.enerclub.es\/es\/frontNotebookAction.do?action=viewCategory&amp;id=40&amp;publicationID=1000056217\" target=\"_blank\">An\u00e1lisis energ\u00e9tico y econ\u00f3mico del veh\u00edculo el\u00e9ctrico<\/a>,  publicado en Cuadernos de Energ\u00eda, <strong>Francisco Laver\u00f3n<\/strong>, <strong>Miguel  \u00c1ngel Mu\u00f1oz<\/strong> y <strong>Gonzalo S\u00e1enz de Miera<\/strong>, dos  economistas y un ingeniero de la compa\u00f1\u00eda <a href=\"http:\/\/www.iberdrola.es\/webibd\/corporativa\/iberdrola?IDPAG=ESWEBINICIO\" target=\"_blank\">Iberdrola<\/a>, si bien la <strong>eficiencia de un  motor el\u00e9ctrico es muy superior<\/strong>, para poder compararlo con uno  de gasolina se debe tener en cuenta todo el proceso que va desde la  planta el\u00e9ctrica hasta las ruedas; es decir, desde que se \u201cintroduce\u201d  energ\u00eda (en forma de carb\u00f3n, gas, viento, rayos de sol\u2026) en una central  para generar electricidad hasta que esa electricidad es transportada,  cargada en la bater\u00eda y utilizada para mover las ruedas del autom\u00f3vil.  Evaluado de esta forma, el balance energ\u00e9tico del coche depende  principalmente <strong>de d\u00f3nde haya salido la electricidad<\/strong>:  una central t\u00e9rmica puede tener una eficiencia superior al 50% (lo que  significa que aprovechar\u00eda m\u00e1s de un 50% de la energ\u00eda contenida en el  combustible utilizado), pero <strong>en el caso de las renovables se  considera una eficiencia del 100%<\/strong>, dado que no importa perder  energ\u00eda cuando se trata de viento o rayos solares.<\/p>\n<p><!--more-->Hechos todos los c\u00e1lculos, los autores del art\u00edculo concluyen que con  un coche el\u00e9ctrico puro (<a href=\"http:\/\/es.wikipedia.org\/wiki\/Veh%C3%ADculo_el%C3%A9ctrico_de_bater%C3%ADa\" target=\"_blank\">BEV<\/a>) se consigue <strong>una eficiencia de un 77%<\/strong> si la electricidad procede de fuentes renovables y de un 42% si procede  de un sistema de generaci\u00f3n el\u00e9ctrica basado en gas natural. Es decir  que, en el peor de los casos, con una cantidad de energ\u00eda equivalente <strong>un  coche el\u00e9ctrico podr\u00eda recorrer casi el doble de kil\u00f3metros que uno de  gasolina<\/strong>. Esto, al menos, desde el punto de vista de la <strong>eficiencia  energ\u00e9tica<\/strong>.<\/p>\n<p>Los dos economistas y el ingeniero estiman tambi\u00e9n que la eficiencia  del coche h\u00edbrido enchufable (<a href=\"http:\/\/es.wikipedia.org\/wiki\/Veh%C3%ADculo_h%C3%ADbrido_el%C3%A9ctrico_enchufable\" target=\"_blank\">PHEV<\/a>) est\u00e1 entre el 31 y el 49%, y citan un informe  muy interesante del <a href=\"http:\/\/web.mit.edu\/\" target=\"_blank\">Instituto  Tecnol\u00f3gico de Massachusetts<\/a> que prev\u00e9 que el coche el\u00e9ctrico (BEV)  del a\u00f1o 2035 consuma un 19% de la energ\u00eda utilizada por el coche de  gasolina convencional de hoy y un 31% de la energ\u00eda utilizada por el  coche de gasolina del a\u00f1o 2035 (<a href=\"http:\/\/web.mit.edu\/sloan-auto-lab\/research\/beforeh2\/otr2035\/On%20the%20Road%20in%202035_MIT_July%202008.pdf\" target=\"_blank\">Estudio del MIT<\/a>).<\/p>\n<p><strong>Las emisiones de un coche enchufado a la red<\/strong><\/p>\n<p>Un coche el\u00e9ctrico no tiene tubo de escape por el que salgan  emisiones, pero <strong>no est\u00e1 libre de contaminantes<\/strong> o de CO<sub>2<\/sub>:  de nuevo depende de d\u00f3nde haya venido la electricidad, pues estas  emisiones s\u00ed pueden ser generadas en las centrales el\u00e9ctricas que  utilicen combustibles f\u00f3siles (lo que no ocurrir\u00e1 en instalaciones  renovables o plantas nucleares).<\/p>\n<p>Se supone que si un veh\u00edculo es m\u00e1s eficiente, consumir\u00e1 menos  energ\u00eda y generar\u00e1 tambi\u00e9n <strong>menos CO<sub>2<\/sub><\/strong> <strong>por  kil\u00f3metro<\/strong>. Sin embargo, hace unas semanas, un informe para  toda Europa de Greenpeace, Amigos de la Tierra y  Transport&amp;Environment (<a href=\"http:\/\/www.greenpeace.org\/raw\/content\/espana\/reports\/100208.pdf\" target=\"_blank\">resumen en espa\u00f1ol<\/a>\/<a href=\"http:\/\/www.greenpeace.org\/raw\/content\/eu-unit\/press-centre\/reports\/green-power-for-electric-cars-08-02-10.pdf\" target=\"_blank\">informe en ingl\u00e9s<\/a>) alertaba de que, si la  electricidad de un coche el\u00e9ctrico procede de una planta de carb\u00f3n, se  habr\u00e1 generado tanto CO<sub>2<\/sub> o incluso m\u00e1s que <strong>los 184  gramos por kil\u00f3metro emitidos de media en Europa<\/strong> por un  autom\u00f3vil de pasajeros de gasolina\u00a0 (seg\u00fan los ecologistas, 160 g\/km en  emisiones directas salidas del tubo de escape y cerca de un 15% en  emisiones indirectas causadas por la producci\u00f3n y el refino del  petr\u00f3leo).<\/p>\n<p>Pero, si bien este informe ha sido elaborado para el conjunto de  Europa, la tendencia en un pa\u00eds como Espa\u00f1a parece ser justo la  contraria. <strong>\u00bfCu\u00e1nto CO<sub>2<\/sub> emitir\u00eda un coche el\u00e9ctrico  que se enchufe ahora a la red el\u00e9ctrica del pa\u00eds?<\/strong> Como recalcan  estos expertos de Iberdrola, hoy en d\u00eda las emisiones medias del  sistema el\u00e9ctrico espa\u00f1ol se sit\u00faan<sup>(1)<\/sup> en <strong>300 gramos  de CO<sub>2<\/sub> por kWh producid<\/strong>o, por debajo de las de un  ciclo combinado de gas natural. Con estas emisiones, un coche el\u00e9ctrico  emitir\u00eda<sup>(2)<\/sup> <strong>unos 45 gramos por kil\u00f3metro<\/strong> recorrido: bastante menos que uno de gasolina.<\/p>\n<p>Adem\u00e1s, si se cumple la legislaci\u00f3n europea, en el a\u00f1o 2020 al menos  un 40% de la producci\u00f3n el\u00e9ctrica debe provenir de fuentes renovables y,  de acuerdo a los c\u00e1lculos de Laver\u00f3n, Mu\u00f1oz y S\u00e1enz de Miera, entonces  las emisiones de un coche el\u00e9ctrico se situar\u00edan en algo m\u00e1s de 3  kilogramos de CO<sub>2<\/sub> por cada 100 km (30 gramos por kil\u00f3metro), <strong>una  quinta parte de las emisiones de un veh\u00edculo de gasolina actual<\/strong>.<\/p>\n<p><strong>Ruidos y atascos en las ciudades<\/strong><\/p>\n<p>Pese a todo, por muy eficiente que sea, un motor el\u00e9ctrico no deja de  ir dentro de <strong>una carrocer\u00eda de autom\u00f3vil<\/strong> y lo que no  puede evitar esta tecnolog\u00eda son los atascos de las ciudades y los  problemas de movilidad asociados a las cuatro ruedas. Eso s\u00ed, estos  motores no generan contaminaci\u00f3n ac\u00fastica: <strong>los atascos ser\u00e1n  silenciosos<\/strong>.<\/p>\n<hr \/>\n<p>(1) Seg\u00fan el avance de Red El\u00e9ctrica  para 2009, la producci\u00f3n el\u00e9ctrica peninsular fue de 251 TWh con unas  emisiones de 75 M t de CO2<\/p>\n<p>(2)  Para un coche el\u00e9ctrico con un consumo de unos 15 kWh \/100 km.<\/p>\n","protected":false},"excerpt":{"rendered":"<p>Clemente Alvarez El Pa\u00eds. EcoLab, laboratorio ambiental, 10 de marzo 2010 Uno no piensa en ello cuando est\u00e1 llenando el dep\u00f3sito de la gasolina y observa c\u00f3mo cambian a toda prisa los n\u00fameros en el surtidor, pero nuestro coche de motor de combusti\u00f3n interna es una m\u00e1quina muy poco eficiente. De toda la energ\u00eda metida [&hellip;]<\/p>\n","protected":false},"author":2,"featured_media":0,"comment_status":"open","ping_status":"open","sticky":false,"template":"","format":"standard","meta":{"footnotes":""},"categories":[19,34,35,63],"tags":[417,477,659,1696,1697],"class_list":["post-3882","post","type-post","status-publish","format-standard","hentry","category-carreteras","category-energia","category-energias-renovables","category-transporte","tag-coche-electrico","tag-contaminacion","tag-electricidad","tag-vehiculo-electrico","tag-vehiculos"],"yoast_head":"<!-- This site is optimized with the Yoast SEO plugin v26.3 - https:\/\/yoast.com\/wordpress\/plugins\/seo\/ -->\n<title>Lo que contamina un coche el\u00e9ctrico - Colectivo Ecologista Turcon<\/title>\n<meta name=\"robots\" content=\"index, follow, max-snippet:-1, max-image-preview:large, max-video-preview:-1\" \/>\n<link rel=\"canonical\" href=\"https:\/\/turcon.es\/wp\/3882-2\/\" \/>\n<meta property=\"og:locale\" content=\"es_ES\" \/>\n<meta property=\"og:type\" content=\"article\" \/>\n<meta property=\"og:title\" content=\"Lo que contamina un coche el\u00e9ctrico - Colectivo Ecologista Turcon\" \/>\n<meta property=\"og:description\" content=\"Clemente Alvarez El Pa\u00eds. EcoLab, laboratorio ambiental, 10 de marzo 2010 Uno no piensa en ello cuando est\u00e1 llenando el dep\u00f3sito de la gasolina y observa c\u00f3mo cambian a toda prisa los n\u00fameros en el surtidor, pero nuestro coche de motor de combusti\u00f3n interna es una m\u00e1quina muy poco eficiente. De toda la energ\u00eda metida [&hellip;]\" \/>\n<meta property=\"og:url\" content=\"https:\/\/turcon.es\/wp\/3882-2\/\" \/>\n<meta property=\"og:site_name\" content=\"Colectivo Ecologista Turcon\" \/>\n<meta property=\"article:published_time\" content=\"2010-03-21T21:38:15+00:00\" \/>\n<meta property=\"og:image\" content=\"https:\/\/turcon.es\/wp\/wp-content\/uploads\/2010\/03\/coche-electrico-1.jpg\" \/>\n\t<meta property=\"og:image:width\" content=\"468\" \/>\n\t<meta property=\"og:image:height\" content=\"312\" \/>\n\t<meta property=\"og:image:type\" content=\"image\/jpeg\" \/>\n<meta name=\"author\" content=\"Laura Fernandez\" \/>\n<meta name=\"twitter:card\" content=\"summary_large_image\" \/>\n<meta name=\"twitter:label1\" content=\"Escrito por\" \/>\n\t<meta name=\"twitter:data1\" content=\"Laura Fernandez\" \/>\n\t<meta name=\"twitter:label2\" content=\"Tiempo de lectura\" \/>\n\t<meta name=\"twitter:data2\" content=\"5 minutos\" \/>\n<script type=\"application\/ld+json\" class=\"yoast-schema-graph\">{\"@context\":\"https:\/\/schema.org\",\"@graph\":[{\"@type\":\"Article\",\"@id\":\"https:\/\/turcon.es\/wp\/3882-2\/#article\",\"isPartOf\":{\"@id\":\"https:\/\/turcon.es\/wp\/3882-2\/\"},\"author\":{\"name\":\"Laura Fernandez\",\"@id\":\"https:\/\/turcon.es\/wp\/#\/schema\/person\/a1f3ba727ce031d9da17684affe85edd\"},\"headline\":\"Lo que contamina un coche el\u00e9ctrico\",\"datePublished\":\"2010-03-21T21:38:15+00:00\",\"mainEntityOfPage\":{\"@id\":\"https:\/\/turcon.es\/wp\/3882-2\/\"},\"wordCount\":1052,\"commentCount\":0,\"publisher\":{\"@id\":\"https:\/\/turcon.es\/wp\/#organization\"},\"image\":{\"@id\":\"https:\/\/turcon.es\/wp\/3882-2\/#primaryimage\"},\"thumbnailUrl\":\"http:\/\/turcon.es\/wp\/wp-content\/uploads\/2010\/03\/coche-electrico.jpg\",\"keywords\":[\"Coche el\u00e9ctrico\",\"Contaminaci\u00f3n\",\"Electricidad\",\"Veh\u00edculo el\u00e9ctrico\",\"Veh\u00edculos\"],\"articleSection\":[\"Carreteras\",\"Energ\u00eda\",\"Energ\u00edas renovables\",\"Transporte\"],\"inLanguage\":\"es\",\"potentialAction\":[{\"@type\":\"CommentAction\",\"name\":\"Comment\",\"target\":[\"https:\/\/turcon.es\/wp\/3882-2\/#respond\"]}]},{\"@type\":\"WebPage\",\"@id\":\"https:\/\/turcon.es\/wp\/3882-2\/\",\"url\":\"https:\/\/turcon.es\/wp\/3882-2\/\",\"name\":\"Lo que contamina un coche el\u00e9ctrico - Colectivo Ecologista Turcon\",\"isPartOf\":{\"@id\":\"https:\/\/turcon.es\/wp\/#website\"},\"primaryImageOfPage\":{\"@id\":\"https:\/\/turcon.es\/wp\/3882-2\/#primaryimage\"},\"image\":{\"@id\":\"https:\/\/turcon.es\/wp\/3882-2\/#primaryimage\"},\"thumbnailUrl\":\"http:\/\/turcon.es\/wp\/wp-content\/uploads\/2010\/03\/coche-electrico.jpg\",\"datePublished\":\"2010-03-21T21:38:15+00:00\",\"breadcrumb\":{\"@id\":\"https:\/\/turcon.es\/wp\/3882-2\/#breadcrumb\"},\"inLanguage\":\"es\",\"potentialAction\":[{\"@type\":\"ReadAction\",\"target\":[\"https:\/\/turcon.es\/wp\/3882-2\/\"]}]},{\"@type\":\"ImageObject\",\"inLanguage\":\"es\",\"@id\":\"https:\/\/turcon.es\/wp\/3882-2\/#primaryimage\",\"url\":\"http:\/\/turcon.es\/wp\/wp-content\/uploads\/2010\/03\/coche-electrico.jpg\",\"contentUrl\":\"http:\/\/turcon.es\/wp\/wp-content\/uploads\/2010\/03\/coche-electrico.jpg\"},{\"@type\":\"BreadcrumbList\",\"@id\":\"https:\/\/turcon.es\/wp\/3882-2\/#breadcrumb\",\"itemListElement\":[{\"@type\":\"ListItem\",\"position\":1,\"name\":\"Portada\",\"item\":\"https:\/\/turcon.es\/wp\/\"},{\"@type\":\"ListItem\",\"position\":2,\"name\":\"Lo que contamina un coche el\u00e9ctrico\"}]},{\"@type\":\"WebSite\",\"@id\":\"https:\/\/turcon.es\/wp\/#website\",\"url\":\"https:\/\/turcon.es\/wp\/\",\"name\":\"Colectivo Ecologista Turcon\",\"description\":\"\",\"publisher\":{\"@id\":\"https:\/\/turcon.es\/wp\/#organization\"},\"potentialAction\":[{\"@type\":\"SearchAction\",\"target\":{\"@type\":\"EntryPoint\",\"urlTemplate\":\"https:\/\/turcon.es\/wp\/?s={search_term_string}\"},\"query-input\":{\"@type\":\"PropertyValueSpecification\",\"valueRequired\":true,\"valueName\":\"search_term_string\"}}],\"inLanguage\":\"es\"},{\"@type\":\"Organization\",\"@id\":\"https:\/\/turcon.es\/wp\/#organization\",\"name\":\"Colectivo Ecologista Turcon\",\"url\":\"https:\/\/turcon.es\/wp\/\",\"logo\":{\"@type\":\"ImageObject\",\"inLanguage\":\"es\",\"@id\":\"https:\/\/turcon.es\/wp\/#\/schema\/logo\/image\/\",\"url\":\"https:\/\/turcon.es\/wp\/wp-content\/uploads\/2025\/03\/logo-verde.svg\",\"contentUrl\":\"https:\/\/turcon.es\/wp\/wp-content\/uploads\/2025\/03\/logo-verde.svg\",\"width\":813,\"height\":813,\"caption\":\"Colectivo Ecologista Turcon\"},\"image\":{\"@id\":\"https:\/\/turcon.es\/wp\/#\/schema\/logo\/image\/\"}},{\"@type\":\"Person\",\"@id\":\"https:\/\/turcon.es\/wp\/#\/schema\/person\/a1f3ba727ce031d9da17684affe85edd\",\"name\":\"Laura Fernandez\",\"image\":{\"@type\":\"ImageObject\",\"inLanguage\":\"es\",\"@id\":\"https:\/\/turcon.es\/wp\/#\/schema\/person\/image\/\",\"url\":\"https:\/\/secure.gravatar.com\/avatar\/360749af9549af22e54582d50231ae56e854210ae2368797ba242f445a9852e8?s=96&d=mm&r=g\",\"contentUrl\":\"https:\/\/secure.gravatar.com\/avatar\/360749af9549af22e54582d50231ae56e854210ae2368797ba242f445a9852e8?s=96&d=mm&r=g\",\"caption\":\"Laura Fernandez\"},\"url\":\"https:\/\/turcon.es\/wp\/author\/admturcon\/\"}]}<\/script>\n<!-- \/ Yoast SEO plugin. -->","yoast_head_json":{"title":"Lo que contamina un coche el\u00e9ctrico - Colectivo Ecologista Turcon","robots":{"index":"index","follow":"follow","max-snippet":"max-snippet:-1","max-image-preview":"max-image-preview:large","max-video-preview":"max-video-preview:-1"},"canonical":"https:\/\/turcon.es\/wp\/3882-2\/","og_locale":"es_ES","og_type":"article","og_title":"Lo que contamina un coche el\u00e9ctrico - Colectivo Ecologista Turcon","og_description":"Clemente Alvarez El Pa\u00eds. EcoLab, laboratorio ambiental, 10 de marzo 2010 Uno no piensa en ello cuando est\u00e1 llenando el dep\u00f3sito de la gasolina y observa c\u00f3mo cambian a toda prisa los n\u00fameros en el surtidor, pero nuestro coche de motor de combusti\u00f3n interna es una m\u00e1quina muy poco eficiente. De toda la energ\u00eda metida [&hellip;]","og_url":"https:\/\/turcon.es\/wp\/3882-2\/","og_site_name":"Colectivo Ecologista Turcon","article_published_time":"2010-03-21T21:38:15+00:00","og_image":[{"width":468,"height":312,"url":"https:\/\/turcon.es\/wp\/wp-content\/uploads\/2010\/03\/coche-electrico-1.jpg","type":"image\/jpeg"}],"author":"Laura Fernandez","twitter_card":"summary_large_image","twitter_misc":{"Escrito por":"Laura Fernandez","Tiempo de lectura":"5 minutos"},"schema":{"@context":"https:\/\/schema.org","@graph":[{"@type":"Article","@id":"https:\/\/turcon.es\/wp\/3882-2\/#article","isPartOf":{"@id":"https:\/\/turcon.es\/wp\/3882-2\/"},"author":{"name":"Laura Fernandez","@id":"https:\/\/turcon.es\/wp\/#\/schema\/person\/a1f3ba727ce031d9da17684affe85edd"},"headline":"Lo que contamina un coche el\u00e9ctrico","datePublished":"2010-03-21T21:38:15+00:00","mainEntityOfPage":{"@id":"https:\/\/turcon.es\/wp\/3882-2\/"},"wordCount":1052,"commentCount":0,"publisher":{"@id":"https:\/\/turcon.es\/wp\/#organization"},"image":{"@id":"https:\/\/turcon.es\/wp\/3882-2\/#primaryimage"},"thumbnailUrl":"http:\/\/turcon.es\/wp\/wp-content\/uploads\/2010\/03\/coche-electrico.jpg","keywords":["Coche el\u00e9ctrico","Contaminaci\u00f3n","Electricidad","Veh\u00edculo el\u00e9ctrico","Veh\u00edculos"],"articleSection":["Carreteras","Energ\u00eda","Energ\u00edas renovables","Transporte"],"inLanguage":"es","potentialAction":[{"@type":"CommentAction","name":"Comment","target":["https:\/\/turcon.es\/wp\/3882-2\/#respond"]}]},{"@type":"WebPage","@id":"https:\/\/turcon.es\/wp\/3882-2\/","url":"https:\/\/turcon.es\/wp\/3882-2\/","name":"Lo que contamina un coche el\u00e9ctrico - Colectivo Ecologista Turcon","isPartOf":{"@id":"https:\/\/turcon.es\/wp\/#website"},"primaryImageOfPage":{"@id":"https:\/\/turcon.es\/wp\/3882-2\/#primaryimage"},"image":{"@id":"https:\/\/turcon.es\/wp\/3882-2\/#primaryimage"},"thumbnailUrl":"http:\/\/turcon.es\/wp\/wp-content\/uploads\/2010\/03\/coche-electrico.jpg","datePublished":"2010-03-21T21:38:15+00:00","breadcrumb":{"@id":"https:\/\/turcon.es\/wp\/3882-2\/#breadcrumb"},"inLanguage":"es","potentialAction":[{"@type":"ReadAction","target":["https:\/\/turcon.es\/wp\/3882-2\/"]}]},{"@type":"ImageObject","inLanguage":"es","@id":"https:\/\/turcon.es\/wp\/3882-2\/#primaryimage","url":"http:\/\/turcon.es\/wp\/wp-content\/uploads\/2010\/03\/coche-electrico.jpg","contentUrl":"http:\/\/turcon.es\/wp\/wp-content\/uploads\/2010\/03\/coche-electrico.jpg"},{"@type":"BreadcrumbList","@id":"https:\/\/turcon.es\/wp\/3882-2\/#breadcrumb","itemListElement":[{"@type":"ListItem","position":1,"name":"Portada","item":"https:\/\/turcon.es\/wp\/"},{"@type":"ListItem","position":2,"name":"Lo que contamina un coche el\u00e9ctrico"}]},{"@type":"WebSite","@id":"https:\/\/turcon.es\/wp\/#website","url":"https:\/\/turcon.es\/wp\/","name":"Colectivo Ecologista Turcon","description":"","publisher":{"@id":"https:\/\/turcon.es\/wp\/#organization"},"potentialAction":[{"@type":"SearchAction","target":{"@type":"EntryPoint","urlTemplate":"https:\/\/turcon.es\/wp\/?s={search_term_string}"},"query-input":{"@type":"PropertyValueSpecification","valueRequired":true,"valueName":"search_term_string"}}],"inLanguage":"es"},{"@type":"Organization","@id":"https:\/\/turcon.es\/wp\/#organization","name":"Colectivo Ecologista Turcon","url":"https:\/\/turcon.es\/wp\/","logo":{"@type":"ImageObject","inLanguage":"es","@id":"https:\/\/turcon.es\/wp\/#\/schema\/logo\/image\/","url":"https:\/\/turcon.es\/wp\/wp-content\/uploads\/2025\/03\/logo-verde.svg","contentUrl":"https:\/\/turcon.es\/wp\/wp-content\/uploads\/2025\/03\/logo-verde.svg","width":813,"height":813,"caption":"Colectivo Ecologista Turcon"},"image":{"@id":"https:\/\/turcon.es\/wp\/#\/schema\/logo\/image\/"}},{"@type":"Person","@id":"https:\/\/turcon.es\/wp\/#\/schema\/person\/a1f3ba727ce031d9da17684affe85edd","name":"Laura Fernandez","image":{"@type":"ImageObject","inLanguage":"es","@id":"https:\/\/turcon.es\/wp\/#\/schema\/person\/image\/","url":"https:\/\/secure.gravatar.com\/avatar\/360749af9549af22e54582d50231ae56e854210ae2368797ba242f445a9852e8?s=96&d=mm&r=g","contentUrl":"https:\/\/secure.gravatar.com\/avatar\/360749af9549af22e54582d50231ae56e854210ae2368797ba242f445a9852e8?s=96&d=mm&r=g","caption":"Laura Fernandez"},"url":"https:\/\/turcon.es\/wp\/author\/admturcon\/"}]}},"_links":{"self":[{"href":"https:\/\/turcon.es\/wp\/wp-json\/wp\/v2\/posts\/3882","targetHints":{"allow":["GET"]}}],"collection":[{"href":"https:\/\/turcon.es\/wp\/wp-json\/wp\/v2\/posts"}],"about":[{"href":"https:\/\/turcon.es\/wp\/wp-json\/wp\/v2\/types\/post"}],"author":[{"embeddable":true,"href":"https:\/\/turcon.es\/wp\/wp-json\/wp\/v2\/users\/2"}],"replies":[{"embeddable":true,"href":"https:\/\/turcon.es\/wp\/wp-json\/wp\/v2\/comments?post=3882"}],"version-history":[{"count":0,"href":"https:\/\/turcon.es\/wp\/wp-json\/wp\/v2\/posts\/3882\/revisions"}],"wp:attachment":[{"href":"https:\/\/turcon.es\/wp\/wp-json\/wp\/v2\/media?parent=3882"}],"wp:term":[{"taxonomy":"category","embeddable":true,"href":"https:\/\/turcon.es\/wp\/wp-json\/wp\/v2\/categories?post=3882"},{"taxonomy":"post_tag","embeddable":true,"href":"https:\/\/turcon.es\/wp\/wp-json\/wp\/v2\/tags?post=3882"}],"curies":[{"name":"wp","href":"https:\/\/api.w.org\/{rel}","templated":true}]}}