{"id":4304,"date":"2010-05-27T07:52:23","date_gmt":"2010-05-27T07:52:23","guid":{"rendered":"http:\/\/turcon.wordpress.com\/?p=4304"},"modified":"2010-05-27T07:52:23","modified_gmt":"2010-05-27T07:52:23","slug":"ecologistas-y-sindicatos-piden-que-los-impuestos-graven-mas-a-las-actividades-contaminantes","status":"publish","type":"post","link":"https:\/\/turcon.es\/wp\/ecologistas-y-sindicatos-piden-que-los-impuestos-graven-mas-a-las-actividades-contaminantes\/","title":{"rendered":"Ecologistas y sindicatos piden que los impuestos graven m\u00e1s a las actividades contaminantes"},"content":{"rendered":"<p>Los veh\u00edculos m\u00e1s contaminantes pagar\u00edan m\u00e1s. | Miguel Rodr\u00edguez<\/p>\n<p>Pedro C\u00e1ceres | Madrid. El Pa\u00eds.es<a href=\"http:\/\/turcon.es\/wp\/wp-content\/uploads\/2010\/05\/portadajjjjj.jpg\"><img decoding=\"async\" class=\"alignright size-thumbnail wp-image-4305\" title=\"portadajjjjj\" src=\"http:\/\/turcon.es\/wp\/wp-content\/uploads\/2010\/05\/portadajjjjj.jpg?w=150\" alt=\"\" width=\"150\" height=\"85\" \/><\/a><\/p>\n<p>\u00a0Izquierda Unida-Iniciativa per Catalunya Verds (IU-ICV), WWF, Ecologistas en Acci\u00f3n, Greenpeace y CCOO han pedido que la Mesa del Congreso de los Diputados admita a tr\u00e1mite para su discusi\u00f3n el pr\u00f3ximo martes la proposici\u00f3n de ley sobre fiscalidad ambiental, promovida por estas organizaciones y que fue inscrita en el Registro del Congreso en julio del a\u00f1o pasado.<\/p>\n<p>El objetivo es acometer cambios en el actual marco normativo fiscal introduciendo criterios ambientales en los impuestos existentes, creando nuevos impuestos y reformando con criterios ambientales la fiscalidad de las haciendas locales.<\/p>\n<p>\u00abEn un momento de crisis como el actual, la fiscalidad ecol\u00f3gica puede ser una herramienta de recaudaci\u00f3n con criterios de equidad social, de modo que pague m\u00e1s quien m\u00e1s contamina\u00bb, ha se\u00f1alado Lloren\u00e7 Serrano, secretario confederal de Medio Ambiente de CCOO.<\/p>\n<p>\u00a0<!--more--><\/p>\n<p>\u00abEspa\u00f1a necesita una reforma fiscal que mejore las rentas del trabajo, que grave progresivamente las rentas de capital, que recupere ciertos impuestos (como el de patrimonio y sucesiones), algo a lo que podr\u00eda contribuir la proposici\u00f3n de ley sobre fiscalidad ambiental\u00bb, ha a\u00f1adido.<\/p>\n<p>Seg\u00fan Serrano, la fiscalidad ambiental puede cumplir dos funciones, ser socialmente progresiva, al internalizar costes ambientales que ahora no se tienen en cuenta, y gravar los usos suntuarios y el uso desproporcionado de recursos y energ\u00eda. \u00abAdem\u00e1s, la fiscalidad ambiental puede sentar las bases para estimular un cambio de modelo productivo\u00bb, se\u00f1ala el portavoz sindical.<\/p>\n<p>Impuestos a las actividades contaminantes<\/p>\n<p>La proposici\u00f3n de ley de fiscalidad ambiental prev\u00e9 nuevos impuestos sobre la energ\u00eda nuclear, el vertido y la incineraci\u00f3n de residuos y las bolsas de pl\u00e1stico. Estos impuestos se suman a modificaciones que se introducen en los ya existentes sobre hidrocarburos, matriculaci\u00f3n, impuesto de sociedades, IRPF e IVA.<\/p>\n<p>Por lo que respecta a las haciendas locales, se modifican las tasas de residuos, el impuesto de circulaci\u00f3n, el impuesto sobre construcciones, instalaciones y obras y el Impuesto de Actividades Econ\u00f3micas (IAE).<\/p>\n<p>Las organizaciones que han promovido la proposici\u00f3n han subrayado que con esta iniciativa se persigue gravar en mayor medida las actividades m\u00e1s contaminantes, eliminar ciertos beneficios fiscales ambientalmente injustificables y bonificar las pr\u00e1cticas m\u00e1s sostenibles. El objetivo fundamental y prioritario de la propuesta es modificar comportamientos de los ciudadanos y las empresas en el consumo de bienes y servicios, sustituyendo los de mayor impacto ambiental y emisiones de CO2 por otros de menor impacto y m\u00e1s eficientes energ\u00e9ticamente.<\/p>\n<p>Tambi\u00e9n se busca promocionar sistemas de transporte y usos del suelo m\u00e1s sostenibles, fomento del transporte p\u00fablico y de los veh\u00edculos menos contaminantes, rehabilitaci\u00f3n, agricultura m\u00e1s sostenible, energ\u00edas renovables e inversiones ambientales.<\/p>\n","protected":false},"excerpt":{"rendered":"<p>Los veh\u00edculos m\u00e1s contaminantes pagar\u00edan m\u00e1s. | Miguel Rodr\u00edguez Pedro C\u00e1ceres | Madrid. El Pa\u00eds.es \u00a0Izquierda Unida-Iniciativa per Catalunya Verds (IU-ICV), WWF, Ecologistas en Acci\u00f3n, Greenpeace y CCOO han pedido que la Mesa del Congreso de los Diputados admita a tr\u00e1mite para su discusi\u00f3n el pr\u00f3ximo martes la proposici\u00f3n de ley sobre fiscalidad ambiental, promovida [&hellip;]<\/p>\n","protected":false},"author":2,"featured_media":0,"comment_status":"open","ping_status":"open","sticky":false,"template":"","format":"standard","meta":{"footnotes":""},"categories":[30,69],"tags":[],"class_list":["post-4304","post","type-post","status-publish","format-standard","hentry","category-economia","category-movimiento-ciudadano"],"yoast_head":"<!-- This site is optimized with the Yoast SEO plugin v26.3 - https:\/\/yoast.com\/wordpress\/plugins\/seo\/ -->\n<title>Ecologistas y sindicatos piden que los impuestos graven m\u00e1s a las actividades contaminantes - Colectivo Ecologista Turcon<\/title>\n<meta name=\"robots\" content=\"index, follow, max-snippet:-1, max-image-preview:large, max-video-preview:-1\" \/>\n<link rel=\"canonical\" href=\"https:\/\/turcon.es\/wp\/ecologistas-y-sindicatos-piden-que-los-impuestos-graven-mas-a-las-actividades-contaminantes\/\" \/>\n<meta property=\"og:locale\" content=\"es_ES\" \/>\n<meta property=\"og:type\" content=\"article\" \/>\n<meta property=\"og:title\" content=\"Ecologistas y sindicatos piden que los impuestos graven m\u00e1s a las actividades contaminantes - Colectivo Ecologista Turcon\" \/>\n<meta property=\"og:description\" content=\"Los veh\u00edculos m\u00e1s contaminantes pagar\u00edan m\u00e1s. | Miguel Rodr\u00edguez Pedro C\u00e1ceres | Madrid. El Pa\u00eds.es \u00a0Izquierda Unida-Iniciativa per Catalunya Verds (IU-ICV), WWF, Ecologistas en Acci\u00f3n, Greenpeace y CCOO han pedido que la Mesa del Congreso de los Diputados admita a tr\u00e1mite para su discusi\u00f3n el pr\u00f3ximo martes la proposici\u00f3n de ley sobre fiscalidad ambiental, promovida [&hellip;]\" \/>\n<meta property=\"og:url\" content=\"https:\/\/turcon.es\/wp\/ecologistas-y-sindicatos-piden-que-los-impuestos-graven-mas-a-las-actividades-contaminantes\/\" \/>\n<meta property=\"og:site_name\" content=\"Colectivo Ecologista Turcon\" \/>\n<meta property=\"article:published_time\" content=\"2010-05-27T07:52:23+00:00\" \/>\n<meta property=\"og:image\" content=\"https:\/\/turcon.es\/wp\/wp-content\/uploads\/2010\/05\/portadajjjjj-1.jpg\" \/>\n\t<meta property=\"og:image:width\" content=\"600\" \/>\n\t<meta property=\"og:image:height\" content=\"343\" \/>\n\t<meta property=\"og:image:type\" content=\"image\/jpeg\" \/>\n<meta name=\"author\" content=\"Laura Fernandez\" \/>\n<meta name=\"twitter:card\" content=\"summary_large_image\" \/>\n<meta name=\"twitter:label1\" content=\"Escrito por\" \/>\n\t<meta name=\"twitter:data1\" content=\"Laura Fernandez\" \/>\n\t<meta name=\"twitter:label2\" content=\"Tiempo de lectura\" \/>\n\t<meta name=\"twitter:data2\" content=\"2 minutos\" \/>\n<script type=\"application\/ld+json\" class=\"yoast-schema-graph\">{\"@context\":\"https:\/\/schema.org\",\"@graph\":[{\"@type\":\"Article\",\"@id\":\"https:\/\/turcon.es\/wp\/ecologistas-y-sindicatos-piden-que-los-impuestos-graven-mas-a-las-actividades-contaminantes\/#article\",\"isPartOf\":{\"@id\":\"https:\/\/turcon.es\/wp\/ecologistas-y-sindicatos-piden-que-los-impuestos-graven-mas-a-las-actividades-contaminantes\/\"},\"author\":{\"name\":\"Laura Fernandez\",\"@id\":\"https:\/\/turcon.es\/wp\/#\/schema\/person\/a1f3ba727ce031d9da17684affe85edd\"},\"headline\":\"Ecologistas y sindicatos piden que los impuestos graven m\u00e1s a las actividades contaminantes\",\"datePublished\":\"2010-05-27T07:52:23+00:00\",\"mainEntityOfPage\":{\"@id\":\"https:\/\/turcon.es\/wp\/ecologistas-y-sindicatos-piden-que-los-impuestos-graven-mas-a-las-actividades-contaminantes\/\"},\"wordCount\":497,\"commentCount\":0,\"publisher\":{\"@id\":\"https:\/\/turcon.es\/wp\/#organization\"},\"image\":{\"@id\":\"https:\/\/turcon.es\/wp\/ecologistas-y-sindicatos-piden-que-los-impuestos-graven-mas-a-las-actividades-contaminantes\/#primaryimage\"},\"thumbnailUrl\":\"http:\/\/turcon.es\/wp\/wp-content\/uploads\/2010\/05\/portadajjjjj.jpg?w=150\",\"articleSection\":[\"Econom\u00eda\",\"Movimiento ciudadano\"],\"inLanguage\":\"es\",\"potentialAction\":[{\"@type\":\"CommentAction\",\"name\":\"Comment\",\"target\":[\"https:\/\/turcon.es\/wp\/ecologistas-y-sindicatos-piden-que-los-impuestos-graven-mas-a-las-actividades-contaminantes\/#respond\"]}]},{\"@type\":\"WebPage\",\"@id\":\"https:\/\/turcon.es\/wp\/ecologistas-y-sindicatos-piden-que-los-impuestos-graven-mas-a-las-actividades-contaminantes\/\",\"url\":\"https:\/\/turcon.es\/wp\/ecologistas-y-sindicatos-piden-que-los-impuestos-graven-mas-a-las-actividades-contaminantes\/\",\"name\":\"Ecologistas y sindicatos piden que los impuestos graven m\u00e1s a las actividades contaminantes - Colectivo Ecologista Turcon\",\"isPartOf\":{\"@id\":\"https:\/\/turcon.es\/wp\/#website\"},\"primaryImageOfPage\":{\"@id\":\"https:\/\/turcon.es\/wp\/ecologistas-y-sindicatos-piden-que-los-impuestos-graven-mas-a-las-actividades-contaminantes\/#primaryimage\"},\"image\":{\"@id\":\"https:\/\/turcon.es\/wp\/ecologistas-y-sindicatos-piden-que-los-impuestos-graven-mas-a-las-actividades-contaminantes\/#primaryimage\"},\"thumbnailUrl\":\"http:\/\/turcon.es\/wp\/wp-content\/uploads\/2010\/05\/portadajjjjj.jpg?w=150\",\"datePublished\":\"2010-05-27T07:52:23+00:00\",\"breadcrumb\":{\"@id\":\"https:\/\/turcon.es\/wp\/ecologistas-y-sindicatos-piden-que-los-impuestos-graven-mas-a-las-actividades-contaminantes\/#breadcrumb\"},\"inLanguage\":\"es\",\"potentialAction\":[{\"@type\":\"ReadAction\",\"target\":[\"https:\/\/turcon.es\/wp\/ecologistas-y-sindicatos-piden-que-los-impuestos-graven-mas-a-las-actividades-contaminantes\/\"]}]},{\"@type\":\"ImageObject\",\"inLanguage\":\"es\",\"@id\":\"https:\/\/turcon.es\/wp\/ecologistas-y-sindicatos-piden-que-los-impuestos-graven-mas-a-las-actividades-contaminantes\/#primaryimage\",\"url\":\"http:\/\/turcon.es\/wp\/wp-content\/uploads\/2010\/05\/portadajjjjj.jpg?w=150\",\"contentUrl\":\"http:\/\/turcon.es\/wp\/wp-content\/uploads\/2010\/05\/portadajjjjj.jpg?w=150\"},{\"@type\":\"BreadcrumbList\",\"@id\":\"https:\/\/turcon.es\/wp\/ecologistas-y-sindicatos-piden-que-los-impuestos-graven-mas-a-las-actividades-contaminantes\/#breadcrumb\",\"itemListElement\":[{\"@type\":\"ListItem\",\"position\":1,\"name\":\"Portada\",\"item\":\"https:\/\/turcon.es\/wp\/\"},{\"@type\":\"ListItem\",\"position\":2,\"name\":\"Ecologistas y sindicatos piden que los impuestos graven m\u00e1s a las actividades contaminantes\"}]},{\"@type\":\"WebSite\",\"@id\":\"https:\/\/turcon.es\/wp\/#website\",\"url\":\"https:\/\/turcon.es\/wp\/\",\"name\":\"Colectivo Ecologista Turcon\",\"description\":\"\",\"publisher\":{\"@id\":\"https:\/\/turcon.es\/wp\/#organization\"},\"potentialAction\":[{\"@type\":\"SearchAction\",\"target\":{\"@type\":\"EntryPoint\",\"urlTemplate\":\"https:\/\/turcon.es\/wp\/?s={search_term_string}\"},\"query-input\":{\"@type\":\"PropertyValueSpecification\",\"valueRequired\":true,\"valueName\":\"search_term_string\"}}],\"inLanguage\":\"es\"},{\"@type\":\"Organization\",\"@id\":\"https:\/\/turcon.es\/wp\/#organization\",\"name\":\"Colectivo Ecologista Turcon\",\"url\":\"https:\/\/turcon.es\/wp\/\",\"logo\":{\"@type\":\"ImageObject\",\"inLanguage\":\"es\",\"@id\":\"https:\/\/turcon.es\/wp\/#\/schema\/logo\/image\/\",\"url\":\"https:\/\/turcon.es\/wp\/wp-content\/uploads\/2025\/03\/logo-verde.svg\",\"contentUrl\":\"https:\/\/turcon.es\/wp\/wp-content\/uploads\/2025\/03\/logo-verde.svg\",\"width\":813,\"height\":813,\"caption\":\"Colectivo Ecologista Turcon\"},\"image\":{\"@id\":\"https:\/\/turcon.es\/wp\/#\/schema\/logo\/image\/\"}},{\"@type\":\"Person\",\"@id\":\"https:\/\/turcon.es\/wp\/#\/schema\/person\/a1f3ba727ce031d9da17684affe85edd\",\"name\":\"Laura Fernandez\",\"image\":{\"@type\":\"ImageObject\",\"inLanguage\":\"es\",\"@id\":\"https:\/\/turcon.es\/wp\/#\/schema\/person\/image\/\",\"url\":\"https:\/\/secure.gravatar.com\/avatar\/360749af9549af22e54582d50231ae56e854210ae2368797ba242f445a9852e8?s=96&d=mm&r=g\",\"contentUrl\":\"https:\/\/secure.gravatar.com\/avatar\/360749af9549af22e54582d50231ae56e854210ae2368797ba242f445a9852e8?s=96&d=mm&r=g\",\"caption\":\"Laura Fernandez\"},\"url\":\"https:\/\/turcon.es\/wp\/author\/admturcon\/\"}]}<\/script>\n<!-- \/ Yoast SEO plugin. -->","yoast_head_json":{"title":"Ecologistas y sindicatos piden que los impuestos graven m\u00e1s a las actividades contaminantes - Colectivo Ecologista Turcon","robots":{"index":"index","follow":"follow","max-snippet":"max-snippet:-1","max-image-preview":"max-image-preview:large","max-video-preview":"max-video-preview:-1"},"canonical":"https:\/\/turcon.es\/wp\/ecologistas-y-sindicatos-piden-que-los-impuestos-graven-mas-a-las-actividades-contaminantes\/","og_locale":"es_ES","og_type":"article","og_title":"Ecologistas y sindicatos piden que los impuestos graven m\u00e1s a las actividades contaminantes - Colectivo Ecologista Turcon","og_description":"Los veh\u00edculos m\u00e1s contaminantes pagar\u00edan m\u00e1s. | Miguel Rodr\u00edguez Pedro C\u00e1ceres | Madrid. El Pa\u00eds.es \u00a0Izquierda Unida-Iniciativa per Catalunya Verds (IU-ICV), WWF, Ecologistas en Acci\u00f3n, Greenpeace y CCOO han pedido que la Mesa del Congreso de los Diputados admita a tr\u00e1mite para su discusi\u00f3n el pr\u00f3ximo martes la proposici\u00f3n de ley sobre fiscalidad ambiental, promovida [&hellip;]","og_url":"https:\/\/turcon.es\/wp\/ecologistas-y-sindicatos-piden-que-los-impuestos-graven-mas-a-las-actividades-contaminantes\/","og_site_name":"Colectivo Ecologista Turcon","article_published_time":"2010-05-27T07:52:23+00:00","og_image":[{"width":600,"height":343,"url":"https:\/\/turcon.es\/wp\/wp-content\/uploads\/2010\/05\/portadajjjjj-1.jpg","type":"image\/jpeg"}],"author":"Laura Fernandez","twitter_card":"summary_large_image","twitter_misc":{"Escrito por":"Laura Fernandez","Tiempo de lectura":"2 minutos"},"schema":{"@context":"https:\/\/schema.org","@graph":[{"@type":"Article","@id":"https:\/\/turcon.es\/wp\/ecologistas-y-sindicatos-piden-que-los-impuestos-graven-mas-a-las-actividades-contaminantes\/#article","isPartOf":{"@id":"https:\/\/turcon.es\/wp\/ecologistas-y-sindicatos-piden-que-los-impuestos-graven-mas-a-las-actividades-contaminantes\/"},"author":{"name":"Laura Fernandez","@id":"https:\/\/turcon.es\/wp\/#\/schema\/person\/a1f3ba727ce031d9da17684affe85edd"},"headline":"Ecologistas y sindicatos piden que los impuestos graven m\u00e1s a las actividades contaminantes","datePublished":"2010-05-27T07:52:23+00:00","mainEntityOfPage":{"@id":"https:\/\/turcon.es\/wp\/ecologistas-y-sindicatos-piden-que-los-impuestos-graven-mas-a-las-actividades-contaminantes\/"},"wordCount":497,"commentCount":0,"publisher":{"@id":"https:\/\/turcon.es\/wp\/#organization"},"image":{"@id":"https:\/\/turcon.es\/wp\/ecologistas-y-sindicatos-piden-que-los-impuestos-graven-mas-a-las-actividades-contaminantes\/#primaryimage"},"thumbnailUrl":"http:\/\/turcon.es\/wp\/wp-content\/uploads\/2010\/05\/portadajjjjj.jpg?w=150","articleSection":["Econom\u00eda","Movimiento ciudadano"],"inLanguage":"es","potentialAction":[{"@type":"CommentAction","name":"Comment","target":["https:\/\/turcon.es\/wp\/ecologistas-y-sindicatos-piden-que-los-impuestos-graven-mas-a-las-actividades-contaminantes\/#respond"]}]},{"@type":"WebPage","@id":"https:\/\/turcon.es\/wp\/ecologistas-y-sindicatos-piden-que-los-impuestos-graven-mas-a-las-actividades-contaminantes\/","url":"https:\/\/turcon.es\/wp\/ecologistas-y-sindicatos-piden-que-los-impuestos-graven-mas-a-las-actividades-contaminantes\/","name":"Ecologistas y sindicatos piden que los impuestos graven m\u00e1s a las actividades contaminantes - Colectivo Ecologista Turcon","isPartOf":{"@id":"https:\/\/turcon.es\/wp\/#website"},"primaryImageOfPage":{"@id":"https:\/\/turcon.es\/wp\/ecologistas-y-sindicatos-piden-que-los-impuestos-graven-mas-a-las-actividades-contaminantes\/#primaryimage"},"image":{"@id":"https:\/\/turcon.es\/wp\/ecologistas-y-sindicatos-piden-que-los-impuestos-graven-mas-a-las-actividades-contaminantes\/#primaryimage"},"thumbnailUrl":"http:\/\/turcon.es\/wp\/wp-content\/uploads\/2010\/05\/portadajjjjj.jpg?w=150","datePublished":"2010-05-27T07:52:23+00:00","breadcrumb":{"@id":"https:\/\/turcon.es\/wp\/ecologistas-y-sindicatos-piden-que-los-impuestos-graven-mas-a-las-actividades-contaminantes\/#breadcrumb"},"inLanguage":"es","potentialAction":[{"@type":"ReadAction","target":["https:\/\/turcon.es\/wp\/ecologistas-y-sindicatos-piden-que-los-impuestos-graven-mas-a-las-actividades-contaminantes\/"]}]},{"@type":"ImageObject","inLanguage":"es","@id":"https:\/\/turcon.es\/wp\/ecologistas-y-sindicatos-piden-que-los-impuestos-graven-mas-a-las-actividades-contaminantes\/#primaryimage","url":"http:\/\/turcon.es\/wp\/wp-content\/uploads\/2010\/05\/portadajjjjj.jpg?w=150","contentUrl":"http:\/\/turcon.es\/wp\/wp-content\/uploads\/2010\/05\/portadajjjjj.jpg?w=150"},{"@type":"BreadcrumbList","@id":"https:\/\/turcon.es\/wp\/ecologistas-y-sindicatos-piden-que-los-impuestos-graven-mas-a-las-actividades-contaminantes\/#breadcrumb","itemListElement":[{"@type":"ListItem","position":1,"name":"Portada","item":"https:\/\/turcon.es\/wp\/"},{"@type":"ListItem","position":2,"name":"Ecologistas y sindicatos piden que los impuestos graven m\u00e1s a las actividades contaminantes"}]},{"@type":"WebSite","@id":"https:\/\/turcon.es\/wp\/#website","url":"https:\/\/turcon.es\/wp\/","name":"Colectivo Ecologista Turcon","description":"","publisher":{"@id":"https:\/\/turcon.es\/wp\/#organization"},"potentialAction":[{"@type":"SearchAction","target":{"@type":"EntryPoint","urlTemplate":"https:\/\/turcon.es\/wp\/?s={search_term_string}"},"query-input":{"@type":"PropertyValueSpecification","valueRequired":true,"valueName":"search_term_string"}}],"inLanguage":"es"},{"@type":"Organization","@id":"https:\/\/turcon.es\/wp\/#organization","name":"Colectivo Ecologista Turcon","url":"https:\/\/turcon.es\/wp\/","logo":{"@type":"ImageObject","inLanguage":"es","@id":"https:\/\/turcon.es\/wp\/#\/schema\/logo\/image\/","url":"https:\/\/turcon.es\/wp\/wp-content\/uploads\/2025\/03\/logo-verde.svg","contentUrl":"https:\/\/turcon.es\/wp\/wp-content\/uploads\/2025\/03\/logo-verde.svg","width":813,"height":813,"caption":"Colectivo Ecologista Turcon"},"image":{"@id":"https:\/\/turcon.es\/wp\/#\/schema\/logo\/image\/"}},{"@type":"Person","@id":"https:\/\/turcon.es\/wp\/#\/schema\/person\/a1f3ba727ce031d9da17684affe85edd","name":"Laura Fernandez","image":{"@type":"ImageObject","inLanguage":"es","@id":"https:\/\/turcon.es\/wp\/#\/schema\/person\/image\/","url":"https:\/\/secure.gravatar.com\/avatar\/360749af9549af22e54582d50231ae56e854210ae2368797ba242f445a9852e8?s=96&d=mm&r=g","contentUrl":"https:\/\/secure.gravatar.com\/avatar\/360749af9549af22e54582d50231ae56e854210ae2368797ba242f445a9852e8?s=96&d=mm&r=g","caption":"Laura Fernandez"},"url":"https:\/\/turcon.es\/wp\/author\/admturcon\/"}]}},"_links":{"self":[{"href":"https:\/\/turcon.es\/wp\/wp-json\/wp\/v2\/posts\/4304","targetHints":{"allow":["GET"]}}],"collection":[{"href":"https:\/\/turcon.es\/wp\/wp-json\/wp\/v2\/posts"}],"about":[{"href":"https:\/\/turcon.es\/wp\/wp-json\/wp\/v2\/types\/post"}],"author":[{"embeddable":true,"href":"https:\/\/turcon.es\/wp\/wp-json\/wp\/v2\/users\/2"}],"replies":[{"embeddable":true,"href":"https:\/\/turcon.es\/wp\/wp-json\/wp\/v2\/comments?post=4304"}],"version-history":[{"count":0,"href":"https:\/\/turcon.es\/wp\/wp-json\/wp\/v2\/posts\/4304\/revisions"}],"wp:attachment":[{"href":"https:\/\/turcon.es\/wp\/wp-json\/wp\/v2\/media?parent=4304"}],"wp:term":[{"taxonomy":"category","embeddable":true,"href":"https:\/\/turcon.es\/wp\/wp-json\/wp\/v2\/categories?post=4304"},{"taxonomy":"post_tag","embeddable":true,"href":"https:\/\/turcon.es\/wp\/wp-json\/wp\/v2\/tags?post=4304"}],"curies":[{"name":"wp","href":"https:\/\/api.w.org\/{rel}","templated":true}]}}