{"id":4429,"date":"2010-06-12T09:34:22","date_gmt":"2010-06-12T09:34:22","guid":{"rendered":"http:\/\/turcon.wordpress.com\/?p=4429"},"modified":"2010-06-12T09:34:22","modified_gmt":"2010-06-12T09:34:22","slug":"frenar-las-renovables-para-quemar-mas-gas","status":"publish","type":"post","link":"https:\/\/turcon.es\/wp\/frenar-las-renovables-para-quemar-mas-gas\/","title":{"rendered":"Frenar las renovables para quemar m\u00e1s gas"},"content":{"rendered":"<h2 style=\"text-align:justify;\"><a href=\";\"><img decoding=\"async\" src=\"http:\/\/www.energias-renovables.com\/imagen_art\/Listado\/S\/sergiodeotto.jpg\" border=\"0\" alt=\"\" height=\"52\" align=\"left\" \/><\/a>Sergio de Otto, consultor en  energ\u00edas renovables, y uno de nuestros columnistas, denuncia en este  art\u00edculo la demagogia que caracteriza a la \u201ccoalici\u00f3n anti\u2013renovable\u201d.  Esta es la versi\u00f3n \u00edntegra del art\u00edculo publicado el 21 de mayo en <em>Cinco  D\u00edas<\/em>.<\/h2>\n<p style=\"text-align:justify;\"><strong>24 de mayo de 2010<\/strong><\/p>\n<p>Fuente:\u00a0<a href=\"http:\/\/www.energias-renovables.com\/\"> http:\/\/www.energias-renovables.com\/<\/a><\/p>\n<p style=\"text-align:justify;\">Desde que el pasado mes de septiembre el consejero delegado de Gas  Natural, Rafael Villaseca, lanzara el primer ca\u00f1onazo contra las  energ\u00edas renovables la ofensiva contra estas tecnolog\u00edas no s\u00f3lo no ha  cesado sino que, especialmente en las \u00faltimas semanas, ha arreciado  hasta alcanzar el grado de ofensiva en toda regla que \u2013no lo dude  lector\u2013  quiere ser la definitiva. Resulta que todos los males de  nuestro sistema energ\u00e9tico tienen un \u00fanico origen: las energ\u00edas  renovables.<\/p>\n<p><strong>El d\u00e9ficit tarifario<\/strong><br \/>\n<a href=\"http:\/\/turcon.es\/wp\/wp-content\/uploads\/2010\/06\/renovable.jpg\"><img decoding=\"async\" class=\"alignright size-medium wp-image-4430\" title=\"renovable\" src=\"http:\/\/turcon.es\/wp\/wp-content\/uploads\/2010\/06\/renovable.jpg?w=300\" alt=\"\" width=\"229\" height=\"130\" \/><\/a>A ellas se  se\u00f1ala como culpables de la principal enfermedad del sistema el\u00e9ctrico,  el d\u00e9ficit tarifario, o de la p\u00e9rdida de competitividad de las empresas  espa\u00f1olas. Da igual que esta lacra, el d\u00e9ficit, surgiera hace m\u00e1s de una  d\u00e9cada cuando las primas de las renovables eran insignificantes, da  igual que apenas hace cinco a\u00f1os se generaban 3.741  millones de euros  de d\u00e9ficit en un ejercicio en el que el conjunto de las renovables no  percib\u00edan m\u00e1s de 1.200 millones de euros. Da igual; nadie se para a  analizar que el d\u00e9ficit lo genera un mecanismo que no vincula costes con  precios, tan sencillo como eso. Obviamente si cualquier coste aumenta  tendr\u00e1 su reflejo en el d\u00e9ficit.<\/p>\n<p>Ahora se dice que por culpa de  las renovables habr\u00e1 que aumentar un 20 por ciento el recibo de la luz.  No, eso no es cierto, la realidad es que habr\u00e1 que incrementar este  recibo porque hace 14 a\u00f1os el se\u00f1or Rato hizo de la contenci\u00f3n del  precio de la electricidad el ariete de la lucha contra la inflaci\u00f3n y  desde entonces ni los gobiernos de Aznar, ni los de Zapatero, han  querido o se han atrevido a rectificar una pol\u00edtica que pudo tener  sentido coyunturalmente para lograr la convergencia con Europa en el  camino del euro pero que hoy es una incoherencia total y una injusticia  tremenda con los consumidores futuros.<!--more--><\/p>\n<p><strong>Demagogia<\/strong><br \/>\nEn  esta ofensiva escasea el rigor y sobra la demagogia. Empecemos por lo  primero. El mejor ejemplo es la atribuci\u00f3n a las renovables del conjunto  de las primas del R\u00e9gimen Especial y se hace deliberadamente desde  empresas, instituciones y medios de comunicaci\u00f3n que tienen suficiente  conocimiento como para saber que el R\u00e9gimen Especial incluye la  cogeneraci\u00f3n (que quema gas, no lo olvidemos, aunque tenga su  justificaci\u00f3n en t\u00e9rminos de eficiencia) y el aprovechamiento energ\u00e9tico  de los residuos, tecnolog\u00edas ambas que no tienen nada de renovables, ni  de verdes. Pero, insisto, da igual, se atribuye a las renovables el 40  por ciento del volumen de primas que no les corresponde con el objetivo  de desprestigiarlas. Todo vale.<\/p>\n<p>El segundo paso para descalificar  la apuesta es lanzar el importe de las primas (impresiona siempre eso   de \u201cmiles de millones de euros\u201d) sin mencionar lo que han aportado a  cambio las renovables en t\u00e9rminos energ\u00e9ticos, medioambientales,  estrat\u00e9gicos o socioecon\u00f3micos. No se puede calificar la oportunidad de  un coste, lo caro o barato que resulta algo, sin valorar lo que se  ofrece a cambio. Los estudios macroecon\u00f3micos que se han realizado sobre  el impacto socioecon\u00f3mico de las renovables, sobre los retornos para el  conjunto de la econom\u00eda espa\u00f1ola, demuestran que m\u00e1s all\u00e1 de los  kilovatios aut\u00f3ctonos y libres de emisiones que se generan \u2013que  justificar\u00edan por si mismos la apuesta por las renovables\u2013 las primas  son una excelente inversi\u00f3n para nuestra sociedad.<\/p>\n<p><strong>El  coste alternativo<\/strong><br \/>\nTambi\u00e9n se obvian, por supuesto, las  cifras de lo que supondr\u00eda para la econom\u00eda del pa\u00eds la ausencia de  estas tecnolog\u00edas renovables en nuestro mix, en t\u00e9rminos de importaci\u00f3n  de combustibles f\u00f3siles, en emisiones de gases de efecto invernadero, en  el uso de tecnolog\u00edas for\u00e1neas, en la menor creaci\u00f3n de empleo y en un  largo etc\u00e9tera de desventajas de las tecnolog\u00edas convencionales. Si se  hicieran las cuentas constatar\u00edamos que lo razonable \u2014perd\u00f3n, eso no se  lleva\u2014 es que, dado que la generaci\u00f3n de energ\u00eda conlleva unas  transferencias de rentas, parece m\u00e1s oportuno que dichas rentas se  queden en casa en sectores con tecnolog\u00eda propia y un s\u00f3lido tejido  industrial antes que cargar nuestra balanza comercial en beneficio de  los pa\u00edses exportadores de hidrocarburos.<\/p>\n<p>\u00bfNo? Podemos calcular  cual ser\u00eda la factura energ\u00e9tica que tendr\u00eda que pagar este pa\u00eds si no  hubiera renovables y les asegur\u00f3 que el incremento supera el importe de  las primas que, cual apocalipsis, nos vaticina la curiosa coalici\u00f3n  anti-renovable, incluso cuando hablan de cifras que superan los cien mil  millones de euros. La alternativa ser\u00eda siempre mucho m\u00e1s cara.<\/p>\n<p>Otros  aprovechan el fragor de la batalla para colocar su eslogan a favor de  la tecnolog\u00eda nuclear \u2013\u00a1todav\u00eda hoy!\u2013,  c\u00f3mo si en el escenario actual  con 94.000 MW instalados y una punta de 45.000 MW (punta de hace 4 a\u00f1os  que tardaremos en volver a alcanzar) alguna compa\u00f1\u00eda el\u00e9ctrica se podr\u00eda  plantear la construcci\u00f3n de una sola central. \u00a1Sin comentarios! Y como  \u00e9ramos pocos Zapatero fuerza, por motivos puramente clientelistas, un  aberrante decreto para obligar a quemar carb\u00f3n, en la direcci\u00f3n  contraria a criterios b\u00e1sicos de la pol\u00edtica energ\u00e9tica como la  reducci\u00f3n de emisiones o la competitividad.<br \/>\n<strong><br \/>\n\u00bfPor qu\u00e9  tantos ciclos?<\/strong><br \/>\n\u00bfQu\u00e9 es lo que sucede entonces? \u00bfPor qu\u00e9  tanto ruido? La respuesta es sencilla: la reducci\u00f3n de la demanda ha  anticipado unas tensiones que m\u00e1s tarde o temprano ten\u00edan que producirse  entre los intereses de las tecnolog\u00edas convencionales y el cambio de  modelo energ\u00e9tico en el que estamos inmersos, <span style=\"color:#800080;\"><strong>s\u00ed,  CAMBIO DE MODELO ENERG\u00c9TICO<\/strong><\/span> aunque ni siquiera alguno  de sus protagonistas sean conscientes de ello.<\/p>\n<p>Y esta primera  batalla \u2013lamentablemente la terminolog\u00eda b\u00e9lica es inevitable\u2013 tiene un  objetivo muy claro: <span style=\"color:#800080;\"><strong>hacer hueco en nuestro  sistema el\u00e9ctrico a las centrales t\u00e9rmicas de gas<\/strong><\/span>, los  llamados ciclos combinados que \u2013sin existir un mandato del regulador\u2013  han crecido desproporcionadamente a las necesidades, no s\u00f3lo actuales,  sino a la de cualquier escenario previsible anterior a la crisis. Hay  23.635 MW en funcionamiento y todav\u00eda este a\u00f1o se inauguraran nuevas  plantas destinadas a funcionar no m\u00e1s de 2.500 horas cuando su umbral de  rentabilidad dicen que est\u00e1 en las 5.000 horas.<\/p>\n<p>Insisto, nadie  les ha obligado a construirlas. Se atribuye al Plan de Infraestructuras  Gasistas y El\u00e9ctricas de 2002 del se\u00f1or Folgado una \u201csenda indicativa\u201d  de desarrollo de los ciclos pero, a\u00fan en ese caso, los estrategas de las  grandes compa\u00f1\u00edas deber\u00edan haber considerado que no iba a ser eterno el  incremento del consumo el\u00e9ctrico entre el 4 y el 7 por ciento de  aquellos a\u00f1os. Adem\u00e1s \u00bfse han enterado de que el Reino de Espa\u00f1a firm\u00f3  en su d\u00eda un protocolo de Kioto en el que se compromet\u00eda a reducir sus  emisiones de gases de efecto invernadero?  \u00bfSe han enterado de que hab\u00eda  un Plan de Fomento de las Energ\u00edas Renovables, primero, y luego un Plan  de Energ\u00edas Renovables que ha optado por una pol\u00edtica de energ\u00edas  limpias y aut\u00f3ctonas: es decir, las renovables?<\/p>\n<p><strong>Coste de  respaldo, \u00bfo de los errores estrat\u00e9gicos?<\/strong><br \/>\nEn este punto la  falta de rigor y demagogia desemboca siempre en el argumento definitivo,  en el descubrimiento de Am\u00e9rica: el viento no sopla siempre y son  necesarias otras tecnolog\u00edas de respaldo. S\u00ed, cierto, pero ni en la  cantidad ni con el coste que se manejan interesadamente desde el lobby  gasista. Ser\u00e1 l\u00f3gico a\u00f1adir al debe de las renovables, especialmente de  la e\u00f3lica, el coste de la tecnolog\u00eda de respaldo al valorar sus pros y  sus contras, pero s\u00f3lo en la medida en que es necesaria en el mix  el\u00e9ctrico de cada momento. Ese coste no debe ser en ning\u00fan caso el pago  de los errores estrat\u00e9gicos de las compa\u00f1\u00edas titulares de esas  instalaciones. Con la excusa del d\u00e9ficit y con el objetivo de reconocer  esa garant\u00eda de potencia se va a proceder a un importante recorte de las  primas. Quitar de un lado para pagar en otro. Reducir los incentivos a  las tecnolog\u00edas renovables, limpias y aut\u00f3ctonas, para que salga  rentable quemar gas.<\/p>\n<p><strong>Una coartada<\/strong><br \/>\nNo se  enga\u00f1en, el d\u00e9ficit es una coartada, o \u00bfalguien piensa que la soluci\u00f3n  pasa por recortar en 300, 400  o 700 millones de euros las primas de las  renovables? Porque ese es el margen de maniobra en la tropel\u00eda de  cambiar las reglas del juego a mitad de partido, es decir de aplicar la  retroactividad con el tremendo coste del desprestigio de nuestro pa\u00eds en  los mercados financieros. S\u00ed, los argumentos del d\u00e9ficit son una  cortina de humo para el fin que se busca: un frenazo a las renovables  para que los ciclos combinados pueden quemar m\u00e1s gas.<\/p>\n<p>Las  compa\u00f1\u00edas que han realizado estas inversiones en ciclos combinados  defienden sus intereses, lo que se puede comprender; pero lo que no  tiene sentido es que un gobierno al que se le ha llenado la boca de  discursos a favor de la sostenibilidad, del cambio de modelo energ\u00e9tico,  de un nuevo modelo productivo y de inequ\u00edvocas manifestaciones de apoyo  a las energ\u00edas renovables \u2014salvo en la letra peque\u00f1a del BOE\u2014 se vuelva  ahora contra las renovables; lo que es un desprop\u00f3sito es que quien  tiene que velar por los intereses comunes se deje arrastrar por unos  intereses privados, aprovechando la confusi\u00f3n de la crisis; y, por  \u00faltimo, lo que es un error hist\u00f3rico es que con una visi\u00f3n cortoplacista  este Gobierno renuncie a permanecer en la vanguardia del cambio de  modelo energ\u00e9tico con la apuesta por las renovables que es considerada  un referente de \u00e9xito reconocido en todo el mundo. Menos en casa, por lo  visto.<br \/>\n<strong>Sergio de Otto<br \/>\nConsultor en Energ\u00edas  Renovables<\/strong><\/p>\n","protected":false},"excerpt":{"rendered":"<p>Sergio de Otto, consultor en energ\u00edas renovables, y uno de nuestros columnistas, denuncia en este art\u00edculo la demagogia que caracteriza a la \u201ccoalici\u00f3n anti\u2013renovable\u201d. Esta es la versi\u00f3n \u00edntegra del art\u00edculo publicado el 21 de mayo en Cinco D\u00edas.<\/p>\n","protected":false},"author":2,"featured_media":0,"comment_status":"open","ping_status":"open","sticky":false,"template":"","format":"standard","meta":{"footnotes":""},"categories":[17,34,35,36],"tags":[804,1454],"class_list":["post-4429","post","type-post","status-publish","format-standard","hentry","category-cambio-climatico","category-energia","category-energias-renovables","category-espana","tag-gas","tag-renovables"],"yoast_head":"<!-- This site is optimized with the Yoast SEO plugin v26.3 - https:\/\/yoast.com\/wordpress\/plugins\/seo\/ -->\n<title>Frenar las renovables para quemar m\u00e1s gas - Colectivo Ecologista Turcon<\/title>\n<meta name=\"robots\" content=\"index, follow, max-snippet:-1, max-image-preview:large, max-video-preview:-1\" \/>\n<link rel=\"canonical\" href=\"https:\/\/turcon.es\/wp\/frenar-las-renovables-para-quemar-mas-gas\/\" \/>\n<meta property=\"og:locale\" content=\"es_ES\" \/>\n<meta property=\"og:type\" content=\"article\" \/>\n<meta property=\"og:title\" content=\"Frenar las renovables para quemar m\u00e1s gas - Colectivo Ecologista Turcon\" \/>\n<meta property=\"og:description\" content=\"Sergio de Otto, consultor en energ\u00edas renovables, y uno de nuestros columnistas, denuncia en este art\u00edculo la demagogia que caracteriza a la \u201ccoalici\u00f3n anti\u2013renovable\u201d. Esta es la versi\u00f3n \u00edntegra del art\u00edculo publicado el 21 de mayo en Cinco D\u00edas.\" \/>\n<meta property=\"og:url\" content=\"https:\/\/turcon.es\/wp\/frenar-las-renovables-para-quemar-mas-gas\/\" \/>\n<meta property=\"og:site_name\" content=\"Colectivo Ecologista Turcon\" \/>\n<meta property=\"article:published_time\" content=\"2010-06-12T09:34:22+00:00\" \/>\n<meta property=\"og:image\" content=\"http:\/\/www.energias-renovables.com\/imagen_art\/Listado\/S\/sergiodeotto.jpg\" \/>\n<meta name=\"author\" content=\"Laura Fernandez\" \/>\n<meta name=\"twitter:card\" content=\"summary_large_image\" \/>\n<meta name=\"twitter:label1\" content=\"Escrito por\" \/>\n\t<meta name=\"twitter:data1\" content=\"Laura Fernandez\" \/>\n\t<meta name=\"twitter:label2\" content=\"Tiempo de lectura\" \/>\n\t<meta name=\"twitter:data2\" content=\"9 minutos\" \/>\n<script type=\"application\/ld+json\" class=\"yoast-schema-graph\">{\"@context\":\"https:\/\/schema.org\",\"@graph\":[{\"@type\":\"Article\",\"@id\":\"https:\/\/turcon.es\/wp\/frenar-las-renovables-para-quemar-mas-gas\/#article\",\"isPartOf\":{\"@id\":\"https:\/\/turcon.es\/wp\/frenar-las-renovables-para-quemar-mas-gas\/\"},\"author\":{\"name\":\"Laura Fernandez\",\"@id\":\"https:\/\/turcon.es\/wp\/#\/schema\/person\/a1f3ba727ce031d9da17684affe85edd\"},\"headline\":\"Frenar las renovables para quemar m\u00e1s gas\",\"datePublished\":\"2010-06-12T09:34:22+00:00\",\"mainEntityOfPage\":{\"@id\":\"https:\/\/turcon.es\/wp\/frenar-las-renovables-para-quemar-mas-gas\/\"},\"wordCount\":1756,\"commentCount\":1,\"publisher\":{\"@id\":\"https:\/\/turcon.es\/wp\/#organization\"},\"image\":{\"@id\":\"https:\/\/turcon.es\/wp\/frenar-las-renovables-para-quemar-mas-gas\/#primaryimage\"},\"thumbnailUrl\":\"http:\/\/www.energias-renovables.com\/imagen_art\/Listado\/S\/sergiodeotto.jpg\",\"keywords\":[\"Gas\",\"Renovables\"],\"articleSection\":[\"Cambio clim\u00e1tico\",\"Energ\u00eda\",\"Energ\u00edas renovables\",\"Espa\u00f1a\"],\"inLanguage\":\"es\",\"potentialAction\":[{\"@type\":\"CommentAction\",\"name\":\"Comment\",\"target\":[\"https:\/\/turcon.es\/wp\/frenar-las-renovables-para-quemar-mas-gas\/#respond\"]}]},{\"@type\":\"WebPage\",\"@id\":\"https:\/\/turcon.es\/wp\/frenar-las-renovables-para-quemar-mas-gas\/\",\"url\":\"https:\/\/turcon.es\/wp\/frenar-las-renovables-para-quemar-mas-gas\/\",\"name\":\"Frenar las renovables para quemar m\u00e1s gas - Colectivo Ecologista Turcon\",\"isPartOf\":{\"@id\":\"https:\/\/turcon.es\/wp\/#website\"},\"primaryImageOfPage\":{\"@id\":\"https:\/\/turcon.es\/wp\/frenar-las-renovables-para-quemar-mas-gas\/#primaryimage\"},\"image\":{\"@id\":\"https:\/\/turcon.es\/wp\/frenar-las-renovables-para-quemar-mas-gas\/#primaryimage\"},\"thumbnailUrl\":\"http:\/\/www.energias-renovables.com\/imagen_art\/Listado\/S\/sergiodeotto.jpg\",\"datePublished\":\"2010-06-12T09:34:22+00:00\",\"breadcrumb\":{\"@id\":\"https:\/\/turcon.es\/wp\/frenar-las-renovables-para-quemar-mas-gas\/#breadcrumb\"},\"inLanguage\":\"es\",\"potentialAction\":[{\"@type\":\"ReadAction\",\"target\":[\"https:\/\/turcon.es\/wp\/frenar-las-renovables-para-quemar-mas-gas\/\"]}]},{\"@type\":\"ImageObject\",\"inLanguage\":\"es\",\"@id\":\"https:\/\/turcon.es\/wp\/frenar-las-renovables-para-quemar-mas-gas\/#primaryimage\",\"url\":\"http:\/\/www.energias-renovables.com\/imagen_art\/Listado\/S\/sergiodeotto.jpg\",\"contentUrl\":\"http:\/\/www.energias-renovables.com\/imagen_art\/Listado\/S\/sergiodeotto.jpg\"},{\"@type\":\"BreadcrumbList\",\"@id\":\"https:\/\/turcon.es\/wp\/frenar-las-renovables-para-quemar-mas-gas\/#breadcrumb\",\"itemListElement\":[{\"@type\":\"ListItem\",\"position\":1,\"name\":\"Portada\",\"item\":\"https:\/\/turcon.es\/wp\/\"},{\"@type\":\"ListItem\",\"position\":2,\"name\":\"Frenar las renovables para quemar m\u00e1s gas\"}]},{\"@type\":\"WebSite\",\"@id\":\"https:\/\/turcon.es\/wp\/#website\",\"url\":\"https:\/\/turcon.es\/wp\/\",\"name\":\"Colectivo Ecologista Turcon\",\"description\":\"\",\"publisher\":{\"@id\":\"https:\/\/turcon.es\/wp\/#organization\"},\"potentialAction\":[{\"@type\":\"SearchAction\",\"target\":{\"@type\":\"EntryPoint\",\"urlTemplate\":\"https:\/\/turcon.es\/wp\/?s={search_term_string}\"},\"query-input\":{\"@type\":\"PropertyValueSpecification\",\"valueRequired\":true,\"valueName\":\"search_term_string\"}}],\"inLanguage\":\"es\"},{\"@type\":\"Organization\",\"@id\":\"https:\/\/turcon.es\/wp\/#organization\",\"name\":\"Colectivo Ecologista Turcon\",\"url\":\"https:\/\/turcon.es\/wp\/\",\"logo\":{\"@type\":\"ImageObject\",\"inLanguage\":\"es\",\"@id\":\"https:\/\/turcon.es\/wp\/#\/schema\/logo\/image\/\",\"url\":\"https:\/\/turcon.es\/wp\/wp-content\/uploads\/2025\/03\/logo-verde.svg\",\"contentUrl\":\"https:\/\/turcon.es\/wp\/wp-content\/uploads\/2025\/03\/logo-verde.svg\",\"width\":813,\"height\":813,\"caption\":\"Colectivo Ecologista Turcon\"},\"image\":{\"@id\":\"https:\/\/turcon.es\/wp\/#\/schema\/logo\/image\/\"}},{\"@type\":\"Person\",\"@id\":\"https:\/\/turcon.es\/wp\/#\/schema\/person\/a1f3ba727ce031d9da17684affe85edd\",\"name\":\"Laura Fernandez\",\"image\":{\"@type\":\"ImageObject\",\"inLanguage\":\"es\",\"@id\":\"https:\/\/turcon.es\/wp\/#\/schema\/person\/image\/\",\"url\":\"https:\/\/secure.gravatar.com\/avatar\/360749af9549af22e54582d50231ae56e854210ae2368797ba242f445a9852e8?s=96&d=mm&r=g\",\"contentUrl\":\"https:\/\/secure.gravatar.com\/avatar\/360749af9549af22e54582d50231ae56e854210ae2368797ba242f445a9852e8?s=96&d=mm&r=g\",\"caption\":\"Laura Fernandez\"},\"url\":\"https:\/\/turcon.es\/wp\/author\/admturcon\/\"}]}<\/script>\n<!-- \/ Yoast SEO plugin. -->","yoast_head_json":{"title":"Frenar las renovables para quemar m\u00e1s gas - Colectivo Ecologista Turcon","robots":{"index":"index","follow":"follow","max-snippet":"max-snippet:-1","max-image-preview":"max-image-preview:large","max-video-preview":"max-video-preview:-1"},"canonical":"https:\/\/turcon.es\/wp\/frenar-las-renovables-para-quemar-mas-gas\/","og_locale":"es_ES","og_type":"article","og_title":"Frenar las renovables para quemar m\u00e1s gas - Colectivo Ecologista Turcon","og_description":"Sergio de Otto, consultor en energ\u00edas renovables, y uno de nuestros columnistas, denuncia en este art\u00edculo la demagogia que caracteriza a la \u201ccoalici\u00f3n anti\u2013renovable\u201d. Esta es la versi\u00f3n \u00edntegra del art\u00edculo publicado el 21 de mayo en Cinco D\u00edas.","og_url":"https:\/\/turcon.es\/wp\/frenar-las-renovables-para-quemar-mas-gas\/","og_site_name":"Colectivo Ecologista Turcon","article_published_time":"2010-06-12T09:34:22+00:00","og_image":[{"url":"http:\/\/www.energias-renovables.com\/imagen_art\/Listado\/S\/sergiodeotto.jpg","type":"","width":"","height":""}],"author":"Laura Fernandez","twitter_card":"summary_large_image","twitter_misc":{"Escrito por":"Laura Fernandez","Tiempo de lectura":"9 minutos"},"schema":{"@context":"https:\/\/schema.org","@graph":[{"@type":"Article","@id":"https:\/\/turcon.es\/wp\/frenar-las-renovables-para-quemar-mas-gas\/#article","isPartOf":{"@id":"https:\/\/turcon.es\/wp\/frenar-las-renovables-para-quemar-mas-gas\/"},"author":{"name":"Laura Fernandez","@id":"https:\/\/turcon.es\/wp\/#\/schema\/person\/a1f3ba727ce031d9da17684affe85edd"},"headline":"Frenar las renovables para quemar m\u00e1s gas","datePublished":"2010-06-12T09:34:22+00:00","mainEntityOfPage":{"@id":"https:\/\/turcon.es\/wp\/frenar-las-renovables-para-quemar-mas-gas\/"},"wordCount":1756,"commentCount":1,"publisher":{"@id":"https:\/\/turcon.es\/wp\/#organization"},"image":{"@id":"https:\/\/turcon.es\/wp\/frenar-las-renovables-para-quemar-mas-gas\/#primaryimage"},"thumbnailUrl":"http:\/\/www.energias-renovables.com\/imagen_art\/Listado\/S\/sergiodeotto.jpg","keywords":["Gas","Renovables"],"articleSection":["Cambio clim\u00e1tico","Energ\u00eda","Energ\u00edas renovables","Espa\u00f1a"],"inLanguage":"es","potentialAction":[{"@type":"CommentAction","name":"Comment","target":["https:\/\/turcon.es\/wp\/frenar-las-renovables-para-quemar-mas-gas\/#respond"]}]},{"@type":"WebPage","@id":"https:\/\/turcon.es\/wp\/frenar-las-renovables-para-quemar-mas-gas\/","url":"https:\/\/turcon.es\/wp\/frenar-las-renovables-para-quemar-mas-gas\/","name":"Frenar las renovables para quemar m\u00e1s gas - Colectivo Ecologista Turcon","isPartOf":{"@id":"https:\/\/turcon.es\/wp\/#website"},"primaryImageOfPage":{"@id":"https:\/\/turcon.es\/wp\/frenar-las-renovables-para-quemar-mas-gas\/#primaryimage"},"image":{"@id":"https:\/\/turcon.es\/wp\/frenar-las-renovables-para-quemar-mas-gas\/#primaryimage"},"thumbnailUrl":"http:\/\/www.energias-renovables.com\/imagen_art\/Listado\/S\/sergiodeotto.jpg","datePublished":"2010-06-12T09:34:22+00:00","breadcrumb":{"@id":"https:\/\/turcon.es\/wp\/frenar-las-renovables-para-quemar-mas-gas\/#breadcrumb"},"inLanguage":"es","potentialAction":[{"@type":"ReadAction","target":["https:\/\/turcon.es\/wp\/frenar-las-renovables-para-quemar-mas-gas\/"]}]},{"@type":"ImageObject","inLanguage":"es","@id":"https:\/\/turcon.es\/wp\/frenar-las-renovables-para-quemar-mas-gas\/#primaryimage","url":"http:\/\/www.energias-renovables.com\/imagen_art\/Listado\/S\/sergiodeotto.jpg","contentUrl":"http:\/\/www.energias-renovables.com\/imagen_art\/Listado\/S\/sergiodeotto.jpg"},{"@type":"BreadcrumbList","@id":"https:\/\/turcon.es\/wp\/frenar-las-renovables-para-quemar-mas-gas\/#breadcrumb","itemListElement":[{"@type":"ListItem","position":1,"name":"Portada","item":"https:\/\/turcon.es\/wp\/"},{"@type":"ListItem","position":2,"name":"Frenar las renovables para quemar m\u00e1s gas"}]},{"@type":"WebSite","@id":"https:\/\/turcon.es\/wp\/#website","url":"https:\/\/turcon.es\/wp\/","name":"Colectivo Ecologista Turcon","description":"","publisher":{"@id":"https:\/\/turcon.es\/wp\/#organization"},"potentialAction":[{"@type":"SearchAction","target":{"@type":"EntryPoint","urlTemplate":"https:\/\/turcon.es\/wp\/?s={search_term_string}"},"query-input":{"@type":"PropertyValueSpecification","valueRequired":true,"valueName":"search_term_string"}}],"inLanguage":"es"},{"@type":"Organization","@id":"https:\/\/turcon.es\/wp\/#organization","name":"Colectivo Ecologista Turcon","url":"https:\/\/turcon.es\/wp\/","logo":{"@type":"ImageObject","inLanguage":"es","@id":"https:\/\/turcon.es\/wp\/#\/schema\/logo\/image\/","url":"https:\/\/turcon.es\/wp\/wp-content\/uploads\/2025\/03\/logo-verde.svg","contentUrl":"https:\/\/turcon.es\/wp\/wp-content\/uploads\/2025\/03\/logo-verde.svg","width":813,"height":813,"caption":"Colectivo Ecologista Turcon"},"image":{"@id":"https:\/\/turcon.es\/wp\/#\/schema\/logo\/image\/"}},{"@type":"Person","@id":"https:\/\/turcon.es\/wp\/#\/schema\/person\/a1f3ba727ce031d9da17684affe85edd","name":"Laura Fernandez","image":{"@type":"ImageObject","inLanguage":"es","@id":"https:\/\/turcon.es\/wp\/#\/schema\/person\/image\/","url":"https:\/\/secure.gravatar.com\/avatar\/360749af9549af22e54582d50231ae56e854210ae2368797ba242f445a9852e8?s=96&d=mm&r=g","contentUrl":"https:\/\/secure.gravatar.com\/avatar\/360749af9549af22e54582d50231ae56e854210ae2368797ba242f445a9852e8?s=96&d=mm&r=g","caption":"Laura Fernandez"},"url":"https:\/\/turcon.es\/wp\/author\/admturcon\/"}]}},"_links":{"self":[{"href":"https:\/\/turcon.es\/wp\/wp-json\/wp\/v2\/posts\/4429","targetHints":{"allow":["GET"]}}],"collection":[{"href":"https:\/\/turcon.es\/wp\/wp-json\/wp\/v2\/posts"}],"about":[{"href":"https:\/\/turcon.es\/wp\/wp-json\/wp\/v2\/types\/post"}],"author":[{"embeddable":true,"href":"https:\/\/turcon.es\/wp\/wp-json\/wp\/v2\/users\/2"}],"replies":[{"embeddable":true,"href":"https:\/\/turcon.es\/wp\/wp-json\/wp\/v2\/comments?post=4429"}],"version-history":[{"count":0,"href":"https:\/\/turcon.es\/wp\/wp-json\/wp\/v2\/posts\/4429\/revisions"}],"wp:attachment":[{"href":"https:\/\/turcon.es\/wp\/wp-json\/wp\/v2\/media?parent=4429"}],"wp:term":[{"taxonomy":"category","embeddable":true,"href":"https:\/\/turcon.es\/wp\/wp-json\/wp\/v2\/categories?post=4429"},{"taxonomy":"post_tag","embeddable":true,"href":"https:\/\/turcon.es\/wp\/wp-json\/wp\/v2\/tags?post=4429"}],"curies":[{"name":"wp","href":"https:\/\/api.w.org\/{rel}","templated":true}]}}