{"id":4736,"date":"2010-08-08T07:50:53","date_gmt":"2010-08-08T07:50:53","guid":{"rendered":"http:\/\/turcon.wordpress.com\/?p=4736"},"modified":"2010-08-08T07:50:53","modified_gmt":"2010-08-08T07:50:53","slug":"los-ecologistas-exigen-una-ley-del-cambio-climatico-que-obligue-a-reducir-el-co2","status":"publish","type":"post","link":"https:\/\/turcon.es\/wp\/los-ecologistas-exigen-una-ley-del-cambio-climatico-que-obligue-a-reducir-el-co2\/","title":{"rendered":"Los ecologistas exigen una &#8216;Ley del Cambio Clim\u00e1tico&#8217; que obligue a reducir el CO2"},"content":{"rendered":"<p>Propuesta de Amigos de la Tierra<\/p>\n<p>Efe | Madrid. El Mundo.es<a href=\"http:\/\/turcon.es\/wp\/wp-content\/uploads\/2010\/07\/091202-01.gif\"><img decoding=\"async\" class=\"alignright size-full wp-image-4737\" title=\"091202-01\" src=\"http:\/\/turcon.es\/wp\/wp-content\/uploads\/2010\/07\/091202-01.gif\" alt=\"\" width=\"150\" height=\"150\" \/><\/a><\/p>\n<p>La organizaci\u00f3n ecologista Amigos de la Tierra considera imprescindible la creaci\u00f3n de una &#8216;Ley contra el cambio clim\u00e1tico&#8217; en Espa\u00f1a, que regule y obligue a la reducci\u00f3n de forma segura de las emisiones de gases contaminantes a la atm\u00f3sfera como \u00fanica forma de poder atajar este grave problema.<\/p>\n<p>As\u00ed lo aseguran en el informe &#8216;Oportunidades para una Ley de Cambio Clim\u00e1tico en Espa\u00f1a basada en presupuestos de carbono&#8217;, que han presentado y en el que se\u00f1alan como prioritario contar con proyectos para la reducci\u00f3n de Gases de Efecto Invernadero (GEI) y la constituci\u00f3n de un marco legislativo legal.<\/p>\n<p>Para el responsable del \u00e1rea del cambio clim\u00e1tico de Amigos de la Tierra, Alejandro Gonz\u00e1lez, se trata de \u00abestablecer objetivos anuales de reducci\u00f3n de emisiones de gases de efecto invernadero de al menos un 3% y obligar a los gobiernos a cumplir sus compromisos\u00bb.<!--more--><\/p>\n<p>Por presupuesto de carbono, explican los ecologistas, se entiende \u00abel establecimiento de un l\u00edmite de emisiones que se puede liberar en un determinado periodo de tiempo por un grupo de sectores o entidades territoriales\u00bb.<\/p>\n<p>El Protocolo de Kioto, que entr\u00f3 en vigor en 2005 y finaliza en 2012, establece l\u00edmites sobre las emisiones de gases de efecto invernadero de los pa\u00edses industrializados y Espa\u00f1a se comprometi\u00f3 (en el marco de la UE) denuncia Gonz\u00e1lez \u00aba no aumentar sus emisiones de GEI en dicho periodo m\u00e1s all\u00e1 de un 15% con respecto a 1990\u00bb.<\/p>\n<p>El impacto de la crisis<\/p>\n<p>La evoluci\u00f3n de las emisiones de gases en Espa\u00f1a ha sido creciente hasta el a\u00f1o 2007 en el que se lanzaron a la atm\u00f3sfera 437.677 millones de toneladas de CO2, para iniciar una bajada a partir de 2008 en que disminuyeron hasta 405.048 de toneladas de CO2, denuncia Amigos de la Tierra, que cita cifras de la Administraci\u00f3n.<\/p>\n<p>La ONG achaca esta reducci\u00f3n del 2008 \u00aba un importante incremento de las energ\u00edas renovables y a un desgaste econ\u00f3mico por la crisis econ\u00f3mica que padecemos en Espa\u00f1a pero no a una pol\u00edtica gubernamental seria\u00bb.<\/p>\n<p>Para los ecologistas, la soluci\u00f3n est\u00e1 en la implementaci\u00f3n de una Ley de cambio clim\u00e1tico basada en presupuestos de carbono que ayuden a establecer las bases de una Justicia Clim\u00e1tica\u00bb.<\/p>\n<p>Desde la organizaci\u00f3n se pretende fortalecer el marco pol\u00edtico nacional e internacional y poner un tope a las emisiones de GEI en cada uno de los sectores emisores por un periodo de tiempo determinado anualmente.<\/p>\n<p>De esta manera, se dispone de un mecanismo de reducci\u00f3n seguro y controlado donde cada responsable de las emisiones tiene la obligaci\u00f3n legal de reducirlas y se obliga a planificar los presupuestos de forma anticipada creando un escenario econ\u00f3micamente predecible a largo plazo.<\/p>\n<p>El informe se enmarca dentro de la campa\u00f1a de Amigos de la Tierra SOS Clima, llamada \u00abThe Big Ask\u00bb en Europa, que demanda en 18 pa\u00edses leyes nacionales que permitan reducir anualmente las emisiones de GEI.<\/p>\n<p>Este informe, \u00abes el primero que introduce estos conceptos en Espa\u00f1a\u00bb afirma Alejandro Gonz\u00e1lez y \u00abesperamos que los acerque a los responsables pol\u00edticos, sectores econ\u00f3micos y la sociedad civil espa\u00f1ola.\u00bb<\/p>\n","protected":false},"excerpt":{"rendered":"<p>Propuesta de Amigos de la Tierra Efe | Madrid. El Mundo.es La organizaci\u00f3n ecologista Amigos de la Tierra considera imprescindible la creaci\u00f3n de una &#8216;Ley contra el cambio clim\u00e1tico&#8217; en Espa\u00f1a, que regule y obligue a la reducci\u00f3n de forma segura de las emisiones de gases contaminantes a la atm\u00f3sfera como \u00fanica forma de poder [&hellip;]<\/p>\n","protected":false},"author":2,"featured_media":0,"comment_status":"open","ping_status":"open","sticky":false,"template":"","format":"standard","meta":{"footnotes":""},"categories":[17,69,58],"tags":[],"class_list":["post-4736","post","type-post","status-publish","format-standard","hentry","category-cambio-climatico","category-movimiento-ciudadano","category-sociedad-y-derechos"],"yoast_head":"<!-- This site is optimized with the Yoast SEO plugin v26.3 - https:\/\/yoast.com\/wordpress\/plugins\/seo\/ -->\n<title>Los ecologistas exigen una &#039;Ley del Cambio Clim\u00e1tico&#039; que obligue a reducir el CO2 - Colectivo Ecologista Turcon<\/title>\n<meta name=\"robots\" content=\"index, follow, max-snippet:-1, max-image-preview:large, max-video-preview:-1\" \/>\n<link rel=\"canonical\" href=\"https:\/\/turcon.es\/wp\/los-ecologistas-exigen-una-ley-del-cambio-climatico-que-obligue-a-reducir-el-co2\/\" \/>\n<meta property=\"og:locale\" content=\"es_ES\" \/>\n<meta property=\"og:type\" content=\"article\" \/>\n<meta property=\"og:title\" content=\"Los ecologistas exigen una &#039;Ley del Cambio Clim\u00e1tico&#039; que obligue a reducir el CO2 - Colectivo Ecologista Turcon\" \/>\n<meta property=\"og:description\" content=\"Propuesta de Amigos de la Tierra Efe | Madrid. El Mundo.es La organizaci\u00f3n ecologista Amigos de la Tierra considera imprescindible la creaci\u00f3n de una &#8216;Ley contra el cambio clim\u00e1tico&#8217; en Espa\u00f1a, que regule y obligue a la reducci\u00f3n de forma segura de las emisiones de gases contaminantes a la atm\u00f3sfera como \u00fanica forma de poder [&hellip;]\" \/>\n<meta property=\"og:url\" content=\"https:\/\/turcon.es\/wp\/los-ecologistas-exigen-una-ley-del-cambio-climatico-que-obligue-a-reducir-el-co2\/\" \/>\n<meta property=\"og:site_name\" content=\"Colectivo Ecologista Turcon\" \/>\n<meta property=\"article:published_time\" content=\"2010-08-08T07:50:53+00:00\" \/>\n<meta property=\"og:image\" content=\"https:\/\/turcon.es\/wp\/wp-content\/uploads\/2010\/07\/091202-01-1.gif\" \/>\n\t<meta property=\"og:image:width\" content=\"150\" \/>\n\t<meta property=\"og:image:height\" content=\"150\" \/>\n\t<meta property=\"og:image:type\" content=\"image\/gif\" \/>\n<meta name=\"author\" content=\"Laura Fernandez\" \/>\n<meta name=\"twitter:card\" content=\"summary_large_image\" \/>\n<meta name=\"twitter:label1\" content=\"Escrito por\" \/>\n\t<meta name=\"twitter:data1\" content=\"Laura Fernandez\" \/>\n\t<meta name=\"twitter:label2\" content=\"Tiempo de lectura\" \/>\n\t<meta name=\"twitter:data2\" content=\"3 minutos\" \/>\n<script type=\"application\/ld+json\" class=\"yoast-schema-graph\">{\"@context\":\"https:\/\/schema.org\",\"@graph\":[{\"@type\":\"Article\",\"@id\":\"https:\/\/turcon.es\/wp\/los-ecologistas-exigen-una-ley-del-cambio-climatico-que-obligue-a-reducir-el-co2\/#article\",\"isPartOf\":{\"@id\":\"https:\/\/turcon.es\/wp\/los-ecologistas-exigen-una-ley-del-cambio-climatico-que-obligue-a-reducir-el-co2\/\"},\"author\":{\"name\":\"Laura Fernandez\",\"@id\":\"https:\/\/turcon.es\/wp\/#\/schema\/person\/a1f3ba727ce031d9da17684affe85edd\"},\"headline\":\"Los ecologistas exigen una &#8216;Ley del Cambio Clim\u00e1tico&#8217; que obligue a reducir el CO2\",\"datePublished\":\"2010-08-08T07:50:53+00:00\",\"mainEntityOfPage\":{\"@id\":\"https:\/\/turcon.es\/wp\/los-ecologistas-exigen-una-ley-del-cambio-climatico-que-obligue-a-reducir-el-co2\/\"},\"wordCount\":569,\"commentCount\":0,\"publisher\":{\"@id\":\"https:\/\/turcon.es\/wp\/#organization\"},\"image\":{\"@id\":\"https:\/\/turcon.es\/wp\/los-ecologistas-exigen-una-ley-del-cambio-climatico-que-obligue-a-reducir-el-co2\/#primaryimage\"},\"thumbnailUrl\":\"http:\/\/turcon.es\/wp\/wp-content\/uploads\/2010\/07\/091202-01.gif\",\"articleSection\":[\"Cambio clim\u00e1tico\",\"Movimiento ciudadano\",\"Sociedad y derechos\"],\"inLanguage\":\"es\",\"potentialAction\":[{\"@type\":\"CommentAction\",\"name\":\"Comment\",\"target\":[\"https:\/\/turcon.es\/wp\/los-ecologistas-exigen-una-ley-del-cambio-climatico-que-obligue-a-reducir-el-co2\/#respond\"]}]},{\"@type\":\"WebPage\",\"@id\":\"https:\/\/turcon.es\/wp\/los-ecologistas-exigen-una-ley-del-cambio-climatico-que-obligue-a-reducir-el-co2\/\",\"url\":\"https:\/\/turcon.es\/wp\/los-ecologistas-exigen-una-ley-del-cambio-climatico-que-obligue-a-reducir-el-co2\/\",\"name\":\"Los ecologistas exigen una 'Ley del Cambio Clim\u00e1tico' que obligue a reducir el CO2 - Colectivo Ecologista Turcon\",\"isPartOf\":{\"@id\":\"https:\/\/turcon.es\/wp\/#website\"},\"primaryImageOfPage\":{\"@id\":\"https:\/\/turcon.es\/wp\/los-ecologistas-exigen-una-ley-del-cambio-climatico-que-obligue-a-reducir-el-co2\/#primaryimage\"},\"image\":{\"@id\":\"https:\/\/turcon.es\/wp\/los-ecologistas-exigen-una-ley-del-cambio-climatico-que-obligue-a-reducir-el-co2\/#primaryimage\"},\"thumbnailUrl\":\"http:\/\/turcon.es\/wp\/wp-content\/uploads\/2010\/07\/091202-01.gif\",\"datePublished\":\"2010-08-08T07:50:53+00:00\",\"breadcrumb\":{\"@id\":\"https:\/\/turcon.es\/wp\/los-ecologistas-exigen-una-ley-del-cambio-climatico-que-obligue-a-reducir-el-co2\/#breadcrumb\"},\"inLanguage\":\"es\",\"potentialAction\":[{\"@type\":\"ReadAction\",\"target\":[\"https:\/\/turcon.es\/wp\/los-ecologistas-exigen-una-ley-del-cambio-climatico-que-obligue-a-reducir-el-co2\/\"]}]},{\"@type\":\"ImageObject\",\"inLanguage\":\"es\",\"@id\":\"https:\/\/turcon.es\/wp\/los-ecologistas-exigen-una-ley-del-cambio-climatico-que-obligue-a-reducir-el-co2\/#primaryimage\",\"url\":\"http:\/\/turcon.es\/wp\/wp-content\/uploads\/2010\/07\/091202-01.gif\",\"contentUrl\":\"http:\/\/turcon.es\/wp\/wp-content\/uploads\/2010\/07\/091202-01.gif\"},{\"@type\":\"BreadcrumbList\",\"@id\":\"https:\/\/turcon.es\/wp\/los-ecologistas-exigen-una-ley-del-cambio-climatico-que-obligue-a-reducir-el-co2\/#breadcrumb\",\"itemListElement\":[{\"@type\":\"ListItem\",\"position\":1,\"name\":\"Portada\",\"item\":\"https:\/\/turcon.es\/wp\/\"},{\"@type\":\"ListItem\",\"position\":2,\"name\":\"Los ecologistas exigen una &#8216;Ley del Cambio Clim\u00e1tico&#8217; que obligue a reducir el CO2\"}]},{\"@type\":\"WebSite\",\"@id\":\"https:\/\/turcon.es\/wp\/#website\",\"url\":\"https:\/\/turcon.es\/wp\/\",\"name\":\"Colectivo Ecologista Turcon\",\"description\":\"\",\"publisher\":{\"@id\":\"https:\/\/turcon.es\/wp\/#organization\"},\"potentialAction\":[{\"@type\":\"SearchAction\",\"target\":{\"@type\":\"EntryPoint\",\"urlTemplate\":\"https:\/\/turcon.es\/wp\/?s={search_term_string}\"},\"query-input\":{\"@type\":\"PropertyValueSpecification\",\"valueRequired\":true,\"valueName\":\"search_term_string\"}}],\"inLanguage\":\"es\"},{\"@type\":\"Organization\",\"@id\":\"https:\/\/turcon.es\/wp\/#organization\",\"name\":\"Colectivo Ecologista Turcon\",\"url\":\"https:\/\/turcon.es\/wp\/\",\"logo\":{\"@type\":\"ImageObject\",\"inLanguage\":\"es\",\"@id\":\"https:\/\/turcon.es\/wp\/#\/schema\/logo\/image\/\",\"url\":\"https:\/\/turcon.es\/wp\/wp-content\/uploads\/2025\/03\/logo-verde.svg\",\"contentUrl\":\"https:\/\/turcon.es\/wp\/wp-content\/uploads\/2025\/03\/logo-verde.svg\",\"width\":813,\"height\":813,\"caption\":\"Colectivo Ecologista Turcon\"},\"image\":{\"@id\":\"https:\/\/turcon.es\/wp\/#\/schema\/logo\/image\/\"}},{\"@type\":\"Person\",\"@id\":\"https:\/\/turcon.es\/wp\/#\/schema\/person\/a1f3ba727ce031d9da17684affe85edd\",\"name\":\"Laura Fernandez\",\"image\":{\"@type\":\"ImageObject\",\"inLanguage\":\"es\",\"@id\":\"https:\/\/turcon.es\/wp\/#\/schema\/person\/image\/\",\"url\":\"https:\/\/secure.gravatar.com\/avatar\/360749af9549af22e54582d50231ae56e854210ae2368797ba242f445a9852e8?s=96&d=mm&r=g\",\"contentUrl\":\"https:\/\/secure.gravatar.com\/avatar\/360749af9549af22e54582d50231ae56e854210ae2368797ba242f445a9852e8?s=96&d=mm&r=g\",\"caption\":\"Laura Fernandez\"},\"url\":\"https:\/\/turcon.es\/wp\/author\/admturcon\/\"}]}<\/script>\n<!-- \/ Yoast SEO plugin. -->","yoast_head_json":{"title":"Los ecologistas exigen una 'Ley del Cambio Clim\u00e1tico' que obligue a reducir el CO2 - Colectivo Ecologista Turcon","robots":{"index":"index","follow":"follow","max-snippet":"max-snippet:-1","max-image-preview":"max-image-preview:large","max-video-preview":"max-video-preview:-1"},"canonical":"https:\/\/turcon.es\/wp\/los-ecologistas-exigen-una-ley-del-cambio-climatico-que-obligue-a-reducir-el-co2\/","og_locale":"es_ES","og_type":"article","og_title":"Los ecologistas exigen una 'Ley del Cambio Clim\u00e1tico' que obligue a reducir el CO2 - Colectivo Ecologista Turcon","og_description":"Propuesta de Amigos de la Tierra Efe | Madrid. El Mundo.es La organizaci\u00f3n ecologista Amigos de la Tierra considera imprescindible la creaci\u00f3n de una &#8216;Ley contra el cambio clim\u00e1tico&#8217; en Espa\u00f1a, que regule y obligue a la reducci\u00f3n de forma segura de las emisiones de gases contaminantes a la atm\u00f3sfera como \u00fanica forma de poder [&hellip;]","og_url":"https:\/\/turcon.es\/wp\/los-ecologistas-exigen-una-ley-del-cambio-climatico-que-obligue-a-reducir-el-co2\/","og_site_name":"Colectivo Ecologista Turcon","article_published_time":"2010-08-08T07:50:53+00:00","og_image":[{"width":150,"height":150,"url":"https:\/\/turcon.es\/wp\/wp-content\/uploads\/2010\/07\/091202-01-1.gif","type":"image\/gif"}],"author":"Laura Fernandez","twitter_card":"summary_large_image","twitter_misc":{"Escrito por":"Laura Fernandez","Tiempo de lectura":"3 minutos"},"schema":{"@context":"https:\/\/schema.org","@graph":[{"@type":"Article","@id":"https:\/\/turcon.es\/wp\/los-ecologistas-exigen-una-ley-del-cambio-climatico-que-obligue-a-reducir-el-co2\/#article","isPartOf":{"@id":"https:\/\/turcon.es\/wp\/los-ecologistas-exigen-una-ley-del-cambio-climatico-que-obligue-a-reducir-el-co2\/"},"author":{"name":"Laura Fernandez","@id":"https:\/\/turcon.es\/wp\/#\/schema\/person\/a1f3ba727ce031d9da17684affe85edd"},"headline":"Los ecologistas exigen una &#8216;Ley del Cambio Clim\u00e1tico&#8217; que obligue a reducir el CO2","datePublished":"2010-08-08T07:50:53+00:00","mainEntityOfPage":{"@id":"https:\/\/turcon.es\/wp\/los-ecologistas-exigen-una-ley-del-cambio-climatico-que-obligue-a-reducir-el-co2\/"},"wordCount":569,"commentCount":0,"publisher":{"@id":"https:\/\/turcon.es\/wp\/#organization"},"image":{"@id":"https:\/\/turcon.es\/wp\/los-ecologistas-exigen-una-ley-del-cambio-climatico-que-obligue-a-reducir-el-co2\/#primaryimage"},"thumbnailUrl":"http:\/\/turcon.es\/wp\/wp-content\/uploads\/2010\/07\/091202-01.gif","articleSection":["Cambio clim\u00e1tico","Movimiento ciudadano","Sociedad y derechos"],"inLanguage":"es","potentialAction":[{"@type":"CommentAction","name":"Comment","target":["https:\/\/turcon.es\/wp\/los-ecologistas-exigen-una-ley-del-cambio-climatico-que-obligue-a-reducir-el-co2\/#respond"]}]},{"@type":"WebPage","@id":"https:\/\/turcon.es\/wp\/los-ecologistas-exigen-una-ley-del-cambio-climatico-que-obligue-a-reducir-el-co2\/","url":"https:\/\/turcon.es\/wp\/los-ecologistas-exigen-una-ley-del-cambio-climatico-que-obligue-a-reducir-el-co2\/","name":"Los ecologistas exigen una 'Ley del Cambio Clim\u00e1tico' que obligue a reducir el CO2 - Colectivo Ecologista Turcon","isPartOf":{"@id":"https:\/\/turcon.es\/wp\/#website"},"primaryImageOfPage":{"@id":"https:\/\/turcon.es\/wp\/los-ecologistas-exigen-una-ley-del-cambio-climatico-que-obligue-a-reducir-el-co2\/#primaryimage"},"image":{"@id":"https:\/\/turcon.es\/wp\/los-ecologistas-exigen-una-ley-del-cambio-climatico-que-obligue-a-reducir-el-co2\/#primaryimage"},"thumbnailUrl":"http:\/\/turcon.es\/wp\/wp-content\/uploads\/2010\/07\/091202-01.gif","datePublished":"2010-08-08T07:50:53+00:00","breadcrumb":{"@id":"https:\/\/turcon.es\/wp\/los-ecologistas-exigen-una-ley-del-cambio-climatico-que-obligue-a-reducir-el-co2\/#breadcrumb"},"inLanguage":"es","potentialAction":[{"@type":"ReadAction","target":["https:\/\/turcon.es\/wp\/los-ecologistas-exigen-una-ley-del-cambio-climatico-que-obligue-a-reducir-el-co2\/"]}]},{"@type":"ImageObject","inLanguage":"es","@id":"https:\/\/turcon.es\/wp\/los-ecologistas-exigen-una-ley-del-cambio-climatico-que-obligue-a-reducir-el-co2\/#primaryimage","url":"http:\/\/turcon.es\/wp\/wp-content\/uploads\/2010\/07\/091202-01.gif","contentUrl":"http:\/\/turcon.es\/wp\/wp-content\/uploads\/2010\/07\/091202-01.gif"},{"@type":"BreadcrumbList","@id":"https:\/\/turcon.es\/wp\/los-ecologistas-exigen-una-ley-del-cambio-climatico-que-obligue-a-reducir-el-co2\/#breadcrumb","itemListElement":[{"@type":"ListItem","position":1,"name":"Portada","item":"https:\/\/turcon.es\/wp\/"},{"@type":"ListItem","position":2,"name":"Los ecologistas exigen una &#8216;Ley del Cambio Clim\u00e1tico&#8217; que obligue a reducir el CO2"}]},{"@type":"WebSite","@id":"https:\/\/turcon.es\/wp\/#website","url":"https:\/\/turcon.es\/wp\/","name":"Colectivo Ecologista Turcon","description":"","publisher":{"@id":"https:\/\/turcon.es\/wp\/#organization"},"potentialAction":[{"@type":"SearchAction","target":{"@type":"EntryPoint","urlTemplate":"https:\/\/turcon.es\/wp\/?s={search_term_string}"},"query-input":{"@type":"PropertyValueSpecification","valueRequired":true,"valueName":"search_term_string"}}],"inLanguage":"es"},{"@type":"Organization","@id":"https:\/\/turcon.es\/wp\/#organization","name":"Colectivo Ecologista Turcon","url":"https:\/\/turcon.es\/wp\/","logo":{"@type":"ImageObject","inLanguage":"es","@id":"https:\/\/turcon.es\/wp\/#\/schema\/logo\/image\/","url":"https:\/\/turcon.es\/wp\/wp-content\/uploads\/2025\/03\/logo-verde.svg","contentUrl":"https:\/\/turcon.es\/wp\/wp-content\/uploads\/2025\/03\/logo-verde.svg","width":813,"height":813,"caption":"Colectivo Ecologista Turcon"},"image":{"@id":"https:\/\/turcon.es\/wp\/#\/schema\/logo\/image\/"}},{"@type":"Person","@id":"https:\/\/turcon.es\/wp\/#\/schema\/person\/a1f3ba727ce031d9da17684affe85edd","name":"Laura Fernandez","image":{"@type":"ImageObject","inLanguage":"es","@id":"https:\/\/turcon.es\/wp\/#\/schema\/person\/image\/","url":"https:\/\/secure.gravatar.com\/avatar\/360749af9549af22e54582d50231ae56e854210ae2368797ba242f445a9852e8?s=96&d=mm&r=g","contentUrl":"https:\/\/secure.gravatar.com\/avatar\/360749af9549af22e54582d50231ae56e854210ae2368797ba242f445a9852e8?s=96&d=mm&r=g","caption":"Laura Fernandez"},"url":"https:\/\/turcon.es\/wp\/author\/admturcon\/"}]}},"_links":{"self":[{"href":"https:\/\/turcon.es\/wp\/wp-json\/wp\/v2\/posts\/4736","targetHints":{"allow":["GET"]}}],"collection":[{"href":"https:\/\/turcon.es\/wp\/wp-json\/wp\/v2\/posts"}],"about":[{"href":"https:\/\/turcon.es\/wp\/wp-json\/wp\/v2\/types\/post"}],"author":[{"embeddable":true,"href":"https:\/\/turcon.es\/wp\/wp-json\/wp\/v2\/users\/2"}],"replies":[{"embeddable":true,"href":"https:\/\/turcon.es\/wp\/wp-json\/wp\/v2\/comments?post=4736"}],"version-history":[{"count":0,"href":"https:\/\/turcon.es\/wp\/wp-json\/wp\/v2\/posts\/4736\/revisions"}],"wp:attachment":[{"href":"https:\/\/turcon.es\/wp\/wp-json\/wp\/v2\/media?parent=4736"}],"wp:term":[{"taxonomy":"category","embeddable":true,"href":"https:\/\/turcon.es\/wp\/wp-json\/wp\/v2\/categories?post=4736"},{"taxonomy":"post_tag","embeddable":true,"href":"https:\/\/turcon.es\/wp\/wp-json\/wp\/v2\/tags?post=4736"}],"curies":[{"name":"wp","href":"https:\/\/api.w.org\/{rel}","templated":true}]}}