{"id":4929,"date":"2010-09-13T22:52:45","date_gmt":"2010-09-13T22:52:45","guid":{"rendered":"http:\/\/turcon.wordpress.com\/?p=4929"},"modified":"2010-09-13T22:52:45","modified_gmt":"2010-09-13T22:52:45","slug":"el-platano-ecologico-la-finca-del-tio-isidro-y-biodiario","status":"publish","type":"post","link":"https:\/\/turcon.es\/wp\/el-platano-ecologico-la-finca-del-tio-isidro-y-biodiario\/","title":{"rendered":"El pl\u00e1tano ecol\u00f3gico, la Finca del T\u00edo Isidro y Biodiario"},"content":{"rendered":"<h3 style=\"text-align:justify;\">Un pl\u00e1tano con pedigr\u00ed el que se cultiva en la Finca del T\u00edo Isidro en Telde-Gran Canaria.<\/h3>\n<p style=\"text-align:justify;\">La variedad Natur, cultivada sin qu\u00edmicos, con abonados naturales y tratamientos preventivos para conseguir una fruta de superior calidad.<\/p>\n<p style=\"text-align:justify;\">El futuro de la nueva producci\u00f3n de pl\u00e1tanos para consumo local y para exportaci\u00f3n a Europa.<\/p>\n<p style=\"text-align:justify;\"><strong>Fernando la Fuente explica para el programa\u00a0 Biodiario de TVE-2 los c\u00e1nones de calidad de dicho producto que se cultiva en esta finca.<\/strong><\/p>\n<p>[youtube=http:\/\/www.youtube.com\/watch?v=ElnCK_nrw7k&amp;hl=es&amp;fs=1]<\/p>\n<h2 style=\"text-align:justify;\"><span style=\"text-decoration:underline;\"><strong>La fruta de los sabios.<\/strong><\/span><\/h2>\n<p style=\"text-align:justify;\"><strong>Esta fruta tropical posee una excelente  combinaci\u00f3n de energ\u00eda, minerales y vitaminas que la convierten en un  alimento indispensable en cualquier dieta, incluidas las de diabetes y  adelgazamiento. Es, adem\u00e1s, el complemento perfecto para personas con  gran actividad f\u00edsica, como ni\u00f1os y deportistas.<\/strong><\/p>\n<p style=\"text-align:justify;\">\u00abUn \u00e1rbol frutal extraordinario\u00bb. Los \u00e1rabes y los griegos defin\u00edan con  esta halagadora frase al pl\u00e1tano, cuyas propiedades beneficiosas para la  salud se conocen desde hace miles de a\u00f1os. En la India recib\u00eda el  nombre de \u201cla fruta de los sabios\u201d, ya que, seg\u00fan una antigua leyenda,  los m\u00e1s insignes pensadores hind\u00faes meditaban bajo su sombra mientras  com\u00edan de su fruto, s\u00edmbolo de fecundidad y prosperidad. El pl\u00e1tano no  es s\u00f3lo de una de las frutas m\u00e1s consumidas en el mundo entero, sino  tambi\u00e9n una de las m\u00e1s sanas. Su sabor es dulce y delicioso, es una  fruta rica en vitaminas C y B6 y minerales esenciales, y se caracteriza  por dotar de sabor a infinidad de platos.<\/p>\n<p style=\"text-align:justify;\">\n","protected":false},"excerpt":{"rendered":"<p>Un pl\u00e1tano con pedigr\u00ed el que se cultiva en la Finca del T\u00edo Isidro en Telde-Gran Canaria. La variedad Natur, cultivada sin qu\u00edmicos, con abonados naturales y tratamientos preventivos para conseguir una fruta de superior calidad. El futuro de la nueva producci\u00f3n de pl\u00e1tanos para consumo local y para exportaci\u00f3n a Europa. Fernando la Fuente [&hellip;]<\/p>\n","protected":false},"author":2,"featured_media":0,"comment_status":"open","ping_status":"open","sticky":false,"template":"","format":"standard","meta":{"footnotes":""},"categories":[9,11,60],"tags":[125,1336],"class_list":["post-4929","post","type-post","status-publish","format-standard","hentry","category-agricultura-y-ganaderia","category-alimentacion","category-telde-gran-canaria","tag-agricultura-sin-quimicos","tag-platanos"],"yoast_head":"<!-- This site is optimized with the Yoast SEO plugin v26.3 - https:\/\/yoast.com\/wordpress\/plugins\/seo\/ -->\n<title>El pl\u00e1tano ecol\u00f3gico, la Finca del T\u00edo Isidro y Biodiario - Colectivo Ecologista Turcon<\/title>\n<meta name=\"robots\" content=\"index, follow, max-snippet:-1, max-image-preview:large, max-video-preview:-1\" \/>\n<link rel=\"canonical\" href=\"https:\/\/turcon.es\/wp\/el-platano-ecologico-la-finca-del-tio-isidro-y-biodiario\/\" \/>\n<meta property=\"og:locale\" content=\"es_ES\" \/>\n<meta property=\"og:type\" content=\"article\" \/>\n<meta property=\"og:title\" content=\"El pl\u00e1tano ecol\u00f3gico, la Finca del T\u00edo Isidro y Biodiario - Colectivo Ecologista Turcon\" \/>\n<meta property=\"og:description\" content=\"Un pl\u00e1tano con pedigr\u00ed el que se cultiva en la Finca del T\u00edo Isidro en Telde-Gran Canaria. La variedad Natur, cultivada sin qu\u00edmicos, con abonados naturales y tratamientos preventivos para conseguir una fruta de superior calidad. El futuro de la nueva producci\u00f3n de pl\u00e1tanos para consumo local y para exportaci\u00f3n a Europa. Fernando la Fuente [&hellip;]\" \/>\n<meta property=\"og:url\" content=\"https:\/\/turcon.es\/wp\/el-platano-ecologico-la-finca-del-tio-isidro-y-biodiario\/\" \/>\n<meta property=\"og:site_name\" content=\"Colectivo Ecologista Turcon\" \/>\n<meta property=\"article:published_time\" content=\"2010-09-13T22:52:45+00:00\" \/>\n<meta name=\"author\" content=\"Laura Fernandez\" \/>\n<meta name=\"twitter:card\" content=\"summary_large_image\" \/>\n<meta name=\"twitter:label1\" content=\"Escrito por\" \/>\n\t<meta name=\"twitter:data1\" content=\"Laura Fernandez\" \/>\n\t<meta name=\"twitter:label2\" content=\"Tiempo de lectura\" \/>\n\t<meta name=\"twitter:data2\" content=\"1 minuto\" \/>\n<script type=\"application\/ld+json\" class=\"yoast-schema-graph\">{\"@context\":\"https:\/\/schema.org\",\"@graph\":[{\"@type\":\"Article\",\"@id\":\"https:\/\/turcon.es\/wp\/el-platano-ecologico-la-finca-del-tio-isidro-y-biodiario\/#article\",\"isPartOf\":{\"@id\":\"https:\/\/turcon.es\/wp\/el-platano-ecologico-la-finca-del-tio-isidro-y-biodiario\/\"},\"author\":{\"name\":\"Laura Fernandez\",\"@id\":\"https:\/\/turcon.es\/wp\/#\/schema\/person\/a1f3ba727ce031d9da17684affe85edd\"},\"headline\":\"El pl\u00e1tano ecol\u00f3gico, la Finca del T\u00edo Isidro y Biodiario\",\"datePublished\":\"2010-09-13T22:52:45+00:00\",\"mainEntityOfPage\":{\"@id\":\"https:\/\/turcon.es\/wp\/el-platano-ecologico-la-finca-del-tio-isidro-y-biodiario\/\"},\"wordCount\":295,\"commentCount\":0,\"publisher\":{\"@id\":\"https:\/\/turcon.es\/wp\/#organization\"},\"keywords\":[\"agricultura sin quimicos\",\"Platanos\"],\"articleSection\":[\"Agricultura y ganader\u00eda\",\"Alimentaci\u00f3n\",\"Telde (Gran Canaria)\"],\"inLanguage\":\"es\",\"potentialAction\":[{\"@type\":\"CommentAction\",\"name\":\"Comment\",\"target\":[\"https:\/\/turcon.es\/wp\/el-platano-ecologico-la-finca-del-tio-isidro-y-biodiario\/#respond\"]}]},{\"@type\":\"WebPage\",\"@id\":\"https:\/\/turcon.es\/wp\/el-platano-ecologico-la-finca-del-tio-isidro-y-biodiario\/\",\"url\":\"https:\/\/turcon.es\/wp\/el-platano-ecologico-la-finca-del-tio-isidro-y-biodiario\/\",\"name\":\"El pl\u00e1tano ecol\u00f3gico, la Finca del T\u00edo Isidro y Biodiario - Colectivo Ecologista Turcon\",\"isPartOf\":{\"@id\":\"https:\/\/turcon.es\/wp\/#website\"},\"datePublished\":\"2010-09-13T22:52:45+00:00\",\"breadcrumb\":{\"@id\":\"https:\/\/turcon.es\/wp\/el-platano-ecologico-la-finca-del-tio-isidro-y-biodiario\/#breadcrumb\"},\"inLanguage\":\"es\",\"potentialAction\":[{\"@type\":\"ReadAction\",\"target\":[\"https:\/\/turcon.es\/wp\/el-platano-ecologico-la-finca-del-tio-isidro-y-biodiario\/\"]}]},{\"@type\":\"BreadcrumbList\",\"@id\":\"https:\/\/turcon.es\/wp\/el-platano-ecologico-la-finca-del-tio-isidro-y-biodiario\/#breadcrumb\",\"itemListElement\":[{\"@type\":\"ListItem\",\"position\":1,\"name\":\"Portada\",\"item\":\"https:\/\/turcon.es\/wp\/\"},{\"@type\":\"ListItem\",\"position\":2,\"name\":\"El pl\u00e1tano ecol\u00f3gico, la Finca del T\u00edo Isidro y Biodiario\"}]},{\"@type\":\"WebSite\",\"@id\":\"https:\/\/turcon.es\/wp\/#website\",\"url\":\"https:\/\/turcon.es\/wp\/\",\"name\":\"Colectivo Ecologista Turcon\",\"description\":\"\",\"publisher\":{\"@id\":\"https:\/\/turcon.es\/wp\/#organization\"},\"potentialAction\":[{\"@type\":\"SearchAction\",\"target\":{\"@type\":\"EntryPoint\",\"urlTemplate\":\"https:\/\/turcon.es\/wp\/?s={search_term_string}\"},\"query-input\":{\"@type\":\"PropertyValueSpecification\",\"valueRequired\":true,\"valueName\":\"search_term_string\"}}],\"inLanguage\":\"es\"},{\"@type\":\"Organization\",\"@id\":\"https:\/\/turcon.es\/wp\/#organization\",\"name\":\"Colectivo Ecologista Turcon\",\"url\":\"https:\/\/turcon.es\/wp\/\",\"logo\":{\"@type\":\"ImageObject\",\"inLanguage\":\"es\",\"@id\":\"https:\/\/turcon.es\/wp\/#\/schema\/logo\/image\/\",\"url\":\"https:\/\/turcon.es\/wp\/wp-content\/uploads\/2025\/03\/logo-verde.svg\",\"contentUrl\":\"https:\/\/turcon.es\/wp\/wp-content\/uploads\/2025\/03\/logo-verde.svg\",\"width\":813,\"height\":813,\"caption\":\"Colectivo Ecologista Turcon\"},\"image\":{\"@id\":\"https:\/\/turcon.es\/wp\/#\/schema\/logo\/image\/\"}},{\"@type\":\"Person\",\"@id\":\"https:\/\/turcon.es\/wp\/#\/schema\/person\/a1f3ba727ce031d9da17684affe85edd\",\"name\":\"Laura Fernandez\",\"image\":{\"@type\":\"ImageObject\",\"inLanguage\":\"es\",\"@id\":\"https:\/\/turcon.es\/wp\/#\/schema\/person\/image\/\",\"url\":\"https:\/\/secure.gravatar.com\/avatar\/360749af9549af22e54582d50231ae56e854210ae2368797ba242f445a9852e8?s=96&d=mm&r=g\",\"contentUrl\":\"https:\/\/secure.gravatar.com\/avatar\/360749af9549af22e54582d50231ae56e854210ae2368797ba242f445a9852e8?s=96&d=mm&r=g\",\"caption\":\"Laura Fernandez\"},\"url\":\"https:\/\/turcon.es\/wp\/author\/admturcon\/\"}]}<\/script>\n<!-- \/ Yoast SEO plugin. -->","yoast_head_json":{"title":"El pl\u00e1tano ecol\u00f3gico, la Finca del T\u00edo Isidro y Biodiario - Colectivo Ecologista Turcon","robots":{"index":"index","follow":"follow","max-snippet":"max-snippet:-1","max-image-preview":"max-image-preview:large","max-video-preview":"max-video-preview:-1"},"canonical":"https:\/\/turcon.es\/wp\/el-platano-ecologico-la-finca-del-tio-isidro-y-biodiario\/","og_locale":"es_ES","og_type":"article","og_title":"El pl\u00e1tano ecol\u00f3gico, la Finca del T\u00edo Isidro y Biodiario - Colectivo Ecologista Turcon","og_description":"Un pl\u00e1tano con pedigr\u00ed el que se cultiva en la Finca del T\u00edo Isidro en Telde-Gran Canaria. La variedad Natur, cultivada sin qu\u00edmicos, con abonados naturales y tratamientos preventivos para conseguir una fruta de superior calidad. El futuro de la nueva producci\u00f3n de pl\u00e1tanos para consumo local y para exportaci\u00f3n a Europa. Fernando la Fuente [&hellip;]","og_url":"https:\/\/turcon.es\/wp\/el-platano-ecologico-la-finca-del-tio-isidro-y-biodiario\/","og_site_name":"Colectivo Ecologista Turcon","article_published_time":"2010-09-13T22:52:45+00:00","author":"Laura Fernandez","twitter_card":"summary_large_image","twitter_misc":{"Escrito por":"Laura Fernandez","Tiempo de lectura":"1 minuto"},"schema":{"@context":"https:\/\/schema.org","@graph":[{"@type":"Article","@id":"https:\/\/turcon.es\/wp\/el-platano-ecologico-la-finca-del-tio-isidro-y-biodiario\/#article","isPartOf":{"@id":"https:\/\/turcon.es\/wp\/el-platano-ecologico-la-finca-del-tio-isidro-y-biodiario\/"},"author":{"name":"Laura Fernandez","@id":"https:\/\/turcon.es\/wp\/#\/schema\/person\/a1f3ba727ce031d9da17684affe85edd"},"headline":"El pl\u00e1tano ecol\u00f3gico, la Finca del T\u00edo Isidro y Biodiario","datePublished":"2010-09-13T22:52:45+00:00","mainEntityOfPage":{"@id":"https:\/\/turcon.es\/wp\/el-platano-ecologico-la-finca-del-tio-isidro-y-biodiario\/"},"wordCount":295,"commentCount":0,"publisher":{"@id":"https:\/\/turcon.es\/wp\/#organization"},"keywords":["agricultura sin quimicos","Platanos"],"articleSection":["Agricultura y ganader\u00eda","Alimentaci\u00f3n","Telde (Gran Canaria)"],"inLanguage":"es","potentialAction":[{"@type":"CommentAction","name":"Comment","target":["https:\/\/turcon.es\/wp\/el-platano-ecologico-la-finca-del-tio-isidro-y-biodiario\/#respond"]}]},{"@type":"WebPage","@id":"https:\/\/turcon.es\/wp\/el-platano-ecologico-la-finca-del-tio-isidro-y-biodiario\/","url":"https:\/\/turcon.es\/wp\/el-platano-ecologico-la-finca-del-tio-isidro-y-biodiario\/","name":"El pl\u00e1tano ecol\u00f3gico, la Finca del T\u00edo Isidro y Biodiario - Colectivo Ecologista Turcon","isPartOf":{"@id":"https:\/\/turcon.es\/wp\/#website"},"datePublished":"2010-09-13T22:52:45+00:00","breadcrumb":{"@id":"https:\/\/turcon.es\/wp\/el-platano-ecologico-la-finca-del-tio-isidro-y-biodiario\/#breadcrumb"},"inLanguage":"es","potentialAction":[{"@type":"ReadAction","target":["https:\/\/turcon.es\/wp\/el-platano-ecologico-la-finca-del-tio-isidro-y-biodiario\/"]}]},{"@type":"BreadcrumbList","@id":"https:\/\/turcon.es\/wp\/el-platano-ecologico-la-finca-del-tio-isidro-y-biodiario\/#breadcrumb","itemListElement":[{"@type":"ListItem","position":1,"name":"Portada","item":"https:\/\/turcon.es\/wp\/"},{"@type":"ListItem","position":2,"name":"El pl\u00e1tano ecol\u00f3gico, la Finca del T\u00edo Isidro y Biodiario"}]},{"@type":"WebSite","@id":"https:\/\/turcon.es\/wp\/#website","url":"https:\/\/turcon.es\/wp\/","name":"Colectivo Ecologista Turcon","description":"","publisher":{"@id":"https:\/\/turcon.es\/wp\/#organization"},"potentialAction":[{"@type":"SearchAction","target":{"@type":"EntryPoint","urlTemplate":"https:\/\/turcon.es\/wp\/?s={search_term_string}"},"query-input":{"@type":"PropertyValueSpecification","valueRequired":true,"valueName":"search_term_string"}}],"inLanguage":"es"},{"@type":"Organization","@id":"https:\/\/turcon.es\/wp\/#organization","name":"Colectivo Ecologista Turcon","url":"https:\/\/turcon.es\/wp\/","logo":{"@type":"ImageObject","inLanguage":"es","@id":"https:\/\/turcon.es\/wp\/#\/schema\/logo\/image\/","url":"https:\/\/turcon.es\/wp\/wp-content\/uploads\/2025\/03\/logo-verde.svg","contentUrl":"https:\/\/turcon.es\/wp\/wp-content\/uploads\/2025\/03\/logo-verde.svg","width":813,"height":813,"caption":"Colectivo Ecologista Turcon"},"image":{"@id":"https:\/\/turcon.es\/wp\/#\/schema\/logo\/image\/"}},{"@type":"Person","@id":"https:\/\/turcon.es\/wp\/#\/schema\/person\/a1f3ba727ce031d9da17684affe85edd","name":"Laura Fernandez","image":{"@type":"ImageObject","inLanguage":"es","@id":"https:\/\/turcon.es\/wp\/#\/schema\/person\/image\/","url":"https:\/\/secure.gravatar.com\/avatar\/360749af9549af22e54582d50231ae56e854210ae2368797ba242f445a9852e8?s=96&d=mm&r=g","contentUrl":"https:\/\/secure.gravatar.com\/avatar\/360749af9549af22e54582d50231ae56e854210ae2368797ba242f445a9852e8?s=96&d=mm&r=g","caption":"Laura Fernandez"},"url":"https:\/\/turcon.es\/wp\/author\/admturcon\/"}]}},"_links":{"self":[{"href":"https:\/\/turcon.es\/wp\/wp-json\/wp\/v2\/posts\/4929","targetHints":{"allow":["GET"]}}],"collection":[{"href":"https:\/\/turcon.es\/wp\/wp-json\/wp\/v2\/posts"}],"about":[{"href":"https:\/\/turcon.es\/wp\/wp-json\/wp\/v2\/types\/post"}],"author":[{"embeddable":true,"href":"https:\/\/turcon.es\/wp\/wp-json\/wp\/v2\/users\/2"}],"replies":[{"embeddable":true,"href":"https:\/\/turcon.es\/wp\/wp-json\/wp\/v2\/comments?post=4929"}],"version-history":[{"count":0,"href":"https:\/\/turcon.es\/wp\/wp-json\/wp\/v2\/posts\/4929\/revisions"}],"wp:attachment":[{"href":"https:\/\/turcon.es\/wp\/wp-json\/wp\/v2\/media?parent=4929"}],"wp:term":[{"taxonomy":"category","embeddable":true,"href":"https:\/\/turcon.es\/wp\/wp-json\/wp\/v2\/categories?post=4929"},{"taxonomy":"post_tag","embeddable":true,"href":"https:\/\/turcon.es\/wp\/wp-json\/wp\/v2\/tags?post=4929"}],"curies":[{"name":"wp","href":"https:\/\/api.w.org\/{rel}","templated":true}]}}