{"id":5283,"date":"2010-11-23T09:37:03","date_gmt":"2010-11-23T09:37:03","guid":{"rendered":"http:\/\/turcon.wordpress.com\/?p=5283"},"modified":"2010-11-23T09:37:03","modified_gmt":"2010-11-23T09:37:03","slug":"charla-debate-la-energia-electrica-en-canarias-desde-el-punto-de-vista-ecologista-entre-el-realismo-y-la-utopia","status":"publish","type":"post","link":"https:\/\/turcon.es\/wp\/charla-debate-la-energia-electrica-en-canarias-desde-el-punto-de-vista-ecologista-entre-el-realismo-y-la-utopia\/","title":{"rendered":"Charla &#8211; Debate: La energ\u00eda el\u00e9ctrica en Canarias desde el punto de vista ecologista: entre el realismo y la utop\u00eda."},"content":{"rendered":"<h2 style=\"text-align:justify;\"><span style=\"color:#0000ff;\">Ben Magec Ecologistas en Acci\u00f3n te invita<\/span><\/h2>\n<h3 style=\"text-align:justify;\"><a href=\"http:\/\/turcon.es\/wp\/wp-content\/uploads\/2010\/11\/casa-vede.jpg\"><img fetchpriority=\"high\" decoding=\"async\" class=\"alignleft size-full wp-image-5284\" title=\"casa vede\" src=\"http:\/\/turcon.es\/wp\/wp-content\/uploads\/2010\/11\/casa-vede.jpg\" alt=\"\" width=\"225\" height=\"225\" \/><\/a><\/h3>\n<h3 style=\"text-align:justify;\">El viernes,\u00a0\u00a026 de noviembre a las 19:30 horas.<\/h3>\n<h3 style=\"text-align:justify;\">En la Calle Eusebio Navarro, 16. Las Palmas de G.C. a la<\/h3>\n<h3 style=\"text-align:justify;\"><span style=\"color:#0000ff;\">Charla &#8211; Debate: La energ\u00eda el\u00e9ctrica en Canarias desde el punto de  vista ecologista: entre el realismo y la utop\u00eda.<\/span><\/h3>\n<h3 style=\"text-align:justify;\">Introduce el debate Gilberto Martel. Miembro de Turc\u00f3n Ecologistas en  Acci\u00f3n.<\/h3>\n<h3 style=\"text-align:justify;\">Atentamente.<\/h3>\n<h3 style=\"text-align:justify;\">Ben Magec Ecologistas en Acci\u00f3n<\/h3>\n","protected":false},"excerpt":{"rendered":"<p>Ben Magec Ecologistas en Acci\u00f3n te invita<br \/>\nEl viernes,  26 de noviembre a las 19:30 horas.<\/p>\n","protected":false},"author":2,"featured_media":0,"comment_status":"open","ping_status":"open","sticky":false,"template":"","format":"standard","meta":{"footnotes":""},"categories":[18,34,35,54],"tags":[457],"class_list":["post-5283","post","type-post","status-publish","format-standard","hentry","category-canarias","category-energia","category-energias-renovables","category-recomendamos-para-leer-ver-y-escuchar","tag-conferencia-sobre-energia"],"yoast_head":"<!-- This site is optimized with the Yoast SEO plugin v26.3 - https:\/\/yoast.com\/wordpress\/plugins\/seo\/ -->\n<title>Charla - Debate: La energ\u00eda el\u00e9ctrica en Canarias desde el punto de vista ecologista: entre el realismo y la utop\u00eda. - Colectivo Ecologista Turcon<\/title>\n<meta name=\"robots\" content=\"index, follow, max-snippet:-1, max-image-preview:large, max-video-preview:-1\" \/>\n<link rel=\"canonical\" href=\"https:\/\/turcon.es\/wp\/charla-debate-la-energia-electrica-en-canarias-desde-el-punto-de-vista-ecologista-entre-el-realismo-y-la-utopia\/\" \/>\n<meta property=\"og:locale\" content=\"es_ES\" \/>\n<meta property=\"og:type\" content=\"article\" \/>\n<meta property=\"og:title\" content=\"Charla - Debate: La energ\u00eda el\u00e9ctrica en Canarias desde el punto de vista ecologista: entre el realismo y la utop\u00eda. - Colectivo Ecologista Turcon\" \/>\n<meta property=\"og:description\" content=\"Ben Magec Ecologistas en Acci\u00f3n te invita El viernes, 26 de noviembre a las 19:30 horas.\" \/>\n<meta property=\"og:url\" content=\"https:\/\/turcon.es\/wp\/charla-debate-la-energia-electrica-en-canarias-desde-el-punto-de-vista-ecologista-entre-el-realismo-y-la-utopia\/\" \/>\n<meta property=\"og:site_name\" content=\"Colectivo Ecologista Turcon\" \/>\n<meta property=\"article:published_time\" content=\"2010-11-23T09:37:03+00:00\" \/>\n<meta property=\"og:image\" content=\"https:\/\/turcon.es\/wp\/wp-content\/uploads\/2010\/11\/casa-vede-1.jpg\" \/>\n\t<meta property=\"og:image:width\" content=\"225\" \/>\n\t<meta property=\"og:image:height\" content=\"225\" \/>\n\t<meta property=\"og:image:type\" content=\"image\/jpeg\" \/>\n<meta name=\"author\" content=\"Laura Fernandez\" \/>\n<meta name=\"twitter:card\" content=\"summary_large_image\" \/>\n<meta name=\"twitter:label1\" content=\"Escrito por\" \/>\n\t<meta name=\"twitter:data1\" content=\"Laura Fernandez\" \/>\n<script type=\"application\/ld+json\" class=\"yoast-schema-graph\">{\"@context\":\"https:\/\/schema.org\",\"@graph\":[{\"@type\":\"Article\",\"@id\":\"https:\/\/turcon.es\/wp\/charla-debate-la-energia-electrica-en-canarias-desde-el-punto-de-vista-ecologista-entre-el-realismo-y-la-utopia\/#article\",\"isPartOf\":{\"@id\":\"https:\/\/turcon.es\/wp\/charla-debate-la-energia-electrica-en-canarias-desde-el-punto-de-vista-ecologista-entre-el-realismo-y-la-utopia\/\"},\"author\":{\"name\":\"Laura Fernandez\",\"@id\":\"https:\/\/turcon.es\/wp\/#\/schema\/person\/a1f3ba727ce031d9da17684affe85edd\"},\"headline\":\"Charla &#8211; Debate: La energ\u00eda el\u00e9ctrica en Canarias desde el punto de vista ecologista: entre el realismo y la utop\u00eda.\",\"datePublished\":\"2010-11-23T09:37:03+00:00\",\"mainEntityOfPage\":{\"@id\":\"https:\/\/turcon.es\/wp\/charla-debate-la-energia-electrica-en-canarias-desde-el-punto-de-vista-ecologista-entre-el-realismo-y-la-utopia\/\"},\"wordCount\":93,\"commentCount\":0,\"publisher\":{\"@id\":\"https:\/\/turcon.es\/wp\/#organization\"},\"image\":{\"@id\":\"https:\/\/turcon.es\/wp\/charla-debate-la-energia-electrica-en-canarias-desde-el-punto-de-vista-ecologista-entre-el-realismo-y-la-utopia\/#primaryimage\"},\"thumbnailUrl\":\"http:\/\/turcon.es\/wp\/wp-content\/uploads\/2010\/11\/casa-vede.jpg\",\"keywords\":[\"Conferencia sobre energia\"],\"articleSection\":[\"Canarias\",\"Energ\u00eda\",\"Energ\u00edas renovables\",\"Recomendamos para leer, ver y escuchar...\"],\"inLanguage\":\"es\",\"potentialAction\":[{\"@type\":\"CommentAction\",\"name\":\"Comment\",\"target\":[\"https:\/\/turcon.es\/wp\/charla-debate-la-energia-electrica-en-canarias-desde-el-punto-de-vista-ecologista-entre-el-realismo-y-la-utopia\/#respond\"]}]},{\"@type\":\"WebPage\",\"@id\":\"https:\/\/turcon.es\/wp\/charla-debate-la-energia-electrica-en-canarias-desde-el-punto-de-vista-ecologista-entre-el-realismo-y-la-utopia\/\",\"url\":\"https:\/\/turcon.es\/wp\/charla-debate-la-energia-electrica-en-canarias-desde-el-punto-de-vista-ecologista-entre-el-realismo-y-la-utopia\/\",\"name\":\"Charla - Debate: La energ\u00eda el\u00e9ctrica en Canarias desde el punto de vista ecologista: entre el realismo y la utop\u00eda. - Colectivo Ecologista Turcon\",\"isPartOf\":{\"@id\":\"https:\/\/turcon.es\/wp\/#website\"},\"primaryImageOfPage\":{\"@id\":\"https:\/\/turcon.es\/wp\/charla-debate-la-energia-electrica-en-canarias-desde-el-punto-de-vista-ecologista-entre-el-realismo-y-la-utopia\/#primaryimage\"},\"image\":{\"@id\":\"https:\/\/turcon.es\/wp\/charla-debate-la-energia-electrica-en-canarias-desde-el-punto-de-vista-ecologista-entre-el-realismo-y-la-utopia\/#primaryimage\"},\"thumbnailUrl\":\"http:\/\/turcon.es\/wp\/wp-content\/uploads\/2010\/11\/casa-vede.jpg\",\"datePublished\":\"2010-11-23T09:37:03+00:00\",\"breadcrumb\":{\"@id\":\"https:\/\/turcon.es\/wp\/charla-debate-la-energia-electrica-en-canarias-desde-el-punto-de-vista-ecologista-entre-el-realismo-y-la-utopia\/#breadcrumb\"},\"inLanguage\":\"es\",\"potentialAction\":[{\"@type\":\"ReadAction\",\"target\":[\"https:\/\/turcon.es\/wp\/charla-debate-la-energia-electrica-en-canarias-desde-el-punto-de-vista-ecologista-entre-el-realismo-y-la-utopia\/\"]}]},{\"@type\":\"ImageObject\",\"inLanguage\":\"es\",\"@id\":\"https:\/\/turcon.es\/wp\/charla-debate-la-energia-electrica-en-canarias-desde-el-punto-de-vista-ecologista-entre-el-realismo-y-la-utopia\/#primaryimage\",\"url\":\"http:\/\/turcon.es\/wp\/wp-content\/uploads\/2010\/11\/casa-vede.jpg\",\"contentUrl\":\"http:\/\/turcon.es\/wp\/wp-content\/uploads\/2010\/11\/casa-vede.jpg\"},{\"@type\":\"BreadcrumbList\",\"@id\":\"https:\/\/turcon.es\/wp\/charla-debate-la-energia-electrica-en-canarias-desde-el-punto-de-vista-ecologista-entre-el-realismo-y-la-utopia\/#breadcrumb\",\"itemListElement\":[{\"@type\":\"ListItem\",\"position\":1,\"name\":\"Portada\",\"item\":\"https:\/\/turcon.es\/wp\/\"},{\"@type\":\"ListItem\",\"position\":2,\"name\":\"Charla &#8211; Debate: La energ\u00eda el\u00e9ctrica en Canarias desde el punto de vista ecologista: entre el realismo y la utop\u00eda.\"}]},{\"@type\":\"WebSite\",\"@id\":\"https:\/\/turcon.es\/wp\/#website\",\"url\":\"https:\/\/turcon.es\/wp\/\",\"name\":\"Colectivo Ecologista Turcon\",\"description\":\"\",\"publisher\":{\"@id\":\"https:\/\/turcon.es\/wp\/#organization\"},\"potentialAction\":[{\"@type\":\"SearchAction\",\"target\":{\"@type\":\"EntryPoint\",\"urlTemplate\":\"https:\/\/turcon.es\/wp\/?s={search_term_string}\"},\"query-input\":{\"@type\":\"PropertyValueSpecification\",\"valueRequired\":true,\"valueName\":\"search_term_string\"}}],\"inLanguage\":\"es\"},{\"@type\":\"Organization\",\"@id\":\"https:\/\/turcon.es\/wp\/#organization\",\"name\":\"Colectivo Ecologista Turcon\",\"url\":\"https:\/\/turcon.es\/wp\/\",\"logo\":{\"@type\":\"ImageObject\",\"inLanguage\":\"es\",\"@id\":\"https:\/\/turcon.es\/wp\/#\/schema\/logo\/image\/\",\"url\":\"https:\/\/turcon.es\/wp\/wp-content\/uploads\/2025\/03\/logo-verde.svg\",\"contentUrl\":\"https:\/\/turcon.es\/wp\/wp-content\/uploads\/2025\/03\/logo-verde.svg\",\"width\":813,\"height\":813,\"caption\":\"Colectivo Ecologista Turcon\"},\"image\":{\"@id\":\"https:\/\/turcon.es\/wp\/#\/schema\/logo\/image\/\"}},{\"@type\":\"Person\",\"@id\":\"https:\/\/turcon.es\/wp\/#\/schema\/person\/a1f3ba727ce031d9da17684affe85edd\",\"name\":\"Laura Fernandez\",\"image\":{\"@type\":\"ImageObject\",\"inLanguage\":\"es\",\"@id\":\"https:\/\/turcon.es\/wp\/#\/schema\/person\/image\/\",\"url\":\"https:\/\/secure.gravatar.com\/avatar\/360749af9549af22e54582d50231ae56e854210ae2368797ba242f445a9852e8?s=96&d=mm&r=g\",\"contentUrl\":\"https:\/\/secure.gravatar.com\/avatar\/360749af9549af22e54582d50231ae56e854210ae2368797ba242f445a9852e8?s=96&d=mm&r=g\",\"caption\":\"Laura Fernandez\"},\"url\":\"https:\/\/turcon.es\/wp\/author\/admturcon\/\"}]}<\/script>\n<!-- \/ Yoast SEO plugin. -->","yoast_head_json":{"title":"Charla - Debate: La energ\u00eda el\u00e9ctrica en Canarias desde el punto de vista ecologista: entre el realismo y la utop\u00eda. - Colectivo Ecologista Turcon","robots":{"index":"index","follow":"follow","max-snippet":"max-snippet:-1","max-image-preview":"max-image-preview:large","max-video-preview":"max-video-preview:-1"},"canonical":"https:\/\/turcon.es\/wp\/charla-debate-la-energia-electrica-en-canarias-desde-el-punto-de-vista-ecologista-entre-el-realismo-y-la-utopia\/","og_locale":"es_ES","og_type":"article","og_title":"Charla - Debate: La energ\u00eda el\u00e9ctrica en Canarias desde el punto de vista ecologista: entre el realismo y la utop\u00eda. - Colectivo Ecologista Turcon","og_description":"Ben Magec Ecologistas en Acci\u00f3n te invita El viernes, 26 de noviembre a las 19:30 horas.","og_url":"https:\/\/turcon.es\/wp\/charla-debate-la-energia-electrica-en-canarias-desde-el-punto-de-vista-ecologista-entre-el-realismo-y-la-utopia\/","og_site_name":"Colectivo Ecologista Turcon","article_published_time":"2010-11-23T09:37:03+00:00","og_image":[{"width":225,"height":225,"url":"https:\/\/turcon.es\/wp\/wp-content\/uploads\/2010\/11\/casa-vede-1.jpg","type":"image\/jpeg"}],"author":"Laura Fernandez","twitter_card":"summary_large_image","twitter_misc":{"Escrito por":"Laura Fernandez"},"schema":{"@context":"https:\/\/schema.org","@graph":[{"@type":"Article","@id":"https:\/\/turcon.es\/wp\/charla-debate-la-energia-electrica-en-canarias-desde-el-punto-de-vista-ecologista-entre-el-realismo-y-la-utopia\/#article","isPartOf":{"@id":"https:\/\/turcon.es\/wp\/charla-debate-la-energia-electrica-en-canarias-desde-el-punto-de-vista-ecologista-entre-el-realismo-y-la-utopia\/"},"author":{"name":"Laura Fernandez","@id":"https:\/\/turcon.es\/wp\/#\/schema\/person\/a1f3ba727ce031d9da17684affe85edd"},"headline":"Charla &#8211; Debate: La energ\u00eda el\u00e9ctrica en Canarias desde el punto de vista ecologista: entre el realismo y la utop\u00eda.","datePublished":"2010-11-23T09:37:03+00:00","mainEntityOfPage":{"@id":"https:\/\/turcon.es\/wp\/charla-debate-la-energia-electrica-en-canarias-desde-el-punto-de-vista-ecologista-entre-el-realismo-y-la-utopia\/"},"wordCount":93,"commentCount":0,"publisher":{"@id":"https:\/\/turcon.es\/wp\/#organization"},"image":{"@id":"https:\/\/turcon.es\/wp\/charla-debate-la-energia-electrica-en-canarias-desde-el-punto-de-vista-ecologista-entre-el-realismo-y-la-utopia\/#primaryimage"},"thumbnailUrl":"http:\/\/turcon.es\/wp\/wp-content\/uploads\/2010\/11\/casa-vede.jpg","keywords":["Conferencia sobre energia"],"articleSection":["Canarias","Energ\u00eda","Energ\u00edas renovables","Recomendamos para leer, ver y escuchar..."],"inLanguage":"es","potentialAction":[{"@type":"CommentAction","name":"Comment","target":["https:\/\/turcon.es\/wp\/charla-debate-la-energia-electrica-en-canarias-desde-el-punto-de-vista-ecologista-entre-el-realismo-y-la-utopia\/#respond"]}]},{"@type":"WebPage","@id":"https:\/\/turcon.es\/wp\/charla-debate-la-energia-electrica-en-canarias-desde-el-punto-de-vista-ecologista-entre-el-realismo-y-la-utopia\/","url":"https:\/\/turcon.es\/wp\/charla-debate-la-energia-electrica-en-canarias-desde-el-punto-de-vista-ecologista-entre-el-realismo-y-la-utopia\/","name":"Charla - Debate: La energ\u00eda el\u00e9ctrica en Canarias desde el punto de vista ecologista: entre el realismo y la utop\u00eda. - Colectivo Ecologista Turcon","isPartOf":{"@id":"https:\/\/turcon.es\/wp\/#website"},"primaryImageOfPage":{"@id":"https:\/\/turcon.es\/wp\/charla-debate-la-energia-electrica-en-canarias-desde-el-punto-de-vista-ecologista-entre-el-realismo-y-la-utopia\/#primaryimage"},"image":{"@id":"https:\/\/turcon.es\/wp\/charla-debate-la-energia-electrica-en-canarias-desde-el-punto-de-vista-ecologista-entre-el-realismo-y-la-utopia\/#primaryimage"},"thumbnailUrl":"http:\/\/turcon.es\/wp\/wp-content\/uploads\/2010\/11\/casa-vede.jpg","datePublished":"2010-11-23T09:37:03+00:00","breadcrumb":{"@id":"https:\/\/turcon.es\/wp\/charla-debate-la-energia-electrica-en-canarias-desde-el-punto-de-vista-ecologista-entre-el-realismo-y-la-utopia\/#breadcrumb"},"inLanguage":"es","potentialAction":[{"@type":"ReadAction","target":["https:\/\/turcon.es\/wp\/charla-debate-la-energia-electrica-en-canarias-desde-el-punto-de-vista-ecologista-entre-el-realismo-y-la-utopia\/"]}]},{"@type":"ImageObject","inLanguage":"es","@id":"https:\/\/turcon.es\/wp\/charla-debate-la-energia-electrica-en-canarias-desde-el-punto-de-vista-ecologista-entre-el-realismo-y-la-utopia\/#primaryimage","url":"http:\/\/turcon.es\/wp\/wp-content\/uploads\/2010\/11\/casa-vede.jpg","contentUrl":"http:\/\/turcon.es\/wp\/wp-content\/uploads\/2010\/11\/casa-vede.jpg"},{"@type":"BreadcrumbList","@id":"https:\/\/turcon.es\/wp\/charla-debate-la-energia-electrica-en-canarias-desde-el-punto-de-vista-ecologista-entre-el-realismo-y-la-utopia\/#breadcrumb","itemListElement":[{"@type":"ListItem","position":1,"name":"Portada","item":"https:\/\/turcon.es\/wp\/"},{"@type":"ListItem","position":2,"name":"Charla &#8211; Debate: La energ\u00eda el\u00e9ctrica en Canarias desde el punto de vista ecologista: entre el realismo y la utop\u00eda."}]},{"@type":"WebSite","@id":"https:\/\/turcon.es\/wp\/#website","url":"https:\/\/turcon.es\/wp\/","name":"Colectivo Ecologista Turcon","description":"","publisher":{"@id":"https:\/\/turcon.es\/wp\/#organization"},"potentialAction":[{"@type":"SearchAction","target":{"@type":"EntryPoint","urlTemplate":"https:\/\/turcon.es\/wp\/?s={search_term_string}"},"query-input":{"@type":"PropertyValueSpecification","valueRequired":true,"valueName":"search_term_string"}}],"inLanguage":"es"},{"@type":"Organization","@id":"https:\/\/turcon.es\/wp\/#organization","name":"Colectivo Ecologista Turcon","url":"https:\/\/turcon.es\/wp\/","logo":{"@type":"ImageObject","inLanguage":"es","@id":"https:\/\/turcon.es\/wp\/#\/schema\/logo\/image\/","url":"https:\/\/turcon.es\/wp\/wp-content\/uploads\/2025\/03\/logo-verde.svg","contentUrl":"https:\/\/turcon.es\/wp\/wp-content\/uploads\/2025\/03\/logo-verde.svg","width":813,"height":813,"caption":"Colectivo Ecologista Turcon"},"image":{"@id":"https:\/\/turcon.es\/wp\/#\/schema\/logo\/image\/"}},{"@type":"Person","@id":"https:\/\/turcon.es\/wp\/#\/schema\/person\/a1f3ba727ce031d9da17684affe85edd","name":"Laura Fernandez","image":{"@type":"ImageObject","inLanguage":"es","@id":"https:\/\/turcon.es\/wp\/#\/schema\/person\/image\/","url":"https:\/\/secure.gravatar.com\/avatar\/360749af9549af22e54582d50231ae56e854210ae2368797ba242f445a9852e8?s=96&d=mm&r=g","contentUrl":"https:\/\/secure.gravatar.com\/avatar\/360749af9549af22e54582d50231ae56e854210ae2368797ba242f445a9852e8?s=96&d=mm&r=g","caption":"Laura Fernandez"},"url":"https:\/\/turcon.es\/wp\/author\/admturcon\/"}]}},"_links":{"self":[{"href":"https:\/\/turcon.es\/wp\/wp-json\/wp\/v2\/posts\/5283","targetHints":{"allow":["GET"]}}],"collection":[{"href":"https:\/\/turcon.es\/wp\/wp-json\/wp\/v2\/posts"}],"about":[{"href":"https:\/\/turcon.es\/wp\/wp-json\/wp\/v2\/types\/post"}],"author":[{"embeddable":true,"href":"https:\/\/turcon.es\/wp\/wp-json\/wp\/v2\/users\/2"}],"replies":[{"embeddable":true,"href":"https:\/\/turcon.es\/wp\/wp-json\/wp\/v2\/comments?post=5283"}],"version-history":[{"count":0,"href":"https:\/\/turcon.es\/wp\/wp-json\/wp\/v2\/posts\/5283\/revisions"}],"wp:attachment":[{"href":"https:\/\/turcon.es\/wp\/wp-json\/wp\/v2\/media?parent=5283"}],"wp:term":[{"taxonomy":"category","embeddable":true,"href":"https:\/\/turcon.es\/wp\/wp-json\/wp\/v2\/categories?post=5283"},{"taxonomy":"post_tag","embeddable":true,"href":"https:\/\/turcon.es\/wp\/wp-json\/wp\/v2\/tags?post=5283"}],"curies":[{"name":"wp","href":"https:\/\/api.w.org\/{rel}","templated":true}]}}