{"id":5596,"date":"2010-12-15T23:32:43","date_gmt":"2010-12-15T23:32:43","guid":{"rendered":"http:\/\/turcon.wordpress.com\/?p=5596"},"modified":"2010-12-15T23:32:43","modified_gmt":"2010-12-15T23:32:43","slug":"se-vende-canarias","status":"publish","type":"post","link":"https:\/\/turcon.es\/wp\/se-vende-canarias\/","title":{"rendered":"Se vende Canarias"},"content":{"rendered":"<div id=\"texto\">\n<p style=\"text-align:justify;\"><strong> Por JUAN GARC\u00cdA LUJ\u00c1N\u00a0 <a href=\"mailto:elcorreillo@canariasahoraradio.com\">elcorreillo@canariasahoraradio.com<\/a><\/strong><\/p>\n<p style=\"text-align:justify;\"><a href=\"http:\/\/turcon.es\/wp\/wp-content\/uploads\/2010\/12\/juan-lujan.jpg\"><img decoding=\"async\" class=\"alignleft size-full wp-image-5597\" title=\"juan-lujan\" src=\"http:\/\/turcon.es\/wp\/wp-content\/uploads\/2010\/12\/juan-lujan.jpg\" alt=\"\" width=\"125\" height=\"109\" \/><\/a>Este cartelito, \u201c<em>Se vende Canarias<\/em>\u201d,   podr\u00edamos ponerlo en la sede central de la empresa FCC en Madrid,  tambi\u00e9n en las oficinas de la constructora tinerfe\u00f1a de Plasencia o en  la empresa de Ignacio Gonz\u00e1lez. Estaba claro que frente a nombres como  Ester Koplowitz, Antonio Plasencia o Ignacio Gonz\u00e1lez, la tortuga boba,  los sebadales del sur o la pardela cenicienta no ten\u00edan nada que hacer.  Sobre todo si frente a la consejer\u00eda de Medio Ambiente de nuestro  gobierno lleva casi siete a\u00f1os  Domingo Berriel, un se\u00f1or que ha  demostrado en su amplia vida como profesional de la pol\u00edtica al servicio  de la destrucci\u00f3n del medioambiente a qui\u00e9nes quiere proteger y a  qui\u00e9nes descatalogar.<\/p>\n<\/div>\n<p style=\"text-align:justify;\">Pero en la lista de promotores de la venta  de Canarias que llevan realizando hace m\u00e1s de 20 a\u00f1os CC y PP, a\u00f1adamos  ahora al PSOE. Las declaraciones del vicepresidente espa\u00f1ol Manuel  Chaves en las que se compromete a apartar cualquier obst\u00e1culo legal que  pueda encontrarse la Ley del Cat\u00e1logo de Especies deja a los pies de los  caballos a sus compa\u00f1eros de partido en las islas que votaron en contra  de la ley. Pero lo m\u00e1s grave es que con esa decisi\u00f3n pol\u00edtica del PSOE  el Parlamento canario se queda sin oposici\u00f3n, los grandes promotores de  las islas, que son los mismos que patrocinan las campa\u00f1as electorales de  los principales partidos (incluido el PSOE) est\u00e1n de fiesta.<\/p>\n<p style=\"text-align:justify;\">El programa <a href=\"http:\/\/www.rtve.es\/television\/20101210\/catalogo-problemas\/384516.shtml\" target=\"_blank\">El Escarabajo Verde  de TVE <\/a>dedica  dos reportajes a la ley del Cat\u00e1logo de Especies. Una tortuga boba y  una pardela cenicienta son las protagonistas del documental televisivo.  Zapatero se ha convertido en una pardela cenicienta, d\u00e9bil, casi en  peligro de extinci\u00f3n. Y para salvarse necesita de las vacunas que le  ponen dos veterinarios llamados Ana Oramas y Jos\u00e9 Luis Perestelo. La  tortuga boba podr\u00eda ser el pueblo que mira asombrado a esta gente, que  nos trata como imb\u00e9ciles.<!--more--><\/p>\n<p style=\"text-align:justify;\">Por fin tenemos un programa que da voz a los ecologistas isle\u00f1os. La  TVE que dirige\u00a0 Santiago Gonz\u00e1lez a nivel estatal tiene la libertad de  la que carece el canal auton\u00f3mico que dirigi\u00f3 el periodista tinerfe\u00f1o.  En el documental se pueden escuchar voces a favor y en contra del  cat\u00e1logo, que es lo mismo que decir a favor y en contra del Puerto de  Granadilla. En el gui\u00f3n se llega a decir \u00bb Cat\u00e1logo y Puerto de  Granadilla se mezclan como una misma cosa, mal asunto si la ley  pretend\u00eda salvar la diversidad del archipi\u00e9lago.\u201d El periodista comenta  que el consejero de Medioambiente Domingo Berriel ha tardado varias  semanas en concederle una entrevista. Berriel justifica el cat\u00e1logo como  una forma de \u00abracionalizar la biodiversidad\u00bb.<\/p>\n<p style=\"text-align:justify;\">La verdad es que la clase pol\u00edtica canaria que aparece en el programa  deja en muy mal lugar al archipi\u00e9lago. Adem\u00e1s de un consejero de Medio  Ambiente dedicado a defender los cambios legislativos que desprotegen  nuestra biodiversidad, en el programa aparece la tertulia una televisi\u00f3n  local de Tenerife en la que la concejala de Urbanismo de Santa Cruz de  Tenerife dec\u00eda aquella antol\u00f3gica reflexi\u00f3n cient\u00edfica \u00ablas algas son  esas plantas que si te tira la ola de la playa te ara\u00f1an\u00bb, y para  rematar la vicepresidenta del Parlamento canario ,Cristina Tav\u00edo, a\u00f1ad\u00eda  como justificante de la ley de cat\u00e1logo de especies \u00abes que algunas  algas son venenosas\u00bb. Con esos mimbres pol\u00edticos es l\u00f3gico que el  guionitas del programa llegue a afirmar el gui\u00f3n se llegue a decir \u00abla  clase pol\u00edtica tan inculta y corrupta a veces, s\u00f3lo a veces, menos mal\u00bb.<\/p>\n<p style=\"text-align:justify;\">No s\u00e9 si Manuel Chaves ha visto el programa <em>El Escarabajo Verde<\/em> titulado <em>Un cat\u00e1logo de problemas<\/em>.  Pero ser\u00eda bueno que lo viera, para que entienda bien los objetivos de  la ley que aprob\u00f3 el parlamento canario con el rechazo del grupo  mayoritario, el partido de Manuel Chaves. Pero me da la impresi\u00f3n de que  el PSOE sabe lo que est\u00e1 aprobando y los intereses que defiende. Los  socialistas canarios est\u00e1n calladitos, su voto contra la ley del  Cat\u00e1logo de Especies en el Parlamento pasar\u00e1 a la historia como la  representaci\u00f3n teatral de un partido que se incorpora por la puerta  grande (la de la calle Ferraz) al grupo de promotores que cuando piensan  en Canarias imaginan un gran solar con el cartel \u00abSe vende\u00bb.<\/p>\n<p style=\"text-align:justify;\">PD:\u00a0Por aquello de ser justos debo decir que despu\u00e9s de publicar este  art\u00edculo entrevist\u00e9 en el programa El Corre\u00edllo al portavoz del grupo  socialista en el Parlamento canario. Francisco Hern\u00e1ndez Sp\u00ednola nos  dijo que \u00ablos socialistas canarios seguimos pensando que la Ley del  Cat\u00e1logo de Especies es inconstitucional. Si entramos en el gobierno  canario cambiaremos esa ley\u00bb. Las declaraciones del <a href=\"http:\/\/www.europapress.es\/islas-canarias\/noticia-perez-insiste-ley-canaria-especies-protegidas-debe-superar-filtros-20101214142324.html\" target=\"_blank\">portavoz socialista contradicen las de Jos\u00e9 Miguel P\u00e9rez<\/a> que justific\u00f3 que no se presente recurso de inconstitucionalidad porque  \u00ablos informes del Consejo de Estado no van en esa l\u00ednea\u00bb. Pues dicho  queda.<\/p>\n","protected":false},"excerpt":{"rendered":"<p>Por JUAN GARC\u00cdA LUJ\u00c1N  elcorreillo@canariasahoraradio.com<\/p>\n<p>Este cartelito, \u201cSe vende Canarias\u201d, podr\u00edamos ponerlo en la sede central de la empresa FCC en Madrid, tambi\u00e9n en las oficinas de la constructora tinerfe\u00f1a de Plasencia o en la empresa de Ignacio Gonz\u00e1lez. Estaba claro que frente a nombres como Ester Koplowitz, Antonio Plasencia o Ignacio Gonz\u00e1lez, la tortuga boba, los sebadales del sur o la pardela cenicienta no ten\u00edan nada que hacer<\/p>\n","protected":false},"author":2,"featured_media":0,"comment_status":"open","ping_status":"open","sticky":false,"template":"","format":"standard","meta":{"footnotes":""},"categories":[18,37,39,40,50,54],"tags":[1182,1221],"class_list":["post-5596","post","type-post","status-publish","format-standard","hentry","category-canarias","category-espacios-naturales","category-fauna-y-flora","category-gobierno","category-politica","category-recomendamos-para-leer-ver-y-escuchar","tag-no-al-catalogo-de-especies","tag-opinion"],"yoast_head":"<!-- This site is optimized with the Yoast SEO plugin v26.3 - https:\/\/yoast.com\/wordpress\/plugins\/seo\/ -->\n<title>Se vende Canarias - Colectivo Ecologista Turcon<\/title>\n<meta name=\"robots\" content=\"index, follow, max-snippet:-1, max-image-preview:large, max-video-preview:-1\" \/>\n<link rel=\"canonical\" href=\"https:\/\/turcon.es\/wp\/se-vende-canarias\/\" \/>\n<meta property=\"og:locale\" content=\"es_ES\" \/>\n<meta property=\"og:type\" content=\"article\" \/>\n<meta property=\"og:title\" content=\"Se vende Canarias - Colectivo Ecologista Turcon\" \/>\n<meta property=\"og:description\" content=\"Por JUAN GARC\u00cdA LUJ\u00c1N elcorreillo@canariasahoraradio.com Este cartelito, \u201cSe vende Canarias\u201d, podr\u00edamos ponerlo en la sede central de la empresa FCC en Madrid, tambi\u00e9n en las oficinas de la constructora tinerfe\u00f1a de Plasencia o en la empresa de Ignacio Gonz\u00e1lez. Estaba claro que frente a nombres como Ester Koplowitz, Antonio Plasencia o Ignacio Gonz\u00e1lez, la tortuga boba, los sebadales del sur o la pardela cenicienta no ten\u00edan nada que hacer\" \/>\n<meta property=\"og:url\" content=\"https:\/\/turcon.es\/wp\/se-vende-canarias\/\" \/>\n<meta property=\"og:site_name\" content=\"Colectivo Ecologista Turcon\" \/>\n<meta property=\"article:published_time\" content=\"2010-12-15T23:32:43+00:00\" \/>\n<meta property=\"og:image\" content=\"https:\/\/turcon.es\/wp\/wp-content\/uploads\/2010\/12\/juan-lujan-1.jpg\" \/>\n\t<meta property=\"og:image:width\" content=\"323\" \/>\n\t<meta property=\"og:image:height\" content=\"281\" \/>\n\t<meta property=\"og:image:type\" content=\"image\/jpeg\" \/>\n<meta name=\"author\" content=\"Laura Fernandez\" \/>\n<meta name=\"twitter:card\" content=\"summary_large_image\" \/>\n<meta name=\"twitter:label1\" content=\"Escrito por\" \/>\n\t<meta name=\"twitter:data1\" content=\"Laura Fernandez\" \/>\n\t<meta name=\"twitter:label2\" content=\"Tiempo de lectura\" \/>\n\t<meta name=\"twitter:data2\" content=\"4 minutos\" \/>\n<script type=\"application\/ld+json\" class=\"yoast-schema-graph\">{\"@context\":\"https:\/\/schema.org\",\"@graph\":[{\"@type\":\"Article\",\"@id\":\"https:\/\/turcon.es\/wp\/se-vende-canarias\/#article\",\"isPartOf\":{\"@id\":\"https:\/\/turcon.es\/wp\/se-vende-canarias\/\"},\"author\":{\"name\":\"Laura Fernandez\",\"@id\":\"https:\/\/turcon.es\/wp\/#\/schema\/person\/a1f3ba727ce031d9da17684affe85edd\"},\"headline\":\"Se vende Canarias\",\"datePublished\":\"2010-12-15T23:32:43+00:00\",\"mainEntityOfPage\":{\"@id\":\"https:\/\/turcon.es\/wp\/se-vende-canarias\/\"},\"wordCount\":877,\"commentCount\":0,\"publisher\":{\"@id\":\"https:\/\/turcon.es\/wp\/#organization\"},\"image\":{\"@id\":\"https:\/\/turcon.es\/wp\/se-vende-canarias\/#primaryimage\"},\"thumbnailUrl\":\"http:\/\/turcon.es\/wp\/wp-content\/uploads\/2010\/12\/juan-lujan.jpg\",\"keywords\":[\"No al catalogo de especies\",\"Opini\u00f3n\"],\"articleSection\":[\"Canarias\",\"Espacios Naturales\",\"Fauna y flora\",\"Gobierno\",\"Pol\u00edtica\",\"Recomendamos para leer, ver y escuchar...\"],\"inLanguage\":\"es\",\"potentialAction\":[{\"@type\":\"CommentAction\",\"name\":\"Comment\",\"target\":[\"https:\/\/turcon.es\/wp\/se-vende-canarias\/#respond\"]}]},{\"@type\":\"WebPage\",\"@id\":\"https:\/\/turcon.es\/wp\/se-vende-canarias\/\",\"url\":\"https:\/\/turcon.es\/wp\/se-vende-canarias\/\",\"name\":\"Se vende Canarias - Colectivo Ecologista Turcon\",\"isPartOf\":{\"@id\":\"https:\/\/turcon.es\/wp\/#website\"},\"primaryImageOfPage\":{\"@id\":\"https:\/\/turcon.es\/wp\/se-vende-canarias\/#primaryimage\"},\"image\":{\"@id\":\"https:\/\/turcon.es\/wp\/se-vende-canarias\/#primaryimage\"},\"thumbnailUrl\":\"http:\/\/turcon.es\/wp\/wp-content\/uploads\/2010\/12\/juan-lujan.jpg\",\"datePublished\":\"2010-12-15T23:32:43+00:00\",\"breadcrumb\":{\"@id\":\"https:\/\/turcon.es\/wp\/se-vende-canarias\/#breadcrumb\"},\"inLanguage\":\"es\",\"potentialAction\":[{\"@type\":\"ReadAction\",\"target\":[\"https:\/\/turcon.es\/wp\/se-vende-canarias\/\"]}]},{\"@type\":\"ImageObject\",\"inLanguage\":\"es\",\"@id\":\"https:\/\/turcon.es\/wp\/se-vende-canarias\/#primaryimage\",\"url\":\"http:\/\/turcon.es\/wp\/wp-content\/uploads\/2010\/12\/juan-lujan.jpg\",\"contentUrl\":\"http:\/\/turcon.es\/wp\/wp-content\/uploads\/2010\/12\/juan-lujan.jpg\"},{\"@type\":\"BreadcrumbList\",\"@id\":\"https:\/\/turcon.es\/wp\/se-vende-canarias\/#breadcrumb\",\"itemListElement\":[{\"@type\":\"ListItem\",\"position\":1,\"name\":\"Portada\",\"item\":\"https:\/\/turcon.es\/wp\/\"},{\"@type\":\"ListItem\",\"position\":2,\"name\":\"Se vende Canarias\"}]},{\"@type\":\"WebSite\",\"@id\":\"https:\/\/turcon.es\/wp\/#website\",\"url\":\"https:\/\/turcon.es\/wp\/\",\"name\":\"Colectivo Ecologista Turcon\",\"description\":\"\",\"publisher\":{\"@id\":\"https:\/\/turcon.es\/wp\/#organization\"},\"potentialAction\":[{\"@type\":\"SearchAction\",\"target\":{\"@type\":\"EntryPoint\",\"urlTemplate\":\"https:\/\/turcon.es\/wp\/?s={search_term_string}\"},\"query-input\":{\"@type\":\"PropertyValueSpecification\",\"valueRequired\":true,\"valueName\":\"search_term_string\"}}],\"inLanguage\":\"es\"},{\"@type\":\"Organization\",\"@id\":\"https:\/\/turcon.es\/wp\/#organization\",\"name\":\"Colectivo Ecologista Turcon\",\"url\":\"https:\/\/turcon.es\/wp\/\",\"logo\":{\"@type\":\"ImageObject\",\"inLanguage\":\"es\",\"@id\":\"https:\/\/turcon.es\/wp\/#\/schema\/logo\/image\/\",\"url\":\"https:\/\/turcon.es\/wp\/wp-content\/uploads\/2025\/03\/logo-verde.svg\",\"contentUrl\":\"https:\/\/turcon.es\/wp\/wp-content\/uploads\/2025\/03\/logo-verde.svg\",\"width\":813,\"height\":813,\"caption\":\"Colectivo Ecologista Turcon\"},\"image\":{\"@id\":\"https:\/\/turcon.es\/wp\/#\/schema\/logo\/image\/\"}},{\"@type\":\"Person\",\"@id\":\"https:\/\/turcon.es\/wp\/#\/schema\/person\/a1f3ba727ce031d9da17684affe85edd\",\"name\":\"Laura Fernandez\",\"image\":{\"@type\":\"ImageObject\",\"inLanguage\":\"es\",\"@id\":\"https:\/\/turcon.es\/wp\/#\/schema\/person\/image\/\",\"url\":\"https:\/\/secure.gravatar.com\/avatar\/360749af9549af22e54582d50231ae56e854210ae2368797ba242f445a9852e8?s=96&d=mm&r=g\",\"contentUrl\":\"https:\/\/secure.gravatar.com\/avatar\/360749af9549af22e54582d50231ae56e854210ae2368797ba242f445a9852e8?s=96&d=mm&r=g\",\"caption\":\"Laura Fernandez\"},\"url\":\"https:\/\/turcon.es\/wp\/author\/admturcon\/\"}]}<\/script>\n<!-- \/ Yoast SEO plugin. -->","yoast_head_json":{"title":"Se vende Canarias - Colectivo Ecologista Turcon","robots":{"index":"index","follow":"follow","max-snippet":"max-snippet:-1","max-image-preview":"max-image-preview:large","max-video-preview":"max-video-preview:-1"},"canonical":"https:\/\/turcon.es\/wp\/se-vende-canarias\/","og_locale":"es_ES","og_type":"article","og_title":"Se vende Canarias - Colectivo Ecologista Turcon","og_description":"Por JUAN GARC\u00cdA LUJ\u00c1N elcorreillo@canariasahoraradio.com Este cartelito, \u201cSe vende Canarias\u201d, podr\u00edamos ponerlo en la sede central de la empresa FCC en Madrid, tambi\u00e9n en las oficinas de la constructora tinerfe\u00f1a de Plasencia o en la empresa de Ignacio Gonz\u00e1lez. Estaba claro que frente a nombres como Ester Koplowitz, Antonio Plasencia o Ignacio Gonz\u00e1lez, la tortuga boba, los sebadales del sur o la pardela cenicienta no ten\u00edan nada que hacer","og_url":"https:\/\/turcon.es\/wp\/se-vende-canarias\/","og_site_name":"Colectivo Ecologista Turcon","article_published_time":"2010-12-15T23:32:43+00:00","og_image":[{"width":323,"height":281,"url":"https:\/\/turcon.es\/wp\/wp-content\/uploads\/2010\/12\/juan-lujan-1.jpg","type":"image\/jpeg"}],"author":"Laura Fernandez","twitter_card":"summary_large_image","twitter_misc":{"Escrito por":"Laura Fernandez","Tiempo de lectura":"4 minutos"},"schema":{"@context":"https:\/\/schema.org","@graph":[{"@type":"Article","@id":"https:\/\/turcon.es\/wp\/se-vende-canarias\/#article","isPartOf":{"@id":"https:\/\/turcon.es\/wp\/se-vende-canarias\/"},"author":{"name":"Laura Fernandez","@id":"https:\/\/turcon.es\/wp\/#\/schema\/person\/a1f3ba727ce031d9da17684affe85edd"},"headline":"Se vende Canarias","datePublished":"2010-12-15T23:32:43+00:00","mainEntityOfPage":{"@id":"https:\/\/turcon.es\/wp\/se-vende-canarias\/"},"wordCount":877,"commentCount":0,"publisher":{"@id":"https:\/\/turcon.es\/wp\/#organization"},"image":{"@id":"https:\/\/turcon.es\/wp\/se-vende-canarias\/#primaryimage"},"thumbnailUrl":"http:\/\/turcon.es\/wp\/wp-content\/uploads\/2010\/12\/juan-lujan.jpg","keywords":["No al catalogo de especies","Opini\u00f3n"],"articleSection":["Canarias","Espacios Naturales","Fauna y flora","Gobierno","Pol\u00edtica","Recomendamos para leer, ver y escuchar..."],"inLanguage":"es","potentialAction":[{"@type":"CommentAction","name":"Comment","target":["https:\/\/turcon.es\/wp\/se-vende-canarias\/#respond"]}]},{"@type":"WebPage","@id":"https:\/\/turcon.es\/wp\/se-vende-canarias\/","url":"https:\/\/turcon.es\/wp\/se-vende-canarias\/","name":"Se vende Canarias - Colectivo Ecologista Turcon","isPartOf":{"@id":"https:\/\/turcon.es\/wp\/#website"},"primaryImageOfPage":{"@id":"https:\/\/turcon.es\/wp\/se-vende-canarias\/#primaryimage"},"image":{"@id":"https:\/\/turcon.es\/wp\/se-vende-canarias\/#primaryimage"},"thumbnailUrl":"http:\/\/turcon.es\/wp\/wp-content\/uploads\/2010\/12\/juan-lujan.jpg","datePublished":"2010-12-15T23:32:43+00:00","breadcrumb":{"@id":"https:\/\/turcon.es\/wp\/se-vende-canarias\/#breadcrumb"},"inLanguage":"es","potentialAction":[{"@type":"ReadAction","target":["https:\/\/turcon.es\/wp\/se-vende-canarias\/"]}]},{"@type":"ImageObject","inLanguage":"es","@id":"https:\/\/turcon.es\/wp\/se-vende-canarias\/#primaryimage","url":"http:\/\/turcon.es\/wp\/wp-content\/uploads\/2010\/12\/juan-lujan.jpg","contentUrl":"http:\/\/turcon.es\/wp\/wp-content\/uploads\/2010\/12\/juan-lujan.jpg"},{"@type":"BreadcrumbList","@id":"https:\/\/turcon.es\/wp\/se-vende-canarias\/#breadcrumb","itemListElement":[{"@type":"ListItem","position":1,"name":"Portada","item":"https:\/\/turcon.es\/wp\/"},{"@type":"ListItem","position":2,"name":"Se vende Canarias"}]},{"@type":"WebSite","@id":"https:\/\/turcon.es\/wp\/#website","url":"https:\/\/turcon.es\/wp\/","name":"Colectivo Ecologista Turcon","description":"","publisher":{"@id":"https:\/\/turcon.es\/wp\/#organization"},"potentialAction":[{"@type":"SearchAction","target":{"@type":"EntryPoint","urlTemplate":"https:\/\/turcon.es\/wp\/?s={search_term_string}"},"query-input":{"@type":"PropertyValueSpecification","valueRequired":true,"valueName":"search_term_string"}}],"inLanguage":"es"},{"@type":"Organization","@id":"https:\/\/turcon.es\/wp\/#organization","name":"Colectivo Ecologista Turcon","url":"https:\/\/turcon.es\/wp\/","logo":{"@type":"ImageObject","inLanguage":"es","@id":"https:\/\/turcon.es\/wp\/#\/schema\/logo\/image\/","url":"https:\/\/turcon.es\/wp\/wp-content\/uploads\/2025\/03\/logo-verde.svg","contentUrl":"https:\/\/turcon.es\/wp\/wp-content\/uploads\/2025\/03\/logo-verde.svg","width":813,"height":813,"caption":"Colectivo Ecologista Turcon"},"image":{"@id":"https:\/\/turcon.es\/wp\/#\/schema\/logo\/image\/"}},{"@type":"Person","@id":"https:\/\/turcon.es\/wp\/#\/schema\/person\/a1f3ba727ce031d9da17684affe85edd","name":"Laura Fernandez","image":{"@type":"ImageObject","inLanguage":"es","@id":"https:\/\/turcon.es\/wp\/#\/schema\/person\/image\/","url":"https:\/\/secure.gravatar.com\/avatar\/360749af9549af22e54582d50231ae56e854210ae2368797ba242f445a9852e8?s=96&d=mm&r=g","contentUrl":"https:\/\/secure.gravatar.com\/avatar\/360749af9549af22e54582d50231ae56e854210ae2368797ba242f445a9852e8?s=96&d=mm&r=g","caption":"Laura Fernandez"},"url":"https:\/\/turcon.es\/wp\/author\/admturcon\/"}]}},"_links":{"self":[{"href":"https:\/\/turcon.es\/wp\/wp-json\/wp\/v2\/posts\/5596","targetHints":{"allow":["GET"]}}],"collection":[{"href":"https:\/\/turcon.es\/wp\/wp-json\/wp\/v2\/posts"}],"about":[{"href":"https:\/\/turcon.es\/wp\/wp-json\/wp\/v2\/types\/post"}],"author":[{"embeddable":true,"href":"https:\/\/turcon.es\/wp\/wp-json\/wp\/v2\/users\/2"}],"replies":[{"embeddable":true,"href":"https:\/\/turcon.es\/wp\/wp-json\/wp\/v2\/comments?post=5596"}],"version-history":[{"count":0,"href":"https:\/\/turcon.es\/wp\/wp-json\/wp\/v2\/posts\/5596\/revisions"}],"wp:attachment":[{"href":"https:\/\/turcon.es\/wp\/wp-json\/wp\/v2\/media?parent=5596"}],"wp:term":[{"taxonomy":"category","embeddable":true,"href":"https:\/\/turcon.es\/wp\/wp-json\/wp\/v2\/categories?post=5596"},{"taxonomy":"post_tag","embeddable":true,"href":"https:\/\/turcon.es\/wp\/wp-json\/wp\/v2\/tags?post=5596"}],"curies":[{"name":"wp","href":"https:\/\/api.w.org\/{rel}","templated":true}]}}