{"id":5755,"date":"2011-01-09T08:24:22","date_gmt":"2011-01-09T08:24:22","guid":{"rendered":"http:\/\/turcon.wordpress.com\/?p=5755"},"modified":"2011-01-09T08:24:22","modified_gmt":"2011-01-09T08:24:22","slug":"aumenta-el-riesgo-de-extincion-del-elefante","status":"publish","type":"post","link":"https:\/\/turcon.es\/wp\/aumenta-el-riesgo-de-extincion-del-elefante\/","title":{"rendered":"Aumenta el riesgo de extinci\u00f3n del elefante"},"content":{"rendered":"<h2 style=\"text-align:justify;\"><span style=\"color:#0000ff;\">El ADN demuestra que los paquidermos africanos se dividen en dos especies, lo que aumenta su riesgo de extinci\u00f3n<\/span><\/h2>\n<p style=\"text-align:justify;\"><strong>JAVIER YANES . Madrid <\/strong><\/p>\n<p style=\"text-align:justify;\">A mediados de los ochenta, el bi\u00f3logo y conservacionista anglokeniano David Western se embarcaba en una misi\u00f3n cicl\u00f3pea: censar las poblaciones centroafricanas del elefante de bosque, un animal que se diferencia de<a href=\"http:\/\/turcon.es\/wp\/wp-content\/uploads\/2011\/01\/1293395634478elefantesdetalledn.jpg\"><img decoding=\"async\" class=\"alignright size-medium wp-image-5756\" title=\"1293395634478elefantesdetalledn\" src=\"http:\/\/turcon.es\/wp\/wp-content\/uploads\/2011\/01\/1293395634478elefantesdetalledn.jpg?w=300\" alt=\"\" width=\"300\" height=\"162\" \/><\/a> su primo de la sabana por un menor tama\u00f1o y por vivir alejado de los focos de la BBC y de National Geographic. Al contrario que su pariente m\u00e1s acostumbrado a la alfombra roja del estrellato en los documentales, el elefante pigmeo se esconde en las vastas selvas de la cuenca del r\u00edo Congo, donde durante d\u00e9cadas nadie supo cu\u00e1ntos hab\u00eda ni d\u00f3nde estaban.<\/p>\n<p style=\"text-align:justify;\">Hasta que, en enero de 1986, Western se subi\u00f3 a una avioneta monomotor Cessna 206 en compa\u00f1\u00eda del escritor y naturalista Peter Matthiessen para sobrevolar el manto verde que cubre seis pa\u00edses de \u00c1frica central y contar elefantes a ojo. \u00abCreo que fuimos los primeros en hacer una traves\u00eda transcontinental en una avioneta\u00bb, rememoraba Matthiessen hace a\u00f1os en una entrevista. \u00abTambi\u00e9n supimos por qu\u00e9\u00bb, a\u00f1ad\u00eda. El intento casi les cuesta la vida en un aterrizaje forzoso. Pero de aquella aventura surgi\u00f3 una valiosa conclusi\u00f3n que queda resumida en el t\u00edtulo del libro donde Matthiessen narraba el periplo: Los silencios de \u00c1frica. El escritor neoyorquino retrataba c\u00f3mo, a medida que los h\u00e1bitats africanos merman, los sonidos de los animales son reemplazados por el silencio. Esta creciente quietud atestiguaba que la subespecie selv\u00e1tica del elefante era mucho m\u00e1s escasa de lo que Western y sus colegas calculaban.<!--more--><\/p>\n<p style=\"text-align:justify;\">Los de sabana y los de bosque son tan distintos como el asi\u00e1tico y el mamut<\/p>\n<p>Emancipaci\u00f3n<\/p>\n<p>La alerta lanzada por los dos exploradores Western dar\u00eda cuenta del episodio en su autobiogr\u00e1fico In the dust of Kilimanjaro dio impulso a un veto internacional al comercio de marfil. Pero ya entonces se discut\u00eda si el tama\u00f1o de la poblaci\u00f3n de partida deb\u00eda sumar las cifras de ambos animales. \u00bfY si los habitantes de la selva pertenecieran en realidad a otra especie distinta? A los defensores de esta idea no les faltaban argumentos: con un metro menos de estatura, la mitad de peso que sus primos de sabana y claras diferencias morfol\u00f3gicas, para muchos el pigmeo forestal ped\u00eda a gritos su emancipaci\u00f3n taxon\u00f3mica, desprendi\u00e9ndose de la coletilla de subespecie (Loxodonta africana cyclotis) para ascender al rango de especie (Loxodonta cyclotis).<\/p>\n<p>En 2001, la comparaci\u00f3n de cuatro genes entre elefantes asi\u00e1ticos y varias poblaciones de paquidermos africanos comenz\u00f3 a armar de razones a los defensores de la especie separada. La confirmaci\u00f3n llega ahora en un profundo estudio gen\u00e9tico publicado por investigadores de EEUU, Reino Unido y Alemania. Los cient\u00edficos han construido y analizado \u00abla mayor base de datos de ADN de elefantes\u00bb, define para este diario Michi Hofreiter, experto en ADN f\u00f3sil de la Universidad de York (Reino Unido) y coautor del estudio publicado en PLoS Biology. El banco de genes comprende secuencias de elefantes asi\u00e1ticos y africanos, as\u00ed como de mamut lanudo y mastodonte americano, este \u00faltimo obtenido por primera vez. Western, que no ha participado en el estudio, explica a P\u00fablico desde Nairobi, donde preside el African Conservation Centre, la importancia del nuevo trabajo: \u00abConoc\u00edamos las ramas de la evoluci\u00f3n de los elefantes, pero ahora llegaremos al tronco para saber d\u00f3nde nace cada una\u00bb.<\/p>\n<p>El ADN cuestiona el concepto de especie, pero ayudar\u00e1 a la conservaci\u00f3n<\/p>\n<p>Los datos sorprendieron a los cient\u00edficos por su contundencia: probosc\u00eddeos de selva y sabana son gen\u00e9ticamente tan distintos y distantes entre s\u00ed como el elefante asi\u00e1tico lo es del mamut lanudo. Su separaci\u00f3n en la l\u00ednea evolutiva se remonta casi a la misma \u00e9poca en que el linaje humano y el de los chimpanc\u00e9s rompieron. \u00abUn m\u00ednimo de dos millones de a\u00f1os, pero la mejor estimaci\u00f3n es de cinco millones\u00bb, aclara Hofreiter.<\/p>\n<p>La taxonom\u00eda no es un simple juego de sal\u00f3n entre zo\u00f3logos, sino que afecta seriamente a la conservaci\u00f3n. Dividir una categor\u00eda en dos significa que la poblaci\u00f3n de una especie se desploma de un d\u00eda para otro. El problema se agrava si uno de los dos, en este caso el cyclotis, se queda en n\u00fameros rojos. \u00abHabr\u00eda que desdoblar la entrada de la Lista Roja de especies amenazadas\u00bb, piensa Hofreiter, \u00abpero para zanjarlo har\u00e1 falta un largo debate\u00bb, advierte.<\/p>\n<p>Wester va m\u00e1s all\u00e1 al predecir dos especies m\u00e1s: \u00abEl elefante de \u00c1frica occidental y el del norte, ya extinto, pero del que se puede recuperar ADN de colmillos de la \u00e9poca romana\u00bb. A\u00fan as\u00ed, los cient\u00edficos reconocen que \u00abel concepto de especie ha cambiado\u00bb, dice Hofreiter. El cl\u00e1sico argumento de la separaci\u00f3n reproductiva est\u00e1 obsoleto. \u00abEn la interfaz entre el bosque y la sabana hay una gradaci\u00f3n continua de las especies por los cruces\u00bb, detalla Western. Pero para este experto, lo m\u00e1s fruct\u00edfero de los estudios de ADN es que \u00abpermiten localizar de d\u00f3nde procede el marfil ilegal\u00bb.<\/p>\n<p>\u00abA\u00fan hay mucho por saber sobre los elefantes\u00bb, concluye Western. Como escribi\u00f3 Matthiessen, \u00abhay un misterio tras ese rostro gris enmascarado (&#8230;) que impone el silencio reservado a las cumbres de las monta\u00f1as, los grandes incendios y el mar\u00bb.<\/p>\n","protected":false},"excerpt":{"rendered":"<p>El ADN demuestra que los paquidermos africanos se dividen en dos especies, lo que aumenta su riesgo de extinci\u00f3n JAVIER YANES . Madrid A mediados de los ochenta, el bi\u00f3logo y conservacionista anglokeniano David Western se embarcaba en una misi\u00f3n cicl\u00f3pea: censar las poblaciones centroafricanas del elefante de bosque, un animal que se diferencia de [&hellip;]<\/p>\n","protected":false},"author":2,"featured_media":0,"comment_status":"open","ping_status":"open","sticky":false,"template":"","format":"standard","meta":{"footnotes":""},"categories":[9,37,38],"tags":[],"class_list":["post-5755","post","type-post","status-publish","format-standard","hentry","category-agricultura-y-ganaderia","category-espacios-naturales","category-fauna"],"yoast_head":"<!-- This site is optimized with the Yoast SEO plugin v26.3 - https:\/\/yoast.com\/wordpress\/plugins\/seo\/ -->\n<title>Aumenta el riesgo de extinci\u00f3n del elefante - Colectivo Ecologista Turcon<\/title>\n<meta name=\"robots\" content=\"index, follow, max-snippet:-1, max-image-preview:large, max-video-preview:-1\" \/>\n<link rel=\"canonical\" href=\"https:\/\/turcon.es\/wp\/aumenta-el-riesgo-de-extincion-del-elefante\/\" \/>\n<meta property=\"og:locale\" content=\"es_ES\" \/>\n<meta property=\"og:type\" content=\"article\" \/>\n<meta property=\"og:title\" content=\"Aumenta el riesgo de extinci\u00f3n del elefante - Colectivo Ecologista Turcon\" \/>\n<meta property=\"og:description\" content=\"El ADN demuestra que los paquidermos africanos se dividen en dos especies, lo que aumenta su riesgo de extinci\u00f3n JAVIER YANES . Madrid A mediados de los ochenta, el bi\u00f3logo y conservacionista anglokeniano David Western se embarcaba en una misi\u00f3n cicl\u00f3pea: censar las poblaciones centroafricanas del elefante de bosque, un animal que se diferencia de [&hellip;]\" \/>\n<meta property=\"og:url\" content=\"https:\/\/turcon.es\/wp\/aumenta-el-riesgo-de-extincion-del-elefante\/\" \/>\n<meta property=\"og:site_name\" content=\"Colectivo Ecologista Turcon\" \/>\n<meta property=\"article:published_time\" content=\"2011-01-09T08:24:22+00:00\" \/>\n<meta property=\"og:image\" content=\"https:\/\/turcon.es\/wp\/wp-content\/uploads\/2011\/01\/1293395634478elefantesdetalledn-1.jpg\" \/>\n\t<meta property=\"og:image:width\" content=\"400\" \/>\n\t<meta property=\"og:image:height\" content=\"217\" \/>\n\t<meta property=\"og:image:type\" content=\"image\/jpeg\" \/>\n<meta name=\"author\" content=\"Laura Fernandez\" \/>\n<meta name=\"twitter:card\" content=\"summary_large_image\" \/>\n<meta name=\"twitter:label1\" content=\"Escrito por\" \/>\n\t<meta name=\"twitter:data1\" content=\"Laura Fernandez\" \/>\n\t<meta name=\"twitter:label2\" content=\"Tiempo de lectura\" \/>\n\t<meta name=\"twitter:data2\" content=\"5 minutos\" \/>\n<script type=\"application\/ld+json\" class=\"yoast-schema-graph\">{\"@context\":\"https:\/\/schema.org\",\"@graph\":[{\"@type\":\"Article\",\"@id\":\"https:\/\/turcon.es\/wp\/aumenta-el-riesgo-de-extincion-del-elefante\/#article\",\"isPartOf\":{\"@id\":\"https:\/\/turcon.es\/wp\/aumenta-el-riesgo-de-extincion-del-elefante\/\"},\"author\":{\"name\":\"Laura Fernandez\",\"@id\":\"https:\/\/turcon.es\/wp\/#\/schema\/person\/a1f3ba727ce031d9da17684affe85edd\"},\"headline\":\"Aumenta el riesgo de extinci\u00f3n del elefante\",\"datePublished\":\"2011-01-09T08:24:22+00:00\",\"mainEntityOfPage\":{\"@id\":\"https:\/\/turcon.es\/wp\/aumenta-el-riesgo-de-extincion-del-elefante\/\"},\"wordCount\":941,\"commentCount\":0,\"publisher\":{\"@id\":\"https:\/\/turcon.es\/wp\/#organization\"},\"image\":{\"@id\":\"https:\/\/turcon.es\/wp\/aumenta-el-riesgo-de-extincion-del-elefante\/#primaryimage\"},\"thumbnailUrl\":\"http:\/\/turcon.es\/wp\/wp-content\/uploads\/2011\/01\/1293395634478elefantesdetalledn.jpg?w=300\",\"articleSection\":[\"Agricultura y ganader\u00eda\",\"Espacios Naturales\",\"Fauna\"],\"inLanguage\":\"es\",\"potentialAction\":[{\"@type\":\"CommentAction\",\"name\":\"Comment\",\"target\":[\"https:\/\/turcon.es\/wp\/aumenta-el-riesgo-de-extincion-del-elefante\/#respond\"]}]},{\"@type\":\"WebPage\",\"@id\":\"https:\/\/turcon.es\/wp\/aumenta-el-riesgo-de-extincion-del-elefante\/\",\"url\":\"https:\/\/turcon.es\/wp\/aumenta-el-riesgo-de-extincion-del-elefante\/\",\"name\":\"Aumenta el riesgo de extinci\u00f3n del elefante - Colectivo Ecologista Turcon\",\"isPartOf\":{\"@id\":\"https:\/\/turcon.es\/wp\/#website\"},\"primaryImageOfPage\":{\"@id\":\"https:\/\/turcon.es\/wp\/aumenta-el-riesgo-de-extincion-del-elefante\/#primaryimage\"},\"image\":{\"@id\":\"https:\/\/turcon.es\/wp\/aumenta-el-riesgo-de-extincion-del-elefante\/#primaryimage\"},\"thumbnailUrl\":\"http:\/\/turcon.es\/wp\/wp-content\/uploads\/2011\/01\/1293395634478elefantesdetalledn.jpg?w=300\",\"datePublished\":\"2011-01-09T08:24:22+00:00\",\"breadcrumb\":{\"@id\":\"https:\/\/turcon.es\/wp\/aumenta-el-riesgo-de-extincion-del-elefante\/#breadcrumb\"},\"inLanguage\":\"es\",\"potentialAction\":[{\"@type\":\"ReadAction\",\"target\":[\"https:\/\/turcon.es\/wp\/aumenta-el-riesgo-de-extincion-del-elefante\/\"]}]},{\"@type\":\"ImageObject\",\"inLanguage\":\"es\",\"@id\":\"https:\/\/turcon.es\/wp\/aumenta-el-riesgo-de-extincion-del-elefante\/#primaryimage\",\"url\":\"http:\/\/turcon.es\/wp\/wp-content\/uploads\/2011\/01\/1293395634478elefantesdetalledn.jpg?w=300\",\"contentUrl\":\"http:\/\/turcon.es\/wp\/wp-content\/uploads\/2011\/01\/1293395634478elefantesdetalledn.jpg?w=300\"},{\"@type\":\"BreadcrumbList\",\"@id\":\"https:\/\/turcon.es\/wp\/aumenta-el-riesgo-de-extincion-del-elefante\/#breadcrumb\",\"itemListElement\":[{\"@type\":\"ListItem\",\"position\":1,\"name\":\"Portada\",\"item\":\"https:\/\/turcon.es\/wp\/\"},{\"@type\":\"ListItem\",\"position\":2,\"name\":\"Aumenta el riesgo de extinci\u00f3n del elefante\"}]},{\"@type\":\"WebSite\",\"@id\":\"https:\/\/turcon.es\/wp\/#website\",\"url\":\"https:\/\/turcon.es\/wp\/\",\"name\":\"Colectivo Ecologista Turcon\",\"description\":\"\",\"publisher\":{\"@id\":\"https:\/\/turcon.es\/wp\/#organization\"},\"potentialAction\":[{\"@type\":\"SearchAction\",\"target\":{\"@type\":\"EntryPoint\",\"urlTemplate\":\"https:\/\/turcon.es\/wp\/?s={search_term_string}\"},\"query-input\":{\"@type\":\"PropertyValueSpecification\",\"valueRequired\":true,\"valueName\":\"search_term_string\"}}],\"inLanguage\":\"es\"},{\"@type\":\"Organization\",\"@id\":\"https:\/\/turcon.es\/wp\/#organization\",\"name\":\"Colectivo Ecologista Turcon\",\"url\":\"https:\/\/turcon.es\/wp\/\",\"logo\":{\"@type\":\"ImageObject\",\"inLanguage\":\"es\",\"@id\":\"https:\/\/turcon.es\/wp\/#\/schema\/logo\/image\/\",\"url\":\"https:\/\/turcon.es\/wp\/wp-content\/uploads\/2025\/03\/logo-verde.svg\",\"contentUrl\":\"https:\/\/turcon.es\/wp\/wp-content\/uploads\/2025\/03\/logo-verde.svg\",\"width\":813,\"height\":813,\"caption\":\"Colectivo Ecologista Turcon\"},\"image\":{\"@id\":\"https:\/\/turcon.es\/wp\/#\/schema\/logo\/image\/\"}},{\"@type\":\"Person\",\"@id\":\"https:\/\/turcon.es\/wp\/#\/schema\/person\/a1f3ba727ce031d9da17684affe85edd\",\"name\":\"Laura Fernandez\",\"image\":{\"@type\":\"ImageObject\",\"inLanguage\":\"es\",\"@id\":\"https:\/\/turcon.es\/wp\/#\/schema\/person\/image\/\",\"url\":\"https:\/\/secure.gravatar.com\/avatar\/360749af9549af22e54582d50231ae56e854210ae2368797ba242f445a9852e8?s=96&d=mm&r=g\",\"contentUrl\":\"https:\/\/secure.gravatar.com\/avatar\/360749af9549af22e54582d50231ae56e854210ae2368797ba242f445a9852e8?s=96&d=mm&r=g\",\"caption\":\"Laura Fernandez\"},\"url\":\"https:\/\/turcon.es\/wp\/author\/admturcon\/\"}]}<\/script>\n<!-- \/ Yoast SEO plugin. -->","yoast_head_json":{"title":"Aumenta el riesgo de extinci\u00f3n del elefante - Colectivo Ecologista Turcon","robots":{"index":"index","follow":"follow","max-snippet":"max-snippet:-1","max-image-preview":"max-image-preview:large","max-video-preview":"max-video-preview:-1"},"canonical":"https:\/\/turcon.es\/wp\/aumenta-el-riesgo-de-extincion-del-elefante\/","og_locale":"es_ES","og_type":"article","og_title":"Aumenta el riesgo de extinci\u00f3n del elefante - Colectivo Ecologista Turcon","og_description":"El ADN demuestra que los paquidermos africanos se dividen en dos especies, lo que aumenta su riesgo de extinci\u00f3n JAVIER YANES . Madrid A mediados de los ochenta, el bi\u00f3logo y conservacionista anglokeniano David Western se embarcaba en una misi\u00f3n cicl\u00f3pea: censar las poblaciones centroafricanas del elefante de bosque, un animal que se diferencia de [&hellip;]","og_url":"https:\/\/turcon.es\/wp\/aumenta-el-riesgo-de-extincion-del-elefante\/","og_site_name":"Colectivo Ecologista Turcon","article_published_time":"2011-01-09T08:24:22+00:00","og_image":[{"width":400,"height":217,"url":"https:\/\/turcon.es\/wp\/wp-content\/uploads\/2011\/01\/1293395634478elefantesdetalledn-1.jpg","type":"image\/jpeg"}],"author":"Laura Fernandez","twitter_card":"summary_large_image","twitter_misc":{"Escrito por":"Laura Fernandez","Tiempo de lectura":"5 minutos"},"schema":{"@context":"https:\/\/schema.org","@graph":[{"@type":"Article","@id":"https:\/\/turcon.es\/wp\/aumenta-el-riesgo-de-extincion-del-elefante\/#article","isPartOf":{"@id":"https:\/\/turcon.es\/wp\/aumenta-el-riesgo-de-extincion-del-elefante\/"},"author":{"name":"Laura Fernandez","@id":"https:\/\/turcon.es\/wp\/#\/schema\/person\/a1f3ba727ce031d9da17684affe85edd"},"headline":"Aumenta el riesgo de extinci\u00f3n del elefante","datePublished":"2011-01-09T08:24:22+00:00","mainEntityOfPage":{"@id":"https:\/\/turcon.es\/wp\/aumenta-el-riesgo-de-extincion-del-elefante\/"},"wordCount":941,"commentCount":0,"publisher":{"@id":"https:\/\/turcon.es\/wp\/#organization"},"image":{"@id":"https:\/\/turcon.es\/wp\/aumenta-el-riesgo-de-extincion-del-elefante\/#primaryimage"},"thumbnailUrl":"http:\/\/turcon.es\/wp\/wp-content\/uploads\/2011\/01\/1293395634478elefantesdetalledn.jpg?w=300","articleSection":["Agricultura y ganader\u00eda","Espacios Naturales","Fauna"],"inLanguage":"es","potentialAction":[{"@type":"CommentAction","name":"Comment","target":["https:\/\/turcon.es\/wp\/aumenta-el-riesgo-de-extincion-del-elefante\/#respond"]}]},{"@type":"WebPage","@id":"https:\/\/turcon.es\/wp\/aumenta-el-riesgo-de-extincion-del-elefante\/","url":"https:\/\/turcon.es\/wp\/aumenta-el-riesgo-de-extincion-del-elefante\/","name":"Aumenta el riesgo de extinci\u00f3n del elefante - Colectivo Ecologista Turcon","isPartOf":{"@id":"https:\/\/turcon.es\/wp\/#website"},"primaryImageOfPage":{"@id":"https:\/\/turcon.es\/wp\/aumenta-el-riesgo-de-extincion-del-elefante\/#primaryimage"},"image":{"@id":"https:\/\/turcon.es\/wp\/aumenta-el-riesgo-de-extincion-del-elefante\/#primaryimage"},"thumbnailUrl":"http:\/\/turcon.es\/wp\/wp-content\/uploads\/2011\/01\/1293395634478elefantesdetalledn.jpg?w=300","datePublished":"2011-01-09T08:24:22+00:00","breadcrumb":{"@id":"https:\/\/turcon.es\/wp\/aumenta-el-riesgo-de-extincion-del-elefante\/#breadcrumb"},"inLanguage":"es","potentialAction":[{"@type":"ReadAction","target":["https:\/\/turcon.es\/wp\/aumenta-el-riesgo-de-extincion-del-elefante\/"]}]},{"@type":"ImageObject","inLanguage":"es","@id":"https:\/\/turcon.es\/wp\/aumenta-el-riesgo-de-extincion-del-elefante\/#primaryimage","url":"http:\/\/turcon.es\/wp\/wp-content\/uploads\/2011\/01\/1293395634478elefantesdetalledn.jpg?w=300","contentUrl":"http:\/\/turcon.es\/wp\/wp-content\/uploads\/2011\/01\/1293395634478elefantesdetalledn.jpg?w=300"},{"@type":"BreadcrumbList","@id":"https:\/\/turcon.es\/wp\/aumenta-el-riesgo-de-extincion-del-elefante\/#breadcrumb","itemListElement":[{"@type":"ListItem","position":1,"name":"Portada","item":"https:\/\/turcon.es\/wp\/"},{"@type":"ListItem","position":2,"name":"Aumenta el riesgo de extinci\u00f3n del elefante"}]},{"@type":"WebSite","@id":"https:\/\/turcon.es\/wp\/#website","url":"https:\/\/turcon.es\/wp\/","name":"Colectivo Ecologista Turcon","description":"","publisher":{"@id":"https:\/\/turcon.es\/wp\/#organization"},"potentialAction":[{"@type":"SearchAction","target":{"@type":"EntryPoint","urlTemplate":"https:\/\/turcon.es\/wp\/?s={search_term_string}"},"query-input":{"@type":"PropertyValueSpecification","valueRequired":true,"valueName":"search_term_string"}}],"inLanguage":"es"},{"@type":"Organization","@id":"https:\/\/turcon.es\/wp\/#organization","name":"Colectivo Ecologista Turcon","url":"https:\/\/turcon.es\/wp\/","logo":{"@type":"ImageObject","inLanguage":"es","@id":"https:\/\/turcon.es\/wp\/#\/schema\/logo\/image\/","url":"https:\/\/turcon.es\/wp\/wp-content\/uploads\/2025\/03\/logo-verde.svg","contentUrl":"https:\/\/turcon.es\/wp\/wp-content\/uploads\/2025\/03\/logo-verde.svg","width":813,"height":813,"caption":"Colectivo Ecologista Turcon"},"image":{"@id":"https:\/\/turcon.es\/wp\/#\/schema\/logo\/image\/"}},{"@type":"Person","@id":"https:\/\/turcon.es\/wp\/#\/schema\/person\/a1f3ba727ce031d9da17684affe85edd","name":"Laura Fernandez","image":{"@type":"ImageObject","inLanguage":"es","@id":"https:\/\/turcon.es\/wp\/#\/schema\/person\/image\/","url":"https:\/\/secure.gravatar.com\/avatar\/360749af9549af22e54582d50231ae56e854210ae2368797ba242f445a9852e8?s=96&d=mm&r=g","contentUrl":"https:\/\/secure.gravatar.com\/avatar\/360749af9549af22e54582d50231ae56e854210ae2368797ba242f445a9852e8?s=96&d=mm&r=g","caption":"Laura Fernandez"},"url":"https:\/\/turcon.es\/wp\/author\/admturcon\/"}]}},"_links":{"self":[{"href":"https:\/\/turcon.es\/wp\/wp-json\/wp\/v2\/posts\/5755","targetHints":{"allow":["GET"]}}],"collection":[{"href":"https:\/\/turcon.es\/wp\/wp-json\/wp\/v2\/posts"}],"about":[{"href":"https:\/\/turcon.es\/wp\/wp-json\/wp\/v2\/types\/post"}],"author":[{"embeddable":true,"href":"https:\/\/turcon.es\/wp\/wp-json\/wp\/v2\/users\/2"}],"replies":[{"embeddable":true,"href":"https:\/\/turcon.es\/wp\/wp-json\/wp\/v2\/comments?post=5755"}],"version-history":[{"count":0,"href":"https:\/\/turcon.es\/wp\/wp-json\/wp\/v2\/posts\/5755\/revisions"}],"wp:attachment":[{"href":"https:\/\/turcon.es\/wp\/wp-json\/wp\/v2\/media?parent=5755"}],"wp:term":[{"taxonomy":"category","embeddable":true,"href":"https:\/\/turcon.es\/wp\/wp-json\/wp\/v2\/categories?post=5755"},{"taxonomy":"post_tag","embeddable":true,"href":"https:\/\/turcon.es\/wp\/wp-json\/wp\/v2\/tags?post=5755"}],"curies":[{"name":"wp","href":"https:\/\/api.w.org\/{rel}","templated":true}]}}