{"id":5776,"date":"2011-01-15T07:45:26","date_gmt":"2011-01-15T07:45:26","guid":{"rendered":"http:\/\/turcon.wordpress.com\/?p=5776"},"modified":"2011-01-15T07:45:26","modified_gmt":"2011-01-15T07:45:26","slug":"tejas-solares","status":"publish","type":"post","link":"https:\/\/turcon.es\/wp\/tejas-solares\/","title":{"rendered":"Tejas solares"},"content":{"rendered":"<p>Autor: Alex Fern\u00e1ndez Muerza<\/p>\n<p>Extractado de: <a href=\"http:\/\/www.portaldelmedioambiente.com\/articulos\/\">http:\/\/www.portaldelmedioambiente.com\/articulos\/<\/a><a href=\"http:\/\/turcon.es\/wp\/wp-content\/uploads\/2011\/01\/tejas_solares1.jpg\"><img decoding=\"async\" class=\"alignright size-full wp-image-5777\" title=\"tejas_solares1\" src=\"http:\/\/turcon.es\/wp\/wp-content\/uploads\/2011\/01\/tejas_solares1.jpg\" alt=\"\" width=\"200\" height=\"200\" \/><\/a><\/p>\n<p style=\"text-align:justify;\">Generan energ\u00eda renovable sin romper la est\u00e9tica del edificio. Las tejas solares se parecen a las convencionales en cuanto a forma o color, pero adem\u00e1s producen electricidad o calor. Diversas empresas estadounidenses y europeas han desarrollado varios modelos que ya se pueden instalar en cualquier tejado. Venecia es una de las ciudades que cuenta ya con estos tejados solares. No obstante, todav\u00eda son m\u00e1s caras que los paneles convencionales y resulta m\u00e1s dif\u00edcil encontrar instaladores, debido a su falta de desarrollo tecnol\u00f3gico y comercial.<\/p>\n<p style=\"text-align:justify;\">Los paneles fotovoltaicos o los sistemas t\u00e9rmicos son cada vez m\u00e1s utilizados en los edificios para generar energ\u00eda solar. Sin embargo, su impacto visual en el tejado puede ser un elemento decisivo que acabe por desterrar la idea de su instalaci\u00f3n. Para evitar este inconveniente, diversas empresas han creado las denominadas tejas solares. Se basan en el desarrollo de nuevos sistemas y materiales, como el silicio amorfo o monocristalino, que permiten a los paneles ser flexibles y adoptar cualquier forma. En este caso, son iguales que una teja convencional, con la propiedad a\u00f1adida de producir energ\u00eda solar.<\/p>\n<p>\u00a0<!--more--><\/p>\n<p>Diversas empresas en todo el mundo trabajan en el desarrollo de estas placas solares especiales. En Estados Unidos, una de la pioneras, SRS Energy, dispone del modelo \u00abSol\u00e9 Power Tiles\u00bb. Su est\u00e9tica es similar a la de cualquier tejado colonial y puede generar picos de 500 vatios por cada nueve metros cuadrados, seg\u00fan sus responsables. Al igual que el resto de fabricantes, SRS Energy resalta la resistencia, buen acabado, facilidad de montaje y aislamiento del ruido y calor de estas tejas solares.<\/p>\n<p>La tambi\u00e9n estadounidense Global Solar utiliza el diseleniuro de indio de cobre (CIS) para hacer sus modelos de tejas solares con un 10% de eficiencia, una de las m\u00e1s altas de este incipiente mercado. Gracias a ello, sus responsables han logrado un acuerdo con la multinacional qu\u00edmica Dow para beneficiarse de las ayudas de 17,8 millones de d\u00f3lares del programa \u00abAm\u00e9rica Solar\u00bb, del Departamento de Energ\u00eda de EE.UU. (DOE). Los objetivos de esta iniciativa pasan por la generalizaci\u00f3n de sistemas fotovoltaicos econ\u00f3micos, eficientes y de f\u00e1cil integraci\u00f3n, unos requisitos que las tejas solares de Global Solar parecen cumplir.<\/p>\n<p>Seg\u00fan los responsables de Dow, el nuevo modelo de teja solar se podr\u00e1 montar en cualquier cubierta que utilice tejas de asfalto est\u00e1ndar y de forma muy sencilla. Su coste ser\u00e1 entre un 30% y un 40% menor que otros materiales de construcci\u00f3n con energ\u00eda solar incorporada y un 10% menor que los costes combinados de los materiales de los tejados convencionales con paneles solares montados encima. Una vez instaladas, podr\u00edan ser capaces de cubrir entre el 40% y el 80% del consumo el\u00e9ctrico de un hogar. El objetivo de esta empresa es comenzar a probar este modelo a mediados de 2010 e iniciar un plan de distribuci\u00f3n amplio en 2011.<\/p>\n<p>En California, dos empresas compiten por dise\u00f1ar modelos competitivos de tejas solares para los consumidores. Por un lado, Sun Energy Engineering elabora una teja solar que puede sustituir a las normales o colocarse encima de ellas. Tienen diferentes colores para adaptarse a los gustos de los clientes. Por otro lado, Grass Valley ha desarrollado un modelo de teja solar plana y delgada, tambi\u00e9n en varios colores. Sus responsables aseguran que es mucho m\u00e1s vers\u00e1til que los modelos de tejas solares curvos.<\/p>\n<p>Tejas solares en Europa<\/p>\n<p>La empresa brit\u00e1nica Solar Century, especializada en energ\u00eda solar t\u00e9rmica y fotovoltaica, propone el modelo C21t en diversos colores para que haga juego con el techo elegido. Esta compa\u00f1\u00eda cuenta con una delegaci\u00f3n en Espa\u00f1a y dispone de distintos elementos de construcci\u00f3n, como fachadas o list\u00f3n, con c\u00e9lulas solares.<\/p>\n<p>El responsable de comunicaci\u00f3n de la Asociaci\u00f3n de la Industria Fotovoltaica (ASIF), Tom\u00e1s D\u00edaz, se\u00f1ala que estos sistemas fotovoltaicos flexibles se aplican ya en l\u00e1minas para la cubierta de edificios, de manera que impermeabilizan y producen electricidad. En Espa\u00f1a, Lamosa y Texa son dos de las empresas que comercializan este producto. En cuanto a los sistemas de tejas solares, D\u00edaz se\u00f1ala que varias empresas en nuestro pa\u00eds trabajan en su desarrollo.<\/p>\n<p>La compa\u00f1\u00eda italiana REM S.p.A ha creado un modelo que ha bautizado con el nombre de \u00abTechTile\u00bb. Su aspecto es igual que el de una teja tradicional de arcilla, s\u00f3lo que en su interior tiene c\u00e9lulas fotovoltaicas para generar electricidad o m\u00f3dulos solares t\u00e9rmicos para calentar agua. Estas tejas se fabrican con pl\u00e1stico y cubiertas moldeadas por inyecci\u00f3n de un material polim\u00e9rico denominado plexigl\u00e1s, que deja pasar mucha m\u00e1s luz que otros pl\u00e1sticos. Para su desarrollo han aprovechado el plan \u00abConto Energ\u00eda\u00bb de su pa\u00eds, para la generalizaci\u00f3n de las energ\u00edas renovables, que ha primado en especial a las instalaciones peque\u00f1as de consumidores.<\/p>\n<p>Venecia, una ciudad con una estricta normativa de protecci\u00f3n de edificios hist\u00f3ricos que limitaba el uso de placas fotovoltaicas, utiliza estas tejas solares. Se han imitado las tejas curvas de arcilla de color marr\u00f3n claro que cubren la gran mayor\u00eda de los tejados de esta ciudad patrimonio de la UNESCO.<\/p>\n<p>Los responsables de REM aseguran que un tejado de 18 metros cuadrados tapizado con estas tejas en el soleado sur de Italia puede cubrir la gran parte de las necesidades de electricidad de sus inquilinos. Se\u00f1alan que su instalaci\u00f3n es muy sencilla: se pueden colocar en m\u00f3dulos prefabricados o de forma independiente. En cuanto a su resistencia, afirman que aguantan incluso granizos y, si una teja se cae o deja de funcionar, no afecta a las dem\u00e1s.<\/p>\n<p>Tejas solares en Europa<\/p>\n<p>Qu\u00e9 conviene saber antes de instalar tejas solares<\/p>\n<p>Tom\u00e1s D\u00edaz afirma que las tejas solares \u00abest\u00e1n dando el salto y tendr\u00e1n seguro un sitio dentro de unos a\u00f1os, pero en la actualidad se encuentran a caballo de la I+D y la comercializaci\u00f3n\u00bb. Esta falta de desarrollo se traduce en la pr\u00e1ctica en un mayor precio y un rendimiento inferior que los paneles convencionales.<\/p>\n<p>La escasa implantaci\u00f3n en el mercado supone, seg\u00fan el responsable de comunicaci\u00f3n de ASIF, que sea dif\u00edcil encontrar un suministrador y un instalador que domine este sistema. D\u00edaz subraya que no es una instalaci\u00f3n tan sencilla como se da a entender: \u00abEs cierto que no reviste mucha complejidad, pero s\u00ed que har\u00eda falta un t\u00e9cnico cualificado para realizar la instalaci\u00f3n el\u00e9ctrica, subir al tejado y colocar las nuevas tejas y sustituir las antiguas, etc.\u00bb<\/p>\n<p>En resumen, las tejas solares pueden ser una buena soluci\u00f3n para propietarios de viviendas unifamiliares o peque\u00f1as urbanizaciones que prioricen el valor est\u00e9tico, o para edificios y monumentos de valor hist\u00f3rico o art\u00edstico. En caso de querer instalar un sistema de tejas solares, lo mejor es contactar con alg\u00fan instalador autorizado y especialista en energ\u00eda solar cercano. Para ello, conviene asesorarse, no s\u00f3lo para localizar a un buen instalador, sino tambi\u00e9n para confirmar si es posible lograr ayudas. Se puede preguntar en instituciones p\u00fablicas responsables del tema energ\u00e9tico, ya sea en ayuntamientos, diputaciones o gobiernos auton\u00f3micos, en asociaciones como el Instituto para la Diversificaci\u00f3n y Ahorro de la Energ\u00eda (IDAE) y sus hom\u00f3logos auton\u00f3micos, o en las distintas asociaciones del sector, como la citada ASIF, la Asociaci\u00f3n de Productores de Energ\u00edas Renovables (APPA), o la Asociaci\u00f3n Solar de la Industria T\u00e9rmica (ASIT).<\/p>\n","protected":false},"excerpt":{"rendered":"<p>Autor: Alex Fern\u00e1ndez Muerza Extractado de: http:\/\/www.portaldelmedioambiente.com\/articulos\/ Generan energ\u00eda renovable sin romper la est\u00e9tica del edificio. Las tejas solares se parecen a las convencionales en cuanto a forma o color, pero adem\u00e1s producen electricidad o calor. Diversas empresas estadounidenses y europeas han desarrollado varios modelos que ya se pueden instalar en cualquier tejado. Venecia es [&hellip;]<\/p>\n","protected":false},"author":2,"featured_media":0,"comment_status":"open","ping_status":"open","sticky":false,"template":"","format":"standard","meta":{"footnotes":""},"categories":[35],"tags":[],"class_list":["post-5776","post","type-post","status-publish","format-standard","hentry","category-energias-renovables"],"yoast_head":"<!-- This site is optimized with the Yoast SEO plugin v26.3 - https:\/\/yoast.com\/wordpress\/plugins\/seo\/ -->\n<title>Tejas solares - Colectivo Ecologista Turcon<\/title>\n<meta name=\"robots\" content=\"index, follow, max-snippet:-1, max-image-preview:large, max-video-preview:-1\" \/>\n<link rel=\"canonical\" href=\"https:\/\/turcon.es\/wp\/tejas-solares\/\" \/>\n<meta property=\"og:locale\" content=\"es_ES\" \/>\n<meta property=\"og:type\" content=\"article\" \/>\n<meta property=\"og:title\" content=\"Tejas solares - Colectivo Ecologista Turcon\" \/>\n<meta property=\"og:description\" content=\"Autor: Alex Fern\u00e1ndez Muerza Extractado de: http:\/\/www.portaldelmedioambiente.com\/articulos\/ Generan energ\u00eda renovable sin romper la est\u00e9tica del edificio. Las tejas solares se parecen a las convencionales en cuanto a forma o color, pero adem\u00e1s producen electricidad o calor. Diversas empresas estadounidenses y europeas han desarrollado varios modelos que ya se pueden instalar en cualquier tejado. Venecia es [&hellip;]\" \/>\n<meta property=\"og:url\" content=\"https:\/\/turcon.es\/wp\/tejas-solares\/\" \/>\n<meta property=\"og:site_name\" content=\"Colectivo Ecologista Turcon\" \/>\n<meta property=\"article:published_time\" content=\"2011-01-15T07:45:26+00:00\" \/>\n<meta property=\"og:image\" content=\"https:\/\/turcon.es\/wp\/wp-content\/uploads\/2011\/01\/tejas_solares1-1.jpg\" \/>\n\t<meta property=\"og:image:width\" content=\"200\" \/>\n\t<meta property=\"og:image:height\" content=\"200\" \/>\n\t<meta property=\"og:image:type\" content=\"image\/jpeg\" \/>\n<meta name=\"author\" content=\"Laura Fernandez\" \/>\n<meta name=\"twitter:card\" content=\"summary_large_image\" \/>\n<meta name=\"twitter:label1\" content=\"Escrito por\" \/>\n\t<meta name=\"twitter:data1\" content=\"Laura Fernandez\" \/>\n\t<meta name=\"twitter:label2\" content=\"Tiempo de lectura\" \/>\n\t<meta name=\"twitter:data2\" content=\"7 minutos\" \/>\n<script type=\"application\/ld+json\" class=\"yoast-schema-graph\">{\"@context\":\"https:\/\/schema.org\",\"@graph\":[{\"@type\":\"Article\",\"@id\":\"https:\/\/turcon.es\/wp\/tejas-solares\/#article\",\"isPartOf\":{\"@id\":\"https:\/\/turcon.es\/wp\/tejas-solares\/\"},\"author\":{\"name\":\"Laura Fernandez\",\"@id\":\"https:\/\/turcon.es\/wp\/#\/schema\/person\/a1f3ba727ce031d9da17684affe85edd\"},\"headline\":\"Tejas solares\",\"datePublished\":\"2011-01-15T07:45:26+00:00\",\"mainEntityOfPage\":{\"@id\":\"https:\/\/turcon.es\/wp\/tejas-solares\/\"},\"wordCount\":1315,\"commentCount\":0,\"publisher\":{\"@id\":\"https:\/\/turcon.es\/wp\/#organization\"},\"image\":{\"@id\":\"https:\/\/turcon.es\/wp\/tejas-solares\/#primaryimage\"},\"thumbnailUrl\":\"http:\/\/turcon.es\/wp\/wp-content\/uploads\/2011\/01\/tejas_solares1.jpg\",\"articleSection\":[\"Energ\u00edas renovables\"],\"inLanguage\":\"es\",\"potentialAction\":[{\"@type\":\"CommentAction\",\"name\":\"Comment\",\"target\":[\"https:\/\/turcon.es\/wp\/tejas-solares\/#respond\"]}]},{\"@type\":\"WebPage\",\"@id\":\"https:\/\/turcon.es\/wp\/tejas-solares\/\",\"url\":\"https:\/\/turcon.es\/wp\/tejas-solares\/\",\"name\":\"Tejas solares - Colectivo Ecologista Turcon\",\"isPartOf\":{\"@id\":\"https:\/\/turcon.es\/wp\/#website\"},\"primaryImageOfPage\":{\"@id\":\"https:\/\/turcon.es\/wp\/tejas-solares\/#primaryimage\"},\"image\":{\"@id\":\"https:\/\/turcon.es\/wp\/tejas-solares\/#primaryimage\"},\"thumbnailUrl\":\"http:\/\/turcon.es\/wp\/wp-content\/uploads\/2011\/01\/tejas_solares1.jpg\",\"datePublished\":\"2011-01-15T07:45:26+00:00\",\"breadcrumb\":{\"@id\":\"https:\/\/turcon.es\/wp\/tejas-solares\/#breadcrumb\"},\"inLanguage\":\"es\",\"potentialAction\":[{\"@type\":\"ReadAction\",\"target\":[\"https:\/\/turcon.es\/wp\/tejas-solares\/\"]}]},{\"@type\":\"ImageObject\",\"inLanguage\":\"es\",\"@id\":\"https:\/\/turcon.es\/wp\/tejas-solares\/#primaryimage\",\"url\":\"http:\/\/turcon.es\/wp\/wp-content\/uploads\/2011\/01\/tejas_solares1.jpg\",\"contentUrl\":\"http:\/\/turcon.es\/wp\/wp-content\/uploads\/2011\/01\/tejas_solares1.jpg\"},{\"@type\":\"BreadcrumbList\",\"@id\":\"https:\/\/turcon.es\/wp\/tejas-solares\/#breadcrumb\",\"itemListElement\":[{\"@type\":\"ListItem\",\"position\":1,\"name\":\"Portada\",\"item\":\"https:\/\/turcon.es\/wp\/\"},{\"@type\":\"ListItem\",\"position\":2,\"name\":\"Tejas solares\"}]},{\"@type\":\"WebSite\",\"@id\":\"https:\/\/turcon.es\/wp\/#website\",\"url\":\"https:\/\/turcon.es\/wp\/\",\"name\":\"Colectivo Ecologista Turcon\",\"description\":\"\",\"publisher\":{\"@id\":\"https:\/\/turcon.es\/wp\/#organization\"},\"potentialAction\":[{\"@type\":\"SearchAction\",\"target\":{\"@type\":\"EntryPoint\",\"urlTemplate\":\"https:\/\/turcon.es\/wp\/?s={search_term_string}\"},\"query-input\":{\"@type\":\"PropertyValueSpecification\",\"valueRequired\":true,\"valueName\":\"search_term_string\"}}],\"inLanguage\":\"es\"},{\"@type\":\"Organization\",\"@id\":\"https:\/\/turcon.es\/wp\/#organization\",\"name\":\"Colectivo Ecologista Turcon\",\"url\":\"https:\/\/turcon.es\/wp\/\",\"logo\":{\"@type\":\"ImageObject\",\"inLanguage\":\"es\",\"@id\":\"https:\/\/turcon.es\/wp\/#\/schema\/logo\/image\/\",\"url\":\"https:\/\/turcon.es\/wp\/wp-content\/uploads\/2025\/03\/logo-verde.svg\",\"contentUrl\":\"https:\/\/turcon.es\/wp\/wp-content\/uploads\/2025\/03\/logo-verde.svg\",\"width\":813,\"height\":813,\"caption\":\"Colectivo Ecologista Turcon\"},\"image\":{\"@id\":\"https:\/\/turcon.es\/wp\/#\/schema\/logo\/image\/\"}},{\"@type\":\"Person\",\"@id\":\"https:\/\/turcon.es\/wp\/#\/schema\/person\/a1f3ba727ce031d9da17684affe85edd\",\"name\":\"Laura Fernandez\",\"image\":{\"@type\":\"ImageObject\",\"inLanguage\":\"es\",\"@id\":\"https:\/\/turcon.es\/wp\/#\/schema\/person\/image\/\",\"url\":\"https:\/\/secure.gravatar.com\/avatar\/360749af9549af22e54582d50231ae56e854210ae2368797ba242f445a9852e8?s=96&d=mm&r=g\",\"contentUrl\":\"https:\/\/secure.gravatar.com\/avatar\/360749af9549af22e54582d50231ae56e854210ae2368797ba242f445a9852e8?s=96&d=mm&r=g\",\"caption\":\"Laura Fernandez\"},\"url\":\"https:\/\/turcon.es\/wp\/author\/admturcon\/\"}]}<\/script>\n<!-- \/ Yoast SEO plugin. -->","yoast_head_json":{"title":"Tejas solares - Colectivo Ecologista Turcon","robots":{"index":"index","follow":"follow","max-snippet":"max-snippet:-1","max-image-preview":"max-image-preview:large","max-video-preview":"max-video-preview:-1"},"canonical":"https:\/\/turcon.es\/wp\/tejas-solares\/","og_locale":"es_ES","og_type":"article","og_title":"Tejas solares - Colectivo Ecologista Turcon","og_description":"Autor: Alex Fern\u00e1ndez Muerza Extractado de: http:\/\/www.portaldelmedioambiente.com\/articulos\/ Generan energ\u00eda renovable sin romper la est\u00e9tica del edificio. Las tejas solares se parecen a las convencionales en cuanto a forma o color, pero adem\u00e1s producen electricidad o calor. Diversas empresas estadounidenses y europeas han desarrollado varios modelos que ya se pueden instalar en cualquier tejado. Venecia es [&hellip;]","og_url":"https:\/\/turcon.es\/wp\/tejas-solares\/","og_site_name":"Colectivo Ecologista Turcon","article_published_time":"2011-01-15T07:45:26+00:00","og_image":[{"width":200,"height":200,"url":"https:\/\/turcon.es\/wp\/wp-content\/uploads\/2011\/01\/tejas_solares1-1.jpg","type":"image\/jpeg"}],"author":"Laura Fernandez","twitter_card":"summary_large_image","twitter_misc":{"Escrito por":"Laura Fernandez","Tiempo de lectura":"7 minutos"},"schema":{"@context":"https:\/\/schema.org","@graph":[{"@type":"Article","@id":"https:\/\/turcon.es\/wp\/tejas-solares\/#article","isPartOf":{"@id":"https:\/\/turcon.es\/wp\/tejas-solares\/"},"author":{"name":"Laura Fernandez","@id":"https:\/\/turcon.es\/wp\/#\/schema\/person\/a1f3ba727ce031d9da17684affe85edd"},"headline":"Tejas solares","datePublished":"2011-01-15T07:45:26+00:00","mainEntityOfPage":{"@id":"https:\/\/turcon.es\/wp\/tejas-solares\/"},"wordCount":1315,"commentCount":0,"publisher":{"@id":"https:\/\/turcon.es\/wp\/#organization"},"image":{"@id":"https:\/\/turcon.es\/wp\/tejas-solares\/#primaryimage"},"thumbnailUrl":"http:\/\/turcon.es\/wp\/wp-content\/uploads\/2011\/01\/tejas_solares1.jpg","articleSection":["Energ\u00edas renovables"],"inLanguage":"es","potentialAction":[{"@type":"CommentAction","name":"Comment","target":["https:\/\/turcon.es\/wp\/tejas-solares\/#respond"]}]},{"@type":"WebPage","@id":"https:\/\/turcon.es\/wp\/tejas-solares\/","url":"https:\/\/turcon.es\/wp\/tejas-solares\/","name":"Tejas solares - Colectivo Ecologista Turcon","isPartOf":{"@id":"https:\/\/turcon.es\/wp\/#website"},"primaryImageOfPage":{"@id":"https:\/\/turcon.es\/wp\/tejas-solares\/#primaryimage"},"image":{"@id":"https:\/\/turcon.es\/wp\/tejas-solares\/#primaryimage"},"thumbnailUrl":"http:\/\/turcon.es\/wp\/wp-content\/uploads\/2011\/01\/tejas_solares1.jpg","datePublished":"2011-01-15T07:45:26+00:00","breadcrumb":{"@id":"https:\/\/turcon.es\/wp\/tejas-solares\/#breadcrumb"},"inLanguage":"es","potentialAction":[{"@type":"ReadAction","target":["https:\/\/turcon.es\/wp\/tejas-solares\/"]}]},{"@type":"ImageObject","inLanguage":"es","@id":"https:\/\/turcon.es\/wp\/tejas-solares\/#primaryimage","url":"http:\/\/turcon.es\/wp\/wp-content\/uploads\/2011\/01\/tejas_solares1.jpg","contentUrl":"http:\/\/turcon.es\/wp\/wp-content\/uploads\/2011\/01\/tejas_solares1.jpg"},{"@type":"BreadcrumbList","@id":"https:\/\/turcon.es\/wp\/tejas-solares\/#breadcrumb","itemListElement":[{"@type":"ListItem","position":1,"name":"Portada","item":"https:\/\/turcon.es\/wp\/"},{"@type":"ListItem","position":2,"name":"Tejas solares"}]},{"@type":"WebSite","@id":"https:\/\/turcon.es\/wp\/#website","url":"https:\/\/turcon.es\/wp\/","name":"Colectivo Ecologista Turcon","description":"","publisher":{"@id":"https:\/\/turcon.es\/wp\/#organization"},"potentialAction":[{"@type":"SearchAction","target":{"@type":"EntryPoint","urlTemplate":"https:\/\/turcon.es\/wp\/?s={search_term_string}"},"query-input":{"@type":"PropertyValueSpecification","valueRequired":true,"valueName":"search_term_string"}}],"inLanguage":"es"},{"@type":"Organization","@id":"https:\/\/turcon.es\/wp\/#organization","name":"Colectivo Ecologista Turcon","url":"https:\/\/turcon.es\/wp\/","logo":{"@type":"ImageObject","inLanguage":"es","@id":"https:\/\/turcon.es\/wp\/#\/schema\/logo\/image\/","url":"https:\/\/turcon.es\/wp\/wp-content\/uploads\/2025\/03\/logo-verde.svg","contentUrl":"https:\/\/turcon.es\/wp\/wp-content\/uploads\/2025\/03\/logo-verde.svg","width":813,"height":813,"caption":"Colectivo Ecologista Turcon"},"image":{"@id":"https:\/\/turcon.es\/wp\/#\/schema\/logo\/image\/"}},{"@type":"Person","@id":"https:\/\/turcon.es\/wp\/#\/schema\/person\/a1f3ba727ce031d9da17684affe85edd","name":"Laura Fernandez","image":{"@type":"ImageObject","inLanguage":"es","@id":"https:\/\/turcon.es\/wp\/#\/schema\/person\/image\/","url":"https:\/\/secure.gravatar.com\/avatar\/360749af9549af22e54582d50231ae56e854210ae2368797ba242f445a9852e8?s=96&d=mm&r=g","contentUrl":"https:\/\/secure.gravatar.com\/avatar\/360749af9549af22e54582d50231ae56e854210ae2368797ba242f445a9852e8?s=96&d=mm&r=g","caption":"Laura Fernandez"},"url":"https:\/\/turcon.es\/wp\/author\/admturcon\/"}]}},"_links":{"self":[{"href":"https:\/\/turcon.es\/wp\/wp-json\/wp\/v2\/posts\/5776","targetHints":{"allow":["GET"]}}],"collection":[{"href":"https:\/\/turcon.es\/wp\/wp-json\/wp\/v2\/posts"}],"about":[{"href":"https:\/\/turcon.es\/wp\/wp-json\/wp\/v2\/types\/post"}],"author":[{"embeddable":true,"href":"https:\/\/turcon.es\/wp\/wp-json\/wp\/v2\/users\/2"}],"replies":[{"embeddable":true,"href":"https:\/\/turcon.es\/wp\/wp-json\/wp\/v2\/comments?post=5776"}],"version-history":[{"count":0,"href":"https:\/\/turcon.es\/wp\/wp-json\/wp\/v2\/posts\/5776\/revisions"}],"wp:attachment":[{"href":"https:\/\/turcon.es\/wp\/wp-json\/wp\/v2\/media?parent=5776"}],"wp:term":[{"taxonomy":"category","embeddable":true,"href":"https:\/\/turcon.es\/wp\/wp-json\/wp\/v2\/categories?post=5776"},{"taxonomy":"post_tag","embeddable":true,"href":"https:\/\/turcon.es\/wp\/wp-json\/wp\/v2\/tags?post=5776"}],"curies":[{"name":"wp","href":"https:\/\/api.w.org\/{rel}","templated":true}]}}