{"id":5852,"date":"2011-01-17T21:13:46","date_gmt":"2011-01-17T21:13:46","guid":{"rendered":"http:\/\/turcon.wordpress.com\/?p=5852"},"modified":"2011-01-17T21:13:46","modified_gmt":"2011-01-17T21:13:46","slug":"turcon-pide-al-cabildo-una-politica-activa-en-la-proteccion-de-los-caminos-publicos-de-gran-canaria","status":"publish","type":"post","link":"https:\/\/turcon.es\/wp\/turcon-pide-al-cabildo-una-politica-activa-en-la-proteccion-de-los-caminos-publicos-de-gran-canaria\/","title":{"rendered":"Turcon pide al Cabildo una pol\u00edtica activa en la protecci\u00f3n de los caminos p\u00fablicos de Gran Canaria"},"content":{"rendered":"<h2 style=\"text-align:justify;\"><span style=\"color:#0000ff;\"><strong>Mediante un escrito este colectivo ecologista solicita al Consejero de Medio Ambiente del Cabildo de Gran Canaria una acci\u00f3n decidida en cuanto a la creaci\u00f3n, actualizaci\u00f3n y mejora de un inventario que recoja toda la red de sendas, caminos, pistas, etc que sirvan para el fomento del contacto con la naturaleza.<\/strong><\/span><\/h2>\n<h2 style=\"text-align:justify;\"><span style=\"color:#0000ff;\"><strong><\/strong><strong><a href=\"http:\/\/turcon.es\/wp\/wp-content\/uploads\/2010\/08\/logoturcon.gif\"><img decoding=\"async\" class=\"alignleft size-full wp-image-4810\" title=\"logoturcon\" src=\"http:\/\/turcon.es\/wp\/wp-content\/uploads\/2010\/08\/logoturcon.gif\" alt=\"\" width=\"160\" height=\"57\" \/><\/a><\/strong><\/span><\/h2>\n<p style=\"text-align:justify;\">Argumenta Turc\u00f3n que El abandono de las caminos ha conllevado, en primer lugar un deterioro de los mismos, y paralelamente, la perdida por usurpaci\u00f3n de un bien de dominio (o uso) p\u00fablico.\u00a0 Los caminos padecen toda una serie de circunstancias que van en detrimento de los mismos: asaltos, saqueos, cortes, aprovechamientos privados \u00f3 destrucci\u00f3n. <span style=\"text-decoration:underline;\">Todas estas vicisitudes aconsejan tomar cartas en el asunto para lograr una efectiva conservaci\u00f3n como bien p\u00fablico<\/span>. La escasa preocupaci\u00f3n por ellos, de las Administraciones y la falta de uso, est\u00e1n provocando que los caminos se pierdan o vean mermada su funcionalidad, y por tanto, tambi\u00e9n se reduzcan sus beneficios sociales, ambientales, recreativos y tur\u00edsticos.<\/p>\n<p style=\"text-align:justify;\">Recuerda Turc\u00f3n, que el art\u00edculo<a href=\"http:\/\/turcon.es\/wp\/wp-content\/uploads\/2008\/07\/senderismo9.jpg\"><img decoding=\"async\" class=\"alignright size-full wp-image-393\" title=\"senderismo9\" src=\"http:\/\/turcon.es\/wp\/wp-content\/uploads\/2008\/07\/senderismo9.jpg\" alt=\"\" width=\"269\" height=\"151\" \/><\/a> 6 del Decreto 11\/2005, de 15 de febrero, <strong><em>por el que se crea la Red Canaria de Senderos y se regulan las condiciones para la ordenaci\u00f3n, homologaci\u00f3n y conservaci\u00f3n de los senderos en la Comunidad Aut\u00f3noma de Canarias,<\/em><\/strong> se\u00f1ala a los Cabildos Insulares, como responsables de:<\/p>\n<p style=\"text-align:justify;\">a) La homologaci\u00f3n de los senderos, de oficio, o a propuesta de los Ayuntamientos o de la Federaci\u00f3n  Canaria de Monta\u00f1ismo, as\u00ed como la modificaci\u00f3n y cancelaci\u00f3n de dicha homologaci\u00f3n, o\u00eddos a la citada Federaci\u00f3n y a los Ayuntamientos, en su caso.<!--more--><\/p>\n<p style=\"text-align:justify;\">b) La adopci\u00f3n de medidas jur\u00eddicas y actuaciones que garanticen la libre circulaci\u00f3n de las personas en los senderos homologados.<\/p>\n<p style=\"text-align:justify;\">c) La vigilancia, conservaci\u00f3n, se\u00f1alizaci\u00f3n y mantenimiento de los senderos.<\/p>\n<p style=\"text-align:justify;\">d) Promover y aprobar los Planes Especiales de Ordenaci\u00f3n de la red de senderos, determinando las condiciones de uso de los mismos, las posibles restricciones o limitaciones y los medios financieros para su mantenimiento, conservaci\u00f3n o restauraci\u00f3n.<\/p>\n<p style=\"text-align:justify;\">e) Cuantas otras funciones sirvan al desarrollo de los objetivos del presente Decreto.<\/p>\n<p style=\"text-align:justify;\">Para los ecologistas la falta de un inventario insular de senderos rurales y caminos p\u00fablicos hace que aparezcan los t\u00edpicos conflictos con la propiedad privada que en algunos casos se hab\u00eda adue\u00f1ado del sendero. En otro caso, la falta de uso, hace que los mismos se dispersan en el territorio sin conseguir adivinar el trazado original. Todo esto se agrava y complica la situaci\u00f3n para una administraci\u00f3n, por ejemplo local, que quiere potenciar el turismo pedestre para relanzar la econom\u00eda de su municipio, se ve imposibilitado para ello. El Cabildo debe ofrecer un inventario para que todos conozcamos la gran riqueza patrimonial que tenemos.<\/p>\n","protected":false},"excerpt":{"rendered":"<p>Mediante un escrito este colectivo ecologista solicita al Consejero de Medio Ambiente del Cabildo de Gran Canaria una acci\u00f3n decidida en cuanto a la creaci\u00f3n, actualizaci\u00f3n y mejora de un inventario que recoja toda la red de sendas, caminos, pistas, etc que sirvan para el fomento del contacto con la naturaleza. Argumenta Turc\u00f3n que El [&hellip;]<\/p>\n","protected":false},"author":2,"featured_media":0,"comment_status":"open","ping_status":"open","sticky":false,"template":"","format":"standard","meta":{"footnotes":""},"categories":[8,37,41,46,55,57],"tags":[302],"class_list":["post-5852","post","type-post","status-publish","format-standard","hentry","category-administracion-publica","category-espacios-naturales","category-gran-canaria","category-notas-de-prensa-de-turcon","category-recursos-naturales","category-senderismo","tag-cabildo-de-gran-canaria"],"yoast_head":"<!-- This site is optimized with the Yoast SEO plugin v26.3 - https:\/\/yoast.com\/wordpress\/plugins\/seo\/ -->\n<title>Turcon pide al Cabildo una pol\u00edtica activa en la protecci\u00f3n de los caminos p\u00fablicos de Gran Canaria - Colectivo Ecologista Turcon<\/title>\n<meta name=\"robots\" content=\"index, follow, max-snippet:-1, max-image-preview:large, max-video-preview:-1\" \/>\n<link rel=\"canonical\" href=\"https:\/\/turcon.es\/wp\/turcon-pide-al-cabildo-una-politica-activa-en-la-proteccion-de-los-caminos-publicos-de-gran-canaria\/\" \/>\n<meta property=\"og:locale\" content=\"es_ES\" \/>\n<meta property=\"og:type\" content=\"article\" \/>\n<meta property=\"og:title\" content=\"Turcon pide al Cabildo una pol\u00edtica activa en la protecci\u00f3n de los caminos p\u00fablicos de Gran Canaria - Colectivo Ecologista Turcon\" \/>\n<meta property=\"og:description\" content=\"Mediante un escrito este colectivo ecologista solicita al Consejero de Medio Ambiente del Cabildo de Gran Canaria una acci\u00f3n decidida en cuanto a la creaci\u00f3n, actualizaci\u00f3n y mejora de un inventario que recoja toda la red de sendas, caminos, pistas, etc que sirvan para el fomento del contacto con la naturaleza. Argumenta Turc\u00f3n que El [&hellip;]\" \/>\n<meta property=\"og:url\" content=\"https:\/\/turcon.es\/wp\/turcon-pide-al-cabildo-una-politica-activa-en-la-proteccion-de-los-caminos-publicos-de-gran-canaria\/\" \/>\n<meta property=\"og:site_name\" content=\"Colectivo Ecologista Turcon\" \/>\n<meta property=\"article:published_time\" content=\"2011-01-17T21:13:46+00:00\" \/>\n<meta property=\"og:image\" content=\"https:\/\/turcon.es\/wp\/wp-content\/uploads\/2010\/08\/logoturcon-1.gif\" \/>\n\t<meta property=\"og:image:width\" content=\"160\" \/>\n\t<meta property=\"og:image:height\" content=\"57\" \/>\n\t<meta property=\"og:image:type\" content=\"image\/gif\" \/>\n<meta name=\"author\" content=\"Laura Fernandez\" \/>\n<meta name=\"twitter:card\" content=\"summary_large_image\" \/>\n<meta name=\"twitter:label1\" content=\"Escrito por\" \/>\n\t<meta name=\"twitter:data1\" content=\"Laura Fernandez\" \/>\n\t<meta name=\"twitter:label2\" content=\"Tiempo de lectura\" \/>\n\t<meta name=\"twitter:data2\" content=\"2 minutos\" \/>\n<script type=\"application\/ld+json\" class=\"yoast-schema-graph\">{\"@context\":\"https:\/\/schema.org\",\"@graph\":[{\"@type\":\"Article\",\"@id\":\"https:\/\/turcon.es\/wp\/turcon-pide-al-cabildo-una-politica-activa-en-la-proteccion-de-los-caminos-publicos-de-gran-canaria\/#article\",\"isPartOf\":{\"@id\":\"https:\/\/turcon.es\/wp\/turcon-pide-al-cabildo-una-politica-activa-en-la-proteccion-de-los-caminos-publicos-de-gran-canaria\/\"},\"author\":{\"name\":\"Laura Fernandez\",\"@id\":\"https:\/\/turcon.es\/wp\/#\/schema\/person\/a1f3ba727ce031d9da17684affe85edd\"},\"headline\":\"Turcon pide al Cabildo una pol\u00edtica activa en la protecci\u00f3n de los caminos p\u00fablicos de Gran Canaria\",\"datePublished\":\"2011-01-17T21:13:46+00:00\",\"mainEntityOfPage\":{\"@id\":\"https:\/\/turcon.es\/wp\/turcon-pide-al-cabildo-una-politica-activa-en-la-proteccion-de-los-caminos-publicos-de-gran-canaria\/\"},\"wordCount\":497,\"commentCount\":0,\"publisher\":{\"@id\":\"https:\/\/turcon.es\/wp\/#organization\"},\"image\":{\"@id\":\"https:\/\/turcon.es\/wp\/turcon-pide-al-cabildo-una-politica-activa-en-la-proteccion-de-los-caminos-publicos-de-gran-canaria\/#primaryimage\"},\"thumbnailUrl\":\"http:\/\/turcon.es\/wp\/wp-content\/uploads\/2010\/08\/logoturcon.gif\",\"keywords\":[\"Cabildo de Gran Canaria\"],\"articleSection\":[\"Administraci\u00f3n p\u00fablica\",\"Espacios Naturales\",\"Gran Canaria\",\"Notas de prensa de Turc\u00f3n\",\"Recursos naturales\",\"Senderismo\"],\"inLanguage\":\"es\",\"potentialAction\":[{\"@type\":\"CommentAction\",\"name\":\"Comment\",\"target\":[\"https:\/\/turcon.es\/wp\/turcon-pide-al-cabildo-una-politica-activa-en-la-proteccion-de-los-caminos-publicos-de-gran-canaria\/#respond\"]}]},{\"@type\":\"WebPage\",\"@id\":\"https:\/\/turcon.es\/wp\/turcon-pide-al-cabildo-una-politica-activa-en-la-proteccion-de-los-caminos-publicos-de-gran-canaria\/\",\"url\":\"https:\/\/turcon.es\/wp\/turcon-pide-al-cabildo-una-politica-activa-en-la-proteccion-de-los-caminos-publicos-de-gran-canaria\/\",\"name\":\"Turcon pide al Cabildo una pol\u00edtica activa en la protecci\u00f3n de los caminos p\u00fablicos de Gran Canaria - Colectivo Ecologista Turcon\",\"isPartOf\":{\"@id\":\"https:\/\/turcon.es\/wp\/#website\"},\"primaryImageOfPage\":{\"@id\":\"https:\/\/turcon.es\/wp\/turcon-pide-al-cabildo-una-politica-activa-en-la-proteccion-de-los-caminos-publicos-de-gran-canaria\/#primaryimage\"},\"image\":{\"@id\":\"https:\/\/turcon.es\/wp\/turcon-pide-al-cabildo-una-politica-activa-en-la-proteccion-de-los-caminos-publicos-de-gran-canaria\/#primaryimage\"},\"thumbnailUrl\":\"http:\/\/turcon.es\/wp\/wp-content\/uploads\/2010\/08\/logoturcon.gif\",\"datePublished\":\"2011-01-17T21:13:46+00:00\",\"breadcrumb\":{\"@id\":\"https:\/\/turcon.es\/wp\/turcon-pide-al-cabildo-una-politica-activa-en-la-proteccion-de-los-caminos-publicos-de-gran-canaria\/#breadcrumb\"},\"inLanguage\":\"es\",\"potentialAction\":[{\"@type\":\"ReadAction\",\"target\":[\"https:\/\/turcon.es\/wp\/turcon-pide-al-cabildo-una-politica-activa-en-la-proteccion-de-los-caminos-publicos-de-gran-canaria\/\"]}]},{\"@type\":\"ImageObject\",\"inLanguage\":\"es\",\"@id\":\"https:\/\/turcon.es\/wp\/turcon-pide-al-cabildo-una-politica-activa-en-la-proteccion-de-los-caminos-publicos-de-gran-canaria\/#primaryimage\",\"url\":\"http:\/\/turcon.es\/wp\/wp-content\/uploads\/2010\/08\/logoturcon.gif\",\"contentUrl\":\"http:\/\/turcon.es\/wp\/wp-content\/uploads\/2010\/08\/logoturcon.gif\"},{\"@type\":\"BreadcrumbList\",\"@id\":\"https:\/\/turcon.es\/wp\/turcon-pide-al-cabildo-una-politica-activa-en-la-proteccion-de-los-caminos-publicos-de-gran-canaria\/#breadcrumb\",\"itemListElement\":[{\"@type\":\"ListItem\",\"position\":1,\"name\":\"Portada\",\"item\":\"https:\/\/turcon.es\/wp\/\"},{\"@type\":\"ListItem\",\"position\":2,\"name\":\"Turcon pide al Cabildo una pol\u00edtica activa en la protecci\u00f3n de los caminos p\u00fablicos de Gran Canaria\"}]},{\"@type\":\"WebSite\",\"@id\":\"https:\/\/turcon.es\/wp\/#website\",\"url\":\"https:\/\/turcon.es\/wp\/\",\"name\":\"Colectivo Ecologista Turcon\",\"description\":\"\",\"publisher\":{\"@id\":\"https:\/\/turcon.es\/wp\/#organization\"},\"potentialAction\":[{\"@type\":\"SearchAction\",\"target\":{\"@type\":\"EntryPoint\",\"urlTemplate\":\"https:\/\/turcon.es\/wp\/?s={search_term_string}\"},\"query-input\":{\"@type\":\"PropertyValueSpecification\",\"valueRequired\":true,\"valueName\":\"search_term_string\"}}],\"inLanguage\":\"es\"},{\"@type\":\"Organization\",\"@id\":\"https:\/\/turcon.es\/wp\/#organization\",\"name\":\"Colectivo Ecologista Turcon\",\"url\":\"https:\/\/turcon.es\/wp\/\",\"logo\":{\"@type\":\"ImageObject\",\"inLanguage\":\"es\",\"@id\":\"https:\/\/turcon.es\/wp\/#\/schema\/logo\/image\/\",\"url\":\"https:\/\/turcon.es\/wp\/wp-content\/uploads\/2025\/03\/logo-verde.svg\",\"contentUrl\":\"https:\/\/turcon.es\/wp\/wp-content\/uploads\/2025\/03\/logo-verde.svg\",\"width\":813,\"height\":813,\"caption\":\"Colectivo Ecologista Turcon\"},\"image\":{\"@id\":\"https:\/\/turcon.es\/wp\/#\/schema\/logo\/image\/\"}},{\"@type\":\"Person\",\"@id\":\"https:\/\/turcon.es\/wp\/#\/schema\/person\/a1f3ba727ce031d9da17684affe85edd\",\"name\":\"Laura Fernandez\",\"image\":{\"@type\":\"ImageObject\",\"inLanguage\":\"es\",\"@id\":\"https:\/\/turcon.es\/wp\/#\/schema\/person\/image\/\",\"url\":\"https:\/\/secure.gravatar.com\/avatar\/360749af9549af22e54582d50231ae56e854210ae2368797ba242f445a9852e8?s=96&d=mm&r=g\",\"contentUrl\":\"https:\/\/secure.gravatar.com\/avatar\/360749af9549af22e54582d50231ae56e854210ae2368797ba242f445a9852e8?s=96&d=mm&r=g\",\"caption\":\"Laura Fernandez\"},\"url\":\"https:\/\/turcon.es\/wp\/author\/admturcon\/\"}]}<\/script>\n<!-- \/ Yoast SEO plugin. -->","yoast_head_json":{"title":"Turcon pide al Cabildo una pol\u00edtica activa en la protecci\u00f3n de los caminos p\u00fablicos de Gran Canaria - Colectivo Ecologista Turcon","robots":{"index":"index","follow":"follow","max-snippet":"max-snippet:-1","max-image-preview":"max-image-preview:large","max-video-preview":"max-video-preview:-1"},"canonical":"https:\/\/turcon.es\/wp\/turcon-pide-al-cabildo-una-politica-activa-en-la-proteccion-de-los-caminos-publicos-de-gran-canaria\/","og_locale":"es_ES","og_type":"article","og_title":"Turcon pide al Cabildo una pol\u00edtica activa en la protecci\u00f3n de los caminos p\u00fablicos de Gran Canaria - Colectivo Ecologista Turcon","og_description":"Mediante un escrito este colectivo ecologista solicita al Consejero de Medio Ambiente del Cabildo de Gran Canaria una acci\u00f3n decidida en cuanto a la creaci\u00f3n, actualizaci\u00f3n y mejora de un inventario que recoja toda la red de sendas, caminos, pistas, etc que sirvan para el fomento del contacto con la naturaleza. Argumenta Turc\u00f3n que El [&hellip;]","og_url":"https:\/\/turcon.es\/wp\/turcon-pide-al-cabildo-una-politica-activa-en-la-proteccion-de-los-caminos-publicos-de-gran-canaria\/","og_site_name":"Colectivo Ecologista Turcon","article_published_time":"2011-01-17T21:13:46+00:00","og_image":[{"width":160,"height":57,"url":"https:\/\/turcon.es\/wp\/wp-content\/uploads\/2010\/08\/logoturcon-1.gif","type":"image\/gif"}],"author":"Laura Fernandez","twitter_card":"summary_large_image","twitter_misc":{"Escrito por":"Laura Fernandez","Tiempo de lectura":"2 minutos"},"schema":{"@context":"https:\/\/schema.org","@graph":[{"@type":"Article","@id":"https:\/\/turcon.es\/wp\/turcon-pide-al-cabildo-una-politica-activa-en-la-proteccion-de-los-caminos-publicos-de-gran-canaria\/#article","isPartOf":{"@id":"https:\/\/turcon.es\/wp\/turcon-pide-al-cabildo-una-politica-activa-en-la-proteccion-de-los-caminos-publicos-de-gran-canaria\/"},"author":{"name":"Laura Fernandez","@id":"https:\/\/turcon.es\/wp\/#\/schema\/person\/a1f3ba727ce031d9da17684affe85edd"},"headline":"Turcon pide al Cabildo una pol\u00edtica activa en la protecci\u00f3n de los caminos p\u00fablicos de Gran Canaria","datePublished":"2011-01-17T21:13:46+00:00","mainEntityOfPage":{"@id":"https:\/\/turcon.es\/wp\/turcon-pide-al-cabildo-una-politica-activa-en-la-proteccion-de-los-caminos-publicos-de-gran-canaria\/"},"wordCount":497,"commentCount":0,"publisher":{"@id":"https:\/\/turcon.es\/wp\/#organization"},"image":{"@id":"https:\/\/turcon.es\/wp\/turcon-pide-al-cabildo-una-politica-activa-en-la-proteccion-de-los-caminos-publicos-de-gran-canaria\/#primaryimage"},"thumbnailUrl":"http:\/\/turcon.es\/wp\/wp-content\/uploads\/2010\/08\/logoturcon.gif","keywords":["Cabildo de Gran Canaria"],"articleSection":["Administraci\u00f3n p\u00fablica","Espacios Naturales","Gran Canaria","Notas de prensa de Turc\u00f3n","Recursos naturales","Senderismo"],"inLanguage":"es","potentialAction":[{"@type":"CommentAction","name":"Comment","target":["https:\/\/turcon.es\/wp\/turcon-pide-al-cabildo-una-politica-activa-en-la-proteccion-de-los-caminos-publicos-de-gran-canaria\/#respond"]}]},{"@type":"WebPage","@id":"https:\/\/turcon.es\/wp\/turcon-pide-al-cabildo-una-politica-activa-en-la-proteccion-de-los-caminos-publicos-de-gran-canaria\/","url":"https:\/\/turcon.es\/wp\/turcon-pide-al-cabildo-una-politica-activa-en-la-proteccion-de-los-caminos-publicos-de-gran-canaria\/","name":"Turcon pide al Cabildo una pol\u00edtica activa en la protecci\u00f3n de los caminos p\u00fablicos de Gran Canaria - Colectivo Ecologista Turcon","isPartOf":{"@id":"https:\/\/turcon.es\/wp\/#website"},"primaryImageOfPage":{"@id":"https:\/\/turcon.es\/wp\/turcon-pide-al-cabildo-una-politica-activa-en-la-proteccion-de-los-caminos-publicos-de-gran-canaria\/#primaryimage"},"image":{"@id":"https:\/\/turcon.es\/wp\/turcon-pide-al-cabildo-una-politica-activa-en-la-proteccion-de-los-caminos-publicos-de-gran-canaria\/#primaryimage"},"thumbnailUrl":"http:\/\/turcon.es\/wp\/wp-content\/uploads\/2010\/08\/logoturcon.gif","datePublished":"2011-01-17T21:13:46+00:00","breadcrumb":{"@id":"https:\/\/turcon.es\/wp\/turcon-pide-al-cabildo-una-politica-activa-en-la-proteccion-de-los-caminos-publicos-de-gran-canaria\/#breadcrumb"},"inLanguage":"es","potentialAction":[{"@type":"ReadAction","target":["https:\/\/turcon.es\/wp\/turcon-pide-al-cabildo-una-politica-activa-en-la-proteccion-de-los-caminos-publicos-de-gran-canaria\/"]}]},{"@type":"ImageObject","inLanguage":"es","@id":"https:\/\/turcon.es\/wp\/turcon-pide-al-cabildo-una-politica-activa-en-la-proteccion-de-los-caminos-publicos-de-gran-canaria\/#primaryimage","url":"http:\/\/turcon.es\/wp\/wp-content\/uploads\/2010\/08\/logoturcon.gif","contentUrl":"http:\/\/turcon.es\/wp\/wp-content\/uploads\/2010\/08\/logoturcon.gif"},{"@type":"BreadcrumbList","@id":"https:\/\/turcon.es\/wp\/turcon-pide-al-cabildo-una-politica-activa-en-la-proteccion-de-los-caminos-publicos-de-gran-canaria\/#breadcrumb","itemListElement":[{"@type":"ListItem","position":1,"name":"Portada","item":"https:\/\/turcon.es\/wp\/"},{"@type":"ListItem","position":2,"name":"Turcon pide al Cabildo una pol\u00edtica activa en la protecci\u00f3n de los caminos p\u00fablicos de Gran Canaria"}]},{"@type":"WebSite","@id":"https:\/\/turcon.es\/wp\/#website","url":"https:\/\/turcon.es\/wp\/","name":"Colectivo Ecologista Turcon","description":"","publisher":{"@id":"https:\/\/turcon.es\/wp\/#organization"},"potentialAction":[{"@type":"SearchAction","target":{"@type":"EntryPoint","urlTemplate":"https:\/\/turcon.es\/wp\/?s={search_term_string}"},"query-input":{"@type":"PropertyValueSpecification","valueRequired":true,"valueName":"search_term_string"}}],"inLanguage":"es"},{"@type":"Organization","@id":"https:\/\/turcon.es\/wp\/#organization","name":"Colectivo Ecologista Turcon","url":"https:\/\/turcon.es\/wp\/","logo":{"@type":"ImageObject","inLanguage":"es","@id":"https:\/\/turcon.es\/wp\/#\/schema\/logo\/image\/","url":"https:\/\/turcon.es\/wp\/wp-content\/uploads\/2025\/03\/logo-verde.svg","contentUrl":"https:\/\/turcon.es\/wp\/wp-content\/uploads\/2025\/03\/logo-verde.svg","width":813,"height":813,"caption":"Colectivo Ecologista Turcon"},"image":{"@id":"https:\/\/turcon.es\/wp\/#\/schema\/logo\/image\/"}},{"@type":"Person","@id":"https:\/\/turcon.es\/wp\/#\/schema\/person\/a1f3ba727ce031d9da17684affe85edd","name":"Laura Fernandez","image":{"@type":"ImageObject","inLanguage":"es","@id":"https:\/\/turcon.es\/wp\/#\/schema\/person\/image\/","url":"https:\/\/secure.gravatar.com\/avatar\/360749af9549af22e54582d50231ae56e854210ae2368797ba242f445a9852e8?s=96&d=mm&r=g","contentUrl":"https:\/\/secure.gravatar.com\/avatar\/360749af9549af22e54582d50231ae56e854210ae2368797ba242f445a9852e8?s=96&d=mm&r=g","caption":"Laura Fernandez"},"url":"https:\/\/turcon.es\/wp\/author\/admturcon\/"}]}},"_links":{"self":[{"href":"https:\/\/turcon.es\/wp\/wp-json\/wp\/v2\/posts\/5852","targetHints":{"allow":["GET"]}}],"collection":[{"href":"https:\/\/turcon.es\/wp\/wp-json\/wp\/v2\/posts"}],"about":[{"href":"https:\/\/turcon.es\/wp\/wp-json\/wp\/v2\/types\/post"}],"author":[{"embeddable":true,"href":"https:\/\/turcon.es\/wp\/wp-json\/wp\/v2\/users\/2"}],"replies":[{"embeddable":true,"href":"https:\/\/turcon.es\/wp\/wp-json\/wp\/v2\/comments?post=5852"}],"version-history":[{"count":0,"href":"https:\/\/turcon.es\/wp\/wp-json\/wp\/v2\/posts\/5852\/revisions"}],"wp:attachment":[{"href":"https:\/\/turcon.es\/wp\/wp-json\/wp\/v2\/media?parent=5852"}],"wp:term":[{"taxonomy":"category","embeddable":true,"href":"https:\/\/turcon.es\/wp\/wp-json\/wp\/v2\/categories?post=5852"},{"taxonomy":"post_tag","embeddable":true,"href":"https:\/\/turcon.es\/wp\/wp-json\/wp\/v2\/tags?post=5852"}],"curies":[{"name":"wp","href":"https:\/\/api.w.org\/{rel}","templated":true}]}}