{"id":5925,"date":"2011-02-04T07:11:25","date_gmt":"2011-02-04T07:11:25","guid":{"rendered":"http:\/\/turcon.wordpress.com\/?p=5925"},"modified":"2011-02-04T07:11:25","modified_gmt":"2011-02-04T07:11:25","slug":"5925-2","status":"publish","type":"post","link":"https:\/\/turcon.es\/wp\/5925-2\/","title":{"rendered":"La energ\u00eda fotovoltaica en riesgo"},"content":{"rendered":"<p>Comunicado de prensa de EUROSOLAR Espa\u00f1a.<\/p>\n<p>Hace un llamamiento a todos los propietarios y usuarios de energia solar FV y a las asociaciones empresariales para que apoyen la concentraci\u00f3n convocada para el d\u00eda 25\/1, 15:30 horas, ante las Cortes.<a href=\"http:\/\/turcon.es\/wp\/wp-content\/uploads\/2011\/01\/1430947-1p1.jpg\"><img decoding=\"async\" class=\"alignright size-full wp-image-5926\" title=\"1430947-1p\" src=\"http:\/\/turcon.es\/wp\/wp-content\/uploads\/2011\/01\/1430947-1p1.jpg\" alt=\"\" width=\"250\" height=\"166\" \/><\/a><\/p>\n<p>Ante la propuesta de aprobaci\u00f3n por el Congreso de los Diputados del Real Decreto-ley\u00a0 14\/2010, de 23 de diciembre, que petende modificar substancialmente y de forma retroactiva la remuneraci\u00f3n de los kWh generados por las instalaciones solares FV en Espa\u00f1a, Josep Puig, vicepresidente de EUROSOLAR &#8211; Asociaci\u00f3n Europea por las Energ\u00edas renovables ha manifestado:<!--more--><\/p>\n<p>&#8211; \u00abEl sector solar espa\u00f1ol debe seguir el ejemplo alem\u00e1n. Cuando, hace unos a\u00f1os, en Alemania se puso en peligro la pol\u00edtica de Feed-in-Tariff (pol\u00edtica de inyecci\u00f3n a la red de la energ\u00eda el\u00e9ctrica renovables generada por los productores independientes y remuneraci\u00f3n justa de la energ\u00eda vertida a la red), la sociedad civil organiz\u00f3 una gran manifestaci\u00f3n en defensa de la pol\u00edtica de renovables que reuni\u00f3 desde sindicatos del metal hasta organizaciones agrarias, pasando partidos pol\u00edticos de todo el espectro y organizaciones ecologistas y de energ\u00edas renovables. Reuni\u00f3 decenas de miles de personas ante el Bundestag. Incluso los fabricantes de tecnolog\u00edas renovables estuvieron presentes en la concentraci\u00f3n con enormes camiones que cargaban desde aerogeneradores hasta equipos solares de todo tipo\u00bb.<\/p>\n<p>&#8211; \u00abHoy en Espa\u00f1a, las movilizaciones s\u00f3n la \u00fanica forma de hacer frente a las pol\u00edticas retr\u00f3gradas del ejecutivo espa\u00f1ol frente a las energ\u00edas renovables y, en especial, la solar FV. Decenas de miles de ciudadanos espa\u00f1oles que han apostado por la solar FV se sienten hoy como si les hubiesen atracado por la modificaci\u00f3n retroactiva, a golpe de Decreto, de las pol\u00edticas adoptadas en los \u00faltimos a\u00f1os, de creaci\u00f3n de mercado para las tecnolog\u00edas de las energ\u00edas renovables\u00bb.<\/p>\n<p>EUROSOLAR considera que Espa\u00f1a est\u00e1 perdiendo su oportunidad de superar la crisis econ\u00f3mica, pues los tres \u00faltimos ministros de Industria han hecho todo lo que ten\u00edan en sus manos para destrozar el sector industrial que se hab\u00eda creado en los \u00faltimos a\u00f1os entorno a las energ\u00edas renovables\u00bb.<\/p>\n","protected":false},"excerpt":{"rendered":"<p>Comunicado de prensa de EUROSOLAR Espa\u00f1a. Hace un llamamiento a todos los propietarios y usuarios de energia solar FV y a las asociaciones empresariales para que apoyen la concentraci\u00f3n convocada para el d\u00eda 25\/1, 15:30 horas, ante las Cortes. Ante la propuesta de aprobaci\u00f3n por el Congreso de los Diputados del Real Decreto-ley\u00a0 14\/2010, de [&hellip;]<\/p>\n","protected":false},"author":2,"featured_media":0,"comment_status":"open","ping_status":"open","sticky":false,"template":"","format":"standard","meta":{"footnotes":""},"categories":[35],"tags":[],"class_list":["post-5925","post","type-post","status-publish","format-standard","hentry","category-energias-renovables"],"yoast_head":"<!-- This site is optimized with the Yoast SEO plugin v26.3 - https:\/\/yoast.com\/wordpress\/plugins\/seo\/ -->\n<title>La energ\u00eda fotovoltaica en riesgo - Colectivo Ecologista Turcon<\/title>\n<meta name=\"robots\" content=\"index, follow, max-snippet:-1, max-image-preview:large, max-video-preview:-1\" \/>\n<link rel=\"canonical\" href=\"https:\/\/turcon.es\/wp\/5925-2\/\" \/>\n<meta property=\"og:locale\" content=\"es_ES\" \/>\n<meta property=\"og:type\" content=\"article\" \/>\n<meta property=\"og:title\" content=\"La energ\u00eda fotovoltaica en riesgo - Colectivo Ecologista Turcon\" \/>\n<meta property=\"og:description\" content=\"Comunicado de prensa de EUROSOLAR Espa\u00f1a. Hace un llamamiento a todos los propietarios y usuarios de energia solar FV y a las asociaciones empresariales para que apoyen la concentraci\u00f3n convocada para el d\u00eda 25\/1, 15:30 horas, ante las Cortes. Ante la propuesta de aprobaci\u00f3n por el Congreso de los Diputados del Real Decreto-ley\u00a0 14\/2010, de [&hellip;]\" \/>\n<meta property=\"og:url\" content=\"https:\/\/turcon.es\/wp\/5925-2\/\" \/>\n<meta property=\"og:site_name\" content=\"Colectivo Ecologista Turcon\" \/>\n<meta property=\"article:published_time\" content=\"2011-02-04T07:11:25+00:00\" \/>\n<meta property=\"og:image\" content=\"https:\/\/turcon.es\/wp\/wp-content\/uploads\/2011\/01\/1430947-1p1-1.jpg\" \/>\n\t<meta property=\"og:image:width\" content=\"250\" \/>\n\t<meta property=\"og:image:height\" content=\"166\" \/>\n\t<meta property=\"og:image:type\" content=\"image\/jpeg\" \/>\n<meta name=\"author\" content=\"Laura Fernandez\" \/>\n<meta name=\"twitter:card\" content=\"summary_large_image\" \/>\n<meta name=\"twitter:label1\" content=\"Escrito por\" \/>\n\t<meta name=\"twitter:data1\" content=\"Laura Fernandez\" \/>\n\t<meta name=\"twitter:label2\" content=\"Tiempo de lectura\" \/>\n\t<meta name=\"twitter:data2\" content=\"2 minutos\" \/>\n<script type=\"application\/ld+json\" class=\"yoast-schema-graph\">{\"@context\":\"https:\/\/schema.org\",\"@graph\":[{\"@type\":\"Article\",\"@id\":\"https:\/\/turcon.es\/wp\/5925-2\/#article\",\"isPartOf\":{\"@id\":\"https:\/\/turcon.es\/wp\/5925-2\/\"},\"author\":{\"name\":\"Laura Fernandez\",\"@id\":\"https:\/\/turcon.es\/wp\/#\/schema\/person\/a1f3ba727ce031d9da17684affe85edd\"},\"headline\":\"La energ\u00eda fotovoltaica en riesgo\",\"datePublished\":\"2011-02-04T07:11:25+00:00\",\"mainEntityOfPage\":{\"@id\":\"https:\/\/turcon.es\/wp\/5925-2\/\"},\"wordCount\":384,\"commentCount\":0,\"publisher\":{\"@id\":\"https:\/\/turcon.es\/wp\/#organization\"},\"image\":{\"@id\":\"https:\/\/turcon.es\/wp\/5925-2\/#primaryimage\"},\"thumbnailUrl\":\"http:\/\/turcon.es\/wp\/wp-content\/uploads\/2011\/01\/1430947-1p1.jpg\",\"articleSection\":[\"Energ\u00edas renovables\"],\"inLanguage\":\"es\",\"potentialAction\":[{\"@type\":\"CommentAction\",\"name\":\"Comment\",\"target\":[\"https:\/\/turcon.es\/wp\/5925-2\/#respond\"]}]},{\"@type\":\"WebPage\",\"@id\":\"https:\/\/turcon.es\/wp\/5925-2\/\",\"url\":\"https:\/\/turcon.es\/wp\/5925-2\/\",\"name\":\"La energ\u00eda fotovoltaica en riesgo - Colectivo Ecologista Turcon\",\"isPartOf\":{\"@id\":\"https:\/\/turcon.es\/wp\/#website\"},\"primaryImageOfPage\":{\"@id\":\"https:\/\/turcon.es\/wp\/5925-2\/#primaryimage\"},\"image\":{\"@id\":\"https:\/\/turcon.es\/wp\/5925-2\/#primaryimage\"},\"thumbnailUrl\":\"http:\/\/turcon.es\/wp\/wp-content\/uploads\/2011\/01\/1430947-1p1.jpg\",\"datePublished\":\"2011-02-04T07:11:25+00:00\",\"breadcrumb\":{\"@id\":\"https:\/\/turcon.es\/wp\/5925-2\/#breadcrumb\"},\"inLanguage\":\"es\",\"potentialAction\":[{\"@type\":\"ReadAction\",\"target\":[\"https:\/\/turcon.es\/wp\/5925-2\/\"]}]},{\"@type\":\"ImageObject\",\"inLanguage\":\"es\",\"@id\":\"https:\/\/turcon.es\/wp\/5925-2\/#primaryimage\",\"url\":\"http:\/\/turcon.es\/wp\/wp-content\/uploads\/2011\/01\/1430947-1p1.jpg\",\"contentUrl\":\"http:\/\/turcon.es\/wp\/wp-content\/uploads\/2011\/01\/1430947-1p1.jpg\"},{\"@type\":\"BreadcrumbList\",\"@id\":\"https:\/\/turcon.es\/wp\/5925-2\/#breadcrumb\",\"itemListElement\":[{\"@type\":\"ListItem\",\"position\":1,\"name\":\"Portada\",\"item\":\"https:\/\/turcon.es\/wp\/\"},{\"@type\":\"ListItem\",\"position\":2,\"name\":\"La energ\u00eda fotovoltaica en riesgo\"}]},{\"@type\":\"WebSite\",\"@id\":\"https:\/\/turcon.es\/wp\/#website\",\"url\":\"https:\/\/turcon.es\/wp\/\",\"name\":\"Colectivo Ecologista Turcon\",\"description\":\"\",\"publisher\":{\"@id\":\"https:\/\/turcon.es\/wp\/#organization\"},\"potentialAction\":[{\"@type\":\"SearchAction\",\"target\":{\"@type\":\"EntryPoint\",\"urlTemplate\":\"https:\/\/turcon.es\/wp\/?s={search_term_string}\"},\"query-input\":{\"@type\":\"PropertyValueSpecification\",\"valueRequired\":true,\"valueName\":\"search_term_string\"}}],\"inLanguage\":\"es\"},{\"@type\":\"Organization\",\"@id\":\"https:\/\/turcon.es\/wp\/#organization\",\"name\":\"Colectivo Ecologista Turcon\",\"url\":\"https:\/\/turcon.es\/wp\/\",\"logo\":{\"@type\":\"ImageObject\",\"inLanguage\":\"es\",\"@id\":\"https:\/\/turcon.es\/wp\/#\/schema\/logo\/image\/\",\"url\":\"https:\/\/turcon.es\/wp\/wp-content\/uploads\/2025\/03\/logo-verde.svg\",\"contentUrl\":\"https:\/\/turcon.es\/wp\/wp-content\/uploads\/2025\/03\/logo-verde.svg\",\"width\":813,\"height\":813,\"caption\":\"Colectivo Ecologista Turcon\"},\"image\":{\"@id\":\"https:\/\/turcon.es\/wp\/#\/schema\/logo\/image\/\"}},{\"@type\":\"Person\",\"@id\":\"https:\/\/turcon.es\/wp\/#\/schema\/person\/a1f3ba727ce031d9da17684affe85edd\",\"name\":\"Laura Fernandez\",\"image\":{\"@type\":\"ImageObject\",\"inLanguage\":\"es\",\"@id\":\"https:\/\/turcon.es\/wp\/#\/schema\/person\/image\/\",\"url\":\"https:\/\/secure.gravatar.com\/avatar\/360749af9549af22e54582d50231ae56e854210ae2368797ba242f445a9852e8?s=96&d=mm&r=g\",\"contentUrl\":\"https:\/\/secure.gravatar.com\/avatar\/360749af9549af22e54582d50231ae56e854210ae2368797ba242f445a9852e8?s=96&d=mm&r=g\",\"caption\":\"Laura Fernandez\"},\"url\":\"https:\/\/turcon.es\/wp\/author\/admturcon\/\"}]}<\/script>\n<!-- \/ Yoast SEO plugin. -->","yoast_head_json":{"title":"La energ\u00eda fotovoltaica en riesgo - Colectivo Ecologista Turcon","robots":{"index":"index","follow":"follow","max-snippet":"max-snippet:-1","max-image-preview":"max-image-preview:large","max-video-preview":"max-video-preview:-1"},"canonical":"https:\/\/turcon.es\/wp\/5925-2\/","og_locale":"es_ES","og_type":"article","og_title":"La energ\u00eda fotovoltaica en riesgo - Colectivo Ecologista Turcon","og_description":"Comunicado de prensa de EUROSOLAR Espa\u00f1a. Hace un llamamiento a todos los propietarios y usuarios de energia solar FV y a las asociaciones empresariales para que apoyen la concentraci\u00f3n convocada para el d\u00eda 25\/1, 15:30 horas, ante las Cortes. Ante la propuesta de aprobaci\u00f3n por el Congreso de los Diputados del Real Decreto-ley\u00a0 14\/2010, de [&hellip;]","og_url":"https:\/\/turcon.es\/wp\/5925-2\/","og_site_name":"Colectivo Ecologista Turcon","article_published_time":"2011-02-04T07:11:25+00:00","og_image":[{"width":250,"height":166,"url":"https:\/\/turcon.es\/wp\/wp-content\/uploads\/2011\/01\/1430947-1p1-1.jpg","type":"image\/jpeg"}],"author":"Laura Fernandez","twitter_card":"summary_large_image","twitter_misc":{"Escrito por":"Laura Fernandez","Tiempo de lectura":"2 minutos"},"schema":{"@context":"https:\/\/schema.org","@graph":[{"@type":"Article","@id":"https:\/\/turcon.es\/wp\/5925-2\/#article","isPartOf":{"@id":"https:\/\/turcon.es\/wp\/5925-2\/"},"author":{"name":"Laura Fernandez","@id":"https:\/\/turcon.es\/wp\/#\/schema\/person\/a1f3ba727ce031d9da17684affe85edd"},"headline":"La energ\u00eda fotovoltaica en riesgo","datePublished":"2011-02-04T07:11:25+00:00","mainEntityOfPage":{"@id":"https:\/\/turcon.es\/wp\/5925-2\/"},"wordCount":384,"commentCount":0,"publisher":{"@id":"https:\/\/turcon.es\/wp\/#organization"},"image":{"@id":"https:\/\/turcon.es\/wp\/5925-2\/#primaryimage"},"thumbnailUrl":"http:\/\/turcon.es\/wp\/wp-content\/uploads\/2011\/01\/1430947-1p1.jpg","articleSection":["Energ\u00edas renovables"],"inLanguage":"es","potentialAction":[{"@type":"CommentAction","name":"Comment","target":["https:\/\/turcon.es\/wp\/5925-2\/#respond"]}]},{"@type":"WebPage","@id":"https:\/\/turcon.es\/wp\/5925-2\/","url":"https:\/\/turcon.es\/wp\/5925-2\/","name":"La energ\u00eda fotovoltaica en riesgo - Colectivo Ecologista Turcon","isPartOf":{"@id":"https:\/\/turcon.es\/wp\/#website"},"primaryImageOfPage":{"@id":"https:\/\/turcon.es\/wp\/5925-2\/#primaryimage"},"image":{"@id":"https:\/\/turcon.es\/wp\/5925-2\/#primaryimage"},"thumbnailUrl":"http:\/\/turcon.es\/wp\/wp-content\/uploads\/2011\/01\/1430947-1p1.jpg","datePublished":"2011-02-04T07:11:25+00:00","breadcrumb":{"@id":"https:\/\/turcon.es\/wp\/5925-2\/#breadcrumb"},"inLanguage":"es","potentialAction":[{"@type":"ReadAction","target":["https:\/\/turcon.es\/wp\/5925-2\/"]}]},{"@type":"ImageObject","inLanguage":"es","@id":"https:\/\/turcon.es\/wp\/5925-2\/#primaryimage","url":"http:\/\/turcon.es\/wp\/wp-content\/uploads\/2011\/01\/1430947-1p1.jpg","contentUrl":"http:\/\/turcon.es\/wp\/wp-content\/uploads\/2011\/01\/1430947-1p1.jpg"},{"@type":"BreadcrumbList","@id":"https:\/\/turcon.es\/wp\/5925-2\/#breadcrumb","itemListElement":[{"@type":"ListItem","position":1,"name":"Portada","item":"https:\/\/turcon.es\/wp\/"},{"@type":"ListItem","position":2,"name":"La energ\u00eda fotovoltaica en riesgo"}]},{"@type":"WebSite","@id":"https:\/\/turcon.es\/wp\/#website","url":"https:\/\/turcon.es\/wp\/","name":"Colectivo Ecologista Turcon","description":"","publisher":{"@id":"https:\/\/turcon.es\/wp\/#organization"},"potentialAction":[{"@type":"SearchAction","target":{"@type":"EntryPoint","urlTemplate":"https:\/\/turcon.es\/wp\/?s={search_term_string}"},"query-input":{"@type":"PropertyValueSpecification","valueRequired":true,"valueName":"search_term_string"}}],"inLanguage":"es"},{"@type":"Organization","@id":"https:\/\/turcon.es\/wp\/#organization","name":"Colectivo Ecologista Turcon","url":"https:\/\/turcon.es\/wp\/","logo":{"@type":"ImageObject","inLanguage":"es","@id":"https:\/\/turcon.es\/wp\/#\/schema\/logo\/image\/","url":"https:\/\/turcon.es\/wp\/wp-content\/uploads\/2025\/03\/logo-verde.svg","contentUrl":"https:\/\/turcon.es\/wp\/wp-content\/uploads\/2025\/03\/logo-verde.svg","width":813,"height":813,"caption":"Colectivo Ecologista Turcon"},"image":{"@id":"https:\/\/turcon.es\/wp\/#\/schema\/logo\/image\/"}},{"@type":"Person","@id":"https:\/\/turcon.es\/wp\/#\/schema\/person\/a1f3ba727ce031d9da17684affe85edd","name":"Laura Fernandez","image":{"@type":"ImageObject","inLanguage":"es","@id":"https:\/\/turcon.es\/wp\/#\/schema\/person\/image\/","url":"https:\/\/secure.gravatar.com\/avatar\/360749af9549af22e54582d50231ae56e854210ae2368797ba242f445a9852e8?s=96&d=mm&r=g","contentUrl":"https:\/\/secure.gravatar.com\/avatar\/360749af9549af22e54582d50231ae56e854210ae2368797ba242f445a9852e8?s=96&d=mm&r=g","caption":"Laura Fernandez"},"url":"https:\/\/turcon.es\/wp\/author\/admturcon\/"}]}},"_links":{"self":[{"href":"https:\/\/turcon.es\/wp\/wp-json\/wp\/v2\/posts\/5925","targetHints":{"allow":["GET"]}}],"collection":[{"href":"https:\/\/turcon.es\/wp\/wp-json\/wp\/v2\/posts"}],"about":[{"href":"https:\/\/turcon.es\/wp\/wp-json\/wp\/v2\/types\/post"}],"author":[{"embeddable":true,"href":"https:\/\/turcon.es\/wp\/wp-json\/wp\/v2\/users\/2"}],"replies":[{"embeddable":true,"href":"https:\/\/turcon.es\/wp\/wp-json\/wp\/v2\/comments?post=5925"}],"version-history":[{"count":0,"href":"https:\/\/turcon.es\/wp\/wp-json\/wp\/v2\/posts\/5925\/revisions"}],"wp:attachment":[{"href":"https:\/\/turcon.es\/wp\/wp-json\/wp\/v2\/media?parent=5925"}],"wp:term":[{"taxonomy":"category","embeddable":true,"href":"https:\/\/turcon.es\/wp\/wp-json\/wp\/v2\/categories?post=5925"},{"taxonomy":"post_tag","embeddable":true,"href":"https:\/\/turcon.es\/wp\/wp-json\/wp\/v2\/tags?post=5925"}],"curies":[{"name":"wp","href":"https:\/\/api.w.org\/{rel}","templated":true}]}}