{"id":6,"date":"2008-04-29T15:09:00","date_gmt":"2008-04-29T15:09:00","guid":{"rendered":"http:\/\/turcon.wordpress.com\/2008\/04\/29\/los-ninos-mas-pobres-son-las-principales-victimas-del-cambio-climatico\/"},"modified":"2008-04-29T15:09:00","modified_gmt":"2008-04-29T15:09:00","slug":"los-ninos-mas-pobres-son-las-principales-victimas-del-cambio-climatico","status":"publish","type":"post","link":"https:\/\/turcon.es\/wp\/los-ninos-mas-pobres-son-las-principales-victimas-del-cambio-climatico\/","title":{"rendered":"Los ni\u00f1os m\u00e1s pobres son las principales v\u00edctimas del cambio clim\u00e1tico"},"content":{"rendered":"<p><a href=\"http:\/\/turcon.es\/wp\/wp-content\/uploads\/2008\/05\/ninos-africa.jpg\"><img fetchpriority=\"high\" decoding=\"async\" class=\"alignleft size-medium wp-image-27\" src=\"http:\/\/turcon.es\/wp\/wp-content\/uploads\/2008\/05\/ninos-africa.jpg?w=300\" alt=\"\" width=\"300\" height=\"227\" \/><\/a>El Mundo, 29\/04\/2008<\/p>\n<p>MADRID.- Millones de los ni\u00f1os de los pa\u00edses m\u00e1s pobres del mundo se encuentran entre las principales v\u00edctimas del cambio clim\u00e1tico, causado por el desarrollo de los pa\u00edses ricos. As\u00ed lo asegura un informe de la agencia de la ni\u00f1ez (UNICEF) de la Organizaci\u00f3n de las Naciones Unidas (ONU), que ha hecho un llamado urgente a la toma de medidas pertinentes.<\/p>\n<p>El documento de la UNICEF &#8216;Nuestro clima, Nuestros ni\u00f1os, Nuestra responsabilidad&#8217;, mide las acciones que se han realizado para cumplir los Objetivos del Mileno propuestos por la ONU y entre los que est\u00e1 consignada la tarea de erradicar el hambre de la ni\u00f1ez pobre para el 2015. El informe revela fallas en aspectos como la salud, la educaci\u00f3n y la igualdad de g\u00e9nero.<\/p>\n<p><!--more-->\u00abEs claro que un error para erradicar los problemas del cambio clim\u00e1tico se convierte en un error en lo que se refiere a la protecci\u00f3n de la ni\u00f1ez\u00bb explica el director de la UNICEF en Reino Unido, David Bull. \u00abLos ni\u00f1os pobres, que son quienes menos han contribuido al cambio clim\u00e1tico, son los que m\u00e1s sufren sus consecuencias\u00bb a\u00f1ade.<\/p>\n<p>El informe asegura que el calentamiento global puede causar la muerte de entre 40.000 y 160.000 ni\u00f1os por a\u00f1o en Asia y en \u00c1frica subsahariana, al contribuir con el descenso del crecimiento econ\u00f3mico.<\/p>\n<p>Tambi\u00e9n hace referencia al hecho de que si las temperaturas sobrepasan en dos grados Celsius los niveles pre-industriales, unas 200 millones de personas alrededor del mundo podr\u00edan enfrentarse al hambre, un n\u00famero que podr\u00eda aumentar hasta los 550 millones si la temperatura sobrepasara los tres grados.<\/p>\n<p>El documento de la UNICEF establece que los da\u00f1os econ\u00f3micos producidos por el cambio clim\u00e1tico forzar\u00e1n a los padres a sacar a los ni\u00f1os del colegio, lugar en el que com\u00fanmente se les garantiza una comida al d\u00eda, para poder adquirir agua y gasolina.<\/p>\n<p>Los expertos aseguran que los cambios en el ambiente producidos por el calentamiento tambi\u00e9n contribuir\u00e1n a expandir una serie de enfermedades mortales como la malaria, que actualmente mata a 800.000 ni\u00f1os por a\u00f1o y de la que se han empezado a observar brotes en \u00e1reas que antes no hab\u00edan sido afectadas.<\/p>\n<h4>Cambios inevitables<\/h4>\n<p>Aunque varios Gobiernos han mostrado su preocupaci\u00f3n por los efectos del cambio clim\u00e1tico tomando una serie de medidas preventivas, algunos ecologistas afirman que <strong>l<\/strong>a subida de dos grados Celsius es inevitable, independientemente de las acciones que sean implementadas en la actualidad.<\/p>\n<p>Los cient\u00edficos predicen que las temperaturas globales promedio subir\u00e1n entre uno y medio y cuarto grados Celsius en este siglo, debido a las emisiones de carb\u00f3n provenientes de la quema de combustibles para la producci\u00f3n de energ\u00eda, lo que causar\u00e1 fuertes inundaciones, hambres, violentas tormentas y sequ\u00edas.<\/p>\n<p>Todo esto se agrava con las acciones de naciones como China, que abre una nueva central el\u00e9ctrica de carb\u00f3n por semana. Este pa\u00eds, que posee enormes reservas del mineral y cuya econom\u00eda crece un 10% por a\u00f1o, est\u00e1 muy cerca de alcanzar a Estados Unidos como el l\u00edder mundial en emisiones de carb\u00f3n.<\/p>\n","protected":false},"excerpt":{"rendered":"<p>El Mundo, 29\/04\/2008 MADRID.- Millones de los ni\u00f1os de los pa\u00edses m\u00e1s pobres del mundo se encuentran entre las principales v\u00edctimas del cambio clim\u00e1tico, causado por el desarrollo de los pa\u00edses ricos. As\u00ed lo asegura un informe de la agencia de la ni\u00f1ez (UNICEF) de la Organizaci\u00f3n de las Naciones Unidas (ONU), que ha hecho [&hellip;]<\/p>\n","protected":false},"author":2,"featured_media":0,"comment_status":"open","ping_status":"open","sticky":false,"template":"","format":"standard","meta":{"footnotes":""},"categories":[26,45,61],"tags":[],"class_list":["post-6","post","type-post","status-publish","format-standard","hentry","category-crisis-alimentaria","category-ninos","category-tercer-mundo"],"yoast_head":"<!-- This site is optimized with the Yoast SEO plugin v26.3 - https:\/\/yoast.com\/wordpress\/plugins\/seo\/ -->\n<title>Los ni\u00f1os m\u00e1s pobres son las principales v\u00edctimas del cambio clim\u00e1tico - Colectivo Ecologista Turcon<\/title>\n<meta name=\"robots\" content=\"index, follow, max-snippet:-1, max-image-preview:large, max-video-preview:-1\" \/>\n<link rel=\"canonical\" href=\"https:\/\/turcon.es\/wp\/los-ninos-mas-pobres-son-las-principales-victimas-del-cambio-climatico\/\" \/>\n<meta property=\"og:locale\" content=\"es_ES\" \/>\n<meta property=\"og:type\" content=\"article\" \/>\n<meta property=\"og:title\" content=\"Los ni\u00f1os m\u00e1s pobres son las principales v\u00edctimas del cambio clim\u00e1tico - Colectivo Ecologista Turcon\" \/>\n<meta property=\"og:description\" content=\"El Mundo, 29\/04\/2008 MADRID.- Millones de los ni\u00f1os de los pa\u00edses m\u00e1s pobres del mundo se encuentran entre las principales v\u00edctimas del cambio clim\u00e1tico, causado por el desarrollo de los pa\u00edses ricos. As\u00ed lo asegura un informe de la agencia de la ni\u00f1ez (UNICEF) de la Organizaci\u00f3n de las Naciones Unidas (ONU), que ha hecho [&hellip;]\" \/>\n<meta property=\"og:url\" content=\"https:\/\/turcon.es\/wp\/los-ninos-mas-pobres-son-las-principales-victimas-del-cambio-climatico\/\" \/>\n<meta property=\"og:site_name\" content=\"Colectivo Ecologista Turcon\" \/>\n<meta property=\"article:published_time\" content=\"2008-04-29T15:09:00+00:00\" \/>\n<meta name=\"author\" content=\"Laura Fernandez\" \/>\n<meta name=\"twitter:card\" content=\"summary_large_image\" \/>\n<meta name=\"twitter:label1\" content=\"Escrito por\" \/>\n\t<meta name=\"twitter:data1\" content=\"Laura Fernandez\" \/>\n\t<meta name=\"twitter:label2\" content=\"Tiempo de lectura\" \/>\n\t<meta name=\"twitter:data2\" content=\"3 minutos\" \/>\n<script type=\"application\/ld+json\" class=\"yoast-schema-graph\">{\"@context\":\"https:\/\/schema.org\",\"@graph\":[{\"@type\":\"Article\",\"@id\":\"https:\/\/turcon.es\/wp\/los-ninos-mas-pobres-son-las-principales-victimas-del-cambio-climatico\/#article\",\"isPartOf\":{\"@id\":\"https:\/\/turcon.es\/wp\/los-ninos-mas-pobres-son-las-principales-victimas-del-cambio-climatico\/\"},\"author\":{\"name\":\"Laura Fernandez\",\"@id\":\"https:\/\/turcon.es\/wp\/#\/schema\/person\/a1f3ba727ce031d9da17684affe85edd\"},\"headline\":\"Los ni\u00f1os m\u00e1s pobres son las principales v\u00edctimas del cambio clim\u00e1tico\",\"datePublished\":\"2008-04-29T15:09:00+00:00\",\"mainEntityOfPage\":{\"@id\":\"https:\/\/turcon.es\/wp\/los-ninos-mas-pobres-son-las-principales-victimas-del-cambio-climatico\/\"},\"wordCount\":564,\"commentCount\":6,\"publisher\":{\"@id\":\"https:\/\/turcon.es\/wp\/#organization\"},\"image\":{\"@id\":\"https:\/\/turcon.es\/wp\/los-ninos-mas-pobres-son-las-principales-victimas-del-cambio-climatico\/#primaryimage\"},\"thumbnailUrl\":\"http:\/\/turcon.es\/wp\/wp-content\/uploads\/2008\/05\/ninos-africa.jpg?w=300\",\"articleSection\":[\"Crisis alimentaria\",\"Ni\u00f1os\",\"Tercer mundo\"],\"inLanguage\":\"es\",\"potentialAction\":[{\"@type\":\"CommentAction\",\"name\":\"Comment\",\"target\":[\"https:\/\/turcon.es\/wp\/los-ninos-mas-pobres-son-las-principales-victimas-del-cambio-climatico\/#respond\"]}]},{\"@type\":\"WebPage\",\"@id\":\"https:\/\/turcon.es\/wp\/los-ninos-mas-pobres-son-las-principales-victimas-del-cambio-climatico\/\",\"url\":\"https:\/\/turcon.es\/wp\/los-ninos-mas-pobres-son-las-principales-victimas-del-cambio-climatico\/\",\"name\":\"Los ni\u00f1os m\u00e1s pobres son las principales v\u00edctimas del cambio clim\u00e1tico - Colectivo Ecologista Turcon\",\"isPartOf\":{\"@id\":\"https:\/\/turcon.es\/wp\/#website\"},\"primaryImageOfPage\":{\"@id\":\"https:\/\/turcon.es\/wp\/los-ninos-mas-pobres-son-las-principales-victimas-del-cambio-climatico\/#primaryimage\"},\"image\":{\"@id\":\"https:\/\/turcon.es\/wp\/los-ninos-mas-pobres-son-las-principales-victimas-del-cambio-climatico\/#primaryimage\"},\"thumbnailUrl\":\"http:\/\/turcon.es\/wp\/wp-content\/uploads\/2008\/05\/ninos-africa.jpg?w=300\",\"datePublished\":\"2008-04-29T15:09:00+00:00\",\"breadcrumb\":{\"@id\":\"https:\/\/turcon.es\/wp\/los-ninos-mas-pobres-son-las-principales-victimas-del-cambio-climatico\/#breadcrumb\"},\"inLanguage\":\"es\",\"potentialAction\":[{\"@type\":\"ReadAction\",\"target\":[\"https:\/\/turcon.es\/wp\/los-ninos-mas-pobres-son-las-principales-victimas-del-cambio-climatico\/\"]}]},{\"@type\":\"ImageObject\",\"inLanguage\":\"es\",\"@id\":\"https:\/\/turcon.es\/wp\/los-ninos-mas-pobres-son-las-principales-victimas-del-cambio-climatico\/#primaryimage\",\"url\":\"http:\/\/turcon.es\/wp\/wp-content\/uploads\/2008\/05\/ninos-africa.jpg?w=300\",\"contentUrl\":\"http:\/\/turcon.es\/wp\/wp-content\/uploads\/2008\/05\/ninos-africa.jpg?w=300\"},{\"@type\":\"BreadcrumbList\",\"@id\":\"https:\/\/turcon.es\/wp\/los-ninos-mas-pobres-son-las-principales-victimas-del-cambio-climatico\/#breadcrumb\",\"itemListElement\":[{\"@type\":\"ListItem\",\"position\":1,\"name\":\"Portada\",\"item\":\"https:\/\/turcon.es\/wp\/\"},{\"@type\":\"ListItem\",\"position\":2,\"name\":\"Los ni\u00f1os m\u00e1s pobres son las principales v\u00edctimas del cambio clim\u00e1tico\"}]},{\"@type\":\"WebSite\",\"@id\":\"https:\/\/turcon.es\/wp\/#website\",\"url\":\"https:\/\/turcon.es\/wp\/\",\"name\":\"Colectivo Ecologista Turcon\",\"description\":\"\",\"publisher\":{\"@id\":\"https:\/\/turcon.es\/wp\/#organization\"},\"potentialAction\":[{\"@type\":\"SearchAction\",\"target\":{\"@type\":\"EntryPoint\",\"urlTemplate\":\"https:\/\/turcon.es\/wp\/?s={search_term_string}\"},\"query-input\":{\"@type\":\"PropertyValueSpecification\",\"valueRequired\":true,\"valueName\":\"search_term_string\"}}],\"inLanguage\":\"es\"},{\"@type\":\"Organization\",\"@id\":\"https:\/\/turcon.es\/wp\/#organization\",\"name\":\"Colectivo Ecologista Turcon\",\"url\":\"https:\/\/turcon.es\/wp\/\",\"logo\":{\"@type\":\"ImageObject\",\"inLanguage\":\"es\",\"@id\":\"https:\/\/turcon.es\/wp\/#\/schema\/logo\/image\/\",\"url\":\"https:\/\/turcon.es\/wp\/wp-content\/uploads\/2025\/03\/logo-verde.svg\",\"contentUrl\":\"https:\/\/turcon.es\/wp\/wp-content\/uploads\/2025\/03\/logo-verde.svg\",\"width\":813,\"height\":813,\"caption\":\"Colectivo Ecologista Turcon\"},\"image\":{\"@id\":\"https:\/\/turcon.es\/wp\/#\/schema\/logo\/image\/\"}},{\"@type\":\"Person\",\"@id\":\"https:\/\/turcon.es\/wp\/#\/schema\/person\/a1f3ba727ce031d9da17684affe85edd\",\"name\":\"Laura Fernandez\",\"image\":{\"@type\":\"ImageObject\",\"inLanguage\":\"es\",\"@id\":\"https:\/\/turcon.es\/wp\/#\/schema\/person\/image\/\",\"url\":\"https:\/\/secure.gravatar.com\/avatar\/360749af9549af22e54582d50231ae56e854210ae2368797ba242f445a9852e8?s=96&d=mm&r=g\",\"contentUrl\":\"https:\/\/secure.gravatar.com\/avatar\/360749af9549af22e54582d50231ae56e854210ae2368797ba242f445a9852e8?s=96&d=mm&r=g\",\"caption\":\"Laura Fernandez\"},\"url\":\"https:\/\/turcon.es\/wp\/author\/admturcon\/\"}]}<\/script>\n<!-- \/ Yoast SEO plugin. -->","yoast_head_json":{"title":"Los ni\u00f1os m\u00e1s pobres son las principales v\u00edctimas del cambio clim\u00e1tico - Colectivo Ecologista Turcon","robots":{"index":"index","follow":"follow","max-snippet":"max-snippet:-1","max-image-preview":"max-image-preview:large","max-video-preview":"max-video-preview:-1"},"canonical":"https:\/\/turcon.es\/wp\/los-ninos-mas-pobres-son-las-principales-victimas-del-cambio-climatico\/","og_locale":"es_ES","og_type":"article","og_title":"Los ni\u00f1os m\u00e1s pobres son las principales v\u00edctimas del cambio clim\u00e1tico - Colectivo Ecologista Turcon","og_description":"El Mundo, 29\/04\/2008 MADRID.- Millones de los ni\u00f1os de los pa\u00edses m\u00e1s pobres del mundo se encuentran entre las principales v\u00edctimas del cambio clim\u00e1tico, causado por el desarrollo de los pa\u00edses ricos. As\u00ed lo asegura un informe de la agencia de la ni\u00f1ez (UNICEF) de la Organizaci\u00f3n de las Naciones Unidas (ONU), que ha hecho [&hellip;]","og_url":"https:\/\/turcon.es\/wp\/los-ninos-mas-pobres-son-las-principales-victimas-del-cambio-climatico\/","og_site_name":"Colectivo Ecologista Turcon","article_published_time":"2008-04-29T15:09:00+00:00","author":"Laura Fernandez","twitter_card":"summary_large_image","twitter_misc":{"Escrito por":"Laura Fernandez","Tiempo de lectura":"3 minutos"},"schema":{"@context":"https:\/\/schema.org","@graph":[{"@type":"Article","@id":"https:\/\/turcon.es\/wp\/los-ninos-mas-pobres-son-las-principales-victimas-del-cambio-climatico\/#article","isPartOf":{"@id":"https:\/\/turcon.es\/wp\/los-ninos-mas-pobres-son-las-principales-victimas-del-cambio-climatico\/"},"author":{"name":"Laura Fernandez","@id":"https:\/\/turcon.es\/wp\/#\/schema\/person\/a1f3ba727ce031d9da17684affe85edd"},"headline":"Los ni\u00f1os m\u00e1s pobres son las principales v\u00edctimas del cambio clim\u00e1tico","datePublished":"2008-04-29T15:09:00+00:00","mainEntityOfPage":{"@id":"https:\/\/turcon.es\/wp\/los-ninos-mas-pobres-son-las-principales-victimas-del-cambio-climatico\/"},"wordCount":564,"commentCount":6,"publisher":{"@id":"https:\/\/turcon.es\/wp\/#organization"},"image":{"@id":"https:\/\/turcon.es\/wp\/los-ninos-mas-pobres-son-las-principales-victimas-del-cambio-climatico\/#primaryimage"},"thumbnailUrl":"http:\/\/turcon.es\/wp\/wp-content\/uploads\/2008\/05\/ninos-africa.jpg?w=300","articleSection":["Crisis alimentaria","Ni\u00f1os","Tercer mundo"],"inLanguage":"es","potentialAction":[{"@type":"CommentAction","name":"Comment","target":["https:\/\/turcon.es\/wp\/los-ninos-mas-pobres-son-las-principales-victimas-del-cambio-climatico\/#respond"]}]},{"@type":"WebPage","@id":"https:\/\/turcon.es\/wp\/los-ninos-mas-pobres-son-las-principales-victimas-del-cambio-climatico\/","url":"https:\/\/turcon.es\/wp\/los-ninos-mas-pobres-son-las-principales-victimas-del-cambio-climatico\/","name":"Los ni\u00f1os m\u00e1s pobres son las principales v\u00edctimas del cambio clim\u00e1tico - Colectivo Ecologista Turcon","isPartOf":{"@id":"https:\/\/turcon.es\/wp\/#website"},"primaryImageOfPage":{"@id":"https:\/\/turcon.es\/wp\/los-ninos-mas-pobres-son-las-principales-victimas-del-cambio-climatico\/#primaryimage"},"image":{"@id":"https:\/\/turcon.es\/wp\/los-ninos-mas-pobres-son-las-principales-victimas-del-cambio-climatico\/#primaryimage"},"thumbnailUrl":"http:\/\/turcon.es\/wp\/wp-content\/uploads\/2008\/05\/ninos-africa.jpg?w=300","datePublished":"2008-04-29T15:09:00+00:00","breadcrumb":{"@id":"https:\/\/turcon.es\/wp\/los-ninos-mas-pobres-son-las-principales-victimas-del-cambio-climatico\/#breadcrumb"},"inLanguage":"es","potentialAction":[{"@type":"ReadAction","target":["https:\/\/turcon.es\/wp\/los-ninos-mas-pobres-son-las-principales-victimas-del-cambio-climatico\/"]}]},{"@type":"ImageObject","inLanguage":"es","@id":"https:\/\/turcon.es\/wp\/los-ninos-mas-pobres-son-las-principales-victimas-del-cambio-climatico\/#primaryimage","url":"http:\/\/turcon.es\/wp\/wp-content\/uploads\/2008\/05\/ninos-africa.jpg?w=300","contentUrl":"http:\/\/turcon.es\/wp\/wp-content\/uploads\/2008\/05\/ninos-africa.jpg?w=300"},{"@type":"BreadcrumbList","@id":"https:\/\/turcon.es\/wp\/los-ninos-mas-pobres-son-las-principales-victimas-del-cambio-climatico\/#breadcrumb","itemListElement":[{"@type":"ListItem","position":1,"name":"Portada","item":"https:\/\/turcon.es\/wp\/"},{"@type":"ListItem","position":2,"name":"Los ni\u00f1os m\u00e1s pobres son las principales v\u00edctimas del cambio clim\u00e1tico"}]},{"@type":"WebSite","@id":"https:\/\/turcon.es\/wp\/#website","url":"https:\/\/turcon.es\/wp\/","name":"Colectivo Ecologista Turcon","description":"","publisher":{"@id":"https:\/\/turcon.es\/wp\/#organization"},"potentialAction":[{"@type":"SearchAction","target":{"@type":"EntryPoint","urlTemplate":"https:\/\/turcon.es\/wp\/?s={search_term_string}"},"query-input":{"@type":"PropertyValueSpecification","valueRequired":true,"valueName":"search_term_string"}}],"inLanguage":"es"},{"@type":"Organization","@id":"https:\/\/turcon.es\/wp\/#organization","name":"Colectivo Ecologista Turcon","url":"https:\/\/turcon.es\/wp\/","logo":{"@type":"ImageObject","inLanguage":"es","@id":"https:\/\/turcon.es\/wp\/#\/schema\/logo\/image\/","url":"https:\/\/turcon.es\/wp\/wp-content\/uploads\/2025\/03\/logo-verde.svg","contentUrl":"https:\/\/turcon.es\/wp\/wp-content\/uploads\/2025\/03\/logo-verde.svg","width":813,"height":813,"caption":"Colectivo Ecologista Turcon"},"image":{"@id":"https:\/\/turcon.es\/wp\/#\/schema\/logo\/image\/"}},{"@type":"Person","@id":"https:\/\/turcon.es\/wp\/#\/schema\/person\/a1f3ba727ce031d9da17684affe85edd","name":"Laura Fernandez","image":{"@type":"ImageObject","inLanguage":"es","@id":"https:\/\/turcon.es\/wp\/#\/schema\/person\/image\/","url":"https:\/\/secure.gravatar.com\/avatar\/360749af9549af22e54582d50231ae56e854210ae2368797ba242f445a9852e8?s=96&d=mm&r=g","contentUrl":"https:\/\/secure.gravatar.com\/avatar\/360749af9549af22e54582d50231ae56e854210ae2368797ba242f445a9852e8?s=96&d=mm&r=g","caption":"Laura Fernandez"},"url":"https:\/\/turcon.es\/wp\/author\/admturcon\/"}]}},"_links":{"self":[{"href":"https:\/\/turcon.es\/wp\/wp-json\/wp\/v2\/posts\/6","targetHints":{"allow":["GET"]}}],"collection":[{"href":"https:\/\/turcon.es\/wp\/wp-json\/wp\/v2\/posts"}],"about":[{"href":"https:\/\/turcon.es\/wp\/wp-json\/wp\/v2\/types\/post"}],"author":[{"embeddable":true,"href":"https:\/\/turcon.es\/wp\/wp-json\/wp\/v2\/users\/2"}],"replies":[{"embeddable":true,"href":"https:\/\/turcon.es\/wp\/wp-json\/wp\/v2\/comments?post=6"}],"version-history":[{"count":0,"href":"https:\/\/turcon.es\/wp\/wp-json\/wp\/v2\/posts\/6\/revisions"}],"wp:attachment":[{"href":"https:\/\/turcon.es\/wp\/wp-json\/wp\/v2\/media?parent=6"}],"wp:term":[{"taxonomy":"category","embeddable":true,"href":"https:\/\/turcon.es\/wp\/wp-json\/wp\/v2\/categories?post=6"},{"taxonomy":"post_tag","embeddable":true,"href":"https:\/\/turcon.es\/wp\/wp-json\/wp\/v2\/tags?post=6"}],"curies":[{"name":"wp","href":"https:\/\/api.w.org\/{rel}","templated":true}]}}