{"id":6067,"date":"2011-02-27T07:49:29","date_gmt":"2011-02-27T07:49:29","guid":{"rendered":"http:\/\/turcon.wordpress.com\/?p=6067"},"modified":"2011-02-27T07:49:29","modified_gmt":"2011-02-27T07:49:29","slug":"los-osos-en-la-cordillera-cantabrica-son-unos-200-el-doble-que-hace-15-anos","status":"publish","type":"post","link":"https:\/\/turcon.es\/wp\/los-osos-en-la-cordillera-cantabrica-son-unos-200-el-doble-que-hace-15-anos\/","title":{"rendered":"Los osos en la cordillera cant\u00e1brica son unos 200, el doble que hace 15 a\u00f1os"},"content":{"rendered":"<p style=\"text-align:justify;\">Seg\u00fan los estudios del CSIC y la Universidad de Oviedo\u00a0<\/p>\n<p style=\"text-align:justify;\">Los datos avalan que el oso de Asturias y Le\u00f3n pueda ser \u00abviable a corto plazo\u00bb<\/p>\n<p style=\"text-align:justify;\">Alertan de que \u00abseguimos hablando de una especie en peligro de extinci\u00f3n\u00bb<\/p>\n<p style=\"text-align:justify;\">Efe | Oviedo. El Mundo.es<a href=\"http:\/\/turcon.es\/wp\/wp-content\/uploads\/2011\/02\/1167320447_0.jpg\"><img fetchpriority=\"high\" decoding=\"async\" class=\"alignright size-full wp-image-6068\" title=\"1167320447_0\" src=\"http:\/\/turcon.es\/wp\/wp-content\/uploads\/2011\/02\/1167320447_0.jpg\" alt=\"\" width=\"300\" height=\"201\" \/><\/a><\/p>\n<p style=\"text-align:justify;\">La poblaci\u00f3n de osos en la cordillera cant\u00e1brica ha aumentado hasta alcanzar los dos centenares de ejemplares, m\u00e1s del doble que en la d\u00e9cada de los noventa del siglo pasado, seg\u00fan los estudios del CSIC y la Universidad de Oviedo hechos durante los \u00faltimos a\u00f1os y presentados hoy.<\/p>\n<p style=\"text-align:justify;\">\u00a0En una rueda de prensa en la sede del Gobierno de Asturias, la profesora universitaria Ana Dom\u00ednguez y el investigador del CSIC Javier Naves han explicado que un estudio basado en la recogida de pelos y heces para un censo gen\u00e9tico indica que habitan entre 195 y 210 osos, dato que coincide con otros informes de observaci\u00f3n.<\/p>\n<p>\u00a0<!--more--><\/p>\n<p style=\"text-align:justify;\">Al superarse los 200 ejemplares se ha alcanzado el \u00abtama\u00f1o m\u00ednimo\u00bb para que el oso de Asturias y Le\u00f3n sea \u00abviable a corto plazo\u00bb, aunque a\u00fan la cantidad est\u00e1 \u00abmuy lejos\u00bb de que se considere su viabilidad a medio y largo plazo, ha explicado Dom\u00ednguez.<\/p>\n<p style=\"text-align:justify;\">\u00a0<\/p>\n<p style=\"text-align:justify;\">\u00abSeguimos hablando de una especie en peligro de extinci\u00f3n\u00bb, ha resumido Naves, quien, no obstante, ha dicho que con la presentaci\u00f3n de estos estudios es un d\u00eda \u00abpara disfrutar\u00bb de los resultados, pues en censos hechos hace unos quince a\u00f1os -que no eran de estimaci\u00f3n directa como ahora- la cifra era inferior al centenar de individuos.<\/p>\n<p style=\"text-align:justify;\">\u00a0<\/p>\n<p style=\"text-align:justify;\">El consejero de Medio Ambiente e Infraestructuras de Asturias, Francisco Gonz\u00e1lez Buend\u00eda, ha resaltado el \u00abcuidado exquisito\u00bb seguido en la planificaci\u00f3n de obras para no interferir en las migraciones entre los osos del occidente de la cordillera y los del oriente, cuya poblaci\u00f3n -con variedad gen\u00e9tica diferenciada- es de apenas unas decenas.<\/p>\n<p>\u00a0<\/p>\n<p>Huella gen\u00e9tica individual<\/p>\n<p>Pese a que desde hace casi un siglo se dividieron en dos las poblaciones y existe una diferenciaci\u00f3n gen\u00e9tica, en 2008 se hallaron dos ejemplares con genotipos del occidente y el oriente mezclados.<\/p>\n<p>En el estudio de la Universidad de Oviedo se recogieron 381 muestras de heces y pelos durante varios a\u00f1os y se determin\u00f3 un censo de 169 ejemplares con huella gen\u00e9tica individual.<\/p>\n<p>147 en el occidente de Asturias y Le\u00f3n, y 25 (18 machos y 7 hembras) en la zona oriental de esas provincias y en Cantabria y Palencia, con algunos casos de muestras recogidas en ambas zonas debidas a las migraciones de algunos machos.<\/p>\n<p>El CSIC fij\u00f3 el estudio en un solo a\u00f1o, 2006, y con 270 muestras tomadas determin\u00f3 la presencia de 130 osos diferenciados (119 en la zona occidental y 12 en la oriental, uno de ellos en ambas).<\/p>\n<p>Para el c\u00e1lculo total de la poblaci\u00f3n -contando los individuos a los que no se ha tenido acceso- se hicieron recapturas de muestras y seg\u00fan la probabilidad de hallazgos de individuos nuevos y de repeticiones en los sucesivos an\u00e1lisis se fij\u00f3 que la poblaci\u00f3n existente era de entre 195 y 210.<\/p>\n<p>Paralelamente se abord\u00f3 una investigaci\u00f3n basada en la observaci\u00f3n desde 169 puntos (con 460 kil\u00f3metros cuadrados de cuencas visuales) durante 1.912 horas, que dio como resultado 103 osos observados, que llevar\u00eda a una estimaci\u00f3n de la existencia de 150 osos adultos m\u00e1s unos 25 oseznos.<\/p>\n<p>El porcentaje de diversidad gen\u00e9tica de los osos del occidente de la cordillera cant\u00e1brica es del 45%, en el promedio del de otras poblaciones de osos de Norteam\u00e9rica o Escandinavia; sin embargo, la diversidad gen\u00e9tica de los del oriente es del 25%, la m\u00e1s baja en t\u00e9rminos comparativos.<\/p>\n<p>Viabilidad a corto<\/p>\n<p>En gen\u00e9tica de poblaciones est\u00e1 establecida la regla 50\/500 para la supervivencia, 50 individuos para el corto plazo y 500 para el largo, que, en el caso de los osos, seg\u00fan un estudio en Yellowstone (Wisconsin) explicado por Dom\u00ednguez, ha de multiplicarse por cuatro; por lo que ahora, al superar los 200 los osos de la cordillera cant\u00e1brica parece asegurada su viabilidad a corto plazo.<\/p>\n<p>El reto para los pr\u00f3ximos a\u00f1os es la identificaci\u00f3n de los pasillos o corredores por los que los machos migran entre el occidente y el oriente, as\u00ed como la prevenci\u00f3n de da\u00f1os en la apicultura, agricultura y ganader\u00eda en las nuevos h\u00e1bitat de los osos por su aumento demogr\u00e1fico.<\/p>\n<p>El director general de Biodiversidad y Paisaje de Asturias, Jos\u00e9 F\u00e9lix Garc\u00eda Gaona, ha afirmado en la rueda de prensa que la reintroducci\u00f3n de osos de otras procedencias, as\u00ed como la alimentaci\u00f3n artificial, \u00abya no est\u00e1 en el debate\u00bb, al haberse superado los \u00abpuntos cr\u00edticos\u00bb de supervivencia.<\/p>\n","protected":false},"excerpt":{"rendered":"<p>Seg\u00fan los estudios del CSIC y la Universidad de Oviedo\u00a0 Los datos avalan que el oso de Asturias y Le\u00f3n pueda ser \u00abviable a corto plazo\u00bb Alertan de que \u00abseguimos hablando de una especie en peligro de extinci\u00f3n\u00bb Efe | Oviedo. El Mundo.es La poblaci\u00f3n de osos en la cordillera cant\u00e1brica ha aumentado hasta alcanzar [&hellip;]<\/p>\n","protected":false},"author":2,"featured_media":0,"comment_status":"open","ping_status":"open","sticky":false,"template":"","format":"standard","meta":{"footnotes":""},"categories":[37,38],"tags":[],"class_list":["post-6067","post","type-post","status-publish","format-standard","hentry","category-espacios-naturales","category-fauna"],"yoast_head":"<!-- This site is optimized with the Yoast SEO plugin v26.3 - https:\/\/yoast.com\/wordpress\/plugins\/seo\/ -->\n<title>Los osos en la cordillera cant\u00e1brica son unos 200, el doble que hace 15 a\u00f1os - Colectivo Ecologista Turcon<\/title>\n<meta name=\"robots\" content=\"index, follow, max-snippet:-1, max-image-preview:large, max-video-preview:-1\" \/>\n<link rel=\"canonical\" href=\"https:\/\/turcon.es\/wp\/los-osos-en-la-cordillera-cantabrica-son-unos-200-el-doble-que-hace-15-anos\/\" \/>\n<meta property=\"og:locale\" content=\"es_ES\" \/>\n<meta property=\"og:type\" content=\"article\" \/>\n<meta property=\"og:title\" content=\"Los osos en la cordillera cant\u00e1brica son unos 200, el doble que hace 15 a\u00f1os - Colectivo Ecologista Turcon\" \/>\n<meta property=\"og:description\" content=\"Seg\u00fan los estudios del CSIC y la Universidad de Oviedo\u00a0 Los datos avalan que el oso de Asturias y Le\u00f3n pueda ser \u00abviable a corto plazo\u00bb Alertan de que \u00abseguimos hablando de una especie en peligro de extinci\u00f3n\u00bb Efe | Oviedo. El Mundo.es La poblaci\u00f3n de osos en la cordillera cant\u00e1brica ha aumentado hasta alcanzar [&hellip;]\" \/>\n<meta property=\"og:url\" content=\"https:\/\/turcon.es\/wp\/los-osos-en-la-cordillera-cantabrica-son-unos-200-el-doble-que-hace-15-anos\/\" \/>\n<meta property=\"og:site_name\" content=\"Colectivo Ecologista Turcon\" \/>\n<meta property=\"article:published_time\" content=\"2011-02-27T07:49:29+00:00\" \/>\n<meta property=\"og:image\" content=\"https:\/\/turcon.es\/wp\/wp-content\/uploads\/2011\/02\/1167320447_0-1.jpg\" \/>\n\t<meta property=\"og:image:width\" content=\"300\" \/>\n\t<meta property=\"og:image:height\" content=\"201\" \/>\n\t<meta property=\"og:image:type\" content=\"image\/jpeg\" \/>\n<meta name=\"author\" content=\"Laura Fernandez\" \/>\n<meta name=\"twitter:card\" content=\"summary_large_image\" \/>\n<meta name=\"twitter:label1\" content=\"Escrito por\" \/>\n\t<meta name=\"twitter:data1\" content=\"Laura Fernandez\" \/>\n\t<meta name=\"twitter:label2\" content=\"Tiempo de lectura\" \/>\n\t<meta name=\"twitter:data2\" content=\"4 minutos\" \/>\n<script type=\"application\/ld+json\" class=\"yoast-schema-graph\">{\"@context\":\"https:\/\/schema.org\",\"@graph\":[{\"@type\":\"Article\",\"@id\":\"https:\/\/turcon.es\/wp\/los-osos-en-la-cordillera-cantabrica-son-unos-200-el-doble-que-hace-15-anos\/#article\",\"isPartOf\":{\"@id\":\"https:\/\/turcon.es\/wp\/los-osos-en-la-cordillera-cantabrica-son-unos-200-el-doble-que-hace-15-anos\/\"},\"author\":{\"name\":\"Laura Fernandez\",\"@id\":\"https:\/\/turcon.es\/wp\/#\/schema\/person\/a1f3ba727ce031d9da17684affe85edd\"},\"headline\":\"Los osos en la cordillera cant\u00e1brica son unos 200, el doble que hace 15 a\u00f1os\",\"datePublished\":\"2011-02-27T07:49:29+00:00\",\"mainEntityOfPage\":{\"@id\":\"https:\/\/turcon.es\/wp\/los-osos-en-la-cordillera-cantabrica-son-unos-200-el-doble-que-hace-15-anos\/\"},\"wordCount\":810,\"commentCount\":0,\"publisher\":{\"@id\":\"https:\/\/turcon.es\/wp\/#organization\"},\"image\":{\"@id\":\"https:\/\/turcon.es\/wp\/los-osos-en-la-cordillera-cantabrica-son-unos-200-el-doble-que-hace-15-anos\/#primaryimage\"},\"thumbnailUrl\":\"http:\/\/turcon.es\/wp\/wp-content\/uploads\/2011\/02\/1167320447_0.jpg\",\"articleSection\":[\"Espacios Naturales\",\"Fauna\"],\"inLanguage\":\"es\",\"potentialAction\":[{\"@type\":\"CommentAction\",\"name\":\"Comment\",\"target\":[\"https:\/\/turcon.es\/wp\/los-osos-en-la-cordillera-cantabrica-son-unos-200-el-doble-que-hace-15-anos\/#respond\"]}]},{\"@type\":\"WebPage\",\"@id\":\"https:\/\/turcon.es\/wp\/los-osos-en-la-cordillera-cantabrica-son-unos-200-el-doble-que-hace-15-anos\/\",\"url\":\"https:\/\/turcon.es\/wp\/los-osos-en-la-cordillera-cantabrica-son-unos-200-el-doble-que-hace-15-anos\/\",\"name\":\"Los osos en la cordillera cant\u00e1brica son unos 200, el doble que hace 15 a\u00f1os - Colectivo Ecologista Turcon\",\"isPartOf\":{\"@id\":\"https:\/\/turcon.es\/wp\/#website\"},\"primaryImageOfPage\":{\"@id\":\"https:\/\/turcon.es\/wp\/los-osos-en-la-cordillera-cantabrica-son-unos-200-el-doble-que-hace-15-anos\/#primaryimage\"},\"image\":{\"@id\":\"https:\/\/turcon.es\/wp\/los-osos-en-la-cordillera-cantabrica-son-unos-200-el-doble-que-hace-15-anos\/#primaryimage\"},\"thumbnailUrl\":\"http:\/\/turcon.es\/wp\/wp-content\/uploads\/2011\/02\/1167320447_0.jpg\",\"datePublished\":\"2011-02-27T07:49:29+00:00\",\"breadcrumb\":{\"@id\":\"https:\/\/turcon.es\/wp\/los-osos-en-la-cordillera-cantabrica-son-unos-200-el-doble-que-hace-15-anos\/#breadcrumb\"},\"inLanguage\":\"es\",\"potentialAction\":[{\"@type\":\"ReadAction\",\"target\":[\"https:\/\/turcon.es\/wp\/los-osos-en-la-cordillera-cantabrica-son-unos-200-el-doble-que-hace-15-anos\/\"]}]},{\"@type\":\"ImageObject\",\"inLanguage\":\"es\",\"@id\":\"https:\/\/turcon.es\/wp\/los-osos-en-la-cordillera-cantabrica-son-unos-200-el-doble-que-hace-15-anos\/#primaryimage\",\"url\":\"http:\/\/turcon.es\/wp\/wp-content\/uploads\/2011\/02\/1167320447_0.jpg\",\"contentUrl\":\"http:\/\/turcon.es\/wp\/wp-content\/uploads\/2011\/02\/1167320447_0.jpg\"},{\"@type\":\"BreadcrumbList\",\"@id\":\"https:\/\/turcon.es\/wp\/los-osos-en-la-cordillera-cantabrica-son-unos-200-el-doble-que-hace-15-anos\/#breadcrumb\",\"itemListElement\":[{\"@type\":\"ListItem\",\"position\":1,\"name\":\"Portada\",\"item\":\"https:\/\/turcon.es\/wp\/\"},{\"@type\":\"ListItem\",\"position\":2,\"name\":\"Los osos en la cordillera cant\u00e1brica son unos 200, el doble que hace 15 a\u00f1os\"}]},{\"@type\":\"WebSite\",\"@id\":\"https:\/\/turcon.es\/wp\/#website\",\"url\":\"https:\/\/turcon.es\/wp\/\",\"name\":\"Colectivo Ecologista Turcon\",\"description\":\"\",\"publisher\":{\"@id\":\"https:\/\/turcon.es\/wp\/#organization\"},\"potentialAction\":[{\"@type\":\"SearchAction\",\"target\":{\"@type\":\"EntryPoint\",\"urlTemplate\":\"https:\/\/turcon.es\/wp\/?s={search_term_string}\"},\"query-input\":{\"@type\":\"PropertyValueSpecification\",\"valueRequired\":true,\"valueName\":\"search_term_string\"}}],\"inLanguage\":\"es\"},{\"@type\":\"Organization\",\"@id\":\"https:\/\/turcon.es\/wp\/#organization\",\"name\":\"Colectivo Ecologista Turcon\",\"url\":\"https:\/\/turcon.es\/wp\/\",\"logo\":{\"@type\":\"ImageObject\",\"inLanguage\":\"es\",\"@id\":\"https:\/\/turcon.es\/wp\/#\/schema\/logo\/image\/\",\"url\":\"https:\/\/turcon.es\/wp\/wp-content\/uploads\/2025\/03\/logo-verde.svg\",\"contentUrl\":\"https:\/\/turcon.es\/wp\/wp-content\/uploads\/2025\/03\/logo-verde.svg\",\"width\":813,\"height\":813,\"caption\":\"Colectivo Ecologista Turcon\"},\"image\":{\"@id\":\"https:\/\/turcon.es\/wp\/#\/schema\/logo\/image\/\"}},{\"@type\":\"Person\",\"@id\":\"https:\/\/turcon.es\/wp\/#\/schema\/person\/a1f3ba727ce031d9da17684affe85edd\",\"name\":\"Laura Fernandez\",\"image\":{\"@type\":\"ImageObject\",\"inLanguage\":\"es\",\"@id\":\"https:\/\/turcon.es\/wp\/#\/schema\/person\/image\/\",\"url\":\"https:\/\/secure.gravatar.com\/avatar\/360749af9549af22e54582d50231ae56e854210ae2368797ba242f445a9852e8?s=96&d=mm&r=g\",\"contentUrl\":\"https:\/\/secure.gravatar.com\/avatar\/360749af9549af22e54582d50231ae56e854210ae2368797ba242f445a9852e8?s=96&d=mm&r=g\",\"caption\":\"Laura Fernandez\"},\"url\":\"https:\/\/turcon.es\/wp\/author\/admturcon\/\"}]}<\/script>\n<!-- \/ Yoast SEO plugin. -->","yoast_head_json":{"title":"Los osos en la cordillera cant\u00e1brica son unos 200, el doble que hace 15 a\u00f1os - Colectivo Ecologista Turcon","robots":{"index":"index","follow":"follow","max-snippet":"max-snippet:-1","max-image-preview":"max-image-preview:large","max-video-preview":"max-video-preview:-1"},"canonical":"https:\/\/turcon.es\/wp\/los-osos-en-la-cordillera-cantabrica-son-unos-200-el-doble-que-hace-15-anos\/","og_locale":"es_ES","og_type":"article","og_title":"Los osos en la cordillera cant\u00e1brica son unos 200, el doble que hace 15 a\u00f1os - Colectivo Ecologista Turcon","og_description":"Seg\u00fan los estudios del CSIC y la Universidad de Oviedo\u00a0 Los datos avalan que el oso de Asturias y Le\u00f3n pueda ser \u00abviable a corto plazo\u00bb Alertan de que \u00abseguimos hablando de una especie en peligro de extinci\u00f3n\u00bb Efe | Oviedo. El Mundo.es La poblaci\u00f3n de osos en la cordillera cant\u00e1brica ha aumentado hasta alcanzar [&hellip;]","og_url":"https:\/\/turcon.es\/wp\/los-osos-en-la-cordillera-cantabrica-son-unos-200-el-doble-que-hace-15-anos\/","og_site_name":"Colectivo Ecologista Turcon","article_published_time":"2011-02-27T07:49:29+00:00","og_image":[{"width":300,"height":201,"url":"https:\/\/turcon.es\/wp\/wp-content\/uploads\/2011\/02\/1167320447_0-1.jpg","type":"image\/jpeg"}],"author":"Laura Fernandez","twitter_card":"summary_large_image","twitter_misc":{"Escrito por":"Laura Fernandez","Tiempo de lectura":"4 minutos"},"schema":{"@context":"https:\/\/schema.org","@graph":[{"@type":"Article","@id":"https:\/\/turcon.es\/wp\/los-osos-en-la-cordillera-cantabrica-son-unos-200-el-doble-que-hace-15-anos\/#article","isPartOf":{"@id":"https:\/\/turcon.es\/wp\/los-osos-en-la-cordillera-cantabrica-son-unos-200-el-doble-que-hace-15-anos\/"},"author":{"name":"Laura Fernandez","@id":"https:\/\/turcon.es\/wp\/#\/schema\/person\/a1f3ba727ce031d9da17684affe85edd"},"headline":"Los osos en la cordillera cant\u00e1brica son unos 200, el doble que hace 15 a\u00f1os","datePublished":"2011-02-27T07:49:29+00:00","mainEntityOfPage":{"@id":"https:\/\/turcon.es\/wp\/los-osos-en-la-cordillera-cantabrica-son-unos-200-el-doble-que-hace-15-anos\/"},"wordCount":810,"commentCount":0,"publisher":{"@id":"https:\/\/turcon.es\/wp\/#organization"},"image":{"@id":"https:\/\/turcon.es\/wp\/los-osos-en-la-cordillera-cantabrica-son-unos-200-el-doble-que-hace-15-anos\/#primaryimage"},"thumbnailUrl":"http:\/\/turcon.es\/wp\/wp-content\/uploads\/2011\/02\/1167320447_0.jpg","articleSection":["Espacios Naturales","Fauna"],"inLanguage":"es","potentialAction":[{"@type":"CommentAction","name":"Comment","target":["https:\/\/turcon.es\/wp\/los-osos-en-la-cordillera-cantabrica-son-unos-200-el-doble-que-hace-15-anos\/#respond"]}]},{"@type":"WebPage","@id":"https:\/\/turcon.es\/wp\/los-osos-en-la-cordillera-cantabrica-son-unos-200-el-doble-que-hace-15-anos\/","url":"https:\/\/turcon.es\/wp\/los-osos-en-la-cordillera-cantabrica-son-unos-200-el-doble-que-hace-15-anos\/","name":"Los osos en la cordillera cant\u00e1brica son unos 200, el doble que hace 15 a\u00f1os - Colectivo Ecologista Turcon","isPartOf":{"@id":"https:\/\/turcon.es\/wp\/#website"},"primaryImageOfPage":{"@id":"https:\/\/turcon.es\/wp\/los-osos-en-la-cordillera-cantabrica-son-unos-200-el-doble-que-hace-15-anos\/#primaryimage"},"image":{"@id":"https:\/\/turcon.es\/wp\/los-osos-en-la-cordillera-cantabrica-son-unos-200-el-doble-que-hace-15-anos\/#primaryimage"},"thumbnailUrl":"http:\/\/turcon.es\/wp\/wp-content\/uploads\/2011\/02\/1167320447_0.jpg","datePublished":"2011-02-27T07:49:29+00:00","breadcrumb":{"@id":"https:\/\/turcon.es\/wp\/los-osos-en-la-cordillera-cantabrica-son-unos-200-el-doble-que-hace-15-anos\/#breadcrumb"},"inLanguage":"es","potentialAction":[{"@type":"ReadAction","target":["https:\/\/turcon.es\/wp\/los-osos-en-la-cordillera-cantabrica-son-unos-200-el-doble-que-hace-15-anos\/"]}]},{"@type":"ImageObject","inLanguage":"es","@id":"https:\/\/turcon.es\/wp\/los-osos-en-la-cordillera-cantabrica-son-unos-200-el-doble-que-hace-15-anos\/#primaryimage","url":"http:\/\/turcon.es\/wp\/wp-content\/uploads\/2011\/02\/1167320447_0.jpg","contentUrl":"http:\/\/turcon.es\/wp\/wp-content\/uploads\/2011\/02\/1167320447_0.jpg"},{"@type":"BreadcrumbList","@id":"https:\/\/turcon.es\/wp\/los-osos-en-la-cordillera-cantabrica-son-unos-200-el-doble-que-hace-15-anos\/#breadcrumb","itemListElement":[{"@type":"ListItem","position":1,"name":"Portada","item":"https:\/\/turcon.es\/wp\/"},{"@type":"ListItem","position":2,"name":"Los osos en la cordillera cant\u00e1brica son unos 200, el doble que hace 15 a\u00f1os"}]},{"@type":"WebSite","@id":"https:\/\/turcon.es\/wp\/#website","url":"https:\/\/turcon.es\/wp\/","name":"Colectivo Ecologista Turcon","description":"","publisher":{"@id":"https:\/\/turcon.es\/wp\/#organization"},"potentialAction":[{"@type":"SearchAction","target":{"@type":"EntryPoint","urlTemplate":"https:\/\/turcon.es\/wp\/?s={search_term_string}"},"query-input":{"@type":"PropertyValueSpecification","valueRequired":true,"valueName":"search_term_string"}}],"inLanguage":"es"},{"@type":"Organization","@id":"https:\/\/turcon.es\/wp\/#organization","name":"Colectivo Ecologista Turcon","url":"https:\/\/turcon.es\/wp\/","logo":{"@type":"ImageObject","inLanguage":"es","@id":"https:\/\/turcon.es\/wp\/#\/schema\/logo\/image\/","url":"https:\/\/turcon.es\/wp\/wp-content\/uploads\/2025\/03\/logo-verde.svg","contentUrl":"https:\/\/turcon.es\/wp\/wp-content\/uploads\/2025\/03\/logo-verde.svg","width":813,"height":813,"caption":"Colectivo Ecologista Turcon"},"image":{"@id":"https:\/\/turcon.es\/wp\/#\/schema\/logo\/image\/"}},{"@type":"Person","@id":"https:\/\/turcon.es\/wp\/#\/schema\/person\/a1f3ba727ce031d9da17684affe85edd","name":"Laura Fernandez","image":{"@type":"ImageObject","inLanguage":"es","@id":"https:\/\/turcon.es\/wp\/#\/schema\/person\/image\/","url":"https:\/\/secure.gravatar.com\/avatar\/360749af9549af22e54582d50231ae56e854210ae2368797ba242f445a9852e8?s=96&d=mm&r=g","contentUrl":"https:\/\/secure.gravatar.com\/avatar\/360749af9549af22e54582d50231ae56e854210ae2368797ba242f445a9852e8?s=96&d=mm&r=g","caption":"Laura Fernandez"},"url":"https:\/\/turcon.es\/wp\/author\/admturcon\/"}]}},"_links":{"self":[{"href":"https:\/\/turcon.es\/wp\/wp-json\/wp\/v2\/posts\/6067","targetHints":{"allow":["GET"]}}],"collection":[{"href":"https:\/\/turcon.es\/wp\/wp-json\/wp\/v2\/posts"}],"about":[{"href":"https:\/\/turcon.es\/wp\/wp-json\/wp\/v2\/types\/post"}],"author":[{"embeddable":true,"href":"https:\/\/turcon.es\/wp\/wp-json\/wp\/v2\/users\/2"}],"replies":[{"embeddable":true,"href":"https:\/\/turcon.es\/wp\/wp-json\/wp\/v2\/comments?post=6067"}],"version-history":[{"count":0,"href":"https:\/\/turcon.es\/wp\/wp-json\/wp\/v2\/posts\/6067\/revisions"}],"wp:attachment":[{"href":"https:\/\/turcon.es\/wp\/wp-json\/wp\/v2\/media?parent=6067"}],"wp:term":[{"taxonomy":"category","embeddable":true,"href":"https:\/\/turcon.es\/wp\/wp-json\/wp\/v2\/categories?post=6067"},{"taxonomy":"post_tag","embeddable":true,"href":"https:\/\/turcon.es\/wp\/wp-json\/wp\/v2\/tags?post=6067"}],"curies":[{"name":"wp","href":"https:\/\/api.w.org\/{rel}","templated":true}]}}