{"id":6235,"date":"2011-03-12T09:00:10","date_gmt":"2011-03-12T09:00:10","guid":{"rendered":"http:\/\/turcon.wordpress.com\/?p=6235"},"modified":"2011-03-12T09:00:10","modified_gmt":"2011-03-12T09:00:10","slug":"ruta-del-tajinaste-por-el-barranco-de-la-capellania","status":"publish","type":"post","link":"https:\/\/turcon.es\/wp\/ruta-del-tajinaste-por-el-barranco-de-la-capellania\/","title":{"rendered":"Ruta del tajinaste, por el Barranco de la Capellan\u00eda"},"content":{"rendered":"<h2 style=\"text-align:justify;\"><span style=\"color:#0000ff;\"><a href=\"http:\/\/turcon.es\/wp\/wp-content\/uploads\/2009\/04\/colectivo-ornitologico-de-gc.jpg\"><img decoding=\"async\" class=\"alignleft size-full wp-image-1514\" title=\"colectivo-ornitologico-de-gc\" src=\"http:\/\/turcon.es\/wp\/wp-content\/uploads\/2009\/04\/colectivo-ornitologico-de-gc.jpg\" alt=\"\" width=\"97\" height=\"100\" \/><\/a>Ruta organizada por el Colectivo Ornitol\u00f3gico de Gran Canaria y que se realizara el 19 de marzo de 2011.<\/span><\/h2>\n<p style=\"text-align:justify;\"><span style=\"color:#ff0000;\">DESCRIPCI\u00d3N DEL TRAYECTO:<\/span><\/p>\n<p style=\"text-align:justify;\">Ruta del tajinaste tradicional, en un principio (Bajada junto al Roque Grande), para despu\u00e9s tomar por la poco conocida variante que transcurre por el fondo del Barranco de la Capellan\u00eda, con final en la calle central de Tenteniguada.<\/p>\n<p style=\"text-align:justify;\">Esperamos poder disfrutar de la floraci\u00f3n del tajinaste azul, de la retama amarilla, las blancas flores de la magarza, etc., as\u00ed como de la avifauna del lugar. Tambi\u00e9n realizaremos una brev\u00edsima visita a cuevas abor\u00edgenes.<\/p>\n<p style=\"text-align:justify;\">Todo esto enmarcado en unas preciosas panor\u00e1micas.<\/p>\n<p style=\"text-align:justify;\">Recorrido aprox.: 8 Km. Desnivel aprox.: 800 Mt.<\/p>\n<p style=\"text-align:justify;\">Dificultad media (Tramos de camino estrechos y\/o resbaladizos en bajada).<\/p>\n<p style=\"text-align:justify;\">Duraci\u00f3n: 4-5 horas (El trayecto se realizar\u00e1 a ritmo lento).<\/p>\n<p style=\"text-align:justify;\">Lugar de encuentro: Fuente luminosa (Las Palmas de Gran Canaria, a las 09:00h.)<\/p>\n<p style=\"text-align:justify;\">SE RUEGA PUNTUALIDAD. La guagua no realizar\u00e1 paradas por el camino para evitar retrasos innecesarios, por lo que es imprescindible venir desayunados y con todo lo necesario desde casa: comida, agua, calzado adecuado e impermeable por si acaso.<\/p>\n<p style=\"text-align:justify;\">PRECIO: 10 euros (incluye guagua y seguro de accidentes).<\/p>\n<p style=\"text-align:justify;\">Fin de inscripciones: 17 de marzo de 2011<\/p>\n<p style=\"text-align:justify;\">Para m\u00e1s informaci\u00f3n y\/o apuntarse: <a href=\"mailto:cornitograca@yahoo.es\">cornitograca@yahoo.es<\/a> Telf. 649817646<\/p>\n<p><strong> <\/strong><\/p>\n<p><strong> <\/strong><\/p>\n<p><strong> <\/strong><\/p>\n<p><strong> <\/strong><\/p>\n","protected":false},"excerpt":{"rendered":"<p>Ruta organizada por el Colectivo Ornitol\u00f3gico de Gran Canaria y que se realizara el 19 de marzo de 2011. DESCRIPCI\u00d3N DEL TRAYECTO: Ruta del tajinaste tradicional, en un principio (Bajada junto al Roque Grande), para despu\u00e9s tomar por la poco conocida variante que transcurre por el fondo del Barranco de la Capellan\u00eda, con final en [&hellip;]<\/p>\n","protected":false},"author":2,"featured_media":0,"comment_status":"open","ping_status":"open","sticky":false,"template":"","format":"standard","meta":{"footnotes":""},"categories":[37,39,41,57],"tags":[1500],"class_list":["post-6235","post","type-post","status-publish","format-standard","hentry","category-espacios-naturales","category-fauna-y-flora","category-gran-canaria","category-senderismo","tag-ruta-de-los-tajinastes"],"yoast_head":"<!-- This site is optimized with the Yoast SEO plugin v26.3 - https:\/\/yoast.com\/wordpress\/plugins\/seo\/ -->\n<title>Ruta del tajinaste, por el Barranco de la Capellan\u00eda - Colectivo Ecologista Turcon<\/title>\n<meta name=\"robots\" content=\"index, follow, max-snippet:-1, max-image-preview:large, max-video-preview:-1\" \/>\n<link rel=\"canonical\" href=\"https:\/\/turcon.es\/wp\/ruta-del-tajinaste-por-el-barranco-de-la-capellania\/\" \/>\n<meta property=\"og:locale\" content=\"es_ES\" \/>\n<meta property=\"og:type\" content=\"article\" \/>\n<meta property=\"og:title\" content=\"Ruta del tajinaste, por el Barranco de la Capellan\u00eda - Colectivo Ecologista Turcon\" \/>\n<meta property=\"og:description\" content=\"Ruta organizada por el Colectivo Ornitol\u00f3gico de Gran Canaria y que se realizara el 19 de marzo de 2011. DESCRIPCI\u00d3N DEL TRAYECTO: Ruta del tajinaste tradicional, en un principio (Bajada junto al Roque Grande), para despu\u00e9s tomar por la poco conocida variante que transcurre por el fondo del Barranco de la Capellan\u00eda, con final en [&hellip;]\" \/>\n<meta property=\"og:url\" content=\"https:\/\/turcon.es\/wp\/ruta-del-tajinaste-por-el-barranco-de-la-capellania\/\" \/>\n<meta property=\"og:site_name\" content=\"Colectivo Ecologista Turcon\" \/>\n<meta property=\"article:published_time\" content=\"2011-03-12T09:00:10+00:00\" \/>\n<meta property=\"og:image\" content=\"https:\/\/turcon.es\/wp\/wp-content\/uploads\/2011\/01\/aloe20vera.jpg\" \/>\n\t<meta property=\"og:image:width\" content=\"104\" \/>\n\t<meta property=\"og:image:height\" content=\"137\" \/>\n\t<meta property=\"og:image:type\" content=\"image\/jpeg\" \/>\n<meta name=\"author\" content=\"Laura Fernandez\" \/>\n<meta name=\"twitter:card\" content=\"summary_large_image\" \/>\n<meta name=\"twitter:label1\" content=\"Escrito por\" \/>\n\t<meta name=\"twitter:data1\" content=\"Laura Fernandez\" \/>\n\t<meta name=\"twitter:label2\" content=\"Tiempo de lectura\" \/>\n\t<meta name=\"twitter:data2\" content=\"1 minuto\" \/>\n<script type=\"application\/ld+json\" class=\"yoast-schema-graph\">{\"@context\":\"https:\/\/schema.org\",\"@graph\":[{\"@type\":\"Article\",\"@id\":\"https:\/\/turcon.es\/wp\/ruta-del-tajinaste-por-el-barranco-de-la-capellania\/#article\",\"isPartOf\":{\"@id\":\"https:\/\/turcon.es\/wp\/ruta-del-tajinaste-por-el-barranco-de-la-capellania\/\"},\"author\":{\"name\":\"Laura Fernandez\",\"@id\":\"https:\/\/turcon.es\/wp\/#\/schema\/person\/a1f3ba727ce031d9da17684affe85edd\"},\"headline\":\"Ruta del tajinaste, por el Barranco de la Capellan\u00eda\",\"datePublished\":\"2011-03-12T09:00:10+00:00\",\"mainEntityOfPage\":{\"@id\":\"https:\/\/turcon.es\/wp\/ruta-del-tajinaste-por-el-barranco-de-la-capellania\/\"},\"wordCount\":224,\"commentCount\":0,\"publisher\":{\"@id\":\"https:\/\/turcon.es\/wp\/#organization\"},\"image\":{\"@id\":\"https:\/\/turcon.es\/wp\/ruta-del-tajinaste-por-el-barranco-de-la-capellania\/#primaryimage\"},\"thumbnailUrl\":\"http:\/\/turcon.es\/wp\/wp-content\/uploads\/2009\/04\/colectivo-ornitologico-de-gc.jpg\",\"keywords\":[\"Ruta de los tajinastes\"],\"articleSection\":[\"Espacios Naturales\",\"Fauna y flora\",\"Gran Canaria\",\"Senderismo\"],\"inLanguage\":\"es\",\"potentialAction\":[{\"@type\":\"CommentAction\",\"name\":\"Comment\",\"target\":[\"https:\/\/turcon.es\/wp\/ruta-del-tajinaste-por-el-barranco-de-la-capellania\/#respond\"]}]},{\"@type\":\"WebPage\",\"@id\":\"https:\/\/turcon.es\/wp\/ruta-del-tajinaste-por-el-barranco-de-la-capellania\/\",\"url\":\"https:\/\/turcon.es\/wp\/ruta-del-tajinaste-por-el-barranco-de-la-capellania\/\",\"name\":\"Ruta del tajinaste, por el Barranco de la Capellan\u00eda - Colectivo Ecologista Turcon\",\"isPartOf\":{\"@id\":\"https:\/\/turcon.es\/wp\/#website\"},\"primaryImageOfPage\":{\"@id\":\"https:\/\/turcon.es\/wp\/ruta-del-tajinaste-por-el-barranco-de-la-capellania\/#primaryimage\"},\"image\":{\"@id\":\"https:\/\/turcon.es\/wp\/ruta-del-tajinaste-por-el-barranco-de-la-capellania\/#primaryimage\"},\"thumbnailUrl\":\"http:\/\/turcon.es\/wp\/wp-content\/uploads\/2009\/04\/colectivo-ornitologico-de-gc.jpg\",\"datePublished\":\"2011-03-12T09:00:10+00:00\",\"breadcrumb\":{\"@id\":\"https:\/\/turcon.es\/wp\/ruta-del-tajinaste-por-el-barranco-de-la-capellania\/#breadcrumb\"},\"inLanguage\":\"es\",\"potentialAction\":[{\"@type\":\"ReadAction\",\"target\":[\"https:\/\/turcon.es\/wp\/ruta-del-tajinaste-por-el-barranco-de-la-capellania\/\"]}]},{\"@type\":\"ImageObject\",\"inLanguage\":\"es\",\"@id\":\"https:\/\/turcon.es\/wp\/ruta-del-tajinaste-por-el-barranco-de-la-capellania\/#primaryimage\",\"url\":\"http:\/\/turcon.es\/wp\/wp-content\/uploads\/2009\/04\/colectivo-ornitologico-de-gc.jpg\",\"contentUrl\":\"http:\/\/turcon.es\/wp\/wp-content\/uploads\/2009\/04\/colectivo-ornitologico-de-gc.jpg\"},{\"@type\":\"BreadcrumbList\",\"@id\":\"https:\/\/turcon.es\/wp\/ruta-del-tajinaste-por-el-barranco-de-la-capellania\/#breadcrumb\",\"itemListElement\":[{\"@type\":\"ListItem\",\"position\":1,\"name\":\"Portada\",\"item\":\"https:\/\/turcon.es\/wp\/\"},{\"@type\":\"ListItem\",\"position\":2,\"name\":\"Ruta del tajinaste, por el Barranco de la Capellan\u00eda\"}]},{\"@type\":\"WebSite\",\"@id\":\"https:\/\/turcon.es\/wp\/#website\",\"url\":\"https:\/\/turcon.es\/wp\/\",\"name\":\"Colectivo Ecologista Turcon\",\"description\":\"\",\"publisher\":{\"@id\":\"https:\/\/turcon.es\/wp\/#organization\"},\"potentialAction\":[{\"@type\":\"SearchAction\",\"target\":{\"@type\":\"EntryPoint\",\"urlTemplate\":\"https:\/\/turcon.es\/wp\/?s={search_term_string}\"},\"query-input\":{\"@type\":\"PropertyValueSpecification\",\"valueRequired\":true,\"valueName\":\"search_term_string\"}}],\"inLanguage\":\"es\"},{\"@type\":\"Organization\",\"@id\":\"https:\/\/turcon.es\/wp\/#organization\",\"name\":\"Colectivo Ecologista Turcon\",\"url\":\"https:\/\/turcon.es\/wp\/\",\"logo\":{\"@type\":\"ImageObject\",\"inLanguage\":\"es\",\"@id\":\"https:\/\/turcon.es\/wp\/#\/schema\/logo\/image\/\",\"url\":\"https:\/\/turcon.es\/wp\/wp-content\/uploads\/2025\/03\/logo-verde.svg\",\"contentUrl\":\"https:\/\/turcon.es\/wp\/wp-content\/uploads\/2025\/03\/logo-verde.svg\",\"width\":813,\"height\":813,\"caption\":\"Colectivo Ecologista Turcon\"},\"image\":{\"@id\":\"https:\/\/turcon.es\/wp\/#\/schema\/logo\/image\/\"}},{\"@type\":\"Person\",\"@id\":\"https:\/\/turcon.es\/wp\/#\/schema\/person\/a1f3ba727ce031d9da17684affe85edd\",\"name\":\"Laura Fernandez\",\"image\":{\"@type\":\"ImageObject\",\"inLanguage\":\"es\",\"@id\":\"https:\/\/turcon.es\/wp\/#\/schema\/person\/image\/\",\"url\":\"https:\/\/secure.gravatar.com\/avatar\/360749af9549af22e54582d50231ae56e854210ae2368797ba242f445a9852e8?s=96&d=mm&r=g\",\"contentUrl\":\"https:\/\/secure.gravatar.com\/avatar\/360749af9549af22e54582d50231ae56e854210ae2368797ba242f445a9852e8?s=96&d=mm&r=g\",\"caption\":\"Laura Fernandez\"},\"url\":\"https:\/\/turcon.es\/wp\/author\/admturcon\/\"}]}<\/script>\n<!-- \/ Yoast SEO plugin. -->","yoast_head_json":{"title":"Ruta del tajinaste, por el Barranco de la Capellan\u00eda - Colectivo Ecologista Turcon","robots":{"index":"index","follow":"follow","max-snippet":"max-snippet:-1","max-image-preview":"max-image-preview:large","max-video-preview":"max-video-preview:-1"},"canonical":"https:\/\/turcon.es\/wp\/ruta-del-tajinaste-por-el-barranco-de-la-capellania\/","og_locale":"es_ES","og_type":"article","og_title":"Ruta del tajinaste, por el Barranco de la Capellan\u00eda - Colectivo Ecologista Turcon","og_description":"Ruta organizada por el Colectivo Ornitol\u00f3gico de Gran Canaria y que se realizara el 19 de marzo de 2011. DESCRIPCI\u00d3N DEL TRAYECTO: Ruta del tajinaste tradicional, en un principio (Bajada junto al Roque Grande), para despu\u00e9s tomar por la poco conocida variante que transcurre por el fondo del Barranco de la Capellan\u00eda, con final en [&hellip;]","og_url":"https:\/\/turcon.es\/wp\/ruta-del-tajinaste-por-el-barranco-de-la-capellania\/","og_site_name":"Colectivo Ecologista Turcon","article_published_time":"2011-03-12T09:00:10+00:00","og_image":[{"width":104,"height":137,"url":"https:\/\/turcon.es\/wp\/wp-content\/uploads\/2011\/01\/aloe20vera.jpg","type":"image\/jpeg"}],"author":"Laura Fernandez","twitter_card":"summary_large_image","twitter_misc":{"Escrito por":"Laura Fernandez","Tiempo de lectura":"1 minuto"},"schema":{"@context":"https:\/\/schema.org","@graph":[{"@type":"Article","@id":"https:\/\/turcon.es\/wp\/ruta-del-tajinaste-por-el-barranco-de-la-capellania\/#article","isPartOf":{"@id":"https:\/\/turcon.es\/wp\/ruta-del-tajinaste-por-el-barranco-de-la-capellania\/"},"author":{"name":"Laura Fernandez","@id":"https:\/\/turcon.es\/wp\/#\/schema\/person\/a1f3ba727ce031d9da17684affe85edd"},"headline":"Ruta del tajinaste, por el Barranco de la Capellan\u00eda","datePublished":"2011-03-12T09:00:10+00:00","mainEntityOfPage":{"@id":"https:\/\/turcon.es\/wp\/ruta-del-tajinaste-por-el-barranco-de-la-capellania\/"},"wordCount":224,"commentCount":0,"publisher":{"@id":"https:\/\/turcon.es\/wp\/#organization"},"image":{"@id":"https:\/\/turcon.es\/wp\/ruta-del-tajinaste-por-el-barranco-de-la-capellania\/#primaryimage"},"thumbnailUrl":"http:\/\/turcon.es\/wp\/wp-content\/uploads\/2009\/04\/colectivo-ornitologico-de-gc.jpg","keywords":["Ruta de los tajinastes"],"articleSection":["Espacios Naturales","Fauna y flora","Gran Canaria","Senderismo"],"inLanguage":"es","potentialAction":[{"@type":"CommentAction","name":"Comment","target":["https:\/\/turcon.es\/wp\/ruta-del-tajinaste-por-el-barranco-de-la-capellania\/#respond"]}]},{"@type":"WebPage","@id":"https:\/\/turcon.es\/wp\/ruta-del-tajinaste-por-el-barranco-de-la-capellania\/","url":"https:\/\/turcon.es\/wp\/ruta-del-tajinaste-por-el-barranco-de-la-capellania\/","name":"Ruta del tajinaste, por el Barranco de la Capellan\u00eda - Colectivo Ecologista Turcon","isPartOf":{"@id":"https:\/\/turcon.es\/wp\/#website"},"primaryImageOfPage":{"@id":"https:\/\/turcon.es\/wp\/ruta-del-tajinaste-por-el-barranco-de-la-capellania\/#primaryimage"},"image":{"@id":"https:\/\/turcon.es\/wp\/ruta-del-tajinaste-por-el-barranco-de-la-capellania\/#primaryimage"},"thumbnailUrl":"http:\/\/turcon.es\/wp\/wp-content\/uploads\/2009\/04\/colectivo-ornitologico-de-gc.jpg","datePublished":"2011-03-12T09:00:10+00:00","breadcrumb":{"@id":"https:\/\/turcon.es\/wp\/ruta-del-tajinaste-por-el-barranco-de-la-capellania\/#breadcrumb"},"inLanguage":"es","potentialAction":[{"@type":"ReadAction","target":["https:\/\/turcon.es\/wp\/ruta-del-tajinaste-por-el-barranco-de-la-capellania\/"]}]},{"@type":"ImageObject","inLanguage":"es","@id":"https:\/\/turcon.es\/wp\/ruta-del-tajinaste-por-el-barranco-de-la-capellania\/#primaryimage","url":"http:\/\/turcon.es\/wp\/wp-content\/uploads\/2009\/04\/colectivo-ornitologico-de-gc.jpg","contentUrl":"http:\/\/turcon.es\/wp\/wp-content\/uploads\/2009\/04\/colectivo-ornitologico-de-gc.jpg"},{"@type":"BreadcrumbList","@id":"https:\/\/turcon.es\/wp\/ruta-del-tajinaste-por-el-barranco-de-la-capellania\/#breadcrumb","itemListElement":[{"@type":"ListItem","position":1,"name":"Portada","item":"https:\/\/turcon.es\/wp\/"},{"@type":"ListItem","position":2,"name":"Ruta del tajinaste, por el Barranco de la Capellan\u00eda"}]},{"@type":"WebSite","@id":"https:\/\/turcon.es\/wp\/#website","url":"https:\/\/turcon.es\/wp\/","name":"Colectivo Ecologista Turcon","description":"","publisher":{"@id":"https:\/\/turcon.es\/wp\/#organization"},"potentialAction":[{"@type":"SearchAction","target":{"@type":"EntryPoint","urlTemplate":"https:\/\/turcon.es\/wp\/?s={search_term_string}"},"query-input":{"@type":"PropertyValueSpecification","valueRequired":true,"valueName":"search_term_string"}}],"inLanguage":"es"},{"@type":"Organization","@id":"https:\/\/turcon.es\/wp\/#organization","name":"Colectivo Ecologista Turcon","url":"https:\/\/turcon.es\/wp\/","logo":{"@type":"ImageObject","inLanguage":"es","@id":"https:\/\/turcon.es\/wp\/#\/schema\/logo\/image\/","url":"https:\/\/turcon.es\/wp\/wp-content\/uploads\/2025\/03\/logo-verde.svg","contentUrl":"https:\/\/turcon.es\/wp\/wp-content\/uploads\/2025\/03\/logo-verde.svg","width":813,"height":813,"caption":"Colectivo Ecologista Turcon"},"image":{"@id":"https:\/\/turcon.es\/wp\/#\/schema\/logo\/image\/"}},{"@type":"Person","@id":"https:\/\/turcon.es\/wp\/#\/schema\/person\/a1f3ba727ce031d9da17684affe85edd","name":"Laura Fernandez","image":{"@type":"ImageObject","inLanguage":"es","@id":"https:\/\/turcon.es\/wp\/#\/schema\/person\/image\/","url":"https:\/\/secure.gravatar.com\/avatar\/360749af9549af22e54582d50231ae56e854210ae2368797ba242f445a9852e8?s=96&d=mm&r=g","contentUrl":"https:\/\/secure.gravatar.com\/avatar\/360749af9549af22e54582d50231ae56e854210ae2368797ba242f445a9852e8?s=96&d=mm&r=g","caption":"Laura Fernandez"},"url":"https:\/\/turcon.es\/wp\/author\/admturcon\/"}]}},"_links":{"self":[{"href":"https:\/\/turcon.es\/wp\/wp-json\/wp\/v2\/posts\/6235","targetHints":{"allow":["GET"]}}],"collection":[{"href":"https:\/\/turcon.es\/wp\/wp-json\/wp\/v2\/posts"}],"about":[{"href":"https:\/\/turcon.es\/wp\/wp-json\/wp\/v2\/types\/post"}],"author":[{"embeddable":true,"href":"https:\/\/turcon.es\/wp\/wp-json\/wp\/v2\/users\/2"}],"replies":[{"embeddable":true,"href":"https:\/\/turcon.es\/wp\/wp-json\/wp\/v2\/comments?post=6235"}],"version-history":[{"count":0,"href":"https:\/\/turcon.es\/wp\/wp-json\/wp\/v2\/posts\/6235\/revisions"}],"wp:attachment":[{"href":"https:\/\/turcon.es\/wp\/wp-json\/wp\/v2\/media?parent=6235"}],"wp:term":[{"taxonomy":"category","embeddable":true,"href":"https:\/\/turcon.es\/wp\/wp-json\/wp\/v2\/categories?post=6235"},{"taxonomy":"post_tag","embeddable":true,"href":"https:\/\/turcon.es\/wp\/wp-json\/wp\/v2\/tags?post=6235"}],"curies":[{"name":"wp","href":"https:\/\/api.w.org\/{rel}","templated":true}]}}