{"id":6354,"date":"2011-03-31T21:31:22","date_gmt":"2011-03-31T21:31:22","guid":{"rendered":"http:\/\/turcon.wordpress.com\/?p=6354"},"modified":"2011-03-31T21:31:22","modified_gmt":"2011-03-31T21:31:22","slug":"accion-en-red-canarias-juventud-pensamiento-critico-y-conciencia-social-2","status":"publish","type":"post","link":"https:\/\/turcon.es\/wp\/accion-en-red-canarias-juventud-pensamiento-critico-y-conciencia-social-2\/","title":{"rendered":"Acci\u00f3n en Red Canarias, juventud, pensamiento cr\u00edtico y conciencia social"},"content":{"rendered":"<p style=\"text-align:justify;\">Una semana m\u00e1s \u00a0y fiel a sus oyentes, La Selva de Doramas inicia la andadura de las ondas, en esta ocasi\u00f3n con las convocatorias de la semana y un repaso a las \u00faltimas novedades sobre Jap\u00f3n y la energ\u00eda nuclear.<\/p>\n<figure id=\"attachment_6359\" aria-describedby=\"caption-attachment-6359\" style=\"width: 234px\" class=\"wp-caption alignright\"><a href=\"http:\/\/turcon.es\/wp\/wp-content\/uploads\/2011\/03\/logocanarias.jpg\"><img decoding=\"async\" class=\"size-medium wp-image-6359\" title=\"Acci\u00f3n en Red Canarias\" src=\"http:\/\/turcon.es\/wp\/wp-content\/uploads\/2011\/03\/logocanarias.jpg?w=300\" alt=\"\" width=\"234\" height=\"53\" \/><\/a><figcaption id=\"caption-attachment-6359\" class=\"wp-caption-text\">Acci\u00f3n en Red Canarias<\/figcaption><\/figure>\n<p>Nos acompa\u00f1an en los estudios para la ocasi\u00f3n Cristina Brito y Pablo Socorro, miembros de Acci\u00f3n en Red Canarias que a lo largo del programa en una conversaci\u00f3n serena y distendida nos explicaron qu\u00e9 es, como se organiza y que pretende esta ONG.<\/p>\n<p style=\"text-align:justify;\">Ya en el primer momento nos aportan el porqu\u00e9 del acercamiento de j\u00f3venes y de c\u00f3mo canalizar sus \u00a0inquietudes en el \u00a0grupo y su propia experiencia como j\u00f3venes \u00a0de llegada al mismo y de identificaci\u00f3n con la forma de actuar del colectivo.<\/p>\n<figure id=\"attachment_6355\" aria-describedby=\"caption-attachment-6355\" style=\"width: 216px\" class=\"wp-caption alignleft\"><a href=\"http:\/\/turcon.es\/wp\/wp-content\/uploads\/2011\/03\/cristina-pablo.jpg\"><img decoding=\"async\" class=\"size-medium wp-image-6355\" title=\"Cristina y Pablo\" src=\"http:\/\/turcon.es\/wp\/wp-content\/uploads\/2011\/03\/cristina-pablo.jpg?w=300\" alt=\"\" width=\"216\" height=\"162\" \/><\/a><figcaption id=\"caption-attachment-6355\" class=\"wp-caption-text\">Cristina Brito y Pablo Socorro en un momento del programa<\/figcaption><\/figure>\n<p style=\"text-align:justify;\">Acci\u00f3n en Red es una ONG canaria, de car\u00e1cter multitem\u00e1tico. A las personas que forman parte les une un fuerte impulso \u00e9tico y moral, una aspiraci\u00f3n compartida dirigida a contribuir en un cambio profundo de la sociedad, est\u00e1n federados \u00a0a nivel estatal \u00a0y a su vez forman parte de la federaci\u00f3n Ben Magec Ecologistas en Acci\u00f3n. Los or\u00edgenes de la misma est\u00e1n en Canarias Alternativa y tienen un amplio componente de movimiento estudiantil y sociopol\u00edtico. En estos momentos lo componen 68 socios y solo est\u00e1n implantados en Gran Canaria.<\/p>\n<p style=\"text-align:justify;\">Tienen distintos espacios de voluntariado: derechos humanos, por los buenos tratos, solidaridad y ciudadan\u00eda, inmigraci\u00f3n, etc. Y como de seguro ver\u00e1n al escuchar el programa son j\u00f3venes y audaces. <em>Por los \u00a0buenos tratos<\/em> nace en el 2005 y se convirti\u00f3 en un programa de prevenci\u00f3n de la violencia de g\u00e9nero y resoluci\u00f3n de conflictos.<\/p>\n<p style=\"text-align:justify;\">Es un grupo \u00a0que, como j\u00f3venes, tienen un dominio de las nuevas tecnolog\u00edas y las redes sociales envidiable y lo usan ampliamente para difundir sus mensajes y campa\u00f1as que siempre suelen ser\u00a0 impactantes y coloristas.<\/p>\n<p style=\"text-align:justify;\">Ya en las reflexiones finales comentarles que tienen un espacio web <a href=\"http:\/\/www.pensamientocritico.org\/\">www.pensamientocritico.org<\/a> que ellos definen como un lugar de debate constante y de reflexi\u00f3n sobre el cambio social.<\/p>\n<p style=\"text-align:justify;\">Para concluir donde encontrar a Acci\u00f3n en Red Canarias, en la web <a href=\"http:\/\/www.accionenredcanarias.org\/\">www.accionenredcanarias.org<\/a> , \u00a0en facebook \u00a0\u00a0<a href=\"http:\/\/es-la.facebook.com\/people\/Accionenred-Canarias\/1452256884\">http:\/\/es-la.facebook.com\/people\/Accionenred-Canarias\/1452256884<\/a> o bien en \u00a0Paseo de Chil n\u00ba 3 bajo en Las Palmas de Gran Canaria, CP 35014. Tel\u00e9fono es \u00a0928 382485 y el fax 928 363090. Para contactar por e-mail \u00a0<a href=\"mailto:accionenred@accionenredcanarias.org\">accionenred@accionenredcanarias.org<\/a><\/p>\n<p><span style=\"color:#ff0000;\"><strong>Un programa para estar bien informado y que no debes dejar de escuchar, pulsa en el enlace.<\/strong><\/span><\/p>\n\n<p><span style=\"color:#ff0000;\"><strong>Si por el contrario deseas escuchar otros programas emitidos haz clic sobre este icono<\/strong><\/span><\/p>\n<p style=\"text-align:center;\"><a href=\"http:\/\/www.ivoox.com\/la-selva-de-doramas_sb.html?sb=la+selva+de+doramas\"><img decoding=\"async\" class=\"aligncenter\" title=\"Laselvadedoramasivoox1\" src=\"http:\/\/turcon.es\/wp\/wp-content\/uploads\/2010\/01\/laselvadedoramasivoox1.png?w=68&amp;h=94&amp;h=94\" alt=\"\" width=\"68\" height=\"94\" \/><\/a>Ya   saben que podr\u00e1n escuchar el programa los mi\u00e9rcoles a las 20:00 horas,   jueves a las 7:00 horas y s\u00e1bados a las 10:00 horas\u00a0 en <strong>RTV Cibelio<\/strong>, en el <strong>89.2 FM <\/strong>del dial para el Este y Sureste de Gran Canaria. Posteriormente nos podr\u00e1n escuchar en <a href=\"http:\/\/www.turcon.org\/\">www.turcon.org<\/a> o en <a title=\"http:\/\/www.ivoox.com\/podcast-selva-doramas_sq_f11820_1.html\" href=\"http:\/\/www.ivoox.com\/podcast-selva-doramas_sq_f11820_1.html\">http:\/\/www.ivoox.com\/podcast-selva-doramas_sq_f11820_1.html<\/a><\/p>\n","protected":false},"excerpt":{"rendered":"<p>Una semana m\u00e1s \u00a0y fiel a sus oyentes, La Selva de Doramas inicia la andadura de las ondas, en esta ocasi\u00f3n con las convocatorias de la semana y un repaso a las \u00faltimas novedades sobre Jap\u00f3n y la energ\u00eda nuclear. Nos acompa\u00f1an en los estudios para la ocasi\u00f3n Cristina Brito y Pablo Socorro, miembros de [&hellip;]<\/p>\n","protected":false},"author":2,"featured_media":0,"comment_status":"open","ping_status":"open","sticky":false,"template":"","format":"standard","meta":{"footnotes":""},"categories":[18,22,69,51],"tags":[90,983],"class_list":["post-6354","post","type-post","status-publish","format-standard","hentry","category-canarias","category-concienciacion","category-movimiento-ciudadano","category-radio-la-selva-de-doramas","tag-accion-en-red-canarias","tag-juventud"],"yoast_head":"<!-- This site is optimized with the Yoast SEO plugin v26.3 - https:\/\/yoast.com\/wordpress\/plugins\/seo\/ -->\n<title>Acci\u00f3n en Red Canarias, juventud, pensamiento cr\u00edtico y conciencia social - Colectivo Ecologista Turcon<\/title>\n<meta name=\"robots\" content=\"index, follow, max-snippet:-1, max-image-preview:large, max-video-preview:-1\" \/>\n<link rel=\"canonical\" href=\"https:\/\/turcon.es\/wp\/accion-en-red-canarias-juventud-pensamiento-critico-y-conciencia-social-2\/\" \/>\n<meta property=\"og:locale\" content=\"es_ES\" \/>\n<meta property=\"og:type\" content=\"article\" \/>\n<meta property=\"og:title\" content=\"Acci\u00f3n en Red Canarias, juventud, pensamiento cr\u00edtico y conciencia social - Colectivo Ecologista Turcon\" \/>\n<meta property=\"og:description\" content=\"Una semana m\u00e1s \u00a0y fiel a sus oyentes, La Selva de Doramas inicia la andadura de las ondas, en esta ocasi\u00f3n con las convocatorias de la semana y un repaso a las \u00faltimas novedades sobre Jap\u00f3n y la energ\u00eda nuclear. Nos acompa\u00f1an en los estudios para la ocasi\u00f3n Cristina Brito y Pablo Socorro, miembros de [&hellip;]\" \/>\n<meta property=\"og:url\" content=\"https:\/\/turcon.es\/wp\/accion-en-red-canarias-juventud-pensamiento-critico-y-conciencia-social-2\/\" \/>\n<meta property=\"og:site_name\" content=\"Colectivo Ecologista Turcon\" \/>\n<meta property=\"article:published_time\" content=\"2011-03-31T21:31:22+00:00\" \/>\n<meta property=\"og:image\" content=\"https:\/\/turcon.es\/wp\/wp-content\/uploads\/2011\/03\/logocanarias-1.jpg\" \/>\n\t<meta property=\"og:image:width\" content=\"660\" \/>\n\t<meta property=\"og:image:height\" content=\"151\" \/>\n\t<meta property=\"og:image:type\" content=\"image\/jpeg\" \/>\n<meta name=\"author\" content=\"Laura Fernandez\" \/>\n<meta name=\"twitter:card\" content=\"summary_large_image\" \/>\n<meta name=\"twitter:label1\" content=\"Escrito por\" \/>\n\t<meta name=\"twitter:data1\" content=\"Laura Fernandez\" \/>\n\t<meta name=\"twitter:label2\" content=\"Tiempo de lectura\" \/>\n\t<meta name=\"twitter:data2\" content=\"3 minutos\" \/>\n<script type=\"application\/ld+json\" class=\"yoast-schema-graph\">{\"@context\":\"https:\/\/schema.org\",\"@graph\":[{\"@type\":\"Article\",\"@id\":\"https:\/\/turcon.es\/wp\/accion-en-red-canarias-juventud-pensamiento-critico-y-conciencia-social-2\/#article\",\"isPartOf\":{\"@id\":\"https:\/\/turcon.es\/wp\/accion-en-red-canarias-juventud-pensamiento-critico-y-conciencia-social-2\/\"},\"author\":{\"name\":\"Laura Fernandez\",\"@id\":\"https:\/\/turcon.es\/wp\/#\/schema\/person\/a1f3ba727ce031d9da17684affe85edd\"},\"headline\":\"Acci\u00f3n en Red Canarias, juventud, pensamiento cr\u00edtico y conciencia social\",\"datePublished\":\"2011-03-31T21:31:22+00:00\",\"mainEntityOfPage\":{\"@id\":\"https:\/\/turcon.es\/wp\/accion-en-red-canarias-juventud-pensamiento-critico-y-conciencia-social-2\/\"},\"wordCount\":558,\"commentCount\":0,\"publisher\":{\"@id\":\"https:\/\/turcon.es\/wp\/#organization\"},\"image\":{\"@id\":\"https:\/\/turcon.es\/wp\/accion-en-red-canarias-juventud-pensamiento-critico-y-conciencia-social-2\/#primaryimage\"},\"thumbnailUrl\":\"http:\/\/turcon.es\/wp\/wp-content\/uploads\/2011\/03\/logocanarias.jpg?w=300\",\"keywords\":[\"Acci\u00f3n en Red Canarias\",\"Juventud\"],\"articleSection\":[\"Canarias\",\"Concienciaci\u00f3n\",\"Movimiento ciudadano\",\"Radio La selva de Doramas\"],\"inLanguage\":\"es\",\"potentialAction\":[{\"@type\":\"CommentAction\",\"name\":\"Comment\",\"target\":[\"https:\/\/turcon.es\/wp\/accion-en-red-canarias-juventud-pensamiento-critico-y-conciencia-social-2\/#respond\"]}]},{\"@type\":\"WebPage\",\"@id\":\"https:\/\/turcon.es\/wp\/accion-en-red-canarias-juventud-pensamiento-critico-y-conciencia-social-2\/\",\"url\":\"https:\/\/turcon.es\/wp\/accion-en-red-canarias-juventud-pensamiento-critico-y-conciencia-social-2\/\",\"name\":\"Acci\u00f3n en Red Canarias, juventud, pensamiento cr\u00edtico y conciencia social - Colectivo Ecologista Turcon\",\"isPartOf\":{\"@id\":\"https:\/\/turcon.es\/wp\/#website\"},\"primaryImageOfPage\":{\"@id\":\"https:\/\/turcon.es\/wp\/accion-en-red-canarias-juventud-pensamiento-critico-y-conciencia-social-2\/#primaryimage\"},\"image\":{\"@id\":\"https:\/\/turcon.es\/wp\/accion-en-red-canarias-juventud-pensamiento-critico-y-conciencia-social-2\/#primaryimage\"},\"thumbnailUrl\":\"http:\/\/turcon.es\/wp\/wp-content\/uploads\/2011\/03\/logocanarias.jpg?w=300\",\"datePublished\":\"2011-03-31T21:31:22+00:00\",\"breadcrumb\":{\"@id\":\"https:\/\/turcon.es\/wp\/accion-en-red-canarias-juventud-pensamiento-critico-y-conciencia-social-2\/#breadcrumb\"},\"inLanguage\":\"es\",\"potentialAction\":[{\"@type\":\"ReadAction\",\"target\":[\"https:\/\/turcon.es\/wp\/accion-en-red-canarias-juventud-pensamiento-critico-y-conciencia-social-2\/\"]}]},{\"@type\":\"ImageObject\",\"inLanguage\":\"es\",\"@id\":\"https:\/\/turcon.es\/wp\/accion-en-red-canarias-juventud-pensamiento-critico-y-conciencia-social-2\/#primaryimage\",\"url\":\"http:\/\/turcon.es\/wp\/wp-content\/uploads\/2011\/03\/logocanarias.jpg?w=300\",\"contentUrl\":\"http:\/\/turcon.es\/wp\/wp-content\/uploads\/2011\/03\/logocanarias.jpg?w=300\"},{\"@type\":\"BreadcrumbList\",\"@id\":\"https:\/\/turcon.es\/wp\/accion-en-red-canarias-juventud-pensamiento-critico-y-conciencia-social-2\/#breadcrumb\",\"itemListElement\":[{\"@type\":\"ListItem\",\"position\":1,\"name\":\"Portada\",\"item\":\"https:\/\/turcon.es\/wp\/\"},{\"@type\":\"ListItem\",\"position\":2,\"name\":\"Acci\u00f3n en Red Canarias, juventud, pensamiento cr\u00edtico y conciencia social\"}]},{\"@type\":\"WebSite\",\"@id\":\"https:\/\/turcon.es\/wp\/#website\",\"url\":\"https:\/\/turcon.es\/wp\/\",\"name\":\"Colectivo Ecologista Turcon\",\"description\":\"\",\"publisher\":{\"@id\":\"https:\/\/turcon.es\/wp\/#organization\"},\"potentialAction\":[{\"@type\":\"SearchAction\",\"target\":{\"@type\":\"EntryPoint\",\"urlTemplate\":\"https:\/\/turcon.es\/wp\/?s={search_term_string}\"},\"query-input\":{\"@type\":\"PropertyValueSpecification\",\"valueRequired\":true,\"valueName\":\"search_term_string\"}}],\"inLanguage\":\"es\"},{\"@type\":\"Organization\",\"@id\":\"https:\/\/turcon.es\/wp\/#organization\",\"name\":\"Colectivo Ecologista Turcon\",\"url\":\"https:\/\/turcon.es\/wp\/\",\"logo\":{\"@type\":\"ImageObject\",\"inLanguage\":\"es\",\"@id\":\"https:\/\/turcon.es\/wp\/#\/schema\/logo\/image\/\",\"url\":\"https:\/\/turcon.es\/wp\/wp-content\/uploads\/2025\/03\/logo-verde.svg\",\"contentUrl\":\"https:\/\/turcon.es\/wp\/wp-content\/uploads\/2025\/03\/logo-verde.svg\",\"width\":813,\"height\":813,\"caption\":\"Colectivo Ecologista Turcon\"},\"image\":{\"@id\":\"https:\/\/turcon.es\/wp\/#\/schema\/logo\/image\/\"}},{\"@type\":\"Person\",\"@id\":\"https:\/\/turcon.es\/wp\/#\/schema\/person\/a1f3ba727ce031d9da17684affe85edd\",\"name\":\"Laura Fernandez\",\"image\":{\"@type\":\"ImageObject\",\"inLanguage\":\"es\",\"@id\":\"https:\/\/turcon.es\/wp\/#\/schema\/person\/image\/\",\"url\":\"https:\/\/secure.gravatar.com\/avatar\/360749af9549af22e54582d50231ae56e854210ae2368797ba242f445a9852e8?s=96&d=mm&r=g\",\"contentUrl\":\"https:\/\/secure.gravatar.com\/avatar\/360749af9549af22e54582d50231ae56e854210ae2368797ba242f445a9852e8?s=96&d=mm&r=g\",\"caption\":\"Laura Fernandez\"},\"url\":\"https:\/\/turcon.es\/wp\/author\/admturcon\/\"}]}<\/script>\n<!-- \/ Yoast SEO plugin. -->","yoast_head_json":{"title":"Acci\u00f3n en Red Canarias, juventud, pensamiento cr\u00edtico y conciencia social - Colectivo Ecologista Turcon","robots":{"index":"index","follow":"follow","max-snippet":"max-snippet:-1","max-image-preview":"max-image-preview:large","max-video-preview":"max-video-preview:-1"},"canonical":"https:\/\/turcon.es\/wp\/accion-en-red-canarias-juventud-pensamiento-critico-y-conciencia-social-2\/","og_locale":"es_ES","og_type":"article","og_title":"Acci\u00f3n en Red Canarias, juventud, pensamiento cr\u00edtico y conciencia social - Colectivo Ecologista Turcon","og_description":"Una semana m\u00e1s \u00a0y fiel a sus oyentes, La Selva de Doramas inicia la andadura de las ondas, en esta ocasi\u00f3n con las convocatorias de la semana y un repaso a las \u00faltimas novedades sobre Jap\u00f3n y la energ\u00eda nuclear. Nos acompa\u00f1an en los estudios para la ocasi\u00f3n Cristina Brito y Pablo Socorro, miembros de [&hellip;]","og_url":"https:\/\/turcon.es\/wp\/accion-en-red-canarias-juventud-pensamiento-critico-y-conciencia-social-2\/","og_site_name":"Colectivo Ecologista Turcon","article_published_time":"2011-03-31T21:31:22+00:00","og_image":[{"width":660,"height":151,"url":"https:\/\/turcon.es\/wp\/wp-content\/uploads\/2011\/03\/logocanarias-1.jpg","type":"image\/jpeg"}],"author":"Laura Fernandez","twitter_card":"summary_large_image","twitter_misc":{"Escrito por":"Laura Fernandez","Tiempo de lectura":"3 minutos"},"schema":{"@context":"https:\/\/schema.org","@graph":[{"@type":"Article","@id":"https:\/\/turcon.es\/wp\/accion-en-red-canarias-juventud-pensamiento-critico-y-conciencia-social-2\/#article","isPartOf":{"@id":"https:\/\/turcon.es\/wp\/accion-en-red-canarias-juventud-pensamiento-critico-y-conciencia-social-2\/"},"author":{"name":"Laura Fernandez","@id":"https:\/\/turcon.es\/wp\/#\/schema\/person\/a1f3ba727ce031d9da17684affe85edd"},"headline":"Acci\u00f3n en Red Canarias, juventud, pensamiento cr\u00edtico y conciencia social","datePublished":"2011-03-31T21:31:22+00:00","mainEntityOfPage":{"@id":"https:\/\/turcon.es\/wp\/accion-en-red-canarias-juventud-pensamiento-critico-y-conciencia-social-2\/"},"wordCount":558,"commentCount":0,"publisher":{"@id":"https:\/\/turcon.es\/wp\/#organization"},"image":{"@id":"https:\/\/turcon.es\/wp\/accion-en-red-canarias-juventud-pensamiento-critico-y-conciencia-social-2\/#primaryimage"},"thumbnailUrl":"http:\/\/turcon.es\/wp\/wp-content\/uploads\/2011\/03\/logocanarias.jpg?w=300","keywords":["Acci\u00f3n en Red Canarias","Juventud"],"articleSection":["Canarias","Concienciaci\u00f3n","Movimiento ciudadano","Radio La selva de Doramas"],"inLanguage":"es","potentialAction":[{"@type":"CommentAction","name":"Comment","target":["https:\/\/turcon.es\/wp\/accion-en-red-canarias-juventud-pensamiento-critico-y-conciencia-social-2\/#respond"]}]},{"@type":"WebPage","@id":"https:\/\/turcon.es\/wp\/accion-en-red-canarias-juventud-pensamiento-critico-y-conciencia-social-2\/","url":"https:\/\/turcon.es\/wp\/accion-en-red-canarias-juventud-pensamiento-critico-y-conciencia-social-2\/","name":"Acci\u00f3n en Red Canarias, juventud, pensamiento cr\u00edtico y conciencia social - Colectivo Ecologista Turcon","isPartOf":{"@id":"https:\/\/turcon.es\/wp\/#website"},"primaryImageOfPage":{"@id":"https:\/\/turcon.es\/wp\/accion-en-red-canarias-juventud-pensamiento-critico-y-conciencia-social-2\/#primaryimage"},"image":{"@id":"https:\/\/turcon.es\/wp\/accion-en-red-canarias-juventud-pensamiento-critico-y-conciencia-social-2\/#primaryimage"},"thumbnailUrl":"http:\/\/turcon.es\/wp\/wp-content\/uploads\/2011\/03\/logocanarias.jpg?w=300","datePublished":"2011-03-31T21:31:22+00:00","breadcrumb":{"@id":"https:\/\/turcon.es\/wp\/accion-en-red-canarias-juventud-pensamiento-critico-y-conciencia-social-2\/#breadcrumb"},"inLanguage":"es","potentialAction":[{"@type":"ReadAction","target":["https:\/\/turcon.es\/wp\/accion-en-red-canarias-juventud-pensamiento-critico-y-conciencia-social-2\/"]}]},{"@type":"ImageObject","inLanguage":"es","@id":"https:\/\/turcon.es\/wp\/accion-en-red-canarias-juventud-pensamiento-critico-y-conciencia-social-2\/#primaryimage","url":"http:\/\/turcon.es\/wp\/wp-content\/uploads\/2011\/03\/logocanarias.jpg?w=300","contentUrl":"http:\/\/turcon.es\/wp\/wp-content\/uploads\/2011\/03\/logocanarias.jpg?w=300"},{"@type":"BreadcrumbList","@id":"https:\/\/turcon.es\/wp\/accion-en-red-canarias-juventud-pensamiento-critico-y-conciencia-social-2\/#breadcrumb","itemListElement":[{"@type":"ListItem","position":1,"name":"Portada","item":"https:\/\/turcon.es\/wp\/"},{"@type":"ListItem","position":2,"name":"Acci\u00f3n en Red Canarias, juventud, pensamiento cr\u00edtico y conciencia social"}]},{"@type":"WebSite","@id":"https:\/\/turcon.es\/wp\/#website","url":"https:\/\/turcon.es\/wp\/","name":"Colectivo Ecologista Turcon","description":"","publisher":{"@id":"https:\/\/turcon.es\/wp\/#organization"},"potentialAction":[{"@type":"SearchAction","target":{"@type":"EntryPoint","urlTemplate":"https:\/\/turcon.es\/wp\/?s={search_term_string}"},"query-input":{"@type":"PropertyValueSpecification","valueRequired":true,"valueName":"search_term_string"}}],"inLanguage":"es"},{"@type":"Organization","@id":"https:\/\/turcon.es\/wp\/#organization","name":"Colectivo Ecologista Turcon","url":"https:\/\/turcon.es\/wp\/","logo":{"@type":"ImageObject","inLanguage":"es","@id":"https:\/\/turcon.es\/wp\/#\/schema\/logo\/image\/","url":"https:\/\/turcon.es\/wp\/wp-content\/uploads\/2025\/03\/logo-verde.svg","contentUrl":"https:\/\/turcon.es\/wp\/wp-content\/uploads\/2025\/03\/logo-verde.svg","width":813,"height":813,"caption":"Colectivo Ecologista Turcon"},"image":{"@id":"https:\/\/turcon.es\/wp\/#\/schema\/logo\/image\/"}},{"@type":"Person","@id":"https:\/\/turcon.es\/wp\/#\/schema\/person\/a1f3ba727ce031d9da17684affe85edd","name":"Laura Fernandez","image":{"@type":"ImageObject","inLanguage":"es","@id":"https:\/\/turcon.es\/wp\/#\/schema\/person\/image\/","url":"https:\/\/secure.gravatar.com\/avatar\/360749af9549af22e54582d50231ae56e854210ae2368797ba242f445a9852e8?s=96&d=mm&r=g","contentUrl":"https:\/\/secure.gravatar.com\/avatar\/360749af9549af22e54582d50231ae56e854210ae2368797ba242f445a9852e8?s=96&d=mm&r=g","caption":"Laura Fernandez"},"url":"https:\/\/turcon.es\/wp\/author\/admturcon\/"}]}},"_links":{"self":[{"href":"https:\/\/turcon.es\/wp\/wp-json\/wp\/v2\/posts\/6354","targetHints":{"allow":["GET"]}}],"collection":[{"href":"https:\/\/turcon.es\/wp\/wp-json\/wp\/v2\/posts"}],"about":[{"href":"https:\/\/turcon.es\/wp\/wp-json\/wp\/v2\/types\/post"}],"author":[{"embeddable":true,"href":"https:\/\/turcon.es\/wp\/wp-json\/wp\/v2\/users\/2"}],"replies":[{"embeddable":true,"href":"https:\/\/turcon.es\/wp\/wp-json\/wp\/v2\/comments?post=6354"}],"version-history":[{"count":0,"href":"https:\/\/turcon.es\/wp\/wp-json\/wp\/v2\/posts\/6354\/revisions"}],"wp:attachment":[{"href":"https:\/\/turcon.es\/wp\/wp-json\/wp\/v2\/media?parent=6354"}],"wp:term":[{"taxonomy":"category","embeddable":true,"href":"https:\/\/turcon.es\/wp\/wp-json\/wp\/v2\/categories?post=6354"},{"taxonomy":"post_tag","embeddable":true,"href":"https:\/\/turcon.es\/wp\/wp-json\/wp\/v2\/tags?post=6354"}],"curies":[{"name":"wp","href":"https:\/\/api.w.org\/{rel}","templated":true}]}}