{"id":6748,"date":"2011-06-25T23:02:27","date_gmt":"2011-06-25T23:02:27","guid":{"rendered":"http:\/\/turcon.wordpress.com\/?p=6748"},"modified":"2011-06-25T23:02:27","modified_gmt":"2011-06-25T23:02:27","slug":"turcon-y-ben-magec-ecologistas-en-accion-apoyan-al-alcalde-de-ingenio-y-aguimes-en-su-rechazo-a-la-tercera-pista-del-aeropuerto","status":"publish","type":"post","link":"https:\/\/turcon.es\/wp\/turcon-y-ben-magec-ecologistas-en-accion-apoyan-al-alcalde-de-ingenio-y-aguimes-en-su-rechazo-a-la-tercera-pista-del-aeropuerto\/","title":{"rendered":"Turc\u00f3n y Ben Magec apoyan al alcalde de Ingenio y Ag\u00fcimes en su rechazo a la tercera pista del aeropuerto"},"content":{"rendered":"<p style=\"text-align:justify;\"><a href=\"http:\/\/turcon.es\/wp\/wp-content\/uploads\/2011\/06\/comunicado.jpg\"><img decoding=\"async\" class=\"aligncenter size-full wp-image-6749\" title=\"comunicado\" src=\"http:\/\/turcon.es\/wp\/wp-content\/uploads\/2011\/06\/comunicado.jpg\" alt=\"\" width=\"477\" height=\"102\" \/><\/a><strong><\/strong><\/p>\n<p style=\"text-align:justify;\"><strong>Turc\u00f3n y Ben Magec-Ecologistas en Acci\u00f3n apoyan al alcalde de Ingenio en su rechazo a la tercera pista del aeropuerto y alertan sobre las consecuencias desastrosas que producir\u00e1 en el entorno.<\/strong><\/p>\n<h3 style=\"text-align:justify;\"><em>Esta infraestructura, adem\u00e1s de innecesaria para el desarrollo de Gran Canaria, afectar\u00e1 negativamente a municipios y particulares. <\/em><\/h3>\n<blockquote>\n<h5 style=\"text-align:center;\">M\u00e1s informaci\u00f3n en documento extenso. Pulsa sobre el enlace\u00a0 <a href=\"ftp:\/\/descargas:repositorio@193.145.155.98\/Tercerapistaanexo.doc\">ftp:\/\/descargas:repositorio@193.145.155.98\/Tercerapistaanexo.doc<\/a><\/h5>\n<\/blockquote>\n<p style=\"text-align:justify;\">Turc\u00f3n y Ben Magec Ecologistas en Acci\u00f3n alertan sobre las consecuencias desastrosas que producir\u00e1 en el entorno la construcci\u00f3n de una tercera pista en el aeropuerto de Gran Canaria, una infraestructura que consideran innecesaria, y en este sentido apoyan al alcalde del municipio de Ingenio en las recientes manifestaciones de rechazo de esta construcci\u00f3n y las acertadas declaraciones del tambi\u00e9n alcalde de Ag\u00fcimes.<\/p>\n<p style=\"text-align:justify;\">\u00a0Los ecologistas consideran que\u00a0 adem\u00e1s de las repercusiones negativas sobre las personas a las que se expropiar\u00e1 y sobre aquellas que sufrir\u00e1n la contaminaci\u00f3n ac\u00fastica,\u00a0 los municipios afectados hipotecar\u00e1n su futuro, ya que por cuesti\u00f3n de servidumbres aeron\u00e1uticas, ver\u00edan coartado el dise\u00f1o de planeamientos urban\u00edsticos y de desarrollo del aprovechamiento de las energ\u00edas renovables, entre otros aspectos.<\/p>\n<p style=\"text-align:justify;\">En este sentido,\u00a0 tanto Turc\u00f3n como la federaci\u00f3n Ben Magec, creen que la poblaci\u00f3n grancanaria afectada no ha sido informada sobre todas las repercusiones que sobre la salud humana tendr\u00e1 esta infraestructura. Adem\u00e1s,\u00a0 esta obra, junto con el Parque Aeroportuario y la Variante Aeroportuaria, generar\u00e1n importantes impactos en el Bien de Inter\u00e9s Cultural del Barranco de Silva, graves \u201cdeseconom\u00edas\u201d en el pol\u00edgono industrial del Goro, destrucci\u00f3n de suelo e infraestructuras agr\u00edcolas en la zona de El Cardonal, as\u00ed como el \u00e9xodo de ganaderos por p\u00e9rdida de sus instalaciones \u00a0y zonas de pastoreo, \u00a0entre otras cuestiones. Ello sin contar que al desviar la GC-1 hacia el interior se comenzar\u00eda a plantear de nuevo la Tangencial de Telde con el enorme impacto medioambiental y social que ello conllevar\u00eda sobre este municipio.<\/p>\n<p style=\"text-align:justify;\">Pero esto no es todo, la tercera pista es innecesaria, como pone de manifiesto el Plan Director del 2001 para la comarca, en el que se hacen estimaciones sobre la evoluci\u00f3n del n\u00famero de\u00a0 operaciones y pasajeros hasta el 2015, que se consideraba como el a\u00f1o en el que se saturarian las infraestructuras existentes.<\/p>\n<p style=\"text-align:justify;\">\u00a0Diez a\u00f1os despu\u00e9s de la publicaci\u00f3n del Plan se puede apreciar claramente que existe una gran diferencia entre lo que se estimaba como previsible y lo que realmente ha acontecido. En el 2010 se ten\u00eda una desviaci\u00f3n de un -31,70% con respecto al n\u00famero de pasajeros previstos, se esperaban 13,88 millones y se cerr\u00f3 el a\u00f1o con 9,48 millones. Es m\u00e1s, en ning\u00fan a\u00f1o se ha llegado a cumplir lo previsto y a\u00f1o a a\u00f1o las diferencias que se han dado han sido cada vez mayores. Actualmente se estima que aeropuerto de Gran Canaria est\u00e1 trabajando a poco m\u00e1s de la mitad de su capacidad operativa con las dos pistas existentes. En definitiva se est\u00e1 hablando de enterrar m\u00e1s de 1.000.000.000 \u20ac de dinero p\u00fablico en un capricho sin sentido.<\/p>\n<p style=\"text-align:justify;\" align=\"center\">Saludos cordiales.<\/p>\n","protected":false},"excerpt":{"rendered":"<p>Turc\u00f3n y Ben Magec-Ecologistas en Acci\u00f3n apoyan al alcalde de Ingenio en su rechazo a la tercera pista del aeropuerto y alertan sobre las consecuencias desastrosas que producir\u00e1 en el entorno. Esta infraestructura, adem\u00e1s de innecesaria para el desarrollo de Gran Canaria, afectar\u00e1 negativamente a municipios y particulares. M\u00e1s informaci\u00f3n en documento extenso. Pulsa sobre [&hellip;]<\/p>\n","protected":false},"author":2,"featured_media":0,"comment_status":"open","ping_status":"open","sticky":false,"template":"","format":"standard","meta":{"footnotes":""},"categories":[8,40,41,43,69,46,63],"tags":[438,1223,1629],"class_list":["post-6748","post","type-post","status-publish","format-standard","hentry","category-administracion-publica","category-gobierno","category-gran-canaria","category-infraestructuras","category-movimiento-ciudadano","category-notas-de-prensa-de-turcon","category-transporte","tag-comunicado-conjunto","tag-oposicion-ayuntamientos","tag-tercera-pista"],"yoast_head":"<!-- This site is optimized with the Yoast SEO plugin v26.3 - https:\/\/yoast.com\/wordpress\/plugins\/seo\/ -->\n<title>Turc\u00f3n y Ben Magec apoyan al alcalde de Ingenio y Ag\u00fcimes en su rechazo a la tercera pista del aeropuerto - Colectivo Ecologista Turcon<\/title>\n<meta name=\"robots\" content=\"index, follow, max-snippet:-1, max-image-preview:large, max-video-preview:-1\" \/>\n<link rel=\"canonical\" href=\"https:\/\/turcon.es\/wp\/turcon-y-ben-magec-ecologistas-en-accion-apoyan-al-alcalde-de-ingenio-y-aguimes-en-su-rechazo-a-la-tercera-pista-del-aeropuerto\/\" \/>\n<meta property=\"og:locale\" content=\"es_ES\" \/>\n<meta property=\"og:type\" content=\"article\" \/>\n<meta property=\"og:title\" content=\"Turc\u00f3n y Ben Magec apoyan al alcalde de Ingenio y Ag\u00fcimes en su rechazo a la tercera pista del aeropuerto - Colectivo Ecologista Turcon\" \/>\n<meta property=\"og:description\" content=\"Turc\u00f3n y Ben Magec-Ecologistas en Acci\u00f3n apoyan al alcalde de Ingenio en su rechazo a la tercera pista del aeropuerto y alertan sobre las consecuencias desastrosas que producir\u00e1 en el entorno. Esta infraestructura, adem\u00e1s de innecesaria para el desarrollo de Gran Canaria, afectar\u00e1 negativamente a municipios y particulares. M\u00e1s informaci\u00f3n en documento extenso. Pulsa sobre [&hellip;]\" \/>\n<meta property=\"og:url\" content=\"https:\/\/turcon.es\/wp\/turcon-y-ben-magec-ecologistas-en-accion-apoyan-al-alcalde-de-ingenio-y-aguimes-en-su-rechazo-a-la-tercera-pista-del-aeropuerto\/\" \/>\n<meta property=\"og:site_name\" content=\"Colectivo Ecologista Turcon\" \/>\n<meta property=\"article:published_time\" content=\"2011-06-25T23:02:27+00:00\" \/>\n<meta property=\"og:image\" content=\"https:\/\/turcon.es\/wp\/wp-content\/uploads\/2011\/06\/comunicado-1.jpg\" \/>\n\t<meta property=\"og:image:width\" content=\"676\" \/>\n\t<meta property=\"og:image:height\" content=\"147\" \/>\n\t<meta property=\"og:image:type\" content=\"image\/jpeg\" \/>\n<meta name=\"author\" content=\"Laura Fernandez\" \/>\n<meta name=\"twitter:card\" content=\"summary_large_image\" \/>\n<meta name=\"twitter:label1\" content=\"Escrito por\" \/>\n\t<meta name=\"twitter:data1\" content=\"Laura Fernandez\" \/>\n\t<meta name=\"twitter:label2\" content=\"Tiempo de lectura\" \/>\n\t<meta name=\"twitter:data2\" content=\"3 minutos\" \/>\n<script type=\"application\/ld+json\" class=\"yoast-schema-graph\">{\"@context\":\"https:\/\/schema.org\",\"@graph\":[{\"@type\":\"Article\",\"@id\":\"https:\/\/turcon.es\/wp\/turcon-y-ben-magec-ecologistas-en-accion-apoyan-al-alcalde-de-ingenio-y-aguimes-en-su-rechazo-a-la-tercera-pista-del-aeropuerto\/#article\",\"isPartOf\":{\"@id\":\"https:\/\/turcon.es\/wp\/turcon-y-ben-magec-ecologistas-en-accion-apoyan-al-alcalde-de-ingenio-y-aguimes-en-su-rechazo-a-la-tercera-pista-del-aeropuerto\/\"},\"author\":{\"name\":\"Laura Fernandez\",\"@id\":\"https:\/\/turcon.es\/wp\/#\/schema\/person\/a1f3ba727ce031d9da17684affe85edd\"},\"headline\":\"Turc\u00f3n y Ben Magec apoyan al alcalde de Ingenio y Ag\u00fcimes en su rechazo a la tercera pista del aeropuerto\",\"datePublished\":\"2011-06-25T23:02:27+00:00\",\"mainEntityOfPage\":{\"@id\":\"https:\/\/turcon.es\/wp\/turcon-y-ben-magec-ecologistas-en-accion-apoyan-al-alcalde-de-ingenio-y-aguimes-en-su-rechazo-a-la-tercera-pista-del-aeropuerto\/\"},\"wordCount\":565,\"commentCount\":0,\"publisher\":{\"@id\":\"https:\/\/turcon.es\/wp\/#organization\"},\"image\":{\"@id\":\"https:\/\/turcon.es\/wp\/turcon-y-ben-magec-ecologistas-en-accion-apoyan-al-alcalde-de-ingenio-y-aguimes-en-su-rechazo-a-la-tercera-pista-del-aeropuerto\/#primaryimage\"},\"thumbnailUrl\":\"http:\/\/turcon.es\/wp\/wp-content\/uploads\/2011\/06\/comunicado.jpg\",\"keywords\":[\"Comunicado conjunto\",\"Oposici\u00f3n ayuntamientos\",\"Tercera pista\"],\"articleSection\":[\"Administraci\u00f3n p\u00fablica\",\"Gobierno\",\"Gran Canaria\",\"Infraestructuras\",\"Movimiento ciudadano\",\"Notas de prensa de Turc\u00f3n\",\"Transporte\"],\"inLanguage\":\"es\",\"potentialAction\":[{\"@type\":\"CommentAction\",\"name\":\"Comment\",\"target\":[\"https:\/\/turcon.es\/wp\/turcon-y-ben-magec-ecologistas-en-accion-apoyan-al-alcalde-de-ingenio-y-aguimes-en-su-rechazo-a-la-tercera-pista-del-aeropuerto\/#respond\"]}]},{\"@type\":\"WebPage\",\"@id\":\"https:\/\/turcon.es\/wp\/turcon-y-ben-magec-ecologistas-en-accion-apoyan-al-alcalde-de-ingenio-y-aguimes-en-su-rechazo-a-la-tercera-pista-del-aeropuerto\/\",\"url\":\"https:\/\/turcon.es\/wp\/turcon-y-ben-magec-ecologistas-en-accion-apoyan-al-alcalde-de-ingenio-y-aguimes-en-su-rechazo-a-la-tercera-pista-del-aeropuerto\/\",\"name\":\"Turc\u00f3n y Ben Magec apoyan al alcalde de Ingenio y Ag\u00fcimes en su rechazo a la tercera pista del aeropuerto - Colectivo Ecologista Turcon\",\"isPartOf\":{\"@id\":\"https:\/\/turcon.es\/wp\/#website\"},\"primaryImageOfPage\":{\"@id\":\"https:\/\/turcon.es\/wp\/turcon-y-ben-magec-ecologistas-en-accion-apoyan-al-alcalde-de-ingenio-y-aguimes-en-su-rechazo-a-la-tercera-pista-del-aeropuerto\/#primaryimage\"},\"image\":{\"@id\":\"https:\/\/turcon.es\/wp\/turcon-y-ben-magec-ecologistas-en-accion-apoyan-al-alcalde-de-ingenio-y-aguimes-en-su-rechazo-a-la-tercera-pista-del-aeropuerto\/#primaryimage\"},\"thumbnailUrl\":\"http:\/\/turcon.es\/wp\/wp-content\/uploads\/2011\/06\/comunicado.jpg\",\"datePublished\":\"2011-06-25T23:02:27+00:00\",\"breadcrumb\":{\"@id\":\"https:\/\/turcon.es\/wp\/turcon-y-ben-magec-ecologistas-en-accion-apoyan-al-alcalde-de-ingenio-y-aguimes-en-su-rechazo-a-la-tercera-pista-del-aeropuerto\/#breadcrumb\"},\"inLanguage\":\"es\",\"potentialAction\":[{\"@type\":\"ReadAction\",\"target\":[\"https:\/\/turcon.es\/wp\/turcon-y-ben-magec-ecologistas-en-accion-apoyan-al-alcalde-de-ingenio-y-aguimes-en-su-rechazo-a-la-tercera-pista-del-aeropuerto\/\"]}]},{\"@type\":\"ImageObject\",\"inLanguage\":\"es\",\"@id\":\"https:\/\/turcon.es\/wp\/turcon-y-ben-magec-ecologistas-en-accion-apoyan-al-alcalde-de-ingenio-y-aguimes-en-su-rechazo-a-la-tercera-pista-del-aeropuerto\/#primaryimage\",\"url\":\"http:\/\/turcon.es\/wp\/wp-content\/uploads\/2011\/06\/comunicado.jpg\",\"contentUrl\":\"http:\/\/turcon.es\/wp\/wp-content\/uploads\/2011\/06\/comunicado.jpg\"},{\"@type\":\"BreadcrumbList\",\"@id\":\"https:\/\/turcon.es\/wp\/turcon-y-ben-magec-ecologistas-en-accion-apoyan-al-alcalde-de-ingenio-y-aguimes-en-su-rechazo-a-la-tercera-pista-del-aeropuerto\/#breadcrumb\",\"itemListElement\":[{\"@type\":\"ListItem\",\"position\":1,\"name\":\"Portada\",\"item\":\"https:\/\/turcon.es\/wp\/\"},{\"@type\":\"ListItem\",\"position\":2,\"name\":\"Turc\u00f3n y Ben Magec apoyan al alcalde de Ingenio y Ag\u00fcimes en su rechazo a la tercera pista del aeropuerto\"}]},{\"@type\":\"WebSite\",\"@id\":\"https:\/\/turcon.es\/wp\/#website\",\"url\":\"https:\/\/turcon.es\/wp\/\",\"name\":\"Colectivo Ecologista Turcon\",\"description\":\"\",\"publisher\":{\"@id\":\"https:\/\/turcon.es\/wp\/#organization\"},\"potentialAction\":[{\"@type\":\"SearchAction\",\"target\":{\"@type\":\"EntryPoint\",\"urlTemplate\":\"https:\/\/turcon.es\/wp\/?s={search_term_string}\"},\"query-input\":{\"@type\":\"PropertyValueSpecification\",\"valueRequired\":true,\"valueName\":\"search_term_string\"}}],\"inLanguage\":\"es\"},{\"@type\":\"Organization\",\"@id\":\"https:\/\/turcon.es\/wp\/#organization\",\"name\":\"Colectivo Ecologista Turcon\",\"url\":\"https:\/\/turcon.es\/wp\/\",\"logo\":{\"@type\":\"ImageObject\",\"inLanguage\":\"es\",\"@id\":\"https:\/\/turcon.es\/wp\/#\/schema\/logo\/image\/\",\"url\":\"https:\/\/turcon.es\/wp\/wp-content\/uploads\/2025\/03\/logo-verde.svg\",\"contentUrl\":\"https:\/\/turcon.es\/wp\/wp-content\/uploads\/2025\/03\/logo-verde.svg\",\"width\":813,\"height\":813,\"caption\":\"Colectivo Ecologista Turcon\"},\"image\":{\"@id\":\"https:\/\/turcon.es\/wp\/#\/schema\/logo\/image\/\"}},{\"@type\":\"Person\",\"@id\":\"https:\/\/turcon.es\/wp\/#\/schema\/person\/a1f3ba727ce031d9da17684affe85edd\",\"name\":\"Laura Fernandez\",\"image\":{\"@type\":\"ImageObject\",\"inLanguage\":\"es\",\"@id\":\"https:\/\/turcon.es\/wp\/#\/schema\/person\/image\/\",\"url\":\"https:\/\/secure.gravatar.com\/avatar\/360749af9549af22e54582d50231ae56e854210ae2368797ba242f445a9852e8?s=96&d=mm&r=g\",\"contentUrl\":\"https:\/\/secure.gravatar.com\/avatar\/360749af9549af22e54582d50231ae56e854210ae2368797ba242f445a9852e8?s=96&d=mm&r=g\",\"caption\":\"Laura Fernandez\"},\"url\":\"https:\/\/turcon.es\/wp\/author\/admturcon\/\"}]}<\/script>\n<!-- \/ Yoast SEO plugin. -->","yoast_head_json":{"title":"Turc\u00f3n y Ben Magec apoyan al alcalde de Ingenio y Ag\u00fcimes en su rechazo a la tercera pista del aeropuerto - Colectivo Ecologista Turcon","robots":{"index":"index","follow":"follow","max-snippet":"max-snippet:-1","max-image-preview":"max-image-preview:large","max-video-preview":"max-video-preview:-1"},"canonical":"https:\/\/turcon.es\/wp\/turcon-y-ben-magec-ecologistas-en-accion-apoyan-al-alcalde-de-ingenio-y-aguimes-en-su-rechazo-a-la-tercera-pista-del-aeropuerto\/","og_locale":"es_ES","og_type":"article","og_title":"Turc\u00f3n y Ben Magec apoyan al alcalde de Ingenio y Ag\u00fcimes en su rechazo a la tercera pista del aeropuerto - Colectivo Ecologista Turcon","og_description":"Turc\u00f3n y Ben Magec-Ecologistas en Acci\u00f3n apoyan al alcalde de Ingenio en su rechazo a la tercera pista del aeropuerto y alertan sobre las consecuencias desastrosas que producir\u00e1 en el entorno. Esta infraestructura, adem\u00e1s de innecesaria para el desarrollo de Gran Canaria, afectar\u00e1 negativamente a municipios y particulares. M\u00e1s informaci\u00f3n en documento extenso. Pulsa sobre [&hellip;]","og_url":"https:\/\/turcon.es\/wp\/turcon-y-ben-magec-ecologistas-en-accion-apoyan-al-alcalde-de-ingenio-y-aguimes-en-su-rechazo-a-la-tercera-pista-del-aeropuerto\/","og_site_name":"Colectivo Ecologista Turcon","article_published_time":"2011-06-25T23:02:27+00:00","og_image":[{"width":676,"height":147,"url":"https:\/\/turcon.es\/wp\/wp-content\/uploads\/2011\/06\/comunicado-1.jpg","type":"image\/jpeg"}],"author":"Laura Fernandez","twitter_card":"summary_large_image","twitter_misc":{"Escrito por":"Laura Fernandez","Tiempo de lectura":"3 minutos"},"schema":{"@context":"https:\/\/schema.org","@graph":[{"@type":"Article","@id":"https:\/\/turcon.es\/wp\/turcon-y-ben-magec-ecologistas-en-accion-apoyan-al-alcalde-de-ingenio-y-aguimes-en-su-rechazo-a-la-tercera-pista-del-aeropuerto\/#article","isPartOf":{"@id":"https:\/\/turcon.es\/wp\/turcon-y-ben-magec-ecologistas-en-accion-apoyan-al-alcalde-de-ingenio-y-aguimes-en-su-rechazo-a-la-tercera-pista-del-aeropuerto\/"},"author":{"name":"Laura Fernandez","@id":"https:\/\/turcon.es\/wp\/#\/schema\/person\/a1f3ba727ce031d9da17684affe85edd"},"headline":"Turc\u00f3n y Ben Magec apoyan al alcalde de Ingenio y Ag\u00fcimes en su rechazo a la tercera pista del aeropuerto","datePublished":"2011-06-25T23:02:27+00:00","mainEntityOfPage":{"@id":"https:\/\/turcon.es\/wp\/turcon-y-ben-magec-ecologistas-en-accion-apoyan-al-alcalde-de-ingenio-y-aguimes-en-su-rechazo-a-la-tercera-pista-del-aeropuerto\/"},"wordCount":565,"commentCount":0,"publisher":{"@id":"https:\/\/turcon.es\/wp\/#organization"},"image":{"@id":"https:\/\/turcon.es\/wp\/turcon-y-ben-magec-ecologistas-en-accion-apoyan-al-alcalde-de-ingenio-y-aguimes-en-su-rechazo-a-la-tercera-pista-del-aeropuerto\/#primaryimage"},"thumbnailUrl":"http:\/\/turcon.es\/wp\/wp-content\/uploads\/2011\/06\/comunicado.jpg","keywords":["Comunicado conjunto","Oposici\u00f3n ayuntamientos","Tercera pista"],"articleSection":["Administraci\u00f3n p\u00fablica","Gobierno","Gran Canaria","Infraestructuras","Movimiento ciudadano","Notas de prensa de Turc\u00f3n","Transporte"],"inLanguage":"es","potentialAction":[{"@type":"CommentAction","name":"Comment","target":["https:\/\/turcon.es\/wp\/turcon-y-ben-magec-ecologistas-en-accion-apoyan-al-alcalde-de-ingenio-y-aguimes-en-su-rechazo-a-la-tercera-pista-del-aeropuerto\/#respond"]}]},{"@type":"WebPage","@id":"https:\/\/turcon.es\/wp\/turcon-y-ben-magec-ecologistas-en-accion-apoyan-al-alcalde-de-ingenio-y-aguimes-en-su-rechazo-a-la-tercera-pista-del-aeropuerto\/","url":"https:\/\/turcon.es\/wp\/turcon-y-ben-magec-ecologistas-en-accion-apoyan-al-alcalde-de-ingenio-y-aguimes-en-su-rechazo-a-la-tercera-pista-del-aeropuerto\/","name":"Turc\u00f3n y Ben Magec apoyan al alcalde de Ingenio y Ag\u00fcimes en su rechazo a la tercera pista del aeropuerto - Colectivo Ecologista Turcon","isPartOf":{"@id":"https:\/\/turcon.es\/wp\/#website"},"primaryImageOfPage":{"@id":"https:\/\/turcon.es\/wp\/turcon-y-ben-magec-ecologistas-en-accion-apoyan-al-alcalde-de-ingenio-y-aguimes-en-su-rechazo-a-la-tercera-pista-del-aeropuerto\/#primaryimage"},"image":{"@id":"https:\/\/turcon.es\/wp\/turcon-y-ben-magec-ecologistas-en-accion-apoyan-al-alcalde-de-ingenio-y-aguimes-en-su-rechazo-a-la-tercera-pista-del-aeropuerto\/#primaryimage"},"thumbnailUrl":"http:\/\/turcon.es\/wp\/wp-content\/uploads\/2011\/06\/comunicado.jpg","datePublished":"2011-06-25T23:02:27+00:00","breadcrumb":{"@id":"https:\/\/turcon.es\/wp\/turcon-y-ben-magec-ecologistas-en-accion-apoyan-al-alcalde-de-ingenio-y-aguimes-en-su-rechazo-a-la-tercera-pista-del-aeropuerto\/#breadcrumb"},"inLanguage":"es","potentialAction":[{"@type":"ReadAction","target":["https:\/\/turcon.es\/wp\/turcon-y-ben-magec-ecologistas-en-accion-apoyan-al-alcalde-de-ingenio-y-aguimes-en-su-rechazo-a-la-tercera-pista-del-aeropuerto\/"]}]},{"@type":"ImageObject","inLanguage":"es","@id":"https:\/\/turcon.es\/wp\/turcon-y-ben-magec-ecologistas-en-accion-apoyan-al-alcalde-de-ingenio-y-aguimes-en-su-rechazo-a-la-tercera-pista-del-aeropuerto\/#primaryimage","url":"http:\/\/turcon.es\/wp\/wp-content\/uploads\/2011\/06\/comunicado.jpg","contentUrl":"http:\/\/turcon.es\/wp\/wp-content\/uploads\/2011\/06\/comunicado.jpg"},{"@type":"BreadcrumbList","@id":"https:\/\/turcon.es\/wp\/turcon-y-ben-magec-ecologistas-en-accion-apoyan-al-alcalde-de-ingenio-y-aguimes-en-su-rechazo-a-la-tercera-pista-del-aeropuerto\/#breadcrumb","itemListElement":[{"@type":"ListItem","position":1,"name":"Portada","item":"https:\/\/turcon.es\/wp\/"},{"@type":"ListItem","position":2,"name":"Turc\u00f3n y Ben Magec apoyan al alcalde de Ingenio y Ag\u00fcimes en su rechazo a la tercera pista del aeropuerto"}]},{"@type":"WebSite","@id":"https:\/\/turcon.es\/wp\/#website","url":"https:\/\/turcon.es\/wp\/","name":"Colectivo Ecologista Turcon","description":"","publisher":{"@id":"https:\/\/turcon.es\/wp\/#organization"},"potentialAction":[{"@type":"SearchAction","target":{"@type":"EntryPoint","urlTemplate":"https:\/\/turcon.es\/wp\/?s={search_term_string}"},"query-input":{"@type":"PropertyValueSpecification","valueRequired":true,"valueName":"search_term_string"}}],"inLanguage":"es"},{"@type":"Organization","@id":"https:\/\/turcon.es\/wp\/#organization","name":"Colectivo Ecologista Turcon","url":"https:\/\/turcon.es\/wp\/","logo":{"@type":"ImageObject","inLanguage":"es","@id":"https:\/\/turcon.es\/wp\/#\/schema\/logo\/image\/","url":"https:\/\/turcon.es\/wp\/wp-content\/uploads\/2025\/03\/logo-verde.svg","contentUrl":"https:\/\/turcon.es\/wp\/wp-content\/uploads\/2025\/03\/logo-verde.svg","width":813,"height":813,"caption":"Colectivo Ecologista Turcon"},"image":{"@id":"https:\/\/turcon.es\/wp\/#\/schema\/logo\/image\/"}},{"@type":"Person","@id":"https:\/\/turcon.es\/wp\/#\/schema\/person\/a1f3ba727ce031d9da17684affe85edd","name":"Laura Fernandez","image":{"@type":"ImageObject","inLanguage":"es","@id":"https:\/\/turcon.es\/wp\/#\/schema\/person\/image\/","url":"https:\/\/secure.gravatar.com\/avatar\/360749af9549af22e54582d50231ae56e854210ae2368797ba242f445a9852e8?s=96&d=mm&r=g","contentUrl":"https:\/\/secure.gravatar.com\/avatar\/360749af9549af22e54582d50231ae56e854210ae2368797ba242f445a9852e8?s=96&d=mm&r=g","caption":"Laura Fernandez"},"url":"https:\/\/turcon.es\/wp\/author\/admturcon\/"}]}},"_links":{"self":[{"href":"https:\/\/turcon.es\/wp\/wp-json\/wp\/v2\/posts\/6748","targetHints":{"allow":["GET"]}}],"collection":[{"href":"https:\/\/turcon.es\/wp\/wp-json\/wp\/v2\/posts"}],"about":[{"href":"https:\/\/turcon.es\/wp\/wp-json\/wp\/v2\/types\/post"}],"author":[{"embeddable":true,"href":"https:\/\/turcon.es\/wp\/wp-json\/wp\/v2\/users\/2"}],"replies":[{"embeddable":true,"href":"https:\/\/turcon.es\/wp\/wp-json\/wp\/v2\/comments?post=6748"}],"version-history":[{"count":0,"href":"https:\/\/turcon.es\/wp\/wp-json\/wp\/v2\/posts\/6748\/revisions"}],"wp:attachment":[{"href":"https:\/\/turcon.es\/wp\/wp-json\/wp\/v2\/media?parent=6748"}],"wp:term":[{"taxonomy":"category","embeddable":true,"href":"https:\/\/turcon.es\/wp\/wp-json\/wp\/v2\/categories?post=6748"},{"taxonomy":"post_tag","embeddable":true,"href":"https:\/\/turcon.es\/wp\/wp-json\/wp\/v2\/tags?post=6748"}],"curies":[{"name":"wp","href":"https:\/\/api.w.org\/{rel}","templated":true}]}}