{"id":6991,"date":"2011-10-03T08:41:52","date_gmt":"2011-10-03T08:41:52","guid":{"rendered":"http:\/\/turcon.wordpress.com\/?p=6991"},"modified":"2011-10-03T08:41:52","modified_gmt":"2011-10-03T08:41:52","slug":"nuestros-amigos-de-las-azores-ya-estan-aqui","status":"publish","type":"post","link":"https:\/\/turcon.es\/wp\/nuestros-amigos-de-las-azores-ya-estan-aqui\/","title":{"rendered":"Nuestros amigos de las Azores ya est\u00e1n aqu\u00ed"},"content":{"rendered":"<p style=\"text-align:justify;\"><strong>Hoy visitar\u00e1n el Roque Nublo y las Dunas de Maspalomas. El martes estar\u00e1n en Telde, con un acto de recibimiento en el Ayuntamiento, y despu\u00e9s una ruta de senderismo por el barranco de Los Cern\u00edcalos.<\/strong><\/p>\n<p style=\"text-align:justify;\">Ayer domingo, fueron recibidos por el Alcalde de Teror, Juan de Dios, quien efect\u00fao un sencillo acto procolario de bienvenida en las Casas Consistoriales. En la foto el Sr. Alcalde saludando al presidente de la Asociaci\u00f3n Amigos de Las Azores, Sergio Diogo Caetano.<\/p>\n<p><a href=\"http:\/\/turcon.es\/wp\/wp-content\/uploads\/2011\/10\/img_0731-red.jpg\"><img fetchpriority=\"high\" decoding=\"async\" class=\"aligncenter size-medium wp-image-6994\" title=\"IMG_0731-red\" src=\"http:\/\/turcon.es\/wp\/wp-content\/uploads\/2011\/10\/img_0731-red.jpg?w=300\" alt=\"\" width=\"300\" height=\"225\" \/><\/a><\/p>\n<p style=\"text-align:justify;\">Asimismo, despu\u00e9s de la visita al casco hist\u00f3rico de la Villa de Teror y su mercadillo, la expedici\u00f3n se traslad\u00f3 a la Finca de Osorio donde realizaron un tradicional almuerzo con productos t\u00edpicos de la tierra, adem\u00e1s de una ruta de senderismo\u00a0al bosque de la laurisilva de Osorio. All\u00ed pudieron\u00a0identificar varias especies que son comunes en los archipi\u00e9lagos de Azores y Canarias.<\/p>\n<p>En la foto aparece unos senderistas admirando un arbol centenario.<\/p>\n<p><a href=\"http:\/\/turcon.es\/wp\/wp-content\/uploads\/2011\/10\/img_0741-red.jpg\"><img decoding=\"async\" class=\"aligncenter size-medium wp-image-6996\" title=\"IMG_0741-red\" src=\"http:\/\/turcon.es\/wp\/wp-content\/uploads\/2011\/10\/img_0741-red.jpg?w=300\" alt=\"\" width=\"300\" height=\"225\" \/><\/a><\/p>\n","protected":false},"excerpt":{"rendered":"<p>Hoy visitar\u00e1n el Roque Nublo y las Dunas de Maspalomas. El martes estar\u00e1n en Telde, con un acto de recibimiento en el Ayuntamiento, y despu\u00e9s una ruta de senderismo por el barranco de Los Cern\u00edcalos. Ayer domingo, fueron recibidos por el Alcalde de Teror, Juan de Dios, quien efect\u00fao un sencillo acto procolario de bienvenida [&hellip;]<\/p>\n","protected":false},"author":2,"featured_media":0,"comment_status":"open","ping_status":"open","sticky":false,"template":"","format":"standard","meta":{"footnotes":""},"categories":[6,37,41,57],"tags":[],"class_list":["post-6991","post","type-post","status-publish","format-standard","hentry","category-actividades-turcon","category-espacios-naturales","category-gran-canaria","category-senderismo"],"yoast_head":"<!-- This site is optimized with the Yoast SEO plugin v26.3 - https:\/\/yoast.com\/wordpress\/plugins\/seo\/ -->\n<title>Nuestros amigos de las Azores ya est\u00e1n aqu\u00ed - Colectivo Ecologista Turcon<\/title>\n<meta name=\"robots\" content=\"index, follow, max-snippet:-1, max-image-preview:large, max-video-preview:-1\" \/>\n<link rel=\"canonical\" href=\"https:\/\/turcon.es\/wp\/nuestros-amigos-de-las-azores-ya-estan-aqui\/\" \/>\n<meta property=\"og:locale\" content=\"es_ES\" \/>\n<meta property=\"og:type\" content=\"article\" \/>\n<meta property=\"og:title\" content=\"Nuestros amigos de las Azores ya est\u00e1n aqu\u00ed - Colectivo Ecologista Turcon\" \/>\n<meta property=\"og:description\" content=\"Hoy visitar\u00e1n el Roque Nublo y las Dunas de Maspalomas. El martes estar\u00e1n en Telde, con un acto de recibimiento en el Ayuntamiento, y despu\u00e9s una ruta de senderismo por el barranco de Los Cern\u00edcalos. Ayer domingo, fueron recibidos por el Alcalde de Teror, Juan de Dios, quien efect\u00fao un sencillo acto procolario de bienvenida [&hellip;]\" \/>\n<meta property=\"og:url\" content=\"https:\/\/turcon.es\/wp\/nuestros-amigos-de-las-azores-ya-estan-aqui\/\" \/>\n<meta property=\"og:site_name\" content=\"Colectivo Ecologista Turcon\" \/>\n<meta property=\"article:published_time\" content=\"2011-10-03T08:41:52+00:00\" \/>\n<meta property=\"og:image\" content=\"https:\/\/turcon.es\/wp\/wp-content\/uploads\/2011\/10\/img_0731-red-1.jpg\" \/>\n\t<meta property=\"og:image:width\" content=\"400\" \/>\n\t<meta property=\"og:image:height\" content=\"300\" \/>\n\t<meta property=\"og:image:type\" content=\"image\/jpeg\" \/>\n<meta name=\"author\" content=\"Laura Fernandez\" \/>\n<meta name=\"twitter:card\" content=\"summary_large_image\" \/>\n<meta name=\"twitter:label1\" content=\"Escrito por\" \/>\n\t<meta name=\"twitter:data1\" content=\"Laura Fernandez\" \/>\n\t<meta name=\"twitter:label2\" content=\"Tiempo de lectura\" \/>\n\t<meta name=\"twitter:data2\" content=\"1 minuto\" \/>\n<script type=\"application\/ld+json\" class=\"yoast-schema-graph\">{\"@context\":\"https:\/\/schema.org\",\"@graph\":[{\"@type\":\"Article\",\"@id\":\"https:\/\/turcon.es\/wp\/nuestros-amigos-de-las-azores-ya-estan-aqui\/#article\",\"isPartOf\":{\"@id\":\"https:\/\/turcon.es\/wp\/nuestros-amigos-de-las-azores-ya-estan-aqui\/\"},\"author\":{\"name\":\"Laura Fernandez\",\"@id\":\"https:\/\/turcon.es\/wp\/#\/schema\/person\/a1f3ba727ce031d9da17684affe85edd\"},\"headline\":\"Nuestros amigos de las Azores ya est\u00e1n aqu\u00ed\",\"datePublished\":\"2011-10-03T08:41:52+00:00\",\"mainEntityOfPage\":{\"@id\":\"https:\/\/turcon.es\/wp\/nuestros-amigos-de-las-azores-ya-estan-aqui\/\"},\"wordCount\":173,\"commentCount\":0,\"publisher\":{\"@id\":\"https:\/\/turcon.es\/wp\/#organization\"},\"image\":{\"@id\":\"https:\/\/turcon.es\/wp\/nuestros-amigos-de-las-azores-ya-estan-aqui\/#primaryimage\"},\"thumbnailUrl\":\"http:\/\/turcon.es\/wp\/wp-content\/uploads\/2011\/10\/img_0731-red.jpg?w=300\",\"articleSection\":[\"#Actividades Turc\u00f3n#\",\"Espacios Naturales\",\"Gran Canaria\",\"Senderismo\"],\"inLanguage\":\"es\",\"potentialAction\":[{\"@type\":\"CommentAction\",\"name\":\"Comment\",\"target\":[\"https:\/\/turcon.es\/wp\/nuestros-amigos-de-las-azores-ya-estan-aqui\/#respond\"]}]},{\"@type\":\"WebPage\",\"@id\":\"https:\/\/turcon.es\/wp\/nuestros-amigos-de-las-azores-ya-estan-aqui\/\",\"url\":\"https:\/\/turcon.es\/wp\/nuestros-amigos-de-las-azores-ya-estan-aqui\/\",\"name\":\"Nuestros amigos de las Azores ya est\u00e1n aqu\u00ed - Colectivo Ecologista Turcon\",\"isPartOf\":{\"@id\":\"https:\/\/turcon.es\/wp\/#website\"},\"primaryImageOfPage\":{\"@id\":\"https:\/\/turcon.es\/wp\/nuestros-amigos-de-las-azores-ya-estan-aqui\/#primaryimage\"},\"image\":{\"@id\":\"https:\/\/turcon.es\/wp\/nuestros-amigos-de-las-azores-ya-estan-aqui\/#primaryimage\"},\"thumbnailUrl\":\"http:\/\/turcon.es\/wp\/wp-content\/uploads\/2011\/10\/img_0731-red.jpg?w=300\",\"datePublished\":\"2011-10-03T08:41:52+00:00\",\"breadcrumb\":{\"@id\":\"https:\/\/turcon.es\/wp\/nuestros-amigos-de-las-azores-ya-estan-aqui\/#breadcrumb\"},\"inLanguage\":\"es\",\"potentialAction\":[{\"@type\":\"ReadAction\",\"target\":[\"https:\/\/turcon.es\/wp\/nuestros-amigos-de-las-azores-ya-estan-aqui\/\"]}]},{\"@type\":\"ImageObject\",\"inLanguage\":\"es\",\"@id\":\"https:\/\/turcon.es\/wp\/nuestros-amigos-de-las-azores-ya-estan-aqui\/#primaryimage\",\"url\":\"http:\/\/turcon.es\/wp\/wp-content\/uploads\/2011\/10\/img_0731-red.jpg?w=300\",\"contentUrl\":\"http:\/\/turcon.es\/wp\/wp-content\/uploads\/2011\/10\/img_0731-red.jpg?w=300\"},{\"@type\":\"BreadcrumbList\",\"@id\":\"https:\/\/turcon.es\/wp\/nuestros-amigos-de-las-azores-ya-estan-aqui\/#breadcrumb\",\"itemListElement\":[{\"@type\":\"ListItem\",\"position\":1,\"name\":\"Portada\",\"item\":\"https:\/\/turcon.es\/wp\/\"},{\"@type\":\"ListItem\",\"position\":2,\"name\":\"Nuestros amigos de las Azores ya est\u00e1n aqu\u00ed\"}]},{\"@type\":\"WebSite\",\"@id\":\"https:\/\/turcon.es\/wp\/#website\",\"url\":\"https:\/\/turcon.es\/wp\/\",\"name\":\"Colectivo Ecologista Turcon\",\"description\":\"\",\"publisher\":{\"@id\":\"https:\/\/turcon.es\/wp\/#organization\"},\"potentialAction\":[{\"@type\":\"SearchAction\",\"target\":{\"@type\":\"EntryPoint\",\"urlTemplate\":\"https:\/\/turcon.es\/wp\/?s={search_term_string}\"},\"query-input\":{\"@type\":\"PropertyValueSpecification\",\"valueRequired\":true,\"valueName\":\"search_term_string\"}}],\"inLanguage\":\"es\"},{\"@type\":\"Organization\",\"@id\":\"https:\/\/turcon.es\/wp\/#organization\",\"name\":\"Colectivo Ecologista Turcon\",\"url\":\"https:\/\/turcon.es\/wp\/\",\"logo\":{\"@type\":\"ImageObject\",\"inLanguage\":\"es\",\"@id\":\"https:\/\/turcon.es\/wp\/#\/schema\/logo\/image\/\",\"url\":\"https:\/\/turcon.es\/wp\/wp-content\/uploads\/2025\/03\/logo-verde.svg\",\"contentUrl\":\"https:\/\/turcon.es\/wp\/wp-content\/uploads\/2025\/03\/logo-verde.svg\",\"width\":813,\"height\":813,\"caption\":\"Colectivo Ecologista Turcon\"},\"image\":{\"@id\":\"https:\/\/turcon.es\/wp\/#\/schema\/logo\/image\/\"}},{\"@type\":\"Person\",\"@id\":\"https:\/\/turcon.es\/wp\/#\/schema\/person\/a1f3ba727ce031d9da17684affe85edd\",\"name\":\"Laura Fernandez\",\"image\":{\"@type\":\"ImageObject\",\"inLanguage\":\"es\",\"@id\":\"https:\/\/turcon.es\/wp\/#\/schema\/person\/image\/\",\"url\":\"https:\/\/secure.gravatar.com\/avatar\/360749af9549af22e54582d50231ae56e854210ae2368797ba242f445a9852e8?s=96&d=mm&r=g\",\"contentUrl\":\"https:\/\/secure.gravatar.com\/avatar\/360749af9549af22e54582d50231ae56e854210ae2368797ba242f445a9852e8?s=96&d=mm&r=g\",\"caption\":\"Laura Fernandez\"},\"url\":\"https:\/\/turcon.es\/wp\/author\/admturcon\/\"}]}<\/script>\n<!-- \/ Yoast SEO plugin. -->","yoast_head_json":{"title":"Nuestros amigos de las Azores ya est\u00e1n aqu\u00ed - Colectivo Ecologista Turcon","robots":{"index":"index","follow":"follow","max-snippet":"max-snippet:-1","max-image-preview":"max-image-preview:large","max-video-preview":"max-video-preview:-1"},"canonical":"https:\/\/turcon.es\/wp\/nuestros-amigos-de-las-azores-ya-estan-aqui\/","og_locale":"es_ES","og_type":"article","og_title":"Nuestros amigos de las Azores ya est\u00e1n aqu\u00ed - Colectivo Ecologista Turcon","og_description":"Hoy visitar\u00e1n el Roque Nublo y las Dunas de Maspalomas. El martes estar\u00e1n en Telde, con un acto de recibimiento en el Ayuntamiento, y despu\u00e9s una ruta de senderismo por el barranco de Los Cern\u00edcalos. Ayer domingo, fueron recibidos por el Alcalde de Teror, Juan de Dios, quien efect\u00fao un sencillo acto procolario de bienvenida [&hellip;]","og_url":"https:\/\/turcon.es\/wp\/nuestros-amigos-de-las-azores-ya-estan-aqui\/","og_site_name":"Colectivo Ecologista Turcon","article_published_time":"2011-10-03T08:41:52+00:00","og_image":[{"width":400,"height":300,"url":"https:\/\/turcon.es\/wp\/wp-content\/uploads\/2011\/10\/img_0731-red-1.jpg","type":"image\/jpeg"}],"author":"Laura Fernandez","twitter_card":"summary_large_image","twitter_misc":{"Escrito por":"Laura Fernandez","Tiempo de lectura":"1 minuto"},"schema":{"@context":"https:\/\/schema.org","@graph":[{"@type":"Article","@id":"https:\/\/turcon.es\/wp\/nuestros-amigos-de-las-azores-ya-estan-aqui\/#article","isPartOf":{"@id":"https:\/\/turcon.es\/wp\/nuestros-amigos-de-las-azores-ya-estan-aqui\/"},"author":{"name":"Laura Fernandez","@id":"https:\/\/turcon.es\/wp\/#\/schema\/person\/a1f3ba727ce031d9da17684affe85edd"},"headline":"Nuestros amigos de las Azores ya est\u00e1n aqu\u00ed","datePublished":"2011-10-03T08:41:52+00:00","mainEntityOfPage":{"@id":"https:\/\/turcon.es\/wp\/nuestros-amigos-de-las-azores-ya-estan-aqui\/"},"wordCount":173,"commentCount":0,"publisher":{"@id":"https:\/\/turcon.es\/wp\/#organization"},"image":{"@id":"https:\/\/turcon.es\/wp\/nuestros-amigos-de-las-azores-ya-estan-aqui\/#primaryimage"},"thumbnailUrl":"http:\/\/turcon.es\/wp\/wp-content\/uploads\/2011\/10\/img_0731-red.jpg?w=300","articleSection":["#Actividades Turc\u00f3n#","Espacios Naturales","Gran Canaria","Senderismo"],"inLanguage":"es","potentialAction":[{"@type":"CommentAction","name":"Comment","target":["https:\/\/turcon.es\/wp\/nuestros-amigos-de-las-azores-ya-estan-aqui\/#respond"]}]},{"@type":"WebPage","@id":"https:\/\/turcon.es\/wp\/nuestros-amigos-de-las-azores-ya-estan-aqui\/","url":"https:\/\/turcon.es\/wp\/nuestros-amigos-de-las-azores-ya-estan-aqui\/","name":"Nuestros amigos de las Azores ya est\u00e1n aqu\u00ed - Colectivo Ecologista Turcon","isPartOf":{"@id":"https:\/\/turcon.es\/wp\/#website"},"primaryImageOfPage":{"@id":"https:\/\/turcon.es\/wp\/nuestros-amigos-de-las-azores-ya-estan-aqui\/#primaryimage"},"image":{"@id":"https:\/\/turcon.es\/wp\/nuestros-amigos-de-las-azores-ya-estan-aqui\/#primaryimage"},"thumbnailUrl":"http:\/\/turcon.es\/wp\/wp-content\/uploads\/2011\/10\/img_0731-red.jpg?w=300","datePublished":"2011-10-03T08:41:52+00:00","breadcrumb":{"@id":"https:\/\/turcon.es\/wp\/nuestros-amigos-de-las-azores-ya-estan-aqui\/#breadcrumb"},"inLanguage":"es","potentialAction":[{"@type":"ReadAction","target":["https:\/\/turcon.es\/wp\/nuestros-amigos-de-las-azores-ya-estan-aqui\/"]}]},{"@type":"ImageObject","inLanguage":"es","@id":"https:\/\/turcon.es\/wp\/nuestros-amigos-de-las-azores-ya-estan-aqui\/#primaryimage","url":"http:\/\/turcon.es\/wp\/wp-content\/uploads\/2011\/10\/img_0731-red.jpg?w=300","contentUrl":"http:\/\/turcon.es\/wp\/wp-content\/uploads\/2011\/10\/img_0731-red.jpg?w=300"},{"@type":"BreadcrumbList","@id":"https:\/\/turcon.es\/wp\/nuestros-amigos-de-las-azores-ya-estan-aqui\/#breadcrumb","itemListElement":[{"@type":"ListItem","position":1,"name":"Portada","item":"https:\/\/turcon.es\/wp\/"},{"@type":"ListItem","position":2,"name":"Nuestros amigos de las Azores ya est\u00e1n aqu\u00ed"}]},{"@type":"WebSite","@id":"https:\/\/turcon.es\/wp\/#website","url":"https:\/\/turcon.es\/wp\/","name":"Colectivo Ecologista Turcon","description":"","publisher":{"@id":"https:\/\/turcon.es\/wp\/#organization"},"potentialAction":[{"@type":"SearchAction","target":{"@type":"EntryPoint","urlTemplate":"https:\/\/turcon.es\/wp\/?s={search_term_string}"},"query-input":{"@type":"PropertyValueSpecification","valueRequired":true,"valueName":"search_term_string"}}],"inLanguage":"es"},{"@type":"Organization","@id":"https:\/\/turcon.es\/wp\/#organization","name":"Colectivo Ecologista Turcon","url":"https:\/\/turcon.es\/wp\/","logo":{"@type":"ImageObject","inLanguage":"es","@id":"https:\/\/turcon.es\/wp\/#\/schema\/logo\/image\/","url":"https:\/\/turcon.es\/wp\/wp-content\/uploads\/2025\/03\/logo-verde.svg","contentUrl":"https:\/\/turcon.es\/wp\/wp-content\/uploads\/2025\/03\/logo-verde.svg","width":813,"height":813,"caption":"Colectivo Ecologista Turcon"},"image":{"@id":"https:\/\/turcon.es\/wp\/#\/schema\/logo\/image\/"}},{"@type":"Person","@id":"https:\/\/turcon.es\/wp\/#\/schema\/person\/a1f3ba727ce031d9da17684affe85edd","name":"Laura Fernandez","image":{"@type":"ImageObject","inLanguage":"es","@id":"https:\/\/turcon.es\/wp\/#\/schema\/person\/image\/","url":"https:\/\/secure.gravatar.com\/avatar\/360749af9549af22e54582d50231ae56e854210ae2368797ba242f445a9852e8?s=96&d=mm&r=g","contentUrl":"https:\/\/secure.gravatar.com\/avatar\/360749af9549af22e54582d50231ae56e854210ae2368797ba242f445a9852e8?s=96&d=mm&r=g","caption":"Laura Fernandez"},"url":"https:\/\/turcon.es\/wp\/author\/admturcon\/"}]}},"_links":{"self":[{"href":"https:\/\/turcon.es\/wp\/wp-json\/wp\/v2\/posts\/6991","targetHints":{"allow":["GET"]}}],"collection":[{"href":"https:\/\/turcon.es\/wp\/wp-json\/wp\/v2\/posts"}],"about":[{"href":"https:\/\/turcon.es\/wp\/wp-json\/wp\/v2\/types\/post"}],"author":[{"embeddable":true,"href":"https:\/\/turcon.es\/wp\/wp-json\/wp\/v2\/users\/2"}],"replies":[{"embeddable":true,"href":"https:\/\/turcon.es\/wp\/wp-json\/wp\/v2\/comments?post=6991"}],"version-history":[{"count":0,"href":"https:\/\/turcon.es\/wp\/wp-json\/wp\/v2\/posts\/6991\/revisions"}],"wp:attachment":[{"href":"https:\/\/turcon.es\/wp\/wp-json\/wp\/v2\/media?parent=6991"}],"wp:term":[{"taxonomy":"category","embeddable":true,"href":"https:\/\/turcon.es\/wp\/wp-json\/wp\/v2\/categories?post=6991"},{"taxonomy":"post_tag","embeddable":true,"href":"https:\/\/turcon.es\/wp\/wp-json\/wp\/v2\/tags?post=6991"}],"curies":[{"name":"wp","href":"https:\/\/api.w.org\/{rel}","templated":true}]}}