{"id":7113,"date":"2011-10-22T08:10:34","date_gmt":"2011-10-22T08:10:34","guid":{"rendered":"http:\/\/turcon.wordpress.com\/?p=7113"},"modified":"2011-10-22T08:10:34","modified_gmt":"2011-10-22T08:10:34","slug":"turcon-presenta-alegaciones-al-plan-territorial-especial-de-residuos-de-gran-canaria","status":"publish","type":"post","link":"https:\/\/turcon.es\/wp\/turcon-presenta-alegaciones-al-plan-territorial-especial-de-residuos-de-gran-canaria\/","title":{"rendered":"TURCON PRESENTA ALEGACIONES AL PLAN TERRITORIAL ESPECIAL DE RESIDUOS DE GRAN CANARIA."},"content":{"rendered":"<p style=\"text-align:justify;\"><span style=\"color:#800000;\">No est\u00e1 de acuerdo con la filosof\u00eda que subyace detr\u00e1s del Plan, as\u00ed como con algunas determinaciones. Pide su replanteamiento y su armonizaci\u00f3n con la nueva normativa vigente.<a href=\"http:\/\/turcon.es\/wp\/wp-content\/uploads\/2011\/10\/bannerminimundi2.jpg\"><img decoding=\"async\" class=\"alignright size-medium wp-image-7114\" title=\"bannerMinimundi\" src=\"http:\/\/turcon.es\/wp\/wp-content\/uploads\/2011\/10\/bannerminimundi2.jpg?w=300\" alt=\"\" width=\"300\" height=\"101\" \/><\/a><\/span><\/p>\n<p style=\"text-align:justify;\">El Cabildo de Gran Canaria aprob\u00f3 el documento de aprobaci\u00f3n inicial y lo someti\u00f3 al periodo de informaci\u00f3n p\u00fablica mediante anuncio en el Bolet\u00edn Oficial de la Provincia el d\u00eda 13 de julio de 2011. Turc\u00f3n pidi\u00f3 una ampliaci\u00f3n del plazo que fue concedida, finalizando tal periodo, el 13 de septiembre.<\/p>\n<p style=\"text-align:justify;\">Entre los argumentos de Turc\u00f3n, destaca que \u201cel PTE de Residuos de Gran Canaria, en su propuesta de instalaci\u00f3n de una incineradora o planta de valorizaci\u00f3n en el Complejo Ambiental del Salto del Negro no respeta la jerarqu\u00eda en el tratamiento de residuos introducida por la Directiva 2008\/98\/CE del Parlamento Europeo y del Consejo, de 19 de noviembre, sobre los residuos, ni con la reciente Ley 22\/2011, de 28 de julio, de residuos y suelos contaminados (transposici\u00f3n a derecho interno de la anterior Directiva), ni\u00a0 tampoco del Plan Nacional Integrado de Residuos 2008 \u2013 2015\u201d.<!--more--><\/p>\n<p style=\"text-align:justify;\">\u00a0Turc\u00f3n dice que esta nueva \u201cLey establece es su art. 8.1 que Las administraciones competentes, en el desarrollo de las pol\u00edticas y de la legislaci\u00f3n en materia de prevenci\u00f3n y gesti\u00f3n de residuos, aplicar\u00e1n para conseguir el mejor resultado ambiental global, la jerarqu\u00eda de residuos por el siguiente orden de prioridad: a)\u00a0\u00a0\u00a0\u00a0 prevenci\u00f3n;b)\u00a0\u00a0\u00a0\u00a0 preparaci\u00f3n para la reutilizaci\u00f3n;c)\u00a0\u00a0\u00a0\u00a0\u00a0 reciclado;d)\u00a0\u00a0\u00a0\u00a0 otro tipo de valorizaci\u00f3n, incluida la valorizaci\u00f3n energ\u00e9tica; ye)\u00a0\u00a0\u00a0\u00a0 eliminaci\u00f3n Y tan s\u00f3lo permite apartarse de dicha jerarqu\u00eda, previa justificaci\u00f3n por un enfoque de ciclo de vida sobre impactos de generaci\u00f3n y gesti\u00f3n de residuos, cuando se logre conseguir un resultado medioambiental mejor y siempre teniendo en cuenta los principios generales de precauci\u00f3n y sostenibilidad en el \u00e1mbito de la protecci\u00f3n medioambiental, viabilidad t\u00e9cnica y econ\u00f3mica, protecci\u00f3n de recursos, as\u00ed como el conjunto de impactos medioambientales sobre la salud humana, econ\u00f3micos y sociales\u201d. Prosigue el Colectivo Turc\u00f3n diciendo que \u201cla nueva Ley 22\/2011, de 28 de julio, de residuos y suelos contaminados, que transpone la Directiva europea, actualiza, en consecuencia, la primera Ley de residuos 10\/1998 de nuestro pa\u00eds, tras m\u00e1s de diez a\u00f1os de aplicaci\u00f3n, y aparecen una serie de novedades, que exigen una adaptaci\u00f3n de la normativa insular y auton\u00f3mica para facilitar el cumplimiento de los objetivos de prevenci\u00f3n, reutilizaci\u00f3n y reciclaje a nivel nacional. Objetivos espec\u00edficos, por ejemplo, de preparaci\u00f3n para la reutilizaci\u00f3n, reciclado y valorizaci\u00f3n, tales como: &#8211;\u00a0\u00a0\u00a0\u00a0\u00a0\u00a0\u00a0\u00a0\u00a0\u00a0 antes de 2015 la recogida de los residuos ser\u00e1 separada seg\u00fan el tipo de material: papel, pl\u00e1stico, vidrio o metal. &#8211;\u00a0\u00a0\u00a0\u00a0\u00a0\u00a0\u00a0\u00a0\u00a0\u00a0 Antes de 2020, la cantidad de residuos dom\u00e9sticos y comerciales destinados a la preparaci\u00f3n para la reutilizaci\u00f3n y el reciclado para las fracciones de papel, metales, vidrio, pl\u00e1stico, bioresiduos u otras fracciones reciclables deber\u00e1 alcanzar, en conjunto, como m\u00ednimo el 50% en peso. &#8211;\u00a0\u00a0\u00a0\u00a0\u00a0\u00a0\u00a0\u00a0\u00a0\u00a0 Antes de 2020, la cantidad de residuos no peligrosos de construcci\u00f3n y demolici\u00f3n destinados a la preparaci\u00f3n para la reutilizaci\u00f3n, el reciclado y otra valorizaci\u00f3n de materiales, con exclusi\u00f3n de los materiales en estado natural, deber\u00e1 alcanzar como m\u00ednimo el 70% en peso de los producidos. &#8211;\u00a0\u00a0\u00a0\u00a0\u00a0\u00a0\u00a0\u00a0\u00a0\u00a0 Se prev\u00e9 un calendario de sustituci\u00f3n de bolsas comerciales de un solo uso de pl\u00e1stico no biodegradable hasta alcanzar la distribuci\u00f3n total en el 2018. A partir del a\u00f1o 2015 deber\u00e1n llevar un mensaje sobre sus efectos nocivos para el medio ambiente. Los comercios a partir del a\u00f1o 2018 no podr\u00e1n entregarlas ni mediante pago, como ocurre actualmente. &#8211;\u00a0\u00a0\u00a0\u00a0\u00a0\u00a0\u00a0\u00a0\u00a0\u00a0 Esta Ley abre la posibilidad al Sistema de Dep\u00f3sito, Devoluci\u00f3n y Retorno (SDDR) de los envases siempre que se demuestre t\u00e9cnica, econ\u00f3mica y ambientalmente viable. Un ejemplo de este sistema lo encontramos en Alemania desde 2003, as\u00ed como en los pa\u00edses escandinavos, y consiste en aplicar una peque\u00f1a y simb\u00f3lica fianza a los envases de las latas y de pl\u00e1sticos con el fin de que, una vez vac\u00edos, sean devueltos al establecimiento de compra. Cuando el usuario devuelve el envase al establecimiento, se le abona esa fianza previamente pagada. Mediante este sistema el pa\u00eds germano ha conseguido reciclar el 98,5% de sus latas y vidrios. Una aproximaci\u00f3n al SDDR la encontramos en Pamplona, con la m\u00e1quina que proporciona puntos para entradas de cine a cambio de los envases depositados en ella. Ya hay experiencias de campa\u00f1as y puntos permanentes de canje en distintos sitios del pa\u00eds. Este sistema se ha demostrado m\u00e1s eficaz desde el punto de vista ambiental y econ\u00f3mico, y asimismo, promueve la creaci\u00f3n de m\u00e1s puestos de trabajo. Entre los datos m\u00e1s significativos del diagn\u00f3stico en Gran Canaria, se hallan unas tasas de reciclaje de envases del 9,52% en peso o de papel un 6,28%, siendo en general recuperado s\u00f3lo el 5% de los residuos urbanos de la recogida municipal. Teniendo en cuenta la voluntariedad del Sistema Integrado de Gesti\u00f3n, el \u201ccontenedor amarillo\u201d, se propone la complementaci\u00f3n del sistema integrado de gesti\u00f3n de envases ligeros (contenedor amarillo) con un sistema de dep\u00f3sito y retorno\u201d. En definitiva entiende el grupo ecologista que este Plan Territorial Especial de Residuos, en fase de aprobaci\u00f3n inicial, debe retirarse y armonizarse con el nuevo esp\u00edritu reinante en la administraci\u00f3n estatal y europea.<\/p>\n","protected":false},"excerpt":{"rendered":"<p>No est\u00e1 de acuerdo con la filosof\u00eda que subyace detr\u00e1s del Plan, as\u00ed como con algunas determinaciones. Pide su replanteamiento y su armonizaci\u00f3n con la nueva normativa vigente. El Cabildo de Gran Canaria aprob\u00f3 el documento de aprobaci\u00f3n inicial y lo someti\u00f3 al periodo de informaci\u00f3n p\u00fablica mediante anuncio en el Bolet\u00edn Oficial de la [&hellip;]<\/p>\n","protected":false},"author":2,"featured_media":0,"comment_status":"open","ping_status":"open","sticky":false,"template":"","format":"standard","meta":{"footnotes":""},"categories":[6,24,41,52],"tags":[],"class_list":["post-7113","post","type-post","status-publish","format-standard","hentry","category-actividades-turcon","category-consumismo","category-gran-canaria","category-reciclaje"],"yoast_head":"<!-- This site is optimized with the Yoast SEO plugin v26.3 - https:\/\/yoast.com\/wordpress\/plugins\/seo\/ -->\n<title>TURCON PRESENTA ALEGACIONES AL PLAN TERRITORIAL ESPECIAL DE RESIDUOS DE GRAN CANARIA. - Colectivo Ecologista Turcon<\/title>\n<meta name=\"robots\" content=\"index, follow, max-snippet:-1, max-image-preview:large, max-video-preview:-1\" \/>\n<link rel=\"canonical\" href=\"https:\/\/turcon.es\/wp\/turcon-presenta-alegaciones-al-plan-territorial-especial-de-residuos-de-gran-canaria\/\" \/>\n<meta property=\"og:locale\" content=\"es_ES\" \/>\n<meta property=\"og:type\" content=\"article\" \/>\n<meta property=\"og:title\" content=\"TURCON PRESENTA ALEGACIONES AL PLAN TERRITORIAL ESPECIAL DE RESIDUOS DE GRAN CANARIA. - Colectivo Ecologista Turcon\" \/>\n<meta property=\"og:description\" content=\"No est\u00e1 de acuerdo con la filosof\u00eda que subyace detr\u00e1s del Plan, as\u00ed como con algunas determinaciones. Pide su replanteamiento y su armonizaci\u00f3n con la nueva normativa vigente. El Cabildo de Gran Canaria aprob\u00f3 el documento de aprobaci\u00f3n inicial y lo someti\u00f3 al periodo de informaci\u00f3n p\u00fablica mediante anuncio en el Bolet\u00edn Oficial de la [&hellip;]\" \/>\n<meta property=\"og:url\" content=\"https:\/\/turcon.es\/wp\/turcon-presenta-alegaciones-al-plan-territorial-especial-de-residuos-de-gran-canaria\/\" \/>\n<meta property=\"og:site_name\" content=\"Colectivo Ecologista Turcon\" \/>\n<meta property=\"article:published_time\" content=\"2011-10-22T08:10:34+00:00\" \/>\n<meta property=\"og:image\" content=\"https:\/\/turcon.es\/wp\/wp-content\/uploads\/2011\/10\/bannerminimundi2-1.jpg\" \/>\n\t<meta property=\"og:image:width\" content=\"1000\" \/>\n\t<meta property=\"og:image:height\" content=\"338\" \/>\n\t<meta property=\"og:image:type\" content=\"image\/jpeg\" \/>\n<meta name=\"author\" content=\"Laura Fernandez\" \/>\n<meta name=\"twitter:card\" content=\"summary_large_image\" \/>\n<meta name=\"twitter:label1\" content=\"Escrito por\" \/>\n\t<meta name=\"twitter:data1\" content=\"Laura Fernandez\" \/>\n\t<meta name=\"twitter:label2\" content=\"Tiempo de lectura\" \/>\n\t<meta name=\"twitter:data2\" content=\"5 minutos\" \/>\n<script type=\"application\/ld+json\" class=\"yoast-schema-graph\">{\"@context\":\"https:\/\/schema.org\",\"@graph\":[{\"@type\":\"Article\",\"@id\":\"https:\/\/turcon.es\/wp\/turcon-presenta-alegaciones-al-plan-territorial-especial-de-residuos-de-gran-canaria\/#article\",\"isPartOf\":{\"@id\":\"https:\/\/turcon.es\/wp\/turcon-presenta-alegaciones-al-plan-territorial-especial-de-residuos-de-gran-canaria\/\"},\"author\":{\"name\":\"Laura Fernandez\",\"@id\":\"https:\/\/turcon.es\/wp\/#\/schema\/person\/a1f3ba727ce031d9da17684affe85edd\"},\"headline\":\"TURCON PRESENTA ALEGACIONES AL PLAN TERRITORIAL ESPECIAL DE RESIDUOS DE GRAN CANARIA.\",\"datePublished\":\"2011-10-22T08:10:34+00:00\",\"mainEntityOfPage\":{\"@id\":\"https:\/\/turcon.es\/wp\/turcon-presenta-alegaciones-al-plan-territorial-especial-de-residuos-de-gran-canaria\/\"},\"wordCount\":946,\"commentCount\":0,\"publisher\":{\"@id\":\"https:\/\/turcon.es\/wp\/#organization\"},\"image\":{\"@id\":\"https:\/\/turcon.es\/wp\/turcon-presenta-alegaciones-al-plan-territorial-especial-de-residuos-de-gran-canaria\/#primaryimage\"},\"thumbnailUrl\":\"http:\/\/turcon.es\/wp\/wp-content\/uploads\/2011\/10\/bannerminimundi2.jpg?w=300\",\"articleSection\":[\"#Actividades Turc\u00f3n#\",\"Consumismo\",\"Gran Canaria\",\"Reciclaje\"],\"inLanguage\":\"es\",\"potentialAction\":[{\"@type\":\"CommentAction\",\"name\":\"Comment\",\"target\":[\"https:\/\/turcon.es\/wp\/turcon-presenta-alegaciones-al-plan-territorial-especial-de-residuos-de-gran-canaria\/#respond\"]}]},{\"@type\":\"WebPage\",\"@id\":\"https:\/\/turcon.es\/wp\/turcon-presenta-alegaciones-al-plan-territorial-especial-de-residuos-de-gran-canaria\/\",\"url\":\"https:\/\/turcon.es\/wp\/turcon-presenta-alegaciones-al-plan-territorial-especial-de-residuos-de-gran-canaria\/\",\"name\":\"TURCON PRESENTA ALEGACIONES AL PLAN TERRITORIAL ESPECIAL DE RESIDUOS DE GRAN CANARIA. - Colectivo Ecologista Turcon\",\"isPartOf\":{\"@id\":\"https:\/\/turcon.es\/wp\/#website\"},\"primaryImageOfPage\":{\"@id\":\"https:\/\/turcon.es\/wp\/turcon-presenta-alegaciones-al-plan-territorial-especial-de-residuos-de-gran-canaria\/#primaryimage\"},\"image\":{\"@id\":\"https:\/\/turcon.es\/wp\/turcon-presenta-alegaciones-al-plan-territorial-especial-de-residuos-de-gran-canaria\/#primaryimage\"},\"thumbnailUrl\":\"http:\/\/turcon.es\/wp\/wp-content\/uploads\/2011\/10\/bannerminimundi2.jpg?w=300\",\"datePublished\":\"2011-10-22T08:10:34+00:00\",\"breadcrumb\":{\"@id\":\"https:\/\/turcon.es\/wp\/turcon-presenta-alegaciones-al-plan-territorial-especial-de-residuos-de-gran-canaria\/#breadcrumb\"},\"inLanguage\":\"es\",\"potentialAction\":[{\"@type\":\"ReadAction\",\"target\":[\"https:\/\/turcon.es\/wp\/turcon-presenta-alegaciones-al-plan-territorial-especial-de-residuos-de-gran-canaria\/\"]}]},{\"@type\":\"ImageObject\",\"inLanguage\":\"es\",\"@id\":\"https:\/\/turcon.es\/wp\/turcon-presenta-alegaciones-al-plan-territorial-especial-de-residuos-de-gran-canaria\/#primaryimage\",\"url\":\"http:\/\/turcon.es\/wp\/wp-content\/uploads\/2011\/10\/bannerminimundi2.jpg?w=300\",\"contentUrl\":\"http:\/\/turcon.es\/wp\/wp-content\/uploads\/2011\/10\/bannerminimundi2.jpg?w=300\"},{\"@type\":\"BreadcrumbList\",\"@id\":\"https:\/\/turcon.es\/wp\/turcon-presenta-alegaciones-al-plan-territorial-especial-de-residuos-de-gran-canaria\/#breadcrumb\",\"itemListElement\":[{\"@type\":\"ListItem\",\"position\":1,\"name\":\"Portada\",\"item\":\"https:\/\/turcon.es\/wp\/\"},{\"@type\":\"ListItem\",\"position\":2,\"name\":\"TURCON PRESENTA ALEGACIONES AL PLAN TERRITORIAL ESPECIAL DE RESIDUOS DE GRAN CANARIA.\"}]},{\"@type\":\"WebSite\",\"@id\":\"https:\/\/turcon.es\/wp\/#website\",\"url\":\"https:\/\/turcon.es\/wp\/\",\"name\":\"Colectivo Ecologista Turcon\",\"description\":\"\",\"publisher\":{\"@id\":\"https:\/\/turcon.es\/wp\/#organization\"},\"potentialAction\":[{\"@type\":\"SearchAction\",\"target\":{\"@type\":\"EntryPoint\",\"urlTemplate\":\"https:\/\/turcon.es\/wp\/?s={search_term_string}\"},\"query-input\":{\"@type\":\"PropertyValueSpecification\",\"valueRequired\":true,\"valueName\":\"search_term_string\"}}],\"inLanguage\":\"es\"},{\"@type\":\"Organization\",\"@id\":\"https:\/\/turcon.es\/wp\/#organization\",\"name\":\"Colectivo Ecologista Turcon\",\"url\":\"https:\/\/turcon.es\/wp\/\",\"logo\":{\"@type\":\"ImageObject\",\"inLanguage\":\"es\",\"@id\":\"https:\/\/turcon.es\/wp\/#\/schema\/logo\/image\/\",\"url\":\"https:\/\/turcon.es\/wp\/wp-content\/uploads\/2025\/03\/logo-verde.svg\",\"contentUrl\":\"https:\/\/turcon.es\/wp\/wp-content\/uploads\/2025\/03\/logo-verde.svg\",\"width\":813,\"height\":813,\"caption\":\"Colectivo Ecologista Turcon\"},\"image\":{\"@id\":\"https:\/\/turcon.es\/wp\/#\/schema\/logo\/image\/\"}},{\"@type\":\"Person\",\"@id\":\"https:\/\/turcon.es\/wp\/#\/schema\/person\/a1f3ba727ce031d9da17684affe85edd\",\"name\":\"Laura Fernandez\",\"image\":{\"@type\":\"ImageObject\",\"inLanguage\":\"es\",\"@id\":\"https:\/\/turcon.es\/wp\/#\/schema\/person\/image\/\",\"url\":\"https:\/\/secure.gravatar.com\/avatar\/360749af9549af22e54582d50231ae56e854210ae2368797ba242f445a9852e8?s=96&d=mm&r=g\",\"contentUrl\":\"https:\/\/secure.gravatar.com\/avatar\/360749af9549af22e54582d50231ae56e854210ae2368797ba242f445a9852e8?s=96&d=mm&r=g\",\"caption\":\"Laura Fernandez\"},\"url\":\"https:\/\/turcon.es\/wp\/author\/admturcon\/\"}]}<\/script>\n<!-- \/ Yoast SEO plugin. -->","yoast_head_json":{"title":"TURCON PRESENTA ALEGACIONES AL PLAN TERRITORIAL ESPECIAL DE RESIDUOS DE GRAN CANARIA. - Colectivo Ecologista Turcon","robots":{"index":"index","follow":"follow","max-snippet":"max-snippet:-1","max-image-preview":"max-image-preview:large","max-video-preview":"max-video-preview:-1"},"canonical":"https:\/\/turcon.es\/wp\/turcon-presenta-alegaciones-al-plan-territorial-especial-de-residuos-de-gran-canaria\/","og_locale":"es_ES","og_type":"article","og_title":"TURCON PRESENTA ALEGACIONES AL PLAN TERRITORIAL ESPECIAL DE RESIDUOS DE GRAN CANARIA. - Colectivo Ecologista Turcon","og_description":"No est\u00e1 de acuerdo con la filosof\u00eda que subyace detr\u00e1s del Plan, as\u00ed como con algunas determinaciones. Pide su replanteamiento y su armonizaci\u00f3n con la nueva normativa vigente. El Cabildo de Gran Canaria aprob\u00f3 el documento de aprobaci\u00f3n inicial y lo someti\u00f3 al periodo de informaci\u00f3n p\u00fablica mediante anuncio en el Bolet\u00edn Oficial de la [&hellip;]","og_url":"https:\/\/turcon.es\/wp\/turcon-presenta-alegaciones-al-plan-territorial-especial-de-residuos-de-gran-canaria\/","og_site_name":"Colectivo Ecologista Turcon","article_published_time":"2011-10-22T08:10:34+00:00","og_image":[{"width":1000,"height":338,"url":"https:\/\/turcon.es\/wp\/wp-content\/uploads\/2011\/10\/bannerminimundi2-1.jpg","type":"image\/jpeg"}],"author":"Laura Fernandez","twitter_card":"summary_large_image","twitter_misc":{"Escrito por":"Laura Fernandez","Tiempo de lectura":"5 minutos"},"schema":{"@context":"https:\/\/schema.org","@graph":[{"@type":"Article","@id":"https:\/\/turcon.es\/wp\/turcon-presenta-alegaciones-al-plan-territorial-especial-de-residuos-de-gran-canaria\/#article","isPartOf":{"@id":"https:\/\/turcon.es\/wp\/turcon-presenta-alegaciones-al-plan-territorial-especial-de-residuos-de-gran-canaria\/"},"author":{"name":"Laura Fernandez","@id":"https:\/\/turcon.es\/wp\/#\/schema\/person\/a1f3ba727ce031d9da17684affe85edd"},"headline":"TURCON PRESENTA ALEGACIONES AL PLAN TERRITORIAL ESPECIAL DE RESIDUOS DE GRAN CANARIA.","datePublished":"2011-10-22T08:10:34+00:00","mainEntityOfPage":{"@id":"https:\/\/turcon.es\/wp\/turcon-presenta-alegaciones-al-plan-territorial-especial-de-residuos-de-gran-canaria\/"},"wordCount":946,"commentCount":0,"publisher":{"@id":"https:\/\/turcon.es\/wp\/#organization"},"image":{"@id":"https:\/\/turcon.es\/wp\/turcon-presenta-alegaciones-al-plan-territorial-especial-de-residuos-de-gran-canaria\/#primaryimage"},"thumbnailUrl":"http:\/\/turcon.es\/wp\/wp-content\/uploads\/2011\/10\/bannerminimundi2.jpg?w=300","articleSection":["#Actividades Turc\u00f3n#","Consumismo","Gran Canaria","Reciclaje"],"inLanguage":"es","potentialAction":[{"@type":"CommentAction","name":"Comment","target":["https:\/\/turcon.es\/wp\/turcon-presenta-alegaciones-al-plan-territorial-especial-de-residuos-de-gran-canaria\/#respond"]}]},{"@type":"WebPage","@id":"https:\/\/turcon.es\/wp\/turcon-presenta-alegaciones-al-plan-territorial-especial-de-residuos-de-gran-canaria\/","url":"https:\/\/turcon.es\/wp\/turcon-presenta-alegaciones-al-plan-territorial-especial-de-residuos-de-gran-canaria\/","name":"TURCON PRESENTA ALEGACIONES AL PLAN TERRITORIAL ESPECIAL DE RESIDUOS DE GRAN CANARIA. - Colectivo Ecologista Turcon","isPartOf":{"@id":"https:\/\/turcon.es\/wp\/#website"},"primaryImageOfPage":{"@id":"https:\/\/turcon.es\/wp\/turcon-presenta-alegaciones-al-plan-territorial-especial-de-residuos-de-gran-canaria\/#primaryimage"},"image":{"@id":"https:\/\/turcon.es\/wp\/turcon-presenta-alegaciones-al-plan-territorial-especial-de-residuos-de-gran-canaria\/#primaryimage"},"thumbnailUrl":"http:\/\/turcon.es\/wp\/wp-content\/uploads\/2011\/10\/bannerminimundi2.jpg?w=300","datePublished":"2011-10-22T08:10:34+00:00","breadcrumb":{"@id":"https:\/\/turcon.es\/wp\/turcon-presenta-alegaciones-al-plan-territorial-especial-de-residuos-de-gran-canaria\/#breadcrumb"},"inLanguage":"es","potentialAction":[{"@type":"ReadAction","target":["https:\/\/turcon.es\/wp\/turcon-presenta-alegaciones-al-plan-territorial-especial-de-residuos-de-gran-canaria\/"]}]},{"@type":"ImageObject","inLanguage":"es","@id":"https:\/\/turcon.es\/wp\/turcon-presenta-alegaciones-al-plan-territorial-especial-de-residuos-de-gran-canaria\/#primaryimage","url":"http:\/\/turcon.es\/wp\/wp-content\/uploads\/2011\/10\/bannerminimundi2.jpg?w=300","contentUrl":"http:\/\/turcon.es\/wp\/wp-content\/uploads\/2011\/10\/bannerminimundi2.jpg?w=300"},{"@type":"BreadcrumbList","@id":"https:\/\/turcon.es\/wp\/turcon-presenta-alegaciones-al-plan-territorial-especial-de-residuos-de-gran-canaria\/#breadcrumb","itemListElement":[{"@type":"ListItem","position":1,"name":"Portada","item":"https:\/\/turcon.es\/wp\/"},{"@type":"ListItem","position":2,"name":"TURCON PRESENTA ALEGACIONES AL PLAN TERRITORIAL ESPECIAL DE RESIDUOS DE GRAN CANARIA."}]},{"@type":"WebSite","@id":"https:\/\/turcon.es\/wp\/#website","url":"https:\/\/turcon.es\/wp\/","name":"Colectivo Ecologista Turcon","description":"","publisher":{"@id":"https:\/\/turcon.es\/wp\/#organization"},"potentialAction":[{"@type":"SearchAction","target":{"@type":"EntryPoint","urlTemplate":"https:\/\/turcon.es\/wp\/?s={search_term_string}"},"query-input":{"@type":"PropertyValueSpecification","valueRequired":true,"valueName":"search_term_string"}}],"inLanguage":"es"},{"@type":"Organization","@id":"https:\/\/turcon.es\/wp\/#organization","name":"Colectivo Ecologista Turcon","url":"https:\/\/turcon.es\/wp\/","logo":{"@type":"ImageObject","inLanguage":"es","@id":"https:\/\/turcon.es\/wp\/#\/schema\/logo\/image\/","url":"https:\/\/turcon.es\/wp\/wp-content\/uploads\/2025\/03\/logo-verde.svg","contentUrl":"https:\/\/turcon.es\/wp\/wp-content\/uploads\/2025\/03\/logo-verde.svg","width":813,"height":813,"caption":"Colectivo Ecologista Turcon"},"image":{"@id":"https:\/\/turcon.es\/wp\/#\/schema\/logo\/image\/"}},{"@type":"Person","@id":"https:\/\/turcon.es\/wp\/#\/schema\/person\/a1f3ba727ce031d9da17684affe85edd","name":"Laura Fernandez","image":{"@type":"ImageObject","inLanguage":"es","@id":"https:\/\/turcon.es\/wp\/#\/schema\/person\/image\/","url":"https:\/\/secure.gravatar.com\/avatar\/360749af9549af22e54582d50231ae56e854210ae2368797ba242f445a9852e8?s=96&d=mm&r=g","contentUrl":"https:\/\/secure.gravatar.com\/avatar\/360749af9549af22e54582d50231ae56e854210ae2368797ba242f445a9852e8?s=96&d=mm&r=g","caption":"Laura Fernandez"},"url":"https:\/\/turcon.es\/wp\/author\/admturcon\/"}]}},"_links":{"self":[{"href":"https:\/\/turcon.es\/wp\/wp-json\/wp\/v2\/posts\/7113","targetHints":{"allow":["GET"]}}],"collection":[{"href":"https:\/\/turcon.es\/wp\/wp-json\/wp\/v2\/posts"}],"about":[{"href":"https:\/\/turcon.es\/wp\/wp-json\/wp\/v2\/types\/post"}],"author":[{"embeddable":true,"href":"https:\/\/turcon.es\/wp\/wp-json\/wp\/v2\/users\/2"}],"replies":[{"embeddable":true,"href":"https:\/\/turcon.es\/wp\/wp-json\/wp\/v2\/comments?post=7113"}],"version-history":[{"count":0,"href":"https:\/\/turcon.es\/wp\/wp-json\/wp\/v2\/posts\/7113\/revisions"}],"wp:attachment":[{"href":"https:\/\/turcon.es\/wp\/wp-json\/wp\/v2\/media?parent=7113"}],"wp:term":[{"taxonomy":"category","embeddable":true,"href":"https:\/\/turcon.es\/wp\/wp-json\/wp\/v2\/categories?post=7113"},{"taxonomy":"post_tag","embeddable":true,"href":"https:\/\/turcon.es\/wp\/wp-json\/wp\/v2\/tags?post=7113"}],"curies":[{"name":"wp","href":"https:\/\/api.w.org\/{rel}","templated":true}]}}