{"id":7228,"date":"2011-11-03T16:09:25","date_gmt":"2011-11-03T16:09:25","guid":{"rendered":"http:\/\/turcon.wordpress.com\/?p=7228"},"modified":"2011-11-03T16:09:25","modified_gmt":"2011-11-03T16:09:25","slug":"turismo-y-sostenibilidad-en-canarias-con-matias-gonzalez","status":"publish","type":"post","link":"https:\/\/turcon.es\/wp\/turismo-y-sostenibilidad-en-canarias-con-matias-gonzalez\/","title":{"rendered":"Turismo y sostenibilidad en Canarias con Mat\u00edas Gonz\u00e1lez"},"content":{"rendered":"<p style=\"text-align:justify;\">Mat\u00edas Gonz\u00e1lez, economista y profesor de economia aplicada de\u00a0 la Universidad de Las Palmas de Gran Canaria, nos habla de las caracter\u00edsticas del turismo en Canarias, de las oportunidades perdidas y de c\u00f3mo podr\u00edamos intentar reconducir la situaci\u00f3n ante los momentos de crisis que vivimos.<\/p>\n<figure id=\"attachment_7229\" aria-describedby=\"caption-attachment-7229\" style=\"width: 349px\" class=\"wp-caption aligncenter\"><a href=\"http:\/\/turcon.es\/wp\/wp-content\/uploads\/2011\/11\/matias_gonzalez_hernandez.jpg\"><img fetchpriority=\"high\" decoding=\"async\" class=\"size-full wp-image-7229 \" title=\"Matias_Gonzalez_Hernandez\" src=\"http:\/\/turcon.es\/wp\/wp-content\/uploads\/2011\/11\/matias_gonzalez_hernandez.jpg\" alt=\"\" width=\"349\" height=\"193\" \/><\/a><figcaption id=\"caption-attachment-7229\" class=\"wp-caption-text\">El profesor Mat\u00edas Gonz\u00e1lez Hern\u00e1ndez en una conferencia en La Palma<\/figcaption><\/figure>\n<blockquote><p><span style=\"color:#ff0000;\"><strong>Un programa para estar bien informado y que no debes dejar de escuchar, pulsa en el enlace.<\/strong><\/span><\/p>\n<blockquote><\/blockquote>\n<blockquote><p><span style=\"color:#ff0000;\"><strong>Si por el contrario deseas escuchar otros programas emitidos haz clic sobre este icono.<\/strong><\/span><\/p><\/blockquote>\n<p style=\"text-align:center;\"><a href=\"http:\/\/www.ivoox.com\/la-selva-de-doramas_sb.html?sb=la+selva+de+doramas\"><img decoding=\"async\" class=\"aligncenter\" title=\"Laselvadedoramasivoox1\" src=\"http:\/\/turcon.es\/wp\/wp-content\/uploads\/2010\/01\/laselvadedoramasivoox1.png?w=68&amp;h=94&amp;h=94\" alt=\"\" width=\"68\" height=\"94\" \/><\/a>Ya saben que podr\u00e1n escuchar el programa los mi\u00e9rcoles a las 19:00 horas y los jueves a las 7:00 horas\u00a0\u00a0 en <strong>RTV Cibelio<\/strong>, en el <strong>89.2 FM <\/strong>del dial para el Este y Sureste de Gran Canaria. Posteriormente nos podr\u00e1n escuchar en <a href=\"http:\/\/www.turcon.org\/\">www.turcon.org<\/a> o en \u00a0 <a title=\"http:\/\/www.ivoox.com\/podcast-selva-doramas_sq_f11820_1.html\" href=\"http:\/\/www.ivoox.com\/podcast-selva-doramas_sq_f11820_1.html\">http:\/\/www.ivoox.com\/podcast-selva-doramas_sq_f11820_1.html<\/a><\/p>\n<\/blockquote>\n","protected":false},"excerpt":{"rendered":"<p>Mat\u00edas Gonz\u00e1lez, economista y profesor de economia aplicada de\u00a0 la Universidad de Las Palmas de Gran Canaria, nos habla de las caracter\u00edsticas del turismo en Canarias, de las oportunidades perdidas y de c\u00f3mo podr\u00edamos intentar reconducir la situaci\u00f3n ante los momentos de crisis que vivimos. Un programa para estar bien informado y que no debes [&hellip;]<\/p>\n","protected":false},"author":2,"featured_media":0,"comment_status":"open","ping_status":"open","sticky":false,"template":"","format":"standard","meta":{"footnotes":""},"categories":[30,51,54],"tags":[623,1586,1666],"class_list":["post-7228","post","type-post","status-publish","format-standard","hentry","category-economia","category-radio-la-selva-de-doramas","category-recomendamos-para-leer-ver-y-escuchar","tag-economia-alternativa","tag-sostenibilidad","tag-turismo"],"yoast_head":"<!-- This site is optimized with the Yoast SEO plugin v26.3 - https:\/\/yoast.com\/wordpress\/plugins\/seo\/ -->\n<title>Turismo y sostenibilidad en Canarias con Mat\u00edas Gonz\u00e1lez - Colectivo Ecologista Turcon<\/title>\n<meta name=\"robots\" content=\"index, follow, max-snippet:-1, max-image-preview:large, max-video-preview:-1\" \/>\n<link rel=\"canonical\" href=\"https:\/\/turcon.es\/wp\/turismo-y-sostenibilidad-en-canarias-con-matias-gonzalez\/\" \/>\n<meta property=\"og:locale\" content=\"es_ES\" \/>\n<meta property=\"og:type\" content=\"article\" \/>\n<meta property=\"og:title\" content=\"Turismo y sostenibilidad en Canarias con Mat\u00edas Gonz\u00e1lez - Colectivo Ecologista Turcon\" \/>\n<meta property=\"og:description\" content=\"Mat\u00edas Gonz\u00e1lez, economista y profesor de economia aplicada de\u00a0 la Universidad de Las Palmas de Gran Canaria, nos habla de las caracter\u00edsticas del turismo en Canarias, de las oportunidades perdidas y de c\u00f3mo podr\u00edamos intentar reconducir la situaci\u00f3n ante los momentos de crisis que vivimos. Un programa para estar bien informado y que no debes [&hellip;]\" \/>\n<meta property=\"og:url\" content=\"https:\/\/turcon.es\/wp\/turismo-y-sostenibilidad-en-canarias-con-matias-gonzalez\/\" \/>\n<meta property=\"og:site_name\" content=\"Colectivo Ecologista Turcon\" \/>\n<meta property=\"article:published_time\" content=\"2011-11-03T16:09:25+00:00\" \/>\n<meta property=\"og:image\" content=\"https:\/\/turcon.es\/wp\/wp-content\/uploads\/2011\/11\/matias_gonzalez_hernandez-1.jpg\" \/>\n\t<meta property=\"og:image:width\" content=\"349\" \/>\n\t<meta property=\"og:image:height\" content=\"193\" \/>\n\t<meta property=\"og:image:type\" content=\"image\/jpeg\" \/>\n<meta name=\"author\" content=\"Laura Fernandez\" \/>\n<meta name=\"twitter:card\" content=\"summary_large_image\" \/>\n<meta name=\"twitter:label1\" content=\"Escrito por\" \/>\n\t<meta name=\"twitter:data1\" content=\"Laura Fernandez\" \/>\n\t<meta name=\"twitter:label2\" content=\"Tiempo de lectura\" \/>\n\t<meta name=\"twitter:data2\" content=\"1 minuto\" \/>\n<script type=\"application\/ld+json\" class=\"yoast-schema-graph\">{\"@context\":\"https:\/\/schema.org\",\"@graph\":[{\"@type\":\"Article\",\"@id\":\"https:\/\/turcon.es\/wp\/turismo-y-sostenibilidad-en-canarias-con-matias-gonzalez\/#article\",\"isPartOf\":{\"@id\":\"https:\/\/turcon.es\/wp\/turismo-y-sostenibilidad-en-canarias-con-matias-gonzalez\/\"},\"author\":{\"name\":\"Laura Fernandez\",\"@id\":\"https:\/\/turcon.es\/wp\/#\/schema\/person\/a1f3ba727ce031d9da17684affe85edd\"},\"headline\":\"Turismo y sostenibilidad en Canarias con Mat\u00edas Gonz\u00e1lez\",\"datePublished\":\"2011-11-03T16:09:25+00:00\",\"mainEntityOfPage\":{\"@id\":\"https:\/\/turcon.es\/wp\/turismo-y-sostenibilidad-en-canarias-con-matias-gonzalez\/\"},\"wordCount\":177,\"commentCount\":0,\"publisher\":{\"@id\":\"https:\/\/turcon.es\/wp\/#organization\"},\"image\":{\"@id\":\"https:\/\/turcon.es\/wp\/turismo-y-sostenibilidad-en-canarias-con-matias-gonzalez\/#primaryimage\"},\"thumbnailUrl\":\"http:\/\/turcon.es\/wp\/wp-content\/uploads\/2011\/11\/matias_gonzalez_hernandez.jpg\",\"keywords\":[\"economia alternativa\",\"Sostenibilidad\",\"Turismo\"],\"articleSection\":[\"Econom\u00eda\",\"Radio La selva de Doramas\",\"Recomendamos para leer, ver y escuchar...\"],\"inLanguage\":\"es\",\"potentialAction\":[{\"@type\":\"CommentAction\",\"name\":\"Comment\",\"target\":[\"https:\/\/turcon.es\/wp\/turismo-y-sostenibilidad-en-canarias-con-matias-gonzalez\/#respond\"]}]},{\"@type\":\"WebPage\",\"@id\":\"https:\/\/turcon.es\/wp\/turismo-y-sostenibilidad-en-canarias-con-matias-gonzalez\/\",\"url\":\"https:\/\/turcon.es\/wp\/turismo-y-sostenibilidad-en-canarias-con-matias-gonzalez\/\",\"name\":\"Turismo y sostenibilidad en Canarias con Mat\u00edas Gonz\u00e1lez - Colectivo Ecologista Turcon\",\"isPartOf\":{\"@id\":\"https:\/\/turcon.es\/wp\/#website\"},\"primaryImageOfPage\":{\"@id\":\"https:\/\/turcon.es\/wp\/turismo-y-sostenibilidad-en-canarias-con-matias-gonzalez\/#primaryimage\"},\"image\":{\"@id\":\"https:\/\/turcon.es\/wp\/turismo-y-sostenibilidad-en-canarias-con-matias-gonzalez\/#primaryimage\"},\"thumbnailUrl\":\"http:\/\/turcon.es\/wp\/wp-content\/uploads\/2011\/11\/matias_gonzalez_hernandez.jpg\",\"datePublished\":\"2011-11-03T16:09:25+00:00\",\"breadcrumb\":{\"@id\":\"https:\/\/turcon.es\/wp\/turismo-y-sostenibilidad-en-canarias-con-matias-gonzalez\/#breadcrumb\"},\"inLanguage\":\"es\",\"potentialAction\":[{\"@type\":\"ReadAction\",\"target\":[\"https:\/\/turcon.es\/wp\/turismo-y-sostenibilidad-en-canarias-con-matias-gonzalez\/\"]}]},{\"@type\":\"ImageObject\",\"inLanguage\":\"es\",\"@id\":\"https:\/\/turcon.es\/wp\/turismo-y-sostenibilidad-en-canarias-con-matias-gonzalez\/#primaryimage\",\"url\":\"http:\/\/turcon.es\/wp\/wp-content\/uploads\/2011\/11\/matias_gonzalez_hernandez.jpg\",\"contentUrl\":\"http:\/\/turcon.es\/wp\/wp-content\/uploads\/2011\/11\/matias_gonzalez_hernandez.jpg\"},{\"@type\":\"BreadcrumbList\",\"@id\":\"https:\/\/turcon.es\/wp\/turismo-y-sostenibilidad-en-canarias-con-matias-gonzalez\/#breadcrumb\",\"itemListElement\":[{\"@type\":\"ListItem\",\"position\":1,\"name\":\"Portada\",\"item\":\"https:\/\/turcon.es\/wp\/\"},{\"@type\":\"ListItem\",\"position\":2,\"name\":\"Turismo y sostenibilidad en Canarias con Mat\u00edas Gonz\u00e1lez\"}]},{\"@type\":\"WebSite\",\"@id\":\"https:\/\/turcon.es\/wp\/#website\",\"url\":\"https:\/\/turcon.es\/wp\/\",\"name\":\"Colectivo Ecologista Turcon\",\"description\":\"\",\"publisher\":{\"@id\":\"https:\/\/turcon.es\/wp\/#organization\"},\"potentialAction\":[{\"@type\":\"SearchAction\",\"target\":{\"@type\":\"EntryPoint\",\"urlTemplate\":\"https:\/\/turcon.es\/wp\/?s={search_term_string}\"},\"query-input\":{\"@type\":\"PropertyValueSpecification\",\"valueRequired\":true,\"valueName\":\"search_term_string\"}}],\"inLanguage\":\"es\"},{\"@type\":\"Organization\",\"@id\":\"https:\/\/turcon.es\/wp\/#organization\",\"name\":\"Colectivo Ecologista Turcon\",\"url\":\"https:\/\/turcon.es\/wp\/\",\"logo\":{\"@type\":\"ImageObject\",\"inLanguage\":\"es\",\"@id\":\"https:\/\/turcon.es\/wp\/#\/schema\/logo\/image\/\",\"url\":\"https:\/\/turcon.es\/wp\/wp-content\/uploads\/2025\/03\/logo-verde.svg\",\"contentUrl\":\"https:\/\/turcon.es\/wp\/wp-content\/uploads\/2025\/03\/logo-verde.svg\",\"width\":813,\"height\":813,\"caption\":\"Colectivo Ecologista Turcon\"},\"image\":{\"@id\":\"https:\/\/turcon.es\/wp\/#\/schema\/logo\/image\/\"}},{\"@type\":\"Person\",\"@id\":\"https:\/\/turcon.es\/wp\/#\/schema\/person\/a1f3ba727ce031d9da17684affe85edd\",\"name\":\"Laura Fernandez\",\"image\":{\"@type\":\"ImageObject\",\"inLanguage\":\"es\",\"@id\":\"https:\/\/turcon.es\/wp\/#\/schema\/person\/image\/\",\"url\":\"https:\/\/secure.gravatar.com\/avatar\/360749af9549af22e54582d50231ae56e854210ae2368797ba242f445a9852e8?s=96&d=mm&r=g\",\"contentUrl\":\"https:\/\/secure.gravatar.com\/avatar\/360749af9549af22e54582d50231ae56e854210ae2368797ba242f445a9852e8?s=96&d=mm&r=g\",\"caption\":\"Laura Fernandez\"},\"url\":\"https:\/\/turcon.es\/wp\/author\/admturcon\/\"}]}<\/script>\n<!-- \/ Yoast SEO plugin. -->","yoast_head_json":{"title":"Turismo y sostenibilidad en Canarias con Mat\u00edas Gonz\u00e1lez - Colectivo Ecologista Turcon","robots":{"index":"index","follow":"follow","max-snippet":"max-snippet:-1","max-image-preview":"max-image-preview:large","max-video-preview":"max-video-preview:-1"},"canonical":"https:\/\/turcon.es\/wp\/turismo-y-sostenibilidad-en-canarias-con-matias-gonzalez\/","og_locale":"es_ES","og_type":"article","og_title":"Turismo y sostenibilidad en Canarias con Mat\u00edas Gonz\u00e1lez - Colectivo Ecologista Turcon","og_description":"Mat\u00edas Gonz\u00e1lez, economista y profesor de economia aplicada de\u00a0 la Universidad de Las Palmas de Gran Canaria, nos habla de las caracter\u00edsticas del turismo en Canarias, de las oportunidades perdidas y de c\u00f3mo podr\u00edamos intentar reconducir la situaci\u00f3n ante los momentos de crisis que vivimos. Un programa para estar bien informado y que no debes [&hellip;]","og_url":"https:\/\/turcon.es\/wp\/turismo-y-sostenibilidad-en-canarias-con-matias-gonzalez\/","og_site_name":"Colectivo Ecologista Turcon","article_published_time":"2011-11-03T16:09:25+00:00","og_image":[{"width":349,"height":193,"url":"https:\/\/turcon.es\/wp\/wp-content\/uploads\/2011\/11\/matias_gonzalez_hernandez-1.jpg","type":"image\/jpeg"}],"author":"Laura Fernandez","twitter_card":"summary_large_image","twitter_misc":{"Escrito por":"Laura Fernandez","Tiempo de lectura":"1 minuto"},"schema":{"@context":"https:\/\/schema.org","@graph":[{"@type":"Article","@id":"https:\/\/turcon.es\/wp\/turismo-y-sostenibilidad-en-canarias-con-matias-gonzalez\/#article","isPartOf":{"@id":"https:\/\/turcon.es\/wp\/turismo-y-sostenibilidad-en-canarias-con-matias-gonzalez\/"},"author":{"name":"Laura Fernandez","@id":"https:\/\/turcon.es\/wp\/#\/schema\/person\/a1f3ba727ce031d9da17684affe85edd"},"headline":"Turismo y sostenibilidad en Canarias con Mat\u00edas Gonz\u00e1lez","datePublished":"2011-11-03T16:09:25+00:00","mainEntityOfPage":{"@id":"https:\/\/turcon.es\/wp\/turismo-y-sostenibilidad-en-canarias-con-matias-gonzalez\/"},"wordCount":177,"commentCount":0,"publisher":{"@id":"https:\/\/turcon.es\/wp\/#organization"},"image":{"@id":"https:\/\/turcon.es\/wp\/turismo-y-sostenibilidad-en-canarias-con-matias-gonzalez\/#primaryimage"},"thumbnailUrl":"http:\/\/turcon.es\/wp\/wp-content\/uploads\/2011\/11\/matias_gonzalez_hernandez.jpg","keywords":["economia alternativa","Sostenibilidad","Turismo"],"articleSection":["Econom\u00eda","Radio La selva de Doramas","Recomendamos para leer, ver y escuchar..."],"inLanguage":"es","potentialAction":[{"@type":"CommentAction","name":"Comment","target":["https:\/\/turcon.es\/wp\/turismo-y-sostenibilidad-en-canarias-con-matias-gonzalez\/#respond"]}]},{"@type":"WebPage","@id":"https:\/\/turcon.es\/wp\/turismo-y-sostenibilidad-en-canarias-con-matias-gonzalez\/","url":"https:\/\/turcon.es\/wp\/turismo-y-sostenibilidad-en-canarias-con-matias-gonzalez\/","name":"Turismo y sostenibilidad en Canarias con Mat\u00edas Gonz\u00e1lez - Colectivo Ecologista Turcon","isPartOf":{"@id":"https:\/\/turcon.es\/wp\/#website"},"primaryImageOfPage":{"@id":"https:\/\/turcon.es\/wp\/turismo-y-sostenibilidad-en-canarias-con-matias-gonzalez\/#primaryimage"},"image":{"@id":"https:\/\/turcon.es\/wp\/turismo-y-sostenibilidad-en-canarias-con-matias-gonzalez\/#primaryimage"},"thumbnailUrl":"http:\/\/turcon.es\/wp\/wp-content\/uploads\/2011\/11\/matias_gonzalez_hernandez.jpg","datePublished":"2011-11-03T16:09:25+00:00","breadcrumb":{"@id":"https:\/\/turcon.es\/wp\/turismo-y-sostenibilidad-en-canarias-con-matias-gonzalez\/#breadcrumb"},"inLanguage":"es","potentialAction":[{"@type":"ReadAction","target":["https:\/\/turcon.es\/wp\/turismo-y-sostenibilidad-en-canarias-con-matias-gonzalez\/"]}]},{"@type":"ImageObject","inLanguage":"es","@id":"https:\/\/turcon.es\/wp\/turismo-y-sostenibilidad-en-canarias-con-matias-gonzalez\/#primaryimage","url":"http:\/\/turcon.es\/wp\/wp-content\/uploads\/2011\/11\/matias_gonzalez_hernandez.jpg","contentUrl":"http:\/\/turcon.es\/wp\/wp-content\/uploads\/2011\/11\/matias_gonzalez_hernandez.jpg"},{"@type":"BreadcrumbList","@id":"https:\/\/turcon.es\/wp\/turismo-y-sostenibilidad-en-canarias-con-matias-gonzalez\/#breadcrumb","itemListElement":[{"@type":"ListItem","position":1,"name":"Portada","item":"https:\/\/turcon.es\/wp\/"},{"@type":"ListItem","position":2,"name":"Turismo y sostenibilidad en Canarias con Mat\u00edas Gonz\u00e1lez"}]},{"@type":"WebSite","@id":"https:\/\/turcon.es\/wp\/#website","url":"https:\/\/turcon.es\/wp\/","name":"Colectivo Ecologista Turcon","description":"","publisher":{"@id":"https:\/\/turcon.es\/wp\/#organization"},"potentialAction":[{"@type":"SearchAction","target":{"@type":"EntryPoint","urlTemplate":"https:\/\/turcon.es\/wp\/?s={search_term_string}"},"query-input":{"@type":"PropertyValueSpecification","valueRequired":true,"valueName":"search_term_string"}}],"inLanguage":"es"},{"@type":"Organization","@id":"https:\/\/turcon.es\/wp\/#organization","name":"Colectivo Ecologista Turcon","url":"https:\/\/turcon.es\/wp\/","logo":{"@type":"ImageObject","inLanguage":"es","@id":"https:\/\/turcon.es\/wp\/#\/schema\/logo\/image\/","url":"https:\/\/turcon.es\/wp\/wp-content\/uploads\/2025\/03\/logo-verde.svg","contentUrl":"https:\/\/turcon.es\/wp\/wp-content\/uploads\/2025\/03\/logo-verde.svg","width":813,"height":813,"caption":"Colectivo Ecologista Turcon"},"image":{"@id":"https:\/\/turcon.es\/wp\/#\/schema\/logo\/image\/"}},{"@type":"Person","@id":"https:\/\/turcon.es\/wp\/#\/schema\/person\/a1f3ba727ce031d9da17684affe85edd","name":"Laura Fernandez","image":{"@type":"ImageObject","inLanguage":"es","@id":"https:\/\/turcon.es\/wp\/#\/schema\/person\/image\/","url":"https:\/\/secure.gravatar.com\/avatar\/360749af9549af22e54582d50231ae56e854210ae2368797ba242f445a9852e8?s=96&d=mm&r=g","contentUrl":"https:\/\/secure.gravatar.com\/avatar\/360749af9549af22e54582d50231ae56e854210ae2368797ba242f445a9852e8?s=96&d=mm&r=g","caption":"Laura Fernandez"},"url":"https:\/\/turcon.es\/wp\/author\/admturcon\/"}]}},"_links":{"self":[{"href":"https:\/\/turcon.es\/wp\/wp-json\/wp\/v2\/posts\/7228","targetHints":{"allow":["GET"]}}],"collection":[{"href":"https:\/\/turcon.es\/wp\/wp-json\/wp\/v2\/posts"}],"about":[{"href":"https:\/\/turcon.es\/wp\/wp-json\/wp\/v2\/types\/post"}],"author":[{"embeddable":true,"href":"https:\/\/turcon.es\/wp\/wp-json\/wp\/v2\/users\/2"}],"replies":[{"embeddable":true,"href":"https:\/\/turcon.es\/wp\/wp-json\/wp\/v2\/comments?post=7228"}],"version-history":[{"count":0,"href":"https:\/\/turcon.es\/wp\/wp-json\/wp\/v2\/posts\/7228\/revisions"}],"wp:attachment":[{"href":"https:\/\/turcon.es\/wp\/wp-json\/wp\/v2\/media?parent=7228"}],"wp:term":[{"taxonomy":"category","embeddable":true,"href":"https:\/\/turcon.es\/wp\/wp-json\/wp\/v2\/categories?post=7228"},{"taxonomy":"post_tag","embeddable":true,"href":"https:\/\/turcon.es\/wp\/wp-json\/wp\/v2\/tags?post=7228"}],"curies":[{"name":"wp","href":"https:\/\/api.w.org\/{rel}","templated":true}]}}