{"id":7322,"date":"2011-11-19T09:54:43","date_gmt":"2011-11-19T09:54:43","guid":{"rendered":"http:\/\/turcon.wordpress.com\/?p=7322"},"modified":"2011-11-19T09:54:43","modified_gmt":"2011-11-19T09:54:43","slug":"volaron-por-los-senderos-de-gran-canaria-en-la-carrera-de-doramas","status":"publish","type":"post","link":"https:\/\/turcon.es\/wp\/volaron-por-los-senderos-de-gran-canaria-en-la-carrera-de-doramas\/","title":{"rendered":"\u201cvolaron\u201d por los senderos de Gran Canaria en la carrera de Doramas"},"content":{"rendered":"<p style=\"text-align:justify;\"><span style=\"color:#800000;\"><strong>OJEDA SE CONFIRMA COMO ESPECIALISTA DE LA PRUEBA<\/strong><\/span><\/p>\n<p style=\"text-align:justify;\"><span style=\"color:#800000;\"><strong>Mat\u00edas Ojeda y Esther Fern\u00e1ndez \u201cvolaron\u201d por los senderos de Gran Canaria en la Doramas<a href=\"http:\/\/turcon.es\/wp\/wp-content\/uploads\/2011\/11\/382303_244673852253450_224457457608423_641396_587107067_n.jpg\"><img fetchpriority=\"high\" decoding=\"async\" class=\"alignright size-medium wp-image-7323\" title=\"382303_244673852253450_224457457608423_641396_587107067_n\" src=\"http:\/\/turcon.es\/wp\/wp-content\/uploads\/2011\/11\/382303_244673852253450_224457457608423_641396_587107067_n.jpg?w=300\" alt=\"\" width=\"300\" height=\"202\" \/><\/a><\/strong><\/span><\/p>\n<p style=\"text-align:justify;\"><span style=\"color:#800000;\"><strong>La tercera edici\u00f3n de la Ruta Doramas, organizada por el Club de Monta\u00f1a de Firgas, Clumonfir, demostr\u00f3 la extraordinaria popularidad de esta prueba y confirma la buena forma de Mat\u00edas Ojeda.<\/strong><\/span><\/p>\n<p style=\"text-align:justify;\"><span style=\"color:#800000;\"><strong>Vicente Travieso\/Sergio Prieto &#8211; Desnivel.com<\/strong><\/span><\/p>\n<p style=\"text-align:justify;\"><span style=\"color:#800000;\"><strong>El recorrido se encuentra en la zona m\u00e1s verde de la isla y con un barranco de Azuaje, que todav\u00eda en esta \u00e9poca del a\u00f1o mantiene un importante curso de agua<\/strong><\/span><\/p>\n<p style=\"text-align:justify;\"><span style=\"color:#800000;\"><strong>Con una participaci\u00f3n de 250 corredores y 100 senderistas, la Ruta Doramas en un recorrido circular con salida y llegada en la Plaza de San Roque de Firgas con 32,6 kil\u00f3metros de longitud y unos desniveles descomunales \u2013con la subida al Pico de Osorio como guinda-, siguiendo los pasos del guanche Doramas.<\/strong><\/span><\/p>\n<p style=\"text-align:justify;\">El recorrido se encuentra en la zona m\u00e1s verde de la isla y con un barranco de Azuaje, que todav\u00eda en esta \u00e9poca del a\u00f1o mantiene un importante curso de agua sin apenas recibir lluvias.<\/p>\n<p style=\"text-align:justify;\">La gran mayor\u00eda de los corredores lograron su objetivo de estar en la meta, exactamente 205 de los 250 que tomaron la salida.<\/p>\n<p style=\"text-align:justify;\">A las caras de satisfacci\u00f3n a medida que cruzaban la meta, se un\u00eda una exclamaci\u00f3n que se resum\u00eda en la frase \u201c\u00bfPero por donde fue? Tuvo que ir volando\u201d, en referencia al ganador Mat\u00edas Ojeda y su tiempazo de 2 horas, 57 minutos y 41 segundos, impensable para el resto de corredores.<\/p>\n<p>\u00a0<!--more--><\/p>\n<p>En su primera incursi\u00f3n fuera del asfalto esta temporada, aunque Ojeda nos apunta que donde m\u00e1s disfruta es en la monta\u00f1a, el corredor del Trivalle demostr\u00f3 su enorme potencial una vez m\u00e1s.<\/p>\n<p>&nbsp;<\/p>\n<p>Ojeda planta cara desde el principio<\/p>\n<p>Ojeda Empez\u00f3 con el grupo de cabeza, pero a partir del kil\u00f3metro 4 tras abandonar el cauce del Barranco de Azuaje, aprovech\u00f3 la subida para comenzar a distanciarse de Carlos Garc\u00eda y Evaristo Almeida. Este \u00faltimo, debido a una reciente lesi\u00f3n, no pudo resistir el tir\u00f3n y tuvo que retirarse m\u00e1s tarde. Su puesto lo ocupaba su hermano mayor Alexis Almeida, que intentaba no dejar la estela de Garc\u00eda. Pero mientras tanto, Ojeda bajaba del Pico de Osorio con unos 8 minutos de ventaja sobre sus perseguidores.<\/p>\n<p>&nbsp;<\/p>\n<p>Rodar a toda velocidad<\/p>\n<p>En el kil\u00f3metro (Los Chorros), la ruta cambia totalmente con menos desniveles, casi todo en bajada, caminos m\u00e1s firmes e incluso unos tres kil\u00f3metros de asfalto. Aqu\u00ed no queda otra que correr y correr, a lo que se deciden Garc\u00eda y Almeida, que logran recortar distancias con Ojeda, a estas alturas ya bastante tocado de m\u00fasculos. Tras el avituallamiento de Casablanca, se vuelve a los \u00faltimos 4 kil\u00f3metros por Azuaje y Garc\u00eda se emplea a fondo y se separa de Almeida, pero no logra tener a tiro a un Mat\u00edas Ojeda que llega a la meta con menos de dos minutos de ventaja sobre Carlos Garc\u00eda, que a su vez se distancia finalmente en casi 3 minutos sobre el tercer ocupante del podio, Alexis Almeida del Carucat. Tras una buena progresi\u00f3n, Yeray Dur\u00e1n del Vandama termin\u00f3 cuarto a s\u00f3lo dos minutos del podio.<\/p>\n<p>&nbsp;<\/p>\n<p>&nbsp;<\/p>\n<p>Primera victoria de Esther Fern\u00e1ndez<\/p>\n<p>Ojeda se ha convertido en un especialista de la prueba, de la que confiesa sentirse muy a gusto tanto por el recorrido como por la organizaci\u00f3n \u2013no s\u00f3lo por el potaje de berros al final-, ya que cuenta con dos victorias (2009 y 2011) y un tercer puesto el pasado a\u00f1o. Garc\u00eda se estren\u00f3 en el podio de Doramas, al igual que el corredor local Almeida.<\/p>\n<p>&nbsp;<\/p>\n<p>Entre las mujeres, Esther Fern\u00e1ndez con 3 h 49 min 39 logra su primer entorchado en este trail, realizando una prueba en solitario de principio a fin en su categor\u00eda y volviendo a confirmar su buen momento de forma, con un ritmo muy constante y seguro. Laura Barrera volvi\u00f3 a bordar esta ruta que se le da muy bien y finaliz\u00f3 segunda un a\u00f1o m\u00e1s, a unos 12 minutos de la ganadora, mientras Cristina Rivero lograba superar a Ankara Ramos (cuarta) a mitad de carrera y cerraba el podio femenino.<\/p>\n<p>&nbsp;<\/p>\n<p>Por categor\u00edas, en M\u00e1ster 40 se impuso Jos\u00e9 Antonio Hern\u00e1ndez, adem\u00e1s de quinto de la general, junto a Laura Barrera. En M\u00e1ster 50, el ganador fue Fernando Ram\u00edrez e Ina P\u00e9rez, esta \u00faltima llev\u00e1ndose en meta una de las ovaciones m\u00e1s grandes. La categor\u00eda \u00c9lite fue para los vencedores absolutos.<\/p>\n<p>&nbsp;<\/p>\n","protected":false},"excerpt":{"rendered":"<p>OJEDA SE CONFIRMA COMO ESPECIALISTA DE LA PRUEBA Mat\u00edas Ojeda y Esther Fern\u00e1ndez \u201cvolaron\u201d por los senderos de Gran Canaria en la Doramas La tercera edici\u00f3n de la Ruta Doramas, organizada por el Club de Monta\u00f1a de Firgas, Clumonfir, demostr\u00f3 la extraordinaria popularidad de esta prueba y confirma la buena forma de Mat\u00edas Ojeda. Vicente [&hellip;]<\/p>\n","protected":false},"author":2,"featured_media":0,"comment_status":"open","ping_status":"open","sticky":false,"template":"","format":"standard","meta":{"footnotes":""},"categories":[37,41,69,57],"tags":[],"class_list":["post-7322","post","type-post","status-publish","format-standard","hentry","category-espacios-naturales","category-gran-canaria","category-movimiento-ciudadano","category-senderismo"],"yoast_head":"<!-- This site is optimized with the Yoast SEO plugin v26.3 - https:\/\/yoast.com\/wordpress\/plugins\/seo\/ -->\n<title>\u201cvolaron\u201d por los senderos de Gran Canaria en la carrera de Doramas - Colectivo Ecologista Turcon<\/title>\n<meta name=\"robots\" content=\"index, follow, max-snippet:-1, max-image-preview:large, max-video-preview:-1\" \/>\n<link rel=\"canonical\" href=\"https:\/\/turcon.es\/wp\/volaron-por-los-senderos-de-gran-canaria-en-la-carrera-de-doramas\/\" \/>\n<meta property=\"og:locale\" content=\"es_ES\" \/>\n<meta property=\"og:type\" content=\"article\" \/>\n<meta property=\"og:title\" content=\"\u201cvolaron\u201d por los senderos de Gran Canaria en la carrera de Doramas - Colectivo Ecologista Turcon\" \/>\n<meta property=\"og:description\" content=\"OJEDA SE CONFIRMA COMO ESPECIALISTA DE LA PRUEBA Mat\u00edas Ojeda y Esther Fern\u00e1ndez \u201cvolaron\u201d por los senderos de Gran Canaria en la Doramas La tercera edici\u00f3n de la Ruta Doramas, organizada por el Club de Monta\u00f1a de Firgas, Clumonfir, demostr\u00f3 la extraordinaria popularidad de esta prueba y confirma la buena forma de Mat\u00edas Ojeda. Vicente [&hellip;]\" \/>\n<meta property=\"og:url\" content=\"https:\/\/turcon.es\/wp\/volaron-por-los-senderos-de-gran-canaria-en-la-carrera-de-doramas\/\" \/>\n<meta property=\"og:site_name\" content=\"Colectivo Ecologista Turcon\" \/>\n<meta property=\"article:published_time\" content=\"2011-11-19T09:54:43+00:00\" \/>\n<meta property=\"og:image\" content=\"https:\/\/turcon.es\/wp\/wp-content\/uploads\/2011\/11\/382303_244673852253450_224457457608423_641396_587107067_n-1.jpg\" \/>\n\t<meta property=\"og:image:width\" content=\"500\" \/>\n\t<meta property=\"og:image:height\" content=\"338\" \/>\n\t<meta property=\"og:image:type\" content=\"image\/jpeg\" \/>\n<meta name=\"author\" content=\"Laura Fernandez\" \/>\n<meta name=\"twitter:card\" content=\"summary_large_image\" \/>\n<meta name=\"twitter:label1\" content=\"Escrito por\" \/>\n\t<meta name=\"twitter:data1\" content=\"Laura Fernandez\" \/>\n\t<meta name=\"twitter:label2\" content=\"Tiempo de lectura\" \/>\n\t<meta name=\"twitter:data2\" content=\"4 minutos\" \/>\n<script type=\"application\/ld+json\" class=\"yoast-schema-graph\">{\"@context\":\"https:\/\/schema.org\",\"@graph\":[{\"@type\":\"Article\",\"@id\":\"https:\/\/turcon.es\/wp\/volaron-por-los-senderos-de-gran-canaria-en-la-carrera-de-doramas\/#article\",\"isPartOf\":{\"@id\":\"https:\/\/turcon.es\/wp\/volaron-por-los-senderos-de-gran-canaria-en-la-carrera-de-doramas\/\"},\"author\":{\"name\":\"Laura Fernandez\",\"@id\":\"https:\/\/turcon.es\/wp\/#\/schema\/person\/a1f3ba727ce031d9da17684affe85edd\"},\"headline\":\"\u201cvolaron\u201d por los senderos de Gran Canaria en la carrera de Doramas\",\"datePublished\":\"2011-11-19T09:54:43+00:00\",\"mainEntityOfPage\":{\"@id\":\"https:\/\/turcon.es\/wp\/volaron-por-los-senderos-de-gran-canaria-en-la-carrera-de-doramas\/\"},\"wordCount\":796,\"commentCount\":0,\"publisher\":{\"@id\":\"https:\/\/turcon.es\/wp\/#organization\"},\"image\":{\"@id\":\"https:\/\/turcon.es\/wp\/volaron-por-los-senderos-de-gran-canaria-en-la-carrera-de-doramas\/#primaryimage\"},\"thumbnailUrl\":\"http:\/\/turcon.es\/wp\/wp-content\/uploads\/2011\/11\/382303_244673852253450_224457457608423_641396_587107067_n.jpg?w=300\",\"articleSection\":[\"Espacios Naturales\",\"Gran Canaria\",\"Movimiento ciudadano\",\"Senderismo\"],\"inLanguage\":\"es\",\"potentialAction\":[{\"@type\":\"CommentAction\",\"name\":\"Comment\",\"target\":[\"https:\/\/turcon.es\/wp\/volaron-por-los-senderos-de-gran-canaria-en-la-carrera-de-doramas\/#respond\"]}]},{\"@type\":\"WebPage\",\"@id\":\"https:\/\/turcon.es\/wp\/volaron-por-los-senderos-de-gran-canaria-en-la-carrera-de-doramas\/\",\"url\":\"https:\/\/turcon.es\/wp\/volaron-por-los-senderos-de-gran-canaria-en-la-carrera-de-doramas\/\",\"name\":\"\u201cvolaron\u201d por los senderos de Gran Canaria en la carrera de Doramas - Colectivo Ecologista Turcon\",\"isPartOf\":{\"@id\":\"https:\/\/turcon.es\/wp\/#website\"},\"primaryImageOfPage\":{\"@id\":\"https:\/\/turcon.es\/wp\/volaron-por-los-senderos-de-gran-canaria-en-la-carrera-de-doramas\/#primaryimage\"},\"image\":{\"@id\":\"https:\/\/turcon.es\/wp\/volaron-por-los-senderos-de-gran-canaria-en-la-carrera-de-doramas\/#primaryimage\"},\"thumbnailUrl\":\"http:\/\/turcon.es\/wp\/wp-content\/uploads\/2011\/11\/382303_244673852253450_224457457608423_641396_587107067_n.jpg?w=300\",\"datePublished\":\"2011-11-19T09:54:43+00:00\",\"breadcrumb\":{\"@id\":\"https:\/\/turcon.es\/wp\/volaron-por-los-senderos-de-gran-canaria-en-la-carrera-de-doramas\/#breadcrumb\"},\"inLanguage\":\"es\",\"potentialAction\":[{\"@type\":\"ReadAction\",\"target\":[\"https:\/\/turcon.es\/wp\/volaron-por-los-senderos-de-gran-canaria-en-la-carrera-de-doramas\/\"]}]},{\"@type\":\"ImageObject\",\"inLanguage\":\"es\",\"@id\":\"https:\/\/turcon.es\/wp\/volaron-por-los-senderos-de-gran-canaria-en-la-carrera-de-doramas\/#primaryimage\",\"url\":\"http:\/\/turcon.es\/wp\/wp-content\/uploads\/2011\/11\/382303_244673852253450_224457457608423_641396_587107067_n.jpg?w=300\",\"contentUrl\":\"http:\/\/turcon.es\/wp\/wp-content\/uploads\/2011\/11\/382303_244673852253450_224457457608423_641396_587107067_n.jpg?w=300\"},{\"@type\":\"BreadcrumbList\",\"@id\":\"https:\/\/turcon.es\/wp\/volaron-por-los-senderos-de-gran-canaria-en-la-carrera-de-doramas\/#breadcrumb\",\"itemListElement\":[{\"@type\":\"ListItem\",\"position\":1,\"name\":\"Portada\",\"item\":\"https:\/\/turcon.es\/wp\/\"},{\"@type\":\"ListItem\",\"position\":2,\"name\":\"\u201cvolaron\u201d por los senderos de Gran Canaria en la carrera de Doramas\"}]},{\"@type\":\"WebSite\",\"@id\":\"https:\/\/turcon.es\/wp\/#website\",\"url\":\"https:\/\/turcon.es\/wp\/\",\"name\":\"Colectivo Ecologista Turcon\",\"description\":\"\",\"publisher\":{\"@id\":\"https:\/\/turcon.es\/wp\/#organization\"},\"potentialAction\":[{\"@type\":\"SearchAction\",\"target\":{\"@type\":\"EntryPoint\",\"urlTemplate\":\"https:\/\/turcon.es\/wp\/?s={search_term_string}\"},\"query-input\":{\"@type\":\"PropertyValueSpecification\",\"valueRequired\":true,\"valueName\":\"search_term_string\"}}],\"inLanguage\":\"es\"},{\"@type\":\"Organization\",\"@id\":\"https:\/\/turcon.es\/wp\/#organization\",\"name\":\"Colectivo Ecologista Turcon\",\"url\":\"https:\/\/turcon.es\/wp\/\",\"logo\":{\"@type\":\"ImageObject\",\"inLanguage\":\"es\",\"@id\":\"https:\/\/turcon.es\/wp\/#\/schema\/logo\/image\/\",\"url\":\"https:\/\/turcon.es\/wp\/wp-content\/uploads\/2025\/03\/logo-verde.svg\",\"contentUrl\":\"https:\/\/turcon.es\/wp\/wp-content\/uploads\/2025\/03\/logo-verde.svg\",\"width\":813,\"height\":813,\"caption\":\"Colectivo Ecologista Turcon\"},\"image\":{\"@id\":\"https:\/\/turcon.es\/wp\/#\/schema\/logo\/image\/\"}},{\"@type\":\"Person\",\"@id\":\"https:\/\/turcon.es\/wp\/#\/schema\/person\/a1f3ba727ce031d9da17684affe85edd\",\"name\":\"Laura Fernandez\",\"image\":{\"@type\":\"ImageObject\",\"inLanguage\":\"es\",\"@id\":\"https:\/\/turcon.es\/wp\/#\/schema\/person\/image\/\",\"url\":\"https:\/\/secure.gravatar.com\/avatar\/360749af9549af22e54582d50231ae56e854210ae2368797ba242f445a9852e8?s=96&d=mm&r=g\",\"contentUrl\":\"https:\/\/secure.gravatar.com\/avatar\/360749af9549af22e54582d50231ae56e854210ae2368797ba242f445a9852e8?s=96&d=mm&r=g\",\"caption\":\"Laura Fernandez\"},\"url\":\"https:\/\/turcon.es\/wp\/author\/admturcon\/\"}]}<\/script>\n<!-- \/ Yoast SEO plugin. -->","yoast_head_json":{"title":"\u201cvolaron\u201d por los senderos de Gran Canaria en la carrera de Doramas - Colectivo Ecologista Turcon","robots":{"index":"index","follow":"follow","max-snippet":"max-snippet:-1","max-image-preview":"max-image-preview:large","max-video-preview":"max-video-preview:-1"},"canonical":"https:\/\/turcon.es\/wp\/volaron-por-los-senderos-de-gran-canaria-en-la-carrera-de-doramas\/","og_locale":"es_ES","og_type":"article","og_title":"\u201cvolaron\u201d por los senderos de Gran Canaria en la carrera de Doramas - Colectivo Ecologista Turcon","og_description":"OJEDA SE CONFIRMA COMO ESPECIALISTA DE LA PRUEBA Mat\u00edas Ojeda y Esther Fern\u00e1ndez \u201cvolaron\u201d por los senderos de Gran Canaria en la Doramas La tercera edici\u00f3n de la Ruta Doramas, organizada por el Club de Monta\u00f1a de Firgas, Clumonfir, demostr\u00f3 la extraordinaria popularidad de esta prueba y confirma la buena forma de Mat\u00edas Ojeda. Vicente [&hellip;]","og_url":"https:\/\/turcon.es\/wp\/volaron-por-los-senderos-de-gran-canaria-en-la-carrera-de-doramas\/","og_site_name":"Colectivo Ecologista Turcon","article_published_time":"2011-11-19T09:54:43+00:00","og_image":[{"width":500,"height":338,"url":"https:\/\/turcon.es\/wp\/wp-content\/uploads\/2011\/11\/382303_244673852253450_224457457608423_641396_587107067_n-1.jpg","type":"image\/jpeg"}],"author":"Laura Fernandez","twitter_card":"summary_large_image","twitter_misc":{"Escrito por":"Laura Fernandez","Tiempo de lectura":"4 minutos"},"schema":{"@context":"https:\/\/schema.org","@graph":[{"@type":"Article","@id":"https:\/\/turcon.es\/wp\/volaron-por-los-senderos-de-gran-canaria-en-la-carrera-de-doramas\/#article","isPartOf":{"@id":"https:\/\/turcon.es\/wp\/volaron-por-los-senderos-de-gran-canaria-en-la-carrera-de-doramas\/"},"author":{"name":"Laura Fernandez","@id":"https:\/\/turcon.es\/wp\/#\/schema\/person\/a1f3ba727ce031d9da17684affe85edd"},"headline":"\u201cvolaron\u201d por los senderos de Gran Canaria en la carrera de Doramas","datePublished":"2011-11-19T09:54:43+00:00","mainEntityOfPage":{"@id":"https:\/\/turcon.es\/wp\/volaron-por-los-senderos-de-gran-canaria-en-la-carrera-de-doramas\/"},"wordCount":796,"commentCount":0,"publisher":{"@id":"https:\/\/turcon.es\/wp\/#organization"},"image":{"@id":"https:\/\/turcon.es\/wp\/volaron-por-los-senderos-de-gran-canaria-en-la-carrera-de-doramas\/#primaryimage"},"thumbnailUrl":"http:\/\/turcon.es\/wp\/wp-content\/uploads\/2011\/11\/382303_244673852253450_224457457608423_641396_587107067_n.jpg?w=300","articleSection":["Espacios Naturales","Gran Canaria","Movimiento ciudadano","Senderismo"],"inLanguage":"es","potentialAction":[{"@type":"CommentAction","name":"Comment","target":["https:\/\/turcon.es\/wp\/volaron-por-los-senderos-de-gran-canaria-en-la-carrera-de-doramas\/#respond"]}]},{"@type":"WebPage","@id":"https:\/\/turcon.es\/wp\/volaron-por-los-senderos-de-gran-canaria-en-la-carrera-de-doramas\/","url":"https:\/\/turcon.es\/wp\/volaron-por-los-senderos-de-gran-canaria-en-la-carrera-de-doramas\/","name":"\u201cvolaron\u201d por los senderos de Gran Canaria en la carrera de Doramas - Colectivo Ecologista Turcon","isPartOf":{"@id":"https:\/\/turcon.es\/wp\/#website"},"primaryImageOfPage":{"@id":"https:\/\/turcon.es\/wp\/volaron-por-los-senderos-de-gran-canaria-en-la-carrera-de-doramas\/#primaryimage"},"image":{"@id":"https:\/\/turcon.es\/wp\/volaron-por-los-senderos-de-gran-canaria-en-la-carrera-de-doramas\/#primaryimage"},"thumbnailUrl":"http:\/\/turcon.es\/wp\/wp-content\/uploads\/2011\/11\/382303_244673852253450_224457457608423_641396_587107067_n.jpg?w=300","datePublished":"2011-11-19T09:54:43+00:00","breadcrumb":{"@id":"https:\/\/turcon.es\/wp\/volaron-por-los-senderos-de-gran-canaria-en-la-carrera-de-doramas\/#breadcrumb"},"inLanguage":"es","potentialAction":[{"@type":"ReadAction","target":["https:\/\/turcon.es\/wp\/volaron-por-los-senderos-de-gran-canaria-en-la-carrera-de-doramas\/"]}]},{"@type":"ImageObject","inLanguage":"es","@id":"https:\/\/turcon.es\/wp\/volaron-por-los-senderos-de-gran-canaria-en-la-carrera-de-doramas\/#primaryimage","url":"http:\/\/turcon.es\/wp\/wp-content\/uploads\/2011\/11\/382303_244673852253450_224457457608423_641396_587107067_n.jpg?w=300","contentUrl":"http:\/\/turcon.es\/wp\/wp-content\/uploads\/2011\/11\/382303_244673852253450_224457457608423_641396_587107067_n.jpg?w=300"},{"@type":"BreadcrumbList","@id":"https:\/\/turcon.es\/wp\/volaron-por-los-senderos-de-gran-canaria-en-la-carrera-de-doramas\/#breadcrumb","itemListElement":[{"@type":"ListItem","position":1,"name":"Portada","item":"https:\/\/turcon.es\/wp\/"},{"@type":"ListItem","position":2,"name":"\u201cvolaron\u201d por los senderos de Gran Canaria en la carrera de Doramas"}]},{"@type":"WebSite","@id":"https:\/\/turcon.es\/wp\/#website","url":"https:\/\/turcon.es\/wp\/","name":"Colectivo Ecologista Turcon","description":"","publisher":{"@id":"https:\/\/turcon.es\/wp\/#organization"},"potentialAction":[{"@type":"SearchAction","target":{"@type":"EntryPoint","urlTemplate":"https:\/\/turcon.es\/wp\/?s={search_term_string}"},"query-input":{"@type":"PropertyValueSpecification","valueRequired":true,"valueName":"search_term_string"}}],"inLanguage":"es"},{"@type":"Organization","@id":"https:\/\/turcon.es\/wp\/#organization","name":"Colectivo Ecologista Turcon","url":"https:\/\/turcon.es\/wp\/","logo":{"@type":"ImageObject","inLanguage":"es","@id":"https:\/\/turcon.es\/wp\/#\/schema\/logo\/image\/","url":"https:\/\/turcon.es\/wp\/wp-content\/uploads\/2025\/03\/logo-verde.svg","contentUrl":"https:\/\/turcon.es\/wp\/wp-content\/uploads\/2025\/03\/logo-verde.svg","width":813,"height":813,"caption":"Colectivo Ecologista Turcon"},"image":{"@id":"https:\/\/turcon.es\/wp\/#\/schema\/logo\/image\/"}},{"@type":"Person","@id":"https:\/\/turcon.es\/wp\/#\/schema\/person\/a1f3ba727ce031d9da17684affe85edd","name":"Laura Fernandez","image":{"@type":"ImageObject","inLanguage":"es","@id":"https:\/\/turcon.es\/wp\/#\/schema\/person\/image\/","url":"https:\/\/secure.gravatar.com\/avatar\/360749af9549af22e54582d50231ae56e854210ae2368797ba242f445a9852e8?s=96&d=mm&r=g","contentUrl":"https:\/\/secure.gravatar.com\/avatar\/360749af9549af22e54582d50231ae56e854210ae2368797ba242f445a9852e8?s=96&d=mm&r=g","caption":"Laura Fernandez"},"url":"https:\/\/turcon.es\/wp\/author\/admturcon\/"}]}},"_links":{"self":[{"href":"https:\/\/turcon.es\/wp\/wp-json\/wp\/v2\/posts\/7322","targetHints":{"allow":["GET"]}}],"collection":[{"href":"https:\/\/turcon.es\/wp\/wp-json\/wp\/v2\/posts"}],"about":[{"href":"https:\/\/turcon.es\/wp\/wp-json\/wp\/v2\/types\/post"}],"author":[{"embeddable":true,"href":"https:\/\/turcon.es\/wp\/wp-json\/wp\/v2\/users\/2"}],"replies":[{"embeddable":true,"href":"https:\/\/turcon.es\/wp\/wp-json\/wp\/v2\/comments?post=7322"}],"version-history":[{"count":0,"href":"https:\/\/turcon.es\/wp\/wp-json\/wp\/v2\/posts\/7322\/revisions"}],"wp:attachment":[{"href":"https:\/\/turcon.es\/wp\/wp-json\/wp\/v2\/media?parent=7322"}],"wp:term":[{"taxonomy":"category","embeddable":true,"href":"https:\/\/turcon.es\/wp\/wp-json\/wp\/v2\/categories?post=7322"},{"taxonomy":"post_tag","embeddable":true,"href":"https:\/\/turcon.es\/wp\/wp-json\/wp\/v2\/tags?post=7322"}],"curies":[{"name":"wp","href":"https:\/\/api.w.org\/{rel}","templated":true}]}}