{"id":7380,"date":"2011-11-28T13:24:52","date_gmt":"2011-11-28T13:24:52","guid":{"rendered":"http:\/\/turcon.wordpress.com\/?p=7380"},"modified":"2011-11-28T13:24:52","modified_gmt":"2011-11-28T13:24:52","slug":"semana-de-la-montana-interesantes-conferencias","status":"publish","type":"post","link":"https:\/\/turcon.es\/wp\/semana-de-la-montana-interesantes-conferencias\/","title":{"rendered":"Semana de la Monta\u00f1a, interesantes conferencias"},"content":{"rendered":"<p style=\"text-align:justify;\"><strong><em>Con el t\u00edtulo \u201cLa Historia se revive en Gran Canaria\u201d, comienza la\u00a0<\/em><\/strong><strong>VII edici\u00f3n de la \u00a0SEMANA DE LA MONTA\u00d1A, de Las Palmas de Gran Canaria. Ser\u00e1 del\u00a0<\/strong>29 de noviembre al -03 de diciembre.<\/p>\n<p>20:00h.<\/p>\n<p>Entrada Gratuita.<a href=\"http:\/\/turcon.es\/wp\/wp-content\/uploads\/2011\/11\/cartelsemanamontac3b1agrancanaria2-011.jpg\"><img fetchpriority=\"high\" decoding=\"async\" class=\"alignright size-medium wp-image-7381\" title=\"CartelSemanaMonta\u00f1aGranCanaria2.011\" src=\"http:\/\/turcon.es\/wp\/wp-content\/uploads\/2011\/11\/cartelsemanamontac3b1agrancanaria2-011.jpg?w=211\" alt=\"\" width=\"211\" height=\"300\" \/><\/a><\/p>\n<p>Sala Cine Imax Museo Elder de la Ciencia y la Tecnolog\u00eda.<\/p>\n<p>Las Palmas de Gran Canaria.<\/p>\n<p style=\"text-align:justify;\"><span style=\"color:#800000;\">Revivir las grandes gestas, conquistas y tragedias del alpinismo internacional en los\u00a0colosos del Himalaya, la trayectoria del monta\u00f1ismo en nuestro pa\u00eds durante el \u00faltimo\u00a0siglo, la \u00e9poca dorada de la escalada en nuestra isla o la rigurosa actualidad de las\u00a0disciplinas que m\u00e1s fuerte han calado en los \u00faltimos tiempos, como son las carreras por\u00a0monta\u00f1a y de orientaci\u00f3n, son las propuestas con las que la <strong>Federaci\u00f3n Insular\u00a0<\/strong><strong>Gran Canaria de \u00a0Monta\u00f1ismo<\/strong>, con la colaboraci\u00f3n de la <strong>Federaci\u00f3n Canaria de\u00a0<\/strong><strong>Monta\u00f1ismo<\/strong>, invita a todos los amantes de la naturaleza, a sentir, vivir y disfrutar de\u00a0sus pasiones.<\/span><\/p>\n<p style=\"text-align:justify;\"><span style=\"color:#800000;\">Personajes irrepetibles dentro del mundo de la monta\u00f1a, junto a destacados deportistas\u00a0isle\u00f1os, forman la constelaci\u00f3n de conferenciantes que llenan el cartel de la s\u00e9ptima\u00a0edici\u00f3n de la Semana de la Monta\u00f1a en Gran Canaria:<\/span><\/p>\n<p><strong>Kurt Diemberger C\u00e9sar P\u00e9rez de Tudela<\/strong><\/p>\n<p><strong>Manolo Cardona Juan Aguilar<\/strong><\/p>\n<p><strong>Juan Cano Fran Ojeda<\/strong><\/p>\n<p><strong>Fernando Gonz\u00e1lez Ulises Ortiz<!--more--><\/strong><\/p>\n<p>Adem\u00e1s de disfrutar de im\u00e1genes in\u00e9ditas y de la sabidur\u00eda de los ponentes, el p\u00fablico\u00a0asistente participar\u00e1 en sorteos diarios, compuestos por material de monta\u00f1a (cortes\u00eda de\u00a0<strong>Mandala Climb <\/strong>y <strong>Lima Sport<\/strong>) e inscripciones a una de las carreras por monta\u00f1a m\u00e1s\u00a0prestigiosas de Europa (cortes\u00eda de <strong>Arista<\/strong>), as\u00ed como degustaciones en la inauguraci\u00f3n\u00a0y clausura de productos l\u00e1cteos (cortes\u00eda de <strong>Kalise<\/strong>).<\/p>\n<p><span style=\"text-decoration:underline;\"><strong>MARTES 29<\/strong><\/span><\/p>\n<p><strong><em>C\u00e9sar P\u00e9rez de Tudela (Madrid).\u201dAventuras de un explorador\u201d <\/em><\/strong>Dentro de este t\u00edtulo,<\/p>\n<p>el protagonista, nos dar\u00e1 un breve paseo por su vida y sus monta\u00f1as, haciendo especial<\/p>\n<p>hincapi\u00e9 en su concepci\u00f3n particular del alpinismo cl\u00e1sico. Ser\u00e1 un fascinante viaje por<\/p>\n<p>las monta\u00f1as de este mundo, narrado por uno de los principales y mayores difusores de<\/p>\n<p>este deporte en nuestro pa\u00eds. Perfectamente calificable como \u201cFil\u00f3sofo Alpino\u201d, adem\u00e1s<\/p>\n<p>de abogado, periodista y Doctor en Ciencias de la Informaci\u00f3n, C\u00e9sar es sin lugar a<\/p>\n<p>dudas la mayor enciclopedia viviente del monta\u00f1ismo espa\u00f1ol. Destacar la incre\u00edble<\/p>\n<p>nitidez con la que es capaz de narrar hechos, an\u00e9cdotas y fechas de haza\u00f1as, desgracias<\/p>\n<p>y conquistas en cualquier cordillera del planeta.<\/p>\n<p>&nbsp;<\/p>\n<p>&nbsp;<\/p>\n<p><strong>MIERCOLES 30<\/strong><\/p>\n<p><strong><em>Ulises Ortiz (Gran Canaria).\u201dCarreras de Orientaci\u00f3n\u201d <\/em><\/strong>De la mano de uno de los<\/p>\n<p>organizadores m\u00e1s destacado de nuestra tierra, conoceremos a fondo esta modalidad<\/p>\n<p>deportiva que, aunque no tiene nada de nueva, s\u00ed que est\u00e1 calando con fuerza en los<\/p>\n<p>\u00faltimos tiempos. Consistente en una carrera a pi\u00e9 y contra el crono, en el que el corredor<\/p>\n<p>debe encontrar una serie de balizas, nos introduciremos en una disciplina, para muchos<\/p>\n<p>desconocida, que nos ofrece un amplio abanico de posibilidades de disfrutar de la<\/p>\n<p>naturaleza. Desde practicarlo en familia, hasta las m\u00e1s exigentes competiciones<\/p>\n<p>internacionales.<strong><em> <\/em><\/strong><\/p>\n<p><strong><em>\u00a0<\/em><\/strong><\/p>\n<p><strong><em>Fer Gonz\u00e1lez (Gran Canaria).\u201dTNF TransGranCanaria\u201d <\/em><\/strong>Las ilusiones de un grupo<\/p>\n<p>de amigos cuyas intenciones eran atravesar corriendo la isla, han acabado por<\/p>\n<p>convertirse en una de las carreras por monta\u00f1a de mayor envergadura y prestigio del<\/p>\n<p>viejo continente. La exquisitez organizativa sumada a la generosa climatolog\u00eda canaria,<\/p>\n<p>ha hecho que muchos corredores de diferentes pa\u00edses, la anoten en sus agendas como<\/p>\n<p>\u201cprueba prioritaria en invierno\u201d. Encabezada por Fernando Gonz\u00e1lez y David D\u00e9niz, la<\/p>\n<p>Trans ha pasado a convertirse en una gran familia, que cada a\u00f1o trabaja con la misma<\/p>\n<p>ilusi\u00f3n del principio, para que el corredor se sienta \u201ctotalmente mimado\u201d. S\u00f3lo de esta<\/p>\n<p>manera, podr\u00eda fijarse en ella, la prestigiosa firma que desde hace varios a\u00f1os figura<\/p>\n<p>como patrocinador principal \u201cThe North Face\u201d. Disfrutaremos de un maravilloso v\u00eddeo<\/p>\n<p>que resume la edici\u00f3n de este a\u00f1o y conoceremos todos los detalles, cambios y<\/p>\n<p>novedades de la edici\u00f3n n\u00ba 14, a celebrar los d\u00edas 2,3 y 4 de marzo de 2.012.<\/p>\n<p>&nbsp;<\/p>\n<p><strong>JUEVES 01<\/strong><\/p>\n<p><strong><em>\u201dEscalada en Gran Canaria, 1.975-1.985 G.E.C.\u201d<\/em><\/strong><\/p>\n<p><strong><em>Manolo Cardona-Juan Cano. Juan Aguilar-Fran Ojeda (Gran Canaria). <\/em><\/strong>Al hablar de la escalada<\/p>\n<p>en roca en Gran Canaria, todas las conversaciones acaban derivando al Grupo de<\/p>\n<p>Escaladores Canarios (GEC), cuyo n\u00facleo principal lo formaron dos revolucionarias<\/p>\n<p>cordadas, que se encargaron de firmar la d\u00e9cada dorada de la escalada isle\u00f1a. Muchas de<\/p>\n<p>sus aperturas fueron de tal envergadura, que hoy en d\u00eda siguen constituyendo<\/p>\n<p>grand\u00edsimos problemas para los escaladores actuales. Casi treinta a\u00f1os despu\u00e9s, se unen<\/p>\n<p>de nuevo para darnos a conocer, a trav\u00e9s de una cuidada selecci\u00f3n de im\u00e1genes de la<\/p>\n<p>\u00e9poca, los pormenores de sus haza\u00f1as. Adem\u00e1s podremos disfrutar durante esta jornada,<\/p>\n<p>de una selecta exposici\u00f3n del material que utilizaban, calzado de la \u00e9poca, croquis y<\/p>\n<p>libros de v\u00edas que aun conservan&#8230; Ser\u00e1 por tanto, una ocasi\u00f3n \u00fanica para disfrutar de un<\/p>\n<p>emotivo paseo por el coraz\u00f3n de piedra de nuestra isla.<\/p>\n<p>&nbsp;<\/p>\n<p><strong>VIERNES 02<\/strong><\/p>\n<p><strong><em>Kurt Diemberger (Austria).\u201dEntre cero y ocho mil metros\u201d <\/em><\/strong>Espectacular clausura de la<\/p>\n<p>Semana. Kurt es una de las mayores leyendas vivas del himalayismo y para destacar la<\/p>\n<p>importancia de esta figura, perm\u00edtanme la comparativa con Di Stefano o Pel\u00e9 en el<\/p>\n<p>mundo del futbol. Este alpinista, nacido en 1932, aunque de esp\u00edritu joven, es la \u00fanica<\/p>\n<p>persona viva que tiene en su haber dos \u201cprimeras ascensiones\u201d a monta\u00f1as superiores a<\/p>\n<p>8.000 mts. Ha coronado 7 ocho miles, algunos de ellos hace m\u00e1s de medio siglo. Kurt es<\/p>\n<p>una de esas personas con las que todo monta\u00f1ero sue\u00f1a con ver y escuchar alguna vez<\/p>\n<p>en la vida y en esta ocasi\u00f3n, el privilegiado p\u00fablico canario tiene la oportunidad de<\/p>\n<p>disfrutar de dos ponencias diferentes de este irrepetible personaje. En su conferencia<\/p>\n<p>estrella, <strong><em>\u201dEntre cero y ocho mil metros\u201d, <\/em><\/strong>nos deleitar\u00e1 con cortos v\u00eddeos de sus mejores<\/p>\n<p>pel\u00edculas, intercalados entre fotos que saltan de los Alpes al Everest, pasando por el K2.<\/p>\n<p>&nbsp;<\/p>\n<p><strong>SABADO 03<\/strong><\/p>\n<p><strong><em>Kurt Diemberger y Tamadaba Trail Tour. <\/em><\/strong>El Club <em>Rungosay <\/em>en colaboraci\u00f3n con<\/p>\n<p><em>Zona Boxes Triatl\u00f3n<\/em>, organizan esta carrera por monta\u00f1a con salida y meta en el Valle<\/p>\n<p>de Agaete, cuyo recorrido transita los parajes m\u00e1s bellos del norte isle\u00f1o. (M\u00e1s info e<\/p>\n<p>inscripciones en rungosay.ning.com). Los corredores disfrutar\u00e1n de un \u201crecibimiento de<\/p>\n<p>altura\u201d dado que tanto Kurt Diemberger como el alpinista canario Javi Cruz, los estar\u00e1n<\/p>\n<p>esperando en la meta. Tras la entrega de trofeos, el <strong>Hotel &amp; Spa Roca Negra <\/strong>situado en<\/p>\n<p>el mismo pueblo pesquero de Agaete, invita tanto a corredores como admiradores, a<\/p>\n<p>disfrutar de la segunda de las conferencias del austriaco en Gran Canaria, que tendr\u00e1<\/p>\n<p>lugar a las <strong>18:00h. <\/strong>en el sal\u00f3n de actos del Hotel (www.hotelrocanegragrancanaria.com).<\/p>\n<p><strong><em>\u201cK2. Nudo Infinito\u201d <\/em><\/strong>es un audiovisual que nos narra con detalle una de las mayores<\/p>\n<p>tragedias vividas en las monta\u00f1as. Kurt es uno de los dos \u00fanicos supervivientes de aquel<\/p>\n<p>fat\u00eddico 1.986 en las entra\u00f1as del K2. El libro que lleva el mismo nombre de la<\/p>\n<p>conferencia, est\u00e1 considerado uno de los grandes cl\u00e1sicos de la literatura de monta\u00f1a.<\/p>\n","protected":false},"excerpt":{"rendered":"<p>Con el t\u00edtulo \u201cLa Historia se revive en Gran Canaria\u201d, comienza la\u00a0VII edici\u00f3n de la \u00a0SEMANA DE LA MONTA\u00d1A, de Las Palmas de Gran Canaria. Ser\u00e1 del\u00a029 de noviembre al -03 de diciembre. 20:00h. Entrada Gratuita. Sala Cine Imax Museo Elder de la Ciencia y la Tecnolog\u00eda. Las Palmas de Gran Canaria. Revivir las grandes [&hellip;]<\/p>\n","protected":false},"author":2,"featured_media":0,"comment_status":"open","ping_status":"open","sticky":false,"template":"","format":"standard","meta":{"footnotes":""},"categories":[37,57,58],"tags":[],"class_list":["post-7380","post","type-post","status-publish","format-standard","hentry","category-espacios-naturales","category-senderismo","category-sociedad-y-derechos"],"yoast_head":"<!-- This site is optimized with the Yoast SEO plugin v26.3 - https:\/\/yoast.com\/wordpress\/plugins\/seo\/ -->\n<title>Semana de la Monta\u00f1a, interesantes conferencias - Colectivo Ecologista Turcon<\/title>\n<meta name=\"robots\" content=\"index, follow, max-snippet:-1, max-image-preview:large, max-video-preview:-1\" \/>\n<link rel=\"canonical\" href=\"https:\/\/turcon.es\/wp\/semana-de-la-montana-interesantes-conferencias\/\" \/>\n<meta property=\"og:locale\" content=\"es_ES\" \/>\n<meta property=\"og:type\" content=\"article\" \/>\n<meta property=\"og:title\" content=\"Semana de la Monta\u00f1a, interesantes conferencias - Colectivo Ecologista Turcon\" \/>\n<meta property=\"og:description\" content=\"Con el t\u00edtulo \u201cLa Historia se revive en Gran Canaria\u201d, comienza la\u00a0VII edici\u00f3n de la \u00a0SEMANA DE LA MONTA\u00d1A, de Las Palmas de Gran Canaria. Ser\u00e1 del\u00a029 de noviembre al -03 de diciembre. 20:00h. Entrada Gratuita. Sala Cine Imax Museo Elder de la Ciencia y la Tecnolog\u00eda. Las Palmas de Gran Canaria. Revivir las grandes [&hellip;]\" \/>\n<meta property=\"og:url\" content=\"https:\/\/turcon.es\/wp\/semana-de-la-montana-interesantes-conferencias\/\" \/>\n<meta property=\"og:site_name\" content=\"Colectivo Ecologista Turcon\" \/>\n<meta property=\"article:published_time\" content=\"2011-11-28T13:24:52+00:00\" \/>\n<meta property=\"og:image\" content=\"https:\/\/turcon.es\/wp\/wp-content\/uploads\/2011\/11\/cartelsemanamontac3b1agrancanaria2-011-1.jpg\" \/>\n\t<meta property=\"og:image:width\" content=\"1181\" \/>\n\t<meta property=\"og:image:height\" content=\"1673\" \/>\n\t<meta property=\"og:image:type\" content=\"image\/jpeg\" \/>\n<meta name=\"author\" content=\"Laura Fernandez\" \/>\n<meta name=\"twitter:card\" content=\"summary_large_image\" \/>\n<meta name=\"twitter:label1\" content=\"Escrito por\" \/>\n\t<meta name=\"twitter:data1\" content=\"Laura Fernandez\" \/>\n\t<meta name=\"twitter:label2\" content=\"Tiempo de lectura\" \/>\n\t<meta name=\"twitter:data2\" content=\"6 minutos\" \/>\n<script type=\"application\/ld+json\" class=\"yoast-schema-graph\">{\"@context\":\"https:\/\/schema.org\",\"@graph\":[{\"@type\":\"Article\",\"@id\":\"https:\/\/turcon.es\/wp\/semana-de-la-montana-interesantes-conferencias\/#article\",\"isPartOf\":{\"@id\":\"https:\/\/turcon.es\/wp\/semana-de-la-montana-interesantes-conferencias\/\"},\"author\":{\"name\":\"Laura Fernandez\",\"@id\":\"https:\/\/turcon.es\/wp\/#\/schema\/person\/a1f3ba727ce031d9da17684affe85edd\"},\"headline\":\"Semana de la Monta\u00f1a, interesantes conferencias\",\"datePublished\":\"2011-11-28T13:24:52+00:00\",\"mainEntityOfPage\":{\"@id\":\"https:\/\/turcon.es\/wp\/semana-de-la-montana-interesantes-conferencias\/\"},\"wordCount\":1254,\"commentCount\":0,\"publisher\":{\"@id\":\"https:\/\/turcon.es\/wp\/#organization\"},\"image\":{\"@id\":\"https:\/\/turcon.es\/wp\/semana-de-la-montana-interesantes-conferencias\/#primaryimage\"},\"thumbnailUrl\":\"http:\/\/turcon.es\/wp\/wp-content\/uploads\/2011\/11\/cartelsemanamontac3b1agrancanaria2-011.jpg?w=211\",\"articleSection\":[\"Espacios Naturales\",\"Senderismo\",\"Sociedad y derechos\"],\"inLanguage\":\"es\",\"potentialAction\":[{\"@type\":\"CommentAction\",\"name\":\"Comment\",\"target\":[\"https:\/\/turcon.es\/wp\/semana-de-la-montana-interesantes-conferencias\/#respond\"]}]},{\"@type\":\"WebPage\",\"@id\":\"https:\/\/turcon.es\/wp\/semana-de-la-montana-interesantes-conferencias\/\",\"url\":\"https:\/\/turcon.es\/wp\/semana-de-la-montana-interesantes-conferencias\/\",\"name\":\"Semana de la Monta\u00f1a, interesantes conferencias - Colectivo Ecologista Turcon\",\"isPartOf\":{\"@id\":\"https:\/\/turcon.es\/wp\/#website\"},\"primaryImageOfPage\":{\"@id\":\"https:\/\/turcon.es\/wp\/semana-de-la-montana-interesantes-conferencias\/#primaryimage\"},\"image\":{\"@id\":\"https:\/\/turcon.es\/wp\/semana-de-la-montana-interesantes-conferencias\/#primaryimage\"},\"thumbnailUrl\":\"http:\/\/turcon.es\/wp\/wp-content\/uploads\/2011\/11\/cartelsemanamontac3b1agrancanaria2-011.jpg?w=211\",\"datePublished\":\"2011-11-28T13:24:52+00:00\",\"breadcrumb\":{\"@id\":\"https:\/\/turcon.es\/wp\/semana-de-la-montana-interesantes-conferencias\/#breadcrumb\"},\"inLanguage\":\"es\",\"potentialAction\":[{\"@type\":\"ReadAction\",\"target\":[\"https:\/\/turcon.es\/wp\/semana-de-la-montana-interesantes-conferencias\/\"]}]},{\"@type\":\"ImageObject\",\"inLanguage\":\"es\",\"@id\":\"https:\/\/turcon.es\/wp\/semana-de-la-montana-interesantes-conferencias\/#primaryimage\",\"url\":\"http:\/\/turcon.es\/wp\/wp-content\/uploads\/2011\/11\/cartelsemanamontac3b1agrancanaria2-011.jpg?w=211\",\"contentUrl\":\"http:\/\/turcon.es\/wp\/wp-content\/uploads\/2011\/11\/cartelsemanamontac3b1agrancanaria2-011.jpg?w=211\"},{\"@type\":\"BreadcrumbList\",\"@id\":\"https:\/\/turcon.es\/wp\/semana-de-la-montana-interesantes-conferencias\/#breadcrumb\",\"itemListElement\":[{\"@type\":\"ListItem\",\"position\":1,\"name\":\"Portada\",\"item\":\"https:\/\/turcon.es\/wp\/\"},{\"@type\":\"ListItem\",\"position\":2,\"name\":\"Semana de la Monta\u00f1a, interesantes conferencias\"}]},{\"@type\":\"WebSite\",\"@id\":\"https:\/\/turcon.es\/wp\/#website\",\"url\":\"https:\/\/turcon.es\/wp\/\",\"name\":\"Colectivo Ecologista Turcon\",\"description\":\"\",\"publisher\":{\"@id\":\"https:\/\/turcon.es\/wp\/#organization\"},\"potentialAction\":[{\"@type\":\"SearchAction\",\"target\":{\"@type\":\"EntryPoint\",\"urlTemplate\":\"https:\/\/turcon.es\/wp\/?s={search_term_string}\"},\"query-input\":{\"@type\":\"PropertyValueSpecification\",\"valueRequired\":true,\"valueName\":\"search_term_string\"}}],\"inLanguage\":\"es\"},{\"@type\":\"Organization\",\"@id\":\"https:\/\/turcon.es\/wp\/#organization\",\"name\":\"Colectivo Ecologista Turcon\",\"url\":\"https:\/\/turcon.es\/wp\/\",\"logo\":{\"@type\":\"ImageObject\",\"inLanguage\":\"es\",\"@id\":\"https:\/\/turcon.es\/wp\/#\/schema\/logo\/image\/\",\"url\":\"https:\/\/turcon.es\/wp\/wp-content\/uploads\/2025\/03\/logo-verde.svg\",\"contentUrl\":\"https:\/\/turcon.es\/wp\/wp-content\/uploads\/2025\/03\/logo-verde.svg\",\"width\":813,\"height\":813,\"caption\":\"Colectivo Ecologista Turcon\"},\"image\":{\"@id\":\"https:\/\/turcon.es\/wp\/#\/schema\/logo\/image\/\"}},{\"@type\":\"Person\",\"@id\":\"https:\/\/turcon.es\/wp\/#\/schema\/person\/a1f3ba727ce031d9da17684affe85edd\",\"name\":\"Laura Fernandez\",\"image\":{\"@type\":\"ImageObject\",\"inLanguage\":\"es\",\"@id\":\"https:\/\/turcon.es\/wp\/#\/schema\/person\/image\/\",\"url\":\"https:\/\/secure.gravatar.com\/avatar\/360749af9549af22e54582d50231ae56e854210ae2368797ba242f445a9852e8?s=96&d=mm&r=g\",\"contentUrl\":\"https:\/\/secure.gravatar.com\/avatar\/360749af9549af22e54582d50231ae56e854210ae2368797ba242f445a9852e8?s=96&d=mm&r=g\",\"caption\":\"Laura Fernandez\"},\"url\":\"https:\/\/turcon.es\/wp\/author\/admturcon\/\"}]}<\/script>\n<!-- \/ Yoast SEO plugin. -->","yoast_head_json":{"title":"Semana de la Monta\u00f1a, interesantes conferencias - Colectivo Ecologista Turcon","robots":{"index":"index","follow":"follow","max-snippet":"max-snippet:-1","max-image-preview":"max-image-preview:large","max-video-preview":"max-video-preview:-1"},"canonical":"https:\/\/turcon.es\/wp\/semana-de-la-montana-interesantes-conferencias\/","og_locale":"es_ES","og_type":"article","og_title":"Semana de la Monta\u00f1a, interesantes conferencias - Colectivo Ecologista Turcon","og_description":"Con el t\u00edtulo \u201cLa Historia se revive en Gran Canaria\u201d, comienza la\u00a0VII edici\u00f3n de la \u00a0SEMANA DE LA MONTA\u00d1A, de Las Palmas de Gran Canaria. Ser\u00e1 del\u00a029 de noviembre al -03 de diciembre. 20:00h. Entrada Gratuita. Sala Cine Imax Museo Elder de la Ciencia y la Tecnolog\u00eda. Las Palmas de Gran Canaria. Revivir las grandes [&hellip;]","og_url":"https:\/\/turcon.es\/wp\/semana-de-la-montana-interesantes-conferencias\/","og_site_name":"Colectivo Ecologista Turcon","article_published_time":"2011-11-28T13:24:52+00:00","og_image":[{"width":1181,"height":1673,"url":"https:\/\/turcon.es\/wp\/wp-content\/uploads\/2011\/11\/cartelsemanamontac3b1agrancanaria2-011-1.jpg","type":"image\/jpeg"}],"author":"Laura Fernandez","twitter_card":"summary_large_image","twitter_misc":{"Escrito por":"Laura Fernandez","Tiempo de lectura":"6 minutos"},"schema":{"@context":"https:\/\/schema.org","@graph":[{"@type":"Article","@id":"https:\/\/turcon.es\/wp\/semana-de-la-montana-interesantes-conferencias\/#article","isPartOf":{"@id":"https:\/\/turcon.es\/wp\/semana-de-la-montana-interesantes-conferencias\/"},"author":{"name":"Laura Fernandez","@id":"https:\/\/turcon.es\/wp\/#\/schema\/person\/a1f3ba727ce031d9da17684affe85edd"},"headline":"Semana de la Monta\u00f1a, interesantes conferencias","datePublished":"2011-11-28T13:24:52+00:00","mainEntityOfPage":{"@id":"https:\/\/turcon.es\/wp\/semana-de-la-montana-interesantes-conferencias\/"},"wordCount":1254,"commentCount":0,"publisher":{"@id":"https:\/\/turcon.es\/wp\/#organization"},"image":{"@id":"https:\/\/turcon.es\/wp\/semana-de-la-montana-interesantes-conferencias\/#primaryimage"},"thumbnailUrl":"http:\/\/turcon.es\/wp\/wp-content\/uploads\/2011\/11\/cartelsemanamontac3b1agrancanaria2-011.jpg?w=211","articleSection":["Espacios Naturales","Senderismo","Sociedad y derechos"],"inLanguage":"es","potentialAction":[{"@type":"CommentAction","name":"Comment","target":["https:\/\/turcon.es\/wp\/semana-de-la-montana-interesantes-conferencias\/#respond"]}]},{"@type":"WebPage","@id":"https:\/\/turcon.es\/wp\/semana-de-la-montana-interesantes-conferencias\/","url":"https:\/\/turcon.es\/wp\/semana-de-la-montana-interesantes-conferencias\/","name":"Semana de la Monta\u00f1a, interesantes conferencias - Colectivo Ecologista Turcon","isPartOf":{"@id":"https:\/\/turcon.es\/wp\/#website"},"primaryImageOfPage":{"@id":"https:\/\/turcon.es\/wp\/semana-de-la-montana-interesantes-conferencias\/#primaryimage"},"image":{"@id":"https:\/\/turcon.es\/wp\/semana-de-la-montana-interesantes-conferencias\/#primaryimage"},"thumbnailUrl":"http:\/\/turcon.es\/wp\/wp-content\/uploads\/2011\/11\/cartelsemanamontac3b1agrancanaria2-011.jpg?w=211","datePublished":"2011-11-28T13:24:52+00:00","breadcrumb":{"@id":"https:\/\/turcon.es\/wp\/semana-de-la-montana-interesantes-conferencias\/#breadcrumb"},"inLanguage":"es","potentialAction":[{"@type":"ReadAction","target":["https:\/\/turcon.es\/wp\/semana-de-la-montana-interesantes-conferencias\/"]}]},{"@type":"ImageObject","inLanguage":"es","@id":"https:\/\/turcon.es\/wp\/semana-de-la-montana-interesantes-conferencias\/#primaryimage","url":"http:\/\/turcon.es\/wp\/wp-content\/uploads\/2011\/11\/cartelsemanamontac3b1agrancanaria2-011.jpg?w=211","contentUrl":"http:\/\/turcon.es\/wp\/wp-content\/uploads\/2011\/11\/cartelsemanamontac3b1agrancanaria2-011.jpg?w=211"},{"@type":"BreadcrumbList","@id":"https:\/\/turcon.es\/wp\/semana-de-la-montana-interesantes-conferencias\/#breadcrumb","itemListElement":[{"@type":"ListItem","position":1,"name":"Portada","item":"https:\/\/turcon.es\/wp\/"},{"@type":"ListItem","position":2,"name":"Semana de la Monta\u00f1a, interesantes conferencias"}]},{"@type":"WebSite","@id":"https:\/\/turcon.es\/wp\/#website","url":"https:\/\/turcon.es\/wp\/","name":"Colectivo Ecologista Turcon","description":"","publisher":{"@id":"https:\/\/turcon.es\/wp\/#organization"},"potentialAction":[{"@type":"SearchAction","target":{"@type":"EntryPoint","urlTemplate":"https:\/\/turcon.es\/wp\/?s={search_term_string}"},"query-input":{"@type":"PropertyValueSpecification","valueRequired":true,"valueName":"search_term_string"}}],"inLanguage":"es"},{"@type":"Organization","@id":"https:\/\/turcon.es\/wp\/#organization","name":"Colectivo Ecologista Turcon","url":"https:\/\/turcon.es\/wp\/","logo":{"@type":"ImageObject","inLanguage":"es","@id":"https:\/\/turcon.es\/wp\/#\/schema\/logo\/image\/","url":"https:\/\/turcon.es\/wp\/wp-content\/uploads\/2025\/03\/logo-verde.svg","contentUrl":"https:\/\/turcon.es\/wp\/wp-content\/uploads\/2025\/03\/logo-verde.svg","width":813,"height":813,"caption":"Colectivo Ecologista Turcon"},"image":{"@id":"https:\/\/turcon.es\/wp\/#\/schema\/logo\/image\/"}},{"@type":"Person","@id":"https:\/\/turcon.es\/wp\/#\/schema\/person\/a1f3ba727ce031d9da17684affe85edd","name":"Laura Fernandez","image":{"@type":"ImageObject","inLanguage":"es","@id":"https:\/\/turcon.es\/wp\/#\/schema\/person\/image\/","url":"https:\/\/secure.gravatar.com\/avatar\/360749af9549af22e54582d50231ae56e854210ae2368797ba242f445a9852e8?s=96&d=mm&r=g","contentUrl":"https:\/\/secure.gravatar.com\/avatar\/360749af9549af22e54582d50231ae56e854210ae2368797ba242f445a9852e8?s=96&d=mm&r=g","caption":"Laura Fernandez"},"url":"https:\/\/turcon.es\/wp\/author\/admturcon\/"}]}},"_links":{"self":[{"href":"https:\/\/turcon.es\/wp\/wp-json\/wp\/v2\/posts\/7380","targetHints":{"allow":["GET"]}}],"collection":[{"href":"https:\/\/turcon.es\/wp\/wp-json\/wp\/v2\/posts"}],"about":[{"href":"https:\/\/turcon.es\/wp\/wp-json\/wp\/v2\/types\/post"}],"author":[{"embeddable":true,"href":"https:\/\/turcon.es\/wp\/wp-json\/wp\/v2\/users\/2"}],"replies":[{"embeddable":true,"href":"https:\/\/turcon.es\/wp\/wp-json\/wp\/v2\/comments?post=7380"}],"version-history":[{"count":0,"href":"https:\/\/turcon.es\/wp\/wp-json\/wp\/v2\/posts\/7380\/revisions"}],"wp:attachment":[{"href":"https:\/\/turcon.es\/wp\/wp-json\/wp\/v2\/media?parent=7380"}],"wp:term":[{"taxonomy":"category","embeddable":true,"href":"https:\/\/turcon.es\/wp\/wp-json\/wp\/v2\/categories?post=7380"},{"taxonomy":"post_tag","embeddable":true,"href":"https:\/\/turcon.es\/wp\/wp-json\/wp\/v2\/tags?post=7380"}],"curies":[{"name":"wp","href":"https:\/\/api.w.org\/{rel}","templated":true}]}}