{"id":7515,"date":"2011-12-16T15:16:25","date_gmt":"2011-12-16T15:16:25","guid":{"rendered":"http:\/\/turcon.wordpress.com\/?p=7515"},"modified":"2011-12-16T15:16:25","modified_gmt":"2011-12-16T15:16:25","slug":"la-directora-de-greenpeace-abandona-la-ong-en-plena-cumbre-del-clima","status":"publish","type":"post","link":"https:\/\/turcon.es\/wp\/la-directora-de-greenpeace-abandona-la-ong-en-plena-cumbre-del-clima\/","title":{"rendered":"La directora de Greenpeace abandona la ONG en plena Cumbre del Clima"},"content":{"rendered":"<p style=\"text-align:justify;\"><span style=\"color:#800000;\"><strong>La periodista Miren Guti\u00e9rrez, que alega \u00abmotivos personales\u00bb, no ha durado ni un a\u00f1o al frente de la ONG<\/strong><\/span><\/p>\n<p style=\"text-align:justify;\"><span style=\"color:#800000;\"><strong>Cuando asumi\u00f3 la direcci\u00f3n ejecutiva de Greenpeace, con m\u00e1s de 100.000 socios en Espa\u00f1a, la periodista Miren Guti\u00e9rrez asegur\u00f3 que sus prioridades ser\u00edan \u00abcambio clim\u00e1tico, cambio clim\u00e1tico y cambio clim\u00e1tico\u00bb. Hoy por la tarde, en pleno arranque de la Cumbre del Clima de la ONU en Durban (Sur\u00e1frica), Guti\u00e9rrez anunci\u00f3 que abandona el puesto \u00abpor motivos personales\u00bb. No ha durado ni un a\u00f1o al frente de la principal organizaci\u00f3n ecologista de Espa\u00f1a.<a href=\"http:\/\/turcon.es\/wp\/wp-content\/uploads\/2011\/12\/1322764587726mirenpecotdn.jpg\"><img fetchpriority=\"high\" decoding=\"async\" class=\"alignright size-medium wp-image-7516\" title=\"1322764587726mirenpecotdn\" src=\"http:\/\/turcon.es\/wp\/wp-content\/uploads\/2011\/12\/1322764587726mirenpecotdn.jpg?w=300\" alt=\"\" width=\"300\" height=\"200\" \/><\/a><\/strong><\/span><\/p>\n<p style=\"text-align:justify;\">La ONG, en un comunicado, ha agradecido \u00abel trabajo realizado durante todo este tiempo, su esfuerzo y su compromiso con Greenpeace\u00bb. En privado, no obstante, varios miembros de la asociaci\u00f3n muestran su \u00absorpresa\u00bb ante la abrupta marcha de la directora ejecutiva, que sustituy\u00f3 a Juan L\u00f3pez de Uralde el 17 de enero de este a\u00f1o, tras su salida para fundar el partido pol\u00edtico Equo.<\/p>\n<p>\u00a0MANUEL ANSEDE Madrid. El Mundo.es<!--more--><\/p>\n<p>Durante sus 11 meses al mando, Guti\u00e9rrez ha estado alejada de la primera l\u00ednea de la organizaci\u00f3n y no ha actuado como portavoz de sus principales campa\u00f1as, como la antinuclear o la antitransg\u00e9nicos. \u00abNo le ha dado tiempo a tener un perfil p\u00fablico. No ven\u00eda de dentro y no conoc\u00eda nuestras campa\u00f1as\u00bb, explican fuentes de la ONG.<\/p>\n<p>&nbsp;<\/p>\n<p>En conversaci\u00f3n telef\u00f3nica, Guti\u00e9rrez declar\u00f3 este jueves que se va \u00abpor motivos personales que no interesan a nadie\u00bb y niega ning\u00fan tipo de discrepancia con la asociaci\u00f3n. \u00abLamento much\u00edsimo irme, porque Greenpeace es una fabulosa organizaci\u00f3n\u00bb, a\u00f1adi\u00f3.<\/p>\n<p>&nbsp;<\/p>\n<p>La ya exdirectora ejecutiva de la ONG, nacida en Pamplona en 1966, estudi\u00f3 Magisterio y Filolog\u00eda y, con 24 a\u00f1os, se fue como periodista de la agencia Efe a Hong Kong. Cuando tom\u00f3 las riendas de Greenpeace, llevaba 20 a\u00f1os fuera de Espa\u00f1a. Durante este a\u00f1o, ha manejado un presupuesto de 7,7 millones de euros, procedentes \u00edntegramente de aportaciones de los socios.<\/p>\n<p>&nbsp;<\/p>\n<p>A por \u00abla paz mundial\u00bb<\/p>\n<p>Guti\u00e9rrez se aup\u00f3 a la direcci\u00f3n de Greenpeace tras un proceso en el que se descartaron 200 candidatos. \u00abSuena absolutamente rom\u00e1ntico, cursi y grandilocuente, pero mi reto es la paz mundial\u00bb, afirm\u00f3 en una entrevista con este peri\u00f3dico nada m\u00e1s conocerse su nombramiento. \u00abBusc\u00e1bamos un luchador y la decisi\u00f3n final ha sido f\u00e1cil\u00bb, sostuvo entonces la presidenta de la junta directiva de Greenpeace, Sonia Rubio.<\/p>\n<p>&nbsp;<\/p>\n<p>Ahora la ONG comienza de nuevo la b\u00fasqueda de un l\u00edder, de manera \u00abacelerada\u00bb, seg\u00fan fuentes internas. El proceso durar\u00e1 entre uno y dos meses. \u00abEl trabajo de la organizaci\u00f3n ecologista contin\u00faa su curso. Ahora todos los esfuerzos est\u00e1n centrados en la cumbre clim\u00e1tica de Naciones Unidas que en estos momentos est\u00e1 teniendo lugar en Durban\u00bb, manifest\u00f3 Greenpeace.<\/p>\n<p>&nbsp;<\/p>\n","protected":false},"excerpt":{"rendered":"<p>La periodista Miren Guti\u00e9rrez, que alega \u00abmotivos personales\u00bb, no ha durado ni un a\u00f1o al frente de la ONG Cuando asumi\u00f3 la direcci\u00f3n ejecutiva de Greenpeace, con m\u00e1s de 100.000 socios en Espa\u00f1a, la periodista Miren Guti\u00e9rrez asegur\u00f3 que sus prioridades ser\u00edan \u00abcambio clim\u00e1tico, cambio clim\u00e1tico y cambio clim\u00e1tico\u00bb. Hoy por la tarde, en pleno [&hellip;]<\/p>\n","protected":false},"author":2,"featured_media":0,"comment_status":"open","ping_status":"open","sticky":false,"template":"","format":"standard","meta":{"footnotes":""},"categories":[17,22,69,58],"tags":[],"class_list":["post-7515","post","type-post","status-publish","format-standard","hentry","category-cambio-climatico","category-concienciacion","category-movimiento-ciudadano","category-sociedad-y-derechos"],"yoast_head":"<!-- This site is optimized with the Yoast SEO plugin v26.3 - https:\/\/yoast.com\/wordpress\/plugins\/seo\/ -->\n<title>La directora de Greenpeace abandona la ONG en plena Cumbre del Clima - Colectivo Ecologista Turcon<\/title>\n<meta name=\"robots\" content=\"index, follow, max-snippet:-1, max-image-preview:large, max-video-preview:-1\" \/>\n<link rel=\"canonical\" href=\"https:\/\/turcon.es\/wp\/la-directora-de-greenpeace-abandona-la-ong-en-plena-cumbre-del-clima\/\" \/>\n<meta property=\"og:locale\" content=\"es_ES\" \/>\n<meta property=\"og:type\" content=\"article\" \/>\n<meta property=\"og:title\" content=\"La directora de Greenpeace abandona la ONG en plena Cumbre del Clima - Colectivo Ecologista Turcon\" \/>\n<meta property=\"og:description\" content=\"La periodista Miren Guti\u00e9rrez, que alega \u00abmotivos personales\u00bb, no ha durado ni un a\u00f1o al frente de la ONG Cuando asumi\u00f3 la direcci\u00f3n ejecutiva de Greenpeace, con m\u00e1s de 100.000 socios en Espa\u00f1a, la periodista Miren Guti\u00e9rrez asegur\u00f3 que sus prioridades ser\u00edan \u00abcambio clim\u00e1tico, cambio clim\u00e1tico y cambio clim\u00e1tico\u00bb. Hoy por la tarde, en pleno [&hellip;]\" \/>\n<meta property=\"og:url\" content=\"https:\/\/turcon.es\/wp\/la-directora-de-greenpeace-abandona-la-ong-en-plena-cumbre-del-clima\/\" \/>\n<meta property=\"og:site_name\" content=\"Colectivo Ecologista Turcon\" \/>\n<meta property=\"article:published_time\" content=\"2011-12-16T15:16:25+00:00\" \/>\n<meta property=\"og:image\" content=\"https:\/\/turcon.es\/wp\/wp-content\/uploads\/2011\/12\/1322764587726mirenpecotdn-1.jpg\" \/>\n\t<meta property=\"og:image:width\" content=\"400\" \/>\n\t<meta property=\"og:image:height\" content=\"267\" \/>\n\t<meta property=\"og:image:type\" content=\"image\/jpeg\" \/>\n<meta name=\"author\" content=\"Laura Fernandez\" \/>\n<meta name=\"twitter:card\" content=\"summary_large_image\" \/>\n<meta name=\"twitter:label1\" content=\"Escrito por\" \/>\n\t<meta name=\"twitter:data1\" content=\"Laura Fernandez\" \/>\n\t<meta name=\"twitter:label2\" content=\"Tiempo de lectura\" \/>\n\t<meta name=\"twitter:data2\" content=\"2 minutos\" \/>\n<script type=\"application\/ld+json\" class=\"yoast-schema-graph\">{\"@context\":\"https:\/\/schema.org\",\"@graph\":[{\"@type\":\"Article\",\"@id\":\"https:\/\/turcon.es\/wp\/la-directora-de-greenpeace-abandona-la-ong-en-plena-cumbre-del-clima\/#article\",\"isPartOf\":{\"@id\":\"https:\/\/turcon.es\/wp\/la-directora-de-greenpeace-abandona-la-ong-en-plena-cumbre-del-clima\/\"},\"author\":{\"name\":\"Laura Fernandez\",\"@id\":\"https:\/\/turcon.es\/wp\/#\/schema\/person\/a1f3ba727ce031d9da17684affe85edd\"},\"headline\":\"La directora de Greenpeace abandona la ONG en plena Cumbre del Clima\",\"datePublished\":\"2011-12-16T15:16:25+00:00\",\"mainEntityOfPage\":{\"@id\":\"https:\/\/turcon.es\/wp\/la-directora-de-greenpeace-abandona-la-ong-en-plena-cumbre-del-clima\/\"},\"wordCount\":510,\"commentCount\":0,\"publisher\":{\"@id\":\"https:\/\/turcon.es\/wp\/#organization\"},\"image\":{\"@id\":\"https:\/\/turcon.es\/wp\/la-directora-de-greenpeace-abandona-la-ong-en-plena-cumbre-del-clima\/#primaryimage\"},\"thumbnailUrl\":\"http:\/\/turcon.es\/wp\/wp-content\/uploads\/2011\/12\/1322764587726mirenpecotdn.jpg?w=300\",\"articleSection\":[\"Cambio clim\u00e1tico\",\"Concienciaci\u00f3n\",\"Movimiento ciudadano\",\"Sociedad y derechos\"],\"inLanguage\":\"es\",\"potentialAction\":[{\"@type\":\"CommentAction\",\"name\":\"Comment\",\"target\":[\"https:\/\/turcon.es\/wp\/la-directora-de-greenpeace-abandona-la-ong-en-plena-cumbre-del-clima\/#respond\"]}]},{\"@type\":\"WebPage\",\"@id\":\"https:\/\/turcon.es\/wp\/la-directora-de-greenpeace-abandona-la-ong-en-plena-cumbre-del-clima\/\",\"url\":\"https:\/\/turcon.es\/wp\/la-directora-de-greenpeace-abandona-la-ong-en-plena-cumbre-del-clima\/\",\"name\":\"La directora de Greenpeace abandona la ONG en plena Cumbre del Clima - Colectivo Ecologista Turcon\",\"isPartOf\":{\"@id\":\"https:\/\/turcon.es\/wp\/#website\"},\"primaryImageOfPage\":{\"@id\":\"https:\/\/turcon.es\/wp\/la-directora-de-greenpeace-abandona-la-ong-en-plena-cumbre-del-clima\/#primaryimage\"},\"image\":{\"@id\":\"https:\/\/turcon.es\/wp\/la-directora-de-greenpeace-abandona-la-ong-en-plena-cumbre-del-clima\/#primaryimage\"},\"thumbnailUrl\":\"http:\/\/turcon.es\/wp\/wp-content\/uploads\/2011\/12\/1322764587726mirenpecotdn.jpg?w=300\",\"datePublished\":\"2011-12-16T15:16:25+00:00\",\"breadcrumb\":{\"@id\":\"https:\/\/turcon.es\/wp\/la-directora-de-greenpeace-abandona-la-ong-en-plena-cumbre-del-clima\/#breadcrumb\"},\"inLanguage\":\"es\",\"potentialAction\":[{\"@type\":\"ReadAction\",\"target\":[\"https:\/\/turcon.es\/wp\/la-directora-de-greenpeace-abandona-la-ong-en-plena-cumbre-del-clima\/\"]}]},{\"@type\":\"ImageObject\",\"inLanguage\":\"es\",\"@id\":\"https:\/\/turcon.es\/wp\/la-directora-de-greenpeace-abandona-la-ong-en-plena-cumbre-del-clima\/#primaryimage\",\"url\":\"http:\/\/turcon.es\/wp\/wp-content\/uploads\/2011\/12\/1322764587726mirenpecotdn.jpg?w=300\",\"contentUrl\":\"http:\/\/turcon.es\/wp\/wp-content\/uploads\/2011\/12\/1322764587726mirenpecotdn.jpg?w=300\"},{\"@type\":\"BreadcrumbList\",\"@id\":\"https:\/\/turcon.es\/wp\/la-directora-de-greenpeace-abandona-la-ong-en-plena-cumbre-del-clima\/#breadcrumb\",\"itemListElement\":[{\"@type\":\"ListItem\",\"position\":1,\"name\":\"Portada\",\"item\":\"https:\/\/turcon.es\/wp\/\"},{\"@type\":\"ListItem\",\"position\":2,\"name\":\"La directora de Greenpeace abandona la ONG en plena Cumbre del Clima\"}]},{\"@type\":\"WebSite\",\"@id\":\"https:\/\/turcon.es\/wp\/#website\",\"url\":\"https:\/\/turcon.es\/wp\/\",\"name\":\"Colectivo Ecologista Turcon\",\"description\":\"\",\"publisher\":{\"@id\":\"https:\/\/turcon.es\/wp\/#organization\"},\"potentialAction\":[{\"@type\":\"SearchAction\",\"target\":{\"@type\":\"EntryPoint\",\"urlTemplate\":\"https:\/\/turcon.es\/wp\/?s={search_term_string}\"},\"query-input\":{\"@type\":\"PropertyValueSpecification\",\"valueRequired\":true,\"valueName\":\"search_term_string\"}}],\"inLanguage\":\"es\"},{\"@type\":\"Organization\",\"@id\":\"https:\/\/turcon.es\/wp\/#organization\",\"name\":\"Colectivo Ecologista Turcon\",\"url\":\"https:\/\/turcon.es\/wp\/\",\"logo\":{\"@type\":\"ImageObject\",\"inLanguage\":\"es\",\"@id\":\"https:\/\/turcon.es\/wp\/#\/schema\/logo\/image\/\",\"url\":\"https:\/\/turcon.es\/wp\/wp-content\/uploads\/2025\/03\/logo-verde.svg\",\"contentUrl\":\"https:\/\/turcon.es\/wp\/wp-content\/uploads\/2025\/03\/logo-verde.svg\",\"width\":813,\"height\":813,\"caption\":\"Colectivo Ecologista Turcon\"},\"image\":{\"@id\":\"https:\/\/turcon.es\/wp\/#\/schema\/logo\/image\/\"}},{\"@type\":\"Person\",\"@id\":\"https:\/\/turcon.es\/wp\/#\/schema\/person\/a1f3ba727ce031d9da17684affe85edd\",\"name\":\"Laura Fernandez\",\"image\":{\"@type\":\"ImageObject\",\"inLanguage\":\"es\",\"@id\":\"https:\/\/turcon.es\/wp\/#\/schema\/person\/image\/\",\"url\":\"https:\/\/secure.gravatar.com\/avatar\/360749af9549af22e54582d50231ae56e854210ae2368797ba242f445a9852e8?s=96&d=mm&r=g\",\"contentUrl\":\"https:\/\/secure.gravatar.com\/avatar\/360749af9549af22e54582d50231ae56e854210ae2368797ba242f445a9852e8?s=96&d=mm&r=g\",\"caption\":\"Laura Fernandez\"},\"url\":\"https:\/\/turcon.es\/wp\/author\/admturcon\/\"}]}<\/script>\n<!-- \/ Yoast SEO plugin. -->","yoast_head_json":{"title":"La directora de Greenpeace abandona la ONG en plena Cumbre del Clima - Colectivo Ecologista Turcon","robots":{"index":"index","follow":"follow","max-snippet":"max-snippet:-1","max-image-preview":"max-image-preview:large","max-video-preview":"max-video-preview:-1"},"canonical":"https:\/\/turcon.es\/wp\/la-directora-de-greenpeace-abandona-la-ong-en-plena-cumbre-del-clima\/","og_locale":"es_ES","og_type":"article","og_title":"La directora de Greenpeace abandona la ONG en plena Cumbre del Clima - Colectivo Ecologista Turcon","og_description":"La periodista Miren Guti\u00e9rrez, que alega \u00abmotivos personales\u00bb, no ha durado ni un a\u00f1o al frente de la ONG Cuando asumi\u00f3 la direcci\u00f3n ejecutiva de Greenpeace, con m\u00e1s de 100.000 socios en Espa\u00f1a, la periodista Miren Guti\u00e9rrez asegur\u00f3 que sus prioridades ser\u00edan \u00abcambio clim\u00e1tico, cambio clim\u00e1tico y cambio clim\u00e1tico\u00bb. Hoy por la tarde, en pleno [&hellip;]","og_url":"https:\/\/turcon.es\/wp\/la-directora-de-greenpeace-abandona-la-ong-en-plena-cumbre-del-clima\/","og_site_name":"Colectivo Ecologista Turcon","article_published_time":"2011-12-16T15:16:25+00:00","og_image":[{"width":400,"height":267,"url":"https:\/\/turcon.es\/wp\/wp-content\/uploads\/2011\/12\/1322764587726mirenpecotdn-1.jpg","type":"image\/jpeg"}],"author":"Laura Fernandez","twitter_card":"summary_large_image","twitter_misc":{"Escrito por":"Laura Fernandez","Tiempo de lectura":"2 minutos"},"schema":{"@context":"https:\/\/schema.org","@graph":[{"@type":"Article","@id":"https:\/\/turcon.es\/wp\/la-directora-de-greenpeace-abandona-la-ong-en-plena-cumbre-del-clima\/#article","isPartOf":{"@id":"https:\/\/turcon.es\/wp\/la-directora-de-greenpeace-abandona-la-ong-en-plena-cumbre-del-clima\/"},"author":{"name":"Laura Fernandez","@id":"https:\/\/turcon.es\/wp\/#\/schema\/person\/a1f3ba727ce031d9da17684affe85edd"},"headline":"La directora de Greenpeace abandona la ONG en plena Cumbre del Clima","datePublished":"2011-12-16T15:16:25+00:00","mainEntityOfPage":{"@id":"https:\/\/turcon.es\/wp\/la-directora-de-greenpeace-abandona-la-ong-en-plena-cumbre-del-clima\/"},"wordCount":510,"commentCount":0,"publisher":{"@id":"https:\/\/turcon.es\/wp\/#organization"},"image":{"@id":"https:\/\/turcon.es\/wp\/la-directora-de-greenpeace-abandona-la-ong-en-plena-cumbre-del-clima\/#primaryimage"},"thumbnailUrl":"http:\/\/turcon.es\/wp\/wp-content\/uploads\/2011\/12\/1322764587726mirenpecotdn.jpg?w=300","articleSection":["Cambio clim\u00e1tico","Concienciaci\u00f3n","Movimiento ciudadano","Sociedad y derechos"],"inLanguage":"es","potentialAction":[{"@type":"CommentAction","name":"Comment","target":["https:\/\/turcon.es\/wp\/la-directora-de-greenpeace-abandona-la-ong-en-plena-cumbre-del-clima\/#respond"]}]},{"@type":"WebPage","@id":"https:\/\/turcon.es\/wp\/la-directora-de-greenpeace-abandona-la-ong-en-plena-cumbre-del-clima\/","url":"https:\/\/turcon.es\/wp\/la-directora-de-greenpeace-abandona-la-ong-en-plena-cumbre-del-clima\/","name":"La directora de Greenpeace abandona la ONG en plena Cumbre del Clima - Colectivo Ecologista Turcon","isPartOf":{"@id":"https:\/\/turcon.es\/wp\/#website"},"primaryImageOfPage":{"@id":"https:\/\/turcon.es\/wp\/la-directora-de-greenpeace-abandona-la-ong-en-plena-cumbre-del-clima\/#primaryimage"},"image":{"@id":"https:\/\/turcon.es\/wp\/la-directora-de-greenpeace-abandona-la-ong-en-plena-cumbre-del-clima\/#primaryimage"},"thumbnailUrl":"http:\/\/turcon.es\/wp\/wp-content\/uploads\/2011\/12\/1322764587726mirenpecotdn.jpg?w=300","datePublished":"2011-12-16T15:16:25+00:00","breadcrumb":{"@id":"https:\/\/turcon.es\/wp\/la-directora-de-greenpeace-abandona-la-ong-en-plena-cumbre-del-clima\/#breadcrumb"},"inLanguage":"es","potentialAction":[{"@type":"ReadAction","target":["https:\/\/turcon.es\/wp\/la-directora-de-greenpeace-abandona-la-ong-en-plena-cumbre-del-clima\/"]}]},{"@type":"ImageObject","inLanguage":"es","@id":"https:\/\/turcon.es\/wp\/la-directora-de-greenpeace-abandona-la-ong-en-plena-cumbre-del-clima\/#primaryimage","url":"http:\/\/turcon.es\/wp\/wp-content\/uploads\/2011\/12\/1322764587726mirenpecotdn.jpg?w=300","contentUrl":"http:\/\/turcon.es\/wp\/wp-content\/uploads\/2011\/12\/1322764587726mirenpecotdn.jpg?w=300"},{"@type":"BreadcrumbList","@id":"https:\/\/turcon.es\/wp\/la-directora-de-greenpeace-abandona-la-ong-en-plena-cumbre-del-clima\/#breadcrumb","itemListElement":[{"@type":"ListItem","position":1,"name":"Portada","item":"https:\/\/turcon.es\/wp\/"},{"@type":"ListItem","position":2,"name":"La directora de Greenpeace abandona la ONG en plena Cumbre del Clima"}]},{"@type":"WebSite","@id":"https:\/\/turcon.es\/wp\/#website","url":"https:\/\/turcon.es\/wp\/","name":"Colectivo Ecologista Turcon","description":"","publisher":{"@id":"https:\/\/turcon.es\/wp\/#organization"},"potentialAction":[{"@type":"SearchAction","target":{"@type":"EntryPoint","urlTemplate":"https:\/\/turcon.es\/wp\/?s={search_term_string}"},"query-input":{"@type":"PropertyValueSpecification","valueRequired":true,"valueName":"search_term_string"}}],"inLanguage":"es"},{"@type":"Organization","@id":"https:\/\/turcon.es\/wp\/#organization","name":"Colectivo Ecologista Turcon","url":"https:\/\/turcon.es\/wp\/","logo":{"@type":"ImageObject","inLanguage":"es","@id":"https:\/\/turcon.es\/wp\/#\/schema\/logo\/image\/","url":"https:\/\/turcon.es\/wp\/wp-content\/uploads\/2025\/03\/logo-verde.svg","contentUrl":"https:\/\/turcon.es\/wp\/wp-content\/uploads\/2025\/03\/logo-verde.svg","width":813,"height":813,"caption":"Colectivo Ecologista Turcon"},"image":{"@id":"https:\/\/turcon.es\/wp\/#\/schema\/logo\/image\/"}},{"@type":"Person","@id":"https:\/\/turcon.es\/wp\/#\/schema\/person\/a1f3ba727ce031d9da17684affe85edd","name":"Laura Fernandez","image":{"@type":"ImageObject","inLanguage":"es","@id":"https:\/\/turcon.es\/wp\/#\/schema\/person\/image\/","url":"https:\/\/secure.gravatar.com\/avatar\/360749af9549af22e54582d50231ae56e854210ae2368797ba242f445a9852e8?s=96&d=mm&r=g","contentUrl":"https:\/\/secure.gravatar.com\/avatar\/360749af9549af22e54582d50231ae56e854210ae2368797ba242f445a9852e8?s=96&d=mm&r=g","caption":"Laura Fernandez"},"url":"https:\/\/turcon.es\/wp\/author\/admturcon\/"}]}},"_links":{"self":[{"href":"https:\/\/turcon.es\/wp\/wp-json\/wp\/v2\/posts\/7515","targetHints":{"allow":["GET"]}}],"collection":[{"href":"https:\/\/turcon.es\/wp\/wp-json\/wp\/v2\/posts"}],"about":[{"href":"https:\/\/turcon.es\/wp\/wp-json\/wp\/v2\/types\/post"}],"author":[{"embeddable":true,"href":"https:\/\/turcon.es\/wp\/wp-json\/wp\/v2\/users\/2"}],"replies":[{"embeddable":true,"href":"https:\/\/turcon.es\/wp\/wp-json\/wp\/v2\/comments?post=7515"}],"version-history":[{"count":0,"href":"https:\/\/turcon.es\/wp\/wp-json\/wp\/v2\/posts\/7515\/revisions"}],"wp:attachment":[{"href":"https:\/\/turcon.es\/wp\/wp-json\/wp\/v2\/media?parent=7515"}],"wp:term":[{"taxonomy":"category","embeddable":true,"href":"https:\/\/turcon.es\/wp\/wp-json\/wp\/v2\/categories?post=7515"},{"taxonomy":"post_tag","embeddable":true,"href":"https:\/\/turcon.es\/wp\/wp-json\/wp\/v2\/tags?post=7515"}],"curies":[{"name":"wp","href":"https:\/\/api.w.org\/{rel}","templated":true}]}}