{"id":7542,"date":"2011-12-18T09:45:27","date_gmt":"2011-12-18T09:45:27","guid":{"rendered":"http:\/\/turcon.wordpress.com\/?p=7542"},"modified":"2011-12-18T09:45:27","modified_gmt":"2011-12-18T09:45:27","slug":"finaliza-la-ruta-del-farrallon-de-los-berros-con-43-participantes","status":"publish","type":"post","link":"https:\/\/turcon.es\/wp\/finaliza-la-ruta-del-farrallon-de-los-berros-con-43-participantes\/","title":{"rendered":"Finaliza la ruta del Farall\u00f3n de Los Berros con 43 participantes"},"content":{"rendered":"<figure id=\"attachment_7593\" aria-describedby=\"caption-attachment-7593\" style=\"width: 72px\" class=\"wp-caption alignleft\"><a href=\"http:\/\/turcon.es\/wp\/wp-content\/uploads\/2011\/12\/ruta-dicib-2011-los-berros.pdf\"><img decoding=\"async\" class=\" wp-image-7593\" title=\"ruta dicib-2011-Los Berros 2\" src=\"http:\/\/turcon.es\/wp\/wp-content\/uploads\/2011\/12\/ruta-dicib-2011-los-berros-2.jpg\" alt=\"\" width=\"72\" height=\"101\" \/><\/a><figcaption id=\"caption-attachment-7593\" class=\"wp-caption-text\">Descarga la ficha informativa de la ruta<\/figcaption><\/figure>\n<p style=\"text-align:justify;\"><span style=\"color:#800000;\"><strong>El Colectivo Turc\u00f3n cerr\u00f3 ayer su programa de actividades 2011 \u00a0realizando la Ruta de senderismo por el Anden Verde, visitando el Farall\u00f3n de Los Berros, el barranco del Cuervo y la Playa de El Risco de Agaete. Un total de 7 km que los senderistas cubrieron en cuatro horas aproximadamente.<\/strong><\/span><\/p>\n<p style=\"text-align:justify;\"><span style=\"color:#800000;\"><strong>Fue una ruta de aventura. Una propuesta exigente donde todos los participantes demostraron destreza, seguridad y buen \u00e1nimo. Los gu\u00edas de Turc\u00f3n hab\u00edan preparado un itinerario por uno de los lugares m\u00e1s remotos de Gran Canaria. Se trata de los acantilados de los municipios de Artenara y de Agaete. Fue, tambi\u00e9n, una oportunidad para conocer algunas formaciones geol\u00f3gicas como los diques que se descuelgan de la Monta\u00f1a de Tirma hacia el mar. Todo un espect\u00e1culo<\/strong>.<a href=\"http:\/\/turcon.es\/wp\/wp-content\/uploads\/2011\/12\/img_1886-medium.jpg\"><span style=\"color:#800000;\"><img fetchpriority=\"high\" decoding=\"async\" class=\"aligncenter  wp-image-7543\" title=\"IMG_1886 (Medium)\" src=\"http:\/\/turcon.es\/wp\/wp-content\/uploads\/2011\/12\/img_1886-medium.jpg\" alt=\"\" width=\"316\" height=\"249\" \/><\/span><\/a><\/span><\/p>\n<h5 style=\"text-align:center;\"><span style=\"color:#0000ff;\">En la foto un momento de la ruta donde varios senderistas atraviesan el dique de la Punta de G\u00f3ngora.<\/span><\/h5>\n<p>Todos los participantes llegaron \u201csanos y salvos\u201d al \u00a0bar \u00a0Perdomo de \u00a0El Risco de Agaete sobre las 15,30 horas, dando por concluida la ruta.<\/p>\n<p>El Colectivo informa que NO habr\u00e1 viaje de Fin de a\u00f1o y que, nuestra pr\u00f3xima actividad ser\u00e1\u00a0 el d\u00eda 14 de enero de 2012: Ruta de la Caldera de Tejeda.<\/p>\n<p>Para contactar con el grupo pueden escribir al e-mail:turconsenderismo@gmail.com<\/p>\n<p><span style=\"text-decoration:underline;\"><strong>M\u00e1s informaci\u00f3n:<\/strong><\/span> <span style=\"color:#800000;\">La formaci\u00f3n de los diques (un farall\u00f3n)<\/span><\/p>\n<p>Los diques son los conductos de emisi\u00f3n de lava. Se enfr\u00edan y solidifican sin llegar a la superficie, quedando atrapados al cesar la erupci\u00f3n en las grietas que comunicaban la c\u00e1mara magm\u00e1tica con las bocas eruptivas. En general corresponde a fracturas lineales, por ello, los diques descarnados por la erosi\u00f3n aparecen como unos filones de roca volc\u00e1nica que atraviesan verticalmente varias capas de la corteza terrestre y, a veces, puede sobresalir por encima de la superficie, formando una especie de muro o pared.<a href=\"http:\/\/turcon.es\/wp\/wp-content\/uploads\/2011\/12\/img_1890-medium.jpg\"><img decoding=\"async\" class=\"aligncenter  wp-image-7544\" title=\"IMG_1890 (Medium)\" src=\"http:\/\/turcon.es\/wp\/wp-content\/uploads\/2011\/12\/img_1890-medium.jpg\" alt=\"\" width=\"344\" height=\"230\" \/><\/a><\/p>\n<p style=\"text-align:center;\"><span style=\"color:#0000ff;\">En la foto un momento de la ruta donde varios participantes salen del enlace con la bajada a la playa de La Virgen, a\u00fan en el territorio del municipio de Artenara.<\/span><\/p>\n<p><span style=\"color:#800000;\">RUTA DE LOS MINERALES:<\/span><\/p>\n<p>Aproximadamente 148 minerales est\u00e1n documentados para el archipi\u00e9lago canario, de ellos 36 se citan para Gran Canaria. Dolomita, Aragonito, Termonatrita, Baritina, Augitas y el \u201cend\u00e9mico\u201d Moganita, son algunos de ellos. En el Anden Verde se encuentran yacimientos de drusas de cristales de roca, estrellas de cuarzo y celadonita. En la ruta de hoy veremos la calcita que cristaliza a su gusto, uno de los minerales m\u00e1s ricos en cuanto a formas. M\u00e1s informaci\u00f3n en la publicaci\u00f3n de \u00c1lvaro Monz\u00f3n en el peri\u00f3dico C7, el 27 de febrero de 2011.<\/p>\n<p><a href=\"http:\/\/turcon.es\/wp\/wp-content\/uploads\/2011\/12\/img_1921-medium.jpg\"><img loading=\"lazy\" decoding=\"async\" class=\"aligncenter  wp-image-7546\" title=\"IMG_1921 (Medium)\" src=\"http:\/\/turcon.es\/wp\/wp-content\/uploads\/2011\/12\/img_1921-medium.jpg\" alt=\"\" width=\"294\" height=\"221\" \/><\/a><\/p>\n<p style=\"text-align:center;\"><span style=\"color:#0000ff;\">Momento final de la ruta del litoral cuando llegan los participantes a la Playa de El Risco donde est\u00e1n los bellos tarajales<\/span><\/p>\n<p style=\"text-align:center;\"><span style=\"text-decoration:underline;\">Ver algunas fotos m\u00e1s en:<\/span><\/p>\n<figure id=\"attachment_6518\" aria-describedby=\"caption-attachment-6518\" style=\"width: 99px\" class=\"wp-caption aligncenter\"><a href=\"https:\/\/picasaweb.google.com\/100980481131137214670\/RutaDeTurcon171211?locked=true\"><img loading=\"lazy\" decoding=\"async\" class=\" wp-image-6518 \" title=\"picasa\" src=\"http:\/\/turcon.es\/wp\/wp-content\/uploads\/2011\/05\/picasa.jpg?w=292\" alt=\"\" width=\"99\" height=\"102\" \/><\/a><figcaption id=\"caption-attachment-6518\" class=\"wp-caption-text\">Pulsa sobre la imagen para ver galeria de imagenes de Honorio<\/figcaption><\/figure>\n","protected":false},"excerpt":{"rendered":"<p>El Colectivo Turc\u00f3n cerr\u00f3 ayer su programa de actividades 2011 \u00a0realizando la Ruta de senderismo por el Anden Verde, visitando el Farall\u00f3n de Los Berros, el barranco del Cuervo y la Playa de El Risco de Agaete. Un total de 7 km que los senderistas cubrieron en cuatro horas aproximadamente. Fue una ruta de aventura. [&hellip;]<\/p>\n","protected":false},"author":2,"featured_media":0,"comment_status":"open","ping_status":"open","sticky":false,"template":"","format":"standard","meta":{"footnotes":""},"categories":[6,37,41,57],"tags":[],"class_list":["post-7542","post","type-post","status-publish","format-standard","hentry","category-actividades-turcon","category-espacios-naturales","category-gran-canaria","category-senderismo"],"yoast_head":"<!-- This site is optimized with the Yoast SEO plugin v26.3 - https:\/\/yoast.com\/wordpress\/plugins\/seo\/ -->\n<title>Finaliza la ruta del Farall\u00f3n de Los Berros con 43 participantes - Colectivo Ecologista Turcon<\/title>\n<meta name=\"robots\" content=\"index, follow, max-snippet:-1, max-image-preview:large, max-video-preview:-1\" \/>\n<link rel=\"canonical\" href=\"https:\/\/turcon.es\/wp\/finaliza-la-ruta-del-farrallon-de-los-berros-con-43-participantes\/\" \/>\n<meta property=\"og:locale\" content=\"es_ES\" \/>\n<meta property=\"og:type\" content=\"article\" \/>\n<meta property=\"og:title\" content=\"Finaliza la ruta del Farall\u00f3n de Los Berros con 43 participantes - Colectivo Ecologista Turcon\" \/>\n<meta property=\"og:description\" content=\"El Colectivo Turc\u00f3n cerr\u00f3 ayer su programa de actividades 2011 \u00a0realizando la Ruta de senderismo por el Anden Verde, visitando el Farall\u00f3n de Los Berros, el barranco del Cuervo y la Playa de El Risco de Agaete. Un total de 7 km que los senderistas cubrieron en cuatro horas aproximadamente. Fue una ruta de aventura. [&hellip;]\" \/>\n<meta property=\"og:url\" content=\"https:\/\/turcon.es\/wp\/finaliza-la-ruta-del-farrallon-de-los-berros-con-43-participantes\/\" \/>\n<meta property=\"og:site_name\" content=\"Colectivo Ecologista Turcon\" \/>\n<meta property=\"article:published_time\" content=\"2011-12-18T09:45:27+00:00\" \/>\n<meta property=\"og:image\" content=\"https:\/\/turcon.es\/wp\/wp-content\/uploads\/2011\/12\/ruta-dicib-2011-los-berros-2-1.jpg\" \/>\n\t<meta property=\"og:image:width\" content=\"212\" \/>\n\t<meta property=\"og:image:height\" content=\"300\" \/>\n\t<meta property=\"og:image:type\" content=\"image\/jpeg\" \/>\n<meta name=\"author\" content=\"Laura Fernandez\" \/>\n<meta name=\"twitter:card\" content=\"summary_large_image\" \/>\n<meta name=\"twitter:label1\" content=\"Escrito por\" \/>\n\t<meta name=\"twitter:data1\" content=\"Laura Fernandez\" \/>\n\t<meta name=\"twitter:label2\" content=\"Tiempo de lectura\" \/>\n\t<meta name=\"twitter:data2\" content=\"3 minutos\" \/>\n<script type=\"application\/ld+json\" class=\"yoast-schema-graph\">{\"@context\":\"https:\/\/schema.org\",\"@graph\":[{\"@type\":\"Article\",\"@id\":\"https:\/\/turcon.es\/wp\/finaliza-la-ruta-del-farrallon-de-los-berros-con-43-participantes\/#article\",\"isPartOf\":{\"@id\":\"https:\/\/turcon.es\/wp\/finaliza-la-ruta-del-farrallon-de-los-berros-con-43-participantes\/\"},\"author\":{\"name\":\"Laura Fernandez\",\"@id\":\"https:\/\/turcon.es\/wp\/#\/schema\/person\/a1f3ba727ce031d9da17684affe85edd\"},\"headline\":\"Finaliza la ruta del Farall\u00f3n de Los Berros con 43 participantes\",\"datePublished\":\"2011-12-18T09:45:27+00:00\",\"mainEntityOfPage\":{\"@id\":\"https:\/\/turcon.es\/wp\/finaliza-la-ruta-del-farrallon-de-los-berros-con-43-participantes\/\"},\"wordCount\":526,\"commentCount\":1,\"publisher\":{\"@id\":\"https:\/\/turcon.es\/wp\/#organization\"},\"image\":{\"@id\":\"https:\/\/turcon.es\/wp\/finaliza-la-ruta-del-farrallon-de-los-berros-con-43-participantes\/#primaryimage\"},\"thumbnailUrl\":\"http:\/\/turcon.es\/wp\/wp-content\/uploads\/2011\/12\/ruta-dicib-2011-los-berros-2.jpg\",\"articleSection\":[\"#Actividades Turc\u00f3n#\",\"Espacios Naturales\",\"Gran Canaria\",\"Senderismo\"],\"inLanguage\":\"es\",\"potentialAction\":[{\"@type\":\"CommentAction\",\"name\":\"Comment\",\"target\":[\"https:\/\/turcon.es\/wp\/finaliza-la-ruta-del-farrallon-de-los-berros-con-43-participantes\/#respond\"]}]},{\"@type\":\"WebPage\",\"@id\":\"https:\/\/turcon.es\/wp\/finaliza-la-ruta-del-farrallon-de-los-berros-con-43-participantes\/\",\"url\":\"https:\/\/turcon.es\/wp\/finaliza-la-ruta-del-farrallon-de-los-berros-con-43-participantes\/\",\"name\":\"Finaliza la ruta del Farall\u00f3n de Los Berros con 43 participantes - Colectivo Ecologista Turcon\",\"isPartOf\":{\"@id\":\"https:\/\/turcon.es\/wp\/#website\"},\"primaryImageOfPage\":{\"@id\":\"https:\/\/turcon.es\/wp\/finaliza-la-ruta-del-farrallon-de-los-berros-con-43-participantes\/#primaryimage\"},\"image\":{\"@id\":\"https:\/\/turcon.es\/wp\/finaliza-la-ruta-del-farrallon-de-los-berros-con-43-participantes\/#primaryimage\"},\"thumbnailUrl\":\"http:\/\/turcon.es\/wp\/wp-content\/uploads\/2011\/12\/ruta-dicib-2011-los-berros-2.jpg\",\"datePublished\":\"2011-12-18T09:45:27+00:00\",\"breadcrumb\":{\"@id\":\"https:\/\/turcon.es\/wp\/finaliza-la-ruta-del-farrallon-de-los-berros-con-43-participantes\/#breadcrumb\"},\"inLanguage\":\"es\",\"potentialAction\":[{\"@type\":\"ReadAction\",\"target\":[\"https:\/\/turcon.es\/wp\/finaliza-la-ruta-del-farrallon-de-los-berros-con-43-participantes\/\"]}]},{\"@type\":\"ImageObject\",\"inLanguage\":\"es\",\"@id\":\"https:\/\/turcon.es\/wp\/finaliza-la-ruta-del-farrallon-de-los-berros-con-43-participantes\/#primaryimage\",\"url\":\"http:\/\/turcon.es\/wp\/wp-content\/uploads\/2011\/12\/ruta-dicib-2011-los-berros-2.jpg\",\"contentUrl\":\"http:\/\/turcon.es\/wp\/wp-content\/uploads\/2011\/12\/ruta-dicib-2011-los-berros-2.jpg\"},{\"@type\":\"BreadcrumbList\",\"@id\":\"https:\/\/turcon.es\/wp\/finaliza-la-ruta-del-farrallon-de-los-berros-con-43-participantes\/#breadcrumb\",\"itemListElement\":[{\"@type\":\"ListItem\",\"position\":1,\"name\":\"Portada\",\"item\":\"https:\/\/turcon.es\/wp\/\"},{\"@type\":\"ListItem\",\"position\":2,\"name\":\"Finaliza la ruta del Farall\u00f3n de Los Berros con 43 participantes\"}]},{\"@type\":\"WebSite\",\"@id\":\"https:\/\/turcon.es\/wp\/#website\",\"url\":\"https:\/\/turcon.es\/wp\/\",\"name\":\"Colectivo Ecologista Turcon\",\"description\":\"\",\"publisher\":{\"@id\":\"https:\/\/turcon.es\/wp\/#organization\"},\"potentialAction\":[{\"@type\":\"SearchAction\",\"target\":{\"@type\":\"EntryPoint\",\"urlTemplate\":\"https:\/\/turcon.es\/wp\/?s={search_term_string}\"},\"query-input\":{\"@type\":\"PropertyValueSpecification\",\"valueRequired\":true,\"valueName\":\"search_term_string\"}}],\"inLanguage\":\"es\"},{\"@type\":\"Organization\",\"@id\":\"https:\/\/turcon.es\/wp\/#organization\",\"name\":\"Colectivo Ecologista Turcon\",\"url\":\"https:\/\/turcon.es\/wp\/\",\"logo\":{\"@type\":\"ImageObject\",\"inLanguage\":\"es\",\"@id\":\"https:\/\/turcon.es\/wp\/#\/schema\/logo\/image\/\",\"url\":\"https:\/\/turcon.es\/wp\/wp-content\/uploads\/2025\/03\/logo-verde.svg\",\"contentUrl\":\"https:\/\/turcon.es\/wp\/wp-content\/uploads\/2025\/03\/logo-verde.svg\",\"width\":813,\"height\":813,\"caption\":\"Colectivo Ecologista Turcon\"},\"image\":{\"@id\":\"https:\/\/turcon.es\/wp\/#\/schema\/logo\/image\/\"}},{\"@type\":\"Person\",\"@id\":\"https:\/\/turcon.es\/wp\/#\/schema\/person\/a1f3ba727ce031d9da17684affe85edd\",\"name\":\"Laura Fernandez\",\"image\":{\"@type\":\"ImageObject\",\"inLanguage\":\"es\",\"@id\":\"https:\/\/turcon.es\/wp\/#\/schema\/person\/image\/\",\"url\":\"https:\/\/secure.gravatar.com\/avatar\/360749af9549af22e54582d50231ae56e854210ae2368797ba242f445a9852e8?s=96&d=mm&r=g\",\"contentUrl\":\"https:\/\/secure.gravatar.com\/avatar\/360749af9549af22e54582d50231ae56e854210ae2368797ba242f445a9852e8?s=96&d=mm&r=g\",\"caption\":\"Laura Fernandez\"},\"url\":\"https:\/\/turcon.es\/wp\/author\/admturcon\/\"}]}<\/script>\n<!-- \/ Yoast SEO plugin. -->","yoast_head_json":{"title":"Finaliza la ruta del Farall\u00f3n de Los Berros con 43 participantes - Colectivo Ecologista Turcon","robots":{"index":"index","follow":"follow","max-snippet":"max-snippet:-1","max-image-preview":"max-image-preview:large","max-video-preview":"max-video-preview:-1"},"canonical":"https:\/\/turcon.es\/wp\/finaliza-la-ruta-del-farrallon-de-los-berros-con-43-participantes\/","og_locale":"es_ES","og_type":"article","og_title":"Finaliza la ruta del Farall\u00f3n de Los Berros con 43 participantes - Colectivo Ecologista Turcon","og_description":"El Colectivo Turc\u00f3n cerr\u00f3 ayer su programa de actividades 2011 \u00a0realizando la Ruta de senderismo por el Anden Verde, visitando el Farall\u00f3n de Los Berros, el barranco del Cuervo y la Playa de El Risco de Agaete. Un total de 7 km que los senderistas cubrieron en cuatro horas aproximadamente. Fue una ruta de aventura. [&hellip;]","og_url":"https:\/\/turcon.es\/wp\/finaliza-la-ruta-del-farrallon-de-los-berros-con-43-participantes\/","og_site_name":"Colectivo Ecologista Turcon","article_published_time":"2011-12-18T09:45:27+00:00","og_image":[{"width":212,"height":300,"url":"https:\/\/turcon.es\/wp\/wp-content\/uploads\/2011\/12\/ruta-dicib-2011-los-berros-2-1.jpg","type":"image\/jpeg"}],"author":"Laura Fernandez","twitter_card":"summary_large_image","twitter_misc":{"Escrito por":"Laura Fernandez","Tiempo de lectura":"3 minutos"},"schema":{"@context":"https:\/\/schema.org","@graph":[{"@type":"Article","@id":"https:\/\/turcon.es\/wp\/finaliza-la-ruta-del-farrallon-de-los-berros-con-43-participantes\/#article","isPartOf":{"@id":"https:\/\/turcon.es\/wp\/finaliza-la-ruta-del-farrallon-de-los-berros-con-43-participantes\/"},"author":{"name":"Laura Fernandez","@id":"https:\/\/turcon.es\/wp\/#\/schema\/person\/a1f3ba727ce031d9da17684affe85edd"},"headline":"Finaliza la ruta del Farall\u00f3n de Los Berros con 43 participantes","datePublished":"2011-12-18T09:45:27+00:00","mainEntityOfPage":{"@id":"https:\/\/turcon.es\/wp\/finaliza-la-ruta-del-farrallon-de-los-berros-con-43-participantes\/"},"wordCount":526,"commentCount":1,"publisher":{"@id":"https:\/\/turcon.es\/wp\/#organization"},"image":{"@id":"https:\/\/turcon.es\/wp\/finaliza-la-ruta-del-farrallon-de-los-berros-con-43-participantes\/#primaryimage"},"thumbnailUrl":"http:\/\/turcon.es\/wp\/wp-content\/uploads\/2011\/12\/ruta-dicib-2011-los-berros-2.jpg","articleSection":["#Actividades Turc\u00f3n#","Espacios Naturales","Gran Canaria","Senderismo"],"inLanguage":"es","potentialAction":[{"@type":"CommentAction","name":"Comment","target":["https:\/\/turcon.es\/wp\/finaliza-la-ruta-del-farrallon-de-los-berros-con-43-participantes\/#respond"]}]},{"@type":"WebPage","@id":"https:\/\/turcon.es\/wp\/finaliza-la-ruta-del-farrallon-de-los-berros-con-43-participantes\/","url":"https:\/\/turcon.es\/wp\/finaliza-la-ruta-del-farrallon-de-los-berros-con-43-participantes\/","name":"Finaliza la ruta del Farall\u00f3n de Los Berros con 43 participantes - Colectivo Ecologista Turcon","isPartOf":{"@id":"https:\/\/turcon.es\/wp\/#website"},"primaryImageOfPage":{"@id":"https:\/\/turcon.es\/wp\/finaliza-la-ruta-del-farrallon-de-los-berros-con-43-participantes\/#primaryimage"},"image":{"@id":"https:\/\/turcon.es\/wp\/finaliza-la-ruta-del-farrallon-de-los-berros-con-43-participantes\/#primaryimage"},"thumbnailUrl":"http:\/\/turcon.es\/wp\/wp-content\/uploads\/2011\/12\/ruta-dicib-2011-los-berros-2.jpg","datePublished":"2011-12-18T09:45:27+00:00","breadcrumb":{"@id":"https:\/\/turcon.es\/wp\/finaliza-la-ruta-del-farrallon-de-los-berros-con-43-participantes\/#breadcrumb"},"inLanguage":"es","potentialAction":[{"@type":"ReadAction","target":["https:\/\/turcon.es\/wp\/finaliza-la-ruta-del-farrallon-de-los-berros-con-43-participantes\/"]}]},{"@type":"ImageObject","inLanguage":"es","@id":"https:\/\/turcon.es\/wp\/finaliza-la-ruta-del-farrallon-de-los-berros-con-43-participantes\/#primaryimage","url":"http:\/\/turcon.es\/wp\/wp-content\/uploads\/2011\/12\/ruta-dicib-2011-los-berros-2.jpg","contentUrl":"http:\/\/turcon.es\/wp\/wp-content\/uploads\/2011\/12\/ruta-dicib-2011-los-berros-2.jpg"},{"@type":"BreadcrumbList","@id":"https:\/\/turcon.es\/wp\/finaliza-la-ruta-del-farrallon-de-los-berros-con-43-participantes\/#breadcrumb","itemListElement":[{"@type":"ListItem","position":1,"name":"Portada","item":"https:\/\/turcon.es\/wp\/"},{"@type":"ListItem","position":2,"name":"Finaliza la ruta del Farall\u00f3n de Los Berros con 43 participantes"}]},{"@type":"WebSite","@id":"https:\/\/turcon.es\/wp\/#website","url":"https:\/\/turcon.es\/wp\/","name":"Colectivo Ecologista Turcon","description":"","publisher":{"@id":"https:\/\/turcon.es\/wp\/#organization"},"potentialAction":[{"@type":"SearchAction","target":{"@type":"EntryPoint","urlTemplate":"https:\/\/turcon.es\/wp\/?s={search_term_string}"},"query-input":{"@type":"PropertyValueSpecification","valueRequired":true,"valueName":"search_term_string"}}],"inLanguage":"es"},{"@type":"Organization","@id":"https:\/\/turcon.es\/wp\/#organization","name":"Colectivo Ecologista Turcon","url":"https:\/\/turcon.es\/wp\/","logo":{"@type":"ImageObject","inLanguage":"es","@id":"https:\/\/turcon.es\/wp\/#\/schema\/logo\/image\/","url":"https:\/\/turcon.es\/wp\/wp-content\/uploads\/2025\/03\/logo-verde.svg","contentUrl":"https:\/\/turcon.es\/wp\/wp-content\/uploads\/2025\/03\/logo-verde.svg","width":813,"height":813,"caption":"Colectivo Ecologista Turcon"},"image":{"@id":"https:\/\/turcon.es\/wp\/#\/schema\/logo\/image\/"}},{"@type":"Person","@id":"https:\/\/turcon.es\/wp\/#\/schema\/person\/a1f3ba727ce031d9da17684affe85edd","name":"Laura Fernandez","image":{"@type":"ImageObject","inLanguage":"es","@id":"https:\/\/turcon.es\/wp\/#\/schema\/person\/image\/","url":"https:\/\/secure.gravatar.com\/avatar\/360749af9549af22e54582d50231ae56e854210ae2368797ba242f445a9852e8?s=96&d=mm&r=g","contentUrl":"https:\/\/secure.gravatar.com\/avatar\/360749af9549af22e54582d50231ae56e854210ae2368797ba242f445a9852e8?s=96&d=mm&r=g","caption":"Laura Fernandez"},"url":"https:\/\/turcon.es\/wp\/author\/admturcon\/"}]}},"_links":{"self":[{"href":"https:\/\/turcon.es\/wp\/wp-json\/wp\/v2\/posts\/7542","targetHints":{"allow":["GET"]}}],"collection":[{"href":"https:\/\/turcon.es\/wp\/wp-json\/wp\/v2\/posts"}],"about":[{"href":"https:\/\/turcon.es\/wp\/wp-json\/wp\/v2\/types\/post"}],"author":[{"embeddable":true,"href":"https:\/\/turcon.es\/wp\/wp-json\/wp\/v2\/users\/2"}],"replies":[{"embeddable":true,"href":"https:\/\/turcon.es\/wp\/wp-json\/wp\/v2\/comments?post=7542"}],"version-history":[{"count":0,"href":"https:\/\/turcon.es\/wp\/wp-json\/wp\/v2\/posts\/7542\/revisions"}],"wp:attachment":[{"href":"https:\/\/turcon.es\/wp\/wp-json\/wp\/v2\/media?parent=7542"}],"wp:term":[{"taxonomy":"category","embeddable":true,"href":"https:\/\/turcon.es\/wp\/wp-json\/wp\/v2\/categories?post=7542"},{"taxonomy":"post_tag","embeddable":true,"href":"https:\/\/turcon.es\/wp\/wp-json\/wp\/v2\/tags?post=7542"}],"curies":[{"name":"wp","href":"https:\/\/api.w.org\/{rel}","templated":true}]}}