{"id":7639,"date":"2012-01-10T22:15:08","date_gmt":"2012-01-10T22:15:08","guid":{"rendered":"http:\/\/turcon.wordpress.com\/?p=7639"},"modified":"2012-01-10T22:15:08","modified_gmt":"2012-01-10T22:15:08","slug":"brian-may-guitarrista-de-queen-pide-ayuda-para-salvar-a-la-sabina-de-el-hierro","status":"publish","type":"post","link":"https:\/\/turcon.es\/wp\/brian-may-guitarrista-de-queen-pide-ayuda-para-salvar-a-la-sabina-de-el-hierro\/","title":{"rendered":"Brian May, guitarrista de Queen, pide ayuda para salvar a la sabina de El Hierro"},"content":{"rendered":"<h3 style=\"text-align:justify;\">Hay pocas personas en el mundo de la m\u00fasica como <a href=\"http:\/\/es.wikipedia.org\/wiki\/Brian_May\">Brian May<\/a>. Sensacional guitarrista del m\u00edtico grupo <a href=\"http:\/\/es.wikipedia.org\/wiki\/Queen\">Queen <\/a>que liderara Freddie Mercury, adem\u00e1s de compositor y cantante, logr\u00f3 doctorarse nada menos que en <strong>astrof\u00edsica<\/strong> con un trabajo sobre la <a href=\"http:\/\/es.wikipedia.org\/wiki\/Luz_zodiacal\">luz zodiacal<\/a>. Es adem\u00e1s un activo militante en la lucha por los derechos de los animales. Y est\u00e1 muy preocupado por la isla de <a href=\"http:\/\/es.wikipedia.org\/wiki\/El_Hierro\">El Hierro<\/a>.<\/h3>\n<p style=\"text-align:justify;\">Texto y foto: <a href=\"http:\/\/blogs.20minutos.es\/cronicaverde\">http:\/\/blogs.20minutos.es\/cronicaverde<\/a><\/p>\n<p style=\"text-align:justify;\"><a href=\"http:\/\/blogs.20minutos.es\/cronicaverde\/files\/2011\/12\/may.jpg\"><img fetchpriority=\"high\" decoding=\"async\" class=\"alignleft\" title=\"Sabina del Hierro\" src=\"http:\/\/blogs.20minutos.es\/cronicaverde\/files\/2011\/12\/may.jpg\" alt=\"\" width=\"247\" height=\"237\" \/><\/a>No le preocupa, como algunos podr\u00edais pensar, la evoluci\u00f3n del famoso volc\u00e1n submarino herre\u00f1o. Hombre sensible, en realidad est\u00e1 alarmado por el futuro de <strong>uno de los \u00e1rboles m\u00e1s famosos del mundo<\/strong>, la retorcida sabina herre\u00f1a de La Dehesa. La misma que en 1998 fuera imagen central de su disco en solitario <a href=\"http:\/\/en.wikipedia.org\/wiki\/Another_World_%28Brian_May_album%29\">Another World<\/a>.<\/p>\n<p style=\"text-align:justify;\">Un art\u00edculo m\u00edo publicado el a\u00f1o pasado en el <a href=\"http:\/\/www.publico.es\/ciencias\/311421\/el-arbol-enfermo-de-plaga-turistica\">diario P\u00fablico<\/a> ha tenido la culpa. Explicaba yo entonces c\u00f3mo ese fabuloso \u00e1rbol milenario sufre los efectos de una enfermedad poco com\u00fan: <strong>la plaga tur\u00edstica<\/strong>. Indocumentados en bermudas y chanclas que no dudan de trepar por el venerable ejemplar para hacerse fotos cual cabras o tronchar ramas que llevarse como terrible recuerdo.<\/p>\n<p style=\"text-align:justify;\">Un admirador italiano le ha enviado el art\u00edculo al m\u00fasico y \u00e9ste acaba de dedicar a la sabina una de sus <a href=\"http:\/\/brianmay.com\/brian\/brianssb\/brianssb.html\">famosas cartas<\/a>. Recuerda en este texto que cuando se fotografi\u00f3 junto a ella <strong>no se atrevi\u00f3 siquiera a tocarla<\/strong>. Incluso lleg\u00f3 a valorar no usar su imagen en el disco para no sacarla de la seguridad del anonimato en que se encontraba. Y a\u00f1ade Brian May:<\/p>\n<blockquote><p>\u201cNo s\u00e9 si fue por mi culpa o no, pero siento una tristeza enorme al ver esta imagen de la profanaci\u00f3n de la sabina por los turistas\u201d.<\/p><\/blockquote>\n<p style=\"text-align:justify;\">El final de su carta no puede ser m\u00e1s emocionante por venir de quien viene. Dice que tratar\u00e1 de ponerse en contacto con las autoridades herre\u00f1as<\/p>\n<blockquote><p>\u201cpara ver si hay algo que pueda hacer para ayudar a proteger este \u00e1rbol fabuloso que ha triunfado sobre los elementos, pero podr\u00eda ser asesinado por la ignorancia y la desidia de la gente\u201d.<\/p><\/blockquote>\n<p style=\"text-align:justify;\">Y concluye difundiendo un mensaje fundamental:<\/p>\n<blockquote><p>\u201cque el respeto de la vida de todo tipo es la clave para una mejor calidad de vida\u201d.<\/p><\/blockquote>\n<p style=\"text-align:justify;\">En realidad, tras mi art\u00edculo, el Cabildo de El Hierro se tom\u00f3 en serio el problema y protegi\u00f3 a la sabina dentro de un per\u00edmetro de seguridad cerrado por una sencilla cuerda. Tambi\u00e9n coloc\u00f3 un cartel donde pide respeto para el \u00e1rbol. \u00bfSer\u00e1 suficiente? La idea final es rodear a la sabina con un muro de piedra al estilo de los cerramientos pastoriles de la zona. Pero como nuestros turistas no vengan mejor educados <strong>servir\u00e1 de muy poco<\/strong>. Porque como bien se lamenta Brian May, <strong>la ignorancia y la desidia<\/strong> de la gente son los mayores peligros para un delicado \u00e1rbol milenario.<\/p>\n<p style=\"text-align:justify;\">Puedes leer la carta completa de Brian May es su p\u00e1gina personal <a href=\"http:\/\/brianmay.com\/brian\/brianssb\/brianssb.html\">Brianmay.com<\/a><\/p>\n","protected":false},"excerpt":{"rendered":"<p>Hay pocas personas en el mundo de la m\u00fasica como Brian May. Sensacional guitarrista del m\u00edtico grupo Queen que liderara Freddie Mercury, adem\u00e1s de compositor y cantante, logr\u00f3 doctorarse nada menos que en astrof\u00edsica con un trabajo sobre la luz zodiacal. Es adem\u00e1s un activo militante en la lucha por los derechos de los animales. [&hellip;]<\/p>\n","protected":false},"author":2,"featured_media":0,"comment_status":"open","ping_status":"open","sticky":false,"template":"","format":"standard","meta":{"footnotes":""},"categories":[18,22,32,37,39],"tags":[295,647],"class_list":["post-7639","post","type-post","status-publish","format-standard","hentry","category-canarias","category-concienciacion","category-ejemplos-a-seguir","category-espacios-naturales","category-fauna-y-flora","tag-brian-may","tag-el-hierro"],"yoast_head":"<!-- This site is optimized with the Yoast SEO plugin v26.3 - https:\/\/yoast.com\/wordpress\/plugins\/seo\/ -->\n<title>Brian May, guitarrista de Queen, pide ayuda para salvar a la sabina de El Hierro - Colectivo Ecologista Turcon<\/title>\n<meta name=\"robots\" content=\"index, follow, max-snippet:-1, max-image-preview:large, max-video-preview:-1\" \/>\n<link rel=\"canonical\" href=\"https:\/\/turcon.es\/wp\/brian-may-guitarrista-de-queen-pide-ayuda-para-salvar-a-la-sabina-de-el-hierro\/\" \/>\n<meta property=\"og:locale\" content=\"es_ES\" \/>\n<meta property=\"og:type\" content=\"article\" \/>\n<meta property=\"og:title\" content=\"Brian May, guitarrista de Queen, pide ayuda para salvar a la sabina de El Hierro - Colectivo Ecologista Turcon\" \/>\n<meta property=\"og:description\" content=\"Hay pocas personas en el mundo de la m\u00fasica como Brian May. Sensacional guitarrista del m\u00edtico grupo Queen que liderara Freddie Mercury, adem\u00e1s de compositor y cantante, logr\u00f3 doctorarse nada menos que en astrof\u00edsica con un trabajo sobre la luz zodiacal. Es adem\u00e1s un activo militante en la lucha por los derechos de los animales. [&hellip;]\" \/>\n<meta property=\"og:url\" content=\"https:\/\/turcon.es\/wp\/brian-may-guitarrista-de-queen-pide-ayuda-para-salvar-a-la-sabina-de-el-hierro\/\" \/>\n<meta property=\"og:site_name\" content=\"Colectivo Ecologista Turcon\" \/>\n<meta property=\"article:published_time\" content=\"2012-01-10T22:15:08+00:00\" \/>\n<meta property=\"og:image\" content=\"http:\/\/blogs.20minutos.es\/cronicaverde\/files\/2011\/12\/may.jpg\" \/>\n<meta name=\"author\" content=\"Laura Fernandez\" \/>\n<meta name=\"twitter:card\" content=\"summary_large_image\" \/>\n<meta name=\"twitter:label1\" content=\"Escrito por\" \/>\n\t<meta name=\"twitter:data1\" content=\"Laura Fernandez\" \/>\n\t<meta name=\"twitter:label2\" content=\"Tiempo de lectura\" \/>\n\t<meta name=\"twitter:data2\" content=\"3 minutos\" \/>\n<script type=\"application\/ld+json\" class=\"yoast-schema-graph\">{\"@context\":\"https:\/\/schema.org\",\"@graph\":[{\"@type\":\"Article\",\"@id\":\"https:\/\/turcon.es\/wp\/brian-may-guitarrista-de-queen-pide-ayuda-para-salvar-a-la-sabina-de-el-hierro\/#article\",\"isPartOf\":{\"@id\":\"https:\/\/turcon.es\/wp\/brian-may-guitarrista-de-queen-pide-ayuda-para-salvar-a-la-sabina-de-el-hierro\/\"},\"author\":{\"name\":\"Laura Fernandez\",\"@id\":\"https:\/\/turcon.es\/wp\/#\/schema\/person\/a1f3ba727ce031d9da17684affe85edd\"},\"headline\":\"Brian May, guitarrista de Queen, pide ayuda para salvar a la sabina de El Hierro\",\"datePublished\":\"2012-01-10T22:15:08+00:00\",\"mainEntityOfPage\":{\"@id\":\"https:\/\/turcon.es\/wp\/brian-may-guitarrista-de-queen-pide-ayuda-para-salvar-a-la-sabina-de-el-hierro\/\"},\"wordCount\":525,\"commentCount\":0,\"publisher\":{\"@id\":\"https:\/\/turcon.es\/wp\/#organization\"},\"image\":{\"@id\":\"https:\/\/turcon.es\/wp\/brian-may-guitarrista-de-queen-pide-ayuda-para-salvar-a-la-sabina-de-el-hierro\/#primaryimage\"},\"thumbnailUrl\":\"http:\/\/blogs.20minutos.es\/cronicaverde\/files\/2011\/12\/may.jpg\",\"keywords\":[\"Brian May\",\"El Hierro\"],\"articleSection\":[\"Canarias\",\"Concienciaci\u00f3n\",\"Ejemplos a seguir\",\"Espacios Naturales\",\"Fauna y flora\"],\"inLanguage\":\"es\",\"potentialAction\":[{\"@type\":\"CommentAction\",\"name\":\"Comment\",\"target\":[\"https:\/\/turcon.es\/wp\/brian-may-guitarrista-de-queen-pide-ayuda-para-salvar-a-la-sabina-de-el-hierro\/#respond\"]}]},{\"@type\":\"WebPage\",\"@id\":\"https:\/\/turcon.es\/wp\/brian-may-guitarrista-de-queen-pide-ayuda-para-salvar-a-la-sabina-de-el-hierro\/\",\"url\":\"https:\/\/turcon.es\/wp\/brian-may-guitarrista-de-queen-pide-ayuda-para-salvar-a-la-sabina-de-el-hierro\/\",\"name\":\"Brian May, guitarrista de Queen, pide ayuda para salvar a la sabina de El Hierro - Colectivo Ecologista Turcon\",\"isPartOf\":{\"@id\":\"https:\/\/turcon.es\/wp\/#website\"},\"primaryImageOfPage\":{\"@id\":\"https:\/\/turcon.es\/wp\/brian-may-guitarrista-de-queen-pide-ayuda-para-salvar-a-la-sabina-de-el-hierro\/#primaryimage\"},\"image\":{\"@id\":\"https:\/\/turcon.es\/wp\/brian-may-guitarrista-de-queen-pide-ayuda-para-salvar-a-la-sabina-de-el-hierro\/#primaryimage\"},\"thumbnailUrl\":\"http:\/\/blogs.20minutos.es\/cronicaverde\/files\/2011\/12\/may.jpg\",\"datePublished\":\"2012-01-10T22:15:08+00:00\",\"breadcrumb\":{\"@id\":\"https:\/\/turcon.es\/wp\/brian-may-guitarrista-de-queen-pide-ayuda-para-salvar-a-la-sabina-de-el-hierro\/#breadcrumb\"},\"inLanguage\":\"es\",\"potentialAction\":[{\"@type\":\"ReadAction\",\"target\":[\"https:\/\/turcon.es\/wp\/brian-may-guitarrista-de-queen-pide-ayuda-para-salvar-a-la-sabina-de-el-hierro\/\"]}]},{\"@type\":\"ImageObject\",\"inLanguage\":\"es\",\"@id\":\"https:\/\/turcon.es\/wp\/brian-may-guitarrista-de-queen-pide-ayuda-para-salvar-a-la-sabina-de-el-hierro\/#primaryimage\",\"url\":\"http:\/\/blogs.20minutos.es\/cronicaverde\/files\/2011\/12\/may.jpg\",\"contentUrl\":\"http:\/\/blogs.20minutos.es\/cronicaverde\/files\/2011\/12\/may.jpg\"},{\"@type\":\"BreadcrumbList\",\"@id\":\"https:\/\/turcon.es\/wp\/brian-may-guitarrista-de-queen-pide-ayuda-para-salvar-a-la-sabina-de-el-hierro\/#breadcrumb\",\"itemListElement\":[{\"@type\":\"ListItem\",\"position\":1,\"name\":\"Portada\",\"item\":\"https:\/\/turcon.es\/wp\/\"},{\"@type\":\"ListItem\",\"position\":2,\"name\":\"Brian May, guitarrista de Queen, pide ayuda para salvar a la sabina de El Hierro\"}]},{\"@type\":\"WebSite\",\"@id\":\"https:\/\/turcon.es\/wp\/#website\",\"url\":\"https:\/\/turcon.es\/wp\/\",\"name\":\"Colectivo Ecologista Turcon\",\"description\":\"\",\"publisher\":{\"@id\":\"https:\/\/turcon.es\/wp\/#organization\"},\"potentialAction\":[{\"@type\":\"SearchAction\",\"target\":{\"@type\":\"EntryPoint\",\"urlTemplate\":\"https:\/\/turcon.es\/wp\/?s={search_term_string}\"},\"query-input\":{\"@type\":\"PropertyValueSpecification\",\"valueRequired\":true,\"valueName\":\"search_term_string\"}}],\"inLanguage\":\"es\"},{\"@type\":\"Organization\",\"@id\":\"https:\/\/turcon.es\/wp\/#organization\",\"name\":\"Colectivo Ecologista Turcon\",\"url\":\"https:\/\/turcon.es\/wp\/\",\"logo\":{\"@type\":\"ImageObject\",\"inLanguage\":\"es\",\"@id\":\"https:\/\/turcon.es\/wp\/#\/schema\/logo\/image\/\",\"url\":\"https:\/\/turcon.es\/wp\/wp-content\/uploads\/2025\/03\/logo-verde.svg\",\"contentUrl\":\"https:\/\/turcon.es\/wp\/wp-content\/uploads\/2025\/03\/logo-verde.svg\",\"width\":813,\"height\":813,\"caption\":\"Colectivo Ecologista Turcon\"},\"image\":{\"@id\":\"https:\/\/turcon.es\/wp\/#\/schema\/logo\/image\/\"}},{\"@type\":\"Person\",\"@id\":\"https:\/\/turcon.es\/wp\/#\/schema\/person\/a1f3ba727ce031d9da17684affe85edd\",\"name\":\"Laura Fernandez\",\"image\":{\"@type\":\"ImageObject\",\"inLanguage\":\"es\",\"@id\":\"https:\/\/turcon.es\/wp\/#\/schema\/person\/image\/\",\"url\":\"https:\/\/secure.gravatar.com\/avatar\/360749af9549af22e54582d50231ae56e854210ae2368797ba242f445a9852e8?s=96&d=mm&r=g\",\"contentUrl\":\"https:\/\/secure.gravatar.com\/avatar\/360749af9549af22e54582d50231ae56e854210ae2368797ba242f445a9852e8?s=96&d=mm&r=g\",\"caption\":\"Laura Fernandez\"},\"url\":\"https:\/\/turcon.es\/wp\/author\/admturcon\/\"}]}<\/script>\n<!-- \/ Yoast SEO plugin. -->","yoast_head_json":{"title":"Brian May, guitarrista de Queen, pide ayuda para salvar a la sabina de El Hierro - Colectivo Ecologista Turcon","robots":{"index":"index","follow":"follow","max-snippet":"max-snippet:-1","max-image-preview":"max-image-preview:large","max-video-preview":"max-video-preview:-1"},"canonical":"https:\/\/turcon.es\/wp\/brian-may-guitarrista-de-queen-pide-ayuda-para-salvar-a-la-sabina-de-el-hierro\/","og_locale":"es_ES","og_type":"article","og_title":"Brian May, guitarrista de Queen, pide ayuda para salvar a la sabina de El Hierro - Colectivo Ecologista Turcon","og_description":"Hay pocas personas en el mundo de la m\u00fasica como Brian May. Sensacional guitarrista del m\u00edtico grupo Queen que liderara Freddie Mercury, adem\u00e1s de compositor y cantante, logr\u00f3 doctorarse nada menos que en astrof\u00edsica con un trabajo sobre la luz zodiacal. Es adem\u00e1s un activo militante en la lucha por los derechos de los animales. [&hellip;]","og_url":"https:\/\/turcon.es\/wp\/brian-may-guitarrista-de-queen-pide-ayuda-para-salvar-a-la-sabina-de-el-hierro\/","og_site_name":"Colectivo Ecologista Turcon","article_published_time":"2012-01-10T22:15:08+00:00","og_image":[{"url":"http:\/\/blogs.20minutos.es\/cronicaverde\/files\/2011\/12\/may.jpg","type":"","width":"","height":""}],"author":"Laura Fernandez","twitter_card":"summary_large_image","twitter_misc":{"Escrito por":"Laura Fernandez","Tiempo de lectura":"3 minutos"},"schema":{"@context":"https:\/\/schema.org","@graph":[{"@type":"Article","@id":"https:\/\/turcon.es\/wp\/brian-may-guitarrista-de-queen-pide-ayuda-para-salvar-a-la-sabina-de-el-hierro\/#article","isPartOf":{"@id":"https:\/\/turcon.es\/wp\/brian-may-guitarrista-de-queen-pide-ayuda-para-salvar-a-la-sabina-de-el-hierro\/"},"author":{"name":"Laura Fernandez","@id":"https:\/\/turcon.es\/wp\/#\/schema\/person\/a1f3ba727ce031d9da17684affe85edd"},"headline":"Brian May, guitarrista de Queen, pide ayuda para salvar a la sabina de El Hierro","datePublished":"2012-01-10T22:15:08+00:00","mainEntityOfPage":{"@id":"https:\/\/turcon.es\/wp\/brian-may-guitarrista-de-queen-pide-ayuda-para-salvar-a-la-sabina-de-el-hierro\/"},"wordCount":525,"commentCount":0,"publisher":{"@id":"https:\/\/turcon.es\/wp\/#organization"},"image":{"@id":"https:\/\/turcon.es\/wp\/brian-may-guitarrista-de-queen-pide-ayuda-para-salvar-a-la-sabina-de-el-hierro\/#primaryimage"},"thumbnailUrl":"http:\/\/blogs.20minutos.es\/cronicaverde\/files\/2011\/12\/may.jpg","keywords":["Brian May","El Hierro"],"articleSection":["Canarias","Concienciaci\u00f3n","Ejemplos a seguir","Espacios Naturales","Fauna y flora"],"inLanguage":"es","potentialAction":[{"@type":"CommentAction","name":"Comment","target":["https:\/\/turcon.es\/wp\/brian-may-guitarrista-de-queen-pide-ayuda-para-salvar-a-la-sabina-de-el-hierro\/#respond"]}]},{"@type":"WebPage","@id":"https:\/\/turcon.es\/wp\/brian-may-guitarrista-de-queen-pide-ayuda-para-salvar-a-la-sabina-de-el-hierro\/","url":"https:\/\/turcon.es\/wp\/brian-may-guitarrista-de-queen-pide-ayuda-para-salvar-a-la-sabina-de-el-hierro\/","name":"Brian May, guitarrista de Queen, pide ayuda para salvar a la sabina de El Hierro - Colectivo Ecologista Turcon","isPartOf":{"@id":"https:\/\/turcon.es\/wp\/#website"},"primaryImageOfPage":{"@id":"https:\/\/turcon.es\/wp\/brian-may-guitarrista-de-queen-pide-ayuda-para-salvar-a-la-sabina-de-el-hierro\/#primaryimage"},"image":{"@id":"https:\/\/turcon.es\/wp\/brian-may-guitarrista-de-queen-pide-ayuda-para-salvar-a-la-sabina-de-el-hierro\/#primaryimage"},"thumbnailUrl":"http:\/\/blogs.20minutos.es\/cronicaverde\/files\/2011\/12\/may.jpg","datePublished":"2012-01-10T22:15:08+00:00","breadcrumb":{"@id":"https:\/\/turcon.es\/wp\/brian-may-guitarrista-de-queen-pide-ayuda-para-salvar-a-la-sabina-de-el-hierro\/#breadcrumb"},"inLanguage":"es","potentialAction":[{"@type":"ReadAction","target":["https:\/\/turcon.es\/wp\/brian-may-guitarrista-de-queen-pide-ayuda-para-salvar-a-la-sabina-de-el-hierro\/"]}]},{"@type":"ImageObject","inLanguage":"es","@id":"https:\/\/turcon.es\/wp\/brian-may-guitarrista-de-queen-pide-ayuda-para-salvar-a-la-sabina-de-el-hierro\/#primaryimage","url":"http:\/\/blogs.20minutos.es\/cronicaverde\/files\/2011\/12\/may.jpg","contentUrl":"http:\/\/blogs.20minutos.es\/cronicaverde\/files\/2011\/12\/may.jpg"},{"@type":"BreadcrumbList","@id":"https:\/\/turcon.es\/wp\/brian-may-guitarrista-de-queen-pide-ayuda-para-salvar-a-la-sabina-de-el-hierro\/#breadcrumb","itemListElement":[{"@type":"ListItem","position":1,"name":"Portada","item":"https:\/\/turcon.es\/wp\/"},{"@type":"ListItem","position":2,"name":"Brian May, guitarrista de Queen, pide ayuda para salvar a la sabina de El Hierro"}]},{"@type":"WebSite","@id":"https:\/\/turcon.es\/wp\/#website","url":"https:\/\/turcon.es\/wp\/","name":"Colectivo Ecologista Turcon","description":"","publisher":{"@id":"https:\/\/turcon.es\/wp\/#organization"},"potentialAction":[{"@type":"SearchAction","target":{"@type":"EntryPoint","urlTemplate":"https:\/\/turcon.es\/wp\/?s={search_term_string}"},"query-input":{"@type":"PropertyValueSpecification","valueRequired":true,"valueName":"search_term_string"}}],"inLanguage":"es"},{"@type":"Organization","@id":"https:\/\/turcon.es\/wp\/#organization","name":"Colectivo Ecologista Turcon","url":"https:\/\/turcon.es\/wp\/","logo":{"@type":"ImageObject","inLanguage":"es","@id":"https:\/\/turcon.es\/wp\/#\/schema\/logo\/image\/","url":"https:\/\/turcon.es\/wp\/wp-content\/uploads\/2025\/03\/logo-verde.svg","contentUrl":"https:\/\/turcon.es\/wp\/wp-content\/uploads\/2025\/03\/logo-verde.svg","width":813,"height":813,"caption":"Colectivo Ecologista Turcon"},"image":{"@id":"https:\/\/turcon.es\/wp\/#\/schema\/logo\/image\/"}},{"@type":"Person","@id":"https:\/\/turcon.es\/wp\/#\/schema\/person\/a1f3ba727ce031d9da17684affe85edd","name":"Laura Fernandez","image":{"@type":"ImageObject","inLanguage":"es","@id":"https:\/\/turcon.es\/wp\/#\/schema\/person\/image\/","url":"https:\/\/secure.gravatar.com\/avatar\/360749af9549af22e54582d50231ae56e854210ae2368797ba242f445a9852e8?s=96&d=mm&r=g","contentUrl":"https:\/\/secure.gravatar.com\/avatar\/360749af9549af22e54582d50231ae56e854210ae2368797ba242f445a9852e8?s=96&d=mm&r=g","caption":"Laura Fernandez"},"url":"https:\/\/turcon.es\/wp\/author\/admturcon\/"}]}},"_links":{"self":[{"href":"https:\/\/turcon.es\/wp\/wp-json\/wp\/v2\/posts\/7639","targetHints":{"allow":["GET"]}}],"collection":[{"href":"https:\/\/turcon.es\/wp\/wp-json\/wp\/v2\/posts"}],"about":[{"href":"https:\/\/turcon.es\/wp\/wp-json\/wp\/v2\/types\/post"}],"author":[{"embeddable":true,"href":"https:\/\/turcon.es\/wp\/wp-json\/wp\/v2\/users\/2"}],"replies":[{"embeddable":true,"href":"https:\/\/turcon.es\/wp\/wp-json\/wp\/v2\/comments?post=7639"}],"version-history":[{"count":0,"href":"https:\/\/turcon.es\/wp\/wp-json\/wp\/v2\/posts\/7639\/revisions"}],"wp:attachment":[{"href":"https:\/\/turcon.es\/wp\/wp-json\/wp\/v2\/media?parent=7639"}],"wp:term":[{"taxonomy":"category","embeddable":true,"href":"https:\/\/turcon.es\/wp\/wp-json\/wp\/v2\/categories?post=7639"},{"taxonomy":"post_tag","embeddable":true,"href":"https:\/\/turcon.es\/wp\/wp-json\/wp\/v2\/tags?post=7639"}],"curies":[{"name":"wp","href":"https:\/\/api.w.org\/{rel}","templated":true}]}}