{"id":7935,"date":"2012-02-10T09:43:33","date_gmt":"2012-02-10T09:43:33","guid":{"rendered":"http:\/\/turcon.wordpress.com\/?p=7935"},"modified":"2012-02-10T09:43:33","modified_gmt":"2012-02-10T09:43:33","slug":"incendio-en-torres-del-paine-chile","status":"publish","type":"post","link":"https:\/\/turcon.es\/wp\/incendio-en-torres-del-paine-chile\/","title":{"rendered":"Incendio en Torres del Paine (Chile)"},"content":{"rendered":"<p style=\"text-align:justify;\"><span style=\"color:#800000;\"><strong>Ayuda en una campa\u00f1a de reforestaci\u00f3n. El israel\u00ed que caus\u00f3 el incendio en Torres del Paine paga 7.530 \u20ac para no ser juzgado. Rotem Singer caus\u00f3 el incendio al quemar un trozo de papel higi\u00e9nico. La condena m\u00e1xima habr\u00eda sido de 235 euros y 60 d\u00edas de c\u00e1rcel. El fuego ha quemado ya 17.000 hect\u00e1reas y a\u00fan no sido totalmente extinguido.\u00a0<a href=\"http:\/\/turcon.es\/wp\/wp-content\/uploads\/2012\/02\/1328731679_0.jpg\"><img decoding=\"async\" class=\"alignright size-thumbnail wp-image-7938\" title=\"1328731679_0\" src=\"http:\/\/turcon.es\/wp\/wp-content\/uploads\/2012\/02\/1328731679_0.jpg?w=150\" alt=\"\" width=\"150\" height=\"99\" \/><\/a><\/strong><\/span><\/p>\n<p>Foto: Vista de una zona del Parque Torres del Paine afectada por el fuego. | Efe<\/p>\n<p>Efe | Santiago de Chile<\/p>\n<p>El turista israel\u00ed Rotem Singer, que estaba procesado por desatar en diciembre pasado un devastador incendio en el Parque Nacional de Torres del Paine, en la Patagonia chilena, ha llegado a un acuerdo para evitar el juicio mediante el pago de 10.000 d\u00f3lares (unos 7.530 euros) y ayuda en una campa\u00f1a de reforestaci\u00f3n.<\/p>\n<p>Seg\u00fan inform\u00f3 la Fiscal\u00eda, el Tribunal de Letras y Garant\u00eda de Puerto Natales, en la regi\u00f3n austral de Magallanes, ratific\u00f3 este mi\u00e9rcoles el acuerdo entre el Ministerio P\u00fablico y el joven para suspender el procedimiento en su contra.<\/p>\n<p>Roter Singer.<\/p>\n<p>Rotem Singer, de 23 a\u00f1os, estaba acusado de comenzar un incendio, el pasado 27 de diciembre, en ese Parque Nacional, reserva de la Biosfera, donde el fuego ya ha quemado unas 17.000 hect\u00e1reas y a\u00fan no ha podido ser totalmente extinguido.<\/p>\n<p>Seg\u00fan testigos, Singer provoc\u00f3 el incendio al quemar un trozo de papel higi\u00e9nico, aunque el turista neg\u00f3 ser el responsable del fuego.<\/p>\n<p>Como parte de ese acuerdo, Singer entreg\u00f3 al juzgado este mi\u00e9rcoles 4.850.000 pesos (unos 7.530 euros) para compensar las p\u00e9rdidas y gastos que sufri\u00f3 la Corporaci\u00f3n Nacional Forestal (Conaf).<!--more--><\/p>\n<p>Adem\u00e1s, el ciudadano israel\u00ed deber\u00e1 trabajar como voluntario entre uno y dos a\u00f1os para la ONG mundial &#8216;Keren Kayemet LeIsrael&#8217;, especialista en reforestaci\u00f3n y que tiene una delegaci\u00f3n en Chile.<\/p>\n<p>En concreto, Singer deber\u00e1 coordinar una campa\u00f1a especial denominada &#8216;Torres del Paine, de negro a verde&#8217;, destinada a recaudar recursos para reproducir, en los viveros que la Conaf tiene en Puerto Natales, un m\u00ednimo de 50.000 plantas de especies de bosque nativo para reforestar el parque. Para ello, especialistas de la misma ONG viajar\u00e1n a Chile durante este a\u00f1o y trabajar\u00e1n en coordinaci\u00f3n con la Conaf.<\/p>\n<p>Una ley obsoleta<\/p>\n<p>Con esta decisi\u00f3n se levant\u00f3 tambi\u00e9n la medida cautelar que prohib\u00eda al israel\u00ed abandonar Chile.<\/p>\n<p>El fiscal regional, Juan Agust\u00edn Mel\u00e9ndez, se felicit\u00f3 por el acuerdo y critic\u00f3 por \u00abobsoleta\u00bb la Ley de Bosques, ya que en caso de condena, la pena m\u00e1xima habr\u00eda sido de 150.000 pesos (235 euros) y 60 d\u00edas de prisi\u00f3n en suspenso (sin ir a la c\u00e1rcel).<\/p>\n<p>\u00abUtilizar una herramienta legal moderna que contempla el C\u00f3digo Procesal Penal, que es la suspensi\u00f3n condicional del procedimiento, supera con creces el escenario punitivo que pudi\u00e9ramos esperar ante una eventual condena\u00bb, explic\u00f3.<\/p>\n<p>Por otra parte, la Fiscal\u00eda logr\u00f3 acreditar que el incendio que el pasado 5 de enero cost\u00f3 la vida a siete brigadistas en Carahue, en un terreno propiedad de una empresa forestal, en la regi\u00f3n de la Araucan\u00eda, fue intencionado, ya que se detectaron 16 focos simult\u00e1neos.<\/p>\n<p>El Gobierno chileno hab\u00eda defendido la tesis de la intencionalidad y el ministro del Interior, Rodrigo Hinzpeter, relacion\u00f3 con el siniestro a una organizaci\u00f3n radical de los ind\u00edgenas mapuche, aunque despu\u00e9s neg\u00f3 haber establecido tal vinculaci\u00f3n.<\/p>\n<p>El Ejecutivo anunci\u00f3 que aplicar\u00eda la Ley Antiterrorista a quienes resultaran responsables del fuego, que consumi\u00f3 1.800 hect\u00e1reas.<\/p>\n","protected":false},"excerpt":{"rendered":"<p>Ayuda en una campa\u00f1a de reforestaci\u00f3n. El israel\u00ed que caus\u00f3 el incendio en Torres del Paine paga 7.530 \u20ac para no ser juzgado. Rotem Singer caus\u00f3 el incendio al quemar un trozo de papel higi\u00e9nico. La condena m\u00e1xima habr\u00eda sido de 235 euros y 60 d\u00edas de c\u00e1rcel. El fuego ha quemado ya 17.000 hect\u00e1reas [&hellip;]<\/p>\n","protected":false},"author":2,"featured_media":0,"comment_status":"open","ping_status":"open","sticky":false,"template":"","format":"standard","meta":{"footnotes":""},"categories":[17,22,29,37],"tags":[],"class_list":["post-7935","post","type-post","status-publish","format-standard","hentry","category-cambio-climatico","category-concienciacion","category-desertizacion-y-reforestacion","category-espacios-naturales"],"yoast_head":"<!-- This site is optimized with the Yoast SEO plugin v26.3 - https:\/\/yoast.com\/wordpress\/plugins\/seo\/ -->\n<title>Incendio en Torres del Paine (Chile) - Colectivo Ecologista Turcon<\/title>\n<meta name=\"robots\" content=\"index, follow, max-snippet:-1, max-image-preview:large, max-video-preview:-1\" \/>\n<link rel=\"canonical\" href=\"https:\/\/turcon.es\/wp\/incendio-en-torres-del-paine-chile\/\" \/>\n<meta property=\"og:locale\" content=\"es_ES\" \/>\n<meta property=\"og:type\" content=\"article\" \/>\n<meta property=\"og:title\" content=\"Incendio en Torres del Paine (Chile) - Colectivo Ecologista Turcon\" \/>\n<meta property=\"og:description\" content=\"Ayuda en una campa\u00f1a de reforestaci\u00f3n. El israel\u00ed que caus\u00f3 el incendio en Torres del Paine paga 7.530 \u20ac para no ser juzgado. Rotem Singer caus\u00f3 el incendio al quemar un trozo de papel higi\u00e9nico. La condena m\u00e1xima habr\u00eda sido de 235 euros y 60 d\u00edas de c\u00e1rcel. El fuego ha quemado ya 17.000 hect\u00e1reas [&hellip;]\" \/>\n<meta property=\"og:url\" content=\"https:\/\/turcon.es\/wp\/incendio-en-torres-del-paine-chile\/\" \/>\n<meta property=\"og:site_name\" content=\"Colectivo Ecologista Turcon\" \/>\n<meta property=\"article:published_time\" content=\"2012-02-10T09:43:33+00:00\" \/>\n<meta property=\"og:image\" content=\"https:\/\/turcon.es\/wp\/wp-content\/uploads\/2012\/02\/1328731679_0-1.jpg\" \/>\n\t<meta property=\"og:image:width\" content=\"470\" \/>\n\t<meta property=\"og:image:height\" content=\"313\" \/>\n\t<meta property=\"og:image:type\" content=\"image\/jpeg\" \/>\n<meta name=\"author\" content=\"Laura Fernandez\" \/>\n<meta name=\"twitter:card\" content=\"summary_large_image\" \/>\n<meta name=\"twitter:label1\" content=\"Escrito por\" \/>\n\t<meta name=\"twitter:data1\" content=\"Laura Fernandez\" \/>\n\t<meta name=\"twitter:label2\" content=\"Tiempo de lectura\" \/>\n\t<meta name=\"twitter:data2\" content=\"3 minutos\" \/>\n<script type=\"application\/ld+json\" class=\"yoast-schema-graph\">{\"@context\":\"https:\/\/schema.org\",\"@graph\":[{\"@type\":\"Article\",\"@id\":\"https:\/\/turcon.es\/wp\/incendio-en-torres-del-paine-chile\/#article\",\"isPartOf\":{\"@id\":\"https:\/\/turcon.es\/wp\/incendio-en-torres-del-paine-chile\/\"},\"author\":{\"name\":\"Laura Fernandez\",\"@id\":\"https:\/\/turcon.es\/wp\/#\/schema\/person\/a1f3ba727ce031d9da17684affe85edd\"},\"headline\":\"Incendio en Torres del Paine (Chile)\",\"datePublished\":\"2012-02-10T09:43:33+00:00\",\"mainEntityOfPage\":{\"@id\":\"https:\/\/turcon.es\/wp\/incendio-en-torres-del-paine-chile\/\"},\"wordCount\":606,\"commentCount\":0,\"publisher\":{\"@id\":\"https:\/\/turcon.es\/wp\/#organization\"},\"image\":{\"@id\":\"https:\/\/turcon.es\/wp\/incendio-en-torres-del-paine-chile\/#primaryimage\"},\"thumbnailUrl\":\"http:\/\/turcon.es\/wp\/wp-content\/uploads\/2012\/02\/1328731679_0.jpg?w=150\",\"articleSection\":[\"Cambio clim\u00e1tico\",\"Concienciaci\u00f3n\",\"Desertizaci\u00f3n y reforestaci\u00f3n\",\"Espacios Naturales\"],\"inLanguage\":\"es\",\"potentialAction\":[{\"@type\":\"CommentAction\",\"name\":\"Comment\",\"target\":[\"https:\/\/turcon.es\/wp\/incendio-en-torres-del-paine-chile\/#respond\"]}]},{\"@type\":\"WebPage\",\"@id\":\"https:\/\/turcon.es\/wp\/incendio-en-torres-del-paine-chile\/\",\"url\":\"https:\/\/turcon.es\/wp\/incendio-en-torres-del-paine-chile\/\",\"name\":\"Incendio en Torres del Paine (Chile) - Colectivo Ecologista Turcon\",\"isPartOf\":{\"@id\":\"https:\/\/turcon.es\/wp\/#website\"},\"primaryImageOfPage\":{\"@id\":\"https:\/\/turcon.es\/wp\/incendio-en-torres-del-paine-chile\/#primaryimage\"},\"image\":{\"@id\":\"https:\/\/turcon.es\/wp\/incendio-en-torres-del-paine-chile\/#primaryimage\"},\"thumbnailUrl\":\"http:\/\/turcon.es\/wp\/wp-content\/uploads\/2012\/02\/1328731679_0.jpg?w=150\",\"datePublished\":\"2012-02-10T09:43:33+00:00\",\"breadcrumb\":{\"@id\":\"https:\/\/turcon.es\/wp\/incendio-en-torres-del-paine-chile\/#breadcrumb\"},\"inLanguage\":\"es\",\"potentialAction\":[{\"@type\":\"ReadAction\",\"target\":[\"https:\/\/turcon.es\/wp\/incendio-en-torres-del-paine-chile\/\"]}]},{\"@type\":\"ImageObject\",\"inLanguage\":\"es\",\"@id\":\"https:\/\/turcon.es\/wp\/incendio-en-torres-del-paine-chile\/#primaryimage\",\"url\":\"http:\/\/turcon.es\/wp\/wp-content\/uploads\/2012\/02\/1328731679_0.jpg?w=150\",\"contentUrl\":\"http:\/\/turcon.es\/wp\/wp-content\/uploads\/2012\/02\/1328731679_0.jpg?w=150\"},{\"@type\":\"BreadcrumbList\",\"@id\":\"https:\/\/turcon.es\/wp\/incendio-en-torres-del-paine-chile\/#breadcrumb\",\"itemListElement\":[{\"@type\":\"ListItem\",\"position\":1,\"name\":\"Portada\",\"item\":\"https:\/\/turcon.es\/wp\/\"},{\"@type\":\"ListItem\",\"position\":2,\"name\":\"Incendio en Torres del Paine (Chile)\"}]},{\"@type\":\"WebSite\",\"@id\":\"https:\/\/turcon.es\/wp\/#website\",\"url\":\"https:\/\/turcon.es\/wp\/\",\"name\":\"Colectivo Ecologista Turcon\",\"description\":\"\",\"publisher\":{\"@id\":\"https:\/\/turcon.es\/wp\/#organization\"},\"potentialAction\":[{\"@type\":\"SearchAction\",\"target\":{\"@type\":\"EntryPoint\",\"urlTemplate\":\"https:\/\/turcon.es\/wp\/?s={search_term_string}\"},\"query-input\":{\"@type\":\"PropertyValueSpecification\",\"valueRequired\":true,\"valueName\":\"search_term_string\"}}],\"inLanguage\":\"es\"},{\"@type\":\"Organization\",\"@id\":\"https:\/\/turcon.es\/wp\/#organization\",\"name\":\"Colectivo Ecologista Turcon\",\"url\":\"https:\/\/turcon.es\/wp\/\",\"logo\":{\"@type\":\"ImageObject\",\"inLanguage\":\"es\",\"@id\":\"https:\/\/turcon.es\/wp\/#\/schema\/logo\/image\/\",\"url\":\"https:\/\/turcon.es\/wp\/wp-content\/uploads\/2025\/03\/logo-verde.svg\",\"contentUrl\":\"https:\/\/turcon.es\/wp\/wp-content\/uploads\/2025\/03\/logo-verde.svg\",\"width\":813,\"height\":813,\"caption\":\"Colectivo Ecologista Turcon\"},\"image\":{\"@id\":\"https:\/\/turcon.es\/wp\/#\/schema\/logo\/image\/\"}},{\"@type\":\"Person\",\"@id\":\"https:\/\/turcon.es\/wp\/#\/schema\/person\/a1f3ba727ce031d9da17684affe85edd\",\"name\":\"Laura Fernandez\",\"image\":{\"@type\":\"ImageObject\",\"inLanguage\":\"es\",\"@id\":\"https:\/\/turcon.es\/wp\/#\/schema\/person\/image\/\",\"url\":\"https:\/\/secure.gravatar.com\/avatar\/360749af9549af22e54582d50231ae56e854210ae2368797ba242f445a9852e8?s=96&d=mm&r=g\",\"contentUrl\":\"https:\/\/secure.gravatar.com\/avatar\/360749af9549af22e54582d50231ae56e854210ae2368797ba242f445a9852e8?s=96&d=mm&r=g\",\"caption\":\"Laura Fernandez\"},\"url\":\"https:\/\/turcon.es\/wp\/author\/admturcon\/\"}]}<\/script>\n<!-- \/ Yoast SEO plugin. -->","yoast_head_json":{"title":"Incendio en Torres del Paine (Chile) - Colectivo Ecologista Turcon","robots":{"index":"index","follow":"follow","max-snippet":"max-snippet:-1","max-image-preview":"max-image-preview:large","max-video-preview":"max-video-preview:-1"},"canonical":"https:\/\/turcon.es\/wp\/incendio-en-torres-del-paine-chile\/","og_locale":"es_ES","og_type":"article","og_title":"Incendio en Torres del Paine (Chile) - Colectivo Ecologista Turcon","og_description":"Ayuda en una campa\u00f1a de reforestaci\u00f3n. El israel\u00ed que caus\u00f3 el incendio en Torres del Paine paga 7.530 \u20ac para no ser juzgado. Rotem Singer caus\u00f3 el incendio al quemar un trozo de papel higi\u00e9nico. La condena m\u00e1xima habr\u00eda sido de 235 euros y 60 d\u00edas de c\u00e1rcel. El fuego ha quemado ya 17.000 hect\u00e1reas [&hellip;]","og_url":"https:\/\/turcon.es\/wp\/incendio-en-torres-del-paine-chile\/","og_site_name":"Colectivo Ecologista Turcon","article_published_time":"2012-02-10T09:43:33+00:00","og_image":[{"width":470,"height":313,"url":"https:\/\/turcon.es\/wp\/wp-content\/uploads\/2012\/02\/1328731679_0-1.jpg","type":"image\/jpeg"}],"author":"Laura Fernandez","twitter_card":"summary_large_image","twitter_misc":{"Escrito por":"Laura Fernandez","Tiempo de lectura":"3 minutos"},"schema":{"@context":"https:\/\/schema.org","@graph":[{"@type":"Article","@id":"https:\/\/turcon.es\/wp\/incendio-en-torres-del-paine-chile\/#article","isPartOf":{"@id":"https:\/\/turcon.es\/wp\/incendio-en-torres-del-paine-chile\/"},"author":{"name":"Laura Fernandez","@id":"https:\/\/turcon.es\/wp\/#\/schema\/person\/a1f3ba727ce031d9da17684affe85edd"},"headline":"Incendio en Torres del Paine (Chile)","datePublished":"2012-02-10T09:43:33+00:00","mainEntityOfPage":{"@id":"https:\/\/turcon.es\/wp\/incendio-en-torres-del-paine-chile\/"},"wordCount":606,"commentCount":0,"publisher":{"@id":"https:\/\/turcon.es\/wp\/#organization"},"image":{"@id":"https:\/\/turcon.es\/wp\/incendio-en-torres-del-paine-chile\/#primaryimage"},"thumbnailUrl":"http:\/\/turcon.es\/wp\/wp-content\/uploads\/2012\/02\/1328731679_0.jpg?w=150","articleSection":["Cambio clim\u00e1tico","Concienciaci\u00f3n","Desertizaci\u00f3n y reforestaci\u00f3n","Espacios Naturales"],"inLanguage":"es","potentialAction":[{"@type":"CommentAction","name":"Comment","target":["https:\/\/turcon.es\/wp\/incendio-en-torres-del-paine-chile\/#respond"]}]},{"@type":"WebPage","@id":"https:\/\/turcon.es\/wp\/incendio-en-torres-del-paine-chile\/","url":"https:\/\/turcon.es\/wp\/incendio-en-torres-del-paine-chile\/","name":"Incendio en Torres del Paine (Chile) - Colectivo Ecologista Turcon","isPartOf":{"@id":"https:\/\/turcon.es\/wp\/#website"},"primaryImageOfPage":{"@id":"https:\/\/turcon.es\/wp\/incendio-en-torres-del-paine-chile\/#primaryimage"},"image":{"@id":"https:\/\/turcon.es\/wp\/incendio-en-torres-del-paine-chile\/#primaryimage"},"thumbnailUrl":"http:\/\/turcon.es\/wp\/wp-content\/uploads\/2012\/02\/1328731679_0.jpg?w=150","datePublished":"2012-02-10T09:43:33+00:00","breadcrumb":{"@id":"https:\/\/turcon.es\/wp\/incendio-en-torres-del-paine-chile\/#breadcrumb"},"inLanguage":"es","potentialAction":[{"@type":"ReadAction","target":["https:\/\/turcon.es\/wp\/incendio-en-torres-del-paine-chile\/"]}]},{"@type":"ImageObject","inLanguage":"es","@id":"https:\/\/turcon.es\/wp\/incendio-en-torres-del-paine-chile\/#primaryimage","url":"http:\/\/turcon.es\/wp\/wp-content\/uploads\/2012\/02\/1328731679_0.jpg?w=150","contentUrl":"http:\/\/turcon.es\/wp\/wp-content\/uploads\/2012\/02\/1328731679_0.jpg?w=150"},{"@type":"BreadcrumbList","@id":"https:\/\/turcon.es\/wp\/incendio-en-torres-del-paine-chile\/#breadcrumb","itemListElement":[{"@type":"ListItem","position":1,"name":"Portada","item":"https:\/\/turcon.es\/wp\/"},{"@type":"ListItem","position":2,"name":"Incendio en Torres del Paine (Chile)"}]},{"@type":"WebSite","@id":"https:\/\/turcon.es\/wp\/#website","url":"https:\/\/turcon.es\/wp\/","name":"Colectivo Ecologista Turcon","description":"","publisher":{"@id":"https:\/\/turcon.es\/wp\/#organization"},"potentialAction":[{"@type":"SearchAction","target":{"@type":"EntryPoint","urlTemplate":"https:\/\/turcon.es\/wp\/?s={search_term_string}"},"query-input":{"@type":"PropertyValueSpecification","valueRequired":true,"valueName":"search_term_string"}}],"inLanguage":"es"},{"@type":"Organization","@id":"https:\/\/turcon.es\/wp\/#organization","name":"Colectivo Ecologista Turcon","url":"https:\/\/turcon.es\/wp\/","logo":{"@type":"ImageObject","inLanguage":"es","@id":"https:\/\/turcon.es\/wp\/#\/schema\/logo\/image\/","url":"https:\/\/turcon.es\/wp\/wp-content\/uploads\/2025\/03\/logo-verde.svg","contentUrl":"https:\/\/turcon.es\/wp\/wp-content\/uploads\/2025\/03\/logo-verde.svg","width":813,"height":813,"caption":"Colectivo Ecologista Turcon"},"image":{"@id":"https:\/\/turcon.es\/wp\/#\/schema\/logo\/image\/"}},{"@type":"Person","@id":"https:\/\/turcon.es\/wp\/#\/schema\/person\/a1f3ba727ce031d9da17684affe85edd","name":"Laura Fernandez","image":{"@type":"ImageObject","inLanguage":"es","@id":"https:\/\/turcon.es\/wp\/#\/schema\/person\/image\/","url":"https:\/\/secure.gravatar.com\/avatar\/360749af9549af22e54582d50231ae56e854210ae2368797ba242f445a9852e8?s=96&d=mm&r=g","contentUrl":"https:\/\/secure.gravatar.com\/avatar\/360749af9549af22e54582d50231ae56e854210ae2368797ba242f445a9852e8?s=96&d=mm&r=g","caption":"Laura Fernandez"},"url":"https:\/\/turcon.es\/wp\/author\/admturcon\/"}]}},"_links":{"self":[{"href":"https:\/\/turcon.es\/wp\/wp-json\/wp\/v2\/posts\/7935","targetHints":{"allow":["GET"]}}],"collection":[{"href":"https:\/\/turcon.es\/wp\/wp-json\/wp\/v2\/posts"}],"about":[{"href":"https:\/\/turcon.es\/wp\/wp-json\/wp\/v2\/types\/post"}],"author":[{"embeddable":true,"href":"https:\/\/turcon.es\/wp\/wp-json\/wp\/v2\/users\/2"}],"replies":[{"embeddable":true,"href":"https:\/\/turcon.es\/wp\/wp-json\/wp\/v2\/comments?post=7935"}],"version-history":[{"count":0,"href":"https:\/\/turcon.es\/wp\/wp-json\/wp\/v2\/posts\/7935\/revisions"}],"wp:attachment":[{"href":"https:\/\/turcon.es\/wp\/wp-json\/wp\/v2\/media?parent=7935"}],"wp:term":[{"taxonomy":"category","embeddable":true,"href":"https:\/\/turcon.es\/wp\/wp-json\/wp\/v2\/categories?post=7935"},{"taxonomy":"post_tag","embeddable":true,"href":"https:\/\/turcon.es\/wp\/wp-json\/wp\/v2\/tags?post=7935"}],"curies":[{"name":"wp","href":"https:\/\/api.w.org\/{rel}","templated":true}]}}