{"id":7940,"date":"2012-02-11T08:49:32","date_gmt":"2012-02-11T08:49:32","guid":{"rendered":"http:\/\/turcon.wordpress.com\/?p=7940"},"modified":"2012-02-11T08:49:32","modified_gmt":"2012-02-11T08:49:32","slug":"ano-internacional-de-la-energia-sostenible-para-todos","status":"publish","type":"post","link":"https:\/\/turcon.es\/wp\/ano-internacional-de-la-energia-sostenible-para-todos\/","title":{"rendered":"A\u00f1o Internacional de la Energ\u00eda Sostenible para Todos"},"content":{"rendered":"<p style=\"text-align:justify;\"><span style=\"color:#800000;\"><strong>La Asamblea de las Naciones Unidas ha proclamado el a\u00f1o 2012, \u00abA\u00f1o Internacional de la Energ\u00eda Sostenible para Todos\u00bb. La Asamblea, una vez proclamado el A\u00f1o Internacional de la Energ\u00eda Sostenible, alienta a todos los Estados, al Sistema de Naciones Unidas y a todos los dem\u00e1s agentes a adoptar medidas en este sentido. En particular, insta a que aprovechen el 2012 para concienciar sobre la importancia de abordar los problemas energ\u00e9ticos.<a href=\"http:\/\/turcon.es\/wp\/wp-content\/uploads\/2012\/02\/dsc03059.jpg\"><img decoding=\"async\" class=\"alignright size-thumbnail wp-image-7943\" title=\"DSC03059\" src=\"http:\/\/turcon.es\/wp\/wp-content\/uploads\/2012\/02\/dsc03059.jpg?w=150\" alt=\"\" width=\"150\" height=\"112\" \/><\/a><\/strong><\/span><\/p>\n<p>Mediante Resoluci\u00f3n 65\/151, la Asamblea de las Naciones Unidas ha proclamado el a\u00f1o 2012 \u00abA\u00f1o Internacional de la Energ\u00eda Sostenible para Todos\u00bb.<\/p>\n<p>Siendo consciente de la importancia de intervenir en el acceso a opciones de tecnolog\u00eda energ\u00e9tica menos contaminante y en un futuro con capacidad de adaptaci\u00f3n al cambio clim\u00e1tico para todos, as\u00ed como la necesidad de mejorar el acceso a recursos y servicios energ\u00e9ticos para el desarrollo sostenible que sean fiables, de costo razonable, econ\u00f3micamente viables, socialmente aceptables y ecol\u00f3gicamente racionales, la Asamblea, una vez proclamado el A\u00f1o Internacional de la Energ\u00eda Sostenible, alienta a todos los Estados, al Sistema de Naciones Unidas y a todos los dem\u00e1s agentes a adoptar medidas en este sentido.<\/p>\n<p><!--more-->En particular, insta a que aprovechen el 2012 para concienciar sobre la importancia de abordar los problemas energ\u00e9ticos, y particularmente: los servicios energ\u00e9ticos modernos para todos, el acceso a servicios de energ\u00eda asequibles, la eficiencia energ\u00e9tica y la sostenibilidad de las fuentes y del uso de la energ\u00eda. Todo ello con el fin de alcanzar los objetivos de desarrollo convenidos internacionalmente, y asegurar el desarrollo sostenible y la protecci\u00f3n del clima mundial, promoviendo medidas a nivel local, nacional, regional e internacional.<\/p>\n<p>Autora de este texto: Celia Gonzalo Miguel. Personal Investigador en Formaci\u00f3n del CIEDA-CIEMAT. Fuente: actualidadjuridica.com<\/p>\n","protected":false},"excerpt":{"rendered":"<p>La Asamblea de las Naciones Unidas ha proclamado el a\u00f1o 2012, \u00abA\u00f1o Internacional de la Energ\u00eda Sostenible para Todos\u00bb. La Asamblea, una vez proclamado el A\u00f1o Internacional de la Energ\u00eda Sostenible, alienta a todos los Estados, al Sistema de Naciones Unidas y a todos los dem\u00e1s agentes a adoptar medidas en este sentido. En particular, [&hellip;]<\/p>\n","protected":false},"author":2,"featured_media":0,"comment_status":"open","ping_status":"open","sticky":false,"template":"","format":"standard","meta":{"footnotes":""},"categories":[8,24,25,34,35],"tags":[],"class_list":["post-7940","post","type-post","status-publish","format-standard","hentry","category-administracion-publica","category-consumismo","category-contaminacion-y-toxicos","category-energia","category-energias-renovables"],"yoast_head":"<!-- This site is optimized with the Yoast SEO plugin v26.3 - https:\/\/yoast.com\/wordpress\/plugins\/seo\/ -->\n<title>A\u00f1o Internacional de la Energ\u00eda Sostenible para Todos - Colectivo Ecologista Turcon<\/title>\n<meta name=\"robots\" content=\"index, follow, max-snippet:-1, max-image-preview:large, max-video-preview:-1\" \/>\n<link rel=\"canonical\" href=\"https:\/\/turcon.es\/wp\/ano-internacional-de-la-energia-sostenible-para-todos\/\" \/>\n<meta property=\"og:locale\" content=\"es_ES\" \/>\n<meta property=\"og:type\" content=\"article\" \/>\n<meta property=\"og:title\" content=\"A\u00f1o Internacional de la Energ\u00eda Sostenible para Todos - Colectivo Ecologista Turcon\" \/>\n<meta property=\"og:description\" content=\"La Asamblea de las Naciones Unidas ha proclamado el a\u00f1o 2012, \u00abA\u00f1o Internacional de la Energ\u00eda Sostenible para Todos\u00bb. La Asamblea, una vez proclamado el A\u00f1o Internacional de la Energ\u00eda Sostenible, alienta a todos los Estados, al Sistema de Naciones Unidas y a todos los dem\u00e1s agentes a adoptar medidas en este sentido. En particular, [&hellip;]\" \/>\n<meta property=\"og:url\" content=\"https:\/\/turcon.es\/wp\/ano-internacional-de-la-energia-sostenible-para-todos\/\" \/>\n<meta property=\"og:site_name\" content=\"Colectivo Ecologista Turcon\" \/>\n<meta property=\"article:published_time\" content=\"2012-02-11T08:49:32+00:00\" \/>\n<meta property=\"og:image\" content=\"https:\/\/turcon.es\/wp\/wp-content\/uploads\/2012\/02\/dsc03059-1.jpg\" \/>\n\t<meta property=\"og:image:width\" content=\"640\" \/>\n\t<meta property=\"og:image:height\" content=\"480\" \/>\n\t<meta property=\"og:image:type\" content=\"image\/jpeg\" \/>\n<meta name=\"author\" content=\"Laura Fernandez\" \/>\n<meta name=\"twitter:card\" content=\"summary_large_image\" \/>\n<meta name=\"twitter:label1\" content=\"Escrito por\" \/>\n\t<meta name=\"twitter:data1\" content=\"Laura Fernandez\" \/>\n\t<meta name=\"twitter:label2\" content=\"Tiempo de lectura\" \/>\n\t<meta name=\"twitter:data2\" content=\"2 minutos\" \/>\n<script type=\"application\/ld+json\" class=\"yoast-schema-graph\">{\"@context\":\"https:\/\/schema.org\",\"@graph\":[{\"@type\":\"Article\",\"@id\":\"https:\/\/turcon.es\/wp\/ano-internacional-de-la-energia-sostenible-para-todos\/#article\",\"isPartOf\":{\"@id\":\"https:\/\/turcon.es\/wp\/ano-internacional-de-la-energia-sostenible-para-todos\/\"},\"author\":{\"name\":\"Laura Fernandez\",\"@id\":\"https:\/\/turcon.es\/wp\/#\/schema\/person\/a1f3ba727ce031d9da17684affe85edd\"},\"headline\":\"A\u00f1o Internacional de la Energ\u00eda Sostenible para Todos\",\"datePublished\":\"2012-02-11T08:49:32+00:00\",\"mainEntityOfPage\":{\"@id\":\"https:\/\/turcon.es\/wp\/ano-internacional-de-la-energia-sostenible-para-todos\/\"},\"wordCount\":317,\"commentCount\":0,\"publisher\":{\"@id\":\"https:\/\/turcon.es\/wp\/#organization\"},\"image\":{\"@id\":\"https:\/\/turcon.es\/wp\/ano-internacional-de-la-energia-sostenible-para-todos\/#primaryimage\"},\"thumbnailUrl\":\"http:\/\/turcon.es\/wp\/wp-content\/uploads\/2012\/02\/dsc03059.jpg?w=150\",\"articleSection\":[\"Administraci\u00f3n p\u00fablica\",\"Consumismo\",\"Contaminaci\u00f3n y t\u00f3xicos\",\"Energ\u00eda\",\"Energ\u00edas renovables\"],\"inLanguage\":\"es\",\"potentialAction\":[{\"@type\":\"CommentAction\",\"name\":\"Comment\",\"target\":[\"https:\/\/turcon.es\/wp\/ano-internacional-de-la-energia-sostenible-para-todos\/#respond\"]}]},{\"@type\":\"WebPage\",\"@id\":\"https:\/\/turcon.es\/wp\/ano-internacional-de-la-energia-sostenible-para-todos\/\",\"url\":\"https:\/\/turcon.es\/wp\/ano-internacional-de-la-energia-sostenible-para-todos\/\",\"name\":\"A\u00f1o Internacional de la Energ\u00eda Sostenible para Todos - Colectivo Ecologista Turcon\",\"isPartOf\":{\"@id\":\"https:\/\/turcon.es\/wp\/#website\"},\"primaryImageOfPage\":{\"@id\":\"https:\/\/turcon.es\/wp\/ano-internacional-de-la-energia-sostenible-para-todos\/#primaryimage\"},\"image\":{\"@id\":\"https:\/\/turcon.es\/wp\/ano-internacional-de-la-energia-sostenible-para-todos\/#primaryimage\"},\"thumbnailUrl\":\"http:\/\/turcon.es\/wp\/wp-content\/uploads\/2012\/02\/dsc03059.jpg?w=150\",\"datePublished\":\"2012-02-11T08:49:32+00:00\",\"breadcrumb\":{\"@id\":\"https:\/\/turcon.es\/wp\/ano-internacional-de-la-energia-sostenible-para-todos\/#breadcrumb\"},\"inLanguage\":\"es\",\"potentialAction\":[{\"@type\":\"ReadAction\",\"target\":[\"https:\/\/turcon.es\/wp\/ano-internacional-de-la-energia-sostenible-para-todos\/\"]}]},{\"@type\":\"ImageObject\",\"inLanguage\":\"es\",\"@id\":\"https:\/\/turcon.es\/wp\/ano-internacional-de-la-energia-sostenible-para-todos\/#primaryimage\",\"url\":\"http:\/\/turcon.es\/wp\/wp-content\/uploads\/2012\/02\/dsc03059.jpg?w=150\",\"contentUrl\":\"http:\/\/turcon.es\/wp\/wp-content\/uploads\/2012\/02\/dsc03059.jpg?w=150\"},{\"@type\":\"BreadcrumbList\",\"@id\":\"https:\/\/turcon.es\/wp\/ano-internacional-de-la-energia-sostenible-para-todos\/#breadcrumb\",\"itemListElement\":[{\"@type\":\"ListItem\",\"position\":1,\"name\":\"Portada\",\"item\":\"https:\/\/turcon.es\/wp\/\"},{\"@type\":\"ListItem\",\"position\":2,\"name\":\"A\u00f1o Internacional de la Energ\u00eda Sostenible para Todos\"}]},{\"@type\":\"WebSite\",\"@id\":\"https:\/\/turcon.es\/wp\/#website\",\"url\":\"https:\/\/turcon.es\/wp\/\",\"name\":\"Colectivo Ecologista Turcon\",\"description\":\"\",\"publisher\":{\"@id\":\"https:\/\/turcon.es\/wp\/#organization\"},\"potentialAction\":[{\"@type\":\"SearchAction\",\"target\":{\"@type\":\"EntryPoint\",\"urlTemplate\":\"https:\/\/turcon.es\/wp\/?s={search_term_string}\"},\"query-input\":{\"@type\":\"PropertyValueSpecification\",\"valueRequired\":true,\"valueName\":\"search_term_string\"}}],\"inLanguage\":\"es\"},{\"@type\":\"Organization\",\"@id\":\"https:\/\/turcon.es\/wp\/#organization\",\"name\":\"Colectivo Ecologista Turcon\",\"url\":\"https:\/\/turcon.es\/wp\/\",\"logo\":{\"@type\":\"ImageObject\",\"inLanguage\":\"es\",\"@id\":\"https:\/\/turcon.es\/wp\/#\/schema\/logo\/image\/\",\"url\":\"https:\/\/turcon.es\/wp\/wp-content\/uploads\/2025\/03\/logo-verde.svg\",\"contentUrl\":\"https:\/\/turcon.es\/wp\/wp-content\/uploads\/2025\/03\/logo-verde.svg\",\"width\":813,\"height\":813,\"caption\":\"Colectivo Ecologista Turcon\"},\"image\":{\"@id\":\"https:\/\/turcon.es\/wp\/#\/schema\/logo\/image\/\"}},{\"@type\":\"Person\",\"@id\":\"https:\/\/turcon.es\/wp\/#\/schema\/person\/a1f3ba727ce031d9da17684affe85edd\",\"name\":\"Laura Fernandez\",\"image\":{\"@type\":\"ImageObject\",\"inLanguage\":\"es\",\"@id\":\"https:\/\/turcon.es\/wp\/#\/schema\/person\/image\/\",\"url\":\"https:\/\/secure.gravatar.com\/avatar\/360749af9549af22e54582d50231ae56e854210ae2368797ba242f445a9852e8?s=96&d=mm&r=g\",\"contentUrl\":\"https:\/\/secure.gravatar.com\/avatar\/360749af9549af22e54582d50231ae56e854210ae2368797ba242f445a9852e8?s=96&d=mm&r=g\",\"caption\":\"Laura Fernandez\"},\"url\":\"https:\/\/turcon.es\/wp\/author\/admturcon\/\"}]}<\/script>\n<!-- \/ Yoast SEO plugin. -->","yoast_head_json":{"title":"A\u00f1o Internacional de la Energ\u00eda Sostenible para Todos - Colectivo Ecologista Turcon","robots":{"index":"index","follow":"follow","max-snippet":"max-snippet:-1","max-image-preview":"max-image-preview:large","max-video-preview":"max-video-preview:-1"},"canonical":"https:\/\/turcon.es\/wp\/ano-internacional-de-la-energia-sostenible-para-todos\/","og_locale":"es_ES","og_type":"article","og_title":"A\u00f1o Internacional de la Energ\u00eda Sostenible para Todos - Colectivo Ecologista Turcon","og_description":"La Asamblea de las Naciones Unidas ha proclamado el a\u00f1o 2012, \u00abA\u00f1o Internacional de la Energ\u00eda Sostenible para Todos\u00bb. La Asamblea, una vez proclamado el A\u00f1o Internacional de la Energ\u00eda Sostenible, alienta a todos los Estados, al Sistema de Naciones Unidas y a todos los dem\u00e1s agentes a adoptar medidas en este sentido. En particular, [&hellip;]","og_url":"https:\/\/turcon.es\/wp\/ano-internacional-de-la-energia-sostenible-para-todos\/","og_site_name":"Colectivo Ecologista Turcon","article_published_time":"2012-02-11T08:49:32+00:00","og_image":[{"width":640,"height":480,"url":"https:\/\/turcon.es\/wp\/wp-content\/uploads\/2012\/02\/dsc03059-1.jpg","type":"image\/jpeg"}],"author":"Laura Fernandez","twitter_card":"summary_large_image","twitter_misc":{"Escrito por":"Laura Fernandez","Tiempo de lectura":"2 minutos"},"schema":{"@context":"https:\/\/schema.org","@graph":[{"@type":"Article","@id":"https:\/\/turcon.es\/wp\/ano-internacional-de-la-energia-sostenible-para-todos\/#article","isPartOf":{"@id":"https:\/\/turcon.es\/wp\/ano-internacional-de-la-energia-sostenible-para-todos\/"},"author":{"name":"Laura Fernandez","@id":"https:\/\/turcon.es\/wp\/#\/schema\/person\/a1f3ba727ce031d9da17684affe85edd"},"headline":"A\u00f1o Internacional de la Energ\u00eda Sostenible para Todos","datePublished":"2012-02-11T08:49:32+00:00","mainEntityOfPage":{"@id":"https:\/\/turcon.es\/wp\/ano-internacional-de-la-energia-sostenible-para-todos\/"},"wordCount":317,"commentCount":0,"publisher":{"@id":"https:\/\/turcon.es\/wp\/#organization"},"image":{"@id":"https:\/\/turcon.es\/wp\/ano-internacional-de-la-energia-sostenible-para-todos\/#primaryimage"},"thumbnailUrl":"http:\/\/turcon.es\/wp\/wp-content\/uploads\/2012\/02\/dsc03059.jpg?w=150","articleSection":["Administraci\u00f3n p\u00fablica","Consumismo","Contaminaci\u00f3n y t\u00f3xicos","Energ\u00eda","Energ\u00edas renovables"],"inLanguage":"es","potentialAction":[{"@type":"CommentAction","name":"Comment","target":["https:\/\/turcon.es\/wp\/ano-internacional-de-la-energia-sostenible-para-todos\/#respond"]}]},{"@type":"WebPage","@id":"https:\/\/turcon.es\/wp\/ano-internacional-de-la-energia-sostenible-para-todos\/","url":"https:\/\/turcon.es\/wp\/ano-internacional-de-la-energia-sostenible-para-todos\/","name":"A\u00f1o Internacional de la Energ\u00eda Sostenible para Todos - Colectivo Ecologista Turcon","isPartOf":{"@id":"https:\/\/turcon.es\/wp\/#website"},"primaryImageOfPage":{"@id":"https:\/\/turcon.es\/wp\/ano-internacional-de-la-energia-sostenible-para-todos\/#primaryimage"},"image":{"@id":"https:\/\/turcon.es\/wp\/ano-internacional-de-la-energia-sostenible-para-todos\/#primaryimage"},"thumbnailUrl":"http:\/\/turcon.es\/wp\/wp-content\/uploads\/2012\/02\/dsc03059.jpg?w=150","datePublished":"2012-02-11T08:49:32+00:00","breadcrumb":{"@id":"https:\/\/turcon.es\/wp\/ano-internacional-de-la-energia-sostenible-para-todos\/#breadcrumb"},"inLanguage":"es","potentialAction":[{"@type":"ReadAction","target":["https:\/\/turcon.es\/wp\/ano-internacional-de-la-energia-sostenible-para-todos\/"]}]},{"@type":"ImageObject","inLanguage":"es","@id":"https:\/\/turcon.es\/wp\/ano-internacional-de-la-energia-sostenible-para-todos\/#primaryimage","url":"http:\/\/turcon.es\/wp\/wp-content\/uploads\/2012\/02\/dsc03059.jpg?w=150","contentUrl":"http:\/\/turcon.es\/wp\/wp-content\/uploads\/2012\/02\/dsc03059.jpg?w=150"},{"@type":"BreadcrumbList","@id":"https:\/\/turcon.es\/wp\/ano-internacional-de-la-energia-sostenible-para-todos\/#breadcrumb","itemListElement":[{"@type":"ListItem","position":1,"name":"Portada","item":"https:\/\/turcon.es\/wp\/"},{"@type":"ListItem","position":2,"name":"A\u00f1o Internacional de la Energ\u00eda Sostenible para Todos"}]},{"@type":"WebSite","@id":"https:\/\/turcon.es\/wp\/#website","url":"https:\/\/turcon.es\/wp\/","name":"Colectivo Ecologista Turcon","description":"","publisher":{"@id":"https:\/\/turcon.es\/wp\/#organization"},"potentialAction":[{"@type":"SearchAction","target":{"@type":"EntryPoint","urlTemplate":"https:\/\/turcon.es\/wp\/?s={search_term_string}"},"query-input":{"@type":"PropertyValueSpecification","valueRequired":true,"valueName":"search_term_string"}}],"inLanguage":"es"},{"@type":"Organization","@id":"https:\/\/turcon.es\/wp\/#organization","name":"Colectivo Ecologista Turcon","url":"https:\/\/turcon.es\/wp\/","logo":{"@type":"ImageObject","inLanguage":"es","@id":"https:\/\/turcon.es\/wp\/#\/schema\/logo\/image\/","url":"https:\/\/turcon.es\/wp\/wp-content\/uploads\/2025\/03\/logo-verde.svg","contentUrl":"https:\/\/turcon.es\/wp\/wp-content\/uploads\/2025\/03\/logo-verde.svg","width":813,"height":813,"caption":"Colectivo Ecologista Turcon"},"image":{"@id":"https:\/\/turcon.es\/wp\/#\/schema\/logo\/image\/"}},{"@type":"Person","@id":"https:\/\/turcon.es\/wp\/#\/schema\/person\/a1f3ba727ce031d9da17684affe85edd","name":"Laura Fernandez","image":{"@type":"ImageObject","inLanguage":"es","@id":"https:\/\/turcon.es\/wp\/#\/schema\/person\/image\/","url":"https:\/\/secure.gravatar.com\/avatar\/360749af9549af22e54582d50231ae56e854210ae2368797ba242f445a9852e8?s=96&d=mm&r=g","contentUrl":"https:\/\/secure.gravatar.com\/avatar\/360749af9549af22e54582d50231ae56e854210ae2368797ba242f445a9852e8?s=96&d=mm&r=g","caption":"Laura Fernandez"},"url":"https:\/\/turcon.es\/wp\/author\/admturcon\/"}]}},"_links":{"self":[{"href":"https:\/\/turcon.es\/wp\/wp-json\/wp\/v2\/posts\/7940","targetHints":{"allow":["GET"]}}],"collection":[{"href":"https:\/\/turcon.es\/wp\/wp-json\/wp\/v2\/posts"}],"about":[{"href":"https:\/\/turcon.es\/wp\/wp-json\/wp\/v2\/types\/post"}],"author":[{"embeddable":true,"href":"https:\/\/turcon.es\/wp\/wp-json\/wp\/v2\/users\/2"}],"replies":[{"embeddable":true,"href":"https:\/\/turcon.es\/wp\/wp-json\/wp\/v2\/comments?post=7940"}],"version-history":[{"count":0,"href":"https:\/\/turcon.es\/wp\/wp-json\/wp\/v2\/posts\/7940\/revisions"}],"wp:attachment":[{"href":"https:\/\/turcon.es\/wp\/wp-json\/wp\/v2\/media?parent=7940"}],"wp:term":[{"taxonomy":"category","embeddable":true,"href":"https:\/\/turcon.es\/wp\/wp-json\/wp\/v2\/categories?post=7940"},{"taxonomy":"post_tag","embeddable":true,"href":"https:\/\/turcon.es\/wp\/wp-json\/wp\/v2\/tags?post=7940"}],"curies":[{"name":"wp","href":"https:\/\/api.w.org\/{rel}","templated":true}]}}