{"id":8011,"date":"2012-03-02T09:54:50","date_gmt":"2012-03-02T09:54:50","guid":{"rendered":"http:\/\/turcon.wordpress.com\/?p=8011"},"modified":"2012-03-02T09:54:50","modified_gmt":"2012-03-02T09:54:50","slug":"las-chinches-de-cama-una-plaga-que-se-extiende-cada-vez-mas-por-toda-espana","status":"publish","type":"post","link":"https:\/\/turcon.es\/wp\/las-chinches-de-cama-una-plaga-que-se-extiende-cada-vez-mas-por-toda-espana\/","title":{"rendered":"Las chinches de cama, una plaga que se extiende cada vez m\u00e1s por toda Espa\u00f1a"},"content":{"rendered":"<p><strong><span style=\"color:#800000;\">Los expertos culpan al cambio clim\u00e1tico<\/span><\/strong><\/p>\n<p>Foto: Un chinche de cama (<em>Cimex lectularius<\/em>). | Cordon<\/p>\n<p>Efe | Madrid.El Mundo.es<a href=\"http:\/\/turcon.es\/wp\/wp-content\/uploads\/2012\/03\/1330100591_0.jpg\"><img fetchpriority=\"high\" decoding=\"async\" class=\"alignright size-medium wp-image-8012\" title=\"1330100591_0\" src=\"http:\/\/turcon.es\/wp\/wp-content\/uploads\/2012\/03\/1330100591_0.jpg?w=300\" alt=\"\" width=\"300\" height=\"199\" \/><\/a><\/p>\n<p><span style=\"color:#800000;\"><strong>El incremento en la demanda de servicios de control de chinches de cama en los \u00faltimos cinco a\u00f1os confirma la expansi\u00f3n de esta plaga, que se consideraba erradicada en Espa\u00f1a, seg\u00fan ha asegurado la Asociaci\u00f3n Nacional de Empresas de Control de Plagas.<\/strong><\/span><\/p>\n<p>\u00abSe ha detectado un aumento del 70% en este tipo de servicios\u00bb ha asegurado la directora general de la Asociaci\u00f3n Nacional de Empresas de Control de Plagas (Anecpla), Milagros Fern\u00e1ndez de Lezeta.<\/p>\n<p>Esta es una de las conclusiones del estudio que se ha elaborado junto a la Universidad Aut\u00f3noma de Madrid y que se ha presentado esta ma\u00f1ana en la segunda jornada de la feria profesional Expocida Iberia 2012, que re\u00fane a las empresas del sector del control de plagas.<\/p>\n<p>Los primeros brotes de esta plaga se detectaron hace varios a\u00f1os en las \u00e1reas del camino de Santiago y en la Costa del Sol, zonas d\u00f3nde el tr\u00e1nsito de viajeros es muy alto.<\/p>\n<p>&#8216;Muy dif\u00edcil&#8217; de controlar<!--more--><\/p>\n<p>Sin embargo, Fern\u00e1ndez de Lezeta ha a\u00f1adido que en estos momentos ya se encuentran en todas las regiones y que es un problema generalizado en Espa\u00f1a.<\/p>\n<p>En el caso de las chinches de cama, la directora general considera que es una especie \u00abmuy dif\u00edcil\u00bb de controlar porque se puede expandir \u00abmuy f\u00e1cilmente\u00bb. Por este motivo se ha tomado como referencia el incremento en el n\u00famero de servicios del control de plagas, ya que no hay instrumentos reglados para contabilizar su n\u00famero.<\/p>\n<p>Para Fern\u00e1ndez de Lezeta es necesario concienciar a la poblaci\u00f3n y a las autoridades porque las especies no entienden de fronteras geogr\u00e1ficas y es importante evitar que sigan su desarrollo por el territorio.<\/p>\n<p>La presencia de chinches no est\u00e1 vinculado con la suciedad ni la falta de higiene en los hogares porque son insectos que buscan la sangre y \u00absimplemente necesitan un mam\u00edfero del que alimentarse\u00bb, ha explicado Fern\u00e1ndez de Lezeta.<\/p>\n<p>Especies invasoras<\/p>\n<p>\u00c9sta y otras especies invasoras, como el mosquito tigre o las cucarachas americanas, demuestran que los insectos modifican sus h\u00e1bitats a causa del cambio clim\u00e1tico.<\/p>\n<p>La globalizaci\u00f3n y el intercambio de mercanc\u00edas son otras de las causas que han propiciado la aparici\u00f3n de estas especies invasoras que se han convertido en plagas, ha concretado el presidente de ANECPLA, Pedro de Orueta.<\/p>\n<p>A pesar del aumento de la presencia de las chinches de cama, de Orueta ha recordado que las principales plagas urbanas siguen siendo las cucarachas, los roedores y las termitas.<\/p>\n<p>La chinche de cama (&#8216;cimex lectularius&#8217;) es un insecto nocturno que chupa la sangre humana taladrando la piel con picaduras irritantes. Esta especie no transmite ninguna enfermedad, pero sus picaduras provocan incomodidad o insomnio, y se consideraba pr\u00e1cticamente erradicada en el continente europeo desde la II Guerra Mundial.<\/p>\n","protected":false},"excerpt":{"rendered":"<p>Los expertos culpan al cambio clim\u00e1tico Foto: Un chinche de cama (Cimex lectularius). | Cordon Efe | Madrid.El Mundo.es El incremento en la demanda de servicios de control de chinches de cama en los \u00faltimos cinco a\u00f1os confirma la expansi\u00f3n de esta plaga, que se consideraba erradicada en Espa\u00f1a, seg\u00fan ha asegurado la Asociaci\u00f3n Nacional [&hellip;]<\/p>\n","protected":false},"author":2,"featured_media":0,"comment_status":"open","ping_status":"open","sticky":false,"template":"","format":"standard","meta":{"footnotes":""},"categories":[17,25,38],"tags":[],"class_list":["post-8011","post","type-post","status-publish","format-standard","hentry","category-cambio-climatico","category-contaminacion-y-toxicos","category-fauna"],"yoast_head":"<!-- This site is optimized with the Yoast SEO plugin v26.3 - https:\/\/yoast.com\/wordpress\/plugins\/seo\/ -->\n<title>Las chinches de cama, una plaga que se extiende cada vez m\u00e1s por toda Espa\u00f1a - Colectivo Ecologista Turcon<\/title>\n<meta name=\"robots\" content=\"index, follow, max-snippet:-1, max-image-preview:large, max-video-preview:-1\" \/>\n<link rel=\"canonical\" href=\"https:\/\/turcon.es\/wp\/las-chinches-de-cama-una-plaga-que-se-extiende-cada-vez-mas-por-toda-espana\/\" \/>\n<meta property=\"og:locale\" content=\"es_ES\" \/>\n<meta property=\"og:type\" content=\"article\" \/>\n<meta property=\"og:title\" content=\"Las chinches de cama, una plaga que se extiende cada vez m\u00e1s por toda Espa\u00f1a - Colectivo Ecologista Turcon\" \/>\n<meta property=\"og:description\" content=\"Los expertos culpan al cambio clim\u00e1tico Foto: Un chinche de cama (Cimex lectularius). | Cordon Efe | Madrid.El Mundo.es El incremento en la demanda de servicios de control de chinches de cama en los \u00faltimos cinco a\u00f1os confirma la expansi\u00f3n de esta plaga, que se consideraba erradicada en Espa\u00f1a, seg\u00fan ha asegurado la Asociaci\u00f3n Nacional [&hellip;]\" \/>\n<meta property=\"og:url\" content=\"https:\/\/turcon.es\/wp\/las-chinches-de-cama-una-plaga-que-se-extiende-cada-vez-mas-por-toda-espana\/\" \/>\n<meta property=\"og:site_name\" content=\"Colectivo Ecologista Turcon\" \/>\n<meta property=\"article:published_time\" content=\"2012-03-02T09:54:50+00:00\" \/>\n<meta property=\"og:image\" content=\"https:\/\/turcon.es\/wp\/wp-content\/uploads\/2012\/03\/1330100591_0-1.jpg\" \/>\n\t<meta property=\"og:image:width\" content=\"470\" \/>\n\t<meta property=\"og:image:height\" content=\"313\" \/>\n\t<meta property=\"og:image:type\" content=\"image\/jpeg\" \/>\n<meta name=\"author\" content=\"Laura Fernandez\" \/>\n<meta name=\"twitter:card\" content=\"summary_large_image\" \/>\n<meta name=\"twitter:label1\" content=\"Escrito por\" \/>\n\t<meta name=\"twitter:data1\" content=\"Laura Fernandez\" \/>\n\t<meta name=\"twitter:label2\" content=\"Tiempo de lectura\" \/>\n\t<meta name=\"twitter:data2\" content=\"3 minutos\" \/>\n<script type=\"application\/ld+json\" class=\"yoast-schema-graph\">{\"@context\":\"https:\/\/schema.org\",\"@graph\":[{\"@type\":\"Article\",\"@id\":\"https:\/\/turcon.es\/wp\/las-chinches-de-cama-una-plaga-que-se-extiende-cada-vez-mas-por-toda-espana\/#article\",\"isPartOf\":{\"@id\":\"https:\/\/turcon.es\/wp\/las-chinches-de-cama-una-plaga-que-se-extiende-cada-vez-mas-por-toda-espana\/\"},\"author\":{\"name\":\"Laura Fernandez\",\"@id\":\"https:\/\/turcon.es\/wp\/#\/schema\/person\/a1f3ba727ce031d9da17684affe85edd\"},\"headline\":\"Las chinches de cama, una plaga que se extiende cada vez m\u00e1s por toda Espa\u00f1a\",\"datePublished\":\"2012-03-02T09:54:50+00:00\",\"mainEntityOfPage\":{\"@id\":\"https:\/\/turcon.es\/wp\/las-chinches-de-cama-una-plaga-que-se-extiende-cada-vez-mas-por-toda-espana\/\"},\"wordCount\":519,\"commentCount\":0,\"publisher\":{\"@id\":\"https:\/\/turcon.es\/wp\/#organization\"},\"image\":{\"@id\":\"https:\/\/turcon.es\/wp\/las-chinches-de-cama-una-plaga-que-se-extiende-cada-vez-mas-por-toda-espana\/#primaryimage\"},\"thumbnailUrl\":\"http:\/\/turcon.es\/wp\/wp-content\/uploads\/2012\/03\/1330100591_0.jpg?w=300\",\"articleSection\":[\"Cambio clim\u00e1tico\",\"Contaminaci\u00f3n y t\u00f3xicos\",\"Fauna\"],\"inLanguage\":\"es\",\"potentialAction\":[{\"@type\":\"CommentAction\",\"name\":\"Comment\",\"target\":[\"https:\/\/turcon.es\/wp\/las-chinches-de-cama-una-plaga-que-se-extiende-cada-vez-mas-por-toda-espana\/#respond\"]}]},{\"@type\":\"WebPage\",\"@id\":\"https:\/\/turcon.es\/wp\/las-chinches-de-cama-una-plaga-que-se-extiende-cada-vez-mas-por-toda-espana\/\",\"url\":\"https:\/\/turcon.es\/wp\/las-chinches-de-cama-una-plaga-que-se-extiende-cada-vez-mas-por-toda-espana\/\",\"name\":\"Las chinches de cama, una plaga que se extiende cada vez m\u00e1s por toda Espa\u00f1a - Colectivo Ecologista Turcon\",\"isPartOf\":{\"@id\":\"https:\/\/turcon.es\/wp\/#website\"},\"primaryImageOfPage\":{\"@id\":\"https:\/\/turcon.es\/wp\/las-chinches-de-cama-una-plaga-que-se-extiende-cada-vez-mas-por-toda-espana\/#primaryimage\"},\"image\":{\"@id\":\"https:\/\/turcon.es\/wp\/las-chinches-de-cama-una-plaga-que-se-extiende-cada-vez-mas-por-toda-espana\/#primaryimage\"},\"thumbnailUrl\":\"http:\/\/turcon.es\/wp\/wp-content\/uploads\/2012\/03\/1330100591_0.jpg?w=300\",\"datePublished\":\"2012-03-02T09:54:50+00:00\",\"breadcrumb\":{\"@id\":\"https:\/\/turcon.es\/wp\/las-chinches-de-cama-una-plaga-que-se-extiende-cada-vez-mas-por-toda-espana\/#breadcrumb\"},\"inLanguage\":\"es\",\"potentialAction\":[{\"@type\":\"ReadAction\",\"target\":[\"https:\/\/turcon.es\/wp\/las-chinches-de-cama-una-plaga-que-se-extiende-cada-vez-mas-por-toda-espana\/\"]}]},{\"@type\":\"ImageObject\",\"inLanguage\":\"es\",\"@id\":\"https:\/\/turcon.es\/wp\/las-chinches-de-cama-una-plaga-que-se-extiende-cada-vez-mas-por-toda-espana\/#primaryimage\",\"url\":\"http:\/\/turcon.es\/wp\/wp-content\/uploads\/2012\/03\/1330100591_0.jpg?w=300\",\"contentUrl\":\"http:\/\/turcon.es\/wp\/wp-content\/uploads\/2012\/03\/1330100591_0.jpg?w=300\"},{\"@type\":\"BreadcrumbList\",\"@id\":\"https:\/\/turcon.es\/wp\/las-chinches-de-cama-una-plaga-que-se-extiende-cada-vez-mas-por-toda-espana\/#breadcrumb\",\"itemListElement\":[{\"@type\":\"ListItem\",\"position\":1,\"name\":\"Portada\",\"item\":\"https:\/\/turcon.es\/wp\/\"},{\"@type\":\"ListItem\",\"position\":2,\"name\":\"Las chinches de cama, una plaga que se extiende cada vez m\u00e1s por toda Espa\u00f1a\"}]},{\"@type\":\"WebSite\",\"@id\":\"https:\/\/turcon.es\/wp\/#website\",\"url\":\"https:\/\/turcon.es\/wp\/\",\"name\":\"Colectivo Ecologista Turcon\",\"description\":\"\",\"publisher\":{\"@id\":\"https:\/\/turcon.es\/wp\/#organization\"},\"potentialAction\":[{\"@type\":\"SearchAction\",\"target\":{\"@type\":\"EntryPoint\",\"urlTemplate\":\"https:\/\/turcon.es\/wp\/?s={search_term_string}\"},\"query-input\":{\"@type\":\"PropertyValueSpecification\",\"valueRequired\":true,\"valueName\":\"search_term_string\"}}],\"inLanguage\":\"es\"},{\"@type\":\"Organization\",\"@id\":\"https:\/\/turcon.es\/wp\/#organization\",\"name\":\"Colectivo Ecologista Turcon\",\"url\":\"https:\/\/turcon.es\/wp\/\",\"logo\":{\"@type\":\"ImageObject\",\"inLanguage\":\"es\",\"@id\":\"https:\/\/turcon.es\/wp\/#\/schema\/logo\/image\/\",\"url\":\"https:\/\/turcon.es\/wp\/wp-content\/uploads\/2025\/03\/logo-verde.svg\",\"contentUrl\":\"https:\/\/turcon.es\/wp\/wp-content\/uploads\/2025\/03\/logo-verde.svg\",\"width\":813,\"height\":813,\"caption\":\"Colectivo Ecologista Turcon\"},\"image\":{\"@id\":\"https:\/\/turcon.es\/wp\/#\/schema\/logo\/image\/\"}},{\"@type\":\"Person\",\"@id\":\"https:\/\/turcon.es\/wp\/#\/schema\/person\/a1f3ba727ce031d9da17684affe85edd\",\"name\":\"Laura Fernandez\",\"image\":{\"@type\":\"ImageObject\",\"inLanguage\":\"es\",\"@id\":\"https:\/\/turcon.es\/wp\/#\/schema\/person\/image\/\",\"url\":\"https:\/\/secure.gravatar.com\/avatar\/360749af9549af22e54582d50231ae56e854210ae2368797ba242f445a9852e8?s=96&d=mm&r=g\",\"contentUrl\":\"https:\/\/secure.gravatar.com\/avatar\/360749af9549af22e54582d50231ae56e854210ae2368797ba242f445a9852e8?s=96&d=mm&r=g\",\"caption\":\"Laura Fernandez\"},\"url\":\"https:\/\/turcon.es\/wp\/author\/admturcon\/\"}]}<\/script>\n<!-- \/ Yoast SEO plugin. -->","yoast_head_json":{"title":"Las chinches de cama, una plaga que se extiende cada vez m\u00e1s por toda Espa\u00f1a - Colectivo Ecologista Turcon","robots":{"index":"index","follow":"follow","max-snippet":"max-snippet:-1","max-image-preview":"max-image-preview:large","max-video-preview":"max-video-preview:-1"},"canonical":"https:\/\/turcon.es\/wp\/las-chinches-de-cama-una-plaga-que-se-extiende-cada-vez-mas-por-toda-espana\/","og_locale":"es_ES","og_type":"article","og_title":"Las chinches de cama, una plaga que se extiende cada vez m\u00e1s por toda Espa\u00f1a - Colectivo Ecologista Turcon","og_description":"Los expertos culpan al cambio clim\u00e1tico Foto: Un chinche de cama (Cimex lectularius). | Cordon Efe | Madrid.El Mundo.es El incremento en la demanda de servicios de control de chinches de cama en los \u00faltimos cinco a\u00f1os confirma la expansi\u00f3n de esta plaga, que se consideraba erradicada en Espa\u00f1a, seg\u00fan ha asegurado la Asociaci\u00f3n Nacional [&hellip;]","og_url":"https:\/\/turcon.es\/wp\/las-chinches-de-cama-una-plaga-que-se-extiende-cada-vez-mas-por-toda-espana\/","og_site_name":"Colectivo Ecologista Turcon","article_published_time":"2012-03-02T09:54:50+00:00","og_image":[{"width":470,"height":313,"url":"https:\/\/turcon.es\/wp\/wp-content\/uploads\/2012\/03\/1330100591_0-1.jpg","type":"image\/jpeg"}],"author":"Laura Fernandez","twitter_card":"summary_large_image","twitter_misc":{"Escrito por":"Laura Fernandez","Tiempo de lectura":"3 minutos"},"schema":{"@context":"https:\/\/schema.org","@graph":[{"@type":"Article","@id":"https:\/\/turcon.es\/wp\/las-chinches-de-cama-una-plaga-que-se-extiende-cada-vez-mas-por-toda-espana\/#article","isPartOf":{"@id":"https:\/\/turcon.es\/wp\/las-chinches-de-cama-una-plaga-que-se-extiende-cada-vez-mas-por-toda-espana\/"},"author":{"name":"Laura Fernandez","@id":"https:\/\/turcon.es\/wp\/#\/schema\/person\/a1f3ba727ce031d9da17684affe85edd"},"headline":"Las chinches de cama, una plaga que se extiende cada vez m\u00e1s por toda Espa\u00f1a","datePublished":"2012-03-02T09:54:50+00:00","mainEntityOfPage":{"@id":"https:\/\/turcon.es\/wp\/las-chinches-de-cama-una-plaga-que-se-extiende-cada-vez-mas-por-toda-espana\/"},"wordCount":519,"commentCount":0,"publisher":{"@id":"https:\/\/turcon.es\/wp\/#organization"},"image":{"@id":"https:\/\/turcon.es\/wp\/las-chinches-de-cama-una-plaga-que-se-extiende-cada-vez-mas-por-toda-espana\/#primaryimage"},"thumbnailUrl":"http:\/\/turcon.es\/wp\/wp-content\/uploads\/2012\/03\/1330100591_0.jpg?w=300","articleSection":["Cambio clim\u00e1tico","Contaminaci\u00f3n y t\u00f3xicos","Fauna"],"inLanguage":"es","potentialAction":[{"@type":"CommentAction","name":"Comment","target":["https:\/\/turcon.es\/wp\/las-chinches-de-cama-una-plaga-que-se-extiende-cada-vez-mas-por-toda-espana\/#respond"]}]},{"@type":"WebPage","@id":"https:\/\/turcon.es\/wp\/las-chinches-de-cama-una-plaga-que-se-extiende-cada-vez-mas-por-toda-espana\/","url":"https:\/\/turcon.es\/wp\/las-chinches-de-cama-una-plaga-que-se-extiende-cada-vez-mas-por-toda-espana\/","name":"Las chinches de cama, una plaga que se extiende cada vez m\u00e1s por toda Espa\u00f1a - Colectivo Ecologista Turcon","isPartOf":{"@id":"https:\/\/turcon.es\/wp\/#website"},"primaryImageOfPage":{"@id":"https:\/\/turcon.es\/wp\/las-chinches-de-cama-una-plaga-que-se-extiende-cada-vez-mas-por-toda-espana\/#primaryimage"},"image":{"@id":"https:\/\/turcon.es\/wp\/las-chinches-de-cama-una-plaga-que-se-extiende-cada-vez-mas-por-toda-espana\/#primaryimage"},"thumbnailUrl":"http:\/\/turcon.es\/wp\/wp-content\/uploads\/2012\/03\/1330100591_0.jpg?w=300","datePublished":"2012-03-02T09:54:50+00:00","breadcrumb":{"@id":"https:\/\/turcon.es\/wp\/las-chinches-de-cama-una-plaga-que-se-extiende-cada-vez-mas-por-toda-espana\/#breadcrumb"},"inLanguage":"es","potentialAction":[{"@type":"ReadAction","target":["https:\/\/turcon.es\/wp\/las-chinches-de-cama-una-plaga-que-se-extiende-cada-vez-mas-por-toda-espana\/"]}]},{"@type":"ImageObject","inLanguage":"es","@id":"https:\/\/turcon.es\/wp\/las-chinches-de-cama-una-plaga-que-se-extiende-cada-vez-mas-por-toda-espana\/#primaryimage","url":"http:\/\/turcon.es\/wp\/wp-content\/uploads\/2012\/03\/1330100591_0.jpg?w=300","contentUrl":"http:\/\/turcon.es\/wp\/wp-content\/uploads\/2012\/03\/1330100591_0.jpg?w=300"},{"@type":"BreadcrumbList","@id":"https:\/\/turcon.es\/wp\/las-chinches-de-cama-una-plaga-que-se-extiende-cada-vez-mas-por-toda-espana\/#breadcrumb","itemListElement":[{"@type":"ListItem","position":1,"name":"Portada","item":"https:\/\/turcon.es\/wp\/"},{"@type":"ListItem","position":2,"name":"Las chinches de cama, una plaga que se extiende cada vez m\u00e1s por toda Espa\u00f1a"}]},{"@type":"WebSite","@id":"https:\/\/turcon.es\/wp\/#website","url":"https:\/\/turcon.es\/wp\/","name":"Colectivo Ecologista Turcon","description":"","publisher":{"@id":"https:\/\/turcon.es\/wp\/#organization"},"potentialAction":[{"@type":"SearchAction","target":{"@type":"EntryPoint","urlTemplate":"https:\/\/turcon.es\/wp\/?s={search_term_string}"},"query-input":{"@type":"PropertyValueSpecification","valueRequired":true,"valueName":"search_term_string"}}],"inLanguage":"es"},{"@type":"Organization","@id":"https:\/\/turcon.es\/wp\/#organization","name":"Colectivo Ecologista Turcon","url":"https:\/\/turcon.es\/wp\/","logo":{"@type":"ImageObject","inLanguage":"es","@id":"https:\/\/turcon.es\/wp\/#\/schema\/logo\/image\/","url":"https:\/\/turcon.es\/wp\/wp-content\/uploads\/2025\/03\/logo-verde.svg","contentUrl":"https:\/\/turcon.es\/wp\/wp-content\/uploads\/2025\/03\/logo-verde.svg","width":813,"height":813,"caption":"Colectivo Ecologista Turcon"},"image":{"@id":"https:\/\/turcon.es\/wp\/#\/schema\/logo\/image\/"}},{"@type":"Person","@id":"https:\/\/turcon.es\/wp\/#\/schema\/person\/a1f3ba727ce031d9da17684affe85edd","name":"Laura Fernandez","image":{"@type":"ImageObject","inLanguage":"es","@id":"https:\/\/turcon.es\/wp\/#\/schema\/person\/image\/","url":"https:\/\/secure.gravatar.com\/avatar\/360749af9549af22e54582d50231ae56e854210ae2368797ba242f445a9852e8?s=96&d=mm&r=g","contentUrl":"https:\/\/secure.gravatar.com\/avatar\/360749af9549af22e54582d50231ae56e854210ae2368797ba242f445a9852e8?s=96&d=mm&r=g","caption":"Laura Fernandez"},"url":"https:\/\/turcon.es\/wp\/author\/admturcon\/"}]}},"_links":{"self":[{"href":"https:\/\/turcon.es\/wp\/wp-json\/wp\/v2\/posts\/8011","targetHints":{"allow":["GET"]}}],"collection":[{"href":"https:\/\/turcon.es\/wp\/wp-json\/wp\/v2\/posts"}],"about":[{"href":"https:\/\/turcon.es\/wp\/wp-json\/wp\/v2\/types\/post"}],"author":[{"embeddable":true,"href":"https:\/\/turcon.es\/wp\/wp-json\/wp\/v2\/users\/2"}],"replies":[{"embeddable":true,"href":"https:\/\/turcon.es\/wp\/wp-json\/wp\/v2\/comments?post=8011"}],"version-history":[{"count":0,"href":"https:\/\/turcon.es\/wp\/wp-json\/wp\/v2\/posts\/8011\/revisions"}],"wp:attachment":[{"href":"https:\/\/turcon.es\/wp\/wp-json\/wp\/v2\/media?parent=8011"}],"wp:term":[{"taxonomy":"category","embeddable":true,"href":"https:\/\/turcon.es\/wp\/wp-json\/wp\/v2\/categories?post=8011"},{"taxonomy":"post_tag","embeddable":true,"href":"https:\/\/turcon.es\/wp\/wp-json\/wp\/v2\/tags?post=8011"}],"curies":[{"name":"wp","href":"https:\/\/api.w.org\/{rel}","templated":true}]}}