{"id":8042,"date":"2012-03-10T09:45:13","date_gmt":"2012-03-10T09:45:13","guid":{"rendered":"http:\/\/turcon.wordpress.com\/?p=8042"},"modified":"2012-03-10T09:45:13","modified_gmt":"2012-03-10T09:45:13","slug":"presentacion-de-la-nueva-guia-del-norte-de-gran-canaria","status":"publish","type":"post","link":"https:\/\/turcon.es\/wp\/presentacion-de-la-nueva-guia-del-norte-de-gran-canaria\/","title":{"rendered":"Presentaci\u00f3n de la nueva Gu\u00eda del Norte de Gran Canaria"},"content":{"rendered":"<p>El pr\u00f3ximo<strong><span style=\"text-decoration:underline;\">\u00a0<\/span><\/strong><strong><span style=\"text-decoration:underline;\">mi\u00e9rcoles, 14 de marzo, a las 11.00 horas tendr\u00e1 lugar, en el CICCA<\/span><\/strong>(Plaza de La Alameda de Col\u00f3n N\u00ba1) de Las Palmas de Gran Canaria, ser\u00e1 la presentaci\u00f3n de la nueva\u00a0<strong>\u00abGu\u00eda de Turismo del Norte de Gran Canaria\u00bb<\/strong>\u00a0 y las\u00a0<strong>\u00abJornadas de Turismo Rural y Activo<\/strong>\u00bb que se celebrar\u00e1n en La Aldea de San Nicol\u00e1s, \u00a0entre el 16 y 18 de marzo.<a href=\"http:\/\/turcon.es\/wp\/wp-content\/uploads\/2012\/03\/logo_web_turismo_valleseco.jpg\"><img decoding=\"async\" class=\"alignright size-thumbnail wp-image-8044\" title=\"LOGO_WEB_TURISMO_VALLESECO\" src=\"http:\/\/turcon.es\/wp\/wp-content\/uploads\/2012\/03\/logo_web_turismo_valleseco.jpg?w=150\" alt=\"\" width=\"150\" height=\"85\" \/><\/a><\/p>\n<p>Ambas actuaciones cuentan con el apoyo de La Obra Social de La Caja- Bankia y el Patronato de Turismo de Gran Canaria.<\/p>\n","protected":false},"excerpt":{"rendered":"<p>El pr\u00f3ximo\u00a0mi\u00e9rcoles, 14 de marzo, a las 11.00 horas tendr\u00e1 lugar, en el CICCA(Plaza de La Alameda de Col\u00f3n N\u00ba1) de Las Palmas de Gran Canaria, ser\u00e1 la presentaci\u00f3n de la nueva\u00a0\u00abGu\u00eda de Turismo del Norte de Gran Canaria\u00bb\u00a0 y las\u00a0\u00abJornadas de Turismo Rural y Activo\u00bb que se celebrar\u00e1n en La Aldea de San Nicol\u00e1s, [&hellip;]<\/p>\n","protected":false},"author":2,"featured_media":0,"comment_status":"open","ping_status":"open","sticky":false,"template":"","format":"standard","meta":{"footnotes":""},"categories":[8,37,41],"tags":[1666],"class_list":["post-8042","post","type-post","status-publish","format-standard","hentry","category-administracion-publica","category-espacios-naturales","category-gran-canaria","tag-turismo"],"yoast_head":"<!-- This site is optimized with the Yoast SEO plugin v26.3 - https:\/\/yoast.com\/wordpress\/plugins\/seo\/ -->\n<title>Presentaci\u00f3n de la nueva Gu\u00eda del Norte de Gran Canaria - Colectivo Ecologista Turcon<\/title>\n<meta name=\"robots\" content=\"index, follow, max-snippet:-1, max-image-preview:large, max-video-preview:-1\" \/>\n<link rel=\"canonical\" href=\"https:\/\/turcon.es\/wp\/presentacion-de-la-nueva-guia-del-norte-de-gran-canaria\/\" \/>\n<meta property=\"og:locale\" content=\"es_ES\" \/>\n<meta property=\"og:type\" content=\"article\" \/>\n<meta property=\"og:title\" content=\"Presentaci\u00f3n de la nueva Gu\u00eda del Norte de Gran Canaria - Colectivo Ecologista Turcon\" \/>\n<meta property=\"og:description\" content=\"El pr\u00f3ximo\u00a0mi\u00e9rcoles, 14 de marzo, a las 11.00 horas tendr\u00e1 lugar, en el CICCA(Plaza de La Alameda de Col\u00f3n N\u00ba1) de Las Palmas de Gran Canaria, ser\u00e1 la presentaci\u00f3n de la nueva\u00a0\u00abGu\u00eda de Turismo del Norte de Gran Canaria\u00bb\u00a0 y las\u00a0\u00abJornadas de Turismo Rural y Activo\u00bb que se celebrar\u00e1n en La Aldea de San Nicol\u00e1s, [&hellip;]\" \/>\n<meta property=\"og:url\" content=\"https:\/\/turcon.es\/wp\/presentacion-de-la-nueva-guia-del-norte-de-gran-canaria\/\" \/>\n<meta property=\"og:site_name\" content=\"Colectivo Ecologista Turcon\" \/>\n<meta property=\"article:published_time\" content=\"2012-03-10T09:45:13+00:00\" \/>\n<meta property=\"og:image\" content=\"https:\/\/turcon.es\/wp\/wp-content\/uploads\/2012\/03\/logo_web_turismo_valleseco-1.jpg\" \/>\n\t<meta property=\"og:image:width\" content=\"200\" \/>\n\t<meta property=\"og:image:height\" content=\"114\" \/>\n\t<meta property=\"og:image:type\" content=\"image\/jpeg\" \/>\n<meta name=\"author\" content=\"Laura Fernandez\" \/>\n<meta name=\"twitter:card\" content=\"summary_large_image\" \/>\n<meta name=\"twitter:label1\" content=\"Escrito por\" \/>\n\t<meta name=\"twitter:data1\" content=\"Laura Fernandez\" \/>\n<script type=\"application\/ld+json\" class=\"yoast-schema-graph\">{\"@context\":\"https:\/\/schema.org\",\"@graph\":[{\"@type\":\"Article\",\"@id\":\"https:\/\/turcon.es\/wp\/presentacion-de-la-nueva-guia-del-norte-de-gran-canaria\/#article\",\"isPartOf\":{\"@id\":\"https:\/\/turcon.es\/wp\/presentacion-de-la-nueva-guia-del-norte-de-gran-canaria\/\"},\"author\":{\"name\":\"Laura Fernandez\",\"@id\":\"https:\/\/turcon.es\/wp\/#\/schema\/person\/a1f3ba727ce031d9da17684affe85edd\"},\"headline\":\"Presentaci\u00f3n de la nueva Gu\u00eda del Norte de Gran Canaria\",\"datePublished\":\"2012-03-10T09:45:13+00:00\",\"mainEntityOfPage\":{\"@id\":\"https:\/\/turcon.es\/wp\/presentacion-de-la-nueva-guia-del-norte-de-gran-canaria\/\"},\"wordCount\":103,\"commentCount\":0,\"publisher\":{\"@id\":\"https:\/\/turcon.es\/wp\/#organization\"},\"image\":{\"@id\":\"https:\/\/turcon.es\/wp\/presentacion-de-la-nueva-guia-del-norte-de-gran-canaria\/#primaryimage\"},\"thumbnailUrl\":\"http:\/\/turcon.es\/wp\/wp-content\/uploads\/2012\/03\/logo_web_turismo_valleseco.jpg?w=150\",\"keywords\":[\"Turismo\"],\"articleSection\":[\"Administraci\u00f3n p\u00fablica\",\"Espacios Naturales\",\"Gran Canaria\"],\"inLanguage\":\"es\",\"potentialAction\":[{\"@type\":\"CommentAction\",\"name\":\"Comment\",\"target\":[\"https:\/\/turcon.es\/wp\/presentacion-de-la-nueva-guia-del-norte-de-gran-canaria\/#respond\"]}]},{\"@type\":\"WebPage\",\"@id\":\"https:\/\/turcon.es\/wp\/presentacion-de-la-nueva-guia-del-norte-de-gran-canaria\/\",\"url\":\"https:\/\/turcon.es\/wp\/presentacion-de-la-nueva-guia-del-norte-de-gran-canaria\/\",\"name\":\"Presentaci\u00f3n de la nueva Gu\u00eda del Norte de Gran Canaria - Colectivo Ecologista Turcon\",\"isPartOf\":{\"@id\":\"https:\/\/turcon.es\/wp\/#website\"},\"primaryImageOfPage\":{\"@id\":\"https:\/\/turcon.es\/wp\/presentacion-de-la-nueva-guia-del-norte-de-gran-canaria\/#primaryimage\"},\"image\":{\"@id\":\"https:\/\/turcon.es\/wp\/presentacion-de-la-nueva-guia-del-norte-de-gran-canaria\/#primaryimage\"},\"thumbnailUrl\":\"http:\/\/turcon.es\/wp\/wp-content\/uploads\/2012\/03\/logo_web_turismo_valleseco.jpg?w=150\",\"datePublished\":\"2012-03-10T09:45:13+00:00\",\"breadcrumb\":{\"@id\":\"https:\/\/turcon.es\/wp\/presentacion-de-la-nueva-guia-del-norte-de-gran-canaria\/#breadcrumb\"},\"inLanguage\":\"es\",\"potentialAction\":[{\"@type\":\"ReadAction\",\"target\":[\"https:\/\/turcon.es\/wp\/presentacion-de-la-nueva-guia-del-norte-de-gran-canaria\/\"]}]},{\"@type\":\"ImageObject\",\"inLanguage\":\"es\",\"@id\":\"https:\/\/turcon.es\/wp\/presentacion-de-la-nueva-guia-del-norte-de-gran-canaria\/#primaryimage\",\"url\":\"http:\/\/turcon.es\/wp\/wp-content\/uploads\/2012\/03\/logo_web_turismo_valleseco.jpg?w=150\",\"contentUrl\":\"http:\/\/turcon.es\/wp\/wp-content\/uploads\/2012\/03\/logo_web_turismo_valleseco.jpg?w=150\"},{\"@type\":\"BreadcrumbList\",\"@id\":\"https:\/\/turcon.es\/wp\/presentacion-de-la-nueva-guia-del-norte-de-gran-canaria\/#breadcrumb\",\"itemListElement\":[{\"@type\":\"ListItem\",\"position\":1,\"name\":\"Portada\",\"item\":\"https:\/\/turcon.es\/wp\/\"},{\"@type\":\"ListItem\",\"position\":2,\"name\":\"Presentaci\u00f3n de la nueva Gu\u00eda del Norte de Gran Canaria\"}]},{\"@type\":\"WebSite\",\"@id\":\"https:\/\/turcon.es\/wp\/#website\",\"url\":\"https:\/\/turcon.es\/wp\/\",\"name\":\"Colectivo Ecologista Turcon\",\"description\":\"\",\"publisher\":{\"@id\":\"https:\/\/turcon.es\/wp\/#organization\"},\"potentialAction\":[{\"@type\":\"SearchAction\",\"target\":{\"@type\":\"EntryPoint\",\"urlTemplate\":\"https:\/\/turcon.es\/wp\/?s={search_term_string}\"},\"query-input\":{\"@type\":\"PropertyValueSpecification\",\"valueRequired\":true,\"valueName\":\"search_term_string\"}}],\"inLanguage\":\"es\"},{\"@type\":\"Organization\",\"@id\":\"https:\/\/turcon.es\/wp\/#organization\",\"name\":\"Colectivo Ecologista Turcon\",\"url\":\"https:\/\/turcon.es\/wp\/\",\"logo\":{\"@type\":\"ImageObject\",\"inLanguage\":\"es\",\"@id\":\"https:\/\/turcon.es\/wp\/#\/schema\/logo\/image\/\",\"url\":\"https:\/\/turcon.es\/wp\/wp-content\/uploads\/2025\/03\/logo-verde.svg\",\"contentUrl\":\"https:\/\/turcon.es\/wp\/wp-content\/uploads\/2025\/03\/logo-verde.svg\",\"width\":813,\"height\":813,\"caption\":\"Colectivo Ecologista Turcon\"},\"image\":{\"@id\":\"https:\/\/turcon.es\/wp\/#\/schema\/logo\/image\/\"}},{\"@type\":\"Person\",\"@id\":\"https:\/\/turcon.es\/wp\/#\/schema\/person\/a1f3ba727ce031d9da17684affe85edd\",\"name\":\"Laura Fernandez\",\"image\":{\"@type\":\"ImageObject\",\"inLanguage\":\"es\",\"@id\":\"https:\/\/turcon.es\/wp\/#\/schema\/person\/image\/\",\"url\":\"https:\/\/secure.gravatar.com\/avatar\/360749af9549af22e54582d50231ae56e854210ae2368797ba242f445a9852e8?s=96&d=mm&r=g\",\"contentUrl\":\"https:\/\/secure.gravatar.com\/avatar\/360749af9549af22e54582d50231ae56e854210ae2368797ba242f445a9852e8?s=96&d=mm&r=g\",\"caption\":\"Laura Fernandez\"},\"url\":\"https:\/\/turcon.es\/wp\/author\/admturcon\/\"}]}<\/script>\n<!-- \/ Yoast SEO plugin. -->","yoast_head_json":{"title":"Presentaci\u00f3n de la nueva Gu\u00eda del Norte de Gran Canaria - Colectivo Ecologista Turcon","robots":{"index":"index","follow":"follow","max-snippet":"max-snippet:-1","max-image-preview":"max-image-preview:large","max-video-preview":"max-video-preview:-1"},"canonical":"https:\/\/turcon.es\/wp\/presentacion-de-la-nueva-guia-del-norte-de-gran-canaria\/","og_locale":"es_ES","og_type":"article","og_title":"Presentaci\u00f3n de la nueva Gu\u00eda del Norte de Gran Canaria - Colectivo Ecologista Turcon","og_description":"El pr\u00f3ximo\u00a0mi\u00e9rcoles, 14 de marzo, a las 11.00 horas tendr\u00e1 lugar, en el CICCA(Plaza de La Alameda de Col\u00f3n N\u00ba1) de Las Palmas de Gran Canaria, ser\u00e1 la presentaci\u00f3n de la nueva\u00a0\u00abGu\u00eda de Turismo del Norte de Gran Canaria\u00bb\u00a0 y las\u00a0\u00abJornadas de Turismo Rural y Activo\u00bb que se celebrar\u00e1n en La Aldea de San Nicol\u00e1s, [&hellip;]","og_url":"https:\/\/turcon.es\/wp\/presentacion-de-la-nueva-guia-del-norte-de-gran-canaria\/","og_site_name":"Colectivo Ecologista Turcon","article_published_time":"2012-03-10T09:45:13+00:00","og_image":[{"width":200,"height":114,"url":"https:\/\/turcon.es\/wp\/wp-content\/uploads\/2012\/03\/logo_web_turismo_valleseco-1.jpg","type":"image\/jpeg"}],"author":"Laura Fernandez","twitter_card":"summary_large_image","twitter_misc":{"Escrito por":"Laura Fernandez"},"schema":{"@context":"https:\/\/schema.org","@graph":[{"@type":"Article","@id":"https:\/\/turcon.es\/wp\/presentacion-de-la-nueva-guia-del-norte-de-gran-canaria\/#article","isPartOf":{"@id":"https:\/\/turcon.es\/wp\/presentacion-de-la-nueva-guia-del-norte-de-gran-canaria\/"},"author":{"name":"Laura Fernandez","@id":"https:\/\/turcon.es\/wp\/#\/schema\/person\/a1f3ba727ce031d9da17684affe85edd"},"headline":"Presentaci\u00f3n de la nueva Gu\u00eda del Norte de Gran Canaria","datePublished":"2012-03-10T09:45:13+00:00","mainEntityOfPage":{"@id":"https:\/\/turcon.es\/wp\/presentacion-de-la-nueva-guia-del-norte-de-gran-canaria\/"},"wordCount":103,"commentCount":0,"publisher":{"@id":"https:\/\/turcon.es\/wp\/#organization"},"image":{"@id":"https:\/\/turcon.es\/wp\/presentacion-de-la-nueva-guia-del-norte-de-gran-canaria\/#primaryimage"},"thumbnailUrl":"http:\/\/turcon.es\/wp\/wp-content\/uploads\/2012\/03\/logo_web_turismo_valleseco.jpg?w=150","keywords":["Turismo"],"articleSection":["Administraci\u00f3n p\u00fablica","Espacios Naturales","Gran Canaria"],"inLanguage":"es","potentialAction":[{"@type":"CommentAction","name":"Comment","target":["https:\/\/turcon.es\/wp\/presentacion-de-la-nueva-guia-del-norte-de-gran-canaria\/#respond"]}]},{"@type":"WebPage","@id":"https:\/\/turcon.es\/wp\/presentacion-de-la-nueva-guia-del-norte-de-gran-canaria\/","url":"https:\/\/turcon.es\/wp\/presentacion-de-la-nueva-guia-del-norte-de-gran-canaria\/","name":"Presentaci\u00f3n de la nueva Gu\u00eda del Norte de Gran Canaria - Colectivo Ecologista Turcon","isPartOf":{"@id":"https:\/\/turcon.es\/wp\/#website"},"primaryImageOfPage":{"@id":"https:\/\/turcon.es\/wp\/presentacion-de-la-nueva-guia-del-norte-de-gran-canaria\/#primaryimage"},"image":{"@id":"https:\/\/turcon.es\/wp\/presentacion-de-la-nueva-guia-del-norte-de-gran-canaria\/#primaryimage"},"thumbnailUrl":"http:\/\/turcon.es\/wp\/wp-content\/uploads\/2012\/03\/logo_web_turismo_valleseco.jpg?w=150","datePublished":"2012-03-10T09:45:13+00:00","breadcrumb":{"@id":"https:\/\/turcon.es\/wp\/presentacion-de-la-nueva-guia-del-norte-de-gran-canaria\/#breadcrumb"},"inLanguage":"es","potentialAction":[{"@type":"ReadAction","target":["https:\/\/turcon.es\/wp\/presentacion-de-la-nueva-guia-del-norte-de-gran-canaria\/"]}]},{"@type":"ImageObject","inLanguage":"es","@id":"https:\/\/turcon.es\/wp\/presentacion-de-la-nueva-guia-del-norte-de-gran-canaria\/#primaryimage","url":"http:\/\/turcon.es\/wp\/wp-content\/uploads\/2012\/03\/logo_web_turismo_valleseco.jpg?w=150","contentUrl":"http:\/\/turcon.es\/wp\/wp-content\/uploads\/2012\/03\/logo_web_turismo_valleseco.jpg?w=150"},{"@type":"BreadcrumbList","@id":"https:\/\/turcon.es\/wp\/presentacion-de-la-nueva-guia-del-norte-de-gran-canaria\/#breadcrumb","itemListElement":[{"@type":"ListItem","position":1,"name":"Portada","item":"https:\/\/turcon.es\/wp\/"},{"@type":"ListItem","position":2,"name":"Presentaci\u00f3n de la nueva Gu\u00eda del Norte de Gran Canaria"}]},{"@type":"WebSite","@id":"https:\/\/turcon.es\/wp\/#website","url":"https:\/\/turcon.es\/wp\/","name":"Colectivo Ecologista Turcon","description":"","publisher":{"@id":"https:\/\/turcon.es\/wp\/#organization"},"potentialAction":[{"@type":"SearchAction","target":{"@type":"EntryPoint","urlTemplate":"https:\/\/turcon.es\/wp\/?s={search_term_string}"},"query-input":{"@type":"PropertyValueSpecification","valueRequired":true,"valueName":"search_term_string"}}],"inLanguage":"es"},{"@type":"Organization","@id":"https:\/\/turcon.es\/wp\/#organization","name":"Colectivo Ecologista Turcon","url":"https:\/\/turcon.es\/wp\/","logo":{"@type":"ImageObject","inLanguage":"es","@id":"https:\/\/turcon.es\/wp\/#\/schema\/logo\/image\/","url":"https:\/\/turcon.es\/wp\/wp-content\/uploads\/2025\/03\/logo-verde.svg","contentUrl":"https:\/\/turcon.es\/wp\/wp-content\/uploads\/2025\/03\/logo-verde.svg","width":813,"height":813,"caption":"Colectivo Ecologista Turcon"},"image":{"@id":"https:\/\/turcon.es\/wp\/#\/schema\/logo\/image\/"}},{"@type":"Person","@id":"https:\/\/turcon.es\/wp\/#\/schema\/person\/a1f3ba727ce031d9da17684affe85edd","name":"Laura Fernandez","image":{"@type":"ImageObject","inLanguage":"es","@id":"https:\/\/turcon.es\/wp\/#\/schema\/person\/image\/","url":"https:\/\/secure.gravatar.com\/avatar\/360749af9549af22e54582d50231ae56e854210ae2368797ba242f445a9852e8?s=96&d=mm&r=g","contentUrl":"https:\/\/secure.gravatar.com\/avatar\/360749af9549af22e54582d50231ae56e854210ae2368797ba242f445a9852e8?s=96&d=mm&r=g","caption":"Laura Fernandez"},"url":"https:\/\/turcon.es\/wp\/author\/admturcon\/"}]}},"_links":{"self":[{"href":"https:\/\/turcon.es\/wp\/wp-json\/wp\/v2\/posts\/8042","targetHints":{"allow":["GET"]}}],"collection":[{"href":"https:\/\/turcon.es\/wp\/wp-json\/wp\/v2\/posts"}],"about":[{"href":"https:\/\/turcon.es\/wp\/wp-json\/wp\/v2\/types\/post"}],"author":[{"embeddable":true,"href":"https:\/\/turcon.es\/wp\/wp-json\/wp\/v2\/users\/2"}],"replies":[{"embeddable":true,"href":"https:\/\/turcon.es\/wp\/wp-json\/wp\/v2\/comments?post=8042"}],"version-history":[{"count":0,"href":"https:\/\/turcon.es\/wp\/wp-json\/wp\/v2\/posts\/8042\/revisions"}],"wp:attachment":[{"href":"https:\/\/turcon.es\/wp\/wp-json\/wp\/v2\/media?parent=8042"}],"wp:term":[{"taxonomy":"category","embeddable":true,"href":"https:\/\/turcon.es\/wp\/wp-json\/wp\/v2\/categories?post=8042"},{"taxonomy":"post_tag","embeddable":true,"href":"https:\/\/turcon.es\/wp\/wp-json\/wp\/v2\/tags?post=8042"}],"curies":[{"name":"wp","href":"https:\/\/api.w.org\/{rel}","templated":true}]}}