{"id":8113,"date":"2012-03-24T23:52:34","date_gmt":"2012-03-24T23:52:34","guid":{"rendered":"http:\/\/turcon.wordpress.com\/?p=8113"},"modified":"2012-03-24T23:52:34","modified_gmt":"2012-03-24T23:52:34","slug":"exitosa-presentacion-de-la-novela-los-silencios-de-punta-de-las-arenas","status":"publish","type":"post","link":"https:\/\/turcon.es\/wp\/exitosa-presentacion-de-la-novela-los-silencios-de-punta-de-las-arenas\/","title":{"rendered":"Exitosa presentaci\u00f3n de la novela \u00abLos silencios de Punta de Las Arenas\u00bb."},"content":{"rendered":"<p style=\"text-align:justify;\"><span style=\"color:#800000;\"><strong>El viernes por la noche se present\u00f3 la novela escrita por el ecologista Jos\u00e9 Manuel Espi\u00f1o Meil\u00e1n.<\/strong><\/span><\/p>\n<p style=\"text-align:justify;\"><span style=\"color:#800000;\"><strong>Era el primer acto de relevancia del XXX-Aniversario de Turc\u00f3n (1982-2012).<\/strong><\/span><\/p>\n<p style=\"text-align:justify;\"><strong>Ante m\u00e1s de cincuenta personas, \u00a0Gilberto Martel fue el encargado de presentar al autor. Jos\u00e9 Manuel explic\u00f3 un poco los antecedentes del libro, as\u00ed como adelant\u00f3 algunas cosas del lugar que visitaremos el d\u00eda 3 de junio, Punta de Las Arenas, en el municipio de Artenara. El acto finaliz\u00f3 con una presentaci\u00f3n de fotos y m\u00fasica de este extraordinario lugar costero del noroeste<\/strong> grancanario.<\/p>\n<p>Se reproduce a continuaci\u00f3n un breve extracto del libro:<a href=\"http:\/\/turcon.es\/wp\/wp-content\/uploads\/2012\/03\/dsc07008.jpg\"><img fetchpriority=\"high\" decoding=\"async\" class=\"alignright size-medium wp-image-8116\" title=\"DSC07008\" src=\"http:\/\/turcon.es\/wp\/wp-content\/uploads\/2012\/03\/dsc07008.jpg?w=284\" alt=\"\" width=\"284\" height=\"300\" \/><\/a><\/p>\n<p>\u00abRetiro mis manos y abro los ojos. Aquella mara\u00f1a de pensamientos que en la ciudad enturbiaban mi proceder como ser vivo huye de la mente escondi\u00e9ndose en intricados laberintos de la memoria. Sobre mis costillas se encuentra la vieja mochila que ha sido compa\u00f1era de viaje en los \u00faltimos periplos solitarios realizados por caminos jacobeos. Tal vez sea eso lo que busco. Una vida de vagabundo -de aqu\u00ed para all\u00e1- a trav\u00e9s de una red de senderos que recorre miles y miles de kil\u00f3metros trazando un mapa europeo alternativo, m\u00e1s natural y salvaje, donde no existen fronteras ni banderas, tras los pasos de un sepulcro apost\u00f3lico imaginario o simplemente el encuentro con uno mismo.<\/p>\n<p>\u2013\u00a0\u00a0\u00a0\u00a0\u00a0\u00a0\u00a0 \u00abSi busco soledad, este puede ser un buen lugar. Si lo que pretendo son respuestas a tanta desaz\u00f3n y dolor, los silencios de <em>Punta Arena<\/em> me ayudar\u00e1n sin lugar a dudas a reflexionar y posiblemente, enciendan alguna luz en este mi estado de tinieblas\u00bb \u2013medito.\u00bb<\/p>\n<p><span style=\"color:#000080;\"><strong>Este libro se podr\u00e1 comprar en la librer\u00eda Nogal situada en la calle de Triana, as\u00ed como en la pr\u00f3xima presentaci\u00f3n que se realizar\u00e1 en el Club Prensa Canaria, el viernes, d\u00eda 20 de abril.<\/strong><\/span><\/p>\n","protected":false},"excerpt":{"rendered":"<p>El viernes por la noche se present\u00f3 la novela escrita por el ecologista Jos\u00e9 Manuel Espi\u00f1o Meil\u00e1n. Era el primer acto de relevancia del XXX-Aniversario de Turc\u00f3n (1982-2012). Ante m\u00e1s de cincuenta personas, \u00a0Gilberto Martel fue el encargado de presentar al autor. Jos\u00e9 Manuel explic\u00f3 un poco los antecedentes del libro, as\u00ed como adelant\u00f3 algunas [&hellip;]<\/p>\n","protected":false},"author":2,"featured_media":0,"comment_status":"open","ping_status":"open","sticky":false,"template":"","format":"standard","meta":{"footnotes":""},"categories":[6,37,41,46,54],"tags":[],"class_list":["post-8113","post","type-post","status-publish","format-standard","hentry","category-actividades-turcon","category-espacios-naturales","category-gran-canaria","category-notas-de-prensa-de-turcon","category-recomendamos-para-leer-ver-y-escuchar"],"yoast_head":"<!-- This site is optimized with the Yoast SEO plugin v26.3 - https:\/\/yoast.com\/wordpress\/plugins\/seo\/ -->\n<title>Exitosa presentaci\u00f3n de la novela &quot;Los silencios de Punta de Las Arenas&quot;. - Colectivo Ecologista Turcon<\/title>\n<meta name=\"robots\" content=\"index, follow, max-snippet:-1, max-image-preview:large, max-video-preview:-1\" \/>\n<link rel=\"canonical\" href=\"https:\/\/turcon.es\/wp\/exitosa-presentacion-de-la-novela-los-silencios-de-punta-de-las-arenas\/\" \/>\n<meta property=\"og:locale\" content=\"es_ES\" \/>\n<meta property=\"og:type\" content=\"article\" \/>\n<meta property=\"og:title\" content=\"Exitosa presentaci\u00f3n de la novela &quot;Los silencios de Punta de Las Arenas&quot;. - Colectivo Ecologista Turcon\" \/>\n<meta property=\"og:description\" content=\"El viernes por la noche se present\u00f3 la novela escrita por el ecologista Jos\u00e9 Manuel Espi\u00f1o Meil\u00e1n. Era el primer acto de relevancia del XXX-Aniversario de Turc\u00f3n (1982-2012). Ante m\u00e1s de cincuenta personas, \u00a0Gilberto Martel fue el encargado de presentar al autor. Jos\u00e9 Manuel explic\u00f3 un poco los antecedentes del libro, as\u00ed como adelant\u00f3 algunas [&hellip;]\" \/>\n<meta property=\"og:url\" content=\"https:\/\/turcon.es\/wp\/exitosa-presentacion-de-la-novela-los-silencios-de-punta-de-las-arenas\/\" \/>\n<meta property=\"og:site_name\" content=\"Colectivo Ecologista Turcon\" \/>\n<meta property=\"article:published_time\" content=\"2012-03-24T23:52:34+00:00\" \/>\n<meta property=\"og:image\" content=\"https:\/\/turcon.es\/wp\/wp-content\/uploads\/2012\/03\/dsc07008-1.jpg\" \/>\n\t<meta property=\"og:image:width\" content=\"331\" \/>\n\t<meta property=\"og:image:height\" content=\"349\" \/>\n\t<meta property=\"og:image:type\" content=\"image\/jpeg\" \/>\n<meta name=\"author\" content=\"Laura Fernandez\" \/>\n<meta name=\"twitter:card\" content=\"summary_large_image\" \/>\n<meta name=\"twitter:label1\" content=\"Escrito por\" \/>\n\t<meta name=\"twitter:data1\" content=\"Laura Fernandez\" \/>\n\t<meta name=\"twitter:label2\" content=\"Tiempo de lectura\" \/>\n\t<meta name=\"twitter:data2\" content=\"2 minutos\" \/>\n<script type=\"application\/ld+json\" class=\"yoast-schema-graph\">{\"@context\":\"https:\/\/schema.org\",\"@graph\":[{\"@type\":\"Article\",\"@id\":\"https:\/\/turcon.es\/wp\/exitosa-presentacion-de-la-novela-los-silencios-de-punta-de-las-arenas\/#article\",\"isPartOf\":{\"@id\":\"https:\/\/turcon.es\/wp\/exitosa-presentacion-de-la-novela-los-silencios-de-punta-de-las-arenas\/\"},\"author\":{\"name\":\"Laura Fernandez\",\"@id\":\"https:\/\/turcon.es\/wp\/#\/schema\/person\/a1f3ba727ce031d9da17684affe85edd\"},\"headline\":\"Exitosa presentaci\u00f3n de la novela \u00abLos silencios de Punta de Las Arenas\u00bb.\",\"datePublished\":\"2012-03-24T23:52:34+00:00\",\"mainEntityOfPage\":{\"@id\":\"https:\/\/turcon.es\/wp\/exitosa-presentacion-de-la-novela-los-silencios-de-punta-de-las-arenas\/\"},\"wordCount\":328,\"commentCount\":0,\"publisher\":{\"@id\":\"https:\/\/turcon.es\/wp\/#organization\"},\"image\":{\"@id\":\"https:\/\/turcon.es\/wp\/exitosa-presentacion-de-la-novela-los-silencios-de-punta-de-las-arenas\/#primaryimage\"},\"thumbnailUrl\":\"http:\/\/turcon.es\/wp\/wp-content\/uploads\/2012\/03\/dsc07008.jpg?w=284\",\"articleSection\":[\"#Actividades Turc\u00f3n#\",\"Espacios Naturales\",\"Gran Canaria\",\"Notas de prensa de Turc\u00f3n\",\"Recomendamos para leer, ver y escuchar...\"],\"inLanguage\":\"es\",\"potentialAction\":[{\"@type\":\"CommentAction\",\"name\":\"Comment\",\"target\":[\"https:\/\/turcon.es\/wp\/exitosa-presentacion-de-la-novela-los-silencios-de-punta-de-las-arenas\/#respond\"]}]},{\"@type\":\"WebPage\",\"@id\":\"https:\/\/turcon.es\/wp\/exitosa-presentacion-de-la-novela-los-silencios-de-punta-de-las-arenas\/\",\"url\":\"https:\/\/turcon.es\/wp\/exitosa-presentacion-de-la-novela-los-silencios-de-punta-de-las-arenas\/\",\"name\":\"Exitosa presentaci\u00f3n de la novela \\\"Los silencios de Punta de Las Arenas\\\". - Colectivo Ecologista Turcon\",\"isPartOf\":{\"@id\":\"https:\/\/turcon.es\/wp\/#website\"},\"primaryImageOfPage\":{\"@id\":\"https:\/\/turcon.es\/wp\/exitosa-presentacion-de-la-novela-los-silencios-de-punta-de-las-arenas\/#primaryimage\"},\"image\":{\"@id\":\"https:\/\/turcon.es\/wp\/exitosa-presentacion-de-la-novela-los-silencios-de-punta-de-las-arenas\/#primaryimage\"},\"thumbnailUrl\":\"http:\/\/turcon.es\/wp\/wp-content\/uploads\/2012\/03\/dsc07008.jpg?w=284\",\"datePublished\":\"2012-03-24T23:52:34+00:00\",\"breadcrumb\":{\"@id\":\"https:\/\/turcon.es\/wp\/exitosa-presentacion-de-la-novela-los-silencios-de-punta-de-las-arenas\/#breadcrumb\"},\"inLanguage\":\"es\",\"potentialAction\":[{\"@type\":\"ReadAction\",\"target\":[\"https:\/\/turcon.es\/wp\/exitosa-presentacion-de-la-novela-los-silencios-de-punta-de-las-arenas\/\"]}]},{\"@type\":\"ImageObject\",\"inLanguage\":\"es\",\"@id\":\"https:\/\/turcon.es\/wp\/exitosa-presentacion-de-la-novela-los-silencios-de-punta-de-las-arenas\/#primaryimage\",\"url\":\"http:\/\/turcon.es\/wp\/wp-content\/uploads\/2012\/03\/dsc07008.jpg?w=284\",\"contentUrl\":\"http:\/\/turcon.es\/wp\/wp-content\/uploads\/2012\/03\/dsc07008.jpg?w=284\"},{\"@type\":\"BreadcrumbList\",\"@id\":\"https:\/\/turcon.es\/wp\/exitosa-presentacion-de-la-novela-los-silencios-de-punta-de-las-arenas\/#breadcrumb\",\"itemListElement\":[{\"@type\":\"ListItem\",\"position\":1,\"name\":\"Portada\",\"item\":\"https:\/\/turcon.es\/wp\/\"},{\"@type\":\"ListItem\",\"position\":2,\"name\":\"Exitosa presentaci\u00f3n de la novela \u00abLos silencios de Punta de Las Arenas\u00bb.\"}]},{\"@type\":\"WebSite\",\"@id\":\"https:\/\/turcon.es\/wp\/#website\",\"url\":\"https:\/\/turcon.es\/wp\/\",\"name\":\"Colectivo Ecologista Turcon\",\"description\":\"\",\"publisher\":{\"@id\":\"https:\/\/turcon.es\/wp\/#organization\"},\"potentialAction\":[{\"@type\":\"SearchAction\",\"target\":{\"@type\":\"EntryPoint\",\"urlTemplate\":\"https:\/\/turcon.es\/wp\/?s={search_term_string}\"},\"query-input\":{\"@type\":\"PropertyValueSpecification\",\"valueRequired\":true,\"valueName\":\"search_term_string\"}}],\"inLanguage\":\"es\"},{\"@type\":\"Organization\",\"@id\":\"https:\/\/turcon.es\/wp\/#organization\",\"name\":\"Colectivo Ecologista Turcon\",\"url\":\"https:\/\/turcon.es\/wp\/\",\"logo\":{\"@type\":\"ImageObject\",\"inLanguage\":\"es\",\"@id\":\"https:\/\/turcon.es\/wp\/#\/schema\/logo\/image\/\",\"url\":\"https:\/\/turcon.es\/wp\/wp-content\/uploads\/2025\/03\/logo-verde.svg\",\"contentUrl\":\"https:\/\/turcon.es\/wp\/wp-content\/uploads\/2025\/03\/logo-verde.svg\",\"width\":813,\"height\":813,\"caption\":\"Colectivo Ecologista Turcon\"},\"image\":{\"@id\":\"https:\/\/turcon.es\/wp\/#\/schema\/logo\/image\/\"}},{\"@type\":\"Person\",\"@id\":\"https:\/\/turcon.es\/wp\/#\/schema\/person\/a1f3ba727ce031d9da17684affe85edd\",\"name\":\"Laura Fernandez\",\"image\":{\"@type\":\"ImageObject\",\"inLanguage\":\"es\",\"@id\":\"https:\/\/turcon.es\/wp\/#\/schema\/person\/image\/\",\"url\":\"https:\/\/secure.gravatar.com\/avatar\/360749af9549af22e54582d50231ae56e854210ae2368797ba242f445a9852e8?s=96&d=mm&r=g\",\"contentUrl\":\"https:\/\/secure.gravatar.com\/avatar\/360749af9549af22e54582d50231ae56e854210ae2368797ba242f445a9852e8?s=96&d=mm&r=g\",\"caption\":\"Laura Fernandez\"},\"url\":\"https:\/\/turcon.es\/wp\/author\/admturcon\/\"}]}<\/script>\n<!-- \/ Yoast SEO plugin. -->","yoast_head_json":{"title":"Exitosa presentaci\u00f3n de la novela \"Los silencios de Punta de Las Arenas\". - Colectivo Ecologista Turcon","robots":{"index":"index","follow":"follow","max-snippet":"max-snippet:-1","max-image-preview":"max-image-preview:large","max-video-preview":"max-video-preview:-1"},"canonical":"https:\/\/turcon.es\/wp\/exitosa-presentacion-de-la-novela-los-silencios-de-punta-de-las-arenas\/","og_locale":"es_ES","og_type":"article","og_title":"Exitosa presentaci\u00f3n de la novela \"Los silencios de Punta de Las Arenas\". - Colectivo Ecologista Turcon","og_description":"El viernes por la noche se present\u00f3 la novela escrita por el ecologista Jos\u00e9 Manuel Espi\u00f1o Meil\u00e1n. Era el primer acto de relevancia del XXX-Aniversario de Turc\u00f3n (1982-2012). Ante m\u00e1s de cincuenta personas, \u00a0Gilberto Martel fue el encargado de presentar al autor. Jos\u00e9 Manuel explic\u00f3 un poco los antecedentes del libro, as\u00ed como adelant\u00f3 algunas [&hellip;]","og_url":"https:\/\/turcon.es\/wp\/exitosa-presentacion-de-la-novela-los-silencios-de-punta-de-las-arenas\/","og_site_name":"Colectivo Ecologista Turcon","article_published_time":"2012-03-24T23:52:34+00:00","og_image":[{"width":331,"height":349,"url":"https:\/\/turcon.es\/wp\/wp-content\/uploads\/2012\/03\/dsc07008-1.jpg","type":"image\/jpeg"}],"author":"Laura Fernandez","twitter_card":"summary_large_image","twitter_misc":{"Escrito por":"Laura Fernandez","Tiempo de lectura":"2 minutos"},"schema":{"@context":"https:\/\/schema.org","@graph":[{"@type":"Article","@id":"https:\/\/turcon.es\/wp\/exitosa-presentacion-de-la-novela-los-silencios-de-punta-de-las-arenas\/#article","isPartOf":{"@id":"https:\/\/turcon.es\/wp\/exitosa-presentacion-de-la-novela-los-silencios-de-punta-de-las-arenas\/"},"author":{"name":"Laura Fernandez","@id":"https:\/\/turcon.es\/wp\/#\/schema\/person\/a1f3ba727ce031d9da17684affe85edd"},"headline":"Exitosa presentaci\u00f3n de la novela \u00abLos silencios de Punta de Las Arenas\u00bb.","datePublished":"2012-03-24T23:52:34+00:00","mainEntityOfPage":{"@id":"https:\/\/turcon.es\/wp\/exitosa-presentacion-de-la-novela-los-silencios-de-punta-de-las-arenas\/"},"wordCount":328,"commentCount":0,"publisher":{"@id":"https:\/\/turcon.es\/wp\/#organization"},"image":{"@id":"https:\/\/turcon.es\/wp\/exitosa-presentacion-de-la-novela-los-silencios-de-punta-de-las-arenas\/#primaryimage"},"thumbnailUrl":"http:\/\/turcon.es\/wp\/wp-content\/uploads\/2012\/03\/dsc07008.jpg?w=284","articleSection":["#Actividades Turc\u00f3n#","Espacios Naturales","Gran Canaria","Notas de prensa de Turc\u00f3n","Recomendamos para leer, ver y escuchar..."],"inLanguage":"es","potentialAction":[{"@type":"CommentAction","name":"Comment","target":["https:\/\/turcon.es\/wp\/exitosa-presentacion-de-la-novela-los-silencios-de-punta-de-las-arenas\/#respond"]}]},{"@type":"WebPage","@id":"https:\/\/turcon.es\/wp\/exitosa-presentacion-de-la-novela-los-silencios-de-punta-de-las-arenas\/","url":"https:\/\/turcon.es\/wp\/exitosa-presentacion-de-la-novela-los-silencios-de-punta-de-las-arenas\/","name":"Exitosa presentaci\u00f3n de la novela \"Los silencios de Punta de Las Arenas\". - Colectivo Ecologista Turcon","isPartOf":{"@id":"https:\/\/turcon.es\/wp\/#website"},"primaryImageOfPage":{"@id":"https:\/\/turcon.es\/wp\/exitosa-presentacion-de-la-novela-los-silencios-de-punta-de-las-arenas\/#primaryimage"},"image":{"@id":"https:\/\/turcon.es\/wp\/exitosa-presentacion-de-la-novela-los-silencios-de-punta-de-las-arenas\/#primaryimage"},"thumbnailUrl":"http:\/\/turcon.es\/wp\/wp-content\/uploads\/2012\/03\/dsc07008.jpg?w=284","datePublished":"2012-03-24T23:52:34+00:00","breadcrumb":{"@id":"https:\/\/turcon.es\/wp\/exitosa-presentacion-de-la-novela-los-silencios-de-punta-de-las-arenas\/#breadcrumb"},"inLanguage":"es","potentialAction":[{"@type":"ReadAction","target":["https:\/\/turcon.es\/wp\/exitosa-presentacion-de-la-novela-los-silencios-de-punta-de-las-arenas\/"]}]},{"@type":"ImageObject","inLanguage":"es","@id":"https:\/\/turcon.es\/wp\/exitosa-presentacion-de-la-novela-los-silencios-de-punta-de-las-arenas\/#primaryimage","url":"http:\/\/turcon.es\/wp\/wp-content\/uploads\/2012\/03\/dsc07008.jpg?w=284","contentUrl":"http:\/\/turcon.es\/wp\/wp-content\/uploads\/2012\/03\/dsc07008.jpg?w=284"},{"@type":"BreadcrumbList","@id":"https:\/\/turcon.es\/wp\/exitosa-presentacion-de-la-novela-los-silencios-de-punta-de-las-arenas\/#breadcrumb","itemListElement":[{"@type":"ListItem","position":1,"name":"Portada","item":"https:\/\/turcon.es\/wp\/"},{"@type":"ListItem","position":2,"name":"Exitosa presentaci\u00f3n de la novela \u00abLos silencios de Punta de Las Arenas\u00bb."}]},{"@type":"WebSite","@id":"https:\/\/turcon.es\/wp\/#website","url":"https:\/\/turcon.es\/wp\/","name":"Colectivo Ecologista Turcon","description":"","publisher":{"@id":"https:\/\/turcon.es\/wp\/#organization"},"potentialAction":[{"@type":"SearchAction","target":{"@type":"EntryPoint","urlTemplate":"https:\/\/turcon.es\/wp\/?s={search_term_string}"},"query-input":{"@type":"PropertyValueSpecification","valueRequired":true,"valueName":"search_term_string"}}],"inLanguage":"es"},{"@type":"Organization","@id":"https:\/\/turcon.es\/wp\/#organization","name":"Colectivo Ecologista Turcon","url":"https:\/\/turcon.es\/wp\/","logo":{"@type":"ImageObject","inLanguage":"es","@id":"https:\/\/turcon.es\/wp\/#\/schema\/logo\/image\/","url":"https:\/\/turcon.es\/wp\/wp-content\/uploads\/2025\/03\/logo-verde.svg","contentUrl":"https:\/\/turcon.es\/wp\/wp-content\/uploads\/2025\/03\/logo-verde.svg","width":813,"height":813,"caption":"Colectivo Ecologista Turcon"},"image":{"@id":"https:\/\/turcon.es\/wp\/#\/schema\/logo\/image\/"}},{"@type":"Person","@id":"https:\/\/turcon.es\/wp\/#\/schema\/person\/a1f3ba727ce031d9da17684affe85edd","name":"Laura Fernandez","image":{"@type":"ImageObject","inLanguage":"es","@id":"https:\/\/turcon.es\/wp\/#\/schema\/person\/image\/","url":"https:\/\/secure.gravatar.com\/avatar\/360749af9549af22e54582d50231ae56e854210ae2368797ba242f445a9852e8?s=96&d=mm&r=g","contentUrl":"https:\/\/secure.gravatar.com\/avatar\/360749af9549af22e54582d50231ae56e854210ae2368797ba242f445a9852e8?s=96&d=mm&r=g","caption":"Laura Fernandez"},"url":"https:\/\/turcon.es\/wp\/author\/admturcon\/"}]}},"_links":{"self":[{"href":"https:\/\/turcon.es\/wp\/wp-json\/wp\/v2\/posts\/8113","targetHints":{"allow":["GET"]}}],"collection":[{"href":"https:\/\/turcon.es\/wp\/wp-json\/wp\/v2\/posts"}],"about":[{"href":"https:\/\/turcon.es\/wp\/wp-json\/wp\/v2\/types\/post"}],"author":[{"embeddable":true,"href":"https:\/\/turcon.es\/wp\/wp-json\/wp\/v2\/users\/2"}],"replies":[{"embeddable":true,"href":"https:\/\/turcon.es\/wp\/wp-json\/wp\/v2\/comments?post=8113"}],"version-history":[{"count":0,"href":"https:\/\/turcon.es\/wp\/wp-json\/wp\/v2\/posts\/8113\/revisions"}],"wp:attachment":[{"href":"https:\/\/turcon.es\/wp\/wp-json\/wp\/v2\/media?parent=8113"}],"wp:term":[{"taxonomy":"category","embeddable":true,"href":"https:\/\/turcon.es\/wp\/wp-json\/wp\/v2\/categories?post=8113"},{"taxonomy":"post_tag","embeddable":true,"href":"https:\/\/turcon.es\/wp\/wp-json\/wp\/v2\/tags?post=8113"}],"curies":[{"name":"wp","href":"https:\/\/api.w.org\/{rel}","templated":true}]}}