{"id":8345,"date":"2012-05-11T11:23:15","date_gmt":"2012-05-11T11:23:15","guid":{"rendered":"http:\/\/turcon.wordpress.com\/?p=8345"},"modified":"2012-05-11T11:23:15","modified_gmt":"2012-05-11T11:23:15","slug":"manana-toca-visita-a-tasartico","status":"publish","type":"post","link":"https:\/\/turcon.es\/wp\/manana-toca-visita-a-tasartico\/","title":{"rendered":"Ma\u00f1ana toca visita a Tasartico"},"content":{"rendered":"<p>El Colectivo Turc\u00f3n-Ecologistas en Acci\u00f3n realizar\u00e1 ma\u00f1ana, d\u00eda 12 de mayo, su ruta prevista en el calendario anual.<a href=\"http:\/\/turcon.es\/wp\/wp-content\/uploads\/2012\/05\/dsc08260.jpg\"><img decoding=\"async\" class=\"alignright size-thumbnail wp-image-8347\" title=\"DSC08260\" src=\"http:\/\/turcon.es\/wp\/wp-content\/uploads\/2012\/05\/dsc08260.jpg?w=150\" alt=\"\" width=\"150\" height=\"112\" \/><\/a><\/p>\n<p>La excursi\u00f3n partir\u00e1 desde la playa de Tasarte y llegar\u00e1 a Tasartico, atravesando barrancos y monta\u00f1as.<\/p>\n<p>Senderismo: \u00abEl litoral de Gran Canaria, al golpito\u201d, el litoral de Tasartico.\u00a0Una ruta encuadrada en el proyecto \u00abEl litoral de Gran Canaria, al golpito\u00bb que en esta ocasi\u00f3n se adentra por playas y acantilados de Tasartico. \u00a0El nivel de esta actividad es muy alto y la salida es del Parque Franchi Roca de Telde el 12 de mayo, a las 7 horas de la ma\u00f1ana.<\/p>\n<p>M\u00e1s informaci\u00f3n en el email: turconsenderismo@gmail.com.<\/p>\n<p>Se reproduce a continuaci\u00f3n, un texto previo a la ruta, realizado por el autor del programa:<\/p>\n<p><strong><span style=\"text-decoration:underline;\">7\u00aa Etapa:<\/span><\/strong><\/p>\n<p><strong>Costa del municipio de San Nicol\u00e1s de Tolentino<\/strong><\/p>\n<p><strong>Tiempo total: <em>\u00a06 horas<\/em><\/strong><\/p>\n<p><strong><em>Playa de Tasarte \u2013 Playa de Tasartico:\u00a0 6 horas<\/em><\/strong><\/p>\n<p>Un senda, no sabemos si antiguo camino real un\u00eda estos pagos por la costa. Actualmente, debido por una parte a los frecuentes desprendimientos de estas viejas formaciones geol\u00f3gicas y por otra al abandono en su uso y mantenimiento, esta v\u00eda es impracticable. Nosotros iniciamos nuestro paseo en una de las pistas que. Muy cerca de la desembocadura, nos permite acceder a la lomada derecha del barranco de Tasarte. No es dif\u00edcil llegar a una senda que est\u00e1 marcada con piedras testigo aunque el discurrir de la misma como ya veremos en esta descripci\u00f3n se pierda muy a menudo, por su poco uso y, a falta de un GPS, deba ser el instinto y la intuici\u00f3n los que nos gu\u00eden por estas riscaderas en busca del \u00fanico camino que nos permitir\u00e1 salvar impresionantes barrancos y que tiene como final la Degollada del Portillo, cabecera de barranco del Card\u00f3n, por donde bajaremos en un desnivel muy acusado hasta el barranco de Tasartico. Pero vayamos paso a paso.<!--more--><\/p>\n<p>Una hora nos va a llevar franquear el barranco de Tasarte y llegar al barranco de los Vallecillos. La subida a esta margen del barranco de Tasarte es la conocida como Lomo de Agua Salvaje y el camino que llevamos nos gu\u00eda barranco arriba hacia el Llano de los Vallecillos. Otra hora nos lleva llegar al llano. Una vez aqu\u00ed, lo bordeamos en busca del camino que nos permitir\u00e1 franquear una serie de afluentes del profundo barranco de las Aneas que, visto desde esta vertiente se nos antoja imposible de pasar. No hay necesidad de subir al Cabezo, loma que a nuestra izquierda se eleva rematando el Llano de los Vallecillos a casi setecientos metros de altitud. Atentos a los mojones de piedras que marcan de cuando en cuando el camino o a los puntos azules o verdes que surgen de pronto, gracias al buen quehacer del amigo Apolonio, descendemos y ascendemos barrancos y barranquillos por la Monta\u00f1a de los Inciensos y el Lomo del Balo, camino del \u00faltimo repech\u00f3n , aquel que tras un esfuerzo constante nos llevar\u00e1 a la degollada de El Portillo, a los pies de\u00a0 las crester\u00edas que forman la Monta\u00f1a de la Cisterna en primer plano\u00a0 y la montana del Acebuche y el morro de Piletas a continuaci\u00f3n. Dos horas m\u00e1s en nuestro recorrido. Aunque el barranco de Tasartico se abre ante nosotros, al fondo del barranco del Card\u00f3n, m\u00e1s de una hora llevar\u00e1 este largo y fatigoso descenso por un camino que est\u00e1 claro en su primer tramo pero que se pierde a continuaci\u00f3n teniendo que buscar continuamente por donde bajar tan inclinado barranco.<\/p>\n<p>A su llegada al cauce, la playa de Tasartico o playa del Asno queda un par de kil\u00f3metros barranco abajo. Es la conocida cartogr\u00e1ficamente como playa del Asno. No obstante, el pueblo est\u00e1 barranco arriba a medio kilometro y es ah\u00ed donde nos puede recoger el transporte p\u00fablico.<\/p>\n<p>La desembocadura del barranco del Card\u00f3n coincide, apenas les separan un centenar de metros, con la Ca\u00f1ada de Agua Sabina, ca\u00f1ada sobre la que se sit\u00faa el camino que desde este barranco de Tasartico nos llevar\u00e1 hasta la Aldea de San Nicol\u00e1s, recorriendo las playas de Gugui Grande y Gugui Chico.<\/p>\n","protected":false},"excerpt":{"rendered":"<p>El Colectivo Turc\u00f3n-Ecologistas en Acci\u00f3n realizar\u00e1 ma\u00f1ana, d\u00eda 12 de mayo, su ruta prevista en el calendario anual. La excursi\u00f3n partir\u00e1 desde la playa de Tasarte y llegar\u00e1 a Tasartico, atravesando barrancos y monta\u00f1as. Senderismo: \u00abEl litoral de Gran Canaria, al golpito\u201d, el litoral de Tasartico.\u00a0Una ruta encuadrada en el proyecto \u00abEl litoral de Gran [&hellip;]<\/p>\n","protected":false},"author":2,"featured_media":0,"comment_status":"open","ping_status":"open","sticky":false,"template":"","format":"standard","meta":{"footnotes":""},"categories":[6,37,41,46,57],"tags":[],"class_list":["post-8345","post","type-post","status-publish","format-standard","hentry","category-actividades-turcon","category-espacios-naturales","category-gran-canaria","category-notas-de-prensa-de-turcon","category-senderismo"],"yoast_head":"<!-- This site is optimized with the Yoast SEO plugin v26.3 - https:\/\/yoast.com\/wordpress\/plugins\/seo\/ -->\n<title>Ma\u00f1ana toca visita a Tasartico - Colectivo Ecologista Turcon<\/title>\n<meta name=\"robots\" content=\"index, follow, max-snippet:-1, max-image-preview:large, max-video-preview:-1\" \/>\n<link rel=\"canonical\" href=\"https:\/\/turcon.es\/wp\/manana-toca-visita-a-tasartico\/\" \/>\n<meta property=\"og:locale\" content=\"es_ES\" \/>\n<meta property=\"og:type\" content=\"article\" \/>\n<meta property=\"og:title\" content=\"Ma\u00f1ana toca visita a Tasartico - Colectivo Ecologista Turcon\" \/>\n<meta property=\"og:description\" content=\"El Colectivo Turc\u00f3n-Ecologistas en Acci\u00f3n realizar\u00e1 ma\u00f1ana, d\u00eda 12 de mayo, su ruta prevista en el calendario anual. La excursi\u00f3n partir\u00e1 desde la playa de Tasarte y llegar\u00e1 a Tasartico, atravesando barrancos y monta\u00f1as. Senderismo: \u00abEl litoral de Gran Canaria, al golpito\u201d, el litoral de Tasartico.\u00a0Una ruta encuadrada en el proyecto \u00abEl litoral de Gran [&hellip;]\" \/>\n<meta property=\"og:url\" content=\"https:\/\/turcon.es\/wp\/manana-toca-visita-a-tasartico\/\" \/>\n<meta property=\"og:site_name\" content=\"Colectivo Ecologista Turcon\" \/>\n<meta property=\"article:published_time\" content=\"2012-05-11T11:23:15+00:00\" \/>\n<meta property=\"og:image\" content=\"https:\/\/turcon.es\/wp\/wp-content\/uploads\/2012\/05\/dsc08260-1.jpg\" \/>\n\t<meta property=\"og:image:width\" content=\"320\" \/>\n\t<meta property=\"og:image:height\" content=\"240\" \/>\n\t<meta property=\"og:image:type\" content=\"image\/jpeg\" \/>\n<meta name=\"author\" content=\"Laura Fernandez\" \/>\n<meta name=\"twitter:card\" content=\"summary_large_image\" \/>\n<meta name=\"twitter:label1\" content=\"Escrito por\" \/>\n\t<meta name=\"twitter:data1\" content=\"Laura Fernandez\" \/>\n\t<meta name=\"twitter:label2\" content=\"Tiempo de lectura\" \/>\n\t<meta name=\"twitter:data2\" content=\"4 minutos\" \/>\n<script type=\"application\/ld+json\" class=\"yoast-schema-graph\">{\"@context\":\"https:\/\/schema.org\",\"@graph\":[{\"@type\":\"Article\",\"@id\":\"https:\/\/turcon.es\/wp\/manana-toca-visita-a-tasartico\/#article\",\"isPartOf\":{\"@id\":\"https:\/\/turcon.es\/wp\/manana-toca-visita-a-tasartico\/\"},\"author\":{\"name\":\"Laura Fernandez\",\"@id\":\"https:\/\/turcon.es\/wp\/#\/schema\/person\/a1f3ba727ce031d9da17684affe85edd\"},\"headline\":\"Ma\u00f1ana toca visita a Tasartico\",\"datePublished\":\"2012-05-11T11:23:15+00:00\",\"mainEntityOfPage\":{\"@id\":\"https:\/\/turcon.es\/wp\/manana-toca-visita-a-tasartico\/\"},\"wordCount\":717,\"commentCount\":1,\"publisher\":{\"@id\":\"https:\/\/turcon.es\/wp\/#organization\"},\"image\":{\"@id\":\"https:\/\/turcon.es\/wp\/manana-toca-visita-a-tasartico\/#primaryimage\"},\"thumbnailUrl\":\"http:\/\/turcon.es\/wp\/wp-content\/uploads\/2012\/05\/dsc08260.jpg?w=150\",\"articleSection\":[\"#Actividades Turc\u00f3n#\",\"Espacios Naturales\",\"Gran Canaria\",\"Notas de prensa de Turc\u00f3n\",\"Senderismo\"],\"inLanguage\":\"es\",\"potentialAction\":[{\"@type\":\"CommentAction\",\"name\":\"Comment\",\"target\":[\"https:\/\/turcon.es\/wp\/manana-toca-visita-a-tasartico\/#respond\"]}]},{\"@type\":\"WebPage\",\"@id\":\"https:\/\/turcon.es\/wp\/manana-toca-visita-a-tasartico\/\",\"url\":\"https:\/\/turcon.es\/wp\/manana-toca-visita-a-tasartico\/\",\"name\":\"Ma\u00f1ana toca visita a Tasartico - Colectivo Ecologista Turcon\",\"isPartOf\":{\"@id\":\"https:\/\/turcon.es\/wp\/#website\"},\"primaryImageOfPage\":{\"@id\":\"https:\/\/turcon.es\/wp\/manana-toca-visita-a-tasartico\/#primaryimage\"},\"image\":{\"@id\":\"https:\/\/turcon.es\/wp\/manana-toca-visita-a-tasartico\/#primaryimage\"},\"thumbnailUrl\":\"http:\/\/turcon.es\/wp\/wp-content\/uploads\/2012\/05\/dsc08260.jpg?w=150\",\"datePublished\":\"2012-05-11T11:23:15+00:00\",\"breadcrumb\":{\"@id\":\"https:\/\/turcon.es\/wp\/manana-toca-visita-a-tasartico\/#breadcrumb\"},\"inLanguage\":\"es\",\"potentialAction\":[{\"@type\":\"ReadAction\",\"target\":[\"https:\/\/turcon.es\/wp\/manana-toca-visita-a-tasartico\/\"]}]},{\"@type\":\"ImageObject\",\"inLanguage\":\"es\",\"@id\":\"https:\/\/turcon.es\/wp\/manana-toca-visita-a-tasartico\/#primaryimage\",\"url\":\"http:\/\/turcon.es\/wp\/wp-content\/uploads\/2012\/05\/dsc08260.jpg?w=150\",\"contentUrl\":\"http:\/\/turcon.es\/wp\/wp-content\/uploads\/2012\/05\/dsc08260.jpg?w=150\"},{\"@type\":\"BreadcrumbList\",\"@id\":\"https:\/\/turcon.es\/wp\/manana-toca-visita-a-tasartico\/#breadcrumb\",\"itemListElement\":[{\"@type\":\"ListItem\",\"position\":1,\"name\":\"Portada\",\"item\":\"https:\/\/turcon.es\/wp\/\"},{\"@type\":\"ListItem\",\"position\":2,\"name\":\"Ma\u00f1ana toca visita a Tasartico\"}]},{\"@type\":\"WebSite\",\"@id\":\"https:\/\/turcon.es\/wp\/#website\",\"url\":\"https:\/\/turcon.es\/wp\/\",\"name\":\"Colectivo Ecologista Turcon\",\"description\":\"\",\"publisher\":{\"@id\":\"https:\/\/turcon.es\/wp\/#organization\"},\"potentialAction\":[{\"@type\":\"SearchAction\",\"target\":{\"@type\":\"EntryPoint\",\"urlTemplate\":\"https:\/\/turcon.es\/wp\/?s={search_term_string}\"},\"query-input\":{\"@type\":\"PropertyValueSpecification\",\"valueRequired\":true,\"valueName\":\"search_term_string\"}}],\"inLanguage\":\"es\"},{\"@type\":\"Organization\",\"@id\":\"https:\/\/turcon.es\/wp\/#organization\",\"name\":\"Colectivo Ecologista Turcon\",\"url\":\"https:\/\/turcon.es\/wp\/\",\"logo\":{\"@type\":\"ImageObject\",\"inLanguage\":\"es\",\"@id\":\"https:\/\/turcon.es\/wp\/#\/schema\/logo\/image\/\",\"url\":\"https:\/\/turcon.es\/wp\/wp-content\/uploads\/2025\/03\/logo-verde.svg\",\"contentUrl\":\"https:\/\/turcon.es\/wp\/wp-content\/uploads\/2025\/03\/logo-verde.svg\",\"width\":813,\"height\":813,\"caption\":\"Colectivo Ecologista Turcon\"},\"image\":{\"@id\":\"https:\/\/turcon.es\/wp\/#\/schema\/logo\/image\/\"}},{\"@type\":\"Person\",\"@id\":\"https:\/\/turcon.es\/wp\/#\/schema\/person\/a1f3ba727ce031d9da17684affe85edd\",\"name\":\"Laura Fernandez\",\"image\":{\"@type\":\"ImageObject\",\"inLanguage\":\"es\",\"@id\":\"https:\/\/turcon.es\/wp\/#\/schema\/person\/image\/\",\"url\":\"https:\/\/secure.gravatar.com\/avatar\/360749af9549af22e54582d50231ae56e854210ae2368797ba242f445a9852e8?s=96&d=mm&r=g\",\"contentUrl\":\"https:\/\/secure.gravatar.com\/avatar\/360749af9549af22e54582d50231ae56e854210ae2368797ba242f445a9852e8?s=96&d=mm&r=g\",\"caption\":\"Laura Fernandez\"},\"url\":\"https:\/\/turcon.es\/wp\/author\/admturcon\/\"}]}<\/script>\n<!-- \/ Yoast SEO plugin. -->","yoast_head_json":{"title":"Ma\u00f1ana toca visita a Tasartico - Colectivo Ecologista Turcon","robots":{"index":"index","follow":"follow","max-snippet":"max-snippet:-1","max-image-preview":"max-image-preview:large","max-video-preview":"max-video-preview:-1"},"canonical":"https:\/\/turcon.es\/wp\/manana-toca-visita-a-tasartico\/","og_locale":"es_ES","og_type":"article","og_title":"Ma\u00f1ana toca visita a Tasartico - Colectivo Ecologista Turcon","og_description":"El Colectivo Turc\u00f3n-Ecologistas en Acci\u00f3n realizar\u00e1 ma\u00f1ana, d\u00eda 12 de mayo, su ruta prevista en el calendario anual. La excursi\u00f3n partir\u00e1 desde la playa de Tasarte y llegar\u00e1 a Tasartico, atravesando barrancos y monta\u00f1as. Senderismo: \u00abEl litoral de Gran Canaria, al golpito\u201d, el litoral de Tasartico.\u00a0Una ruta encuadrada en el proyecto \u00abEl litoral de Gran [&hellip;]","og_url":"https:\/\/turcon.es\/wp\/manana-toca-visita-a-tasartico\/","og_site_name":"Colectivo Ecologista Turcon","article_published_time":"2012-05-11T11:23:15+00:00","og_image":[{"width":320,"height":240,"url":"https:\/\/turcon.es\/wp\/wp-content\/uploads\/2012\/05\/dsc08260-1.jpg","type":"image\/jpeg"}],"author":"Laura Fernandez","twitter_card":"summary_large_image","twitter_misc":{"Escrito por":"Laura Fernandez","Tiempo de lectura":"4 minutos"},"schema":{"@context":"https:\/\/schema.org","@graph":[{"@type":"Article","@id":"https:\/\/turcon.es\/wp\/manana-toca-visita-a-tasartico\/#article","isPartOf":{"@id":"https:\/\/turcon.es\/wp\/manana-toca-visita-a-tasartico\/"},"author":{"name":"Laura Fernandez","@id":"https:\/\/turcon.es\/wp\/#\/schema\/person\/a1f3ba727ce031d9da17684affe85edd"},"headline":"Ma\u00f1ana toca visita a Tasartico","datePublished":"2012-05-11T11:23:15+00:00","mainEntityOfPage":{"@id":"https:\/\/turcon.es\/wp\/manana-toca-visita-a-tasartico\/"},"wordCount":717,"commentCount":1,"publisher":{"@id":"https:\/\/turcon.es\/wp\/#organization"},"image":{"@id":"https:\/\/turcon.es\/wp\/manana-toca-visita-a-tasartico\/#primaryimage"},"thumbnailUrl":"http:\/\/turcon.es\/wp\/wp-content\/uploads\/2012\/05\/dsc08260.jpg?w=150","articleSection":["#Actividades Turc\u00f3n#","Espacios Naturales","Gran Canaria","Notas de prensa de Turc\u00f3n","Senderismo"],"inLanguage":"es","potentialAction":[{"@type":"CommentAction","name":"Comment","target":["https:\/\/turcon.es\/wp\/manana-toca-visita-a-tasartico\/#respond"]}]},{"@type":"WebPage","@id":"https:\/\/turcon.es\/wp\/manana-toca-visita-a-tasartico\/","url":"https:\/\/turcon.es\/wp\/manana-toca-visita-a-tasartico\/","name":"Ma\u00f1ana toca visita a Tasartico - Colectivo Ecologista Turcon","isPartOf":{"@id":"https:\/\/turcon.es\/wp\/#website"},"primaryImageOfPage":{"@id":"https:\/\/turcon.es\/wp\/manana-toca-visita-a-tasartico\/#primaryimage"},"image":{"@id":"https:\/\/turcon.es\/wp\/manana-toca-visita-a-tasartico\/#primaryimage"},"thumbnailUrl":"http:\/\/turcon.es\/wp\/wp-content\/uploads\/2012\/05\/dsc08260.jpg?w=150","datePublished":"2012-05-11T11:23:15+00:00","breadcrumb":{"@id":"https:\/\/turcon.es\/wp\/manana-toca-visita-a-tasartico\/#breadcrumb"},"inLanguage":"es","potentialAction":[{"@type":"ReadAction","target":["https:\/\/turcon.es\/wp\/manana-toca-visita-a-tasartico\/"]}]},{"@type":"ImageObject","inLanguage":"es","@id":"https:\/\/turcon.es\/wp\/manana-toca-visita-a-tasartico\/#primaryimage","url":"http:\/\/turcon.es\/wp\/wp-content\/uploads\/2012\/05\/dsc08260.jpg?w=150","contentUrl":"http:\/\/turcon.es\/wp\/wp-content\/uploads\/2012\/05\/dsc08260.jpg?w=150"},{"@type":"BreadcrumbList","@id":"https:\/\/turcon.es\/wp\/manana-toca-visita-a-tasartico\/#breadcrumb","itemListElement":[{"@type":"ListItem","position":1,"name":"Portada","item":"https:\/\/turcon.es\/wp\/"},{"@type":"ListItem","position":2,"name":"Ma\u00f1ana toca visita a Tasartico"}]},{"@type":"WebSite","@id":"https:\/\/turcon.es\/wp\/#website","url":"https:\/\/turcon.es\/wp\/","name":"Colectivo Ecologista Turcon","description":"","publisher":{"@id":"https:\/\/turcon.es\/wp\/#organization"},"potentialAction":[{"@type":"SearchAction","target":{"@type":"EntryPoint","urlTemplate":"https:\/\/turcon.es\/wp\/?s={search_term_string}"},"query-input":{"@type":"PropertyValueSpecification","valueRequired":true,"valueName":"search_term_string"}}],"inLanguage":"es"},{"@type":"Organization","@id":"https:\/\/turcon.es\/wp\/#organization","name":"Colectivo Ecologista Turcon","url":"https:\/\/turcon.es\/wp\/","logo":{"@type":"ImageObject","inLanguage":"es","@id":"https:\/\/turcon.es\/wp\/#\/schema\/logo\/image\/","url":"https:\/\/turcon.es\/wp\/wp-content\/uploads\/2025\/03\/logo-verde.svg","contentUrl":"https:\/\/turcon.es\/wp\/wp-content\/uploads\/2025\/03\/logo-verde.svg","width":813,"height":813,"caption":"Colectivo Ecologista Turcon"},"image":{"@id":"https:\/\/turcon.es\/wp\/#\/schema\/logo\/image\/"}},{"@type":"Person","@id":"https:\/\/turcon.es\/wp\/#\/schema\/person\/a1f3ba727ce031d9da17684affe85edd","name":"Laura Fernandez","image":{"@type":"ImageObject","inLanguage":"es","@id":"https:\/\/turcon.es\/wp\/#\/schema\/person\/image\/","url":"https:\/\/secure.gravatar.com\/avatar\/360749af9549af22e54582d50231ae56e854210ae2368797ba242f445a9852e8?s=96&d=mm&r=g","contentUrl":"https:\/\/secure.gravatar.com\/avatar\/360749af9549af22e54582d50231ae56e854210ae2368797ba242f445a9852e8?s=96&d=mm&r=g","caption":"Laura Fernandez"},"url":"https:\/\/turcon.es\/wp\/author\/admturcon\/"}]}},"_links":{"self":[{"href":"https:\/\/turcon.es\/wp\/wp-json\/wp\/v2\/posts\/8345","targetHints":{"allow":["GET"]}}],"collection":[{"href":"https:\/\/turcon.es\/wp\/wp-json\/wp\/v2\/posts"}],"about":[{"href":"https:\/\/turcon.es\/wp\/wp-json\/wp\/v2\/types\/post"}],"author":[{"embeddable":true,"href":"https:\/\/turcon.es\/wp\/wp-json\/wp\/v2\/users\/2"}],"replies":[{"embeddable":true,"href":"https:\/\/turcon.es\/wp\/wp-json\/wp\/v2\/comments?post=8345"}],"version-history":[{"count":0,"href":"https:\/\/turcon.es\/wp\/wp-json\/wp\/v2\/posts\/8345\/revisions"}],"wp:attachment":[{"href":"https:\/\/turcon.es\/wp\/wp-json\/wp\/v2\/media?parent=8345"}],"wp:term":[{"taxonomy":"category","embeddable":true,"href":"https:\/\/turcon.es\/wp\/wp-json\/wp\/v2\/categories?post=8345"},{"taxonomy":"post_tag","embeddable":true,"href":"https:\/\/turcon.es\/wp\/wp-json\/wp\/v2\/tags?post=8345"}],"curies":[{"name":"wp","href":"https:\/\/api.w.org\/{rel}","templated":true}]}}