{"id":8372,"date":"2012-05-16T09:00:35","date_gmt":"2012-05-16T09:00:35","guid":{"rendered":"http:\/\/turcon.wordpress.com\/?p=8372"},"modified":"2012-05-16T09:00:35","modified_gmt":"2012-05-16T09:00:35","slug":"incombustibles-de-inagua","status":"publish","type":"post","link":"https:\/\/turcon.es\/wp\/incombustibles-de-inagua\/","title":{"rendered":"Incombustibles de Inagua"},"content":{"rendered":"<div id=\"noticia_texto\">\n<div>\n<h2 style=\"text-align:justify;\">Los ingenieros afirman que Inagua ha hecho en cuatro a\u00f1os lo que en otros bosques hubiera tardado 200<\/h2>\n<\/div>\n<p style=\"text-align:justify;\"><strong>JUANJO JIM\u00c9NEZ.\u00a0 <a href=\"http:\/\/www.laprovincia.es\"> La Provincia.es<\/a><br \/>\n<\/strong><\/p>\n<p style=\"text-align:justify;\"><a href=\"http:\/\/turcon.es\/wp\/wp-content\/uploads\/2008\/06\/inagua3.jpg\"><img decoding=\"async\" class=\"alignleft  wp-image-218\" title=\"inagua3\" src=\"http:\/\/turcon.es\/wp\/wp-content\/uploads\/2008\/06\/inagua3.jpg?w=300\" alt=\"\" width=\"242\" height=\"181\" \/><\/a>Nunca desde que la Isla escribe historia se supo tanto de un pinar. El incendio de 2007, que arras\u00f3 m\u00e1s de 18.000 hect\u00e1reas de Gran Canaria, parad\u00f3jicamente deriv\u00f3 tras apagarse en un caidero de investigaciones sobre uno de los ecosistemas m\u00e1s raros del planeta, basados en el Pinus canariensis, cuyas pi\u00f1as tienen la virtud de seleccionar a qu\u00e9 temperatura se abren, si despu\u00e9s de superar los 30 grados cent\u00edgrados, ubicados en la trasierra de la vertiente sur del territorio insular, o a los 50 grados, m\u00e1s propios de un fuego, que es la que prefieren los afincados en la banda norte. Es decir, que sin fuego, no hay semillas.<\/p>\n<p style=\"text-align:justify;\">La consejera de Medio Ambiente del Cabildo, Mar\u00eda del Mar Ar\u00e9valo, pas\u00f3 revista ayer, con los t\u00e9cnicos de la Corporaci\u00f3n y los cinco miembros del programa europeo Inagua+Life, como su director, Gustavo Viera, o la bi\u00f3loga Marta Mart\u00ednez, por los feudos de Inagua, Ojeda y Pajonales.<\/p>\n<p style=\"text-align:justify;\">Tras 2007 la UE lleva cinco a\u00f1os aportando fondos para la recuperaci\u00f3n del ecosistema, su estudio tras el suceso e implementando infraestructuras para mejorar los accesos, fundamentales para atender sus 3.900 hect\u00e1reas, una extensi\u00f3n ligeramente mayor que la del Parque Nacional de Garajonay, en La Gomera, o las canalizaciones, da\u00f1adas por la erosi\u00f3n posterior.<\/p>\n<p style=\"text-align:justify;\">Tras las cenizas apareci\u00f3 la oportunidad cient\u00edfica y el bosque, cerrado al tr\u00e1nsito rodado y empotrado en plena Reserva de la Biosfera, qued\u00f3 a punto de laboratorio.<\/p>\n<p style=\"text-align:justify;\">As\u00ed, en una veintena de peque\u00f1as parcelas acotadas se analiza la necromasa, restos muertos de flora e incluso fauna, y se analiza c\u00f3mo evoluciona all\u00ed la vida con respecto a campo abierto. Y en otros puntos, donde se localizan los m\u00e1s escasos endemismos del lugar, tan propios que no existen fuera de all\u00ed, como el turmero de Inagua, Helianthemum inaguae, y de los que antes del incendio apenas hab\u00eda 11 ejemplares hoy existen 360, que es la mayor poblaci\u00f3n de la que se tiene constancia hasta la fecha, seg\u00fan explica Marta Mart\u00ednez.<\/p>\n<p style=\"text-align:justify;\">Otro tanto ocurre con la siempreviva de Inagua, Limonium vigaroense. Una especie de lo m\u00e1s t\u00edmida. No solo se hallan exclusivamente en Inagua, sino en dos reductos muy concretos: en Morro Castrado y Barranco de las Magarzas. O con la cresta de gallo, Isoplexis isabelliana, que rebrotaron tras quemarse. Eran \u00fanicamente cuatro ejemplares. El \u00faltimo censo cuantifica 360 \u00abcomo m\u00ednimo\u00bb.<!--more--><\/p>\n<p style=\"text-align:justify;\">El impulso<\/p>\n<p style=\"text-align:justify;\">Es como una suerte de romper a fuego para coger fuga. Igual ocurre con el pinz\u00f3n azul, con una cifra que ronda los 260 ejemplares, despu\u00e9s de caer a menos de la mitad. Y as\u00ed suma y sigue.<\/p>\n<p style=\"text-align:justify;\">\u00bfQu\u00e9 pasa aqu\u00ed? El ingeniero t\u00e9cnico forestal Didac D\u00edaz asegura que si un incendio de este tipo llega a afectar a los bosques de la Pen\u00ednsula tardar\u00edan hasta 200 a\u00f1os en recuperarse.<\/p>\n<p style=\"text-align:justify;\">De hecho afirma que el fuego en este ecosistema, matizando que el que producen los rayos, que no el hombre, no es una cat\u00e1strofe en s\u00ed misma, sino \u00abuna perturbaci\u00f3n dado que es parte de la gen\u00e9tica del pinar\u00bb.<\/p>\n<p style=\"text-align:justify;\">\u00abCat\u00e1strofe\u00bb, sentencia a modo de ejemplo y no sin cierta retranca, \u00abson las urbanizaciones o lo que se ha hecho en la costa\u00bb. Y ya m\u00e1s serio, la cat\u00e1strofe de Gran Canaria ha sido \u00abla desaparici\u00f3n de la laurisilva\u00bb.<\/p>\n<p style=\"text-align:justify;\">El paisaje, no obstante, est\u00e1 casi pelado a ras de suelo. El interminable sotobosque -de escob\u00f3n, poleo, rosalitos, tabaibas, tomillos, matorriscos&#8230;- luce mustio.<\/p>\n<p style=\"text-align:justify;\">Hasta las cabras cimarronas, algo bueno que tiene la sequ\u00eda, se han ido mudando algo m\u00e1s lejos de los rebrotes, a las cotas bajas de los fondos de barrancos en busca del agua.<\/p>\n<p style=\"text-align:justify;\">El tambi\u00e9n t\u00e9cnico forestal Orlando Marrero cree que este a\u00f1o supone un par\u00f3n&#8230;, pero si acaso para los benjamines.<\/p>\n<p style=\"text-align:justify;\">Pero no para los tutores. Los gigantes siguen all\u00ed: son los Pinos Padres. Enormes, murmurando con la brisa, incombustibles al asombro.<\/p>\n<\/div>\n","protected":false},"excerpt":{"rendered":"<p>Los ingenieros afirman que Inagua ha hecho en cuatro a\u00f1os lo que en otros bosques hubiera tardado 200 JUANJO JIM\u00c9NEZ.\u00a0 La Provincia.es Nunca desde que la Isla escribe historia se supo tanto de un pinar. El incendio de 2007, que arras\u00f3 m\u00e1s de 18.000 hect\u00e1reas de Gran Canaria, parad\u00f3jicamente deriv\u00f3 tras apagarse en un caidero [&hellip;]<\/p>\n","protected":false},"author":2,"featured_media":0,"comment_status":"open","ping_status":"open","sticky":false,"template":"","format":"standard","meta":{"footnotes":""},"categories":[29,39,41,55],"tags":[551,887],"class_list":["post-8372","post","type-post","status-publish","format-standard","hentry","category-desertizacion-y-reforestacion","category-fauna-y-flora","category-gran-canaria","category-recursos-naturales","tag-deforestacion","tag-inagua"],"yoast_head":"<!-- This site is optimized with the Yoast SEO plugin v26.3 - https:\/\/yoast.com\/wordpress\/plugins\/seo\/ -->\n<title>Incombustibles de Inagua - Colectivo Ecologista Turcon<\/title>\n<meta name=\"robots\" content=\"index, follow, max-snippet:-1, max-image-preview:large, max-video-preview:-1\" \/>\n<link rel=\"canonical\" href=\"https:\/\/turcon.es\/wp\/incombustibles-de-inagua\/\" \/>\n<meta property=\"og:locale\" content=\"es_ES\" \/>\n<meta property=\"og:type\" content=\"article\" \/>\n<meta property=\"og:title\" content=\"Incombustibles de Inagua - Colectivo Ecologista Turcon\" \/>\n<meta property=\"og:description\" content=\"Los ingenieros afirman que Inagua ha hecho en cuatro a\u00f1os lo que en otros bosques hubiera tardado 200 JUANJO JIM\u00c9NEZ.\u00a0 La Provincia.es Nunca desde que la Isla escribe historia se supo tanto de un pinar. El incendio de 2007, que arras\u00f3 m\u00e1s de 18.000 hect\u00e1reas de Gran Canaria, parad\u00f3jicamente deriv\u00f3 tras apagarse en un caidero [&hellip;]\" \/>\n<meta property=\"og:url\" content=\"https:\/\/turcon.es\/wp\/incombustibles-de-inagua\/\" \/>\n<meta property=\"og:site_name\" content=\"Colectivo Ecologista Turcon\" \/>\n<meta property=\"article:published_time\" content=\"2012-05-16T09:00:35+00:00\" \/>\n<meta property=\"og:image\" content=\"https:\/\/turcon.es\/wp\/wp-content\/uploads\/2008\/06\/nuclear.jpg\" \/>\n\t<meta property=\"og:image:width\" content=\"430\" \/>\n\t<meta property=\"og:image:height\" content=\"645\" \/>\n\t<meta property=\"og:image:type\" content=\"image\/jpeg\" \/>\n<meta name=\"author\" content=\"Laura Fernandez\" \/>\n<meta name=\"twitter:card\" content=\"summary_large_image\" \/>\n<meta name=\"twitter:label1\" content=\"Escrito por\" \/>\n\t<meta name=\"twitter:data1\" content=\"Laura Fernandez\" \/>\n\t<meta name=\"twitter:label2\" content=\"Tiempo de lectura\" \/>\n\t<meta name=\"twitter:data2\" content=\"4 minutos\" \/>\n<script type=\"application\/ld+json\" class=\"yoast-schema-graph\">{\"@context\":\"https:\/\/schema.org\",\"@graph\":[{\"@type\":\"Article\",\"@id\":\"https:\/\/turcon.es\/wp\/incombustibles-de-inagua\/#article\",\"isPartOf\":{\"@id\":\"https:\/\/turcon.es\/wp\/incombustibles-de-inagua\/\"},\"author\":{\"name\":\"Laura Fernandez\",\"@id\":\"https:\/\/turcon.es\/wp\/#\/schema\/person\/a1f3ba727ce031d9da17684affe85edd\"},\"headline\":\"Incombustibles de Inagua\",\"datePublished\":\"2012-05-16T09:00:35+00:00\",\"mainEntityOfPage\":{\"@id\":\"https:\/\/turcon.es\/wp\/incombustibles-de-inagua\/\"},\"wordCount\":705,\"commentCount\":1,\"publisher\":{\"@id\":\"https:\/\/turcon.es\/wp\/#organization\"},\"image\":{\"@id\":\"https:\/\/turcon.es\/wp\/incombustibles-de-inagua\/#primaryimage\"},\"thumbnailUrl\":\"http:\/\/turcon.es\/wp\/wp-content\/uploads\/2008\/06\/inagua3.jpg?w=300\",\"keywords\":[\"Deforestaci\u00f3n\",\"Inagua\"],\"articleSection\":[\"Desertizaci\u00f3n y reforestaci\u00f3n\",\"Fauna y flora\",\"Gran Canaria\",\"Recursos naturales\"],\"inLanguage\":\"es\",\"potentialAction\":[{\"@type\":\"CommentAction\",\"name\":\"Comment\",\"target\":[\"https:\/\/turcon.es\/wp\/incombustibles-de-inagua\/#respond\"]}]},{\"@type\":\"WebPage\",\"@id\":\"https:\/\/turcon.es\/wp\/incombustibles-de-inagua\/\",\"url\":\"https:\/\/turcon.es\/wp\/incombustibles-de-inagua\/\",\"name\":\"Incombustibles de Inagua - Colectivo Ecologista Turcon\",\"isPartOf\":{\"@id\":\"https:\/\/turcon.es\/wp\/#website\"},\"primaryImageOfPage\":{\"@id\":\"https:\/\/turcon.es\/wp\/incombustibles-de-inagua\/#primaryimage\"},\"image\":{\"@id\":\"https:\/\/turcon.es\/wp\/incombustibles-de-inagua\/#primaryimage\"},\"thumbnailUrl\":\"http:\/\/turcon.es\/wp\/wp-content\/uploads\/2008\/06\/inagua3.jpg?w=300\",\"datePublished\":\"2012-05-16T09:00:35+00:00\",\"breadcrumb\":{\"@id\":\"https:\/\/turcon.es\/wp\/incombustibles-de-inagua\/#breadcrumb\"},\"inLanguage\":\"es\",\"potentialAction\":[{\"@type\":\"ReadAction\",\"target\":[\"https:\/\/turcon.es\/wp\/incombustibles-de-inagua\/\"]}]},{\"@type\":\"ImageObject\",\"inLanguage\":\"es\",\"@id\":\"https:\/\/turcon.es\/wp\/incombustibles-de-inagua\/#primaryimage\",\"url\":\"http:\/\/turcon.es\/wp\/wp-content\/uploads\/2008\/06\/inagua3.jpg?w=300\",\"contentUrl\":\"http:\/\/turcon.es\/wp\/wp-content\/uploads\/2008\/06\/inagua3.jpg?w=300\"},{\"@type\":\"BreadcrumbList\",\"@id\":\"https:\/\/turcon.es\/wp\/incombustibles-de-inagua\/#breadcrumb\",\"itemListElement\":[{\"@type\":\"ListItem\",\"position\":1,\"name\":\"Portada\",\"item\":\"https:\/\/turcon.es\/wp\/\"},{\"@type\":\"ListItem\",\"position\":2,\"name\":\"Incombustibles de Inagua\"}]},{\"@type\":\"WebSite\",\"@id\":\"https:\/\/turcon.es\/wp\/#website\",\"url\":\"https:\/\/turcon.es\/wp\/\",\"name\":\"Colectivo Ecologista Turcon\",\"description\":\"\",\"publisher\":{\"@id\":\"https:\/\/turcon.es\/wp\/#organization\"},\"potentialAction\":[{\"@type\":\"SearchAction\",\"target\":{\"@type\":\"EntryPoint\",\"urlTemplate\":\"https:\/\/turcon.es\/wp\/?s={search_term_string}\"},\"query-input\":{\"@type\":\"PropertyValueSpecification\",\"valueRequired\":true,\"valueName\":\"search_term_string\"}}],\"inLanguage\":\"es\"},{\"@type\":\"Organization\",\"@id\":\"https:\/\/turcon.es\/wp\/#organization\",\"name\":\"Colectivo Ecologista Turcon\",\"url\":\"https:\/\/turcon.es\/wp\/\",\"logo\":{\"@type\":\"ImageObject\",\"inLanguage\":\"es\",\"@id\":\"https:\/\/turcon.es\/wp\/#\/schema\/logo\/image\/\",\"url\":\"https:\/\/turcon.es\/wp\/wp-content\/uploads\/2025\/03\/logo-verde.svg\",\"contentUrl\":\"https:\/\/turcon.es\/wp\/wp-content\/uploads\/2025\/03\/logo-verde.svg\",\"width\":813,\"height\":813,\"caption\":\"Colectivo Ecologista Turcon\"},\"image\":{\"@id\":\"https:\/\/turcon.es\/wp\/#\/schema\/logo\/image\/\"}},{\"@type\":\"Person\",\"@id\":\"https:\/\/turcon.es\/wp\/#\/schema\/person\/a1f3ba727ce031d9da17684affe85edd\",\"name\":\"Laura Fernandez\",\"image\":{\"@type\":\"ImageObject\",\"inLanguage\":\"es\",\"@id\":\"https:\/\/turcon.es\/wp\/#\/schema\/person\/image\/\",\"url\":\"https:\/\/secure.gravatar.com\/avatar\/360749af9549af22e54582d50231ae56e854210ae2368797ba242f445a9852e8?s=96&d=mm&r=g\",\"contentUrl\":\"https:\/\/secure.gravatar.com\/avatar\/360749af9549af22e54582d50231ae56e854210ae2368797ba242f445a9852e8?s=96&d=mm&r=g\",\"caption\":\"Laura Fernandez\"},\"url\":\"https:\/\/turcon.es\/wp\/author\/admturcon\/\"}]}<\/script>\n<!-- \/ Yoast SEO plugin. -->","yoast_head_json":{"title":"Incombustibles de Inagua - Colectivo Ecologista Turcon","robots":{"index":"index","follow":"follow","max-snippet":"max-snippet:-1","max-image-preview":"max-image-preview:large","max-video-preview":"max-video-preview:-1"},"canonical":"https:\/\/turcon.es\/wp\/incombustibles-de-inagua\/","og_locale":"es_ES","og_type":"article","og_title":"Incombustibles de Inagua - Colectivo Ecologista Turcon","og_description":"Los ingenieros afirman que Inagua ha hecho en cuatro a\u00f1os lo que en otros bosques hubiera tardado 200 JUANJO JIM\u00c9NEZ.\u00a0 La Provincia.es Nunca desde que la Isla escribe historia se supo tanto de un pinar. El incendio de 2007, que arras\u00f3 m\u00e1s de 18.000 hect\u00e1reas de Gran Canaria, parad\u00f3jicamente deriv\u00f3 tras apagarse en un caidero [&hellip;]","og_url":"https:\/\/turcon.es\/wp\/incombustibles-de-inagua\/","og_site_name":"Colectivo Ecologista Turcon","article_published_time":"2012-05-16T09:00:35+00:00","og_image":[{"width":430,"height":645,"url":"https:\/\/turcon.es\/wp\/wp-content\/uploads\/2008\/06\/nuclear.jpg","type":"image\/jpeg"}],"author":"Laura Fernandez","twitter_card":"summary_large_image","twitter_misc":{"Escrito por":"Laura Fernandez","Tiempo de lectura":"4 minutos"},"schema":{"@context":"https:\/\/schema.org","@graph":[{"@type":"Article","@id":"https:\/\/turcon.es\/wp\/incombustibles-de-inagua\/#article","isPartOf":{"@id":"https:\/\/turcon.es\/wp\/incombustibles-de-inagua\/"},"author":{"name":"Laura Fernandez","@id":"https:\/\/turcon.es\/wp\/#\/schema\/person\/a1f3ba727ce031d9da17684affe85edd"},"headline":"Incombustibles de Inagua","datePublished":"2012-05-16T09:00:35+00:00","mainEntityOfPage":{"@id":"https:\/\/turcon.es\/wp\/incombustibles-de-inagua\/"},"wordCount":705,"commentCount":1,"publisher":{"@id":"https:\/\/turcon.es\/wp\/#organization"},"image":{"@id":"https:\/\/turcon.es\/wp\/incombustibles-de-inagua\/#primaryimage"},"thumbnailUrl":"http:\/\/turcon.es\/wp\/wp-content\/uploads\/2008\/06\/inagua3.jpg?w=300","keywords":["Deforestaci\u00f3n","Inagua"],"articleSection":["Desertizaci\u00f3n y reforestaci\u00f3n","Fauna y flora","Gran Canaria","Recursos naturales"],"inLanguage":"es","potentialAction":[{"@type":"CommentAction","name":"Comment","target":["https:\/\/turcon.es\/wp\/incombustibles-de-inagua\/#respond"]}]},{"@type":"WebPage","@id":"https:\/\/turcon.es\/wp\/incombustibles-de-inagua\/","url":"https:\/\/turcon.es\/wp\/incombustibles-de-inagua\/","name":"Incombustibles de Inagua - Colectivo Ecologista Turcon","isPartOf":{"@id":"https:\/\/turcon.es\/wp\/#website"},"primaryImageOfPage":{"@id":"https:\/\/turcon.es\/wp\/incombustibles-de-inagua\/#primaryimage"},"image":{"@id":"https:\/\/turcon.es\/wp\/incombustibles-de-inagua\/#primaryimage"},"thumbnailUrl":"http:\/\/turcon.es\/wp\/wp-content\/uploads\/2008\/06\/inagua3.jpg?w=300","datePublished":"2012-05-16T09:00:35+00:00","breadcrumb":{"@id":"https:\/\/turcon.es\/wp\/incombustibles-de-inagua\/#breadcrumb"},"inLanguage":"es","potentialAction":[{"@type":"ReadAction","target":["https:\/\/turcon.es\/wp\/incombustibles-de-inagua\/"]}]},{"@type":"ImageObject","inLanguage":"es","@id":"https:\/\/turcon.es\/wp\/incombustibles-de-inagua\/#primaryimage","url":"http:\/\/turcon.es\/wp\/wp-content\/uploads\/2008\/06\/inagua3.jpg?w=300","contentUrl":"http:\/\/turcon.es\/wp\/wp-content\/uploads\/2008\/06\/inagua3.jpg?w=300"},{"@type":"BreadcrumbList","@id":"https:\/\/turcon.es\/wp\/incombustibles-de-inagua\/#breadcrumb","itemListElement":[{"@type":"ListItem","position":1,"name":"Portada","item":"https:\/\/turcon.es\/wp\/"},{"@type":"ListItem","position":2,"name":"Incombustibles de Inagua"}]},{"@type":"WebSite","@id":"https:\/\/turcon.es\/wp\/#website","url":"https:\/\/turcon.es\/wp\/","name":"Colectivo Ecologista Turcon","description":"","publisher":{"@id":"https:\/\/turcon.es\/wp\/#organization"},"potentialAction":[{"@type":"SearchAction","target":{"@type":"EntryPoint","urlTemplate":"https:\/\/turcon.es\/wp\/?s={search_term_string}"},"query-input":{"@type":"PropertyValueSpecification","valueRequired":true,"valueName":"search_term_string"}}],"inLanguage":"es"},{"@type":"Organization","@id":"https:\/\/turcon.es\/wp\/#organization","name":"Colectivo Ecologista Turcon","url":"https:\/\/turcon.es\/wp\/","logo":{"@type":"ImageObject","inLanguage":"es","@id":"https:\/\/turcon.es\/wp\/#\/schema\/logo\/image\/","url":"https:\/\/turcon.es\/wp\/wp-content\/uploads\/2025\/03\/logo-verde.svg","contentUrl":"https:\/\/turcon.es\/wp\/wp-content\/uploads\/2025\/03\/logo-verde.svg","width":813,"height":813,"caption":"Colectivo Ecologista Turcon"},"image":{"@id":"https:\/\/turcon.es\/wp\/#\/schema\/logo\/image\/"}},{"@type":"Person","@id":"https:\/\/turcon.es\/wp\/#\/schema\/person\/a1f3ba727ce031d9da17684affe85edd","name":"Laura Fernandez","image":{"@type":"ImageObject","inLanguage":"es","@id":"https:\/\/turcon.es\/wp\/#\/schema\/person\/image\/","url":"https:\/\/secure.gravatar.com\/avatar\/360749af9549af22e54582d50231ae56e854210ae2368797ba242f445a9852e8?s=96&d=mm&r=g","contentUrl":"https:\/\/secure.gravatar.com\/avatar\/360749af9549af22e54582d50231ae56e854210ae2368797ba242f445a9852e8?s=96&d=mm&r=g","caption":"Laura Fernandez"},"url":"https:\/\/turcon.es\/wp\/author\/admturcon\/"}]}},"_links":{"self":[{"href":"https:\/\/turcon.es\/wp\/wp-json\/wp\/v2\/posts\/8372","targetHints":{"allow":["GET"]}}],"collection":[{"href":"https:\/\/turcon.es\/wp\/wp-json\/wp\/v2\/posts"}],"about":[{"href":"https:\/\/turcon.es\/wp\/wp-json\/wp\/v2\/types\/post"}],"author":[{"embeddable":true,"href":"https:\/\/turcon.es\/wp\/wp-json\/wp\/v2\/users\/2"}],"replies":[{"embeddable":true,"href":"https:\/\/turcon.es\/wp\/wp-json\/wp\/v2\/comments?post=8372"}],"version-history":[{"count":0,"href":"https:\/\/turcon.es\/wp\/wp-json\/wp\/v2\/posts\/8372\/revisions"}],"wp:attachment":[{"href":"https:\/\/turcon.es\/wp\/wp-json\/wp\/v2\/media?parent=8372"}],"wp:term":[{"taxonomy":"category","embeddable":true,"href":"https:\/\/turcon.es\/wp\/wp-json\/wp\/v2\/categories?post=8372"},{"taxonomy":"post_tag","embeddable":true,"href":"https:\/\/turcon.es\/wp\/wp-json\/wp\/v2\/tags?post=8372"}],"curies":[{"name":"wp","href":"https:\/\/api.w.org\/{rel}","templated":true}]}}