{"id":8415,"date":"2012-05-23T18:00:33","date_gmt":"2012-05-23T18:00:33","guid":{"rendered":"http:\/\/turcon.wordpress.com\/?p=8415"},"modified":"2012-05-23T18:00:33","modified_gmt":"2012-05-23T18:00:33","slug":"ben-magec-celebra-su-consejo-federal-en-fuerteventura-y-apuesta-por-la-coordinacion-de-movimientos-ciudadanos-contra-las-prospecciones-de-repsol","status":"publish","type":"post","link":"https:\/\/turcon.es\/wp\/ben-magec-celebra-su-consejo-federal-en-fuerteventura-y-apuesta-por-la-coordinacion-de-movimientos-ciudadanos-contra-las-prospecciones-de-repsol\/","title":{"rendered":"BEN MAGEC CELEBRA SU CONSEJO FEDERAL EN FUERTEVENTURA Y APUESTA POR LA COORDINACI\u00d3N DE MOVIMIENTOS CIUDADANOS CONTRA LAS PROSPECCIONES DE REPSOL"},"content":{"rendered":"<p style=\"text-align:justify;\"><strong><a href=\"http:\/\/turcon.es\/wp\/wp-content\/uploads\/2010\/05\/logobenmagec1.gif\"><img decoding=\"async\" class=\"aligncenter size-full wp-image-4294\" title=\"logobenmagec\" src=\"http:\/\/turcon.es\/wp\/wp-content\/uploads\/2010\/05\/logobenmagec1.gif\" alt=\"\" width=\"185\" height=\"85\" \/><\/a><\/strong>La Federaci\u00f3n Ben Magec-Ecologistas en Acci\u00f3n, ha celebrado su Consejo Federal en la isla de Fuerteventura los d\u00edas 11, 12 y 13 de Mayo con la participaci\u00f3n de los colectivos federados de todo el archipi\u00e9lago y de los movimientos ciudadanos de\u00a0 Fuerteventura y Lanzarote, comprometidos con la lucha contra del Real Decreto del Gobierno del PP que da luz verde a las prospecciones petrol\u00edferas en aguas cercanas a Canarias.<\/p>\n\n<p style=\"text-align:justify;\">Los aspectos m\u00e1s destacados de dicho encuentro son:<\/p>\n<p style=\"text-align:justify;\">1-\u00a0\u00a0\u00a0\u00a0 Se han sentado las bases para profundizar en la coordinaci\u00f3n con el movimiento de esas dos islas y de Canarias en general.<\/p>\n<p style=\"text-align:justify;\">2-\u00a0\u00a0\u00a0\u00a0 El recurso presentado por Ben Magec ante el Tribunal Supremo ha sido admitido a tr\u00e1mite y puesto a disposici\u00f3n de los movimientos ciudadanos.<\/p>\n<p style=\"text-align:justify;\">3-\u00a0\u00a0\u00a0\u00a0 Por otro lado, la Federaci\u00f3n se suma a la queja ante la Uni\u00f3n Europea presentada (tambi\u00e9n admitida a tr\u00e1mite) por las instituciones de las dos islas orientales, y promovida desde el movimiento ciudadano.<\/p>\n<p style=\"text-align:justify;\">4-\u00a0\u00a0\u00a0\u00a0 Ben Magec apoyar\u00e1 las diferentes iniciativas en contra de las prospecciones petrol\u00edferas y de la implantaci\u00f3n del gas natural. En la medida de sus posibilidades y valorando la oportunidad de cada acci\u00f3n, se implicar\u00e1 en las acciones y movilizaciones en el archipi\u00e9lago. Como iniciativas propias continuar\u00e1n con las charlas y actos informativos, a la vez que prepara junto con los movimientos ciudadanos de Lanzarote y Fuerteventura una acci\u00f3n en todo el archipi\u00e9lago.<!--more--><\/p>\n<p style=\"text-align:justify;\">5-\u00a0\u00a0\u00a0\u00a0 Siguiendo el sentir de muchas personas y colectivos, considera que la lucha contra el petr\u00f3leo debe estar vinculada al compromiso por un nuevo modelo energ\u00e9tico basado en las energ\u00edas renovables, limpias, menos generadoras de dependencia y vinculadas a una gesti\u00f3n m\u00e1s democr\u00e1tica y descentralizada, sin olvidar una clara apuesta por el ahorro y la eficiencia energ\u00e9tica.<\/p>\n<p style=\"text-align:justify;\">6-\u00a0\u00a0\u00a0\u00a0 En este sentido, Ben Magec pide coherencia a las administraciones y representantes pol\u00edticos que hablan de sostenibilidad y de energ\u00edas alternativas mientras apuestan por continuar con un modelo desarrollista y agresor del territorio y de la riqueza natural de las islas y que ha llevado a esta penosa situaci\u00f3n actual de crisis, paro y marginaci\u00f3n.<\/p>\n<p style=\"text-align:justify;\">7-\u00a0\u00a0\u00a0\u00a0 Ben Magec denunciar\u00e1 y se movilizar\u00e1 contra los planes del PP de eliminar numerosos instrumentos legales de protecci\u00f3n del territorio, como Ley de Costas o de suprimir las ayudas en materia de energ\u00edas renovables. Al mismo tiempo denuncia los intentos del gobierno canario de levantar la veda de nuevas operaciones urban\u00edsticas en el poco suelo que a\u00fan queda virgen en las islas y en importantes reservas de suelo r\u00fastico. En este sentido, Ben Magec present\u00f3 un recurso contra la Ley de Armonizaci\u00f3n del gobierno canario y continuar\u00e1 con la lucha contra proyectos agresivos contra el territorio que perjudican a las ya diezmadas arcas p\u00fablicas, como Tindaya o Granadilla.<\/p>\n<p style=\"text-align:justify;\">8-\u00a0\u00a0\u00a0\u00a0 Ben Magec apoya en este contexto de crisis el protagonismo de la ciudadan\u00eda en el debate sobre un nuevo modelo de desarrollo, basado en la sostenibilidad, en los valores democr\u00e1ticos y en la solidaridad. Denuncia actitudes irresponsables de buena parte de los pol\u00edticos canarios, en el uso de privilegios econ\u00f3micos en un contexto de grave crisis. Un ejemplo es el de la reciente ayuda con m\u00e1s de 50.000 \u20ac de dinero p\u00fablico al consejero Domingo Berriel, qui\u00e9n adem\u00e1s\u00a0 se ha caracterizado por grandes calamidades a las arcas p\u00fablicas canarias (como en el caso Tindaya) y por la toma de decisiones con elevados costes para nuestro territorio y biodiversidad. La Federaci\u00f3n considera que a estas alturas la dimisi\u00f3n de Domingo Berriel debe ser un ejercicio de limpieza y dignidad para reorientar nuestro futuro y para dotar de credibilidad a un amplio movimiento ciudadano en contra del petr\u00f3leo y a favor de las energ\u00edas renovables.<\/p>\n<p style=\"text-align:justify;\">9-\u00a0\u00a0\u00a0\u00a0 Ben Magec se solidariza y continua apoyando a la poblaci\u00f3n de Fuerteventura y en particular de P\u00e1jara, en su lucha por recuperar una importante y rica parte del territorio insular convertida en Campo de Tiro y maniobras militares. Denuncia un nuevo decreto del Gobierno estatal en la t\u00f3nica autoritaria de los \u00faltimos meses, encaminado a perpetuar el secuestro de este territorio.<\/p>\n","protected":false},"excerpt":{"rendered":"<p>La Federaci\u00f3n Ben Magec-Ecologistas en Acci\u00f3n, ha celebrado su Consejo Federal en la isla de Fuerteventura los d\u00edas 11, 12 y 13 de Mayo con la participaci\u00f3n de los colectivos federados de todo el archipi\u00e9lago y de los movimientos ciudadanos de\u00a0 Fuerteventura y Lanzarote, comprometidos con la lucha contra del Real Decreto del Gobierno del [&hellip;]<\/p>\n","protected":false},"author":2,"featured_media":0,"comment_status":"open","ping_status":"open","sticky":false,"template":"","format":"standard","meta":{"footnotes":""},"categories":[18,22,28,69],"tags":[465,797,1162],"class_list":["post-8415","post","type-post","status-publish","format-standard","hentry","category-canarias","category-concienciacion","category-cursos-congresos-y-encuentros","category-movimiento-ciudadano","tag-consejo-federal","tag-fuerteventura","tag-movimientos-sociales"],"yoast_head":"<!-- This site is optimized with the Yoast SEO plugin v26.3 - https:\/\/yoast.com\/wordpress\/plugins\/seo\/ -->\n<title>BEN MAGEC CELEBRA SU CONSEJO FEDERAL EN FUERTEVENTURA Y APUESTA POR LA COORDINACI\u00d3N DE MOVIMIENTOS CIUDADANOS CONTRA LAS PROSPECCIONES DE REPSOL - Colectivo Ecologista Turcon<\/title>\n<meta name=\"robots\" content=\"index, follow, max-snippet:-1, max-image-preview:large, max-video-preview:-1\" \/>\n<link rel=\"canonical\" href=\"https:\/\/turcon.es\/wp\/ben-magec-celebra-su-consejo-federal-en-fuerteventura-y-apuesta-por-la-coordinacion-de-movimientos-ciudadanos-contra-las-prospecciones-de-repsol\/\" \/>\n<meta property=\"og:locale\" content=\"es_ES\" \/>\n<meta property=\"og:type\" content=\"article\" \/>\n<meta property=\"og:title\" content=\"BEN MAGEC CELEBRA SU CONSEJO FEDERAL EN FUERTEVENTURA Y APUESTA POR LA COORDINACI\u00d3N DE MOVIMIENTOS CIUDADANOS CONTRA LAS PROSPECCIONES DE REPSOL - Colectivo Ecologista Turcon\" \/>\n<meta property=\"og:description\" content=\"La Federaci\u00f3n Ben Magec-Ecologistas en Acci\u00f3n, ha celebrado su Consejo Federal en la isla de Fuerteventura los d\u00edas 11, 12 y 13 de Mayo con la participaci\u00f3n de los colectivos federados de todo el archipi\u00e9lago y de los movimientos ciudadanos de\u00a0 Fuerteventura y Lanzarote, comprometidos con la lucha contra del Real Decreto del Gobierno del [&hellip;]\" \/>\n<meta property=\"og:url\" content=\"https:\/\/turcon.es\/wp\/ben-magec-celebra-su-consejo-federal-en-fuerteventura-y-apuesta-por-la-coordinacion-de-movimientos-ciudadanos-contra-las-prospecciones-de-repsol\/\" \/>\n<meta property=\"og:site_name\" content=\"Colectivo Ecologista Turcon\" \/>\n<meta property=\"article:published_time\" content=\"2012-05-23T18:00:33+00:00\" \/>\n<meta property=\"og:image\" content=\"https:\/\/turcon.es\/wp\/wp-content\/uploads\/2010\/05\/logobenmagec1-1.gif\" \/>\n\t<meta property=\"og:image:width\" content=\"185\" \/>\n\t<meta property=\"og:image:height\" content=\"85\" \/>\n\t<meta property=\"og:image:type\" content=\"image\/gif\" \/>\n<meta name=\"author\" content=\"Laura Fernandez\" \/>\n<meta name=\"twitter:card\" content=\"summary_large_image\" \/>\n<meta name=\"twitter:label1\" content=\"Escrito por\" \/>\n\t<meta name=\"twitter:data1\" content=\"Laura Fernandez\" \/>\n\t<meta name=\"twitter:label2\" content=\"Tiempo de lectura\" \/>\n\t<meta name=\"twitter:data2\" content=\"4 minutos\" \/>\n<script type=\"application\/ld+json\" class=\"yoast-schema-graph\">{\"@context\":\"https:\/\/schema.org\",\"@graph\":[{\"@type\":\"Article\",\"@id\":\"https:\/\/turcon.es\/wp\/ben-magec-celebra-su-consejo-federal-en-fuerteventura-y-apuesta-por-la-coordinacion-de-movimientos-ciudadanos-contra-las-prospecciones-de-repsol\/#article\",\"isPartOf\":{\"@id\":\"https:\/\/turcon.es\/wp\/ben-magec-celebra-su-consejo-federal-en-fuerteventura-y-apuesta-por-la-coordinacion-de-movimientos-ciudadanos-contra-las-prospecciones-de-repsol\/\"},\"author\":{\"name\":\"Laura Fernandez\",\"@id\":\"https:\/\/turcon.es\/wp\/#\/schema\/person\/a1f3ba727ce031d9da17684affe85edd\"},\"headline\":\"BEN MAGEC CELEBRA SU CONSEJO FEDERAL EN FUERTEVENTURA Y APUESTA POR LA COORDINACI\u00d3N DE MOVIMIENTOS CIUDADANOS CONTRA LAS PROSPECCIONES DE REPSOL\",\"datePublished\":\"2012-05-23T18:00:33+00:00\",\"mainEntityOfPage\":{\"@id\":\"https:\/\/turcon.es\/wp\/ben-magec-celebra-su-consejo-federal-en-fuerteventura-y-apuesta-por-la-coordinacion-de-movimientos-ciudadanos-contra-las-prospecciones-de-repsol\/\"},\"wordCount\":749,\"commentCount\":0,\"publisher\":{\"@id\":\"https:\/\/turcon.es\/wp\/#organization\"},\"image\":{\"@id\":\"https:\/\/turcon.es\/wp\/ben-magec-celebra-su-consejo-federal-en-fuerteventura-y-apuesta-por-la-coordinacion-de-movimientos-ciudadanos-contra-las-prospecciones-de-repsol\/#primaryimage\"},\"thumbnailUrl\":\"http:\/\/turcon.es\/wp\/wp-content\/uploads\/2010\/05\/logobenmagec1.gif\",\"keywords\":[\"Consejo Federal\",\"Fuerteventura\",\"Movimientos sociales\"],\"articleSection\":[\"Canarias\",\"Concienciaci\u00f3n\",\"Cursos, congresos y encuentros\",\"Movimiento ciudadano\"],\"inLanguage\":\"es\",\"potentialAction\":[{\"@type\":\"CommentAction\",\"name\":\"Comment\",\"target\":[\"https:\/\/turcon.es\/wp\/ben-magec-celebra-su-consejo-federal-en-fuerteventura-y-apuesta-por-la-coordinacion-de-movimientos-ciudadanos-contra-las-prospecciones-de-repsol\/#respond\"]}]},{\"@type\":\"WebPage\",\"@id\":\"https:\/\/turcon.es\/wp\/ben-magec-celebra-su-consejo-federal-en-fuerteventura-y-apuesta-por-la-coordinacion-de-movimientos-ciudadanos-contra-las-prospecciones-de-repsol\/\",\"url\":\"https:\/\/turcon.es\/wp\/ben-magec-celebra-su-consejo-federal-en-fuerteventura-y-apuesta-por-la-coordinacion-de-movimientos-ciudadanos-contra-las-prospecciones-de-repsol\/\",\"name\":\"BEN MAGEC CELEBRA SU CONSEJO FEDERAL EN FUERTEVENTURA Y APUESTA POR LA COORDINACI\u00d3N DE MOVIMIENTOS CIUDADANOS CONTRA LAS PROSPECCIONES DE REPSOL - Colectivo Ecologista Turcon\",\"isPartOf\":{\"@id\":\"https:\/\/turcon.es\/wp\/#website\"},\"primaryImageOfPage\":{\"@id\":\"https:\/\/turcon.es\/wp\/ben-magec-celebra-su-consejo-federal-en-fuerteventura-y-apuesta-por-la-coordinacion-de-movimientos-ciudadanos-contra-las-prospecciones-de-repsol\/#primaryimage\"},\"image\":{\"@id\":\"https:\/\/turcon.es\/wp\/ben-magec-celebra-su-consejo-federal-en-fuerteventura-y-apuesta-por-la-coordinacion-de-movimientos-ciudadanos-contra-las-prospecciones-de-repsol\/#primaryimage\"},\"thumbnailUrl\":\"http:\/\/turcon.es\/wp\/wp-content\/uploads\/2010\/05\/logobenmagec1.gif\",\"datePublished\":\"2012-05-23T18:00:33+00:00\",\"breadcrumb\":{\"@id\":\"https:\/\/turcon.es\/wp\/ben-magec-celebra-su-consejo-federal-en-fuerteventura-y-apuesta-por-la-coordinacion-de-movimientos-ciudadanos-contra-las-prospecciones-de-repsol\/#breadcrumb\"},\"inLanguage\":\"es\",\"potentialAction\":[{\"@type\":\"ReadAction\",\"target\":[\"https:\/\/turcon.es\/wp\/ben-magec-celebra-su-consejo-federal-en-fuerteventura-y-apuesta-por-la-coordinacion-de-movimientos-ciudadanos-contra-las-prospecciones-de-repsol\/\"]}]},{\"@type\":\"ImageObject\",\"inLanguage\":\"es\",\"@id\":\"https:\/\/turcon.es\/wp\/ben-magec-celebra-su-consejo-federal-en-fuerteventura-y-apuesta-por-la-coordinacion-de-movimientos-ciudadanos-contra-las-prospecciones-de-repsol\/#primaryimage\",\"url\":\"http:\/\/turcon.es\/wp\/wp-content\/uploads\/2010\/05\/logobenmagec1.gif\",\"contentUrl\":\"http:\/\/turcon.es\/wp\/wp-content\/uploads\/2010\/05\/logobenmagec1.gif\"},{\"@type\":\"BreadcrumbList\",\"@id\":\"https:\/\/turcon.es\/wp\/ben-magec-celebra-su-consejo-federal-en-fuerteventura-y-apuesta-por-la-coordinacion-de-movimientos-ciudadanos-contra-las-prospecciones-de-repsol\/#breadcrumb\",\"itemListElement\":[{\"@type\":\"ListItem\",\"position\":1,\"name\":\"Portada\",\"item\":\"https:\/\/turcon.es\/wp\/\"},{\"@type\":\"ListItem\",\"position\":2,\"name\":\"BEN MAGEC CELEBRA SU CONSEJO FEDERAL EN FUERTEVENTURA Y APUESTA POR LA COORDINACI\u00d3N DE MOVIMIENTOS CIUDADANOS CONTRA LAS PROSPECCIONES DE REPSOL\"}]},{\"@type\":\"WebSite\",\"@id\":\"https:\/\/turcon.es\/wp\/#website\",\"url\":\"https:\/\/turcon.es\/wp\/\",\"name\":\"Colectivo Ecologista Turcon\",\"description\":\"\",\"publisher\":{\"@id\":\"https:\/\/turcon.es\/wp\/#organization\"},\"potentialAction\":[{\"@type\":\"SearchAction\",\"target\":{\"@type\":\"EntryPoint\",\"urlTemplate\":\"https:\/\/turcon.es\/wp\/?s={search_term_string}\"},\"query-input\":{\"@type\":\"PropertyValueSpecification\",\"valueRequired\":true,\"valueName\":\"search_term_string\"}}],\"inLanguage\":\"es\"},{\"@type\":\"Organization\",\"@id\":\"https:\/\/turcon.es\/wp\/#organization\",\"name\":\"Colectivo Ecologista Turcon\",\"url\":\"https:\/\/turcon.es\/wp\/\",\"logo\":{\"@type\":\"ImageObject\",\"inLanguage\":\"es\",\"@id\":\"https:\/\/turcon.es\/wp\/#\/schema\/logo\/image\/\",\"url\":\"https:\/\/turcon.es\/wp\/wp-content\/uploads\/2025\/03\/logo-verde.svg\",\"contentUrl\":\"https:\/\/turcon.es\/wp\/wp-content\/uploads\/2025\/03\/logo-verde.svg\",\"width\":813,\"height\":813,\"caption\":\"Colectivo Ecologista Turcon\"},\"image\":{\"@id\":\"https:\/\/turcon.es\/wp\/#\/schema\/logo\/image\/\"}},{\"@type\":\"Person\",\"@id\":\"https:\/\/turcon.es\/wp\/#\/schema\/person\/a1f3ba727ce031d9da17684affe85edd\",\"name\":\"Laura Fernandez\",\"image\":{\"@type\":\"ImageObject\",\"inLanguage\":\"es\",\"@id\":\"https:\/\/turcon.es\/wp\/#\/schema\/person\/image\/\",\"url\":\"https:\/\/secure.gravatar.com\/avatar\/360749af9549af22e54582d50231ae56e854210ae2368797ba242f445a9852e8?s=96&d=mm&r=g\",\"contentUrl\":\"https:\/\/secure.gravatar.com\/avatar\/360749af9549af22e54582d50231ae56e854210ae2368797ba242f445a9852e8?s=96&d=mm&r=g\",\"caption\":\"Laura Fernandez\"},\"url\":\"https:\/\/turcon.es\/wp\/author\/admturcon\/\"}]}<\/script>\n<!-- \/ Yoast SEO plugin. -->","yoast_head_json":{"title":"BEN MAGEC CELEBRA SU CONSEJO FEDERAL EN FUERTEVENTURA Y APUESTA POR LA COORDINACI\u00d3N DE MOVIMIENTOS CIUDADANOS CONTRA LAS PROSPECCIONES DE REPSOL - Colectivo Ecologista Turcon","robots":{"index":"index","follow":"follow","max-snippet":"max-snippet:-1","max-image-preview":"max-image-preview:large","max-video-preview":"max-video-preview:-1"},"canonical":"https:\/\/turcon.es\/wp\/ben-magec-celebra-su-consejo-federal-en-fuerteventura-y-apuesta-por-la-coordinacion-de-movimientos-ciudadanos-contra-las-prospecciones-de-repsol\/","og_locale":"es_ES","og_type":"article","og_title":"BEN MAGEC CELEBRA SU CONSEJO FEDERAL EN FUERTEVENTURA Y APUESTA POR LA COORDINACI\u00d3N DE MOVIMIENTOS CIUDADANOS CONTRA LAS PROSPECCIONES DE REPSOL - Colectivo Ecologista Turcon","og_description":"La Federaci\u00f3n Ben Magec-Ecologistas en Acci\u00f3n, ha celebrado su Consejo Federal en la isla de Fuerteventura los d\u00edas 11, 12 y 13 de Mayo con la participaci\u00f3n de los colectivos federados de todo el archipi\u00e9lago y de los movimientos ciudadanos de\u00a0 Fuerteventura y Lanzarote, comprometidos con la lucha contra del Real Decreto del Gobierno del [&hellip;]","og_url":"https:\/\/turcon.es\/wp\/ben-magec-celebra-su-consejo-federal-en-fuerteventura-y-apuesta-por-la-coordinacion-de-movimientos-ciudadanos-contra-las-prospecciones-de-repsol\/","og_site_name":"Colectivo Ecologista Turcon","article_published_time":"2012-05-23T18:00:33+00:00","og_image":[{"width":185,"height":85,"url":"https:\/\/turcon.es\/wp\/wp-content\/uploads\/2010\/05\/logobenmagec1-1.gif","type":"image\/gif"}],"author":"Laura Fernandez","twitter_card":"summary_large_image","twitter_misc":{"Escrito por":"Laura Fernandez","Tiempo de lectura":"4 minutos"},"schema":{"@context":"https:\/\/schema.org","@graph":[{"@type":"Article","@id":"https:\/\/turcon.es\/wp\/ben-magec-celebra-su-consejo-federal-en-fuerteventura-y-apuesta-por-la-coordinacion-de-movimientos-ciudadanos-contra-las-prospecciones-de-repsol\/#article","isPartOf":{"@id":"https:\/\/turcon.es\/wp\/ben-magec-celebra-su-consejo-federal-en-fuerteventura-y-apuesta-por-la-coordinacion-de-movimientos-ciudadanos-contra-las-prospecciones-de-repsol\/"},"author":{"name":"Laura Fernandez","@id":"https:\/\/turcon.es\/wp\/#\/schema\/person\/a1f3ba727ce031d9da17684affe85edd"},"headline":"BEN MAGEC CELEBRA SU CONSEJO FEDERAL EN FUERTEVENTURA Y APUESTA POR LA COORDINACI\u00d3N DE MOVIMIENTOS CIUDADANOS CONTRA LAS PROSPECCIONES DE REPSOL","datePublished":"2012-05-23T18:00:33+00:00","mainEntityOfPage":{"@id":"https:\/\/turcon.es\/wp\/ben-magec-celebra-su-consejo-federal-en-fuerteventura-y-apuesta-por-la-coordinacion-de-movimientos-ciudadanos-contra-las-prospecciones-de-repsol\/"},"wordCount":749,"commentCount":0,"publisher":{"@id":"https:\/\/turcon.es\/wp\/#organization"},"image":{"@id":"https:\/\/turcon.es\/wp\/ben-magec-celebra-su-consejo-federal-en-fuerteventura-y-apuesta-por-la-coordinacion-de-movimientos-ciudadanos-contra-las-prospecciones-de-repsol\/#primaryimage"},"thumbnailUrl":"http:\/\/turcon.es\/wp\/wp-content\/uploads\/2010\/05\/logobenmagec1.gif","keywords":["Consejo Federal","Fuerteventura","Movimientos sociales"],"articleSection":["Canarias","Concienciaci\u00f3n","Cursos, congresos y encuentros","Movimiento ciudadano"],"inLanguage":"es","potentialAction":[{"@type":"CommentAction","name":"Comment","target":["https:\/\/turcon.es\/wp\/ben-magec-celebra-su-consejo-federal-en-fuerteventura-y-apuesta-por-la-coordinacion-de-movimientos-ciudadanos-contra-las-prospecciones-de-repsol\/#respond"]}]},{"@type":"WebPage","@id":"https:\/\/turcon.es\/wp\/ben-magec-celebra-su-consejo-federal-en-fuerteventura-y-apuesta-por-la-coordinacion-de-movimientos-ciudadanos-contra-las-prospecciones-de-repsol\/","url":"https:\/\/turcon.es\/wp\/ben-magec-celebra-su-consejo-federal-en-fuerteventura-y-apuesta-por-la-coordinacion-de-movimientos-ciudadanos-contra-las-prospecciones-de-repsol\/","name":"BEN MAGEC CELEBRA SU CONSEJO FEDERAL EN FUERTEVENTURA Y APUESTA POR LA COORDINACI\u00d3N DE MOVIMIENTOS CIUDADANOS CONTRA LAS PROSPECCIONES DE REPSOL - Colectivo Ecologista Turcon","isPartOf":{"@id":"https:\/\/turcon.es\/wp\/#website"},"primaryImageOfPage":{"@id":"https:\/\/turcon.es\/wp\/ben-magec-celebra-su-consejo-federal-en-fuerteventura-y-apuesta-por-la-coordinacion-de-movimientos-ciudadanos-contra-las-prospecciones-de-repsol\/#primaryimage"},"image":{"@id":"https:\/\/turcon.es\/wp\/ben-magec-celebra-su-consejo-federal-en-fuerteventura-y-apuesta-por-la-coordinacion-de-movimientos-ciudadanos-contra-las-prospecciones-de-repsol\/#primaryimage"},"thumbnailUrl":"http:\/\/turcon.es\/wp\/wp-content\/uploads\/2010\/05\/logobenmagec1.gif","datePublished":"2012-05-23T18:00:33+00:00","breadcrumb":{"@id":"https:\/\/turcon.es\/wp\/ben-magec-celebra-su-consejo-federal-en-fuerteventura-y-apuesta-por-la-coordinacion-de-movimientos-ciudadanos-contra-las-prospecciones-de-repsol\/#breadcrumb"},"inLanguage":"es","potentialAction":[{"@type":"ReadAction","target":["https:\/\/turcon.es\/wp\/ben-magec-celebra-su-consejo-federal-en-fuerteventura-y-apuesta-por-la-coordinacion-de-movimientos-ciudadanos-contra-las-prospecciones-de-repsol\/"]}]},{"@type":"ImageObject","inLanguage":"es","@id":"https:\/\/turcon.es\/wp\/ben-magec-celebra-su-consejo-federal-en-fuerteventura-y-apuesta-por-la-coordinacion-de-movimientos-ciudadanos-contra-las-prospecciones-de-repsol\/#primaryimage","url":"http:\/\/turcon.es\/wp\/wp-content\/uploads\/2010\/05\/logobenmagec1.gif","contentUrl":"http:\/\/turcon.es\/wp\/wp-content\/uploads\/2010\/05\/logobenmagec1.gif"},{"@type":"BreadcrumbList","@id":"https:\/\/turcon.es\/wp\/ben-magec-celebra-su-consejo-federal-en-fuerteventura-y-apuesta-por-la-coordinacion-de-movimientos-ciudadanos-contra-las-prospecciones-de-repsol\/#breadcrumb","itemListElement":[{"@type":"ListItem","position":1,"name":"Portada","item":"https:\/\/turcon.es\/wp\/"},{"@type":"ListItem","position":2,"name":"BEN MAGEC CELEBRA SU CONSEJO FEDERAL EN FUERTEVENTURA Y APUESTA POR LA COORDINACI\u00d3N DE MOVIMIENTOS CIUDADANOS CONTRA LAS PROSPECCIONES DE REPSOL"}]},{"@type":"WebSite","@id":"https:\/\/turcon.es\/wp\/#website","url":"https:\/\/turcon.es\/wp\/","name":"Colectivo Ecologista Turcon","description":"","publisher":{"@id":"https:\/\/turcon.es\/wp\/#organization"},"potentialAction":[{"@type":"SearchAction","target":{"@type":"EntryPoint","urlTemplate":"https:\/\/turcon.es\/wp\/?s={search_term_string}"},"query-input":{"@type":"PropertyValueSpecification","valueRequired":true,"valueName":"search_term_string"}}],"inLanguage":"es"},{"@type":"Organization","@id":"https:\/\/turcon.es\/wp\/#organization","name":"Colectivo Ecologista Turcon","url":"https:\/\/turcon.es\/wp\/","logo":{"@type":"ImageObject","inLanguage":"es","@id":"https:\/\/turcon.es\/wp\/#\/schema\/logo\/image\/","url":"https:\/\/turcon.es\/wp\/wp-content\/uploads\/2025\/03\/logo-verde.svg","contentUrl":"https:\/\/turcon.es\/wp\/wp-content\/uploads\/2025\/03\/logo-verde.svg","width":813,"height":813,"caption":"Colectivo Ecologista Turcon"},"image":{"@id":"https:\/\/turcon.es\/wp\/#\/schema\/logo\/image\/"}},{"@type":"Person","@id":"https:\/\/turcon.es\/wp\/#\/schema\/person\/a1f3ba727ce031d9da17684affe85edd","name":"Laura Fernandez","image":{"@type":"ImageObject","inLanguage":"es","@id":"https:\/\/turcon.es\/wp\/#\/schema\/person\/image\/","url":"https:\/\/secure.gravatar.com\/avatar\/360749af9549af22e54582d50231ae56e854210ae2368797ba242f445a9852e8?s=96&d=mm&r=g","contentUrl":"https:\/\/secure.gravatar.com\/avatar\/360749af9549af22e54582d50231ae56e854210ae2368797ba242f445a9852e8?s=96&d=mm&r=g","caption":"Laura Fernandez"},"url":"https:\/\/turcon.es\/wp\/author\/admturcon\/"}]}},"_links":{"self":[{"href":"https:\/\/turcon.es\/wp\/wp-json\/wp\/v2\/posts\/8415","targetHints":{"allow":["GET"]}}],"collection":[{"href":"https:\/\/turcon.es\/wp\/wp-json\/wp\/v2\/posts"}],"about":[{"href":"https:\/\/turcon.es\/wp\/wp-json\/wp\/v2\/types\/post"}],"author":[{"embeddable":true,"href":"https:\/\/turcon.es\/wp\/wp-json\/wp\/v2\/users\/2"}],"replies":[{"embeddable":true,"href":"https:\/\/turcon.es\/wp\/wp-json\/wp\/v2\/comments?post=8415"}],"version-history":[{"count":0,"href":"https:\/\/turcon.es\/wp\/wp-json\/wp\/v2\/posts\/8415\/revisions"}],"wp:attachment":[{"href":"https:\/\/turcon.es\/wp\/wp-json\/wp\/v2\/media?parent=8415"}],"wp:term":[{"taxonomy":"category","embeddable":true,"href":"https:\/\/turcon.es\/wp\/wp-json\/wp\/v2\/categories?post=8415"},{"taxonomy":"post_tag","embeddable":true,"href":"https:\/\/turcon.es\/wp\/wp-json\/wp\/v2\/tags?post=8415"}],"curies":[{"name":"wp","href":"https:\/\/api.w.org\/{rel}","templated":true}]}}