{"id":8526,"date":"2012-06-15T09:00:21","date_gmt":"2012-06-15T09:00:21","guid":{"rendered":"http:\/\/turcon.wordpress.com\/?p=8526"},"modified":"2012-06-15T09:00:21","modified_gmt":"2012-06-15T09:00:21","slug":"arboles-a-cambio-de-aves-luces-y-sombras-del-proyecto-de-reintroduccion-de-la-paloma-rabiche-en-gran-canaria","status":"publish","type":"post","link":"https:\/\/turcon.es\/wp\/arboles-a-cambio-de-aves-luces-y-sombras-del-proyecto-de-reintroduccion-de-la-paloma-rabiche-en-gran-canaria\/","title":{"rendered":"\u00bf\u00c1RBOLES A CAMBIO DE AVES? LUCES Y SOMBRAS DEL PROYECTO DE REINTRODUCCI\u00d3N DE LA PALOMA RABICHE EN GRAN CANARIA."},"content":{"rendered":"<div style=\"text-align:justify;\" align=\"center\">Fuente:\u00a0 <a href=\"http:\/\/ornitologiadegrancanaria.blogspot.com.es\">http:\/\/ornitologiadegrancanaria.blogspot.com.es<\/a><\/div>\n<div style=\"text-align:justify;\" align=\"center\"><\/div>\n<div style=\"text-align:justify;\"><a href=\"http:\/\/turcon.es\/wp\/wp-content\/uploads\/2012\/06\/columba-junoniae11.jpg\"><img decoding=\"async\" class=\"alignleft  wp-image-8527\" title=\"columba junoniae11\" src=\"http:\/\/turcon.es\/wp\/wp-content\/uploads\/2012\/06\/columba-junoniae11.jpg\" alt=\"\" width=\"177\" height=\"167\" \/><\/a>Desde hace un tiempo a esta parte se nos ofrece informaci\u00f3n sobre un proyecto impulsado por algunas instituciones p\u00fablicas para la reintroducci\u00f3n de la Paloma Rabiche en Gran Canaria, con la promesa de que una especie antiguamente extinguida en esta isla (Incluso se aventuran a decir en qu\u00e9 \u00e9poca se extingui\u00f3) volver\u00e1 a surcar los cielos de esta isla.<\/div>\n<div style=\"text-align:justify;\"><\/div>\n<div style=\"text-align:justify;\">\u00a0La realidad parece ser otra, ya que realmente no existen evidencias claras de que esta especie haya habitado alguna vez en Gran Canaria. El hecho de que en la antig\u00fcedad existiera un H\u00e1bitat propicio para la Paloma Rabiche no quiere decir que existiera en dicha isla. Es sabido por ejemplo que el Pinz\u00f3n Azul no existe en La Palma aunque haya sitios id\u00f3neos para la especie. Lo mismo se podr\u00eda decir del Pico Picapinos y de otro tipo de aves.<\/div>\n<div style=\"text-align:justify;\"><\/div>\n<div style=\"text-align:justify;\">Lo m\u00e1s preocupante es como se est\u00e1 realizando este proyecto, rodeado de secretismo y llevado a cabo por un c\u00edrculo de personas y entidades elegidas a dedo. Esta \u201cdedocracia\u201d est\u00e1 creando algunos casos lamentables, como pueden ser las falsas promesas de mantenernos informados o de invitaciones prometidas que nunca llegaron para presenciar la liberaci\u00f3n de los dos primeros ejemplares de palomas.<\/div>\n<div style=\"text-align:justify;\"><\/div>\n<div style=\"text-align:justify;\">Tampoco se entiende c\u00f3mo se veta la participaci\u00f3n de una entidad que se presta a realizar de manera totalmente altruista el seguimiento mediante dispositivo de radiotracking de los dos primeros ejemplares liberados. Finalmente fueron liberados sin ning\u00fan tipo de dispositivo de seguimiento al parecer para no estresar a estas aves, cosa curiosa, ya que m\u00e1s estresante parece ser la sesi\u00f3n fotogr\u00e1fica con las palomas retenidas en las manos antes de su liberaci\u00f3n.<\/div>\n<div style=\"text-align:justify;\">Quiz\u00e1s la raz\u00f3n real para que se haya producido este veto es para que no se sepa realmente cual es el futuro de los ejemplares liberados en un H\u00e1bitat degradado, con presencia de depredadores en mayor n\u00famero, ya sean de origen natural (Gavilanes y halcones en plena \u00e9poca de cr\u00eda), o introducidas (Gatos asilvestrados, ratas, etc.), veneno, etc.<\/div>\n<div style=\"text-align:justify;\"><!--more--><\/div>\n<div style=\"text-align:justify;\">Por otro lado, hay otros asuntos pol\u00e9micos, como los intentos de cr\u00eda de esta especie en jardines de domicilios particulares o que el proyecto cuente con autorizaci\u00f3n para expoliar cada a\u00f1o 12 ejemplares de otras islas y traerlos a Gran Canaria, aspectos preocupantes si tenemos en cuenta la muerte que ya se ha producido de una cantidad similar de Palomas Rabiche en los jaulones donde estaban ubicadas.<\/div>\n<div style=\"text-align:justify;\"><\/div>\n<div style=\"text-align:justify;\">\u00a0No se entiende qu\u00e9 tipo de intereses se pueden tener para llevar a cabo un proyecto costos\u00edsimo para el cual ya se han empleado miles y miles de euros de fondos p\u00fablicos canarios, se ha solicitado un proyecto LIFE por importe superior al mill\u00f3n de euros y que incumple las directrices de la UICN respecto a este tipo de \u00bfReintroducci\u00f3n? en\u00a0 varios de sus apartados (Fundamentos, participaci\u00f3n ciudadana, etc.).<\/div>\n<div style=\"text-align:justify;\"><\/div>\n<div style=\"text-align:justify;\">Todo esto est\u00e1 sucediendo mientras desaparecen de Gran Canaria los \u00faltimos ejemplares de \u00a0Chorlitejo Patinegro debido principalmente al desmesurado \u201cDesarrollo\u201d urban\u00edstico; O los \u00faltimos cuervos que sobrevuelan el cielo de la isla, amenazados por la caza furtiva,\u00a0 envenenamiento u otro tipo de amenazas, aunque al encontrarse esta especie en el apartado de \u201cEn peligro de extinci\u00f3n\u201d en el Cat\u00e1logo de especies protegidas de Canarias, deber\u00eda contar con un Plan de Recuperaci\u00f3n.<\/div>\n<div style=\"text-align:justify;\"><\/div>\n<div style=\"text-align:justify;\">En definitiva, en caso de seguir con la muerte de ejemplares de Paloma Rabiche, (especie \u00fanica en el planeta), veto informativo o participativo, habr\u00e1 que pedir responsabilidades a los promotores de este proyecto, y no cabe en este sentido referirse solo al pol\u00edtico de turno, sino tambi\u00e9n a los t\u00e9cnicos que se empe\u00f1an en realizar el proyecto de esta manera. Tambi\u00e9n habr\u00e1 que incluir en la petici\u00f3n de responsabilidades, a las entidades (ONGs. Incluidas) que de manera directa o indirecta est\u00e9n participando o apoyando el proyecto de manera ego\u00edsta, sin importarles el veto informativo y participativo al que se somete a otras entidades conservacionistas y sobre todo la continua muerte de ejemplares de Paloma Rabiche. \u00a0Es indiscutible que un mill\u00f3n de euros da para conseguir suficientes apoyos.<\/div>\n<div style=\"text-align:justify;\"><\/div>\n<div style=\"text-align:justify;\">Resumiendo: No m\u00e1s \u201cdedocracia\u201d y s\u00ed m\u00e1s democracia por parte de las administraciones p\u00fablicas a la hora de elegir y realizar proyectos conservacionistas, sobre todo en los tiempos de crisis en que vivimos y que no son acordes con proyectos muy costosos que no est\u00e1 nada claro si se desarrollan pensando en la naturaleza canaria o en poder \u201cEnchufar\u201d al amigo t\u00e9cnico de turno.<\/div>\n<div style=\"text-align:justify;\"><\/div>\n<div style=\"text-align:justify;\">Tampoco se puede intentar justificar el proyecto en base a que tiene los permisos necesarios, tambi\u00e9n el nuevo cat\u00e1logo de especies protegidas, las prospecciones petrol\u00edferas, puerto de Granadilla, etc. cuentan con permisos\u2026<\/div>\n<div style=\"text-align:justify;\"><\/div>\n<div style=\"text-align:justify;\">\u00a0El aspecto de repoblaci\u00f3n de vegetaci\u00f3n es otro aspecto a tener en cuenta dentro del proyecto, esperemos que logremos tener acceso a la informaci\u00f3n, de momento se puede concluir en lo siguiente: \u00bf\u00c1rboles a cambio de Aves?<\/div>\n<div style=\"text-align:justify;\"><\/div>\n<div style=\"text-align:justify;\">M\u00e1s informaci\u00f3n aqu\u00ed:<\/div>\n<p style=\"text-align:justify;\"><a href=\"http:\/\/intranet.iucn.org\/webfiles\/doc\/SSC\/SSCwebsite\/Policy_statements\/Guidelines_for_re_introduction_Sp.pdf\" target=\"_blank\">IUCN\/SSC Gu\u00edas Para Reintroducciones Preparadas por el Grupo Especialista en Reintroducci\u00f3n de la Comisi\u00f3n de Supervivencia de Especies de la UICN.<\/a><\/p>\n","protected":false},"excerpt":{"rendered":"<p>Fuente:\u00a0 http:\/\/ornitologiadegrancanaria.blogspot.com.es Desde hace un tiempo a esta parte se nos ofrece informaci\u00f3n sobre un proyecto impulsado por algunas instituciones p\u00fablicas para la reintroducci\u00f3n de la Paloma Rabiche en Gran Canaria, con la promesa de que una especie antiguamente extinguida en esta isla (Incluso se aventuran a decir en qu\u00e9 \u00e9poca se extingui\u00f3) volver\u00e1 a [&hellip;]<\/p>\n","protected":false},"author":2,"featured_media":0,"comment_status":"open","ping_status":"open","sticky":false,"template":"","format":"standard","meta":{"footnotes":""},"categories":[38,41,55],"tags":[1241,1451],"class_list":["post-8526","post","type-post","status-publish","format-standard","hentry","category-fauna","category-gran-canaria","category-recursos-naturales","tag-paloma-rabiche","tag-reintroduccion"],"yoast_head":"<!-- This site is optimized with the Yoast SEO plugin v26.3 - https:\/\/yoast.com\/wordpress\/plugins\/seo\/ -->\n<title>\u00bf\u00c1RBOLES A CAMBIO DE AVES? LUCES Y SOMBRAS DEL PROYECTO DE REINTRODUCCI\u00d3N DE LA PALOMA RABICHE EN GRAN CANARIA. - Colectivo Ecologista Turcon<\/title>\n<meta name=\"robots\" content=\"index, follow, max-snippet:-1, max-image-preview:large, max-video-preview:-1\" \/>\n<link rel=\"canonical\" href=\"https:\/\/turcon.es\/wp\/arboles-a-cambio-de-aves-luces-y-sombras-del-proyecto-de-reintroduccion-de-la-paloma-rabiche-en-gran-canaria\/\" \/>\n<meta property=\"og:locale\" content=\"es_ES\" \/>\n<meta property=\"og:type\" content=\"article\" \/>\n<meta property=\"og:title\" content=\"\u00bf\u00c1RBOLES A CAMBIO DE AVES? LUCES Y SOMBRAS DEL PROYECTO DE REINTRODUCCI\u00d3N DE LA PALOMA RABICHE EN GRAN CANARIA. - Colectivo Ecologista Turcon\" \/>\n<meta property=\"og:description\" content=\"Fuente:\u00a0 http:\/\/ornitologiadegrancanaria.blogspot.com.es Desde hace un tiempo a esta parte se nos ofrece informaci\u00f3n sobre un proyecto impulsado por algunas instituciones p\u00fablicas para la reintroducci\u00f3n de la Paloma Rabiche en Gran Canaria, con la promesa de que una especie antiguamente extinguida en esta isla (Incluso se aventuran a decir en qu\u00e9 \u00e9poca se extingui\u00f3) volver\u00e1 a [&hellip;]\" \/>\n<meta property=\"og:url\" content=\"https:\/\/turcon.es\/wp\/arboles-a-cambio-de-aves-luces-y-sombras-del-proyecto-de-reintroduccion-de-la-paloma-rabiche-en-gran-canaria\/\" \/>\n<meta property=\"og:site_name\" content=\"Colectivo Ecologista Turcon\" \/>\n<meta property=\"article:published_time\" content=\"2012-06-15T09:00:21+00:00\" \/>\n<meta property=\"og:image\" content=\"https:\/\/turcon.es\/wp\/wp-content\/uploads\/2012\/06\/columba-junoniae11-1.jpg\" \/>\n\t<meta property=\"og:image:width\" content=\"419\" \/>\n\t<meta property=\"og:image:height\" content=\"398\" \/>\n\t<meta property=\"og:image:type\" content=\"image\/jpeg\" \/>\n<meta name=\"author\" content=\"Laura Fernandez\" \/>\n<meta name=\"twitter:card\" content=\"summary_large_image\" \/>\n<meta name=\"twitter:label1\" content=\"Escrito por\" \/>\n\t<meta name=\"twitter:data1\" content=\"Laura Fernandez\" \/>\n\t<meta name=\"twitter:label2\" content=\"Tiempo de lectura\" \/>\n\t<meta name=\"twitter:data2\" content=\"4 minutos\" \/>\n<script type=\"application\/ld+json\" class=\"yoast-schema-graph\">{\"@context\":\"https:\/\/schema.org\",\"@graph\":[{\"@type\":\"Article\",\"@id\":\"https:\/\/turcon.es\/wp\/arboles-a-cambio-de-aves-luces-y-sombras-del-proyecto-de-reintroduccion-de-la-paloma-rabiche-en-gran-canaria\/#article\",\"isPartOf\":{\"@id\":\"https:\/\/turcon.es\/wp\/arboles-a-cambio-de-aves-luces-y-sombras-del-proyecto-de-reintroduccion-de-la-paloma-rabiche-en-gran-canaria\/\"},\"author\":{\"name\":\"Laura Fernandez\",\"@id\":\"https:\/\/turcon.es\/wp\/#\/schema\/person\/a1f3ba727ce031d9da17684affe85edd\"},\"headline\":\"\u00bf\u00c1RBOLES A CAMBIO DE AVES? LUCES Y SOMBRAS DEL PROYECTO DE REINTRODUCCI\u00d3N DE LA PALOMA RABICHE EN GRAN CANARIA.\",\"datePublished\":\"2012-06-15T09:00:21+00:00\",\"mainEntityOfPage\":{\"@id\":\"https:\/\/turcon.es\/wp\/arboles-a-cambio-de-aves-luces-y-sombras-del-proyecto-de-reintroduccion-de-la-paloma-rabiche-en-gran-canaria\/\"},\"wordCount\":908,\"commentCount\":0,\"publisher\":{\"@id\":\"https:\/\/turcon.es\/wp\/#organization\"},\"image\":{\"@id\":\"https:\/\/turcon.es\/wp\/arboles-a-cambio-de-aves-luces-y-sombras-del-proyecto-de-reintroduccion-de-la-paloma-rabiche-en-gran-canaria\/#primaryimage\"},\"thumbnailUrl\":\"http:\/\/turcon.es\/wp\/wp-content\/uploads\/2012\/06\/columba-junoniae11.jpg\",\"keywords\":[\"Paloma rabiche\",\"Reintroducci\u00f3n\"],\"articleSection\":[\"Fauna\",\"Gran Canaria\",\"Recursos naturales\"],\"inLanguage\":\"es\",\"potentialAction\":[{\"@type\":\"CommentAction\",\"name\":\"Comment\",\"target\":[\"https:\/\/turcon.es\/wp\/arboles-a-cambio-de-aves-luces-y-sombras-del-proyecto-de-reintroduccion-de-la-paloma-rabiche-en-gran-canaria\/#respond\"]}]},{\"@type\":\"WebPage\",\"@id\":\"https:\/\/turcon.es\/wp\/arboles-a-cambio-de-aves-luces-y-sombras-del-proyecto-de-reintroduccion-de-la-paloma-rabiche-en-gran-canaria\/\",\"url\":\"https:\/\/turcon.es\/wp\/arboles-a-cambio-de-aves-luces-y-sombras-del-proyecto-de-reintroduccion-de-la-paloma-rabiche-en-gran-canaria\/\",\"name\":\"\u00bf\u00c1RBOLES A CAMBIO DE AVES? LUCES Y SOMBRAS DEL PROYECTO DE REINTRODUCCI\u00d3N DE LA PALOMA RABICHE EN GRAN CANARIA. - Colectivo Ecologista Turcon\",\"isPartOf\":{\"@id\":\"https:\/\/turcon.es\/wp\/#website\"},\"primaryImageOfPage\":{\"@id\":\"https:\/\/turcon.es\/wp\/arboles-a-cambio-de-aves-luces-y-sombras-del-proyecto-de-reintroduccion-de-la-paloma-rabiche-en-gran-canaria\/#primaryimage\"},\"image\":{\"@id\":\"https:\/\/turcon.es\/wp\/arboles-a-cambio-de-aves-luces-y-sombras-del-proyecto-de-reintroduccion-de-la-paloma-rabiche-en-gran-canaria\/#primaryimage\"},\"thumbnailUrl\":\"http:\/\/turcon.es\/wp\/wp-content\/uploads\/2012\/06\/columba-junoniae11.jpg\",\"datePublished\":\"2012-06-15T09:00:21+00:00\",\"breadcrumb\":{\"@id\":\"https:\/\/turcon.es\/wp\/arboles-a-cambio-de-aves-luces-y-sombras-del-proyecto-de-reintroduccion-de-la-paloma-rabiche-en-gran-canaria\/#breadcrumb\"},\"inLanguage\":\"es\",\"potentialAction\":[{\"@type\":\"ReadAction\",\"target\":[\"https:\/\/turcon.es\/wp\/arboles-a-cambio-de-aves-luces-y-sombras-del-proyecto-de-reintroduccion-de-la-paloma-rabiche-en-gran-canaria\/\"]}]},{\"@type\":\"ImageObject\",\"inLanguage\":\"es\",\"@id\":\"https:\/\/turcon.es\/wp\/arboles-a-cambio-de-aves-luces-y-sombras-del-proyecto-de-reintroduccion-de-la-paloma-rabiche-en-gran-canaria\/#primaryimage\",\"url\":\"http:\/\/turcon.es\/wp\/wp-content\/uploads\/2012\/06\/columba-junoniae11.jpg\",\"contentUrl\":\"http:\/\/turcon.es\/wp\/wp-content\/uploads\/2012\/06\/columba-junoniae11.jpg\"},{\"@type\":\"BreadcrumbList\",\"@id\":\"https:\/\/turcon.es\/wp\/arboles-a-cambio-de-aves-luces-y-sombras-del-proyecto-de-reintroduccion-de-la-paloma-rabiche-en-gran-canaria\/#breadcrumb\",\"itemListElement\":[{\"@type\":\"ListItem\",\"position\":1,\"name\":\"Portada\",\"item\":\"https:\/\/turcon.es\/wp\/\"},{\"@type\":\"ListItem\",\"position\":2,\"name\":\"\u00bf\u00c1RBOLES A CAMBIO DE AVES? LUCES Y SOMBRAS DEL PROYECTO DE REINTRODUCCI\u00d3N DE LA PALOMA RABICHE EN GRAN CANARIA.\"}]},{\"@type\":\"WebSite\",\"@id\":\"https:\/\/turcon.es\/wp\/#website\",\"url\":\"https:\/\/turcon.es\/wp\/\",\"name\":\"Colectivo Ecologista Turcon\",\"description\":\"\",\"publisher\":{\"@id\":\"https:\/\/turcon.es\/wp\/#organization\"},\"potentialAction\":[{\"@type\":\"SearchAction\",\"target\":{\"@type\":\"EntryPoint\",\"urlTemplate\":\"https:\/\/turcon.es\/wp\/?s={search_term_string}\"},\"query-input\":{\"@type\":\"PropertyValueSpecification\",\"valueRequired\":true,\"valueName\":\"search_term_string\"}}],\"inLanguage\":\"es\"},{\"@type\":\"Organization\",\"@id\":\"https:\/\/turcon.es\/wp\/#organization\",\"name\":\"Colectivo Ecologista Turcon\",\"url\":\"https:\/\/turcon.es\/wp\/\",\"logo\":{\"@type\":\"ImageObject\",\"inLanguage\":\"es\",\"@id\":\"https:\/\/turcon.es\/wp\/#\/schema\/logo\/image\/\",\"url\":\"https:\/\/turcon.es\/wp\/wp-content\/uploads\/2025\/03\/logo-verde.svg\",\"contentUrl\":\"https:\/\/turcon.es\/wp\/wp-content\/uploads\/2025\/03\/logo-verde.svg\",\"width\":813,\"height\":813,\"caption\":\"Colectivo Ecologista Turcon\"},\"image\":{\"@id\":\"https:\/\/turcon.es\/wp\/#\/schema\/logo\/image\/\"}},{\"@type\":\"Person\",\"@id\":\"https:\/\/turcon.es\/wp\/#\/schema\/person\/a1f3ba727ce031d9da17684affe85edd\",\"name\":\"Laura Fernandez\",\"image\":{\"@type\":\"ImageObject\",\"inLanguage\":\"es\",\"@id\":\"https:\/\/turcon.es\/wp\/#\/schema\/person\/image\/\",\"url\":\"https:\/\/secure.gravatar.com\/avatar\/360749af9549af22e54582d50231ae56e854210ae2368797ba242f445a9852e8?s=96&d=mm&r=g\",\"contentUrl\":\"https:\/\/secure.gravatar.com\/avatar\/360749af9549af22e54582d50231ae56e854210ae2368797ba242f445a9852e8?s=96&d=mm&r=g\",\"caption\":\"Laura Fernandez\"},\"url\":\"https:\/\/turcon.es\/wp\/author\/admturcon\/\"}]}<\/script>\n<!-- \/ Yoast SEO plugin. -->","yoast_head_json":{"title":"\u00bf\u00c1RBOLES A CAMBIO DE AVES? LUCES Y SOMBRAS DEL PROYECTO DE REINTRODUCCI\u00d3N DE LA PALOMA RABICHE EN GRAN CANARIA. - Colectivo Ecologista Turcon","robots":{"index":"index","follow":"follow","max-snippet":"max-snippet:-1","max-image-preview":"max-image-preview:large","max-video-preview":"max-video-preview:-1"},"canonical":"https:\/\/turcon.es\/wp\/arboles-a-cambio-de-aves-luces-y-sombras-del-proyecto-de-reintroduccion-de-la-paloma-rabiche-en-gran-canaria\/","og_locale":"es_ES","og_type":"article","og_title":"\u00bf\u00c1RBOLES A CAMBIO DE AVES? LUCES Y SOMBRAS DEL PROYECTO DE REINTRODUCCI\u00d3N DE LA PALOMA RABICHE EN GRAN CANARIA. - Colectivo Ecologista Turcon","og_description":"Fuente:\u00a0 http:\/\/ornitologiadegrancanaria.blogspot.com.es Desde hace un tiempo a esta parte se nos ofrece informaci\u00f3n sobre un proyecto impulsado por algunas instituciones p\u00fablicas para la reintroducci\u00f3n de la Paloma Rabiche en Gran Canaria, con la promesa de que una especie antiguamente extinguida en esta isla (Incluso se aventuran a decir en qu\u00e9 \u00e9poca se extingui\u00f3) volver\u00e1 a [&hellip;]","og_url":"https:\/\/turcon.es\/wp\/arboles-a-cambio-de-aves-luces-y-sombras-del-proyecto-de-reintroduccion-de-la-paloma-rabiche-en-gran-canaria\/","og_site_name":"Colectivo Ecologista Turcon","article_published_time":"2012-06-15T09:00:21+00:00","og_image":[{"width":419,"height":398,"url":"https:\/\/turcon.es\/wp\/wp-content\/uploads\/2012\/06\/columba-junoniae11-1.jpg","type":"image\/jpeg"}],"author":"Laura Fernandez","twitter_card":"summary_large_image","twitter_misc":{"Escrito por":"Laura Fernandez","Tiempo de lectura":"4 minutos"},"schema":{"@context":"https:\/\/schema.org","@graph":[{"@type":"Article","@id":"https:\/\/turcon.es\/wp\/arboles-a-cambio-de-aves-luces-y-sombras-del-proyecto-de-reintroduccion-de-la-paloma-rabiche-en-gran-canaria\/#article","isPartOf":{"@id":"https:\/\/turcon.es\/wp\/arboles-a-cambio-de-aves-luces-y-sombras-del-proyecto-de-reintroduccion-de-la-paloma-rabiche-en-gran-canaria\/"},"author":{"name":"Laura Fernandez","@id":"https:\/\/turcon.es\/wp\/#\/schema\/person\/a1f3ba727ce031d9da17684affe85edd"},"headline":"\u00bf\u00c1RBOLES A CAMBIO DE AVES? LUCES Y SOMBRAS DEL PROYECTO DE REINTRODUCCI\u00d3N DE LA PALOMA RABICHE EN GRAN CANARIA.","datePublished":"2012-06-15T09:00:21+00:00","mainEntityOfPage":{"@id":"https:\/\/turcon.es\/wp\/arboles-a-cambio-de-aves-luces-y-sombras-del-proyecto-de-reintroduccion-de-la-paloma-rabiche-en-gran-canaria\/"},"wordCount":908,"commentCount":0,"publisher":{"@id":"https:\/\/turcon.es\/wp\/#organization"},"image":{"@id":"https:\/\/turcon.es\/wp\/arboles-a-cambio-de-aves-luces-y-sombras-del-proyecto-de-reintroduccion-de-la-paloma-rabiche-en-gran-canaria\/#primaryimage"},"thumbnailUrl":"http:\/\/turcon.es\/wp\/wp-content\/uploads\/2012\/06\/columba-junoniae11.jpg","keywords":["Paloma rabiche","Reintroducci\u00f3n"],"articleSection":["Fauna","Gran Canaria","Recursos naturales"],"inLanguage":"es","potentialAction":[{"@type":"CommentAction","name":"Comment","target":["https:\/\/turcon.es\/wp\/arboles-a-cambio-de-aves-luces-y-sombras-del-proyecto-de-reintroduccion-de-la-paloma-rabiche-en-gran-canaria\/#respond"]}]},{"@type":"WebPage","@id":"https:\/\/turcon.es\/wp\/arboles-a-cambio-de-aves-luces-y-sombras-del-proyecto-de-reintroduccion-de-la-paloma-rabiche-en-gran-canaria\/","url":"https:\/\/turcon.es\/wp\/arboles-a-cambio-de-aves-luces-y-sombras-del-proyecto-de-reintroduccion-de-la-paloma-rabiche-en-gran-canaria\/","name":"\u00bf\u00c1RBOLES A CAMBIO DE AVES? LUCES Y SOMBRAS DEL PROYECTO DE REINTRODUCCI\u00d3N DE LA PALOMA RABICHE EN GRAN CANARIA. - Colectivo Ecologista Turcon","isPartOf":{"@id":"https:\/\/turcon.es\/wp\/#website"},"primaryImageOfPage":{"@id":"https:\/\/turcon.es\/wp\/arboles-a-cambio-de-aves-luces-y-sombras-del-proyecto-de-reintroduccion-de-la-paloma-rabiche-en-gran-canaria\/#primaryimage"},"image":{"@id":"https:\/\/turcon.es\/wp\/arboles-a-cambio-de-aves-luces-y-sombras-del-proyecto-de-reintroduccion-de-la-paloma-rabiche-en-gran-canaria\/#primaryimage"},"thumbnailUrl":"http:\/\/turcon.es\/wp\/wp-content\/uploads\/2012\/06\/columba-junoniae11.jpg","datePublished":"2012-06-15T09:00:21+00:00","breadcrumb":{"@id":"https:\/\/turcon.es\/wp\/arboles-a-cambio-de-aves-luces-y-sombras-del-proyecto-de-reintroduccion-de-la-paloma-rabiche-en-gran-canaria\/#breadcrumb"},"inLanguage":"es","potentialAction":[{"@type":"ReadAction","target":["https:\/\/turcon.es\/wp\/arboles-a-cambio-de-aves-luces-y-sombras-del-proyecto-de-reintroduccion-de-la-paloma-rabiche-en-gran-canaria\/"]}]},{"@type":"ImageObject","inLanguage":"es","@id":"https:\/\/turcon.es\/wp\/arboles-a-cambio-de-aves-luces-y-sombras-del-proyecto-de-reintroduccion-de-la-paloma-rabiche-en-gran-canaria\/#primaryimage","url":"http:\/\/turcon.es\/wp\/wp-content\/uploads\/2012\/06\/columba-junoniae11.jpg","contentUrl":"http:\/\/turcon.es\/wp\/wp-content\/uploads\/2012\/06\/columba-junoniae11.jpg"},{"@type":"BreadcrumbList","@id":"https:\/\/turcon.es\/wp\/arboles-a-cambio-de-aves-luces-y-sombras-del-proyecto-de-reintroduccion-de-la-paloma-rabiche-en-gran-canaria\/#breadcrumb","itemListElement":[{"@type":"ListItem","position":1,"name":"Portada","item":"https:\/\/turcon.es\/wp\/"},{"@type":"ListItem","position":2,"name":"\u00bf\u00c1RBOLES A CAMBIO DE AVES? LUCES Y SOMBRAS DEL PROYECTO DE REINTRODUCCI\u00d3N DE LA PALOMA RABICHE EN GRAN CANARIA."}]},{"@type":"WebSite","@id":"https:\/\/turcon.es\/wp\/#website","url":"https:\/\/turcon.es\/wp\/","name":"Colectivo Ecologista Turcon","description":"","publisher":{"@id":"https:\/\/turcon.es\/wp\/#organization"},"potentialAction":[{"@type":"SearchAction","target":{"@type":"EntryPoint","urlTemplate":"https:\/\/turcon.es\/wp\/?s={search_term_string}"},"query-input":{"@type":"PropertyValueSpecification","valueRequired":true,"valueName":"search_term_string"}}],"inLanguage":"es"},{"@type":"Organization","@id":"https:\/\/turcon.es\/wp\/#organization","name":"Colectivo Ecologista Turcon","url":"https:\/\/turcon.es\/wp\/","logo":{"@type":"ImageObject","inLanguage":"es","@id":"https:\/\/turcon.es\/wp\/#\/schema\/logo\/image\/","url":"https:\/\/turcon.es\/wp\/wp-content\/uploads\/2025\/03\/logo-verde.svg","contentUrl":"https:\/\/turcon.es\/wp\/wp-content\/uploads\/2025\/03\/logo-verde.svg","width":813,"height":813,"caption":"Colectivo Ecologista Turcon"},"image":{"@id":"https:\/\/turcon.es\/wp\/#\/schema\/logo\/image\/"}},{"@type":"Person","@id":"https:\/\/turcon.es\/wp\/#\/schema\/person\/a1f3ba727ce031d9da17684affe85edd","name":"Laura Fernandez","image":{"@type":"ImageObject","inLanguage":"es","@id":"https:\/\/turcon.es\/wp\/#\/schema\/person\/image\/","url":"https:\/\/secure.gravatar.com\/avatar\/360749af9549af22e54582d50231ae56e854210ae2368797ba242f445a9852e8?s=96&d=mm&r=g","contentUrl":"https:\/\/secure.gravatar.com\/avatar\/360749af9549af22e54582d50231ae56e854210ae2368797ba242f445a9852e8?s=96&d=mm&r=g","caption":"Laura Fernandez"},"url":"https:\/\/turcon.es\/wp\/author\/admturcon\/"}]}},"_links":{"self":[{"href":"https:\/\/turcon.es\/wp\/wp-json\/wp\/v2\/posts\/8526","targetHints":{"allow":["GET"]}}],"collection":[{"href":"https:\/\/turcon.es\/wp\/wp-json\/wp\/v2\/posts"}],"about":[{"href":"https:\/\/turcon.es\/wp\/wp-json\/wp\/v2\/types\/post"}],"author":[{"embeddable":true,"href":"https:\/\/turcon.es\/wp\/wp-json\/wp\/v2\/users\/2"}],"replies":[{"embeddable":true,"href":"https:\/\/turcon.es\/wp\/wp-json\/wp\/v2\/comments?post=8526"}],"version-history":[{"count":0,"href":"https:\/\/turcon.es\/wp\/wp-json\/wp\/v2\/posts\/8526\/revisions"}],"wp:attachment":[{"href":"https:\/\/turcon.es\/wp\/wp-json\/wp\/v2\/media?parent=8526"}],"wp:term":[{"taxonomy":"category","embeddable":true,"href":"https:\/\/turcon.es\/wp\/wp-json\/wp\/v2\/categories?post=8526"},{"taxonomy":"post_tag","embeddable":true,"href":"https:\/\/turcon.es\/wp\/wp-json\/wp\/v2\/tags?post=8526"}],"curies":[{"name":"wp","href":"https:\/\/api.w.org\/{rel}","templated":true}]}}